{"id":19337,"date":"2025-02-20T09:33:21","date_gmt":"2025-02-20T08:33:21","guid":{"rendered":"https:\/\/montecarloliving.com\/?p=19337"},"modified":"2025-02-20T09:33:21","modified_gmt":"2025-02-20T08:33:21","slug":"13eme-monte-carlo-fashion-week","status":"publish","type":"post","link":"https:\/\/montecarloliving.com\/fr\/evenements\/13eme-monte-carlo-fashion-week-19337\/","title":{"rendered":"La 13\u00e8me Monte-Carlo Fashion Week"},"content":{"rendered":"<p><strong>Monte-Carlo Fashion Week (MCFW)<\/strong>, l&rsquo;\u00e9v\u00e9nement mode officiel de la Principaut\u00e9 de Monaco, revient riche en nouveaut\u00e9s et avec un accent de plus en plus international. La treizi\u00e8me \u00e9dition se d\u00e9roulera du <strong>22 au 26 avril 2025<\/strong>, d\u00e9voilant les collections<br \/>\nresort, croisi\u00e8re et capsule.<\/p>\n<p>L&rsquo;\u00e9v\u00e9nement gagne en prestige d&rsquo;ann\u00e9e en ann\u00e9e gr\u00e2ce \u00e0 un riche calendrier o\u00f9 d\u00e9fil\u00e9s de mode et pr\u00e9sentations des cr\u00e9ateurs se conjuguent avec des moments de r\u00e9flexion importants sur les principaux th\u00e8mes li\u00e9s \u00e0 la circularit\u00e9, \u00e0 la durabilit\u00e9, \u00e0 l&rsquo;inclusion et \u00e0 la diversit\u00e9.<\/p>\n<p><em>\u00ab\u00a0Nous sommes fiers de soutenir les marques mon\u00e9gasques tout en offrant aux cr\u00e9ateurs et personnalit\u00e9s de la mode internationale la Principaut\u00e9 de Monaco comme plateforme prestigieuse pour pr\u00e9senter leurs collections et pour discuter de l&rsquo;importance de la mode durable et circulaire\u00a0\u00bb<\/em>, a d\u00e9clar\u00e9 Federica Nardoni Spinetta, Pr\u00e9sidente et Fondatrice de la Chambre Mon\u00e9gasque de la Mode et de la Monte-Carlo Fashion Week.<\/p>\n<p>Dans les \u00e9ditions pr\u00e9c\u00e9dentes, la Monte-Carlo Fashion Week a vu la participation de marques et de personnalit\u00e9s telles que Naomi Campbell, Eva Longoria, Chiara Ferragni, Alberta Ferretti, Dolce &amp; Gabbana, Tommy Hilfiger, Etro, Vivienne Westwood, Ermanno Scervino, Fausto Puglisi x Roberto Cavalli, Rahul Mishra, Stella Jean, Philipp Plein, Genny, Chiara Boni, Federico Marchetti, Marco Bizzarri, Brunello Cucinelli, Central Saint Martins.<\/p>\n<p>Suite \u00e0 l&rsquo;ouverture institutionnelle \u00e0 la Mairie de Monaco, l&rsquo;\u00e9v\u00e9nement se d\u00e9placera dans le cadre exclusif du Yacht Club de Monaco, o\u00f9 Elisabetta Franchi ouvrira les podiums avec la collection Eternal, apportant sa vision de la beaut\u00e9 intemporelle, sublimant l&rsquo;artisanat italien, le culte de la tradition et une avant-garde avec une attitude intemporelle et un style incomparable.<br \/>\n\u00c0 suivre sur le podium, les marques mon\u00e9gasques et internationales se succ\u00e8deront.<\/p>\n<p>Tr\u00e8s attendu le d\u00e9fil\u00e9 de la maison Roberto Cavalli, qui d\u00e9voilera sa collection Couture \u00e0 un parterres de VIP et de c\u00e9l\u00e9brit\u00e9s. Des cr\u00e9ations extraordinaires, fruit d&rsquo;un travail impeccable avec des tissus et des broderies pr\u00e9cieux, qui prendront vie gr\u00e2ce au savoir-faire intemporel des \u00ab <em>Premi\u00e8res<\/em> \u00bb de l&rsquo;atelier de la maison.<\/p>\n<p>Le point culminant de l&rsquo;\u00e9v\u00e9nement sera la C\u00e9r\u00e9monie des MCFW Fashion Awards, qui f\u00eatera son dixi\u00e8me anniversaire, dans laquelle seront prim\u00e9s les cr\u00e9ateurs et personnalit\u00e9s de la mode qui se sont distingu\u00e9es par leur vision \u00e9thique et innovante.<\/p>\n<p>Le Fashion Hub accueillera des pr\u00e9sentations, conf\u00e9rences et le Symposium Mode.<\/p>\n","protected":false},"excerpt":{"rendered":"<p>Monte-Carlo Fashion Week (MCFW), l&rsquo;\u00e9v\u00e9nement mode officiel de la Principaut\u00e9 de Monaco, revient riche en nouveaut\u00e9s et avec un accent de plus en plus international. La treizi\u00e8me \u00e9dition se d\u00e9roulera du 22 au 26 avril 2025, d\u00e9voilant les collections resort, croisi\u00e8re et capsule. L&rsquo;\u00e9v\u00e9nement [&hellip;]<\/p>\n","protected":false},"author":1,"featured_media":19338,"comment_status":"closed","ping_status":"closed","sticky":false,"template":"","format":"standard","meta":{"footnotes":""},"categories":[827,828,872,867],"tags":[],"class_list":["post-19337","post","type-post","status-publish","format-standard","has-post-thumbnail","hentry","category-actualite","category-evenements","category-lifestyle-fr","category-monaco-fr"],"yoast_head":"<!-- This site is optimized with the Yoast SEO plugin v27.4 - https:\/\/yoast.com\/product\/yoast-seo-wordpress\/ -->\n<title>La 13\u00e8me Monte-Carlo Fashion Week<\/title>\n<meta name=\"description\" content=\"Monte-Carlo Fashion Week (MCFW), l&#039;\u00e9v\u00e9nement mode officiel de la Principaut\u00e9 de Monaco, revient riche en nouveaut\u00e9s et avec un accent de plus en plus La 13\u00e8me Monte-Carlo Fashion Week\" \/>\n<meta name=\"robots\" content=\"index, follow, max-snippet:-1, max-image-preview:large, max-video-preview:-1\" \/>\n<link rel=\"canonical\" href=\"https:\/\/montecarloliving.com\/fr\/evenements\/13eme-monte-carlo-fashion-week-19337\/\" \/>\n<meta property=\"og:locale\" content=\"fr_FR\" \/>\n<meta property=\"og:title\" content=\"La 13\u00e8me Monte-Carlo Fashion Week\" \/>\n<meta property=\"og:description\" content=\"Monte-Carlo Fashion Week (MCFW), l&#039;\u00e9v\u00e9nement mode officiel de la Principaut\u00e9 de Monaco, revient riche en nouveaut\u00e9s et avec un accent de plus en plus La 13\u00e8me Monte-Carlo Fashion Week\" \/>\n<meta property=\"og:url\" content=\"https:\/\/montecarloliving.com\/fr\/evenements\/13eme-monte-carlo-fashion-week-19337\/\" \/>\n<meta property=\"og:site_name\" content=\"Montecarlo Living\" \/>\n<meta property=\"article:publisher\" content=\"https:\/\/www.facebook.com\/montecarlolivingcom\/\" \/>\n<meta property=\"article:published_time\" content=\"2025-02-20T08:33:21+00:00\" \/>\n<meta property=\"og:image\" content=\"https:\/\/montecarloliving.com\/wp-content\/uploads\/2025\/02\/Monte-Carlo-Fashion-Week-MCFW-650x400.jpg\" \/>\n\t<meta property=\"og:image:width\" content=\"650\" \/>\n\t<meta property=\"og:image:height\" content=\"400\" \/>\n\t<meta property=\"og:image:type\" content=\"image\/jpeg\" \/>\n<meta name=\"author\" content=\"Redazione\" \/>\n<meta name=\"twitter:card\" content=\"summary_large_image\" \/>\n<meta name=\"twitter:creator\" content=\"@MonteCarloLivi\" \/>\n<meta name=\"twitter:site\" content=\"@MonteCarloLivi\" \/>\n<meta name=\"twitter:label1\" content=\"\u00c9crit par\" \/>\n\t<meta name=\"twitter:data1\" content=\"Redazione\" \/>\n\t<meta name=\"twitter:label2\" content=\"Dur\u00e9e de lecture estim\u00e9e\" \/>\n\t<meta name=\"twitter:data2\" content=\"3 minutes\" \/>\n<script type=\"application\/ld+json\" class=\"yoast-schema-graph\">{\"@context\":\"https:\\\/\\\/schema.org\",\"@graph\":[{\"@type\":\"Article\",\"@id\":\"https:\\\/\\\/montecarloliving.com\\\/fr\\\/evenements\\\/13eme-monte-carlo-fashion-week-19337\\\/#article\",\"isPartOf\":{\"@id\":\"https:\\\/\\\/montecarloliving.com\\\/fr\\\/evenements\\\/13eme-monte-carlo-fashion-week-19337\\\/\"},\"author\":{\"name\":\"Redazione\",\"@id\":\"https:\\\/\\\/montecarloliving.com\\\/fr\\\/#\\\/schema\\\/person\\\/7e5945d4560862b7f2d2c6831bda2819\"},\"headline\":\"La 13\u00e8me Monte-Carlo Fashion Week\",\"datePublished\":\"2025-02-20T08:33:21+00:00\",\"mainEntityOfPage\":{\"@id\":\"https:\\\/\\\/montecarloliving.com\\\/fr\\\/evenements\\\/13eme-monte-carlo-fashion-week-19337\\\/\"},\"wordCount\":434,\"image\":{\"@id\":\"https:\\\/\\\/montecarloliving.com\\\/fr\\\/evenements\\\/13eme-monte-carlo-fashion-week-19337\\\/#primaryimage\"},\"thumbnailUrl\":\"https:\\\/\\\/montecarloliving.com\\\/wp-content\\\/uploads\\\/2025\\\/02\\\/Monte-Carlo-Fashion-Week-MCFW.jpg\",\"articleSection\":[\"Actualit\u00e9\",\"\u00c9v\u00e9nements\",\"Lifestyle\",\"Monaco\"],\"inLanguage\":\"fr-FR\"},{\"@type\":\"WebPage\",\"@id\":\"https:\\\/\\\/montecarloliving.com\\\/fr\\\/evenements\\\/13eme-monte-carlo-fashion-week-19337\\\/\",\"url\":\"https:\\\/\\\/montecarloliving.com\\\/fr\\\/evenements\\\/13eme-monte-carlo-fashion-week-19337\\\/\",\"name\":\"La 13\u00e8me Monte-Carlo Fashion Week\",\"isPartOf\":{\"@id\":\"https:\\\/\\\/montecarloliving.com\\\/fr\\\/#website\"},\"primaryImageOfPage\":{\"@id\":\"https:\\\/\\\/montecarloliving.com\\\/fr\\\/evenements\\\/13eme-monte-carlo-fashion-week-19337\\\/#primaryimage\"},\"image\":{\"@id\":\"https:\\\/\\\/montecarloliving.com\\\/fr\\\/evenements\\\/13eme-monte-carlo-fashion-week-19337\\\/#primaryimage\"},\"thumbnailUrl\":\"https:\\\/\\\/montecarloliving.com\\\/wp-content\\\/uploads\\\/2025\\\/02\\\/Monte-Carlo-Fashion-Week-MCFW.jpg\",\"datePublished\":\"2025-02-20T08:33:21+00:00\",\"author\":{\"@id\":\"https:\\\/\\\/montecarloliving.com\\\/fr\\\/#\\\/schema\\\/person\\\/7e5945d4560862b7f2d2c6831bda2819\"},\"description\":\"Monte-Carlo Fashion Week (MCFW), l'\u00e9v\u00e9nement mode officiel de la Principaut\u00e9 de Monaco, revient riche en nouveaut\u00e9s et avec un accent de plus en plus La 13\u00e8me Monte-Carlo Fashion Week\",\"breadcrumb\":{\"@id\":\"https:\\\/\\\/montecarloliving.com\\\/fr\\\/evenements\\\/13eme-monte-carlo-fashion-week-19337\\\/#breadcrumb\"},\"inLanguage\":\"fr-FR\",\"potentialAction\":[{\"@type\":\"ReadAction\",\"target\":[\"https:\\\/\\\/montecarloliving.com\\\/fr\\\/evenements\\\/13eme-monte-carlo-fashion-week-19337\\\/\"]}]},{\"@type\":\"ImageObject\",\"inLanguage\":\"fr-FR\",\"@id\":\"https:\\\/\\\/montecarloliving.com\\\/fr\\\/evenements\\\/13eme-monte-carlo-fashion-week-19337\\\/#primaryimage\",\"url\":\"https:\\\/\\\/montecarloliving.com\\\/wp-content\\\/uploads\\\/2025\\\/02\\\/Monte-Carlo-Fashion-Week-MCFW.jpg\",\"contentUrl\":\"https:\\\/\\\/montecarloliving.com\\\/wp-content\\\/uploads\\\/2025\\\/02\\\/Monte-Carlo-Fashion-Week-MCFW.jpg\",\"width\":1121,\"height\":738,\"caption\":\"Screenshot\"},{\"@type\":\"BreadcrumbList\",\"@id\":\"https:\\\/\\\/montecarloliving.com\\\/fr\\\/evenements\\\/13eme-monte-carlo-fashion-week-19337\\\/#breadcrumb\",\"itemListElement\":[{\"@type\":\"ListItem\",\"position\":1,\"name\":\"Home\",\"item\":\"https:\\\/\\\/montecarloliving.com\\\/fr\\\/\"},{\"@type\":\"ListItem\",\"position\":2,\"name\":\"La 13\u00e8me Monte-Carlo Fashion Week\"}]},{\"@type\":\"WebSite\",\"@id\":\"https:\\\/\\\/montecarloliving.com\\\/fr\\\/#website\",\"url\":\"https:\\\/\\\/montecarloliving.com\\\/fr\\\/\",\"name\":\"Montecarlo Living\",\"description\":\"News da Montecarlo - Principato di Monaco e Costa Azzurra\",\"potentialAction\":[{\"@type\":\"SearchAction\",\"target\":{\"@type\":\"EntryPoint\",\"urlTemplate\":\"https:\\\/\\\/montecarloliving.com\\\/fr\\\/?s={search_term_string}\"},\"query-input\":{\"@type\":\"PropertyValueSpecification\",\"valueRequired\":true,\"valueName\":\"search_term_string\"}}],\"inLanguage\":\"fr-FR\"},{\"@type\":\"Person\",\"@id\":\"https:\\\/\\\/montecarloliving.com\\\/fr\\\/#\\\/schema\\\/person\\\/7e5945d4560862b7f2d2c6831bda2819\",\"name\":\"Redazione\",\"image\":{\"@type\":\"ImageObject\",\"inLanguage\":\"fr-FR\",\"@id\":\"https:\\\/\\\/secure.gravatar.com\\\/avatar\\\/8b5f26557e18fe74ad8e8a57ebb2925d88af8a90cee489ff2beefb391bc9b9c7?s=96&d=mm&r=g\",\"url\":\"https:\\\/\\\/secure.gravatar.com\\\/avatar\\\/8b5f26557e18fe74ad8e8a57ebb2925d88af8a90cee489ff2beefb391bc9b9c7?s=96&d=mm&r=g\",\"contentUrl\":\"https:\\\/\\\/secure.gravatar.com\\\/avatar\\\/8b5f26557e18fe74ad8e8a57ebb2925d88af8a90cee489ff2beefb391bc9b9c7?s=96&d=mm&r=g\",\"caption\":\"Redazione\"}}]}<\/script>\n<!-- \/ Yoast SEO plugin. -->","yoast_head_json":{"title":"La 13\u00e8me Monte-Carlo Fashion Week","description":"Monte-Carlo Fashion Week (MCFW), l'\u00e9v\u00e9nement mode officiel de la Principaut\u00e9 de Monaco, revient riche en nouveaut\u00e9s et avec un accent de plus en plus La 13\u00e8me Monte-Carlo Fashion Week","robots":{"index":"index","follow":"follow","max-snippet":"max-snippet:-1","max-image-preview":"max-image-preview:large","max-video-preview":"max-video-preview:-1"},"canonical":"https:\/\/montecarloliving.com\/fr\/evenements\/13eme-monte-carlo-fashion-week-19337\/","og_locale":"fr_FR","og_title":"La 13\u00e8me Monte-Carlo Fashion Week","og_description":"Monte-Carlo Fashion Week (MCFW), l'\u00e9v\u00e9nement mode officiel de la Principaut\u00e9 de Monaco, revient riche en nouveaut\u00e9s et avec un accent de plus en plus La 13\u00e8me Monte-Carlo Fashion Week","og_url":"https:\/\/montecarloliving.com\/fr\/evenements\/13eme-monte-carlo-fashion-week-19337\/","og_site_name":"Montecarlo Living","article_publisher":"https:\/\/www.facebook.com\/montecarlolivingcom\/","article_published_time":"2025-02-20T08:33:21+00:00","og_image":[{"width":650,"height":400,"url":"https:\/\/montecarloliving.com\/wp-content\/uploads\/2025\/02\/Monte-Carlo-Fashion-Week-MCFW-650x400.jpg","type":"image\/jpeg"}],"author":"Redazione","twitter_card":"summary_large_image","twitter_creator":"@MonteCarloLivi","twitter_site":"@MonteCarloLivi","twitter_misc":{"\u00c9crit par":"Redazione","Dur\u00e9e de lecture estim\u00e9e":"3 minutes"},"schema":{"@context":"https:\/\/schema.org","@graph":[{"@type":"Article","@id":"https:\/\/montecarloliving.com\/fr\/evenements\/13eme-monte-carlo-fashion-week-19337\/#article","isPartOf":{"@id":"https:\/\/montecarloliving.com\/fr\/evenements\/13eme-monte-carlo-fashion-week-19337\/"},"author":{"name":"Redazione","@id":"https:\/\/montecarloliving.com\/fr\/#\/schema\/person\/7e5945d4560862b7f2d2c6831bda2819"},"headline":"La 13\u00e8me Monte-Carlo Fashion Week","datePublished":"2025-02-20T08:33:21+00:00","mainEntityOfPage":{"@id":"https:\/\/montecarloliving.com\/fr\/evenements\/13eme-monte-carlo-fashion-week-19337\/"},"wordCount":434,"image":{"@id":"https:\/\/montecarloliving.com\/fr\/evenements\/13eme-monte-carlo-fashion-week-19337\/#primaryimage"},"thumbnailUrl":"https:\/\/montecarloliving.com\/wp-content\/uploads\/2025\/02\/Monte-Carlo-Fashion-Week-MCFW.jpg","articleSection":["Actualit\u00e9","\u00c9v\u00e9nements","Lifestyle","Monaco"],"inLanguage":"fr-FR"},{"@type":"WebPage","@id":"https:\/\/montecarloliving.com\/fr\/evenements\/13eme-monte-carlo-fashion-week-19337\/","url":"https:\/\/montecarloliving.com\/fr\/evenements\/13eme-monte-carlo-fashion-week-19337\/","name":"La 13\u00e8me Monte-Carlo Fashion Week","isPartOf":{"@id":"https:\/\/montecarloliving.com\/fr\/#website"},"primaryImageOfPage":{"@id":"https:\/\/montecarloliving.com\/fr\/evenements\/13eme-monte-carlo-fashion-week-19337\/#primaryimage"},"image":{"@id":"https:\/\/montecarloliving.com\/fr\/evenements\/13eme-monte-carlo-fashion-week-19337\/#primaryimage"},"thumbnailUrl":"https:\/\/montecarloliving.com\/wp-content\/uploads\/2025\/02\/Monte-Carlo-Fashion-Week-MCFW.jpg","datePublished":"2025-02-20T08:33:21+00:00","author":{"@id":"https:\/\/montecarloliving.com\/fr\/#\/schema\/person\/7e5945d4560862b7f2d2c6831bda2819"},"description":"Monte-Carlo Fashion Week (MCFW), l'\u00e9v\u00e9nement mode officiel de la Principaut\u00e9 de Monaco, revient riche en nouveaut\u00e9s et avec un accent de plus en plus La 13\u00e8me Monte-Carlo Fashion Week","breadcrumb":{"@id":"https:\/\/montecarloliving.com\/fr\/evenements\/13eme-monte-carlo-fashion-week-19337\/#breadcrumb"},"inLanguage":"fr-FR","potentialAction":[{"@type":"ReadAction","target":["https:\/\/montecarloliving.com\/fr\/evenements\/13eme-monte-carlo-fashion-week-19337\/"]}]},{"@type":"ImageObject","inLanguage":"fr-FR","@id":"https:\/\/montecarloliving.com\/fr\/evenements\/13eme-monte-carlo-fashion-week-19337\/#primaryimage","url":"https:\/\/montecarloliving.com\/wp-content\/uploads\/2025\/02\/Monte-Carlo-Fashion-Week-MCFW.jpg","contentUrl":"https:\/\/montecarloliving.com\/wp-content\/uploads\/2025\/02\/Monte-Carlo-Fashion-Week-MCFW.jpg","width":1121,"height":738,"caption":"Screenshot"},{"@type":"BreadcrumbList","@id":"https:\/\/montecarloliving.com\/fr\/evenements\/13eme-monte-carlo-fashion-week-19337\/#breadcrumb","itemListElement":[{"@type":"ListItem","position":1,"name":"Home","item":"https:\/\/montecarloliving.com\/fr\/"},{"@type":"ListItem","position":2,"name":"La 13\u00e8me Monte-Carlo Fashion Week"}]},{"@type":"WebSite","@id":"https:\/\/montecarloliving.com\/fr\/#website","url":"https:\/\/montecarloliving.com\/fr\/","name":"Montecarlo Living","description":"News da Montecarlo - Principato di Monaco e Costa Azzurra","potentialAction":[{"@type":"SearchAction","target":{"@type":"EntryPoint","urlTemplate":"https:\/\/montecarloliving.com\/fr\/?s={search_term_string}"},"query-input":{"@type":"PropertyValueSpecification","valueRequired":true,"valueName":"search_term_string"}}],"inLanguage":"fr-FR"},{"@type":"Person","@id":"https:\/\/montecarloliving.com\/fr\/#\/schema\/person\/7e5945d4560862b7f2d2c6831bda2819","name":"Redazione","image":{"@type":"ImageObject","inLanguage":"fr-FR","@id":"https:\/\/secure.gravatar.com\/avatar\/8b5f26557e18fe74ad8e8a57ebb2925d88af8a90cee489ff2beefb391bc9b9c7?s=96&d=mm&r=g","url":"https:\/\/secure.gravatar.com\/avatar\/8b5f26557e18fe74ad8e8a57ebb2925d88af8a90cee489ff2beefb391bc9b9c7?s=96&d=mm&r=g","contentUrl":"https:\/\/secure.gravatar.com\/avatar\/8b5f26557e18fe74ad8e8a57ebb2925d88af8a90cee489ff2beefb391bc9b9c7?s=96&d=mm&r=g","caption":"Redazione"}}]}},"_links":{"self":[{"href":"https:\/\/montecarloliving.com\/fr\/wp-json\/wp\/v2\/posts\/19337","targetHints":{"allow":["GET"]}}],"collection":[{"href":"https:\/\/montecarloliving.com\/fr\/wp-json\/wp\/v2\/posts"}],"about":[{"href":"https:\/\/montecarloliving.com\/fr\/wp-json\/wp\/v2\/types\/post"}],"author":[{"embeddable":true,"href":"https:\/\/montecarloliving.com\/fr\/wp-json\/wp\/v2\/users\/1"}],"replies":[{"embeddable":true,"href":"https:\/\/montecarloliving.com\/fr\/wp-json\/wp\/v2\/comments?post=19337"}],"version-history":[{"count":1,"href":"https:\/\/montecarloliving.com\/fr\/wp-json\/wp\/v2\/posts\/19337\/revisions"}],"predecessor-version":[{"id":19341,"href":"https:\/\/montecarloliving.com\/fr\/wp-json\/wp\/v2\/posts\/19337\/revisions\/19341"}],"wp:featuredmedia":[{"embeddable":true,"href":"https:\/\/montecarloliving.com\/fr\/wp-json\/wp\/v2\/media\/19338"}],"wp:attachment":[{"href":"https:\/\/montecarloliving.com\/fr\/wp-json\/wp\/v2\/media?parent=19337"}],"wp:term":[{"taxonomy":"category","embeddable":true,"href":"https:\/\/montecarloliving.com\/fr\/wp-json\/wp\/v2\/categories?post=19337"},{"taxonomy":"post_tag","embeddable":true,"href":"https:\/\/montecarloliving.com\/fr\/wp-json\/wp\/v2\/tags?post=19337"}],"curies":[{"name":"wp","href":"https:\/\/api.w.org\/{rel}","templated":true}]}}