{"id":19129,"date":"2025-02-13T09:42:56","date_gmt":"2025-02-13T08:42:56","guid":{"rendered":"https:\/\/montecarloliving.com\/?p=19129"},"modified":"2025-02-13T09:52:49","modified_gmt":"2025-02-13T08:52:49","slug":"aujourdhui-commence-4e-edition-du-world-artificial-intelligence-cannes-festival","status":"publish","type":"post","link":"https:\/\/montecarloliving.com\/fr\/actualite\/aujourdhui-commence-4e-edition-du-world-artificial-intelligence-cannes-festival-19129\/","title":{"rendered":"Aujourd&rsquo;hui commence la 4e \u00e9dition du World Artificial Intelligence Cannes Festival"},"content":{"rendered":"<p data-start=\"1997\" data-end=\"2421\"><strong>Du 13 au 15 f\u00e9vrier 2025, Cannes accueillera la 4e \u00e9dition du <em data-start=\"2059\" data-end=\"2106\">World Artificial Intelligence Cannes Festival<\/em> (WAICF)<\/strong>, le plus grand \u00e9v\u00e9nement mondial consacr\u00e9 \u00e0 l&rsquo;Intelligence Artificielle. Organis\u00e9 par RX France et soutenu par diverses institutions locales, le festival se d\u00e9roulera au Palais des Festivals et des Congr\u00e8s, sur trois jours d&rsquo;\u00e9v\u00e9nements : deux jours r\u00e9serv\u00e9s aux professionnels et un ouvert au grand public.<\/p>\n<p data-start=\"1997\" data-end=\"2421\"><img loading=\"lazy\" decoding=\"async\" class=\"size-full wp-image-19115 aligncenter\" src=\"https:\/\/montecarloliving.com\/wp-content\/uploads\/2025\/02\/Intelligenza_artificiale_Cannes.jpg\" alt=\"\" width=\"500\" height=\"122\" srcset=\"https:\/\/montecarloliving.com\/wp-content\/uploads\/2025\/02\/Intelligenza_artificiale_Cannes.jpg 500w, https:\/\/montecarloliving.com\/wp-content\/uploads\/2025\/02\/Intelligenza_artificiale_Cannes-300x73.jpg 300w\" sizes=\"auto, (max-width: 500px) 100vw, 500px\" \/><\/p>\n<p data-start=\"2423\" data-end=\"2806\"><strong>Le jeudi 13 et le vendredi 14 f\u00e9vrier seront consacr\u00e9s aux professionnels<\/strong>, avec des conf\u00e9rences approfondies, des ateliers interactifs, des opportunit\u00e9s de r\u00e9seautage et des espaces d&rsquo;exposition. Ces journ\u00e9es offriront une occasion unique de d\u00e9couvrir les derni\u00e8res tendances, d&rsquo;interagir avec des experts de renomm\u00e9e internationale et de rencontrer des leaders influents du secteur.<\/p>\n<p data-start=\"2808\" data-end=\"2936\">Les plus grandes entreprises de divers secteurs seront pr\u00e9sentes pour partager leurs solutions et visions pour l&rsquo;avenir de l&rsquo;IA.<\/p>\n<p data-start=\"2938\" data-end=\"3231\"><strong>Le samedi 15 f\u00e9vrier, le festival ouvre ses portes au grand public<\/strong>, offrant une journ\u00e9e enti\u00e8re d&rsquo;activit\u00e9s interactives et d&rsquo;exp\u00e9riences ludiques. Cette journ\u00e9e est con\u00e7ue pour permettre \u00e0 tous d&rsquo;explorer et de mieux comprendre l&rsquo;Intelligence Artificielle de mani\u00e8re accessible et engageante.<\/p>\n<p data-start=\"3233\" data-end=\"3616\"><strong>Le Palais des Festivals et des Congr\u00e8s<\/strong> devient ainsi un lieu d&rsquo;apprentissage et de r\u00e9flexion autour de l&rsquo;IA, avec de nombreux experts et entreprises qui partageront leurs connaissances et leurs solutions. Le festival accueillera 320 conf\u00e9renciers et 220 exposants, abordant des sujets cl\u00e9s tels que la s\u00e9curit\u00e9 des donn\u00e9es, l&rsquo;\u00e9thique et les applications de l&rsquo;IA dans divers secteurs.<\/p>\n<p data-start=\"3618\" data-end=\"3881\">David Lisnard, maire de Cannes, a soulign\u00e9 l&rsquo;importance de positionner la France en tant que leader de l&rsquo;IA, tandis que Charles Ange Gin\u00e9sy, pr\u00e9sident du D\u00e9partement des Alpes-Maritimes, a mis en avant l&rsquo;engagement local pour promouvoir l&rsquo;IA dans divers secteurs.<\/p>\n<p data-start=\"3883\" data-end=\"4177\" data-is-last-node=\"\">L&rsquo;objectif du festival est d&rsquo;\u00e9duquer et d&rsquo;impliquer le public, en rendant l&rsquo;Intelligence Artificielle accessible et compr\u00e9hensible gr\u00e2ce \u00e0 des exp\u00e9riences pratiques et immersives. Pour plus d&rsquo;informations et pour consulter le programme complet, vous pouvez visiter <a href=\"https:\/\/www.worldaicannes.com\/en-gb\/attend\/conferences-overview.html\">le site officiel du festival<\/a>.<\/p>\n","protected":false},"excerpt":{"rendered":"<p>Du 13 au 15 f\u00e9vrier 2025, Cannes accueillera la 4e \u00e9dition du World Artificial Intelligence Cannes Festival (WAICF), le plus grand \u00e9v\u00e9nement mondial consacr\u00e9 \u00e0 l&rsquo;Intelligence Artificielle. Organis\u00e9 par RX France et soutenu par diverses institutions locales, le festival se d\u00e9roulera au Palais des [&hellip;]<\/p>\n","protected":false},"author":1,"featured_media":19125,"comment_status":"closed","ping_status":"closed","sticky":false,"template":"","format":"standard","meta":{"footnotes":""},"categories":[827,870,828],"tags":[],"class_list":["post-19129","post","type-post","status-publish","format-standard","has-post-thumbnail","hentry","category-actualite","category-cannes-fr","category-evenements"],"yoast_head":"<!-- This site is optimized with the Yoast SEO plugin v27.4 - https:\/\/yoast.com\/product\/yoast-seo-wordpress\/ -->\n<title>Aujourd&#039;hui commence la 4e \u00e9dition du World Artificial Intelligence Cannes Festival<\/title>\n<meta name=\"description\" content=\"Du 13 au 15 f\u00e9vrier 2025, Cannes accueillera la 4e \u00e9dition du World Artificial Intelligence Cannes Festival (WAICF), le plus grand \u00e9v\u00e9nement mondial la 4e \u00e9dition du World Artificial Intelligence Cannes Festival\" \/>\n<meta name=\"robots\" content=\"index, follow, max-snippet:-1, max-image-preview:large, max-video-preview:-1\" \/>\n<link rel=\"canonical\" href=\"https:\/\/montecarloliving.com\/fr\/actualite\/aujourdhui-commence-4e-edition-du-world-artificial-intelligence-cannes-festival-19129\/\" \/>\n<meta property=\"og:locale\" content=\"fr_FR\" \/>\n<meta property=\"og:title\" content=\"Aujourd&#039;hui commence la 4e \u00e9dition du World Artificial Intelligence Cannes Festival\" \/>\n<meta property=\"og:description\" content=\"Du 13 au 15 f\u00e9vrier 2025, Cannes accueillera la 4e \u00e9dition du World Artificial Intelligence Cannes Festival (WAICF), le plus grand \u00e9v\u00e9nement mondial la 4e \u00e9dition du World Artificial Intelligence Cannes Festival\" \/>\n<meta property=\"og:url\" content=\"https:\/\/montecarloliving.com\/fr\/actualite\/aujourdhui-commence-4e-edition-du-world-artificial-intelligence-cannes-festival-19129\/\" \/>\n<meta property=\"og:site_name\" content=\"Montecarlo Living\" \/>\n<meta property=\"article:publisher\" content=\"https:\/\/www.facebook.com\/montecarlolivingcom\/\" \/>\n<meta property=\"article:published_time\" content=\"2025-02-13T08:42:56+00:00\" \/>\n<meta property=\"article:modified_time\" content=\"2025-02-13T08:52:49+00:00\" \/>\n<meta property=\"og:image\" content=\"https:\/\/montecarloliving.com\/wp-content\/uploads\/2025\/02\/WAICF-650x400.jpg\" \/>\n\t<meta property=\"og:image:width\" content=\"650\" \/>\n\t<meta property=\"og:image:height\" content=\"400\" \/>\n\t<meta property=\"og:image:type\" content=\"image\/jpeg\" \/>\n<meta name=\"author\" content=\"Redazione\" \/>\n<meta name=\"twitter:card\" content=\"summary_large_image\" \/>\n<meta name=\"twitter:creator\" content=\"@MonteCarloLivi\" \/>\n<meta name=\"twitter:site\" content=\"@MonteCarloLivi\" \/>\n<meta name=\"twitter:label1\" content=\"\u00c9crit par\" \/>\n\t<meta name=\"twitter:data1\" content=\"Redazione\" \/>\n\t<meta name=\"twitter:label2\" content=\"Dur\u00e9e de lecture estim\u00e9e\" \/>\n\t<meta name=\"twitter:data2\" content=\"2 minutes\" \/>\n<script type=\"application\/ld+json\" class=\"yoast-schema-graph\">{\"@context\":\"https:\\\/\\\/schema.org\",\"@graph\":[{\"@type\":\"Article\",\"@id\":\"https:\\\/\\\/montecarloliving.com\\\/fr\\\/actualite\\\/aujourdhui-commence-4e-edition-du-world-artificial-intelligence-cannes-festival-19129\\\/#article\",\"isPartOf\":{\"@id\":\"https:\\\/\\\/montecarloliving.com\\\/fr\\\/actualite\\\/aujourdhui-commence-4e-edition-du-world-artificial-intelligence-cannes-festival-19129\\\/\"},\"author\":{\"name\":\"Redazione\",\"@id\":\"https:\\\/\\\/montecarloliving.com\\\/fr\\\/#\\\/schema\\\/person\\\/7e5945d4560862b7f2d2c6831bda2819\"},\"headline\":\"Aujourd&rsquo;hui commence la 4e \u00e9dition du World Artificial Intelligence Cannes Festival\",\"datePublished\":\"2025-02-13T08:42:56+00:00\",\"dateModified\":\"2025-02-13T08:52:49+00:00\",\"mainEntityOfPage\":{\"@id\":\"https:\\\/\\\/montecarloliving.com\\\/fr\\\/actualite\\\/aujourdhui-commence-4e-edition-du-world-artificial-intelligence-cannes-festival-19129\\\/\"},\"wordCount\":375,\"image\":{\"@id\":\"https:\\\/\\\/montecarloliving.com\\\/fr\\\/actualite\\\/aujourdhui-commence-4e-edition-du-world-artificial-intelligence-cannes-festival-19129\\\/#primaryimage\"},\"thumbnailUrl\":\"https:\\\/\\\/montecarloliving.com\\\/wp-content\\\/uploads\\\/2025\\\/02\\\/WAICF.jpg\",\"articleSection\":[\"Actualit\u00e9\",\"Cannes\",\"\u00c9v\u00e9nements\"],\"inLanguage\":\"fr-FR\"},{\"@type\":\"WebPage\",\"@id\":\"https:\\\/\\\/montecarloliving.com\\\/fr\\\/actualite\\\/aujourdhui-commence-4e-edition-du-world-artificial-intelligence-cannes-festival-19129\\\/\",\"url\":\"https:\\\/\\\/montecarloliving.com\\\/fr\\\/actualite\\\/aujourdhui-commence-4e-edition-du-world-artificial-intelligence-cannes-festival-19129\\\/\",\"name\":\"Aujourd'hui commence la 4e \u00e9dition du World Artificial Intelligence Cannes Festival\",\"isPartOf\":{\"@id\":\"https:\\\/\\\/montecarloliving.com\\\/fr\\\/#website\"},\"primaryImageOfPage\":{\"@id\":\"https:\\\/\\\/montecarloliving.com\\\/fr\\\/actualite\\\/aujourdhui-commence-4e-edition-du-world-artificial-intelligence-cannes-festival-19129\\\/#primaryimage\"},\"image\":{\"@id\":\"https:\\\/\\\/montecarloliving.com\\\/fr\\\/actualite\\\/aujourdhui-commence-4e-edition-du-world-artificial-intelligence-cannes-festival-19129\\\/#primaryimage\"},\"thumbnailUrl\":\"https:\\\/\\\/montecarloliving.com\\\/wp-content\\\/uploads\\\/2025\\\/02\\\/WAICF.jpg\",\"datePublished\":\"2025-02-13T08:42:56+00:00\",\"dateModified\":\"2025-02-13T08:52:49+00:00\",\"author\":{\"@id\":\"https:\\\/\\\/montecarloliving.com\\\/fr\\\/#\\\/schema\\\/person\\\/7e5945d4560862b7f2d2c6831bda2819\"},\"description\":\"Du 13 au 15 f\u00e9vrier 2025, Cannes accueillera la 4e \u00e9dition du World Artificial Intelligence Cannes Festival (WAICF), le plus grand \u00e9v\u00e9nement mondial la 4e \u00e9dition du World Artificial Intelligence Cannes Festival\",\"breadcrumb\":{\"@id\":\"https:\\\/\\\/montecarloliving.com\\\/fr\\\/actualite\\\/aujourdhui-commence-4e-edition-du-world-artificial-intelligence-cannes-festival-19129\\\/#breadcrumb\"},\"inLanguage\":\"fr-FR\",\"potentialAction\":[{\"@type\":\"ReadAction\",\"target\":[\"https:\\\/\\\/montecarloliving.com\\\/fr\\\/actualite\\\/aujourdhui-commence-4e-edition-du-world-artificial-intelligence-cannes-festival-19129\\\/\"]}]},{\"@type\":\"ImageObject\",\"inLanguage\":\"fr-FR\",\"@id\":\"https:\\\/\\\/montecarloliving.com\\\/fr\\\/actualite\\\/aujourdhui-commence-4e-edition-du-world-artificial-intelligence-cannes-festival-19129\\\/#primaryimage\",\"url\":\"https:\\\/\\\/montecarloliving.com\\\/wp-content\\\/uploads\\\/2025\\\/02\\\/WAICF.jpg\",\"contentUrl\":\"https:\\\/\\\/montecarloliving.com\\\/wp-content\\\/uploads\\\/2025\\\/02\\\/WAICF.jpg\",\"width\":1920,\"height\":1080},{\"@type\":\"BreadcrumbList\",\"@id\":\"https:\\\/\\\/montecarloliving.com\\\/fr\\\/actualite\\\/aujourdhui-commence-4e-edition-du-world-artificial-intelligence-cannes-festival-19129\\\/#breadcrumb\",\"itemListElement\":[{\"@type\":\"ListItem\",\"position\":1,\"name\":\"Home\",\"item\":\"https:\\\/\\\/montecarloliving.com\\\/fr\\\/\"},{\"@type\":\"ListItem\",\"position\":2,\"name\":\"Aujourd&#8217;hui commence la 4e \u00e9dition du World Artificial Intelligence Cannes Festival\"}]},{\"@type\":\"WebSite\",\"@id\":\"https:\\\/\\\/montecarloliving.com\\\/fr\\\/#website\",\"url\":\"https:\\\/\\\/montecarloliving.com\\\/fr\\\/\",\"name\":\"Montecarlo Living\",\"description\":\"News da Montecarlo - Principato di Monaco e Costa Azzurra\",\"potentialAction\":[{\"@type\":\"SearchAction\",\"target\":{\"@type\":\"EntryPoint\",\"urlTemplate\":\"https:\\\/\\\/montecarloliving.com\\\/fr\\\/?s={search_term_string}\"},\"query-input\":{\"@type\":\"PropertyValueSpecification\",\"valueRequired\":true,\"valueName\":\"search_term_string\"}}],\"inLanguage\":\"fr-FR\"},{\"@type\":\"Person\",\"@id\":\"https:\\\/\\\/montecarloliving.com\\\/fr\\\/#\\\/schema\\\/person\\\/7e5945d4560862b7f2d2c6831bda2819\",\"name\":\"Redazione\",\"image\":{\"@type\":\"ImageObject\",\"inLanguage\":\"fr-FR\",\"@id\":\"https:\\\/\\\/secure.gravatar.com\\\/avatar\\\/8b5f26557e18fe74ad8e8a57ebb2925d88af8a90cee489ff2beefb391bc9b9c7?s=96&d=mm&r=g\",\"url\":\"https:\\\/\\\/secure.gravatar.com\\\/avatar\\\/8b5f26557e18fe74ad8e8a57ebb2925d88af8a90cee489ff2beefb391bc9b9c7?s=96&d=mm&r=g\",\"contentUrl\":\"https:\\\/\\\/secure.gravatar.com\\\/avatar\\\/8b5f26557e18fe74ad8e8a57ebb2925d88af8a90cee489ff2beefb391bc9b9c7?s=96&d=mm&r=g\",\"caption\":\"Redazione\"}}]}<\/script>\n<!-- \/ Yoast SEO plugin. -->","yoast_head_json":{"title":"Aujourd'hui commence la 4e \u00e9dition du World Artificial Intelligence Cannes Festival","description":"Du 13 au 15 f\u00e9vrier 2025, Cannes accueillera la 4e \u00e9dition du World Artificial Intelligence Cannes Festival (WAICF), le plus grand \u00e9v\u00e9nement mondial la 4e \u00e9dition du World Artificial Intelligence Cannes Festival","robots":{"index":"index","follow":"follow","max-snippet":"max-snippet:-1","max-image-preview":"max-image-preview:large","max-video-preview":"max-video-preview:-1"},"canonical":"https:\/\/montecarloliving.com\/fr\/actualite\/aujourdhui-commence-4e-edition-du-world-artificial-intelligence-cannes-festival-19129\/","og_locale":"fr_FR","og_title":"Aujourd'hui commence la 4e \u00e9dition du World Artificial Intelligence Cannes Festival","og_description":"Du 13 au 15 f\u00e9vrier 2025, Cannes accueillera la 4e \u00e9dition du World Artificial Intelligence Cannes Festival (WAICF), le plus grand \u00e9v\u00e9nement mondial la 4e \u00e9dition du World Artificial Intelligence Cannes Festival","og_url":"https:\/\/montecarloliving.com\/fr\/actualite\/aujourdhui-commence-4e-edition-du-world-artificial-intelligence-cannes-festival-19129\/","og_site_name":"Montecarlo Living","article_publisher":"https:\/\/www.facebook.com\/montecarlolivingcom\/","article_published_time":"2025-02-13T08:42:56+00:00","article_modified_time":"2025-02-13T08:52:49+00:00","og_image":[{"width":650,"height":400,"url":"https:\/\/montecarloliving.com\/wp-content\/uploads\/2025\/02\/WAICF-650x400.jpg","type":"image\/jpeg"}],"author":"Redazione","twitter_card":"summary_large_image","twitter_creator":"@MonteCarloLivi","twitter_site":"@MonteCarloLivi","twitter_misc":{"\u00c9crit par":"Redazione","Dur\u00e9e de lecture estim\u00e9e":"2 minutes"},"schema":{"@context":"https:\/\/schema.org","@graph":[{"@type":"Article","@id":"https:\/\/montecarloliving.com\/fr\/actualite\/aujourdhui-commence-4e-edition-du-world-artificial-intelligence-cannes-festival-19129\/#article","isPartOf":{"@id":"https:\/\/montecarloliving.com\/fr\/actualite\/aujourdhui-commence-4e-edition-du-world-artificial-intelligence-cannes-festival-19129\/"},"author":{"name":"Redazione","@id":"https:\/\/montecarloliving.com\/fr\/#\/schema\/person\/7e5945d4560862b7f2d2c6831bda2819"},"headline":"Aujourd&rsquo;hui commence la 4e \u00e9dition du World Artificial Intelligence Cannes Festival","datePublished":"2025-02-13T08:42:56+00:00","dateModified":"2025-02-13T08:52:49+00:00","mainEntityOfPage":{"@id":"https:\/\/montecarloliving.com\/fr\/actualite\/aujourdhui-commence-4e-edition-du-world-artificial-intelligence-cannes-festival-19129\/"},"wordCount":375,"image":{"@id":"https:\/\/montecarloliving.com\/fr\/actualite\/aujourdhui-commence-4e-edition-du-world-artificial-intelligence-cannes-festival-19129\/#primaryimage"},"thumbnailUrl":"https:\/\/montecarloliving.com\/wp-content\/uploads\/2025\/02\/WAICF.jpg","articleSection":["Actualit\u00e9","Cannes","\u00c9v\u00e9nements"],"inLanguage":"fr-FR"},{"@type":"WebPage","@id":"https:\/\/montecarloliving.com\/fr\/actualite\/aujourdhui-commence-4e-edition-du-world-artificial-intelligence-cannes-festival-19129\/","url":"https:\/\/montecarloliving.com\/fr\/actualite\/aujourdhui-commence-4e-edition-du-world-artificial-intelligence-cannes-festival-19129\/","name":"Aujourd'hui commence la 4e \u00e9dition du World Artificial Intelligence Cannes Festival","isPartOf":{"@id":"https:\/\/montecarloliving.com\/fr\/#website"},"primaryImageOfPage":{"@id":"https:\/\/montecarloliving.com\/fr\/actualite\/aujourdhui-commence-4e-edition-du-world-artificial-intelligence-cannes-festival-19129\/#primaryimage"},"image":{"@id":"https:\/\/montecarloliving.com\/fr\/actualite\/aujourdhui-commence-4e-edition-du-world-artificial-intelligence-cannes-festival-19129\/#primaryimage"},"thumbnailUrl":"https:\/\/montecarloliving.com\/wp-content\/uploads\/2025\/02\/WAICF.jpg","datePublished":"2025-02-13T08:42:56+00:00","dateModified":"2025-02-13T08:52:49+00:00","author":{"@id":"https:\/\/montecarloliving.com\/fr\/#\/schema\/person\/7e5945d4560862b7f2d2c6831bda2819"},"description":"Du 13 au 15 f\u00e9vrier 2025, Cannes accueillera la 4e \u00e9dition du World Artificial Intelligence Cannes Festival (WAICF), le plus grand \u00e9v\u00e9nement mondial la 4e \u00e9dition du World Artificial Intelligence Cannes Festival","breadcrumb":{"@id":"https:\/\/montecarloliving.com\/fr\/actualite\/aujourdhui-commence-4e-edition-du-world-artificial-intelligence-cannes-festival-19129\/#breadcrumb"},"inLanguage":"fr-FR","potentialAction":[{"@type":"ReadAction","target":["https:\/\/montecarloliving.com\/fr\/actualite\/aujourdhui-commence-4e-edition-du-world-artificial-intelligence-cannes-festival-19129\/"]}]},{"@type":"ImageObject","inLanguage":"fr-FR","@id":"https:\/\/montecarloliving.com\/fr\/actualite\/aujourdhui-commence-4e-edition-du-world-artificial-intelligence-cannes-festival-19129\/#primaryimage","url":"https:\/\/montecarloliving.com\/wp-content\/uploads\/2025\/02\/WAICF.jpg","contentUrl":"https:\/\/montecarloliving.com\/wp-content\/uploads\/2025\/02\/WAICF.jpg","width":1920,"height":1080},{"@type":"BreadcrumbList","@id":"https:\/\/montecarloliving.com\/fr\/actualite\/aujourdhui-commence-4e-edition-du-world-artificial-intelligence-cannes-festival-19129\/#breadcrumb","itemListElement":[{"@type":"ListItem","position":1,"name":"Home","item":"https:\/\/montecarloliving.com\/fr\/"},{"@type":"ListItem","position":2,"name":"Aujourd&#8217;hui commence la 4e \u00e9dition du World Artificial Intelligence Cannes Festival"}]},{"@type":"WebSite","@id":"https:\/\/montecarloliving.com\/fr\/#website","url":"https:\/\/montecarloliving.com\/fr\/","name":"Montecarlo Living","description":"News da Montecarlo - Principato di Monaco e Costa Azzurra","potentialAction":[{"@type":"SearchAction","target":{"@type":"EntryPoint","urlTemplate":"https:\/\/montecarloliving.com\/fr\/?s={search_term_string}"},"query-input":{"@type":"PropertyValueSpecification","valueRequired":true,"valueName":"search_term_string"}}],"inLanguage":"fr-FR"},{"@type":"Person","@id":"https:\/\/montecarloliving.com\/fr\/#\/schema\/person\/7e5945d4560862b7f2d2c6831bda2819","name":"Redazione","image":{"@type":"ImageObject","inLanguage":"fr-FR","@id":"https:\/\/secure.gravatar.com\/avatar\/8b5f26557e18fe74ad8e8a57ebb2925d88af8a90cee489ff2beefb391bc9b9c7?s=96&d=mm&r=g","url":"https:\/\/secure.gravatar.com\/avatar\/8b5f26557e18fe74ad8e8a57ebb2925d88af8a90cee489ff2beefb391bc9b9c7?s=96&d=mm&r=g","contentUrl":"https:\/\/secure.gravatar.com\/avatar\/8b5f26557e18fe74ad8e8a57ebb2925d88af8a90cee489ff2beefb391bc9b9c7?s=96&d=mm&r=g","caption":"Redazione"}}]}},"_links":{"self":[{"href":"https:\/\/montecarloliving.com\/fr\/wp-json\/wp\/v2\/posts\/19129","targetHints":{"allow":["GET"]}}],"collection":[{"href":"https:\/\/montecarloliving.com\/fr\/wp-json\/wp\/v2\/posts"}],"about":[{"href":"https:\/\/montecarloliving.com\/fr\/wp-json\/wp\/v2\/types\/post"}],"author":[{"embeddable":true,"href":"https:\/\/montecarloliving.com\/fr\/wp-json\/wp\/v2\/users\/1"}],"replies":[{"embeddable":true,"href":"https:\/\/montecarloliving.com\/fr\/wp-json\/wp\/v2\/comments?post=19129"}],"version-history":[{"count":1,"href":"https:\/\/montecarloliving.com\/fr\/wp-json\/wp\/v2\/posts\/19129\/revisions"}],"predecessor-version":[{"id":19130,"href":"https:\/\/montecarloliving.com\/fr\/wp-json\/wp\/v2\/posts\/19129\/revisions\/19130"}],"wp:featuredmedia":[{"embeddable":true,"href":"https:\/\/montecarloliving.com\/fr\/wp-json\/wp\/v2\/media\/19125"}],"wp:attachment":[{"href":"https:\/\/montecarloliving.com\/fr\/wp-json\/wp\/v2\/media?parent=19129"}],"wp:term":[{"taxonomy":"category","embeddable":true,"href":"https:\/\/montecarloliving.com\/fr\/wp-json\/wp\/v2\/categories?post=19129"},{"taxonomy":"post_tag","embeddable":true,"href":"https:\/\/montecarloliving.com\/fr\/wp-json\/wp\/v2\/tags?post=19129"}],"curies":[{"name":"wp","href":"https:\/\/api.w.org\/{rel}","templated":true}]}}