{"id":18856,"date":"2025-02-05T10:23:05","date_gmt":"2025-02-05T09:23:05","guid":{"rendered":"https:\/\/montecarloliving.com\/?p=18856"},"modified":"2025-02-05T10:29:06","modified_gmt":"2025-02-05T09:29:06","slug":"fete-du-citron-de-menton-2025-tous-les-evenements-ne-pas-manquer","status":"publish","type":"post","link":"https:\/\/montecarloliving.com\/fr\/actualite\/fete-du-citron-de-menton-2025-tous-les-evenements-ne-pas-manquer-18856\/","title":{"rendered":"F\u00eate du Citron de Menton 2025 : Tous les \u00e9v\u00e9nements \u00e0 ne pas manquer"},"content":{"rendered":"<p><strong>Menton<\/strong>, la perle de la Riviera Fran\u00e7aise, est une destination id\u00e9ale pendant les mois de f\u00e9vrier et mars. Avec son climat doux, une riche histoire culturelle et un paysage \u00e0 couper le souffle, cette ville au bord de la mer offre une large gamme d&rsquo;activit\u00e9s pour tous les go\u00fbts. Que ce soit des \u00e9v\u00e9nements traditionnels, des promenades dans les jardins ou des visites de mus\u00e9es et d&rsquo;attractions locales, Menton a quelque chose \u00e0 offrir \u00e0 tout le monde, m\u00eame pendant les mois les plus frais de l&rsquo;ann\u00e9e.<\/p>\n<h2><strong>En plus de la F\u00eate du Citron<\/strong><\/h2>\n<p>F\u00e9vrier et mars 2025 sont des mois sp\u00e9ciaux pour Menton, voici tous les \u00e9v\u00e9nements \u00e0 ne pas manquer, entre visites, activit\u00e9s, spectacles et bien plus :<\/p>\n<ul>\n<li><strong>Visite guid\u00e9e du Jardin Maria Serena<\/strong><br \/>\nDu 15 f\u00e9vrier au 1er mars 2025<\/li>\n<li><strong>Collection nationale d&rsquo;agrumes du Palais Carnol\u00e8s<\/strong><br \/>\nDu 15 f\u00e9vrier au 1er mars<\/li>\n<li><strong>Visite guid\u00e9e : Les ruelles de l\u2019histoire<\/strong><br \/>\nDu 16 f\u00e9vrier au 2 mars<\/li>\n<li><strong>Visite guid\u00e9e : Le jardin de l&rsquo;Orangeraie<\/strong><br \/>\nDu 20 f\u00e9vrier au 27 f\u00e9vrier<\/li>\n<li><strong>Visite guid\u00e9e &#8211; Jardin Serre de la Madone<\/strong><br \/>\nDu 16 f\u00e9vrier au 2 mars<\/li>\n<li><strong>Visite guid\u00e9e : La Basilique Saint-Michel<\/strong><br \/>\nLe 1er mars 2025<\/li>\n<li><strong>Atelier de taille des agrumes<\/strong><br \/>\nDu 17 f\u00e9vrier au 26 f\u00e9vrier<\/li>\n<li><strong>Excursion du Citron<\/strong><br \/>\nDu 15 f\u00e9vrier au 28 f\u00e9vrier<\/li>\n<li><strong>Le Domaine des 4 Vents<\/strong><br \/>\nDu 18 f\u00e9vrier au 28 f\u00e9vrier<\/li>\n<li><strong>Ap\u00e9ritif \u00e0 la ferme des agrumes<\/strong><br \/>\nDu 17 f\u00e9vrier au 24 f\u00e9vrier<\/li>\n<li><strong>Visite guid\u00e9e : Le jardin Fontana Rosa<\/strong><br \/>\nDu 21 f\u00e9vrier au 28 f\u00e9vrier<\/li>\n<li><strong>Atelier de fabrication de bougies<\/strong><br \/>\nDu 17 f\u00e9vrier au 3 mars<\/li>\n<li><strong>Coulisses de la F\u00eate du Citron\u00ae (soir\u00e9e)<\/strong><br \/>\nDu 21 f\u00e9vrier au 28 f\u00e9vrier<\/li>\n<li><strong>Coulisses de la F\u00eate du Citron\u00ae (matin\u00e9e)<\/strong><br \/>\nDu 25 f\u00e9vrier au 26 f\u00e9vrier<\/li>\n<li><strong>Citronneraie\u00a9 Mas Flofaro<\/strong><br \/>\nDu 15 f\u00e9vrier au 1er mars<\/li>\n<li><strong>Les 10 plus belles vues de Menton en randonn\u00e9e<\/strong><br \/>\nDu 17 f\u00e9vrier au 1er mars<\/li>\n<li><strong>Randonn\u00e9e des Mimosas<\/strong><br \/>\nDu 15 f\u00e9vrier au 1er mars<\/li>\n<li><strong>Visite guid\u00e9e : La Belle \u00c9poque \u00e0 Menton<\/strong><br \/>\nDu 18 f\u00e9vrier au 25 f\u00e9vrier<\/li>\n<li><strong>Carnaval des enfants<\/strong><br \/>\nLes mercredis 12 et 19 f\u00e9vrier<\/li>\n<li><strong>Spectacle : Menton Histoires d\u2019un Temps<\/strong><br \/>\nLe 19 et 26 f\u00e9vrier 2025<\/li>\n<li><strong>Visites guid\u00e9es : Salle des mariages<\/strong><br \/>\nDu 17 au 27 f\u00e9vrier 2025<\/li>\n<li><strong>Exposition : Beaut\u00e9s du ciel et ph\u00e9nom\u00e8nes cosmiques<\/strong><br \/>\nDu 3 f\u00e9vrier au 10 mars 2025<\/li>\n<li><strong>Activit\u00e9s au Domaine Gannac<\/strong><br \/>\nDu 11 f\u00e9vrier au 1er mars<\/li>\n<li><strong>Du fleur \u00e0 la F\u00eate<\/strong><br \/>\nDu 11 f\u00e9vrier au 14 f\u00e9vrier<\/li>\n<li><strong>Visite du Monast\u00e8re de Saorge<\/strong><br \/>\nJeudi 13 f\u00e9vrier 2025<\/li>\n<li><strong>Atelier de dessin : Les agrumes et la F\u00eate du Citron\u00ae<\/strong><br \/>\nDu 15 f\u00e9vrier au 1er mars<\/li>\n<li><strong>Exp\u00e9rience Casino &amp; Corso<\/strong><br \/>\nDu 15 f\u00e9vrier au 2 mars 2025<\/li>\n<li><strong>Visite guid\u00e9e : La Casetta<\/strong><br \/>\nDu 15 f\u00e9vrier au 1er mars<\/li>\n<li><strong>Spectacle : Les Stars du Disco<\/strong><br \/>\nSamedi 15 f\u00e9vrier 2025<\/li>\n<li><strong>Atelier de Linogravure<\/strong><br \/>\nDu 17 f\u00e9vrier au 24 f\u00e9vrier<\/li>\n<li><strong>Atelier de c\u00e9ramique presse-agrumes<\/strong><br \/>\nDu 18 f\u00e9vrier au 27 f\u00e9vrier<\/li>\n<li><strong>Aux portes de la Vall\u00e9e des Merveilles &#8211; Tenda<\/strong><br \/>\nDu 19 f\u00e9vrier au 26 f\u00e9vrier<\/li>\n<li><strong>Atelier de p\u00e2tes fra\u00eeches pour enfants<\/strong><br \/>\nDu 19 f\u00e9vrier au 26 f\u00e9vrier<\/li>\n<li><strong>Visite guid\u00e9e : La Casetta et atelier de parfumerie<\/strong><br \/>\nDu 19 f\u00e9vrier au 28 f\u00e9vrier<\/li>\n<li><strong>Atelier de pr\u00e9paration des raviolis au Citron de Menton<\/strong><br \/>\nDu 19 f\u00e9vrier au 26 f\u00e9vrier<\/li>\n<li><strong>Les agrumes confits de Raffaele<\/strong><br \/>\nDu 20 f\u00e9vrier au 27 f\u00e9vrier<\/li>\n<li><strong>Visite guid\u00e9e du jardin Clos du Peyronnet<\/strong><br \/>\nDu 21 f\u00e9vrier au 28 f\u00e9vrier<\/li>\n<li><strong>Visite guid\u00e9e du jardin des Colombi\u00e8res<\/strong><br \/>\nDu 21 f\u00e9vrier au 28 f\u00e9vrier<\/li>\n<li><strong>D\u00e9couvrir les saveurs de Menton<\/strong><br \/>\nDu 21 f\u00e9vrier au 28 f\u00e9vrier<\/li>\n<li><strong>D\u00e9couverte du Troph\u00e9e d&rsquo;Auguste \u00e0 La Turbie<\/strong><br \/>\nVendredis 21 et 28 f\u00e9vrier 2025<\/li>\n<li><strong>Hommage aux Genesis par Genesya<\/strong><br \/>\nVendredi 21 f\u00e9vrier 2025<\/li>\n<li><strong>Atelier de parfum, visite guid\u00e9e de La Casetta et d\u00e9jeuner<\/strong><br \/>\nDu 22 f\u00e9vrier au 1er mars<\/li>\n<li><strong>Course solidaire \u00ab\u00a0Le Citron Givr\u00e9\u00a0\u00bb<\/strong><br \/>\nSamedi 22 f\u00e9vrier 2025<\/li>\n<li><strong>Les plus grandes musiques de films par les solistes de Monaco<\/strong><br \/>\nSamedi 22 f\u00e9vrier 2025<\/li>\n<li><strong>Comme si j\u2019y \u00e9tais, Hommage \u00e0 Dalida par Sandy Sims<\/strong><br \/>\nSamedi 1er mars 2025<\/li>\n<\/ul>\n<p><strong>Les choix sont nombreux en f\u00e9vrier et mars 2025 \u00e0 Menton.<\/strong><\/p>\n<p>Voici le programme complet \u00e0 t\u00e9l\u00e9charger : <a href=\"https:\/\/montecarloliving.com\/wp-content\/uploads\/2025\/02\/148x210mm-Prog-FDC-2025-24-Pages-web-1_compressed.pdf\">148x210mm Prog FDC 2025 &#8211; 24 Pages &#8211; web (1)_compressed<\/a><\/p>\n<p><a href=\"https:\/\/montecarloliving.com\/fr\/evenements\/fete-du-citron-2025-de-menton-une-edition-incontournable-entre-magie-couleurs-et-aromes-agrumes-18772\/\">La F\u00eate du Citron 2025 de Menton : Une \u00c9dition Incontournable entre Magie, Couleurs et Ar\u00f4mes Agrum\u00e9s<\/a><\/p>\n","protected":false},"excerpt":{"rendered":"<p>Menton, la perle de la Riviera Fran\u00e7aise, est une destination id\u00e9ale pendant les mois de f\u00e9vrier et mars. Avec son climat doux, une riche histoire culturelle et un paysage \u00e0 couper le souffle, cette ville au bord de la mer offre une large gamme [&hellip;]<\/p>\n","protected":false},"author":1,"featured_media":18852,"comment_status":"closed","ping_status":"closed","sticky":false,"template":"","format":"standard","meta":{"footnotes":""},"categories":[827,828,869],"tags":[],"class_list":["post-18856","post","type-post","status-publish","format-standard","has-post-thumbnail","hentry","category-actualite","category-evenements","category-menton"],"yoast_head":"<!-- This site is optimized with the Yoast SEO plugin v27.5 - https:\/\/yoast.com\/product\/yoast-seo-wordpress\/ -->\n<title>F\u00eate du Citron de Menton 2025 : Tous les \u00e9v\u00e9nements \u00e0 ne pas manquer<\/title>\n<meta name=\"description\" content=\"Menton, la perle de la Riviera Fran\u00e7aise, est une destination id\u00e9ale pendant les mois de f\u00e9vrier et mars. Avec son climat doux, une riche histoire F\u00eate du Citron de Menton 2025\" \/>\n<meta name=\"robots\" content=\"index, follow, max-snippet:-1, max-image-preview:large, max-video-preview:-1\" \/>\n<link rel=\"canonical\" href=\"https:\/\/montecarloliving.com\/fr\/actualite\/fete-du-citron-de-menton-2025-tous-les-evenements-ne-pas-manquer-18856\/\" \/>\n<meta property=\"og:locale\" content=\"fr_FR\" \/>\n<meta property=\"og:title\" content=\"F\u00eate du Citron de Menton 2025 : Tous les \u00e9v\u00e9nements \u00e0 ne pas manquer\" \/>\n<meta property=\"og:description\" content=\"Menton, la perle de la Riviera Fran\u00e7aise, est une destination id\u00e9ale pendant les mois de f\u00e9vrier et mars. Avec son climat doux, une riche histoire F\u00eate du Citron de Menton 2025\" \/>\n<meta property=\"og:url\" content=\"https:\/\/montecarloliving.com\/fr\/actualite\/fete-du-citron-de-menton-2025-tous-les-evenements-ne-pas-manquer-18856\/\" \/>\n<meta property=\"og:site_name\" content=\"Montecarlo Living\" \/>\n<meta property=\"article:publisher\" content=\"https:\/\/www.facebook.com\/montecarlolivingcom\/\" \/>\n<meta property=\"article:published_time\" content=\"2025-02-05T09:23:05+00:00\" \/>\n<meta property=\"article:modified_time\" content=\"2025-02-05T09:29:06+00:00\" \/>\n<meta property=\"og:image\" content=\"https:\/\/montecarloliving.com\/wp-content\/uploads\/2025\/02\/come-coltivare-i-limoni-in-vaso-4-650x400.webp\" \/>\n\t<meta property=\"og:image:width\" content=\"650\" \/>\n\t<meta property=\"og:image:height\" content=\"400\" \/>\n\t<meta property=\"og:image:type\" content=\"image\/webp\" \/>\n<meta name=\"author\" content=\"Redazione\" \/>\n<meta name=\"twitter:card\" content=\"summary_large_image\" \/>\n<meta name=\"twitter:creator\" content=\"@MonteCarloLivi\" \/>\n<meta name=\"twitter:site\" content=\"@MonteCarloLivi\" \/>\n<meta name=\"twitter:label1\" content=\"\u00c9crit par\" \/>\n\t<meta name=\"twitter:data1\" content=\"Redazione\" \/>\n\t<meta name=\"twitter:label2\" content=\"Dur\u00e9e de lecture estim\u00e9e\" \/>\n\t<meta name=\"twitter:data2\" content=\"4 minutes\" \/>\n<script type=\"application\/ld+json\" class=\"yoast-schema-graph\">{\"@context\":\"https:\\\/\\\/schema.org\",\"@graph\":[{\"@type\":\"Article\",\"@id\":\"https:\\\/\\\/montecarloliving.com\\\/fr\\\/actualite\\\/fete-du-citron-de-menton-2025-tous-les-evenements-ne-pas-manquer-18856\\\/#article\",\"isPartOf\":{\"@id\":\"https:\\\/\\\/montecarloliving.com\\\/fr\\\/actualite\\\/fete-du-citron-de-menton-2025-tous-les-evenements-ne-pas-manquer-18856\\\/\"},\"author\":{\"name\":\"Redazione\",\"@id\":\"https:\\\/\\\/montecarloliving.com\\\/fr\\\/#\\\/schema\\\/person\\\/7e5945d4560862b7f2d2c6831bda2819\"},\"headline\":\"F\u00eate du Citron de Menton 2025 : Tous les \u00e9v\u00e9nements \u00e0 ne pas manquer\",\"datePublished\":\"2025-02-05T09:23:05+00:00\",\"dateModified\":\"2025-02-05T09:29:06+00:00\",\"mainEntityOfPage\":{\"@id\":\"https:\\\/\\\/montecarloliving.com\\\/fr\\\/actualite\\\/fete-du-citron-de-menton-2025-tous-les-evenements-ne-pas-manquer-18856\\\/\"},\"wordCount\":733,\"image\":{\"@id\":\"https:\\\/\\\/montecarloliving.com\\\/fr\\\/actualite\\\/fete-du-citron-de-menton-2025-tous-les-evenements-ne-pas-manquer-18856\\\/#primaryimage\"},\"thumbnailUrl\":\"https:\\\/\\\/montecarloliving.com\\\/wp-content\\\/uploads\\\/2025\\\/02\\\/come-coltivare-i-limoni-in-vaso-4.webp\",\"articleSection\":[\"Actualit\u00e9\",\"\u00c9v\u00e9nements\",\"Menton\"],\"inLanguage\":\"fr-FR\"},{\"@type\":\"WebPage\",\"@id\":\"https:\\\/\\\/montecarloliving.com\\\/fr\\\/actualite\\\/fete-du-citron-de-menton-2025-tous-les-evenements-ne-pas-manquer-18856\\\/\",\"url\":\"https:\\\/\\\/montecarloliving.com\\\/fr\\\/actualite\\\/fete-du-citron-de-menton-2025-tous-les-evenements-ne-pas-manquer-18856\\\/\",\"name\":\"F\u00eate du Citron de Menton 2025 : Tous les \u00e9v\u00e9nements \u00e0 ne pas manquer\",\"isPartOf\":{\"@id\":\"https:\\\/\\\/montecarloliving.com\\\/fr\\\/#website\"},\"primaryImageOfPage\":{\"@id\":\"https:\\\/\\\/montecarloliving.com\\\/fr\\\/actualite\\\/fete-du-citron-de-menton-2025-tous-les-evenements-ne-pas-manquer-18856\\\/#primaryimage\"},\"image\":{\"@id\":\"https:\\\/\\\/montecarloliving.com\\\/fr\\\/actualite\\\/fete-du-citron-de-menton-2025-tous-les-evenements-ne-pas-manquer-18856\\\/#primaryimage\"},\"thumbnailUrl\":\"https:\\\/\\\/montecarloliving.com\\\/wp-content\\\/uploads\\\/2025\\\/02\\\/come-coltivare-i-limoni-in-vaso-4.webp\",\"datePublished\":\"2025-02-05T09:23:05+00:00\",\"dateModified\":\"2025-02-05T09:29:06+00:00\",\"author\":{\"@id\":\"https:\\\/\\\/montecarloliving.com\\\/fr\\\/#\\\/schema\\\/person\\\/7e5945d4560862b7f2d2c6831bda2819\"},\"description\":\"Menton, la perle de la Riviera Fran\u00e7aise, est une destination id\u00e9ale pendant les mois de f\u00e9vrier et mars. Avec son climat doux, une riche histoire F\u00eate du Citron de Menton 2025\",\"breadcrumb\":{\"@id\":\"https:\\\/\\\/montecarloliving.com\\\/fr\\\/actualite\\\/fete-du-citron-de-menton-2025-tous-les-evenements-ne-pas-manquer-18856\\\/#breadcrumb\"},\"inLanguage\":\"fr-FR\",\"potentialAction\":[{\"@type\":\"ReadAction\",\"target\":[\"https:\\\/\\\/montecarloliving.com\\\/fr\\\/actualite\\\/fete-du-citron-de-menton-2025-tous-les-evenements-ne-pas-manquer-18856\\\/\"]}]},{\"@type\":\"ImageObject\",\"inLanguage\":\"fr-FR\",\"@id\":\"https:\\\/\\\/montecarloliving.com\\\/fr\\\/actualite\\\/fete-du-citron-de-menton-2025-tous-les-evenements-ne-pas-manquer-18856\\\/#primaryimage\",\"url\":\"https:\\\/\\\/montecarloliving.com\\\/wp-content\\\/uploads\\\/2025\\\/02\\\/come-coltivare-i-limoni-in-vaso-4.webp\",\"contentUrl\":\"https:\\\/\\\/montecarloliving.com\\\/wp-content\\\/uploads\\\/2025\\\/02\\\/come-coltivare-i-limoni-in-vaso-4.webp\",\"width\":2122,\"height\":1415},{\"@type\":\"BreadcrumbList\",\"@id\":\"https:\\\/\\\/montecarloliving.com\\\/fr\\\/actualite\\\/fete-du-citron-de-menton-2025-tous-les-evenements-ne-pas-manquer-18856\\\/#breadcrumb\",\"itemListElement\":[{\"@type\":\"ListItem\",\"position\":1,\"name\":\"Home\",\"item\":\"https:\\\/\\\/montecarloliving.com\\\/fr\\\/\"},{\"@type\":\"ListItem\",\"position\":2,\"name\":\"F\u00eate du Citron de Menton 2025 : Tous les \u00e9v\u00e9nements \u00e0 ne pas manquer\"}]},{\"@type\":\"WebSite\",\"@id\":\"https:\\\/\\\/montecarloliving.com\\\/fr\\\/#website\",\"url\":\"https:\\\/\\\/montecarloliving.com\\\/fr\\\/\",\"name\":\"Montecarlo Living\",\"description\":\"News da Montecarlo - Principato di Monaco e Costa Azzurra\",\"potentialAction\":[{\"@type\":\"SearchAction\",\"target\":{\"@type\":\"EntryPoint\",\"urlTemplate\":\"https:\\\/\\\/montecarloliving.com\\\/fr\\\/?s={search_term_string}\"},\"query-input\":{\"@type\":\"PropertyValueSpecification\",\"valueRequired\":true,\"valueName\":\"search_term_string\"}}],\"inLanguage\":\"fr-FR\"},{\"@type\":\"Person\",\"@id\":\"https:\\\/\\\/montecarloliving.com\\\/fr\\\/#\\\/schema\\\/person\\\/7e5945d4560862b7f2d2c6831bda2819\",\"name\":\"Redazione\",\"image\":{\"@type\":\"ImageObject\",\"inLanguage\":\"fr-FR\",\"@id\":\"https:\\\/\\\/secure.gravatar.com\\\/avatar\\\/8b5f26557e18fe74ad8e8a57ebb2925d88af8a90cee489ff2beefb391bc9b9c7?s=96&d=mm&r=g\",\"url\":\"https:\\\/\\\/secure.gravatar.com\\\/avatar\\\/8b5f26557e18fe74ad8e8a57ebb2925d88af8a90cee489ff2beefb391bc9b9c7?s=96&d=mm&r=g\",\"contentUrl\":\"https:\\\/\\\/secure.gravatar.com\\\/avatar\\\/8b5f26557e18fe74ad8e8a57ebb2925d88af8a90cee489ff2beefb391bc9b9c7?s=96&d=mm&r=g\",\"caption\":\"Redazione\"}}]}<\/script>\n<!-- \/ Yoast SEO plugin. -->","yoast_head_json":{"title":"F\u00eate du Citron de Menton 2025 : Tous les \u00e9v\u00e9nements \u00e0 ne pas manquer","description":"Menton, la perle de la Riviera Fran\u00e7aise, est une destination id\u00e9ale pendant les mois de f\u00e9vrier et mars. Avec son climat doux, une riche histoire F\u00eate du Citron de Menton 2025","robots":{"index":"index","follow":"follow","max-snippet":"max-snippet:-1","max-image-preview":"max-image-preview:large","max-video-preview":"max-video-preview:-1"},"canonical":"https:\/\/montecarloliving.com\/fr\/actualite\/fete-du-citron-de-menton-2025-tous-les-evenements-ne-pas-manquer-18856\/","og_locale":"fr_FR","og_title":"F\u00eate du Citron de Menton 2025 : Tous les \u00e9v\u00e9nements \u00e0 ne pas manquer","og_description":"Menton, la perle de la Riviera Fran\u00e7aise, est une destination id\u00e9ale pendant les mois de f\u00e9vrier et mars. Avec son climat doux, une riche histoire F\u00eate du Citron de Menton 2025","og_url":"https:\/\/montecarloliving.com\/fr\/actualite\/fete-du-citron-de-menton-2025-tous-les-evenements-ne-pas-manquer-18856\/","og_site_name":"Montecarlo Living","article_publisher":"https:\/\/www.facebook.com\/montecarlolivingcom\/","article_published_time":"2025-02-05T09:23:05+00:00","article_modified_time":"2025-02-05T09:29:06+00:00","og_image":[{"width":650,"height":400,"url":"https:\/\/montecarloliving.com\/wp-content\/uploads\/2025\/02\/come-coltivare-i-limoni-in-vaso-4-650x400.webp","type":"image\/webp"}],"author":"Redazione","twitter_card":"summary_large_image","twitter_creator":"@MonteCarloLivi","twitter_site":"@MonteCarloLivi","twitter_misc":{"\u00c9crit par":"Redazione","Dur\u00e9e de lecture estim\u00e9e":"4 minutes"},"schema":{"@context":"https:\/\/schema.org","@graph":[{"@type":"Article","@id":"https:\/\/montecarloliving.com\/fr\/actualite\/fete-du-citron-de-menton-2025-tous-les-evenements-ne-pas-manquer-18856\/#article","isPartOf":{"@id":"https:\/\/montecarloliving.com\/fr\/actualite\/fete-du-citron-de-menton-2025-tous-les-evenements-ne-pas-manquer-18856\/"},"author":{"name":"Redazione","@id":"https:\/\/montecarloliving.com\/fr\/#\/schema\/person\/7e5945d4560862b7f2d2c6831bda2819"},"headline":"F\u00eate du Citron de Menton 2025 : Tous les \u00e9v\u00e9nements \u00e0 ne pas manquer","datePublished":"2025-02-05T09:23:05+00:00","dateModified":"2025-02-05T09:29:06+00:00","mainEntityOfPage":{"@id":"https:\/\/montecarloliving.com\/fr\/actualite\/fete-du-citron-de-menton-2025-tous-les-evenements-ne-pas-manquer-18856\/"},"wordCount":733,"image":{"@id":"https:\/\/montecarloliving.com\/fr\/actualite\/fete-du-citron-de-menton-2025-tous-les-evenements-ne-pas-manquer-18856\/#primaryimage"},"thumbnailUrl":"https:\/\/montecarloliving.com\/wp-content\/uploads\/2025\/02\/come-coltivare-i-limoni-in-vaso-4.webp","articleSection":["Actualit\u00e9","\u00c9v\u00e9nements","Menton"],"inLanguage":"fr-FR"},{"@type":"WebPage","@id":"https:\/\/montecarloliving.com\/fr\/actualite\/fete-du-citron-de-menton-2025-tous-les-evenements-ne-pas-manquer-18856\/","url":"https:\/\/montecarloliving.com\/fr\/actualite\/fete-du-citron-de-menton-2025-tous-les-evenements-ne-pas-manquer-18856\/","name":"F\u00eate du Citron de Menton 2025 : Tous les \u00e9v\u00e9nements \u00e0 ne pas manquer","isPartOf":{"@id":"https:\/\/montecarloliving.com\/fr\/#website"},"primaryImageOfPage":{"@id":"https:\/\/montecarloliving.com\/fr\/actualite\/fete-du-citron-de-menton-2025-tous-les-evenements-ne-pas-manquer-18856\/#primaryimage"},"image":{"@id":"https:\/\/montecarloliving.com\/fr\/actualite\/fete-du-citron-de-menton-2025-tous-les-evenements-ne-pas-manquer-18856\/#primaryimage"},"thumbnailUrl":"https:\/\/montecarloliving.com\/wp-content\/uploads\/2025\/02\/come-coltivare-i-limoni-in-vaso-4.webp","datePublished":"2025-02-05T09:23:05+00:00","dateModified":"2025-02-05T09:29:06+00:00","author":{"@id":"https:\/\/montecarloliving.com\/fr\/#\/schema\/person\/7e5945d4560862b7f2d2c6831bda2819"},"description":"Menton, la perle de la Riviera Fran\u00e7aise, est une destination id\u00e9ale pendant les mois de f\u00e9vrier et mars. Avec son climat doux, une riche histoire F\u00eate du Citron de Menton 2025","breadcrumb":{"@id":"https:\/\/montecarloliving.com\/fr\/actualite\/fete-du-citron-de-menton-2025-tous-les-evenements-ne-pas-manquer-18856\/#breadcrumb"},"inLanguage":"fr-FR","potentialAction":[{"@type":"ReadAction","target":["https:\/\/montecarloliving.com\/fr\/actualite\/fete-du-citron-de-menton-2025-tous-les-evenements-ne-pas-manquer-18856\/"]}]},{"@type":"ImageObject","inLanguage":"fr-FR","@id":"https:\/\/montecarloliving.com\/fr\/actualite\/fete-du-citron-de-menton-2025-tous-les-evenements-ne-pas-manquer-18856\/#primaryimage","url":"https:\/\/montecarloliving.com\/wp-content\/uploads\/2025\/02\/come-coltivare-i-limoni-in-vaso-4.webp","contentUrl":"https:\/\/montecarloliving.com\/wp-content\/uploads\/2025\/02\/come-coltivare-i-limoni-in-vaso-4.webp","width":2122,"height":1415},{"@type":"BreadcrumbList","@id":"https:\/\/montecarloliving.com\/fr\/actualite\/fete-du-citron-de-menton-2025-tous-les-evenements-ne-pas-manquer-18856\/#breadcrumb","itemListElement":[{"@type":"ListItem","position":1,"name":"Home","item":"https:\/\/montecarloliving.com\/fr\/"},{"@type":"ListItem","position":2,"name":"F\u00eate du Citron de Menton 2025 : Tous les \u00e9v\u00e9nements \u00e0 ne pas manquer"}]},{"@type":"WebSite","@id":"https:\/\/montecarloliving.com\/fr\/#website","url":"https:\/\/montecarloliving.com\/fr\/","name":"Montecarlo Living","description":"News da Montecarlo - Principato di Monaco e Costa Azzurra","potentialAction":[{"@type":"SearchAction","target":{"@type":"EntryPoint","urlTemplate":"https:\/\/montecarloliving.com\/fr\/?s={search_term_string}"},"query-input":{"@type":"PropertyValueSpecification","valueRequired":true,"valueName":"search_term_string"}}],"inLanguage":"fr-FR"},{"@type":"Person","@id":"https:\/\/montecarloliving.com\/fr\/#\/schema\/person\/7e5945d4560862b7f2d2c6831bda2819","name":"Redazione","image":{"@type":"ImageObject","inLanguage":"fr-FR","@id":"https:\/\/secure.gravatar.com\/avatar\/8b5f26557e18fe74ad8e8a57ebb2925d88af8a90cee489ff2beefb391bc9b9c7?s=96&d=mm&r=g","url":"https:\/\/secure.gravatar.com\/avatar\/8b5f26557e18fe74ad8e8a57ebb2925d88af8a90cee489ff2beefb391bc9b9c7?s=96&d=mm&r=g","contentUrl":"https:\/\/secure.gravatar.com\/avatar\/8b5f26557e18fe74ad8e8a57ebb2925d88af8a90cee489ff2beefb391bc9b9c7?s=96&d=mm&r=g","caption":"Redazione"}}]}},"_links":{"self":[{"href":"https:\/\/montecarloliving.com\/fr\/wp-json\/wp\/v2\/posts\/18856","targetHints":{"allow":["GET"]}}],"collection":[{"href":"https:\/\/montecarloliving.com\/fr\/wp-json\/wp\/v2\/posts"}],"about":[{"href":"https:\/\/montecarloliving.com\/fr\/wp-json\/wp\/v2\/types\/post"}],"author":[{"embeddable":true,"href":"https:\/\/montecarloliving.com\/fr\/wp-json\/wp\/v2\/users\/1"}],"replies":[{"embeddable":true,"href":"https:\/\/montecarloliving.com\/fr\/wp-json\/wp\/v2\/comments?post=18856"}],"version-history":[{"count":1,"href":"https:\/\/montecarloliving.com\/fr\/wp-json\/wp\/v2\/posts\/18856\/revisions"}],"predecessor-version":[{"id":18857,"href":"https:\/\/montecarloliving.com\/fr\/wp-json\/wp\/v2\/posts\/18856\/revisions\/18857"}],"wp:featuredmedia":[{"embeddable":true,"href":"https:\/\/montecarloliving.com\/fr\/wp-json\/wp\/v2\/media\/18852"}],"wp:attachment":[{"href":"https:\/\/montecarloliving.com\/fr\/wp-json\/wp\/v2\/media?parent=18856"}],"wp:term":[{"taxonomy":"category","embeddable":true,"href":"https:\/\/montecarloliving.com\/fr\/wp-json\/wp\/v2\/categories?post=18856"},{"taxonomy":"post_tag","embeddable":true,"href":"https:\/\/montecarloliving.com\/fr\/wp-json\/wp\/v2\/tags?post=18856"}],"curies":[{"name":"wp","href":"https:\/\/api.w.org\/{rel}","templated":true}]}}