{"id":18648,"date":"2025-01-30T09:00:46","date_gmt":"2025-01-30T08:00:46","guid":{"rendered":"https:\/\/montecarloliving.com\/?p=18648"},"modified":"2025-01-29T11:16:40","modified_gmt":"2025-01-29T10:16:40","slug":"quatrieme-reunion-de-commission-consultative-des-archives-dinteret-public","status":"publish","type":"post","link":"https:\/\/montecarloliving.com\/fr\/actualite\/quatrieme-reunion-de-commission-consultative-des-archives-dinteret-public-18648\/","title":{"rendered":"Quatri\u00e8me r\u00e9union de la Commission consultative des archives d\u2019int\u00e9r\u00eat public"},"content":{"rendered":"<p>La Commission consultative des archives d\u2019int\u00e9r\u00eat public (CCAIP), cr\u00e9\u00e9e par l\u2019Ordonnance souveraine du 25 mars 2021 relative aux archives d\u2019int\u00e9r\u00eat public, s\u2019est r\u00e9unie pour la quatri\u00e8me fois, le mardi 28 janvier, au Minist\u00e8re d\u2019Etat, sous la pr\u00e9sidence de Jean-Charles CURAU et en pr\u00e9sence de M. Marc VASSALLO, Secr\u00e9taire G\u00e9n\u00e9ral du Gouvernement.<br \/>\nLe rapport d\u2019activit\u00e9 de l\u2019ann\u00e9e 2024 de la Mission de pr\u00e9figuration des Archives nationales (MPAN) et du Service central des archives et de la documentation administrative (SCADA), qui lui est rattach\u00e9, a \u00e9t\u00e9 pr\u00e9sent\u00e9 aux membres de la Commission.<br \/>\nLes membres de la Commission ont pu constater la grande diversit\u00e9 des actions men\u00e9es l\u2019ann\u00e9e derni\u00e8re par ces deux entit\u00e9s du Gouvernement princier.<br \/>\nL\u2019accent a \u00e9t\u00e9 mis notamment sur le bond en avant r\u00e9alis\u00e9 en termes d\u2019offre de formation aux archivistes de la Principaut\u00e9, mais aussi de collecte d\u2019archives priv\u00e9es \u00e0 titre gracieux ou on\u00e9reux, de num\u00e9risation, restauration et inventaire des fonds conserv\u00e9s.<br \/>\nPar ailleurs, le d\u00e9p\u00f4t act\u00e9 r\u00e9cemment d\u2019une partie des archives patrimoniales anciennes du Conseil national aupr\u00e8s de la MPAN a \u00e9t\u00e9 annonc\u00e9 en s\u00e9ance. Il fait suite \u00e0 un premier d\u00e9p\u00f4t r\u00e9alis\u00e9 l\u2019ann\u00e9e derni\u00e8re par le Centre scientifique de Monaco. Il s\u2019agit des premiers d\u00e9p\u00f4ts d\u2019archives publiques ne relevant pas de l\u2019Ex\u00e9cutif et cela marque une \u00e9tape importante dans le projet d\u2019Archives nationales.<br \/>\nDes discussions sont en cours avec d\u2019autres grandes institutions de la Principaut\u00e9. La vocation de la MPAN et du projet d\u2019Archives nationales est en effet d\u2019aller bien au-del\u00e0 des archives du seul Ex\u00e9cutif, sur le principe d\u2019une maison commune ouverte aux divers producteurs d\u2019archives, notamment publiques, de Monaco. Ces premiers d\u00e9p\u00f4ts sont un symbole fort de ce projet collectif.<br \/>\nAu-del\u00e0 de la pr\u00e9sentation du rapport d\u2019activit\u00e9, les \u00e9changes furent riches et ont abord\u00e9 des probl\u00e9matiques vari\u00e9es, notamment la gestion des archives communales lors d\u2019une pr\u00e9sentation dense des archivistes communaux, mais aussi la n\u00e9cessaire articulation entre protection des donn\u00e9es personnelles et archives patrimoniales, autour notamment des imp\u00e9ratifs de pr\u00e9servation des donn\u00e9es personnelles \u00e0 valeur historique, scientifique, statistique, etc., \u00e0 transmettre aux g\u00e9n\u00e9rations futures.<br \/>\nDiverses recommandations ont \u00e9t\u00e9 adopt\u00e9es par la Commission, entre autres pour accentuer l\u2019\u0153uvre de modernisation des archives publiques et parapubliques.<\/p>\n","protected":false},"excerpt":{"rendered":"<p>La Commission consultative des archives d\u2019int\u00e9r\u00eat public (CCAIP), cr\u00e9\u00e9e par l\u2019Ordonnance souveraine du 25 mars 2021 relative aux archives d\u2019int\u00e9r\u00eat public, s\u2019est r\u00e9unie pour la quatri\u00e8me fois, le mardi 28 janvier, au Minist\u00e8re d\u2019Etat, sous la pr\u00e9sidence de Jean-Charles CURAU et en pr\u00e9sence de [&hellip;]<\/p>\n","protected":false},"author":1,"featured_media":18649,"comment_status":"closed","ping_status":"closed","sticky":false,"template":"","format":"standard","meta":{"footnotes":""},"categories":[827,875,867],"tags":[],"class_list":["post-18648","post","type-post","status-publish","format-standard","has-post-thumbnail","hentry","category-actualite","category-actualite-monaco","category-monaco-fr"],"yoast_head":"<!-- This site is optimized with the Yoast SEO plugin v27.5 - https:\/\/yoast.com\/product\/yoast-seo-wordpress\/ -->\n<title>Quatri\u00e8me r\u00e9union de la Commission consultative des archives d\u2019int\u00e9r\u00eat public<\/title>\n<meta name=\"description\" content=\"La Commission consultative des archives d\u2019int\u00e9r\u00eat public (CCAIP), cr\u00e9\u00e9e par l\u2019Ordonnance souveraine du 25 mars 2021 relative aux archives d\u2019int\u00e9r\u00eat Quatri\u00e8me r\u00e9union de la Commission consultative des archives d\u2019int\u00e9r\u00eat public\" \/>\n<meta name=\"robots\" content=\"index, follow, max-snippet:-1, max-image-preview:large, max-video-preview:-1\" \/>\n<link rel=\"canonical\" href=\"https:\/\/montecarloliving.com\/fr\/actualite\/quatrieme-reunion-de-commission-consultative-des-archives-dinteret-public-18648\/\" \/>\n<meta property=\"og:locale\" content=\"fr_FR\" \/>\n<meta property=\"og:title\" content=\"Quatri\u00e8me r\u00e9union de la Commission consultative des archives d\u2019int\u00e9r\u00eat public\" \/>\n<meta property=\"og:description\" content=\"La Commission consultative des archives d\u2019int\u00e9r\u00eat public (CCAIP), cr\u00e9\u00e9e par l\u2019Ordonnance souveraine du 25 mars 2021 relative aux archives d\u2019int\u00e9r\u00eat Quatri\u00e8me r\u00e9union de la Commission consultative des archives d\u2019int\u00e9r\u00eat public\" \/>\n<meta property=\"og:url\" content=\"https:\/\/montecarloliving.com\/fr\/actualite\/quatrieme-reunion-de-commission-consultative-des-archives-dinteret-public-18648\/\" \/>\n<meta property=\"og:site_name\" content=\"Montecarlo Living\" \/>\n<meta property=\"article:publisher\" content=\"https:\/\/www.facebook.com\/montecarlolivingcom\/\" \/>\n<meta property=\"article:published_time\" content=\"2025-01-30T08:00:46+00:00\" \/>\n<meta property=\"og:image\" content=\"https:\/\/montecarloliving.com\/wp-content\/uploads\/2025\/01\/Reunion-Commission-Consultative-des-Archives-dinteret-public.-\u00a9Direction-de-la-Communication_Manuel-Vitali-650x400.jpg\" \/>\n\t<meta property=\"og:image:width\" content=\"650\" \/>\n\t<meta property=\"og:image:height\" content=\"400\" \/>\n\t<meta property=\"og:image:type\" content=\"image\/jpeg\" \/>\n<meta name=\"author\" content=\"Redazione\" \/>\n<meta name=\"twitter:card\" content=\"summary_large_image\" \/>\n<meta name=\"twitter:creator\" content=\"@MonteCarloLivi\" \/>\n<meta name=\"twitter:site\" content=\"@MonteCarloLivi\" \/>\n<meta name=\"twitter:label1\" content=\"\u00c9crit par\" \/>\n\t<meta name=\"twitter:data1\" content=\"Redazione\" \/>\n\t<meta name=\"twitter:label2\" content=\"Dur\u00e9e de lecture estim\u00e9e\" \/>\n\t<meta name=\"twitter:data2\" content=\"3 minutes\" \/>\n<script type=\"application\/ld+json\" class=\"yoast-schema-graph\">{\"@context\":\"https:\\\/\\\/schema.org\",\"@graph\":[{\"@type\":\"Article\",\"@id\":\"https:\\\/\\\/montecarloliving.com\\\/fr\\\/actualite\\\/quatrieme-reunion-de-commission-consultative-des-archives-dinteret-public-18648\\\/#article\",\"isPartOf\":{\"@id\":\"https:\\\/\\\/montecarloliving.com\\\/fr\\\/actualite\\\/quatrieme-reunion-de-commission-consultative-des-archives-dinteret-public-18648\\\/\"},\"author\":{\"name\":\"Redazione\",\"@id\":\"https:\\\/\\\/montecarloliving.com\\\/fr\\\/#\\\/schema\\\/person\\\/7e5945d4560862b7f2d2c6831bda2819\"},\"headline\":\"Quatri\u00e8me r\u00e9union de la Commission consultative des archives d\u2019int\u00e9r\u00eat public\",\"datePublished\":\"2025-01-30T08:00:46+00:00\",\"mainEntityOfPage\":{\"@id\":\"https:\\\/\\\/montecarloliving.com\\\/fr\\\/actualite\\\/quatrieme-reunion-de-commission-consultative-des-archives-dinteret-public-18648\\\/\"},\"wordCount\":443,\"image\":{\"@id\":\"https:\\\/\\\/montecarloliving.com\\\/fr\\\/actualite\\\/quatrieme-reunion-de-commission-consultative-des-archives-dinteret-public-18648\\\/#primaryimage\"},\"thumbnailUrl\":\"https:\\\/\\\/montecarloliving.com\\\/wp-content\\\/uploads\\\/2025\\\/01\\\/Reunion-Commission-Consultative-des-Archives-dinteret-public.-\u00a9Direction-de-la-Communication_Manuel-Vitali-scaled.jpg\",\"articleSection\":[\"Actualit\u00e9\",\"Actualit\u00e9 \u00e0 Monaco\",\"Monaco\"],\"inLanguage\":\"fr-FR\"},{\"@type\":\"WebPage\",\"@id\":\"https:\\\/\\\/montecarloliving.com\\\/fr\\\/actualite\\\/quatrieme-reunion-de-commission-consultative-des-archives-dinteret-public-18648\\\/\",\"url\":\"https:\\\/\\\/montecarloliving.com\\\/fr\\\/actualite\\\/quatrieme-reunion-de-commission-consultative-des-archives-dinteret-public-18648\\\/\",\"name\":\"Quatri\u00e8me r\u00e9union de la Commission consultative des archives d\u2019int\u00e9r\u00eat public\",\"isPartOf\":{\"@id\":\"https:\\\/\\\/montecarloliving.com\\\/fr\\\/#website\"},\"primaryImageOfPage\":{\"@id\":\"https:\\\/\\\/montecarloliving.com\\\/fr\\\/actualite\\\/quatrieme-reunion-de-commission-consultative-des-archives-dinteret-public-18648\\\/#primaryimage\"},\"image\":{\"@id\":\"https:\\\/\\\/montecarloliving.com\\\/fr\\\/actualite\\\/quatrieme-reunion-de-commission-consultative-des-archives-dinteret-public-18648\\\/#primaryimage\"},\"thumbnailUrl\":\"https:\\\/\\\/montecarloliving.com\\\/wp-content\\\/uploads\\\/2025\\\/01\\\/Reunion-Commission-Consultative-des-Archives-dinteret-public.-\u00a9Direction-de-la-Communication_Manuel-Vitali-scaled.jpg\",\"datePublished\":\"2025-01-30T08:00:46+00:00\",\"author\":{\"@id\":\"https:\\\/\\\/montecarloliving.com\\\/fr\\\/#\\\/schema\\\/person\\\/7e5945d4560862b7f2d2c6831bda2819\"},\"description\":\"La Commission consultative des archives d\u2019int\u00e9r\u00eat public (CCAIP), cr\u00e9\u00e9e par l\u2019Ordonnance souveraine du 25 mars 2021 relative aux archives d\u2019int\u00e9r\u00eat Quatri\u00e8me r\u00e9union de la Commission consultative des archives d\u2019int\u00e9r\u00eat public\",\"breadcrumb\":{\"@id\":\"https:\\\/\\\/montecarloliving.com\\\/fr\\\/actualite\\\/quatrieme-reunion-de-commission-consultative-des-archives-dinteret-public-18648\\\/#breadcrumb\"},\"inLanguage\":\"fr-FR\",\"potentialAction\":[{\"@type\":\"ReadAction\",\"target\":[\"https:\\\/\\\/montecarloliving.com\\\/fr\\\/actualite\\\/quatrieme-reunion-de-commission-consultative-des-archives-dinteret-public-18648\\\/\"]}]},{\"@type\":\"ImageObject\",\"inLanguage\":\"fr-FR\",\"@id\":\"https:\\\/\\\/montecarloliving.com\\\/fr\\\/actualite\\\/quatrieme-reunion-de-commission-consultative-des-archives-dinteret-public-18648\\\/#primaryimage\",\"url\":\"https:\\\/\\\/montecarloliving.com\\\/wp-content\\\/uploads\\\/2025\\\/01\\\/Reunion-Commission-Consultative-des-Archives-dinteret-public.-\u00a9Direction-de-la-Communication_Manuel-Vitali-scaled.jpg\",\"contentUrl\":\"https:\\\/\\\/montecarloliving.com\\\/wp-content\\\/uploads\\\/2025\\\/01\\\/Reunion-Commission-Consultative-des-Archives-dinteret-public.-\u00a9Direction-de-la-Communication_Manuel-Vitali-scaled.jpg\",\"width\":2560,\"height\":1707},{\"@type\":\"BreadcrumbList\",\"@id\":\"https:\\\/\\\/montecarloliving.com\\\/fr\\\/actualite\\\/quatrieme-reunion-de-commission-consultative-des-archives-dinteret-public-18648\\\/#breadcrumb\",\"itemListElement\":[{\"@type\":\"ListItem\",\"position\":1,\"name\":\"Home\",\"item\":\"https:\\\/\\\/montecarloliving.com\\\/fr\\\/\"},{\"@type\":\"ListItem\",\"position\":2,\"name\":\"Quatri\u00e8me r\u00e9union de la Commission consultative des archives d\u2019int\u00e9r\u00eat public\"}]},{\"@type\":\"WebSite\",\"@id\":\"https:\\\/\\\/montecarloliving.com\\\/fr\\\/#website\",\"url\":\"https:\\\/\\\/montecarloliving.com\\\/fr\\\/\",\"name\":\"Montecarlo Living\",\"description\":\"News da Montecarlo - Principato di Monaco e Costa Azzurra\",\"potentialAction\":[{\"@type\":\"SearchAction\",\"target\":{\"@type\":\"EntryPoint\",\"urlTemplate\":\"https:\\\/\\\/montecarloliving.com\\\/fr\\\/?s={search_term_string}\"},\"query-input\":{\"@type\":\"PropertyValueSpecification\",\"valueRequired\":true,\"valueName\":\"search_term_string\"}}],\"inLanguage\":\"fr-FR\"},{\"@type\":\"Person\",\"@id\":\"https:\\\/\\\/montecarloliving.com\\\/fr\\\/#\\\/schema\\\/person\\\/7e5945d4560862b7f2d2c6831bda2819\",\"name\":\"Redazione\",\"image\":{\"@type\":\"ImageObject\",\"inLanguage\":\"fr-FR\",\"@id\":\"https:\\\/\\\/secure.gravatar.com\\\/avatar\\\/8b5f26557e18fe74ad8e8a57ebb2925d88af8a90cee489ff2beefb391bc9b9c7?s=96&d=mm&r=g\",\"url\":\"https:\\\/\\\/secure.gravatar.com\\\/avatar\\\/8b5f26557e18fe74ad8e8a57ebb2925d88af8a90cee489ff2beefb391bc9b9c7?s=96&d=mm&r=g\",\"contentUrl\":\"https:\\\/\\\/secure.gravatar.com\\\/avatar\\\/8b5f26557e18fe74ad8e8a57ebb2925d88af8a90cee489ff2beefb391bc9b9c7?s=96&d=mm&r=g\",\"caption\":\"Redazione\"}}]}<\/script>\n<!-- \/ Yoast SEO plugin. -->","yoast_head_json":{"title":"Quatri\u00e8me r\u00e9union de la Commission consultative des archives d\u2019int\u00e9r\u00eat public","description":"La Commission consultative des archives d\u2019int\u00e9r\u00eat public (CCAIP), cr\u00e9\u00e9e par l\u2019Ordonnance souveraine du 25 mars 2021 relative aux archives d\u2019int\u00e9r\u00eat Quatri\u00e8me r\u00e9union de la Commission consultative des archives d\u2019int\u00e9r\u00eat public","robots":{"index":"index","follow":"follow","max-snippet":"max-snippet:-1","max-image-preview":"max-image-preview:large","max-video-preview":"max-video-preview:-1"},"canonical":"https:\/\/montecarloliving.com\/fr\/actualite\/quatrieme-reunion-de-commission-consultative-des-archives-dinteret-public-18648\/","og_locale":"fr_FR","og_title":"Quatri\u00e8me r\u00e9union de la Commission consultative des archives d\u2019int\u00e9r\u00eat public","og_description":"La Commission consultative des archives d\u2019int\u00e9r\u00eat public (CCAIP), cr\u00e9\u00e9e par l\u2019Ordonnance souveraine du 25 mars 2021 relative aux archives d\u2019int\u00e9r\u00eat Quatri\u00e8me r\u00e9union de la Commission consultative des archives d\u2019int\u00e9r\u00eat public","og_url":"https:\/\/montecarloliving.com\/fr\/actualite\/quatrieme-reunion-de-commission-consultative-des-archives-dinteret-public-18648\/","og_site_name":"Montecarlo Living","article_publisher":"https:\/\/www.facebook.com\/montecarlolivingcom\/","article_published_time":"2025-01-30T08:00:46+00:00","og_image":[{"width":650,"height":400,"url":"https:\/\/montecarloliving.com\/wp-content\/uploads\/2025\/01\/Reunion-Commission-Consultative-des-Archives-dinteret-public.-\u00a9Direction-de-la-Communication_Manuel-Vitali-650x400.jpg","type":"image\/jpeg"}],"author":"Redazione","twitter_card":"summary_large_image","twitter_creator":"@MonteCarloLivi","twitter_site":"@MonteCarloLivi","twitter_misc":{"\u00c9crit par":"Redazione","Dur\u00e9e de lecture estim\u00e9e":"3 minutes"},"schema":{"@context":"https:\/\/schema.org","@graph":[{"@type":"Article","@id":"https:\/\/montecarloliving.com\/fr\/actualite\/quatrieme-reunion-de-commission-consultative-des-archives-dinteret-public-18648\/#article","isPartOf":{"@id":"https:\/\/montecarloliving.com\/fr\/actualite\/quatrieme-reunion-de-commission-consultative-des-archives-dinteret-public-18648\/"},"author":{"name":"Redazione","@id":"https:\/\/montecarloliving.com\/fr\/#\/schema\/person\/7e5945d4560862b7f2d2c6831bda2819"},"headline":"Quatri\u00e8me r\u00e9union de la Commission consultative des archives d\u2019int\u00e9r\u00eat public","datePublished":"2025-01-30T08:00:46+00:00","mainEntityOfPage":{"@id":"https:\/\/montecarloliving.com\/fr\/actualite\/quatrieme-reunion-de-commission-consultative-des-archives-dinteret-public-18648\/"},"wordCount":443,"image":{"@id":"https:\/\/montecarloliving.com\/fr\/actualite\/quatrieme-reunion-de-commission-consultative-des-archives-dinteret-public-18648\/#primaryimage"},"thumbnailUrl":"https:\/\/montecarloliving.com\/wp-content\/uploads\/2025\/01\/Reunion-Commission-Consultative-des-Archives-dinteret-public.-\u00a9Direction-de-la-Communication_Manuel-Vitali-scaled.jpg","articleSection":["Actualit\u00e9","Actualit\u00e9 \u00e0 Monaco","Monaco"],"inLanguage":"fr-FR"},{"@type":"WebPage","@id":"https:\/\/montecarloliving.com\/fr\/actualite\/quatrieme-reunion-de-commission-consultative-des-archives-dinteret-public-18648\/","url":"https:\/\/montecarloliving.com\/fr\/actualite\/quatrieme-reunion-de-commission-consultative-des-archives-dinteret-public-18648\/","name":"Quatri\u00e8me r\u00e9union de la Commission consultative des archives d\u2019int\u00e9r\u00eat public","isPartOf":{"@id":"https:\/\/montecarloliving.com\/fr\/#website"},"primaryImageOfPage":{"@id":"https:\/\/montecarloliving.com\/fr\/actualite\/quatrieme-reunion-de-commission-consultative-des-archives-dinteret-public-18648\/#primaryimage"},"image":{"@id":"https:\/\/montecarloliving.com\/fr\/actualite\/quatrieme-reunion-de-commission-consultative-des-archives-dinteret-public-18648\/#primaryimage"},"thumbnailUrl":"https:\/\/montecarloliving.com\/wp-content\/uploads\/2025\/01\/Reunion-Commission-Consultative-des-Archives-dinteret-public.-\u00a9Direction-de-la-Communication_Manuel-Vitali-scaled.jpg","datePublished":"2025-01-30T08:00:46+00:00","author":{"@id":"https:\/\/montecarloliving.com\/fr\/#\/schema\/person\/7e5945d4560862b7f2d2c6831bda2819"},"description":"La Commission consultative des archives d\u2019int\u00e9r\u00eat public (CCAIP), cr\u00e9\u00e9e par l\u2019Ordonnance souveraine du 25 mars 2021 relative aux archives d\u2019int\u00e9r\u00eat Quatri\u00e8me r\u00e9union de la Commission consultative des archives d\u2019int\u00e9r\u00eat public","breadcrumb":{"@id":"https:\/\/montecarloliving.com\/fr\/actualite\/quatrieme-reunion-de-commission-consultative-des-archives-dinteret-public-18648\/#breadcrumb"},"inLanguage":"fr-FR","potentialAction":[{"@type":"ReadAction","target":["https:\/\/montecarloliving.com\/fr\/actualite\/quatrieme-reunion-de-commission-consultative-des-archives-dinteret-public-18648\/"]}]},{"@type":"ImageObject","inLanguage":"fr-FR","@id":"https:\/\/montecarloliving.com\/fr\/actualite\/quatrieme-reunion-de-commission-consultative-des-archives-dinteret-public-18648\/#primaryimage","url":"https:\/\/montecarloliving.com\/wp-content\/uploads\/2025\/01\/Reunion-Commission-Consultative-des-Archives-dinteret-public.-\u00a9Direction-de-la-Communication_Manuel-Vitali-scaled.jpg","contentUrl":"https:\/\/montecarloliving.com\/wp-content\/uploads\/2025\/01\/Reunion-Commission-Consultative-des-Archives-dinteret-public.-\u00a9Direction-de-la-Communication_Manuel-Vitali-scaled.jpg","width":2560,"height":1707},{"@type":"BreadcrumbList","@id":"https:\/\/montecarloliving.com\/fr\/actualite\/quatrieme-reunion-de-commission-consultative-des-archives-dinteret-public-18648\/#breadcrumb","itemListElement":[{"@type":"ListItem","position":1,"name":"Home","item":"https:\/\/montecarloliving.com\/fr\/"},{"@type":"ListItem","position":2,"name":"Quatri\u00e8me r\u00e9union de la Commission consultative des archives d\u2019int\u00e9r\u00eat public"}]},{"@type":"WebSite","@id":"https:\/\/montecarloliving.com\/fr\/#website","url":"https:\/\/montecarloliving.com\/fr\/","name":"Montecarlo Living","description":"News da Montecarlo - Principato di Monaco e Costa Azzurra","potentialAction":[{"@type":"SearchAction","target":{"@type":"EntryPoint","urlTemplate":"https:\/\/montecarloliving.com\/fr\/?s={search_term_string}"},"query-input":{"@type":"PropertyValueSpecification","valueRequired":true,"valueName":"search_term_string"}}],"inLanguage":"fr-FR"},{"@type":"Person","@id":"https:\/\/montecarloliving.com\/fr\/#\/schema\/person\/7e5945d4560862b7f2d2c6831bda2819","name":"Redazione","image":{"@type":"ImageObject","inLanguage":"fr-FR","@id":"https:\/\/secure.gravatar.com\/avatar\/8b5f26557e18fe74ad8e8a57ebb2925d88af8a90cee489ff2beefb391bc9b9c7?s=96&d=mm&r=g","url":"https:\/\/secure.gravatar.com\/avatar\/8b5f26557e18fe74ad8e8a57ebb2925d88af8a90cee489ff2beefb391bc9b9c7?s=96&d=mm&r=g","contentUrl":"https:\/\/secure.gravatar.com\/avatar\/8b5f26557e18fe74ad8e8a57ebb2925d88af8a90cee489ff2beefb391bc9b9c7?s=96&d=mm&r=g","caption":"Redazione"}}]}},"_links":{"self":[{"href":"https:\/\/montecarloliving.com\/fr\/wp-json\/wp\/v2\/posts\/18648","targetHints":{"allow":["GET"]}}],"collection":[{"href":"https:\/\/montecarloliving.com\/fr\/wp-json\/wp\/v2\/posts"}],"about":[{"href":"https:\/\/montecarloliving.com\/fr\/wp-json\/wp\/v2\/types\/post"}],"author":[{"embeddable":true,"href":"https:\/\/montecarloliving.com\/fr\/wp-json\/wp\/v2\/users\/1"}],"replies":[{"embeddable":true,"href":"https:\/\/montecarloliving.com\/fr\/wp-json\/wp\/v2\/comments?post=18648"}],"version-history":[{"count":1,"href":"https:\/\/montecarloliving.com\/fr\/wp-json\/wp\/v2\/posts\/18648\/revisions"}],"predecessor-version":[{"id":18652,"href":"https:\/\/montecarloliving.com\/fr\/wp-json\/wp\/v2\/posts\/18648\/revisions\/18652"}],"wp:featuredmedia":[{"embeddable":true,"href":"https:\/\/montecarloliving.com\/fr\/wp-json\/wp\/v2\/media\/18649"}],"wp:attachment":[{"href":"https:\/\/montecarloliving.com\/fr\/wp-json\/wp\/v2\/media?parent=18648"}],"wp:term":[{"taxonomy":"category","embeddable":true,"href":"https:\/\/montecarloliving.com\/fr\/wp-json\/wp\/v2\/categories?post=18648"},{"taxonomy":"post_tag","embeddable":true,"href":"https:\/\/montecarloliving.com\/fr\/wp-json\/wp\/v2\/tags?post=18648"}],"curies":[{"name":"wp","href":"https:\/\/api.w.org\/{rel}","templated":true}]}}