{"id":18634,"date":"2025-01-29T10:36:58","date_gmt":"2025-01-29T09:36:58","guid":{"rendered":"https:\/\/montecarloliving.com\/?p=18634"},"modified":"2025-01-29T10:36:58","modified_gmt":"2025-01-29T09:36:58","slug":"ceremonie-des-voeux-de-direction-de-surete-publique","status":"publish","type":"post","link":"https:\/\/montecarloliving.com\/fr\/actualite\/ceremonie-des-voeux-de-direction-de-surete-publique-18634\/","title":{"rendered":"C\u00e9r\u00e9monie des V\u0153ux de la Direction de la S\u00fbret\u00e9 publique"},"content":{"rendered":"<p>La traditionnelle C\u00e9r\u00e9monie des V\u0153ux de la Direction de la S\u00fbret\u00e9 publique s\u2019est d\u00e9roul\u00e9e ce matin, sous la pr\u00e9sidence de S.A.S. le Prince Souverain, en pr\u00e9sence du Conseiller de Gouvernement &#8211; Ministre de l\u2019Int\u00e9rieur, Lionel BEFFRE, et des plus hautes autorit\u00e9s mon\u00e9gasques.<br \/>\nLe Directeur de la S\u00fbret\u00e9 publique, Eric ARELLA, nomm\u00e9 depuis septembre dernier \u00e0 la t\u00eate des 620 hommes et femmes qui composent la Direction de la S\u00fbret\u00e9 publique, est revenu sur les moments forts de l\u2019ann\u00e9e 2024 et a \u00e9voqu\u00e9 les statistiques d\u2019une d\u00e9linquance qui reste largement ma\u00eetris\u00e9e en Principaut\u00e9, mais \u00e9galement les pistes d\u2019am\u00e9lioration qu\u2019il envisage de mettre en \u0153uvre au cours des mois \u00e0 venir.<br \/>\nAu moment d\u2019adresser ses v\u0153ux chaleureux \u00e0 l\u2019ensemble des personnes pr\u00e9sentes et \u00e0 ses personnels, M. ARELLA a \u00e9galement eu une pens\u00e9e pour saluer la m\u00e9moire de S.E. M. le Ministre d\u2019Etat, Didier GUILLAUME.<\/p>\n<p><a href=\"https:\/\/montecarloliving.com\/wp-content\/uploads\/2025\/01\/Ceremonie-des-VSux-de-la-Direction-de-la-Surete-Publique.pdf\">C\u00e9r\u00e9monie des VSux de la Direction de la S\u00fbret\u00e9 Publique<\/a><\/p>\n","protected":false},"excerpt":{"rendered":"<p>La traditionnelle C\u00e9r\u00e9monie des V\u0153ux de la Direction de la S\u00fbret\u00e9 publique s\u2019est d\u00e9roul\u00e9e ce matin, sous la pr\u00e9sidence de S.A.S. le Prince Souverain, en pr\u00e9sence du Conseiller de Gouvernement &#8211; Ministre de l\u2019Int\u00e9rieur, Lionel BEFFRE, et des plus hautes autorit\u00e9s mon\u00e9gasques. Le Directeur [&hellip;]<\/p>\n","protected":false},"author":1,"featured_media":18638,"comment_status":"closed","ping_status":"closed","sticky":false,"template":"","format":"standard","meta":{"footnotes":""},"categories":[827,875,867],"tags":[],"class_list":["post-18634","post","type-post","status-publish","format-standard","has-post-thumbnail","hentry","category-actualite","category-actualite-monaco","category-monaco-fr"],"yoast_head":"<!-- This site is optimized with the Yoast SEO plugin v27.5 - https:\/\/yoast.com\/product\/yoast-seo-wordpress\/ -->\n<title>C\u00e9r\u00e9monie des V\u0153ux de la Direction de la S\u00fbret\u00e9 publique<\/title>\n<meta name=\"description\" content=\"La traditionnelle C\u00e9r\u00e9monie des V\u0153ux de la Direction de la S\u00fbret\u00e9 publique s\u2019est d\u00e9roul\u00e9e ce matin, sous la pr\u00e9sidence de S.A.S. le Prince Souverain, en La traditionnelle C\u00e9r\u00e9monie des V\u0153ux de la Direction de la S\u00fbret\u00e9 publique\" \/>\n<meta name=\"robots\" content=\"index, follow, max-snippet:-1, max-image-preview:large, max-video-preview:-1\" \/>\n<link rel=\"canonical\" href=\"https:\/\/montecarloliving.com\/fr\/actualite\/ceremonie-des-voeux-de-direction-de-surete-publique-18634\/\" \/>\n<meta property=\"og:locale\" content=\"fr_FR\" \/>\n<meta property=\"og:title\" content=\"C\u00e9r\u00e9monie des V\u0153ux de la Direction de la S\u00fbret\u00e9 publique\" \/>\n<meta property=\"og:description\" content=\"La traditionnelle C\u00e9r\u00e9monie des V\u0153ux de la Direction de la S\u00fbret\u00e9 publique s\u2019est d\u00e9roul\u00e9e ce matin, sous la pr\u00e9sidence de S.A.S. le Prince Souverain, en La traditionnelle C\u00e9r\u00e9monie des V\u0153ux de la Direction de la S\u00fbret\u00e9 publique\" \/>\n<meta property=\"og:url\" content=\"https:\/\/montecarloliving.com\/fr\/actualite\/ceremonie-des-voeux-de-direction-de-surete-publique-18634\/\" \/>\n<meta property=\"og:site_name\" content=\"Montecarlo Living\" \/>\n<meta property=\"article:publisher\" content=\"https:\/\/www.facebook.com\/montecarlolivingcom\/\" \/>\n<meta property=\"article:published_time\" content=\"2025-01-29T09:36:58+00:00\" \/>\n<meta property=\"og:image\" content=\"https:\/\/montecarloliving.com\/wp-content\/uploads\/2025\/01\/Voeux-de-la-Direction-de-la-Surete-publique.-\u00a9Direction-de-la-Communication-Manuel-Vitali-650x400.jpg\" \/>\n\t<meta property=\"og:image:width\" content=\"650\" \/>\n\t<meta property=\"og:image:height\" content=\"400\" \/>\n\t<meta property=\"og:image:type\" content=\"image\/jpeg\" \/>\n<meta name=\"author\" content=\"Redazione\" \/>\n<meta name=\"twitter:card\" content=\"summary_large_image\" \/>\n<meta name=\"twitter:creator\" content=\"@MonteCarloLivi\" \/>\n<meta name=\"twitter:site\" content=\"@MonteCarloLivi\" \/>\n<meta name=\"twitter:label1\" content=\"\u00c9crit par\" \/>\n\t<meta name=\"twitter:data1\" content=\"Redazione\" \/>\n\t<meta name=\"twitter:label2\" content=\"Dur\u00e9e de lecture estim\u00e9e\" \/>\n\t<meta name=\"twitter:data2\" content=\"2 minutes\" \/>\n<script type=\"application\/ld+json\" class=\"yoast-schema-graph\">{\"@context\":\"https:\\\/\\\/schema.org\",\"@graph\":[{\"@type\":\"Article\",\"@id\":\"https:\\\/\\\/montecarloliving.com\\\/fr\\\/actualite\\\/ceremonie-des-voeux-de-direction-de-surete-publique-18634\\\/#article\",\"isPartOf\":{\"@id\":\"https:\\\/\\\/montecarloliving.com\\\/fr\\\/actualite\\\/ceremonie-des-voeux-de-direction-de-surete-publique-18634\\\/\"},\"author\":{\"name\":\"Redazione\",\"@id\":\"https:\\\/\\\/montecarloliving.com\\\/fr\\\/#\\\/schema\\\/person\\\/7e5945d4560862b7f2d2c6831bda2819\"},\"headline\":\"C\u00e9r\u00e9monie des V\u0153ux de la Direction de la S\u00fbret\u00e9 publique\",\"datePublished\":\"2025-01-29T09:36:58+00:00\",\"mainEntityOfPage\":{\"@id\":\"https:\\\/\\\/montecarloliving.com\\\/fr\\\/actualite\\\/ceremonie-des-voeux-de-direction-de-surete-publique-18634\\\/\"},\"wordCount\":199,\"image\":{\"@id\":\"https:\\\/\\\/montecarloliving.com\\\/fr\\\/actualite\\\/ceremonie-des-voeux-de-direction-de-surete-publique-18634\\\/#primaryimage\"},\"thumbnailUrl\":\"https:\\\/\\\/montecarloliving.com\\\/wp-content\\\/uploads\\\/2025\\\/01\\\/Voeux-de-la-Direction-de-la-Surete-publique.-\u00a9Direction-de-la-Communication-Manuel-Vitali.jpg\",\"articleSection\":[\"Actualit\u00e9\",\"Actualit\u00e9 \u00e0 Monaco\",\"Monaco\"],\"inLanguage\":\"fr-FR\"},{\"@type\":\"WebPage\",\"@id\":\"https:\\\/\\\/montecarloliving.com\\\/fr\\\/actualite\\\/ceremonie-des-voeux-de-direction-de-surete-publique-18634\\\/\",\"url\":\"https:\\\/\\\/montecarloliving.com\\\/fr\\\/actualite\\\/ceremonie-des-voeux-de-direction-de-surete-publique-18634\\\/\",\"name\":\"C\u00e9r\u00e9monie des V\u0153ux de la Direction de la S\u00fbret\u00e9 publique\",\"isPartOf\":{\"@id\":\"https:\\\/\\\/montecarloliving.com\\\/fr\\\/#website\"},\"primaryImageOfPage\":{\"@id\":\"https:\\\/\\\/montecarloliving.com\\\/fr\\\/actualite\\\/ceremonie-des-voeux-de-direction-de-surete-publique-18634\\\/#primaryimage\"},\"image\":{\"@id\":\"https:\\\/\\\/montecarloliving.com\\\/fr\\\/actualite\\\/ceremonie-des-voeux-de-direction-de-surete-publique-18634\\\/#primaryimage\"},\"thumbnailUrl\":\"https:\\\/\\\/montecarloliving.com\\\/wp-content\\\/uploads\\\/2025\\\/01\\\/Voeux-de-la-Direction-de-la-Surete-publique.-\u00a9Direction-de-la-Communication-Manuel-Vitali.jpg\",\"datePublished\":\"2025-01-29T09:36:58+00:00\",\"author\":{\"@id\":\"https:\\\/\\\/montecarloliving.com\\\/fr\\\/#\\\/schema\\\/person\\\/7e5945d4560862b7f2d2c6831bda2819\"},\"description\":\"La traditionnelle C\u00e9r\u00e9monie des V\u0153ux de la Direction de la S\u00fbret\u00e9 publique s\u2019est d\u00e9roul\u00e9e ce matin, sous la pr\u00e9sidence de S.A.S. le Prince Souverain, en La traditionnelle C\u00e9r\u00e9monie des V\u0153ux de la Direction de la S\u00fbret\u00e9 publique\",\"breadcrumb\":{\"@id\":\"https:\\\/\\\/montecarloliving.com\\\/fr\\\/actualite\\\/ceremonie-des-voeux-de-direction-de-surete-publique-18634\\\/#breadcrumb\"},\"inLanguage\":\"fr-FR\",\"potentialAction\":[{\"@type\":\"ReadAction\",\"target\":[\"https:\\\/\\\/montecarloliving.com\\\/fr\\\/actualite\\\/ceremonie-des-voeux-de-direction-de-surete-publique-18634\\\/\"]}]},{\"@type\":\"ImageObject\",\"inLanguage\":\"fr-FR\",\"@id\":\"https:\\\/\\\/montecarloliving.com\\\/fr\\\/actualite\\\/ceremonie-des-voeux-de-direction-de-surete-publique-18634\\\/#primaryimage\",\"url\":\"https:\\\/\\\/montecarloliving.com\\\/wp-content\\\/uploads\\\/2025\\\/01\\\/Voeux-de-la-Direction-de-la-Surete-publique.-\u00a9Direction-de-la-Communication-Manuel-Vitali.jpg\",\"contentUrl\":\"https:\\\/\\\/montecarloliving.com\\\/wp-content\\\/uploads\\\/2025\\\/01\\\/Voeux-de-la-Direction-de-la-Surete-publique.-\u00a9Direction-de-la-Communication-Manuel-Vitali.jpg\",\"width\":1297,\"height\":865},{\"@type\":\"BreadcrumbList\",\"@id\":\"https:\\\/\\\/montecarloliving.com\\\/fr\\\/actualite\\\/ceremonie-des-voeux-de-direction-de-surete-publique-18634\\\/#breadcrumb\",\"itemListElement\":[{\"@type\":\"ListItem\",\"position\":1,\"name\":\"Home\",\"item\":\"https:\\\/\\\/montecarloliving.com\\\/fr\\\/\"},{\"@type\":\"ListItem\",\"position\":2,\"name\":\"C\u00e9r\u00e9monie des V\u0153ux de la Direction de la S\u00fbret\u00e9 publique\"}]},{\"@type\":\"WebSite\",\"@id\":\"https:\\\/\\\/montecarloliving.com\\\/fr\\\/#website\",\"url\":\"https:\\\/\\\/montecarloliving.com\\\/fr\\\/\",\"name\":\"Montecarlo Living\",\"description\":\"News da Montecarlo - Principato di Monaco e Costa Azzurra\",\"potentialAction\":[{\"@type\":\"SearchAction\",\"target\":{\"@type\":\"EntryPoint\",\"urlTemplate\":\"https:\\\/\\\/montecarloliving.com\\\/fr\\\/?s={search_term_string}\"},\"query-input\":{\"@type\":\"PropertyValueSpecification\",\"valueRequired\":true,\"valueName\":\"search_term_string\"}}],\"inLanguage\":\"fr-FR\"},{\"@type\":\"Person\",\"@id\":\"https:\\\/\\\/montecarloliving.com\\\/fr\\\/#\\\/schema\\\/person\\\/7e5945d4560862b7f2d2c6831bda2819\",\"name\":\"Redazione\",\"image\":{\"@type\":\"ImageObject\",\"inLanguage\":\"fr-FR\",\"@id\":\"https:\\\/\\\/secure.gravatar.com\\\/avatar\\\/8b5f26557e18fe74ad8e8a57ebb2925d88af8a90cee489ff2beefb391bc9b9c7?s=96&d=mm&r=g\",\"url\":\"https:\\\/\\\/secure.gravatar.com\\\/avatar\\\/8b5f26557e18fe74ad8e8a57ebb2925d88af8a90cee489ff2beefb391bc9b9c7?s=96&d=mm&r=g\",\"contentUrl\":\"https:\\\/\\\/secure.gravatar.com\\\/avatar\\\/8b5f26557e18fe74ad8e8a57ebb2925d88af8a90cee489ff2beefb391bc9b9c7?s=96&d=mm&r=g\",\"caption\":\"Redazione\"}}]}<\/script>\n<!-- \/ Yoast SEO plugin. -->","yoast_head_json":{"title":"C\u00e9r\u00e9monie des V\u0153ux de la Direction de la S\u00fbret\u00e9 publique","description":"La traditionnelle C\u00e9r\u00e9monie des V\u0153ux de la Direction de la S\u00fbret\u00e9 publique s\u2019est d\u00e9roul\u00e9e ce matin, sous la pr\u00e9sidence de S.A.S. le Prince Souverain, en La traditionnelle C\u00e9r\u00e9monie des V\u0153ux de la Direction de la S\u00fbret\u00e9 publique","robots":{"index":"index","follow":"follow","max-snippet":"max-snippet:-1","max-image-preview":"max-image-preview:large","max-video-preview":"max-video-preview:-1"},"canonical":"https:\/\/montecarloliving.com\/fr\/actualite\/ceremonie-des-voeux-de-direction-de-surete-publique-18634\/","og_locale":"fr_FR","og_title":"C\u00e9r\u00e9monie des V\u0153ux de la Direction de la S\u00fbret\u00e9 publique","og_description":"La traditionnelle C\u00e9r\u00e9monie des V\u0153ux de la Direction de la S\u00fbret\u00e9 publique s\u2019est d\u00e9roul\u00e9e ce matin, sous la pr\u00e9sidence de S.A.S. le Prince Souverain, en La traditionnelle C\u00e9r\u00e9monie des V\u0153ux de la Direction de la S\u00fbret\u00e9 publique","og_url":"https:\/\/montecarloliving.com\/fr\/actualite\/ceremonie-des-voeux-de-direction-de-surete-publique-18634\/","og_site_name":"Montecarlo Living","article_publisher":"https:\/\/www.facebook.com\/montecarlolivingcom\/","article_published_time":"2025-01-29T09:36:58+00:00","og_image":[{"width":650,"height":400,"url":"https:\/\/montecarloliving.com\/wp-content\/uploads\/2025\/01\/Voeux-de-la-Direction-de-la-Surete-publique.-\u00a9Direction-de-la-Communication-Manuel-Vitali-650x400.jpg","type":"image\/jpeg"}],"author":"Redazione","twitter_card":"summary_large_image","twitter_creator":"@MonteCarloLivi","twitter_site":"@MonteCarloLivi","twitter_misc":{"\u00c9crit par":"Redazione","Dur\u00e9e de lecture estim\u00e9e":"2 minutes"},"schema":{"@context":"https:\/\/schema.org","@graph":[{"@type":"Article","@id":"https:\/\/montecarloliving.com\/fr\/actualite\/ceremonie-des-voeux-de-direction-de-surete-publique-18634\/#article","isPartOf":{"@id":"https:\/\/montecarloliving.com\/fr\/actualite\/ceremonie-des-voeux-de-direction-de-surete-publique-18634\/"},"author":{"name":"Redazione","@id":"https:\/\/montecarloliving.com\/fr\/#\/schema\/person\/7e5945d4560862b7f2d2c6831bda2819"},"headline":"C\u00e9r\u00e9monie des V\u0153ux de la Direction de la S\u00fbret\u00e9 publique","datePublished":"2025-01-29T09:36:58+00:00","mainEntityOfPage":{"@id":"https:\/\/montecarloliving.com\/fr\/actualite\/ceremonie-des-voeux-de-direction-de-surete-publique-18634\/"},"wordCount":199,"image":{"@id":"https:\/\/montecarloliving.com\/fr\/actualite\/ceremonie-des-voeux-de-direction-de-surete-publique-18634\/#primaryimage"},"thumbnailUrl":"https:\/\/montecarloliving.com\/wp-content\/uploads\/2025\/01\/Voeux-de-la-Direction-de-la-Surete-publique.-\u00a9Direction-de-la-Communication-Manuel-Vitali.jpg","articleSection":["Actualit\u00e9","Actualit\u00e9 \u00e0 Monaco","Monaco"],"inLanguage":"fr-FR"},{"@type":"WebPage","@id":"https:\/\/montecarloliving.com\/fr\/actualite\/ceremonie-des-voeux-de-direction-de-surete-publique-18634\/","url":"https:\/\/montecarloliving.com\/fr\/actualite\/ceremonie-des-voeux-de-direction-de-surete-publique-18634\/","name":"C\u00e9r\u00e9monie des V\u0153ux de la Direction de la S\u00fbret\u00e9 publique","isPartOf":{"@id":"https:\/\/montecarloliving.com\/fr\/#website"},"primaryImageOfPage":{"@id":"https:\/\/montecarloliving.com\/fr\/actualite\/ceremonie-des-voeux-de-direction-de-surete-publique-18634\/#primaryimage"},"image":{"@id":"https:\/\/montecarloliving.com\/fr\/actualite\/ceremonie-des-voeux-de-direction-de-surete-publique-18634\/#primaryimage"},"thumbnailUrl":"https:\/\/montecarloliving.com\/wp-content\/uploads\/2025\/01\/Voeux-de-la-Direction-de-la-Surete-publique.-\u00a9Direction-de-la-Communication-Manuel-Vitali.jpg","datePublished":"2025-01-29T09:36:58+00:00","author":{"@id":"https:\/\/montecarloliving.com\/fr\/#\/schema\/person\/7e5945d4560862b7f2d2c6831bda2819"},"description":"La traditionnelle C\u00e9r\u00e9monie des V\u0153ux de la Direction de la S\u00fbret\u00e9 publique s\u2019est d\u00e9roul\u00e9e ce matin, sous la pr\u00e9sidence de S.A.S. le Prince Souverain, en La traditionnelle C\u00e9r\u00e9monie des V\u0153ux de la Direction de la S\u00fbret\u00e9 publique","breadcrumb":{"@id":"https:\/\/montecarloliving.com\/fr\/actualite\/ceremonie-des-voeux-de-direction-de-surete-publique-18634\/#breadcrumb"},"inLanguage":"fr-FR","potentialAction":[{"@type":"ReadAction","target":["https:\/\/montecarloliving.com\/fr\/actualite\/ceremonie-des-voeux-de-direction-de-surete-publique-18634\/"]}]},{"@type":"ImageObject","inLanguage":"fr-FR","@id":"https:\/\/montecarloliving.com\/fr\/actualite\/ceremonie-des-voeux-de-direction-de-surete-publique-18634\/#primaryimage","url":"https:\/\/montecarloliving.com\/wp-content\/uploads\/2025\/01\/Voeux-de-la-Direction-de-la-Surete-publique.-\u00a9Direction-de-la-Communication-Manuel-Vitali.jpg","contentUrl":"https:\/\/montecarloliving.com\/wp-content\/uploads\/2025\/01\/Voeux-de-la-Direction-de-la-Surete-publique.-\u00a9Direction-de-la-Communication-Manuel-Vitali.jpg","width":1297,"height":865},{"@type":"BreadcrumbList","@id":"https:\/\/montecarloliving.com\/fr\/actualite\/ceremonie-des-voeux-de-direction-de-surete-publique-18634\/#breadcrumb","itemListElement":[{"@type":"ListItem","position":1,"name":"Home","item":"https:\/\/montecarloliving.com\/fr\/"},{"@type":"ListItem","position":2,"name":"C\u00e9r\u00e9monie des V\u0153ux de la Direction de la S\u00fbret\u00e9 publique"}]},{"@type":"WebSite","@id":"https:\/\/montecarloliving.com\/fr\/#website","url":"https:\/\/montecarloliving.com\/fr\/","name":"Montecarlo Living","description":"News da Montecarlo - Principato di Monaco e Costa Azzurra","potentialAction":[{"@type":"SearchAction","target":{"@type":"EntryPoint","urlTemplate":"https:\/\/montecarloliving.com\/fr\/?s={search_term_string}"},"query-input":{"@type":"PropertyValueSpecification","valueRequired":true,"valueName":"search_term_string"}}],"inLanguage":"fr-FR"},{"@type":"Person","@id":"https:\/\/montecarloliving.com\/fr\/#\/schema\/person\/7e5945d4560862b7f2d2c6831bda2819","name":"Redazione","image":{"@type":"ImageObject","inLanguage":"fr-FR","@id":"https:\/\/secure.gravatar.com\/avatar\/8b5f26557e18fe74ad8e8a57ebb2925d88af8a90cee489ff2beefb391bc9b9c7?s=96&d=mm&r=g","url":"https:\/\/secure.gravatar.com\/avatar\/8b5f26557e18fe74ad8e8a57ebb2925d88af8a90cee489ff2beefb391bc9b9c7?s=96&d=mm&r=g","contentUrl":"https:\/\/secure.gravatar.com\/avatar\/8b5f26557e18fe74ad8e8a57ebb2925d88af8a90cee489ff2beefb391bc9b9c7?s=96&d=mm&r=g","caption":"Redazione"}}]}},"_links":{"self":[{"href":"https:\/\/montecarloliving.com\/fr\/wp-json\/wp\/v2\/posts\/18634","targetHints":{"allow":["GET"]}}],"collection":[{"href":"https:\/\/montecarloliving.com\/fr\/wp-json\/wp\/v2\/posts"}],"about":[{"href":"https:\/\/montecarloliving.com\/fr\/wp-json\/wp\/v2\/types\/post"}],"author":[{"embeddable":true,"href":"https:\/\/montecarloliving.com\/fr\/wp-json\/wp\/v2\/users\/1"}],"replies":[{"embeddable":true,"href":"https:\/\/montecarloliving.com\/fr\/wp-json\/wp\/v2\/comments?post=18634"}],"version-history":[{"count":1,"href":"https:\/\/montecarloliving.com\/fr\/wp-json\/wp\/v2\/posts\/18634\/revisions"}],"predecessor-version":[{"id":18641,"href":"https:\/\/montecarloliving.com\/fr\/wp-json\/wp\/v2\/posts\/18634\/revisions\/18641"}],"wp:featuredmedia":[{"embeddable":true,"href":"https:\/\/montecarloliving.com\/fr\/wp-json\/wp\/v2\/media\/18638"}],"wp:attachment":[{"href":"https:\/\/montecarloliving.com\/fr\/wp-json\/wp\/v2\/media?parent=18634"}],"wp:term":[{"taxonomy":"category","embeddable":true,"href":"https:\/\/montecarloliving.com\/fr\/wp-json\/wp\/v2\/categories?post=18634"},{"taxonomy":"post_tag","embeddable":true,"href":"https:\/\/montecarloliving.com\/fr\/wp-json\/wp\/v2\/tags?post=18634"}],"curies":[{"name":"wp","href":"https:\/\/api.w.org\/{rel}","templated":true}]}}