{"id":18426,"date":"2025-01-23T08:28:21","date_gmt":"2025-01-23T07:28:21","guid":{"rendered":"https:\/\/montecarloliving.com\/?p=18426"},"modified":"2025-01-22T11:33:26","modified_gmt":"2025-01-22T10:33:26","slug":"les-25-premieres-annees-du-grimaldi-forum-de-monaco","status":"publish","type":"post","link":"https:\/\/montecarloliving.com\/fr\/actualite\/les-25-premieres-annees-du-grimaldi-forum-de-monaco-18426\/","title":{"rendered":"Les 25 premi\u00e8res ann\u00e9es du Grimaldi Forum de Monaco"},"content":{"rendered":"<p>Jeudi dernier, <strong>le 16 janvier 2025, le 25e anniversaire du Grimaldi Forum de Monaco a \u00e9t\u00e9 c\u00e9l\u00e9br\u00e9 en grande pompe lors d\u2019une soir\u00e9e sp\u00e9ciale \u00e0 laquelle ont assist\u00e9 Leurs Altesses S\u00e9r\u00e9nissimes le Prince Albert II et la Princesse Charl\u00e8ne, ainsi que pr\u00e8s de 1 000 invit\u00e9s, dont des clients, des partenaires et des m\u00e9dias venus de Monaco, de France et de toute l\u2019Europe.<\/strong><\/p>\n<p><img loading=\"lazy\" decoding=\"async\" class=\"size-full wp-image-18419 aligncenter\" src=\"https:\/\/montecarloliving.com\/wp-content\/uploads\/2025\/01\/19-Photos-25-ans-Ceremonie-\u00a9GRIMALDI-FORUM-MONACO-2025-Eric-Mathon_Palais-Princier.jpg\" alt=\"\" width=\"2000\" height=\"1333\" srcset=\"https:\/\/montecarloliving.com\/wp-content\/uploads\/2025\/01\/19-Photos-25-ans-Ceremonie-\u00a9GRIMALDI-FORUM-MONACO-2025-Eric-Mathon_Palais-Princier.jpg 2000w, https:\/\/montecarloliving.com\/wp-content\/uploads\/2025\/01\/19-Photos-25-ans-Ceremonie-\u00a9GRIMALDI-FORUM-MONACO-2025-Eric-Mathon_Palais-Princier-300x200.jpg 300w, https:\/\/montecarloliving.com\/wp-content\/uploads\/2025\/01\/19-Photos-25-ans-Ceremonie-\u00a9GRIMALDI-FORUM-MONACO-2025-Eric-Mathon_Palais-Princier-1024x682.jpg 1024w, https:\/\/montecarloliving.com\/wp-content\/uploads\/2025\/01\/19-Photos-25-ans-Ceremonie-\u00a9GRIMALDI-FORUM-MONACO-2025-Eric-Mathon_Palais-Princier-768x512.jpg 768w, https:\/\/montecarloliving.com\/wp-content\/uploads\/2025\/01\/19-Photos-25-ans-Ceremonie-\u00a9GRIMALDI-FORUM-MONACO-2025-Eric-Mathon_Palais-Princier-1536x1024.jpg 1536w\" sizes=\"auto, (max-width: 2000px) 100vw, 2000px\" \/><\/p>\n<p>Lors de l\u2019\u00e9v\u00e9nement, la collaboration historique et renouvel\u00e9e avec CMB Monaco a \u00e9t\u00e9 d\u00e9voil\u00e9e, suivie d\u2019une performance \u00e9mouvante dans la Salle des Princes. Le spectacle, qui racontait le parcours humain du Grimaldi Forum, a combin\u00e9 danse et vid\u00e9o \u00e0 travers six courtes sc\u00e8nes. Chacune d\u2019elles a illustr\u00e9 les succ\u00e8s et les r\u00e9alisations de l\u2019institution \u00e0 travers des t\u00e9moignages ext\u00e9rieurs et des interpr\u00e9tations artistiques.<\/p>\n<p>L&rsquo;\u00e9v\u00e9nement a \u00e9t\u00e9 con\u00e7u en collaboration avec le c\u00e9l\u00e8bre chor\u00e9graphe Jean-Christophe Maillot, Directeur des Ballets de Monte-Carlo, l\u2019un des partenaires culturels les plus anciens du Grimaldi Forum et le symbole parfait de ses 25 ans d\u2019histoire. Les Ballets de Monte-Carlo, reconnus \u00e0 l&rsquo;international, incarnent l&rsquo;excellence de la danse, accompagn\u00e9e de l&rsquo;audace du Monaco Dance Forum, dont le nom est \u00e9troitement li\u00e9 au Grimaldi Forum, ainsi que de la prestigieuse Acad\u00e9mie Princesse Grace. Le spectacle, mis en sc\u00e8ne par Dominique Drillot, a \u00e9t\u00e9 interpr\u00e9t\u00e9 par les chor\u00e9graphes internationaux Olga Smirnova et Victor Caixeta, ainsi que par les \u00e9l\u00e8ves de l&rsquo;Acad\u00e9mie Princesse Grace, sous la direction de Luca Masala. Un travail qui a r\u00e9uni talent et cr\u00e9ativit\u00e9 pour dessiner l\u2019avenir de la danse et des arts, tout comme l\u2019agrandissement r\u00e9cent du Grimaldi Forum.<\/p>\n<p><img loading=\"lazy\" decoding=\"async\" class=\"size-full wp-image-18416 aligncenter\" src=\"https:\/\/montecarloliving.com\/wp-content\/uploads\/2025\/01\/Photos-25-ans-Ambiance-\u00a9GRIMALDI-FORUM-MONACO-2025-Sebastien-Darrasse-3-scaled-1.jpg\" alt=\"\" width=\"2560\" height=\"1706\" srcset=\"https:\/\/montecarloliving.com\/wp-content\/uploads\/2025\/01\/Photos-25-ans-Ambiance-\u00a9GRIMALDI-FORUM-MONACO-2025-Sebastien-Darrasse-3-scaled-1.jpg 2560w, https:\/\/montecarloliving.com\/wp-content\/uploads\/2025\/01\/Photos-25-ans-Ambiance-\u00a9GRIMALDI-FORUM-MONACO-2025-Sebastien-Darrasse-3-scaled-1-300x200.jpg 300w, https:\/\/montecarloliving.com\/wp-content\/uploads\/2025\/01\/Photos-25-ans-Ambiance-\u00a9GRIMALDI-FORUM-MONACO-2025-Sebastien-Darrasse-3-scaled-1-1024x682.jpg 1024w, https:\/\/montecarloliving.com\/wp-content\/uploads\/2025\/01\/Photos-25-ans-Ambiance-\u00a9GRIMALDI-FORUM-MONACO-2025-Sebastien-Darrasse-3-scaled-1-768x512.jpg 768w, https:\/\/montecarloliving.com\/wp-content\/uploads\/2025\/01\/Photos-25-ans-Ambiance-\u00a9GRIMALDI-FORUM-MONACO-2025-Sebastien-Darrasse-3-scaled-1-1536x1024.jpg 1536w, https:\/\/montecarloliving.com\/wp-content\/uploads\/2025\/01\/Photos-25-ans-Ambiance-\u00a9GRIMALDI-FORUM-MONACO-2025-Sebastien-Darrasse-3-scaled-1-2048x1365.jpg 2048w\" sizes=\"auto, (max-width: 2560px) 100vw, 2560px\" \/><\/p>\n<p><strong>Lorsque le Grimaldi Forum de Monaco a ouvert ses portes en 2000<\/strong>, il avait deux objectifs ambitieux : positionner Monaco comme l&rsquo;une des principales destinations europ\u00e9ennes pour le tourisme d&rsquo;affaires et devenir un lieu culturel majeur. 25 ans plus tard, le centre culturel et de congr\u00e8s du Principaut\u00e9 se distingue avec une moyenne de 100 \u00e9v\u00e9nements par an et plus de 300 000 visiteurs chaque ann\u00e9e, ayant accueilli au total 2 700 \u00e9v\u00e9nements et 8 millions de personnes tout au long de son histoire. Un bilan qui t\u00e9moigne d\u2019un succ\u00e8s exceptionnel et confirme le Grimaldi Forum comme un pilier fondamental de la vie culturelle et congressiste de Monaco.<\/p>\n<p>&nbsp;<\/p>\n<p><strong>Source photo : micebook.com<\/strong><\/p>\n","protected":false},"excerpt":{"rendered":"<p>Jeudi dernier, le 16 janvier 2025, le 25e anniversaire du Grimaldi Forum de Monaco a \u00e9t\u00e9 c\u00e9l\u00e9br\u00e9 en grande pompe lors d\u2019une soir\u00e9e sp\u00e9ciale \u00e0 laquelle ont assist\u00e9 Leurs Altesses S\u00e9r\u00e9nissimes le Prince Albert II et la Princesse Charl\u00e8ne, ainsi que pr\u00e8s de 1 [&hellip;]<\/p>\n","protected":false},"author":1,"featured_media":18422,"comment_status":"closed","ping_status":"closed","sticky":false,"template":"","format":"standard","meta":{"footnotes":""},"categories":[827,875,867],"tags":[],"class_list":["post-18426","post","type-post","status-publish","format-standard","has-post-thumbnail","hentry","category-actualite","category-actualite-monaco","category-monaco-fr"],"yoast_head":"<!-- This site is optimized with the Yoast SEO plugin v27.5 - https:\/\/yoast.com\/product\/yoast-seo-wordpress\/ -->\n<title>Les 25 premi\u00e8res ann\u00e9es du Grimaldi Forum de Monaco<\/title>\n<meta name=\"description\" content=\"Jeudi dernier, le 16 janvier 2025, le 25e anniversaire du Grimaldi Forum de Monaco a \u00e9t\u00e9 c\u00e9l\u00e9br\u00e9 en grande pompe lors d\u2019une soir\u00e9e sp\u00e9ciale \u00e0 laquelle ont Les 25 premi\u00e8res ann\u00e9es du Grimaldi Forum de Monaco\" \/>\n<meta name=\"robots\" content=\"index, follow, max-snippet:-1, max-image-preview:large, max-video-preview:-1\" \/>\n<link rel=\"canonical\" href=\"https:\/\/montecarloliving.com\/fr\/actualite\/les-25-premieres-annees-du-grimaldi-forum-de-monaco-18426\/\" \/>\n<meta property=\"og:locale\" content=\"fr_FR\" \/>\n<meta property=\"og:title\" content=\"Les 25 premi\u00e8res ann\u00e9es du Grimaldi Forum de Monaco\" \/>\n<meta property=\"og:description\" content=\"Jeudi dernier, le 16 janvier 2025, le 25e anniversaire du Grimaldi Forum de Monaco a \u00e9t\u00e9 c\u00e9l\u00e9br\u00e9 en grande pompe lors d\u2019une soir\u00e9e sp\u00e9ciale \u00e0 laquelle ont Les 25 premi\u00e8res ann\u00e9es du Grimaldi Forum de Monaco\" \/>\n<meta property=\"og:url\" content=\"https:\/\/montecarloliving.com\/fr\/actualite\/les-25-premieres-annees-du-grimaldi-forum-de-monaco-18426\/\" \/>\n<meta property=\"og:site_name\" content=\"Montecarlo Living\" \/>\n<meta property=\"article:publisher\" content=\"https:\/\/www.facebook.com\/montecarlolivingcom\/\" \/>\n<meta property=\"article:published_time\" content=\"2025-01-23T07:28:21+00:00\" \/>\n<meta property=\"og:image\" content=\"https:\/\/montecarloliving.com\/wp-content\/uploads\/2025\/01\/14-Photos-25-ans-Ceremonie-\u00a9GRIMALDI-FORUM-MONACO-2025-Sebastien-Darrasse-e1737542002679-650x400.jpg\" \/>\n\t<meta property=\"og:image:width\" content=\"650\" \/>\n\t<meta property=\"og:image:height\" content=\"400\" \/>\n\t<meta property=\"og:image:type\" content=\"image\/jpeg\" \/>\n<meta name=\"author\" content=\"Redazione\" \/>\n<meta name=\"twitter:card\" content=\"summary_large_image\" \/>\n<meta name=\"twitter:creator\" content=\"@MonteCarloLivi\" \/>\n<meta name=\"twitter:site\" content=\"@MonteCarloLivi\" \/>\n<meta name=\"twitter:label1\" content=\"\u00c9crit par\" \/>\n\t<meta name=\"twitter:data1\" content=\"Redazione\" \/>\n\t<meta name=\"twitter:label2\" content=\"Dur\u00e9e de lecture estim\u00e9e\" \/>\n\t<meta name=\"twitter:data2\" content=\"3 minutes\" \/>\n<script type=\"application\/ld+json\" class=\"yoast-schema-graph\">{\"@context\":\"https:\\\/\\\/schema.org\",\"@graph\":[{\"@type\":\"Article\",\"@id\":\"https:\\\/\\\/montecarloliving.com\\\/fr\\\/actualite\\\/les-25-premieres-annees-du-grimaldi-forum-de-monaco-18426\\\/#article\",\"isPartOf\":{\"@id\":\"https:\\\/\\\/montecarloliving.com\\\/fr\\\/actualite\\\/les-25-premieres-annees-du-grimaldi-forum-de-monaco-18426\\\/\"},\"author\":{\"name\":\"Redazione\",\"@id\":\"https:\\\/\\\/montecarloliving.com\\\/fr\\\/#\\\/schema\\\/person\\\/7e5945d4560862b7f2d2c6831bda2819\"},\"headline\":\"Les 25 premi\u00e8res ann\u00e9es du Grimaldi Forum de Monaco\",\"datePublished\":\"2025-01-23T07:28:21+00:00\",\"mainEntityOfPage\":{\"@id\":\"https:\\\/\\\/montecarloliving.com\\\/fr\\\/actualite\\\/les-25-premieres-annees-du-grimaldi-forum-de-monaco-18426\\\/\"},\"wordCount\":423,\"image\":{\"@id\":\"https:\\\/\\\/montecarloliving.com\\\/fr\\\/actualite\\\/les-25-premieres-annees-du-grimaldi-forum-de-monaco-18426\\\/#primaryimage\"},\"thumbnailUrl\":\"https:\\\/\\\/montecarloliving.com\\\/wp-content\\\/uploads\\\/2025\\\/01\\\/14-Photos-25-ans-Ceremonie-\u00a9GRIMALDI-FORUM-MONACO-2025-Sebastien-Darrasse-e1737542002679.jpg\",\"articleSection\":[\"Actualit\u00e9\",\"Actualit\u00e9 \u00e0 Monaco\",\"Monaco\"],\"inLanguage\":\"fr-FR\"},{\"@type\":\"WebPage\",\"@id\":\"https:\\\/\\\/montecarloliving.com\\\/fr\\\/actualite\\\/les-25-premieres-annees-du-grimaldi-forum-de-monaco-18426\\\/\",\"url\":\"https:\\\/\\\/montecarloliving.com\\\/fr\\\/actualite\\\/les-25-premieres-annees-du-grimaldi-forum-de-monaco-18426\\\/\",\"name\":\"Les 25 premi\u00e8res ann\u00e9es du Grimaldi Forum de Monaco\",\"isPartOf\":{\"@id\":\"https:\\\/\\\/montecarloliving.com\\\/fr\\\/#website\"},\"primaryImageOfPage\":{\"@id\":\"https:\\\/\\\/montecarloliving.com\\\/fr\\\/actualite\\\/les-25-premieres-annees-du-grimaldi-forum-de-monaco-18426\\\/#primaryimage\"},\"image\":{\"@id\":\"https:\\\/\\\/montecarloliving.com\\\/fr\\\/actualite\\\/les-25-premieres-annees-du-grimaldi-forum-de-monaco-18426\\\/#primaryimage\"},\"thumbnailUrl\":\"https:\\\/\\\/montecarloliving.com\\\/wp-content\\\/uploads\\\/2025\\\/01\\\/14-Photos-25-ans-Ceremonie-\u00a9GRIMALDI-FORUM-MONACO-2025-Sebastien-Darrasse-e1737542002679.jpg\",\"datePublished\":\"2025-01-23T07:28:21+00:00\",\"author\":{\"@id\":\"https:\\\/\\\/montecarloliving.com\\\/fr\\\/#\\\/schema\\\/person\\\/7e5945d4560862b7f2d2c6831bda2819\"},\"description\":\"Jeudi dernier, le 16 janvier 2025, le 25e anniversaire du Grimaldi Forum de Monaco a \u00e9t\u00e9 c\u00e9l\u00e9br\u00e9 en grande pompe lors d\u2019une soir\u00e9e sp\u00e9ciale \u00e0 laquelle ont Les 25 premi\u00e8res ann\u00e9es du Grimaldi Forum de Monaco\",\"breadcrumb\":{\"@id\":\"https:\\\/\\\/montecarloliving.com\\\/fr\\\/actualite\\\/les-25-premieres-annees-du-grimaldi-forum-de-monaco-18426\\\/#breadcrumb\"},\"inLanguage\":\"fr-FR\",\"potentialAction\":[{\"@type\":\"ReadAction\",\"target\":[\"https:\\\/\\\/montecarloliving.com\\\/fr\\\/actualite\\\/les-25-premieres-annees-du-grimaldi-forum-de-monaco-18426\\\/\"]}]},{\"@type\":\"ImageObject\",\"inLanguage\":\"fr-FR\",\"@id\":\"https:\\\/\\\/montecarloliving.com\\\/fr\\\/actualite\\\/les-25-premieres-annees-du-grimaldi-forum-de-monaco-18426\\\/#primaryimage\",\"url\":\"https:\\\/\\\/montecarloliving.com\\\/wp-content\\\/uploads\\\/2025\\\/01\\\/14-Photos-25-ans-Ceremonie-\u00a9GRIMALDI-FORUM-MONACO-2025-Sebastien-Darrasse-e1737542002679.jpg\",\"contentUrl\":\"https:\\\/\\\/montecarloliving.com\\\/wp-content\\\/uploads\\\/2025\\\/01\\\/14-Photos-25-ans-Ceremonie-\u00a9GRIMALDI-FORUM-MONACO-2025-Sebastien-Darrasse-e1737542002679.jpg\",\"width\":1024,\"height\":544,\"caption\":\"Rolex Monte-Carlo Masters 2024\"},{\"@type\":\"BreadcrumbList\",\"@id\":\"https:\\\/\\\/montecarloliving.com\\\/fr\\\/actualite\\\/les-25-premieres-annees-du-grimaldi-forum-de-monaco-18426\\\/#breadcrumb\",\"itemListElement\":[{\"@type\":\"ListItem\",\"position\":1,\"name\":\"Home\",\"item\":\"https:\\\/\\\/montecarloliving.com\\\/fr\\\/\"},{\"@type\":\"ListItem\",\"position\":2,\"name\":\"Les 25 premi\u00e8res ann\u00e9es du Grimaldi Forum de Monaco\"}]},{\"@type\":\"WebSite\",\"@id\":\"https:\\\/\\\/montecarloliving.com\\\/fr\\\/#website\",\"url\":\"https:\\\/\\\/montecarloliving.com\\\/fr\\\/\",\"name\":\"Montecarlo Living\",\"description\":\"News da Montecarlo - Principato di Monaco e Costa Azzurra\",\"potentialAction\":[{\"@type\":\"SearchAction\",\"target\":{\"@type\":\"EntryPoint\",\"urlTemplate\":\"https:\\\/\\\/montecarloliving.com\\\/fr\\\/?s={search_term_string}\"},\"query-input\":{\"@type\":\"PropertyValueSpecification\",\"valueRequired\":true,\"valueName\":\"search_term_string\"}}],\"inLanguage\":\"fr-FR\"},{\"@type\":\"Person\",\"@id\":\"https:\\\/\\\/montecarloliving.com\\\/fr\\\/#\\\/schema\\\/person\\\/7e5945d4560862b7f2d2c6831bda2819\",\"name\":\"Redazione\",\"image\":{\"@type\":\"ImageObject\",\"inLanguage\":\"fr-FR\",\"@id\":\"https:\\\/\\\/secure.gravatar.com\\\/avatar\\\/8b5f26557e18fe74ad8e8a57ebb2925d88af8a90cee489ff2beefb391bc9b9c7?s=96&d=mm&r=g\",\"url\":\"https:\\\/\\\/secure.gravatar.com\\\/avatar\\\/8b5f26557e18fe74ad8e8a57ebb2925d88af8a90cee489ff2beefb391bc9b9c7?s=96&d=mm&r=g\",\"contentUrl\":\"https:\\\/\\\/secure.gravatar.com\\\/avatar\\\/8b5f26557e18fe74ad8e8a57ebb2925d88af8a90cee489ff2beefb391bc9b9c7?s=96&d=mm&r=g\",\"caption\":\"Redazione\"}}]}<\/script>\n<!-- \/ Yoast SEO plugin. -->","yoast_head_json":{"title":"Les 25 premi\u00e8res ann\u00e9es du Grimaldi Forum de Monaco","description":"Jeudi dernier, le 16 janvier 2025, le 25e anniversaire du Grimaldi Forum de Monaco a \u00e9t\u00e9 c\u00e9l\u00e9br\u00e9 en grande pompe lors d\u2019une soir\u00e9e sp\u00e9ciale \u00e0 laquelle ont Les 25 premi\u00e8res ann\u00e9es du Grimaldi Forum de Monaco","robots":{"index":"index","follow":"follow","max-snippet":"max-snippet:-1","max-image-preview":"max-image-preview:large","max-video-preview":"max-video-preview:-1"},"canonical":"https:\/\/montecarloliving.com\/fr\/actualite\/les-25-premieres-annees-du-grimaldi-forum-de-monaco-18426\/","og_locale":"fr_FR","og_title":"Les 25 premi\u00e8res ann\u00e9es du Grimaldi Forum de Monaco","og_description":"Jeudi dernier, le 16 janvier 2025, le 25e anniversaire du Grimaldi Forum de Monaco a \u00e9t\u00e9 c\u00e9l\u00e9br\u00e9 en grande pompe lors d\u2019une soir\u00e9e sp\u00e9ciale \u00e0 laquelle ont Les 25 premi\u00e8res ann\u00e9es du Grimaldi Forum de Monaco","og_url":"https:\/\/montecarloliving.com\/fr\/actualite\/les-25-premieres-annees-du-grimaldi-forum-de-monaco-18426\/","og_site_name":"Montecarlo Living","article_publisher":"https:\/\/www.facebook.com\/montecarlolivingcom\/","article_published_time":"2025-01-23T07:28:21+00:00","og_image":[{"width":650,"height":400,"url":"https:\/\/montecarloliving.com\/wp-content\/uploads\/2025\/01\/14-Photos-25-ans-Ceremonie-\u00a9GRIMALDI-FORUM-MONACO-2025-Sebastien-Darrasse-e1737542002679-650x400.jpg","type":"image\/jpeg"}],"author":"Redazione","twitter_card":"summary_large_image","twitter_creator":"@MonteCarloLivi","twitter_site":"@MonteCarloLivi","twitter_misc":{"\u00c9crit par":"Redazione","Dur\u00e9e de lecture estim\u00e9e":"3 minutes"},"schema":{"@context":"https:\/\/schema.org","@graph":[{"@type":"Article","@id":"https:\/\/montecarloliving.com\/fr\/actualite\/les-25-premieres-annees-du-grimaldi-forum-de-monaco-18426\/#article","isPartOf":{"@id":"https:\/\/montecarloliving.com\/fr\/actualite\/les-25-premieres-annees-du-grimaldi-forum-de-monaco-18426\/"},"author":{"name":"Redazione","@id":"https:\/\/montecarloliving.com\/fr\/#\/schema\/person\/7e5945d4560862b7f2d2c6831bda2819"},"headline":"Les 25 premi\u00e8res ann\u00e9es du Grimaldi Forum de Monaco","datePublished":"2025-01-23T07:28:21+00:00","mainEntityOfPage":{"@id":"https:\/\/montecarloliving.com\/fr\/actualite\/les-25-premieres-annees-du-grimaldi-forum-de-monaco-18426\/"},"wordCount":423,"image":{"@id":"https:\/\/montecarloliving.com\/fr\/actualite\/les-25-premieres-annees-du-grimaldi-forum-de-monaco-18426\/#primaryimage"},"thumbnailUrl":"https:\/\/montecarloliving.com\/wp-content\/uploads\/2025\/01\/14-Photos-25-ans-Ceremonie-\u00a9GRIMALDI-FORUM-MONACO-2025-Sebastien-Darrasse-e1737542002679.jpg","articleSection":["Actualit\u00e9","Actualit\u00e9 \u00e0 Monaco","Monaco"],"inLanguage":"fr-FR"},{"@type":"WebPage","@id":"https:\/\/montecarloliving.com\/fr\/actualite\/les-25-premieres-annees-du-grimaldi-forum-de-monaco-18426\/","url":"https:\/\/montecarloliving.com\/fr\/actualite\/les-25-premieres-annees-du-grimaldi-forum-de-monaco-18426\/","name":"Les 25 premi\u00e8res ann\u00e9es du Grimaldi Forum de Monaco","isPartOf":{"@id":"https:\/\/montecarloliving.com\/fr\/#website"},"primaryImageOfPage":{"@id":"https:\/\/montecarloliving.com\/fr\/actualite\/les-25-premieres-annees-du-grimaldi-forum-de-monaco-18426\/#primaryimage"},"image":{"@id":"https:\/\/montecarloliving.com\/fr\/actualite\/les-25-premieres-annees-du-grimaldi-forum-de-monaco-18426\/#primaryimage"},"thumbnailUrl":"https:\/\/montecarloliving.com\/wp-content\/uploads\/2025\/01\/14-Photos-25-ans-Ceremonie-\u00a9GRIMALDI-FORUM-MONACO-2025-Sebastien-Darrasse-e1737542002679.jpg","datePublished":"2025-01-23T07:28:21+00:00","author":{"@id":"https:\/\/montecarloliving.com\/fr\/#\/schema\/person\/7e5945d4560862b7f2d2c6831bda2819"},"description":"Jeudi dernier, le 16 janvier 2025, le 25e anniversaire du Grimaldi Forum de Monaco a \u00e9t\u00e9 c\u00e9l\u00e9br\u00e9 en grande pompe lors d\u2019une soir\u00e9e sp\u00e9ciale \u00e0 laquelle ont Les 25 premi\u00e8res ann\u00e9es du Grimaldi Forum de Monaco","breadcrumb":{"@id":"https:\/\/montecarloliving.com\/fr\/actualite\/les-25-premieres-annees-du-grimaldi-forum-de-monaco-18426\/#breadcrumb"},"inLanguage":"fr-FR","potentialAction":[{"@type":"ReadAction","target":["https:\/\/montecarloliving.com\/fr\/actualite\/les-25-premieres-annees-du-grimaldi-forum-de-monaco-18426\/"]}]},{"@type":"ImageObject","inLanguage":"fr-FR","@id":"https:\/\/montecarloliving.com\/fr\/actualite\/les-25-premieres-annees-du-grimaldi-forum-de-monaco-18426\/#primaryimage","url":"https:\/\/montecarloliving.com\/wp-content\/uploads\/2025\/01\/14-Photos-25-ans-Ceremonie-\u00a9GRIMALDI-FORUM-MONACO-2025-Sebastien-Darrasse-e1737542002679.jpg","contentUrl":"https:\/\/montecarloliving.com\/wp-content\/uploads\/2025\/01\/14-Photos-25-ans-Ceremonie-\u00a9GRIMALDI-FORUM-MONACO-2025-Sebastien-Darrasse-e1737542002679.jpg","width":1024,"height":544,"caption":"Rolex Monte-Carlo Masters 2024"},{"@type":"BreadcrumbList","@id":"https:\/\/montecarloliving.com\/fr\/actualite\/les-25-premieres-annees-du-grimaldi-forum-de-monaco-18426\/#breadcrumb","itemListElement":[{"@type":"ListItem","position":1,"name":"Home","item":"https:\/\/montecarloliving.com\/fr\/"},{"@type":"ListItem","position":2,"name":"Les 25 premi\u00e8res ann\u00e9es du Grimaldi Forum de Monaco"}]},{"@type":"WebSite","@id":"https:\/\/montecarloliving.com\/fr\/#website","url":"https:\/\/montecarloliving.com\/fr\/","name":"Montecarlo Living","description":"News da Montecarlo - Principato di Monaco e Costa Azzurra","potentialAction":[{"@type":"SearchAction","target":{"@type":"EntryPoint","urlTemplate":"https:\/\/montecarloliving.com\/fr\/?s={search_term_string}"},"query-input":{"@type":"PropertyValueSpecification","valueRequired":true,"valueName":"search_term_string"}}],"inLanguage":"fr-FR"},{"@type":"Person","@id":"https:\/\/montecarloliving.com\/fr\/#\/schema\/person\/7e5945d4560862b7f2d2c6831bda2819","name":"Redazione","image":{"@type":"ImageObject","inLanguage":"fr-FR","@id":"https:\/\/secure.gravatar.com\/avatar\/8b5f26557e18fe74ad8e8a57ebb2925d88af8a90cee489ff2beefb391bc9b9c7?s=96&d=mm&r=g","url":"https:\/\/secure.gravatar.com\/avatar\/8b5f26557e18fe74ad8e8a57ebb2925d88af8a90cee489ff2beefb391bc9b9c7?s=96&d=mm&r=g","contentUrl":"https:\/\/secure.gravatar.com\/avatar\/8b5f26557e18fe74ad8e8a57ebb2925d88af8a90cee489ff2beefb391bc9b9c7?s=96&d=mm&r=g","caption":"Redazione"}}]}},"_links":{"self":[{"href":"https:\/\/montecarloliving.com\/fr\/wp-json\/wp\/v2\/posts\/18426","targetHints":{"allow":["GET"]}}],"collection":[{"href":"https:\/\/montecarloliving.com\/fr\/wp-json\/wp\/v2\/posts"}],"about":[{"href":"https:\/\/montecarloliving.com\/fr\/wp-json\/wp\/v2\/types\/post"}],"author":[{"embeddable":true,"href":"https:\/\/montecarloliving.com\/fr\/wp-json\/wp\/v2\/users\/1"}],"replies":[{"embeddable":true,"href":"https:\/\/montecarloliving.com\/fr\/wp-json\/wp\/v2\/comments?post=18426"}],"version-history":[{"count":1,"href":"https:\/\/montecarloliving.com\/fr\/wp-json\/wp\/v2\/posts\/18426\/revisions"}],"predecessor-version":[{"id":18427,"href":"https:\/\/montecarloliving.com\/fr\/wp-json\/wp\/v2\/posts\/18426\/revisions\/18427"}],"wp:featuredmedia":[{"embeddable":true,"href":"https:\/\/montecarloliving.com\/fr\/wp-json\/wp\/v2\/media\/18422"}],"wp:attachment":[{"href":"https:\/\/montecarloliving.com\/fr\/wp-json\/wp\/v2\/media?parent=18426"}],"wp:term":[{"taxonomy":"category","embeddable":true,"href":"https:\/\/montecarloliving.com\/fr\/wp-json\/wp\/v2\/categories?post=18426"},{"taxonomy":"post_tag","embeddable":true,"href":"https:\/\/montecarloliving.com\/fr\/wp-json\/wp\/v2\/tags?post=18426"}],"curies":[{"name":"wp","href":"https:\/\/api.w.org\/{rel}","templated":true}]}}