{"id":17499,"date":"2024-12-23T10:49:48","date_gmt":"2024-12-23T09:49:48","guid":{"rendered":"https:\/\/montecarloliving.com\/?p=17499"},"modified":"2024-12-23T10:52:40","modified_gmt":"2024-12-23T09:52:40","slug":"carnaval-de-nice-edition-2025-billets-deja-disponibles-en-ligne","status":"publish","type":"post","link":"https:\/\/montecarloliving.com\/fr\/actualite\/carnaval-de-nice-edition-2025-billets-deja-disponibles-en-ligne-17499\/","title":{"rendered":"Carnaval de Nice \u00e9dition 2025 : Billets d\u00e9j\u00e0 disponibles en ligne"},"content":{"rendered":"<p>Bien que nous soyons en plein dans les f\u00eates de No\u00ebl, \u00e0 Nice on regarde d\u00e9j\u00e0 avec enthousiasme le Carnaval. Du 12 f\u00e9vrier au 2 mars 2025, la capitale de la C\u00f4te d&rsquo;Azur vibrera au rythme du th\u00e8me \u00ab\u00a0Roi des oc\u00e9ans\u00a0\u00bb.<\/p>\n<p>La billetterie en ligne pour la nouvelle \u00e9dition du Carnaval de Nice est d\u00e9j\u00e0 ouverte sur le site officiel <a href=\"https:\/\/www.nicecarnaval.com\/it\/\" target=\"_new\" rel=\"noopener\">https:\/\/www.nicecarnaval.com\/it\/<\/a>.<\/p>\n<p>Le Carnaval commencera avec un programme riche en \u00e9v\u00e9nements, dont le grand charivari de Richelmi (\u00e9v\u00e9nement gratuit) le mercredi 12 f\u00e9vrier, le bal du Veglione le vendredi 14 f\u00e9vrier et la grande journ\u00e9e populaire \u00ab\u00a0La Carnavalina\u00a0\u00bb le samedi 15 f\u00e9vrier, \u00e0 partir de 11h00, qui sera \u00e9galement gratuite.<\/p>\n<p>Suivront ensuite les traditionnelles parades, comprenant le corso illumin\u00e9 d\u2019ouverture, les quatre corsos illumin\u00e9s de nuit, le corso carnavalesque de jour et les quatre batailles de fleurs.<\/p>\n<p>Les personnes enti\u00e8rement d\u00e9guis\u00e9es pourront acc\u00e9der gratuitement, dans la limite des places disponibles, lors de tous les corsos carnavalesques.<\/p>\n<p>Une nouveaut\u00e9 pour le Carnaval 2025 est l&rsquo;ajout d&rsquo;une nouvelle tribune pour le public le long du parcours des manifestations, situ\u00e9e sur la Promenade des Anglais, en face du Th\u00e9\u00e2tre de Verdure.<\/p>\n<p>Le Carnaval de Nice 2025 a \u00e9t\u00e9 lanc\u00e9 avec le poster officiel, qui pr\u00e9sente un poulpe amusant avec de grands yeux expressifs, entour\u00e9 d\u2019une couronne d\u2019or, le tout dans un contexte floral qui plonge le spectateur dans l\u2019univers de l\u2019oc\u00e9an et de ses couleurs vives, cr\u00e9ant une ambiance chaude et festive.<\/p>\n<p>Les billets seront \u00e9galement disponibles dans les billetteries sur place, dans la limite des places disponibles :<\/p>\n<ul>\n<li>La billetterie principale, situ\u00e9e sur la Promenade du Paillon (entre le village du Carnaval et le miroir d\u2019eau), sera ouverte tous les jours de 10h00 \u00e0 18h00 \u00e0 partir du 6 f\u00e9vrier 2025, \u00e0 l&rsquo;exception du dimanche 9 f\u00e9vrier.<\/li>\n<li>Une deuxi\u00e8me billetterie sera ouverte lors des jours de manifestation, sur la Promenade des Anglais.<\/li>\n<\/ul>\n<p><img loading=\"lazy\" decoding=\"async\" class=\"size-full wp-image-17492 aligncenter\" src=\"https:\/\/montecarloliving.com\/wp-content\/uploads\/2024\/12\/Carnaval_2025_affiche.jpg\" alt=\"\" width=\"353\" height=\"500\" srcset=\"https:\/\/montecarloliving.com\/wp-content\/uploads\/2024\/12\/Carnaval_2025_affiche.jpg 353w, https:\/\/montecarloliving.com\/wp-content\/uploads\/2024\/12\/Carnaval_2025_affiche-212x300.jpg 212w\" sizes=\"auto, (max-width: 353px) 100vw, 353px\" \/><\/p>\n<p><strong>Les Dates<\/strong><\/p>\n<p><strong>Samedi 15 f\u00e9vrier 2025<\/strong><br \/>\nLa Carnavalina : ouverture des festivit\u00e9s, animations gratuites et \u00e9v\u00e9nements dans la ville.<br \/>\nD\u00e9fil\u00e9 d\u2019ouverture : pr\u00e9sentation des chars et des groupes de carnaval.<br \/>\nCorso illumin\u00e9 d\u2019ouverture : 20h30 &#8211; Autour du jardin Albert 1er, Place Mass\u00e9na.<\/p>\n<p><strong>Mardi 18 f\u00e9vrier 2025<\/strong><br \/>\nCorso carnavalesque illumin\u00e9 : de 20h30 \u00e0 22h00 &#8211; Place Mass\u00e9na.<\/p>\n<p><strong>Mercredi 19 f\u00e9vrier 2025<\/strong><br \/>\nBataille de Fleurs : 14h30 \u00e0 16h00 &#8211; Place Mass\u00e9na.<\/p>\n<p><strong>Vendredi 21 f\u00e9vrier 2025<\/strong><br \/>\nLou Queernaval : 20h30 &#8211; Place Mass\u00e9na.<\/p>\n<p><strong>Samedi 22 f\u00e9vrier 2025<\/strong><br \/>\nBataille de Fleurs : 14h30 \u00e0 16h00 &#8211; Place Mass\u00e9na.<br \/>\nCorso carnavalesque illumin\u00e9 : de 20h30 \u00e0 22h00 &#8211; Place Mass\u00e9na.<\/p>\n<p><strong>Dimanche 23 f\u00e9vrier 2025<\/strong><br \/>\nD\u00e9fil\u00e9 de carnaval diurne : 14h30 \u00e0 16h00 &#8211; Place Mass\u00e9na.<\/p>\n<p><strong>Mardi 25 f\u00e9vrier 2025<\/strong><br \/>\nCorso carnavalesque illumin\u00e9 : de 20h30 \u00e0 22h00 &#8211; Place Mass\u00e9na.<\/p>\n<p><strong>Mercredi 26 f\u00e9vrier 2025<\/strong><br \/>\nBataille de Fleurs : 14h30 \u00e0 16h00 &#8211; Place Mass\u00e9na.<\/p>\n<p><strong>Samedi 1er mars 2025 (Cl\u00f4ture)<\/strong><br \/>\nBataille de Fleurs : 14h30 \u00e0 16h00 &#8211; Place Mass\u00e9na.<br \/>\nCorso carnavalesque illumin\u00e9 : de 20h30 \u00e0 22h00 &#8211; Place Mass\u00e9na.<br \/>\nIncin\u00e9ration du Roi et feu d\u2019artifice : 22h45 &#8211; Promenade des Anglais, Plage du Centenaire.<\/p>\n","protected":false},"excerpt":{"rendered":"<p>Bien que nous soyons en plein dans les f\u00eates de No\u00ebl, \u00e0 Nice on regarde d\u00e9j\u00e0 avec enthousiasme le Carnaval. Du 12 f\u00e9vrier au 2 mars 2025, la capitale de la C\u00f4te d&rsquo;Azur vibrera au rythme du th\u00e8me \u00ab\u00a0Roi des oc\u00e9ans\u00a0\u00bb. La billetterie en [&hellip;]<\/p>\n","protected":false},"author":1,"featured_media":17495,"comment_status":"closed","ping_status":"closed","sticky":false,"template":"","format":"standard","meta":{"footnotes":""},"categories":[827,828,868],"tags":[],"class_list":["post-17499","post","type-post","status-publish","format-standard","has-post-thumbnail","hentry","category-actualite","category-evenements","category-nice-fr"],"yoast_head":"<!-- This site is optimized with the Yoast SEO plugin v27.4 - https:\/\/yoast.com\/product\/yoast-seo-wordpress\/ -->\n<title>Carnaval de Nice \u00e9dition 2025 : Billets d\u00e9j\u00e0 disponibles en ligne<\/title>\n<meta name=\"description\" content=\"Bien que nous soyons en plein dans les f\u00eates de No\u00ebl, \u00e0 Nice on regarde d\u00e9j\u00e0 avec enthousiasme le Carnaval. Du 12 f\u00e9vrier au 2 mars 2025, la capitale de\" \/>\n<meta name=\"robots\" content=\"index, follow, max-snippet:-1, max-image-preview:large, max-video-preview:-1\" \/>\n<link rel=\"canonical\" href=\"https:\/\/montecarloliving.com\/fr\/actualite\/carnaval-de-nice-edition-2025-billets-deja-disponibles-en-ligne-17499\/\" \/>\n<meta property=\"og:locale\" content=\"fr_FR\" \/>\n<meta property=\"og:title\" content=\"Carnaval de Nice \u00e9dition 2025 : Billets d\u00e9j\u00e0 disponibles en ligne\" \/>\n<meta property=\"og:description\" content=\"Bien que nous soyons en plein dans les f\u00eates de No\u00ebl, \u00e0 Nice on regarde d\u00e9j\u00e0 avec enthousiasme le Carnaval. Du 12 f\u00e9vrier au 2 mars 2025, la capitale de\" \/>\n<meta property=\"og:url\" content=\"https:\/\/montecarloliving.com\/fr\/actualite\/carnaval-de-nice-edition-2025-billets-deja-disponibles-en-ligne-17499\/\" \/>\n<meta property=\"og:site_name\" content=\"Montecarlo Living\" \/>\n<meta property=\"article:publisher\" content=\"https:\/\/www.facebook.com\/montecarlolivingcom\/\" \/>\n<meta property=\"article:published_time\" content=\"2024-12-23T09:49:48+00:00\" \/>\n<meta property=\"article:modified_time\" content=\"2024-12-23T09:52:40+00:00\" \/>\n<meta property=\"og:image\" content=\"https:\/\/montecarloliving.com\/wp-content\/uploads\/2024\/12\/CARNAVAL_2016-1-1319x880-1-650x400.jpg\" \/>\n\t<meta property=\"og:image:width\" content=\"650\" \/>\n\t<meta property=\"og:image:height\" content=\"400\" \/>\n\t<meta property=\"og:image:type\" content=\"image\/jpeg\" \/>\n<meta name=\"author\" content=\"Redazione\" \/>\n<meta name=\"twitter:card\" content=\"summary_large_image\" \/>\n<meta name=\"twitter:creator\" content=\"@MonteCarloLivi\" \/>\n<meta name=\"twitter:site\" content=\"@MonteCarloLivi\" \/>\n<meta name=\"twitter:label1\" content=\"\u00c9crit par\" \/>\n\t<meta name=\"twitter:data1\" content=\"Redazione\" \/>\n\t<meta name=\"twitter:label2\" content=\"Dur\u00e9e de lecture estim\u00e9e\" \/>\n\t<meta name=\"twitter:data2\" content=\"3 minutes\" \/>\n<script type=\"application\/ld+json\" class=\"yoast-schema-graph\">{\"@context\":\"https:\\\/\\\/schema.org\",\"@graph\":[{\"@type\":\"Article\",\"@id\":\"https:\\\/\\\/montecarloliving.com\\\/fr\\\/actualite\\\/carnaval-de-nice-edition-2025-billets-deja-disponibles-en-ligne-17499\\\/#article\",\"isPartOf\":{\"@id\":\"https:\\\/\\\/montecarloliving.com\\\/fr\\\/actualite\\\/carnaval-de-nice-edition-2025-billets-deja-disponibles-en-ligne-17499\\\/\"},\"author\":{\"name\":\"Redazione\",\"@id\":\"https:\\\/\\\/montecarloliving.com\\\/fr\\\/#\\\/schema\\\/person\\\/7e5945d4560862b7f2d2c6831bda2819\"},\"headline\":\"Carnaval de Nice \u00e9dition 2025 : Billets d\u00e9j\u00e0 disponibles en ligne\",\"datePublished\":\"2024-12-23T09:49:48+00:00\",\"dateModified\":\"2024-12-23T09:52:40+00:00\",\"mainEntityOfPage\":{\"@id\":\"https:\\\/\\\/montecarloliving.com\\\/fr\\\/actualite\\\/carnaval-de-nice-edition-2025-billets-deja-disponibles-en-ligne-17499\\\/\"},\"wordCount\":526,\"image\":{\"@id\":\"https:\\\/\\\/montecarloliving.com\\\/fr\\\/actualite\\\/carnaval-de-nice-edition-2025-billets-deja-disponibles-en-ligne-17499\\\/#primaryimage\"},\"thumbnailUrl\":\"https:\\\/\\\/montecarloliving.com\\\/wp-content\\\/uploads\\\/2024\\\/12\\\/CARNAVAL_2016-1-1319x880-1.jpg\",\"articleSection\":[\"Actualit\u00e9\",\"\u00c9v\u00e9nements\",\"Nice\"],\"inLanguage\":\"fr-FR\"},{\"@type\":\"WebPage\",\"@id\":\"https:\\\/\\\/montecarloliving.com\\\/fr\\\/actualite\\\/carnaval-de-nice-edition-2025-billets-deja-disponibles-en-ligne-17499\\\/\",\"url\":\"https:\\\/\\\/montecarloliving.com\\\/fr\\\/actualite\\\/carnaval-de-nice-edition-2025-billets-deja-disponibles-en-ligne-17499\\\/\",\"name\":\"Carnaval de Nice \u00e9dition 2025 : Billets d\u00e9j\u00e0 disponibles en ligne\",\"isPartOf\":{\"@id\":\"https:\\\/\\\/montecarloliving.com\\\/fr\\\/#website\"},\"primaryImageOfPage\":{\"@id\":\"https:\\\/\\\/montecarloliving.com\\\/fr\\\/actualite\\\/carnaval-de-nice-edition-2025-billets-deja-disponibles-en-ligne-17499\\\/#primaryimage\"},\"image\":{\"@id\":\"https:\\\/\\\/montecarloliving.com\\\/fr\\\/actualite\\\/carnaval-de-nice-edition-2025-billets-deja-disponibles-en-ligne-17499\\\/#primaryimage\"},\"thumbnailUrl\":\"https:\\\/\\\/montecarloliving.com\\\/wp-content\\\/uploads\\\/2024\\\/12\\\/CARNAVAL_2016-1-1319x880-1.jpg\",\"datePublished\":\"2024-12-23T09:49:48+00:00\",\"dateModified\":\"2024-12-23T09:52:40+00:00\",\"author\":{\"@id\":\"https:\\\/\\\/montecarloliving.com\\\/fr\\\/#\\\/schema\\\/person\\\/7e5945d4560862b7f2d2c6831bda2819\"},\"description\":\"Bien que nous soyons en plein dans les f\u00eates de No\u00ebl, \u00e0 Nice on regarde d\u00e9j\u00e0 avec enthousiasme le Carnaval. Du 12 f\u00e9vrier au 2 mars 2025, la capitale de\",\"breadcrumb\":{\"@id\":\"https:\\\/\\\/montecarloliving.com\\\/fr\\\/actualite\\\/carnaval-de-nice-edition-2025-billets-deja-disponibles-en-ligne-17499\\\/#breadcrumb\"},\"inLanguage\":\"fr-FR\",\"potentialAction\":[{\"@type\":\"ReadAction\",\"target\":[\"https:\\\/\\\/montecarloliving.com\\\/fr\\\/actualite\\\/carnaval-de-nice-edition-2025-billets-deja-disponibles-en-ligne-17499\\\/\"]}]},{\"@type\":\"ImageObject\",\"inLanguage\":\"fr-FR\",\"@id\":\"https:\\\/\\\/montecarloliving.com\\\/fr\\\/actualite\\\/carnaval-de-nice-edition-2025-billets-deja-disponibles-en-ligne-17499\\\/#primaryimage\",\"url\":\"https:\\\/\\\/montecarloliving.com\\\/wp-content\\\/uploads\\\/2024\\\/12\\\/CARNAVAL_2016-1-1319x880-1.jpg\",\"contentUrl\":\"https:\\\/\\\/montecarloliving.com\\\/wp-content\\\/uploads\\\/2024\\\/12\\\/CARNAVAL_2016-1-1319x880-1.jpg\",\"width\":1319,\"height\":880},{\"@type\":\"BreadcrumbList\",\"@id\":\"https:\\\/\\\/montecarloliving.com\\\/fr\\\/actualite\\\/carnaval-de-nice-edition-2025-billets-deja-disponibles-en-ligne-17499\\\/#breadcrumb\",\"itemListElement\":[{\"@type\":\"ListItem\",\"position\":1,\"name\":\"Home\",\"item\":\"https:\\\/\\\/montecarloliving.com\\\/fr\\\/\"},{\"@type\":\"ListItem\",\"position\":2,\"name\":\"Carnaval de Nice \u00e9dition 2025 : Billets d\u00e9j\u00e0 disponibles en ligne\"}]},{\"@type\":\"WebSite\",\"@id\":\"https:\\\/\\\/montecarloliving.com\\\/fr\\\/#website\",\"url\":\"https:\\\/\\\/montecarloliving.com\\\/fr\\\/\",\"name\":\"Montecarlo Living\",\"description\":\"News da Montecarlo - Principato di Monaco e Costa Azzurra\",\"potentialAction\":[{\"@type\":\"SearchAction\",\"target\":{\"@type\":\"EntryPoint\",\"urlTemplate\":\"https:\\\/\\\/montecarloliving.com\\\/fr\\\/?s={search_term_string}\"},\"query-input\":{\"@type\":\"PropertyValueSpecification\",\"valueRequired\":true,\"valueName\":\"search_term_string\"}}],\"inLanguage\":\"fr-FR\"},{\"@type\":\"Person\",\"@id\":\"https:\\\/\\\/montecarloliving.com\\\/fr\\\/#\\\/schema\\\/person\\\/7e5945d4560862b7f2d2c6831bda2819\",\"name\":\"Redazione\",\"image\":{\"@type\":\"ImageObject\",\"inLanguage\":\"fr-FR\",\"@id\":\"https:\\\/\\\/secure.gravatar.com\\\/avatar\\\/8b5f26557e18fe74ad8e8a57ebb2925d88af8a90cee489ff2beefb391bc9b9c7?s=96&d=mm&r=g\",\"url\":\"https:\\\/\\\/secure.gravatar.com\\\/avatar\\\/8b5f26557e18fe74ad8e8a57ebb2925d88af8a90cee489ff2beefb391bc9b9c7?s=96&d=mm&r=g\",\"contentUrl\":\"https:\\\/\\\/secure.gravatar.com\\\/avatar\\\/8b5f26557e18fe74ad8e8a57ebb2925d88af8a90cee489ff2beefb391bc9b9c7?s=96&d=mm&r=g\",\"caption\":\"Redazione\"}}]}<\/script>\n<!-- \/ Yoast SEO plugin. -->","yoast_head_json":{"title":"Carnaval de Nice \u00e9dition 2025 : Billets d\u00e9j\u00e0 disponibles en ligne","description":"Bien que nous soyons en plein dans les f\u00eates de No\u00ebl, \u00e0 Nice on regarde d\u00e9j\u00e0 avec enthousiasme le Carnaval. Du 12 f\u00e9vrier au 2 mars 2025, la capitale de","robots":{"index":"index","follow":"follow","max-snippet":"max-snippet:-1","max-image-preview":"max-image-preview:large","max-video-preview":"max-video-preview:-1"},"canonical":"https:\/\/montecarloliving.com\/fr\/actualite\/carnaval-de-nice-edition-2025-billets-deja-disponibles-en-ligne-17499\/","og_locale":"fr_FR","og_title":"Carnaval de Nice \u00e9dition 2025 : Billets d\u00e9j\u00e0 disponibles en ligne","og_description":"Bien que nous soyons en plein dans les f\u00eates de No\u00ebl, \u00e0 Nice on regarde d\u00e9j\u00e0 avec enthousiasme le Carnaval. Du 12 f\u00e9vrier au 2 mars 2025, la capitale de","og_url":"https:\/\/montecarloliving.com\/fr\/actualite\/carnaval-de-nice-edition-2025-billets-deja-disponibles-en-ligne-17499\/","og_site_name":"Montecarlo Living","article_publisher":"https:\/\/www.facebook.com\/montecarlolivingcom\/","article_published_time":"2024-12-23T09:49:48+00:00","article_modified_time":"2024-12-23T09:52:40+00:00","og_image":[{"width":650,"height":400,"url":"https:\/\/montecarloliving.com\/wp-content\/uploads\/2024\/12\/CARNAVAL_2016-1-1319x880-1-650x400.jpg","type":"image\/jpeg"}],"author":"Redazione","twitter_card":"summary_large_image","twitter_creator":"@MonteCarloLivi","twitter_site":"@MonteCarloLivi","twitter_misc":{"\u00c9crit par":"Redazione","Dur\u00e9e de lecture estim\u00e9e":"3 minutes"},"schema":{"@context":"https:\/\/schema.org","@graph":[{"@type":"Article","@id":"https:\/\/montecarloliving.com\/fr\/actualite\/carnaval-de-nice-edition-2025-billets-deja-disponibles-en-ligne-17499\/#article","isPartOf":{"@id":"https:\/\/montecarloliving.com\/fr\/actualite\/carnaval-de-nice-edition-2025-billets-deja-disponibles-en-ligne-17499\/"},"author":{"name":"Redazione","@id":"https:\/\/montecarloliving.com\/fr\/#\/schema\/person\/7e5945d4560862b7f2d2c6831bda2819"},"headline":"Carnaval de Nice \u00e9dition 2025 : Billets d\u00e9j\u00e0 disponibles en ligne","datePublished":"2024-12-23T09:49:48+00:00","dateModified":"2024-12-23T09:52:40+00:00","mainEntityOfPage":{"@id":"https:\/\/montecarloliving.com\/fr\/actualite\/carnaval-de-nice-edition-2025-billets-deja-disponibles-en-ligne-17499\/"},"wordCount":526,"image":{"@id":"https:\/\/montecarloliving.com\/fr\/actualite\/carnaval-de-nice-edition-2025-billets-deja-disponibles-en-ligne-17499\/#primaryimage"},"thumbnailUrl":"https:\/\/montecarloliving.com\/wp-content\/uploads\/2024\/12\/CARNAVAL_2016-1-1319x880-1.jpg","articleSection":["Actualit\u00e9","\u00c9v\u00e9nements","Nice"],"inLanguage":"fr-FR"},{"@type":"WebPage","@id":"https:\/\/montecarloliving.com\/fr\/actualite\/carnaval-de-nice-edition-2025-billets-deja-disponibles-en-ligne-17499\/","url":"https:\/\/montecarloliving.com\/fr\/actualite\/carnaval-de-nice-edition-2025-billets-deja-disponibles-en-ligne-17499\/","name":"Carnaval de Nice \u00e9dition 2025 : Billets d\u00e9j\u00e0 disponibles en ligne","isPartOf":{"@id":"https:\/\/montecarloliving.com\/fr\/#website"},"primaryImageOfPage":{"@id":"https:\/\/montecarloliving.com\/fr\/actualite\/carnaval-de-nice-edition-2025-billets-deja-disponibles-en-ligne-17499\/#primaryimage"},"image":{"@id":"https:\/\/montecarloliving.com\/fr\/actualite\/carnaval-de-nice-edition-2025-billets-deja-disponibles-en-ligne-17499\/#primaryimage"},"thumbnailUrl":"https:\/\/montecarloliving.com\/wp-content\/uploads\/2024\/12\/CARNAVAL_2016-1-1319x880-1.jpg","datePublished":"2024-12-23T09:49:48+00:00","dateModified":"2024-12-23T09:52:40+00:00","author":{"@id":"https:\/\/montecarloliving.com\/fr\/#\/schema\/person\/7e5945d4560862b7f2d2c6831bda2819"},"description":"Bien que nous soyons en plein dans les f\u00eates de No\u00ebl, \u00e0 Nice on regarde d\u00e9j\u00e0 avec enthousiasme le Carnaval. Du 12 f\u00e9vrier au 2 mars 2025, la capitale de","breadcrumb":{"@id":"https:\/\/montecarloliving.com\/fr\/actualite\/carnaval-de-nice-edition-2025-billets-deja-disponibles-en-ligne-17499\/#breadcrumb"},"inLanguage":"fr-FR","potentialAction":[{"@type":"ReadAction","target":["https:\/\/montecarloliving.com\/fr\/actualite\/carnaval-de-nice-edition-2025-billets-deja-disponibles-en-ligne-17499\/"]}]},{"@type":"ImageObject","inLanguage":"fr-FR","@id":"https:\/\/montecarloliving.com\/fr\/actualite\/carnaval-de-nice-edition-2025-billets-deja-disponibles-en-ligne-17499\/#primaryimage","url":"https:\/\/montecarloliving.com\/wp-content\/uploads\/2024\/12\/CARNAVAL_2016-1-1319x880-1.jpg","contentUrl":"https:\/\/montecarloliving.com\/wp-content\/uploads\/2024\/12\/CARNAVAL_2016-1-1319x880-1.jpg","width":1319,"height":880},{"@type":"BreadcrumbList","@id":"https:\/\/montecarloliving.com\/fr\/actualite\/carnaval-de-nice-edition-2025-billets-deja-disponibles-en-ligne-17499\/#breadcrumb","itemListElement":[{"@type":"ListItem","position":1,"name":"Home","item":"https:\/\/montecarloliving.com\/fr\/"},{"@type":"ListItem","position":2,"name":"Carnaval de Nice \u00e9dition 2025 : Billets d\u00e9j\u00e0 disponibles en ligne"}]},{"@type":"WebSite","@id":"https:\/\/montecarloliving.com\/fr\/#website","url":"https:\/\/montecarloliving.com\/fr\/","name":"Montecarlo Living","description":"News da Montecarlo - Principato di Monaco e Costa Azzurra","potentialAction":[{"@type":"SearchAction","target":{"@type":"EntryPoint","urlTemplate":"https:\/\/montecarloliving.com\/fr\/?s={search_term_string}"},"query-input":{"@type":"PropertyValueSpecification","valueRequired":true,"valueName":"search_term_string"}}],"inLanguage":"fr-FR"},{"@type":"Person","@id":"https:\/\/montecarloliving.com\/fr\/#\/schema\/person\/7e5945d4560862b7f2d2c6831bda2819","name":"Redazione","image":{"@type":"ImageObject","inLanguage":"fr-FR","@id":"https:\/\/secure.gravatar.com\/avatar\/8b5f26557e18fe74ad8e8a57ebb2925d88af8a90cee489ff2beefb391bc9b9c7?s=96&d=mm&r=g","url":"https:\/\/secure.gravatar.com\/avatar\/8b5f26557e18fe74ad8e8a57ebb2925d88af8a90cee489ff2beefb391bc9b9c7?s=96&d=mm&r=g","contentUrl":"https:\/\/secure.gravatar.com\/avatar\/8b5f26557e18fe74ad8e8a57ebb2925d88af8a90cee489ff2beefb391bc9b9c7?s=96&d=mm&r=g","caption":"Redazione"}}]}},"_links":{"self":[{"href":"https:\/\/montecarloliving.com\/fr\/wp-json\/wp\/v2\/posts\/17499","targetHints":{"allow":["GET"]}}],"collection":[{"href":"https:\/\/montecarloliving.com\/fr\/wp-json\/wp\/v2\/posts"}],"about":[{"href":"https:\/\/montecarloliving.com\/fr\/wp-json\/wp\/v2\/types\/post"}],"author":[{"embeddable":true,"href":"https:\/\/montecarloliving.com\/fr\/wp-json\/wp\/v2\/users\/1"}],"replies":[{"embeddable":true,"href":"https:\/\/montecarloliving.com\/fr\/wp-json\/wp\/v2\/comments?post=17499"}],"version-history":[{"count":1,"href":"https:\/\/montecarloliving.com\/fr\/wp-json\/wp\/v2\/posts\/17499\/revisions"}],"predecessor-version":[{"id":17500,"href":"https:\/\/montecarloliving.com\/fr\/wp-json\/wp\/v2\/posts\/17499\/revisions\/17500"}],"wp:featuredmedia":[{"embeddable":true,"href":"https:\/\/montecarloliving.com\/fr\/wp-json\/wp\/v2\/media\/17495"}],"wp:attachment":[{"href":"https:\/\/montecarloliving.com\/fr\/wp-json\/wp\/v2\/media?parent=17499"}],"wp:term":[{"taxonomy":"category","embeddable":true,"href":"https:\/\/montecarloliving.com\/fr\/wp-json\/wp\/v2\/categories?post=17499"},{"taxonomy":"post_tag","embeddable":true,"href":"https:\/\/montecarloliving.com\/fr\/wp-json\/wp\/v2\/tags?post=17499"}],"curies":[{"name":"wp","href":"https:\/\/api.w.org\/{rel}","templated":true}]}}