{"id":17451,"date":"2025-05-22T09:15:40","date_gmt":"2025-05-22T07:15:40","guid":{"rendered":"https:\/\/montecarloliving.com\/?p=17451"},"modified":"2025-05-21T13:01:53","modified_gmt":"2025-05-21T11:01:53","slug":"evenements-du-week-end-2025-cannes","status":"publish","type":"post","link":"https:\/\/montecarloliving.com\/fr\/cannes-fr\/evenements-du-week-end-2025-cannes-17451\/","title":{"rendered":"\u00c9v\u00e9nements du Week-end des 24 et 25 Mai 2025 \u00e0 Cannes"},"content":{"rendered":"<h3 class=\"\" data-start=\"2643\" data-end=\"2711\"><strong data-start=\"2652\" data-end=\"2711\">\u00c9v\u00e9nements du Week-end \u00e0 Cannes \u2013 D\u00e9couvrez-les tous !!<\/strong><\/h3>\n<p class=\"\" data-start=\"2713\" data-end=\"2885\"><strong data-start=\"2713\" data-end=\"2735\">Festival de Cannes<\/strong><br data-start=\"2735\" data-end=\"2738\" \/>Jusqu\u2019au 24 mai 2025 \u2013 Palais des Festivals et des Congr\u00e8s de Cannes, 1 boulevard de la Croisette, 06400 Cannes<br data-start=\"2849\" data-end=\"2852\" \/><a href=\"https:\/\/montecarloliving.com\/fr\/actualite\/festival-de-cannes-2025-78e-edition-debute-aujourdhui-21832\/\">Festival de Cannes 2025 : la 78e \u00e9dition d\u00e9bute aujourd\u2019hui<\/a><\/p>\n<hr \/>\n<p class=\"\" data-start=\"383\" data-end=\"499\"><strong data-start=\"383\" data-end=\"420\">Week-end danse aux \u00eeles de L\u00e9rins<\/strong><br data-start=\"420\" data-end=\"423\" \/>Samedi 24 et dimanche 25 mai 2025 au Fort Royal de l&rsquo;\u00eele Sainte-Marguerite<\/p>\n<hr \/>\n<p class=\"\" data-start=\"501\" data-end=\"614\"><strong data-start=\"501\" data-end=\"542\">21e \u00e9dition de \u00ab Cannes fait le Mur \u00bb<\/strong><br data-start=\"542\" data-end=\"545\" \/>Jusqu\u2019au 13 juin 2025 sur les murs des rues de Cannes, 06400 Cannes<\/p>\n<hr \/>\n<p class=\"\" data-start=\"616\" data-end=\"697\"><strong data-start=\"616\" data-end=\"633\">SOIR\u00c9E CIN\u00c9MA<\/strong><br data-start=\"633\" data-end=\"636\" \/>Samedi 24 mai 2025 au Casino Partouche Cannes, 50 Croisette<\/p>\n<hr \/>\n<p class=\"\" data-start=\"699\" data-end=\"807\"><strong data-start=\"699\" data-end=\"743\">Photowalk \/ Balade photographique Cannes<\/strong><br data-start=\"743\" data-end=\"746\" \/>Dimanche 25 mai 2025 \u00e0 Cannes \u2013 En face de la Gare Maritime<\/p>\n<hr \/>\n<p class=\"\" data-start=\"809\" data-end=\"897\"><strong data-start=\"809\" data-end=\"829\">Sainte Communion<\/strong><br data-start=\"829\" data-end=\"832\" \/>Dimanche 25 mai 2025 au 2-4 Rue du G\u00e9n\u00e9ral Ferri\u00e9, 06400 Cannes<\/p>\n<hr \/>\n<p class=\"\" data-start=\"899\" data-end=\"1045\"><strong data-start=\"899\" data-end=\"958\">Exposition \u2013 Jean-Michel Othoniel \u2013 Poussi\u00e8re d\u2019\u00e9toiles<\/strong><br data-start=\"958\" data-end=\"961\" \/>Jusqu\u2019au 4 janvier 2026 \u00e0 La Malmaison, 47 boulevard de la Croisette, 06400 Cannes<\/p>\n<hr \/>\n<p class=\"\" data-start=\"1047\" data-end=\"1103\"><strong data-start=\"1047\" data-end=\"1069\">March\u00e9 de La Bocca<\/strong><br data-start=\"1069\" data-end=\"1072\" \/>Tous les matins sauf le lundi<\/p>\n<hr \/>\n<p class=\"\" data-start=\"1105\" data-end=\"1158\"><strong data-start=\"1105\" data-end=\"1124\">March\u00e9 Gambetta<\/strong><br data-start=\"1124\" data-end=\"1127\" \/>Tous les matins sauf le lundi<\/p>\n<hr \/>\n<p class=\"\" data-start=\"1160\" data-end=\"1271\"><strong data-start=\"1160\" data-end=\"1211\">Orchestre national de Cannes \u2013 Saison 2024\/2025<\/strong><br data-start=\"1211\" data-end=\"1214\" \/>Jusqu\u2019au 3 juillet 2025 dans divers lieux, 06400 Cannes<\/p>\n<hr \/>\n<p class=\"\" data-start=\"1273\" data-end=\"1306\"><strong data-start=\"1273\" data-end=\"1304\">num_broch-saison-onc-24-251<\/strong><\/p>\n<p class=\"\" data-start=\"1308\" data-end=\"1454\"><strong data-start=\"1308\" data-end=\"1352\">Th\u00e9\u00e2tre de la Licorne \u2013 Saison 2024\/2025<\/strong><br data-start=\"1352\" data-end=\"1355\" \/>Jusqu\u2019au 29 juin 2025 au Th\u00e9\u00e2tre de la Licorne, 25 avenue Francis Tonner, 06150 Cannes \u2013 La Bocca<\/p>\n<hr \/>\n<p class=\"\" data-start=\"1456\" data-end=\"1598\"><strong data-start=\"1456\" data-end=\"1504\">Exposition \u00ab Vanuatu. La voix des anc\u00eatres \u00bb<\/strong><br data-start=\"1504\" data-end=\"1507\" \/>Jusqu\u2019au 25 mai 2025 au Mus\u00e9e des Explorations du Monde, Place de la Castre, 06400 Cannes<\/p>\n<hr \/>\n<p><a href=\"https:\/\/www.instagram.com\/monte_carlo_living\/\">Visitez Notre Page Instagram<\/a><\/p>\n<p><a href=\"https:\/\/montecarloliving.com\/fr\/\">Lisez d&rsquo;Autres Articles<\/a><\/p>\n","protected":false},"excerpt":{"rendered":"<p>\u00c9v\u00e9nements du Week-end \u00e0 Cannes \u2013 D\u00e9couvrez-les tous !! Festival de CannesJusqu\u2019au 24 mai 2025 \u2013 Palais des Festivals et des Congr\u00e8s de Cannes, 1 boulevard de la Croisette, 06400 CannesFestival de Cannes 2025 : la 78e \u00e9dition d\u00e9bute aujourd\u2019hui Week-end danse aux \u00eeles [&hellip;]<\/p>\n","protected":false},"author":1,"featured_media":12325,"comment_status":"closed","ping_status":"closed","sticky":false,"template":"","format":"standard","meta":{"footnotes":""},"categories":[827,870,828],"tags":[],"class_list":["post-17451","post","type-post","status-publish","format-standard","has-post-thumbnail","hentry","category-actualite","category-cannes-fr","category-evenements"],"yoast_head":"<!-- This site is optimized with the Yoast SEO plugin v27.4 - https:\/\/yoast.com\/product\/yoast-seo-wordpress\/ -->\n<title>\u00c9v\u00e9nements du Week-end des 24 et 25 Mai 2025 \u00e0 Cannes<\/title>\n<meta name=\"description\" content=\"\u00c9v\u00e9nements du week-end \u00e0 Cannes 2025, d\u00e9couvrez-les tous !\" \/>\n<meta name=\"robots\" content=\"index, follow, max-snippet:-1, max-image-preview:large, max-video-preview:-1\" \/>\n<link rel=\"canonical\" href=\"https:\/\/montecarloliving.com\/fr\/cannes-fr\/evenements-du-week-end-2025-cannes-17451\/\" \/>\n<meta property=\"og:locale\" content=\"fr_FR\" \/>\n<meta property=\"og:title\" content=\"\u00c9v\u00e9nements du Week-end des 24 et 25 Mai 2025 \u00e0 Cannes\" \/>\n<meta property=\"og:description\" content=\"\u00c9v\u00e9nements du week-end \u00e0 Cannes 2025, d\u00e9couvrez-les tous !\" \/>\n<meta property=\"og:url\" content=\"https:\/\/montecarloliving.com\/fr\/cannes-fr\/evenements-du-week-end-2025-cannes-17451\/\" \/>\n<meta property=\"og:site_name\" content=\"Montecarlo Living\" \/>\n<meta property=\"article:publisher\" content=\"https:\/\/www.facebook.com\/montecarlolivingcom\/\" \/>\n<meta property=\"article:published_time\" content=\"2025-05-22T07:15:40+00:00\" \/>\n<meta property=\"og:image\" content=\"https:\/\/montecarloliving.com\/wp-content\/uploads\/2024\/06\/CopertinaCannesFR-650x400.png\" \/>\n\t<meta property=\"og:image:width\" content=\"650\" \/>\n\t<meta property=\"og:image:height\" content=\"400\" \/>\n\t<meta property=\"og:image:type\" content=\"image\/png\" \/>\n<meta name=\"author\" content=\"Redazione\" \/>\n<meta name=\"twitter:card\" content=\"summary_large_image\" \/>\n<meta name=\"twitter:creator\" content=\"@MonteCarloLivi\" \/>\n<meta name=\"twitter:site\" content=\"@MonteCarloLivi\" \/>\n<meta name=\"twitter:label1\" content=\"\u00c9crit par\" \/>\n\t<meta name=\"twitter:data1\" content=\"Redazione\" \/>\n\t<meta name=\"twitter:label2\" content=\"Dur\u00e9e de lecture estim\u00e9e\" \/>\n\t<meta name=\"twitter:data2\" content=\"2 minutes\" \/>\n<script type=\"application\/ld+json\" class=\"yoast-schema-graph\">{\"@context\":\"https:\\\/\\\/schema.org\",\"@graph\":[{\"@type\":\"Article\",\"@id\":\"https:\\\/\\\/montecarloliving.com\\\/fr\\\/cannes-fr\\\/evenements-du-week-end-2025-cannes-17451\\\/#article\",\"isPartOf\":{\"@id\":\"https:\\\/\\\/montecarloliving.com\\\/fr\\\/cannes-fr\\\/evenements-du-week-end-2025-cannes-17451\\\/\"},\"author\":{\"name\":\"Redazione\",\"@id\":\"https:\\\/\\\/montecarloliving.com\\\/fr\\\/#\\\/schema\\\/person\\\/7e5945d4560862b7f2d2c6831bda2819\"},\"headline\":\"\u00c9v\u00e9nements du Week-end des 24 et 25 Mai 2025 \u00e0 Cannes\",\"datePublished\":\"2025-05-22T07:15:40+00:00\",\"mainEntityOfPage\":{\"@id\":\"https:\\\/\\\/montecarloliving.com\\\/fr\\\/cannes-fr\\\/evenements-du-week-end-2025-cannes-17451\\\/\"},\"wordCount\":220,\"image\":{\"@id\":\"https:\\\/\\\/montecarloliving.com\\\/fr\\\/cannes-fr\\\/evenements-du-week-end-2025-cannes-17451\\\/#primaryimage\"},\"thumbnailUrl\":\"https:\\\/\\\/montecarloliving.com\\\/wp-content\\\/uploads\\\/2024\\\/06\\\/CopertinaCannesFR.png\",\"articleSection\":[\"Actualit\u00e9\",\"Cannes\",\"\u00c9v\u00e9nements\"],\"inLanguage\":\"fr-FR\"},{\"@type\":\"WebPage\",\"@id\":\"https:\\\/\\\/montecarloliving.com\\\/fr\\\/cannes-fr\\\/evenements-du-week-end-2025-cannes-17451\\\/\",\"url\":\"https:\\\/\\\/montecarloliving.com\\\/fr\\\/cannes-fr\\\/evenements-du-week-end-2025-cannes-17451\\\/\",\"name\":\"\u00c9v\u00e9nements du Week-end des 24 et 25 Mai 2025 \u00e0 Cannes\",\"isPartOf\":{\"@id\":\"https:\\\/\\\/montecarloliving.com\\\/fr\\\/#website\"},\"primaryImageOfPage\":{\"@id\":\"https:\\\/\\\/montecarloliving.com\\\/fr\\\/cannes-fr\\\/evenements-du-week-end-2025-cannes-17451\\\/#primaryimage\"},\"image\":{\"@id\":\"https:\\\/\\\/montecarloliving.com\\\/fr\\\/cannes-fr\\\/evenements-du-week-end-2025-cannes-17451\\\/#primaryimage\"},\"thumbnailUrl\":\"https:\\\/\\\/montecarloliving.com\\\/wp-content\\\/uploads\\\/2024\\\/06\\\/CopertinaCannesFR.png\",\"datePublished\":\"2025-05-22T07:15:40+00:00\",\"author\":{\"@id\":\"https:\\\/\\\/montecarloliving.com\\\/fr\\\/#\\\/schema\\\/person\\\/7e5945d4560862b7f2d2c6831bda2819\"},\"description\":\"\u00c9v\u00e9nements du week-end \u00e0 Cannes 2025, d\u00e9couvrez-les tous !\",\"breadcrumb\":{\"@id\":\"https:\\\/\\\/montecarloliving.com\\\/fr\\\/cannes-fr\\\/evenements-du-week-end-2025-cannes-17451\\\/#breadcrumb\"},\"inLanguage\":\"fr-FR\",\"potentialAction\":[{\"@type\":\"ReadAction\",\"target\":[\"https:\\\/\\\/montecarloliving.com\\\/fr\\\/cannes-fr\\\/evenements-du-week-end-2025-cannes-17451\\\/\"]}]},{\"@type\":\"ImageObject\",\"inLanguage\":\"fr-FR\",\"@id\":\"https:\\\/\\\/montecarloliving.com\\\/fr\\\/cannes-fr\\\/evenements-du-week-end-2025-cannes-17451\\\/#primaryimage\",\"url\":\"https:\\\/\\\/montecarloliving.com\\\/wp-content\\\/uploads\\\/2024\\\/06\\\/CopertinaCannesFR.png\",\"contentUrl\":\"https:\\\/\\\/montecarloliving.com\\\/wp-content\\\/uploads\\\/2024\\\/06\\\/CopertinaCannesFR.png\",\"width\":2000,\"height\":1200,\"caption\":\"\u00c9v\u00e9nements weekend Cannes\"},{\"@type\":\"BreadcrumbList\",\"@id\":\"https:\\\/\\\/montecarloliving.com\\\/fr\\\/cannes-fr\\\/evenements-du-week-end-2025-cannes-17451\\\/#breadcrumb\",\"itemListElement\":[{\"@type\":\"ListItem\",\"position\":1,\"name\":\"Home\",\"item\":\"https:\\\/\\\/montecarloliving.com\\\/fr\\\/\"},{\"@type\":\"ListItem\",\"position\":2,\"name\":\"\u00c9v\u00e9nements du Week-end des 24 et 25 Mai 2025 \u00e0 Cannes\"}]},{\"@type\":\"WebSite\",\"@id\":\"https:\\\/\\\/montecarloliving.com\\\/fr\\\/#website\",\"url\":\"https:\\\/\\\/montecarloliving.com\\\/fr\\\/\",\"name\":\"Montecarlo Living\",\"description\":\"News da Montecarlo - Principato di Monaco e Costa Azzurra\",\"potentialAction\":[{\"@type\":\"SearchAction\",\"target\":{\"@type\":\"EntryPoint\",\"urlTemplate\":\"https:\\\/\\\/montecarloliving.com\\\/fr\\\/?s={search_term_string}\"},\"query-input\":{\"@type\":\"PropertyValueSpecification\",\"valueRequired\":true,\"valueName\":\"search_term_string\"}}],\"inLanguage\":\"fr-FR\"},{\"@type\":\"Person\",\"@id\":\"https:\\\/\\\/montecarloliving.com\\\/fr\\\/#\\\/schema\\\/person\\\/7e5945d4560862b7f2d2c6831bda2819\",\"name\":\"Redazione\",\"image\":{\"@type\":\"ImageObject\",\"inLanguage\":\"fr-FR\",\"@id\":\"https:\\\/\\\/secure.gravatar.com\\\/avatar\\\/8b5f26557e18fe74ad8e8a57ebb2925d88af8a90cee489ff2beefb391bc9b9c7?s=96&d=mm&r=g\",\"url\":\"https:\\\/\\\/secure.gravatar.com\\\/avatar\\\/8b5f26557e18fe74ad8e8a57ebb2925d88af8a90cee489ff2beefb391bc9b9c7?s=96&d=mm&r=g\",\"contentUrl\":\"https:\\\/\\\/secure.gravatar.com\\\/avatar\\\/8b5f26557e18fe74ad8e8a57ebb2925d88af8a90cee489ff2beefb391bc9b9c7?s=96&d=mm&r=g\",\"caption\":\"Redazione\"}}]}<\/script>\n<!-- \/ Yoast SEO plugin. -->","yoast_head_json":{"title":"\u00c9v\u00e9nements du Week-end des 24 et 25 Mai 2025 \u00e0 Cannes","description":"\u00c9v\u00e9nements du week-end \u00e0 Cannes 2025, d\u00e9couvrez-les tous !","robots":{"index":"index","follow":"follow","max-snippet":"max-snippet:-1","max-image-preview":"max-image-preview:large","max-video-preview":"max-video-preview:-1"},"canonical":"https:\/\/montecarloliving.com\/fr\/cannes-fr\/evenements-du-week-end-2025-cannes-17451\/","og_locale":"fr_FR","og_title":"\u00c9v\u00e9nements du Week-end des 24 et 25 Mai 2025 \u00e0 Cannes","og_description":"\u00c9v\u00e9nements du week-end \u00e0 Cannes 2025, d\u00e9couvrez-les tous !","og_url":"https:\/\/montecarloliving.com\/fr\/cannes-fr\/evenements-du-week-end-2025-cannes-17451\/","og_site_name":"Montecarlo Living","article_publisher":"https:\/\/www.facebook.com\/montecarlolivingcom\/","article_published_time":"2025-05-22T07:15:40+00:00","og_image":[{"width":650,"height":400,"url":"https:\/\/montecarloliving.com\/wp-content\/uploads\/2024\/06\/CopertinaCannesFR-650x400.png","type":"image\/png"}],"author":"Redazione","twitter_card":"summary_large_image","twitter_creator":"@MonteCarloLivi","twitter_site":"@MonteCarloLivi","twitter_misc":{"\u00c9crit par":"Redazione","Dur\u00e9e de lecture estim\u00e9e":"2 minutes"},"schema":{"@context":"https:\/\/schema.org","@graph":[{"@type":"Article","@id":"https:\/\/montecarloliving.com\/fr\/cannes-fr\/evenements-du-week-end-2025-cannes-17451\/#article","isPartOf":{"@id":"https:\/\/montecarloliving.com\/fr\/cannes-fr\/evenements-du-week-end-2025-cannes-17451\/"},"author":{"name":"Redazione","@id":"https:\/\/montecarloliving.com\/fr\/#\/schema\/person\/7e5945d4560862b7f2d2c6831bda2819"},"headline":"\u00c9v\u00e9nements du Week-end des 24 et 25 Mai 2025 \u00e0 Cannes","datePublished":"2025-05-22T07:15:40+00:00","mainEntityOfPage":{"@id":"https:\/\/montecarloliving.com\/fr\/cannes-fr\/evenements-du-week-end-2025-cannes-17451\/"},"wordCount":220,"image":{"@id":"https:\/\/montecarloliving.com\/fr\/cannes-fr\/evenements-du-week-end-2025-cannes-17451\/#primaryimage"},"thumbnailUrl":"https:\/\/montecarloliving.com\/wp-content\/uploads\/2024\/06\/CopertinaCannesFR.png","articleSection":["Actualit\u00e9","Cannes","\u00c9v\u00e9nements"],"inLanguage":"fr-FR"},{"@type":"WebPage","@id":"https:\/\/montecarloliving.com\/fr\/cannes-fr\/evenements-du-week-end-2025-cannes-17451\/","url":"https:\/\/montecarloliving.com\/fr\/cannes-fr\/evenements-du-week-end-2025-cannes-17451\/","name":"\u00c9v\u00e9nements du Week-end des 24 et 25 Mai 2025 \u00e0 Cannes","isPartOf":{"@id":"https:\/\/montecarloliving.com\/fr\/#website"},"primaryImageOfPage":{"@id":"https:\/\/montecarloliving.com\/fr\/cannes-fr\/evenements-du-week-end-2025-cannes-17451\/#primaryimage"},"image":{"@id":"https:\/\/montecarloliving.com\/fr\/cannes-fr\/evenements-du-week-end-2025-cannes-17451\/#primaryimage"},"thumbnailUrl":"https:\/\/montecarloliving.com\/wp-content\/uploads\/2024\/06\/CopertinaCannesFR.png","datePublished":"2025-05-22T07:15:40+00:00","author":{"@id":"https:\/\/montecarloliving.com\/fr\/#\/schema\/person\/7e5945d4560862b7f2d2c6831bda2819"},"description":"\u00c9v\u00e9nements du week-end \u00e0 Cannes 2025, d\u00e9couvrez-les tous !","breadcrumb":{"@id":"https:\/\/montecarloliving.com\/fr\/cannes-fr\/evenements-du-week-end-2025-cannes-17451\/#breadcrumb"},"inLanguage":"fr-FR","potentialAction":[{"@type":"ReadAction","target":["https:\/\/montecarloliving.com\/fr\/cannes-fr\/evenements-du-week-end-2025-cannes-17451\/"]}]},{"@type":"ImageObject","inLanguage":"fr-FR","@id":"https:\/\/montecarloliving.com\/fr\/cannes-fr\/evenements-du-week-end-2025-cannes-17451\/#primaryimage","url":"https:\/\/montecarloliving.com\/wp-content\/uploads\/2024\/06\/CopertinaCannesFR.png","contentUrl":"https:\/\/montecarloliving.com\/wp-content\/uploads\/2024\/06\/CopertinaCannesFR.png","width":2000,"height":1200,"caption":"\u00c9v\u00e9nements weekend Cannes"},{"@type":"BreadcrumbList","@id":"https:\/\/montecarloliving.com\/fr\/cannes-fr\/evenements-du-week-end-2025-cannes-17451\/#breadcrumb","itemListElement":[{"@type":"ListItem","position":1,"name":"Home","item":"https:\/\/montecarloliving.com\/fr\/"},{"@type":"ListItem","position":2,"name":"\u00c9v\u00e9nements du Week-end des 24 et 25 Mai 2025 \u00e0 Cannes"}]},{"@type":"WebSite","@id":"https:\/\/montecarloliving.com\/fr\/#website","url":"https:\/\/montecarloliving.com\/fr\/","name":"Montecarlo Living","description":"News da Montecarlo - Principato di Monaco e Costa Azzurra","potentialAction":[{"@type":"SearchAction","target":{"@type":"EntryPoint","urlTemplate":"https:\/\/montecarloliving.com\/fr\/?s={search_term_string}"},"query-input":{"@type":"PropertyValueSpecification","valueRequired":true,"valueName":"search_term_string"}}],"inLanguage":"fr-FR"},{"@type":"Person","@id":"https:\/\/montecarloliving.com\/fr\/#\/schema\/person\/7e5945d4560862b7f2d2c6831bda2819","name":"Redazione","image":{"@type":"ImageObject","inLanguage":"fr-FR","@id":"https:\/\/secure.gravatar.com\/avatar\/8b5f26557e18fe74ad8e8a57ebb2925d88af8a90cee489ff2beefb391bc9b9c7?s=96&d=mm&r=g","url":"https:\/\/secure.gravatar.com\/avatar\/8b5f26557e18fe74ad8e8a57ebb2925d88af8a90cee489ff2beefb391bc9b9c7?s=96&d=mm&r=g","contentUrl":"https:\/\/secure.gravatar.com\/avatar\/8b5f26557e18fe74ad8e8a57ebb2925d88af8a90cee489ff2beefb391bc9b9c7?s=96&d=mm&r=g","caption":"Redazione"}}]}},"_links":{"self":[{"href":"https:\/\/montecarloliving.com\/fr\/wp-json\/wp\/v2\/posts\/17451","targetHints":{"allow":["GET"]}}],"collection":[{"href":"https:\/\/montecarloliving.com\/fr\/wp-json\/wp\/v2\/posts"}],"about":[{"href":"https:\/\/montecarloliving.com\/fr\/wp-json\/wp\/v2\/types\/post"}],"author":[{"embeddable":true,"href":"https:\/\/montecarloliving.com\/fr\/wp-json\/wp\/v2\/users\/1"}],"replies":[{"embeddable":true,"href":"https:\/\/montecarloliving.com\/fr\/wp-json\/wp\/v2\/comments?post=17451"}],"version-history":[{"count":27,"href":"https:\/\/montecarloliving.com\/fr\/wp-json\/wp\/v2\/posts\/17451\/revisions"}],"predecessor-version":[{"id":22133,"href":"https:\/\/montecarloliving.com\/fr\/wp-json\/wp\/v2\/posts\/17451\/revisions\/22133"}],"wp:featuredmedia":[{"embeddable":true,"href":"https:\/\/montecarloliving.com\/fr\/wp-json\/wp\/v2\/media\/12325"}],"wp:attachment":[{"href":"https:\/\/montecarloliving.com\/fr\/wp-json\/wp\/v2\/media?parent=17451"}],"wp:term":[{"taxonomy":"category","embeddable":true,"href":"https:\/\/montecarloliving.com\/fr\/wp-json\/wp\/v2\/categories?post=17451"},{"taxonomy":"post_tag","embeddable":true,"href":"https:\/\/montecarloliving.com\/fr\/wp-json\/wp\/v2\/tags?post=17451"}],"curies":[{"name":"wp","href":"https:\/\/api.w.org\/{rel}","templated":true}]}}