{"id":17291,"date":"2024-12-20T09:15:59","date_gmt":"2024-12-20T08:15:59","guid":{"rendered":"https:\/\/montecarloliving.com\/?p=17291"},"modified":"2024-12-17T11:32:35","modified_gmt":"2024-12-17T10:32:35","slug":"les-meilleurs-evenements-du-week-end-de-noel-2024-sur-cote-dazur","status":"publish","type":"post","link":"https:\/\/montecarloliving.com\/fr\/evenements\/les-meilleurs-evenements-du-week-end-de-noel-2024-sur-cote-dazur-17291\/","title":{"rendered":"Les meilleurs \u00e9v\u00e9nements du week-end de No\u00ebl 2024 sur la C\u00f4te d&rsquo;Azur"},"content":{"rendered":"<p><strong>D\u00e9couvrez les \u00e9v\u00e9nements du week-end sur la C\u00f4te d&rsquo;Azur<\/strong><\/p>\n<hr \/>\n<h3>\u00c9v\u00e9nements du Week-end \u00e0 Monte-Carlo<\/h3>\n<hr \/>\n<h4><strong>Op\u00e9ra &#8211; \u00ab\u00a0Oratorio de No\u00ebl\u00a0\u00bb<\/strong><\/h4>\n<p>Samedi 21 d\u00e9cembre 2024, \u00e0 20h, Op\u00e9ra Garnier Monte-Carlo<br \/>\nOp\u00e9ra de Monte-Carlo, saison 2024\/25. Concert choral.<br \/>\nChef d&rsquo;orchestre : Gianluca Capuano.<br \/>\nMa\u00eetre de ch\u0153ur : Stefano Visconti.<br \/>\nOratorio (cantates I-III).<br \/>\nMusique de Johann Sebastian Bach (1685-1750).<br \/>\nTextes tir\u00e9s de l&rsquo;\u00c9vangile selon Luc 2:6-20.<br \/>\nTextes additionnels de Christian Friedrich Henrici, Johann Rist, Paul Gerhardt, Martin Luther et Christoph Runge.<br \/>\nPremi\u00e8re ex\u00e9cution : Leipzig, \u00c9glise Saint-Nicolas et \u00c9glise Saint-Thomas, du 25 au 27 d\u00e9cembre 1734.<\/p>\n<p><a href=\"https:\/\/www.opera.mc\/\" target=\"_new\" rel=\"noopener\">https:\/\/www.opera.mc\/<\/a><\/p>\n<hr \/>\n<h4><strong>Pop-Up de No\u00ebl &#8211; \u00ab\u00a0Chalets de No\u00ebl\u00a0\u00bb<\/strong><\/h4>\n<p>Du vendredi 15 novembre 2024 au dimanche 5 janvier 2025, de 10h00 \u00e0 19h00, Avenue de Monte-Carlo<br \/>\nBienvenue dans le monde enchanteur de nos chalets de No\u00ebl ! D\u00e9couvrez ces chalets et laissez-vous s\u00e9duire par des d\u00e9lices festifs et des cadeaux uniques. Cette ann\u00e9e, une large s\u00e9lection de sp\u00e9cialit\u00e9s sucr\u00e9es et sal\u00e9es vous attend, transformant vos festivit\u00e9s de fin d\u2019ann\u00e9e en v\u00e9ritable c\u00e9l\u00e9bration gastronomique.<br \/>\nVous y trouverez aussi une gamme de parfums envo\u00fbtants, de bouquets de fleurs enchant\u00e9s et bien plus encore, pour g\u00e2ter vos proches ou vous offrir un moment sp\u00e9cial. Faites une pause gourmande durant votre shopping en d\u00e9gustant nos cr\u00eapes et notre chocolat chaud !<\/p>\n<p><a href=\"https:\/\/www.montecarlosbm.com\/fr\/inspiration\/nos-pop-ups-festifs\" target=\"_new\" rel=\"noopener\">https:\/\/www.montecarlosbm.com\/fr\/inspiration\/nos-pop-ups-festifs<\/a><\/p>\n<hr \/>\n<h3>\u00c9v\u00e9nements du Week-end \u00e0 Nice<\/h3>\n<hr \/>\n<h4><strong>Les amis du P\u00e8re No\u00ebl<\/strong><\/h4>\n<p>Dimanche 22 d\u00e9cembre 2024.<\/p>\n<p>D\u00e9bord\u00e9, le P\u00e8re No\u00ebl devient irritable et d\u00e9sagr\u00e9able, peut-\u00eatre \u00e0 cause de mauvaises rencontres en ligne. Avec l&rsquo;aide de Polo et Ad\u00e8le, vous devrez comprendre ce qui se passe pour ramener la s\u00e9r\u00e9nit\u00e9 dans la maison du P\u00e8re No\u00ebl avant&#8230; No\u00ebl !<\/p>\n<p><a href=\"https:\/\/www.theatrenice.fr\/\" target=\"_new\" rel=\"noopener\">https:\/\/www.theatrenice.fr\/<\/a><\/p>\n<hr \/>\n<h4><strong>Le Train de No\u00ebl \u2013 France Voguette<\/strong><\/h4>\n<p>Du 21\/12\/2024 au 05\/01\/2025, chaque jour de 10h \u00e0 17h.<\/p>\n<p>Depuis la Promenade des Anglais, d\u00e9couvrez Nice \u00e0 bord d\u2019un train \u00e9lectrique. Circuit panoramique (50 min) avec arr\u00eat sur la colline du ch\u00e2teau pour admirer la Baie des Anges. Commentaire en 8 langues, train silencieux, \u00e9cologique et accessible aux personnes \u00e0 mobilit\u00e9 r\u00e9duite.<\/p>\n<p><a href=\"https:\/\/www.francevoguette.com\/\" target=\"_new\" rel=\"noopener\">https:\/\/www.francevoguette.com\/<\/a><\/p>\n<hr \/>\n<h3>\u00c9v\u00e9nements du Week-end \u00e0 Menton<\/h3>\n<hr \/>\n<h4><strong>No\u00ebl \u00e0 Menton &#8211; Parade &#8211; Merveilleux No\u00ebl des 4 saisons \u00e0 Menton<\/strong><\/h4>\n<p>Laissez-vous emporter par une ambiance magique au c\u0153ur de la ville.<br \/>\nDans une explosion de couleurs, lumi\u00e8res et chants enchanteurs, cette parade promet de vous plonger dans la magie de No\u00ebl.<br \/>\nLa grande parade de No\u00ebl revient \u00e0 Menton !<\/p>\n<p>Le 21 d\u00e9cembre, de 16h30 \u00e0 17h30 (et jusqu&rsquo;\u00e0 18h00 pour les derniers instants magiques), laissez-vous transporter par un d\u00e9fil\u00e9 magique en plein c\u0153ur de la ville ! Au rythme des chants et des lumi\u00e8res scintillantes, plongez dans l\u2019esprit de No\u00ebl et partagez des moments inoubliables en famille. Venez nombreux pour vivre cette parenth\u00e8se enchant\u00e9e !<\/p>\n<p><a href=\"https:\/\/www.noel-menton.fr\/\" target=\"_new\" rel=\"noopener\">https:\/\/www.noel-menton.fr\/<\/a><\/p>\n<hr \/>\n<h4><strong>Visite \u00e0 pied &#8211; D\u00e9fil\u00e9 musical<\/strong><\/h4>\n<p>Parade musicale avec La batucada de No\u00ebl et les lutins.<br \/>\nAu rythme des chants et des lumi\u00e8res scintillantes, plongez dans l&rsquo;esprit de No\u00ebl et partagez des moments magiques en famille.<\/p>\n<p><a href=\"https:\/\/www.menton-riviera-merveilles.fr\/\" target=\"_new\" rel=\"noopener\">https:\/\/www.menton-riviera-merveilles.fr\/<\/a><\/p>\n<hr \/>\n<h3>\u00c9v\u00e9nements du Week-end \u00e0 Cannes<\/h3>\n<hr \/>\n<h4><strong>The Black Blues Brothers<\/strong><\/h4>\n<p>Un spectacle virtuose \u00e0 l\u2019am\u00e9ricaine, \u00e0 la fois vintage et contemporain, qui traverse les g\u00e9n\u00e9rations et les continents !<br \/>\nDans un d\u00e9cor de cabaret au charme r\u00e9tro du \u00ab\u00a0Cotton Club\u00a0\u00bb, cinq artistes de la c\u00e9l\u00e8bre \u00e9cole Sarakasi de Nairobi r\u00e9alisent des sauts, des pyramides et des acrobaties incroyables, dans une s\u00e9rie de sc\u00e8nes rendant hommage aux <strong>Blues Brothers<\/strong> de John Landis.<br \/>\nUn show inspir\u00e9 de l\u2019Am\u00e9rique, \u00e0 l\u2019atmosph\u00e8re \u00e9lectrisante, enrichi d\u2019une bande-son irr\u00e9sistible. Magistral !<\/p>\n<p><a href=\"https:\/\/www.cannesticket.com\/en\" target=\"_new\" rel=\"noopener\">https:\/\/www.cannesticket.com\/en<\/a><\/p>\n<hr \/>\n<h4><strong>No\u00ebl de Mr. Jack<\/strong><\/h4>\n<p>L\u2019univers gothique de Tim Burton brille dans <strong>L&rsquo;\u00c9trange No\u00ebl de Mr. Jack<\/strong>, mis en sc\u00e8ne par l&rsquo;Orchestre National de Cannes&#8230;<br \/>\nL\u2019univers prend vie gr\u00e2ce \u00e0 la musique extraordinaire de Danny Elfman. Fatigu\u00e9 des frasques d\u2019Halloween, Jack Skellington, le Roi des Citrouilles, d\u00e9cide d\u2019apporter la magie de No\u00ebl \u00e0 la Ville d\u2019Halloween. Mais cette mission joyeuse tourne rapidement au cauchemar pour les enfants sages !<\/p>\n<p><a href=\"https:\/\/www.orchestre-cannes.com\/\" target=\"_new\" rel=\"noopener\">https:\/\/www.orchestre-cannes.com\/<\/a><\/p>\n<hr \/>\n<h3>\u00c9v\u00e9nements du Week-end \u00e0 Antibes<\/h3>\n<hr \/>\n<h4><strong>Expositions d&rsquo;art &#8211; Galerie Alexandre Simonin<\/strong><\/h4>\n<p>L&rsquo;\u0153uvre de Guillaume Cavalier oscille entre deux mondes : celui de la mati\u00e8re et celui de l&rsquo;esprit. Une narration figurative se r\u00e9v\u00e8le dans ses compositions, o\u00f9 l&rsquo;ordre c\u00f4toie parfois le chaos.<br \/>\nSa palette g\u00e9n\u00e9reuse et la gr\u00e2ce de ses traits s\u00e9duiront ceux qui oseront s\u2019y aventurer.<\/p>\n<p><a href=\"https:\/\/galeriesimonin.com\/events\" target=\"_new\" rel=\"noopener\">https:\/\/galeriesimonin.com\/events<\/a><\/p>\n<hr \/>\n<h4><strong>Manifestations de No\u00ebl<\/strong><\/h4>\n<p>Du samedi 30 novembre 2024 au dimanche 5 janvier 2025.<br \/>\nLe d\u00e9but des festivit\u00e9s avec les illuminations \u00e0 17h30 sur la Place de Gaulle. Parade inaugurale* \u00e0 18h depuis la rue de la R\u00e9publique jusqu\u2019au Village de No\u00ebl sur l\u2019esplanade du Pr\u00e9 des P\u00eacheurs, o\u00f9 un concert des Ch\u0153urs du Sud aura lieu vers 19h15.<\/p>\n<p><a href=\"https:\/\/www.calameo.com\/antibes-juanlespins\/read\/002074504b38e4aebd49e\" target=\"_new\" rel=\"noopener\">https:\/\/www.calameo.com\/antibes-juanlespins\/read\/002074504b38e4aebd49e<\/a><\/p>\n<hr \/>\n<h3>Autres \u00e9v\u00e9nements<\/h3>\n<hr \/>\n<h4><strong>Soir\u00e9e de No\u00ebl<\/strong><\/h4>\n<p>Mardi 24 d\u00e9cembre 2024.<br \/>\nSoir\u00e9e sp\u00e9ciale : flambeaux, concert et messe avec la Caravane des Lumi\u00e8res \u00e0 Isola 2000.<\/p>\n<p><a href=\"https:\/\/www.explorenicecotedazur.com\/\" target=\"_new\" rel=\"noopener\">https:\/\/www.explorenicecotedazur.com\/<\/a><\/p>\n<hr \/>\n<h4><strong>Patinoire \u00e9cologique<\/strong><\/h4>\n<p>Du 23\/12\/2024 au 05\/01\/2025, tous les jours de 11h \u00e0 18h (ferm\u00e9 le 25 d\u00e9cembre et le 1er janvier).<\/p>\n<p>Venez glisser sur cette patinoire synth\u00e9tique \u00e9cologique !<\/p>\n<p><a href=\"http:\/\/destination.beaulieusurmer.fr\/\" target=\"_new\" rel=\"noopener\">http:\/\/destination.beaulieusurmer.fr\/<\/a><\/p>\n<hr \/>\n<h4><strong>Librairie du Cap \u2013 D\u00e9dicaces de romances de No\u00ebl<\/strong><\/h4>\n<p>Lundi 23 d\u00e9cembre 2024 \u00e0 10h.<\/p>\n<p>Votre librairie organise une journ\u00e9e d\u00e9di\u00e9e \u00e0 la douceur et \u00e0 l\u2019amour : St\u00e9phanie P\u00e9lerin, Tamara Balliana et Flora Armonie vous attendent pour vous pr\u00e9senter leurs derniers romans de No\u00ebl.<\/p>\n<p><a href=\"https:\/\/www.cap3000.com\/boutiques\/librairie-du-cap\" target=\"_new\" rel=\"noopener\">https:\/\/www.cap3000.com\/boutiques\/librairie-du-cap<\/a><\/p>\n<hr \/>\n<p><a href=\"https:\/\/www.instagram.com\/monte_carlo_living\/\">Visitez Notre Page Instagram<\/a><\/p>\n<p><a href=\"https:\/\/montecarloliving.com\/fr\/\">Lisez d&rsquo;Autres Articles<\/a><\/p>\n","protected":false},"excerpt":{"rendered":"<p>D\u00e9couvrez les \u00e9v\u00e9nements du week-end sur la C\u00f4te d&rsquo;Azur \u00c9v\u00e9nements du Week-end \u00e0 Monte-Carlo Op\u00e9ra &#8211; \u00ab\u00a0Oratorio de No\u00ebl\u00a0\u00bb Samedi 21 d\u00e9cembre 2024, \u00e0 20h, Op\u00e9ra Garnier Monte-Carlo Op\u00e9ra de Monte-Carlo, saison 2024\/25. Concert choral. Chef d&rsquo;orchestre : Gianluca Capuano. Ma\u00eetre de ch\u0153ur : [&hellip;]<\/p>\n","protected":false},"author":1,"featured_media":12350,"comment_status":"closed","ping_status":"closed","sticky":false,"template":"","format":"standard","meta":{"footnotes":""},"categories":[828,823],"tags":[],"class_list":["post-17291","post","type-post","status-publish","format-standard","has-post-thumbnail","hentry","category-evenements","category-italie-et-monaco"],"yoast_head":"<!-- This site is optimized with the Yoast SEO plugin v27.5 - https:\/\/yoast.com\/product\/yoast-seo-wordpress\/ -->\n<title>Meilleurs \u00e9v\u00e9nements du weekend de No\u00ebl 2024 sur la C\u00f4te d&#039;Azur<\/title>\n<meta name=\"description\" content=\"D\u00e9couvrez les \u00e9v\u00e9nements du week-end sur la C\u00f4te d&#039;Azur \u00c9v\u00e9nements du Week-end \u00e0 Monte-Carlo Op\u00e9ra - &quot;Oratorio de No\u00ebl&quot;Samedi 21 d\u00e9cembre...\" \/>\n<meta name=\"robots\" content=\"index, follow, max-snippet:-1, max-image-preview:large, max-video-preview:-1\" \/>\n<link rel=\"canonical\" href=\"https:\/\/montecarloliving.com\/fr\/evenements\/les-meilleurs-evenements-du-week-end-de-noel-2024-sur-cote-dazur-17291\/\" \/>\n<meta property=\"og:locale\" content=\"fr_FR\" \/>\n<meta property=\"og:title\" content=\"Meilleurs \u00e9v\u00e9nements du weekend de No\u00ebl 2024 sur la C\u00f4te d&#039;Azur\" \/>\n<meta property=\"og:description\" content=\"D\u00e9couvrez les \u00e9v\u00e9nements du week-end sur la C\u00f4te d&#039;Azur \u00c9v\u00e9nements du Week-end \u00e0 Monte-Carlo Op\u00e9ra - &quot;Oratorio de No\u00ebl&quot;Samedi 21 d\u00e9cembre...\" \/>\n<meta property=\"og:url\" content=\"https:\/\/montecarloliving.com\/fr\/evenements\/les-meilleurs-evenements-du-week-end-de-noel-2024-sur-cote-dazur-17291\/\" \/>\n<meta property=\"og:site_name\" content=\"Montecarlo Living\" \/>\n<meta property=\"article:publisher\" content=\"https:\/\/www.facebook.com\/montecarlolivingcom\/\" \/>\n<meta property=\"article:published_time\" content=\"2024-12-20T08:15:59+00:00\" \/>\n<meta property=\"og:image\" content=\"https:\/\/montecarloliving.com\/wp-content\/uploads\/2024\/06\/8-650x400.png\" \/>\n\t<meta property=\"og:image:width\" content=\"650\" \/>\n\t<meta property=\"og:image:height\" content=\"400\" \/>\n\t<meta property=\"og:image:type\" content=\"image\/png\" \/>\n<meta name=\"author\" content=\"Redazione\" \/>\n<meta name=\"twitter:card\" content=\"summary_large_image\" \/>\n<meta name=\"twitter:creator\" content=\"@MonteCarloLivi\" \/>\n<meta name=\"twitter:site\" content=\"@MonteCarloLivi\" \/>\n<meta name=\"twitter:label1\" content=\"\u00c9crit par\" \/>\n\t<meta name=\"twitter:data1\" content=\"Redazione\" \/>\n\t<meta name=\"twitter:label2\" content=\"Dur\u00e9e de lecture estim\u00e9e\" \/>\n\t<meta name=\"twitter:data2\" content=\"5 minutes\" \/>\n<script type=\"application\/ld+json\" class=\"yoast-schema-graph\">{\"@context\":\"https:\\\/\\\/schema.org\",\"@graph\":[{\"@type\":\"Article\",\"@id\":\"https:\\\/\\\/montecarloliving.com\\\/fr\\\/evenements\\\/les-meilleurs-evenements-du-week-end-de-noel-2024-sur-cote-dazur-17291\\\/#article\",\"isPartOf\":{\"@id\":\"https:\\\/\\\/montecarloliving.com\\\/fr\\\/evenements\\\/les-meilleurs-evenements-du-week-end-de-noel-2024-sur-cote-dazur-17291\\\/\"},\"author\":{\"name\":\"Redazione\",\"@id\":\"https:\\\/\\\/montecarloliving.com\\\/fr\\\/#\\\/schema\\\/person\\\/7e5945d4560862b7f2d2c6831bda2819\"},\"headline\":\"Les meilleurs \u00e9v\u00e9nements du week-end de No\u00ebl 2024 sur la C\u00f4te d&rsquo;Azur\",\"datePublished\":\"2024-12-20T08:15:59+00:00\",\"mainEntityOfPage\":{\"@id\":\"https:\\\/\\\/montecarloliving.com\\\/fr\\\/evenements\\\/les-meilleurs-evenements-du-week-end-de-noel-2024-sur-cote-dazur-17291\\\/\"},\"wordCount\":1008,\"image\":{\"@id\":\"https:\\\/\\\/montecarloliving.com\\\/fr\\\/evenements\\\/les-meilleurs-evenements-du-week-end-de-noel-2024-sur-cote-dazur-17291\\\/#primaryimage\"},\"thumbnailUrl\":\"https:\\\/\\\/montecarloliving.com\\\/wp-content\\\/uploads\\\/2024\\\/06\\\/8.png\",\"articleSection\":[\"\u00c9v\u00e9nements\",\"Italie et Monaco\"],\"inLanguage\":\"fr-FR\"},{\"@type\":\"WebPage\",\"@id\":\"https:\\\/\\\/montecarloliving.com\\\/fr\\\/evenements\\\/les-meilleurs-evenements-du-week-end-de-noel-2024-sur-cote-dazur-17291\\\/\",\"url\":\"https:\\\/\\\/montecarloliving.com\\\/fr\\\/evenements\\\/les-meilleurs-evenements-du-week-end-de-noel-2024-sur-cote-dazur-17291\\\/\",\"name\":\"Meilleurs \u00e9v\u00e9nements du weekend de No\u00ebl 2024 sur la C\u00f4te d'Azur\",\"isPartOf\":{\"@id\":\"https:\\\/\\\/montecarloliving.com\\\/fr\\\/#website\"},\"primaryImageOfPage\":{\"@id\":\"https:\\\/\\\/montecarloliving.com\\\/fr\\\/evenements\\\/les-meilleurs-evenements-du-week-end-de-noel-2024-sur-cote-dazur-17291\\\/#primaryimage\"},\"image\":{\"@id\":\"https:\\\/\\\/montecarloliving.com\\\/fr\\\/evenements\\\/les-meilleurs-evenements-du-week-end-de-noel-2024-sur-cote-dazur-17291\\\/#primaryimage\"},\"thumbnailUrl\":\"https:\\\/\\\/montecarloliving.com\\\/wp-content\\\/uploads\\\/2024\\\/06\\\/8.png\",\"datePublished\":\"2024-12-20T08:15:59+00:00\",\"author\":{\"@id\":\"https:\\\/\\\/montecarloliving.com\\\/fr\\\/#\\\/schema\\\/person\\\/7e5945d4560862b7f2d2c6831bda2819\"},\"description\":\"D\u00e9couvrez les \u00e9v\u00e9nements du week-end sur la C\u00f4te d'Azur \u00c9v\u00e9nements du Week-end \u00e0 Monte-Carlo Op\u00e9ra - \\\"Oratorio de No\u00ebl\\\"Samedi 21 d\u00e9cembre...\",\"breadcrumb\":{\"@id\":\"https:\\\/\\\/montecarloliving.com\\\/fr\\\/evenements\\\/les-meilleurs-evenements-du-week-end-de-noel-2024-sur-cote-dazur-17291\\\/#breadcrumb\"},\"inLanguage\":\"fr-FR\",\"potentialAction\":[{\"@type\":\"ReadAction\",\"target\":[\"https:\\\/\\\/montecarloliving.com\\\/fr\\\/evenements\\\/les-meilleurs-evenements-du-week-end-de-noel-2024-sur-cote-dazur-17291\\\/\"]}]},{\"@type\":\"ImageObject\",\"inLanguage\":\"fr-FR\",\"@id\":\"https:\\\/\\\/montecarloliving.com\\\/fr\\\/evenements\\\/les-meilleurs-evenements-du-week-end-de-noel-2024-sur-cote-dazur-17291\\\/#primaryimage\",\"url\":\"https:\\\/\\\/montecarloliving.com\\\/wp-content\\\/uploads\\\/2024\\\/06\\\/8.png\",\"contentUrl\":\"https:\\\/\\\/montecarloliving.com\\\/wp-content\\\/uploads\\\/2024\\\/06\\\/8.png\",\"width\":2000,\"height\":1200,\"caption\":\"\u00c9v\u00e9nements weekend C\u00f4te d'Azur\"},{\"@type\":\"BreadcrumbList\",\"@id\":\"https:\\\/\\\/montecarloliving.com\\\/fr\\\/evenements\\\/les-meilleurs-evenements-du-week-end-de-noel-2024-sur-cote-dazur-17291\\\/#breadcrumb\",\"itemListElement\":[{\"@type\":\"ListItem\",\"position\":1,\"name\":\"Home\",\"item\":\"https:\\\/\\\/montecarloliving.com\\\/fr\\\/\"},{\"@type\":\"ListItem\",\"position\":2,\"name\":\"Les meilleurs \u00e9v\u00e9nements du week-end de No\u00ebl 2024 sur la C\u00f4te d&#8217;Azur\"}]},{\"@type\":\"WebSite\",\"@id\":\"https:\\\/\\\/montecarloliving.com\\\/fr\\\/#website\",\"url\":\"https:\\\/\\\/montecarloliving.com\\\/fr\\\/\",\"name\":\"Montecarlo Living\",\"description\":\"News da Montecarlo - Principato di Monaco e Costa Azzurra\",\"potentialAction\":[{\"@type\":\"SearchAction\",\"target\":{\"@type\":\"EntryPoint\",\"urlTemplate\":\"https:\\\/\\\/montecarloliving.com\\\/fr\\\/?s={search_term_string}\"},\"query-input\":{\"@type\":\"PropertyValueSpecification\",\"valueRequired\":true,\"valueName\":\"search_term_string\"}}],\"inLanguage\":\"fr-FR\"},{\"@type\":\"Person\",\"@id\":\"https:\\\/\\\/montecarloliving.com\\\/fr\\\/#\\\/schema\\\/person\\\/7e5945d4560862b7f2d2c6831bda2819\",\"name\":\"Redazione\",\"image\":{\"@type\":\"ImageObject\",\"inLanguage\":\"fr-FR\",\"@id\":\"https:\\\/\\\/secure.gravatar.com\\\/avatar\\\/8b5f26557e18fe74ad8e8a57ebb2925d88af8a90cee489ff2beefb391bc9b9c7?s=96&d=mm&r=g\",\"url\":\"https:\\\/\\\/secure.gravatar.com\\\/avatar\\\/8b5f26557e18fe74ad8e8a57ebb2925d88af8a90cee489ff2beefb391bc9b9c7?s=96&d=mm&r=g\",\"contentUrl\":\"https:\\\/\\\/secure.gravatar.com\\\/avatar\\\/8b5f26557e18fe74ad8e8a57ebb2925d88af8a90cee489ff2beefb391bc9b9c7?s=96&d=mm&r=g\",\"caption\":\"Redazione\"}}]}<\/script>\n<!-- \/ Yoast SEO plugin. -->","yoast_head_json":{"title":"Meilleurs \u00e9v\u00e9nements du weekend de No\u00ebl 2024 sur la C\u00f4te d'Azur","description":"D\u00e9couvrez les \u00e9v\u00e9nements du week-end sur la C\u00f4te d'Azur \u00c9v\u00e9nements du Week-end \u00e0 Monte-Carlo Op\u00e9ra - \"Oratorio de No\u00ebl\"Samedi 21 d\u00e9cembre...","robots":{"index":"index","follow":"follow","max-snippet":"max-snippet:-1","max-image-preview":"max-image-preview:large","max-video-preview":"max-video-preview:-1"},"canonical":"https:\/\/montecarloliving.com\/fr\/evenements\/les-meilleurs-evenements-du-week-end-de-noel-2024-sur-cote-dazur-17291\/","og_locale":"fr_FR","og_title":"Meilleurs \u00e9v\u00e9nements du weekend de No\u00ebl 2024 sur la C\u00f4te d'Azur","og_description":"D\u00e9couvrez les \u00e9v\u00e9nements du week-end sur la C\u00f4te d'Azur \u00c9v\u00e9nements du Week-end \u00e0 Monte-Carlo Op\u00e9ra - \"Oratorio de No\u00ebl\"Samedi 21 d\u00e9cembre...","og_url":"https:\/\/montecarloliving.com\/fr\/evenements\/les-meilleurs-evenements-du-week-end-de-noel-2024-sur-cote-dazur-17291\/","og_site_name":"Montecarlo Living","article_publisher":"https:\/\/www.facebook.com\/montecarlolivingcom\/","article_published_time":"2024-12-20T08:15:59+00:00","og_image":[{"width":650,"height":400,"url":"https:\/\/montecarloliving.com\/wp-content\/uploads\/2024\/06\/8-650x400.png","type":"image\/png"}],"author":"Redazione","twitter_card":"summary_large_image","twitter_creator":"@MonteCarloLivi","twitter_site":"@MonteCarloLivi","twitter_misc":{"\u00c9crit par":"Redazione","Dur\u00e9e de lecture estim\u00e9e":"5 minutes"},"schema":{"@context":"https:\/\/schema.org","@graph":[{"@type":"Article","@id":"https:\/\/montecarloliving.com\/fr\/evenements\/les-meilleurs-evenements-du-week-end-de-noel-2024-sur-cote-dazur-17291\/#article","isPartOf":{"@id":"https:\/\/montecarloliving.com\/fr\/evenements\/les-meilleurs-evenements-du-week-end-de-noel-2024-sur-cote-dazur-17291\/"},"author":{"name":"Redazione","@id":"https:\/\/montecarloliving.com\/fr\/#\/schema\/person\/7e5945d4560862b7f2d2c6831bda2819"},"headline":"Les meilleurs \u00e9v\u00e9nements du week-end de No\u00ebl 2024 sur la C\u00f4te d&rsquo;Azur","datePublished":"2024-12-20T08:15:59+00:00","mainEntityOfPage":{"@id":"https:\/\/montecarloliving.com\/fr\/evenements\/les-meilleurs-evenements-du-week-end-de-noel-2024-sur-cote-dazur-17291\/"},"wordCount":1008,"image":{"@id":"https:\/\/montecarloliving.com\/fr\/evenements\/les-meilleurs-evenements-du-week-end-de-noel-2024-sur-cote-dazur-17291\/#primaryimage"},"thumbnailUrl":"https:\/\/montecarloliving.com\/wp-content\/uploads\/2024\/06\/8.png","articleSection":["\u00c9v\u00e9nements","Italie et Monaco"],"inLanguage":"fr-FR"},{"@type":"WebPage","@id":"https:\/\/montecarloliving.com\/fr\/evenements\/les-meilleurs-evenements-du-week-end-de-noel-2024-sur-cote-dazur-17291\/","url":"https:\/\/montecarloliving.com\/fr\/evenements\/les-meilleurs-evenements-du-week-end-de-noel-2024-sur-cote-dazur-17291\/","name":"Meilleurs \u00e9v\u00e9nements du weekend de No\u00ebl 2024 sur la C\u00f4te d'Azur","isPartOf":{"@id":"https:\/\/montecarloliving.com\/fr\/#website"},"primaryImageOfPage":{"@id":"https:\/\/montecarloliving.com\/fr\/evenements\/les-meilleurs-evenements-du-week-end-de-noel-2024-sur-cote-dazur-17291\/#primaryimage"},"image":{"@id":"https:\/\/montecarloliving.com\/fr\/evenements\/les-meilleurs-evenements-du-week-end-de-noel-2024-sur-cote-dazur-17291\/#primaryimage"},"thumbnailUrl":"https:\/\/montecarloliving.com\/wp-content\/uploads\/2024\/06\/8.png","datePublished":"2024-12-20T08:15:59+00:00","author":{"@id":"https:\/\/montecarloliving.com\/fr\/#\/schema\/person\/7e5945d4560862b7f2d2c6831bda2819"},"description":"D\u00e9couvrez les \u00e9v\u00e9nements du week-end sur la C\u00f4te d'Azur \u00c9v\u00e9nements du Week-end \u00e0 Monte-Carlo Op\u00e9ra - \"Oratorio de No\u00ebl\"Samedi 21 d\u00e9cembre...","breadcrumb":{"@id":"https:\/\/montecarloliving.com\/fr\/evenements\/les-meilleurs-evenements-du-week-end-de-noel-2024-sur-cote-dazur-17291\/#breadcrumb"},"inLanguage":"fr-FR","potentialAction":[{"@type":"ReadAction","target":["https:\/\/montecarloliving.com\/fr\/evenements\/les-meilleurs-evenements-du-week-end-de-noel-2024-sur-cote-dazur-17291\/"]}]},{"@type":"ImageObject","inLanguage":"fr-FR","@id":"https:\/\/montecarloliving.com\/fr\/evenements\/les-meilleurs-evenements-du-week-end-de-noel-2024-sur-cote-dazur-17291\/#primaryimage","url":"https:\/\/montecarloliving.com\/wp-content\/uploads\/2024\/06\/8.png","contentUrl":"https:\/\/montecarloliving.com\/wp-content\/uploads\/2024\/06\/8.png","width":2000,"height":1200,"caption":"\u00c9v\u00e9nements weekend C\u00f4te d'Azur"},{"@type":"BreadcrumbList","@id":"https:\/\/montecarloliving.com\/fr\/evenements\/les-meilleurs-evenements-du-week-end-de-noel-2024-sur-cote-dazur-17291\/#breadcrumb","itemListElement":[{"@type":"ListItem","position":1,"name":"Home","item":"https:\/\/montecarloliving.com\/fr\/"},{"@type":"ListItem","position":2,"name":"Les meilleurs \u00e9v\u00e9nements du week-end de No\u00ebl 2024 sur la C\u00f4te d&#8217;Azur"}]},{"@type":"WebSite","@id":"https:\/\/montecarloliving.com\/fr\/#website","url":"https:\/\/montecarloliving.com\/fr\/","name":"Montecarlo Living","description":"News da Montecarlo - Principato di Monaco e Costa Azzurra","potentialAction":[{"@type":"SearchAction","target":{"@type":"EntryPoint","urlTemplate":"https:\/\/montecarloliving.com\/fr\/?s={search_term_string}"},"query-input":{"@type":"PropertyValueSpecification","valueRequired":true,"valueName":"search_term_string"}}],"inLanguage":"fr-FR"},{"@type":"Person","@id":"https:\/\/montecarloliving.com\/fr\/#\/schema\/person\/7e5945d4560862b7f2d2c6831bda2819","name":"Redazione","image":{"@type":"ImageObject","inLanguage":"fr-FR","@id":"https:\/\/secure.gravatar.com\/avatar\/8b5f26557e18fe74ad8e8a57ebb2925d88af8a90cee489ff2beefb391bc9b9c7?s=96&d=mm&r=g","url":"https:\/\/secure.gravatar.com\/avatar\/8b5f26557e18fe74ad8e8a57ebb2925d88af8a90cee489ff2beefb391bc9b9c7?s=96&d=mm&r=g","contentUrl":"https:\/\/secure.gravatar.com\/avatar\/8b5f26557e18fe74ad8e8a57ebb2925d88af8a90cee489ff2beefb391bc9b9c7?s=96&d=mm&r=g","caption":"Redazione"}}]}},"_links":{"self":[{"href":"https:\/\/montecarloliving.com\/fr\/wp-json\/wp\/v2\/posts\/17291","targetHints":{"allow":["GET"]}}],"collection":[{"href":"https:\/\/montecarloliving.com\/fr\/wp-json\/wp\/v2\/posts"}],"about":[{"href":"https:\/\/montecarloliving.com\/fr\/wp-json\/wp\/v2\/types\/post"}],"author":[{"embeddable":true,"href":"https:\/\/montecarloliving.com\/fr\/wp-json\/wp\/v2\/users\/1"}],"replies":[{"embeddable":true,"href":"https:\/\/montecarloliving.com\/fr\/wp-json\/wp\/v2\/comments?post=17291"}],"version-history":[{"count":1,"href":"https:\/\/montecarloliving.com\/fr\/wp-json\/wp\/v2\/posts\/17291\/revisions"}],"predecessor-version":[{"id":17293,"href":"https:\/\/montecarloliving.com\/fr\/wp-json\/wp\/v2\/posts\/17291\/revisions\/17293"}],"wp:featuredmedia":[{"embeddable":true,"href":"https:\/\/montecarloliving.com\/fr\/wp-json\/wp\/v2\/media\/12350"}],"wp:attachment":[{"href":"https:\/\/montecarloliving.com\/fr\/wp-json\/wp\/v2\/media?parent=17291"}],"wp:term":[{"taxonomy":"category","embeddable":true,"href":"https:\/\/montecarloliving.com\/fr\/wp-json\/wp\/v2\/categories?post=17291"},{"taxonomy":"post_tag","embeddable":true,"href":"https:\/\/montecarloliving.com\/fr\/wp-json\/wp\/v2\/tags?post=17291"}],"curies":[{"name":"wp","href":"https:\/\/api.w.org\/{rel}","templated":true}]}}