{"id":17169,"date":"2024-12-16T10:31:23","date_gmt":"2024-12-16T09:31:23","guid":{"rendered":"https:\/\/montecarloliving.com\/?p=17169"},"modified":"2024-12-16T10:41:26","modified_gmt":"2024-12-16T09:41:26","slug":"les-gardes-itinerantes-de-nuit-une-nouvelle-prestation-pour-les-personnes-agees-en-perte-dautonomie","status":"publish","type":"post","link":"https:\/\/montecarloliving.com\/fr\/monaco-fr\/les-gardes-itinerantes-de-nuit-une-nouvelle-prestation-pour-les-personnes-agees-en-perte-dautonomie-17169\/","title":{"rendered":"Les Gardes Itin\u00e9rantes de Nuit: Une nouvelle prestation pour les personnes \u00e2g\u00e9es en perte d&rsquo;autonomie"},"content":{"rendered":"<p>Dans un contexte o\u00f9 le maintien \u00e0 domicile des personnes \u00e2g\u00e9es est une priorit\u00e9 croissante, la Principaut\u00e9 de Monaco, et plus particuli\u00e8rement le Centre de Coordination G\u00e9rontologique de Monaco (C.C.G.M.), lance une nouvelle prestation : les gardes itin\u00e9rantes de nuit. Ce service, in\u00e9dit en Principaut\u00e9, vise \u00e0 offrir aux seniors en perte d\u2019autonomie une assistance personnalis\u00e9e nocturne tout en soutenant leurs aidants.<br \/>\nCon\u00e7ue pour permettre aux personnes \u00e2g\u00e9es de rester chez elles dans des conditions optimales, cette nouvelle offre propose des passages nocturnes de 45 minutes au maximum, une ou deux fois par nuit, selon les recommandations \u00e9tablies apr\u00e8s une \u00e9valuation g\u00e9rontologique r\u00e9alis\u00e9e par le C.C.G.M.<br \/>\nGr\u00e2ce \u00e0 un partenariat avec des soci\u00e9t\u00e9s de services \u00e0 la personne agr\u00e9\u00e9es par le Gouvernement Princier, des auxiliaires de vie qualifi\u00e9s interviendront pour :<br \/>\n\uf0b7 S\u00e9curiser le logement (volets, gaz, etc.) ;<br \/>\n\uf0b7 Surveiller la prise de m\u00e9dicaments pr\u00e9par\u00e9s ;<br \/>\n\uf0b7 Apaiser les angoisses nocturnes ;<br \/>\n\uf0b7 Assurer des soins ou mobilisations (coucher tardif, changes, toilette) ;<br \/>\n\uf0b7 Accompagner aux toilettes ou fournir une assistance adapt\u00e9e.<br \/>\nCe dispositif permet non seulement de r\u00e9pondre aux besoins des seniors, mais aussi de pr\u00e9server leur autonomie et leur tranquillit\u00e9 d\u2019esprit.<\/p>\n<p><strong>Un r\u00e9pit bienvenu pour les aidants<\/strong><br \/>\nLes aidants, souvent sollicit\u00e9s nuit et jour, b\u00e9n\u00e9ficieront d\u2019un soutien pr\u00e9cieux gr\u00e2ce \u00e0 ce service.<br \/>\nEn prenant le relais pendant la nuit, les gardes itin\u00e9rantes leur offrent un temps de repos essentiel, r\u00e9duisant ainsi la charge mentale et physique.<\/p>\n<p><strong>Une d\u00e9marche proactive et exemplaire<\/strong><br \/>\nPort\u00e9e par le C.C.G.M. et le Gouvernement mon\u00e9gasque, cette initiative illustre l\u2019engagement de Monaco en faveur du vieillissement \u00e0 domicile dans la dignit\u00e9. Cette prestation est \u00e9galement \u00e9ligible \u00e0 une prise en charge dans le cadre de la Prestation d\u2019Autonomie, sous r\u00e9serve d\u2019un plan d\u2019aide global incluant des interventions diurnes.<br \/>\n\u00ab Avec ce service innovant, Monaco se positionne comme un mod\u00e8le en mati\u00e8re de soutien aux personnes \u00e2g\u00e9es, combinant innovation, humanit\u00e9 et respect des choix de vie des seniors. \u00bb assure M. Philippe MIGLIASSO, Cadre Sup\u00e9rieur de Sant\u00e9 \u2013 Administrateur \u00e0 l\u2019origine de cette prestation.<\/p>\n","protected":false},"excerpt":{"rendered":"<p>Dans un contexte o\u00f9 le maintien \u00e0 domicile des personnes \u00e2g\u00e9es est une priorit\u00e9 croissante, la Principaut\u00e9 de Monaco, et plus particuli\u00e8rement le Centre de Coordination G\u00e9rontologique de Monaco (C.C.G.M.), lance une nouvelle prestation : les gardes itin\u00e9rantes de nuit. Ce service, in\u00e9dit en [&hellip;]<\/p>\n","protected":false},"author":1,"featured_media":17170,"comment_status":"closed","ping_status":"closed","sticky":false,"template":"","format":"standard","meta":{"footnotes":""},"categories":[875,867],"tags":[],"class_list":["post-17169","post","type-post","status-publish","format-standard","has-post-thumbnail","hentry","category-actualite-monaco","category-monaco-fr"],"yoast_head":"<!-- This site is optimized with the Yoast SEO plugin v27.5 - https:\/\/yoast.com\/product\/yoast-seo-wordpress\/ -->\n<title>Les Gardes Itin\u00e9rantes de Nuit: Une nouvelle prestation pour les personnes \u00e2g\u00e9es en perte d&#039;autonomie<\/title>\n<meta name=\"description\" content=\"Dans un contexte o\u00f9 le maintien \u00e0 domicile des personnes \u00e2g\u00e9es est une priorit\u00e9 croissante, la Principaut\u00e9 de Monaco, et plus particuli\u00e8rement le Centre\" \/>\n<meta name=\"robots\" content=\"index, follow, max-snippet:-1, max-image-preview:large, max-video-preview:-1\" \/>\n<link rel=\"canonical\" href=\"https:\/\/montecarloliving.com\/fr\/monaco-fr\/les-gardes-itinerantes-de-nuit-une-nouvelle-prestation-pour-les-personnes-agees-en-perte-dautonomie-17169\/\" \/>\n<meta property=\"og:locale\" content=\"fr_FR\" \/>\n<meta property=\"og:title\" content=\"Les Gardes Itin\u00e9rantes de Nuit: Une nouvelle prestation pour les personnes \u00e2g\u00e9es en perte d&#039;autonomie\" \/>\n<meta property=\"og:description\" content=\"Dans un contexte o\u00f9 le maintien \u00e0 domicile des personnes \u00e2g\u00e9es est une priorit\u00e9 croissante, la Principaut\u00e9 de Monaco, et plus particuli\u00e8rement le Centre\" \/>\n<meta property=\"og:url\" content=\"https:\/\/montecarloliving.com\/fr\/monaco-fr\/les-gardes-itinerantes-de-nuit-une-nouvelle-prestation-pour-les-personnes-agees-en-perte-dautonomie-17169\/\" \/>\n<meta property=\"og:site_name\" content=\"Montecarlo Living\" \/>\n<meta property=\"article:publisher\" content=\"https:\/\/www.facebook.com\/montecarlolivingcom\/\" \/>\n<meta property=\"article:published_time\" content=\"2024-12-16T09:31:23+00:00\" \/>\n<meta property=\"article:modified_time\" content=\"2024-12-16T09:41:26+00:00\" \/>\n<meta property=\"og:image\" content=\"https:\/\/montecarloliving.com\/wp-content\/uploads\/2024\/12\/Centre-de-Coordination-Gerontologique-de-Monaco-\u00a9-Stephane-Danna-Direction-de-la-Communication-1-650x400.jpg\" \/>\n\t<meta property=\"og:image:width\" content=\"650\" \/>\n\t<meta property=\"og:image:height\" content=\"400\" \/>\n\t<meta property=\"og:image:type\" content=\"image\/jpeg\" \/>\n<meta name=\"author\" content=\"Redazione\" \/>\n<meta name=\"twitter:card\" content=\"summary_large_image\" \/>\n<meta name=\"twitter:creator\" content=\"@MonteCarloLivi\" \/>\n<meta name=\"twitter:site\" content=\"@MonteCarloLivi\" \/>\n<meta name=\"twitter:label1\" content=\"\u00c9crit par\" \/>\n\t<meta name=\"twitter:data1\" content=\"Redazione\" \/>\n\t<meta name=\"twitter:label2\" content=\"Dur\u00e9e de lecture estim\u00e9e\" \/>\n\t<meta name=\"twitter:data2\" content=\"2 minutes\" \/>\n<script type=\"application\/ld+json\" class=\"yoast-schema-graph\">{\"@context\":\"https:\\\/\\\/schema.org\",\"@graph\":[{\"@type\":\"Article\",\"@id\":\"https:\\\/\\\/montecarloliving.com\\\/fr\\\/monaco-fr\\\/les-gardes-itinerantes-de-nuit-une-nouvelle-prestation-pour-les-personnes-agees-en-perte-dautonomie-17169\\\/#article\",\"isPartOf\":{\"@id\":\"https:\\\/\\\/montecarloliving.com\\\/fr\\\/monaco-fr\\\/les-gardes-itinerantes-de-nuit-une-nouvelle-prestation-pour-les-personnes-agees-en-perte-dautonomie-17169\\\/\"},\"author\":{\"name\":\"Redazione\",\"@id\":\"https:\\\/\\\/montecarloliving.com\\\/fr\\\/#\\\/schema\\\/person\\\/7e5945d4560862b7f2d2c6831bda2819\"},\"headline\":\"Les Gardes Itin\u00e9rantes de Nuit: Une nouvelle prestation pour les personnes \u00e2g\u00e9es en perte d&rsquo;autonomie\",\"datePublished\":\"2024-12-16T09:31:23+00:00\",\"dateModified\":\"2024-12-16T09:41:26+00:00\",\"mainEntityOfPage\":{\"@id\":\"https:\\\/\\\/montecarloliving.com\\\/fr\\\/monaco-fr\\\/les-gardes-itinerantes-de-nuit-une-nouvelle-prestation-pour-les-personnes-agees-en-perte-dautonomie-17169\\\/\"},\"wordCount\":391,\"image\":{\"@id\":\"https:\\\/\\\/montecarloliving.com\\\/fr\\\/monaco-fr\\\/les-gardes-itinerantes-de-nuit-une-nouvelle-prestation-pour-les-personnes-agees-en-perte-dautonomie-17169\\\/#primaryimage\"},\"thumbnailUrl\":\"https:\\\/\\\/montecarloliving.com\\\/wp-content\\\/uploads\\\/2024\\\/12\\\/Centre-de-Coordination-Gerontologique-de-Monaco-\u00a9-Stephane-Danna-Direction-de-la-Communication-1.jpg\",\"articleSection\":[\"Actualit\u00e9 \u00e0 Monaco\",\"Monaco\"],\"inLanguage\":\"fr-FR\"},{\"@type\":\"WebPage\",\"@id\":\"https:\\\/\\\/montecarloliving.com\\\/fr\\\/monaco-fr\\\/les-gardes-itinerantes-de-nuit-une-nouvelle-prestation-pour-les-personnes-agees-en-perte-dautonomie-17169\\\/\",\"url\":\"https:\\\/\\\/montecarloliving.com\\\/fr\\\/monaco-fr\\\/les-gardes-itinerantes-de-nuit-une-nouvelle-prestation-pour-les-personnes-agees-en-perte-dautonomie-17169\\\/\",\"name\":\"Les Gardes Itin\u00e9rantes de Nuit: Une nouvelle prestation pour les personnes \u00e2g\u00e9es en perte d'autonomie\",\"isPartOf\":{\"@id\":\"https:\\\/\\\/montecarloliving.com\\\/fr\\\/#website\"},\"primaryImageOfPage\":{\"@id\":\"https:\\\/\\\/montecarloliving.com\\\/fr\\\/monaco-fr\\\/les-gardes-itinerantes-de-nuit-une-nouvelle-prestation-pour-les-personnes-agees-en-perte-dautonomie-17169\\\/#primaryimage\"},\"image\":{\"@id\":\"https:\\\/\\\/montecarloliving.com\\\/fr\\\/monaco-fr\\\/les-gardes-itinerantes-de-nuit-une-nouvelle-prestation-pour-les-personnes-agees-en-perte-dautonomie-17169\\\/#primaryimage\"},\"thumbnailUrl\":\"https:\\\/\\\/montecarloliving.com\\\/wp-content\\\/uploads\\\/2024\\\/12\\\/Centre-de-Coordination-Gerontologique-de-Monaco-\u00a9-Stephane-Danna-Direction-de-la-Communication-1.jpg\",\"datePublished\":\"2024-12-16T09:31:23+00:00\",\"dateModified\":\"2024-12-16T09:41:26+00:00\",\"author\":{\"@id\":\"https:\\\/\\\/montecarloliving.com\\\/fr\\\/#\\\/schema\\\/person\\\/7e5945d4560862b7f2d2c6831bda2819\"},\"description\":\"Dans un contexte o\u00f9 le maintien \u00e0 domicile des personnes \u00e2g\u00e9es est une priorit\u00e9 croissante, la Principaut\u00e9 de Monaco, et plus particuli\u00e8rement le Centre\",\"breadcrumb\":{\"@id\":\"https:\\\/\\\/montecarloliving.com\\\/fr\\\/monaco-fr\\\/les-gardes-itinerantes-de-nuit-une-nouvelle-prestation-pour-les-personnes-agees-en-perte-dautonomie-17169\\\/#breadcrumb\"},\"inLanguage\":\"fr-FR\",\"potentialAction\":[{\"@type\":\"ReadAction\",\"target\":[\"https:\\\/\\\/montecarloliving.com\\\/fr\\\/monaco-fr\\\/les-gardes-itinerantes-de-nuit-une-nouvelle-prestation-pour-les-personnes-agees-en-perte-dautonomie-17169\\\/\"]}]},{\"@type\":\"ImageObject\",\"inLanguage\":\"fr-FR\",\"@id\":\"https:\\\/\\\/montecarloliving.com\\\/fr\\\/monaco-fr\\\/les-gardes-itinerantes-de-nuit-une-nouvelle-prestation-pour-les-personnes-agees-en-perte-dautonomie-17169\\\/#primaryimage\",\"url\":\"https:\\\/\\\/montecarloliving.com\\\/wp-content\\\/uploads\\\/2024\\\/12\\\/Centre-de-Coordination-Gerontologique-de-Monaco-\u00a9-Stephane-Danna-Direction-de-la-Communication-1.jpg\",\"contentUrl\":\"https:\\\/\\\/montecarloliving.com\\\/wp-content\\\/uploads\\\/2024\\\/12\\\/Centre-de-Coordination-Gerontologique-de-Monaco-\u00a9-Stephane-Danna-Direction-de-la-Communication-1.jpg\",\"width\":2072,\"height\":1382},{\"@type\":\"BreadcrumbList\",\"@id\":\"https:\\\/\\\/montecarloliving.com\\\/fr\\\/monaco-fr\\\/les-gardes-itinerantes-de-nuit-une-nouvelle-prestation-pour-les-personnes-agees-en-perte-dautonomie-17169\\\/#breadcrumb\",\"itemListElement\":[{\"@type\":\"ListItem\",\"position\":1,\"name\":\"Home\",\"item\":\"https:\\\/\\\/montecarloliving.com\\\/fr\\\/\"},{\"@type\":\"ListItem\",\"position\":2,\"name\":\"Les Gardes Itin\u00e9rantes de Nuit: Une nouvelle prestation pour les personnes \u00e2g\u00e9es en perte d&#8217;autonomie\"}]},{\"@type\":\"WebSite\",\"@id\":\"https:\\\/\\\/montecarloliving.com\\\/fr\\\/#website\",\"url\":\"https:\\\/\\\/montecarloliving.com\\\/fr\\\/\",\"name\":\"Montecarlo Living\",\"description\":\"News da Montecarlo - Principato di Monaco e Costa Azzurra\",\"potentialAction\":[{\"@type\":\"SearchAction\",\"target\":{\"@type\":\"EntryPoint\",\"urlTemplate\":\"https:\\\/\\\/montecarloliving.com\\\/fr\\\/?s={search_term_string}\"},\"query-input\":{\"@type\":\"PropertyValueSpecification\",\"valueRequired\":true,\"valueName\":\"search_term_string\"}}],\"inLanguage\":\"fr-FR\"},{\"@type\":\"Person\",\"@id\":\"https:\\\/\\\/montecarloliving.com\\\/fr\\\/#\\\/schema\\\/person\\\/7e5945d4560862b7f2d2c6831bda2819\",\"name\":\"Redazione\",\"image\":{\"@type\":\"ImageObject\",\"inLanguage\":\"fr-FR\",\"@id\":\"https:\\\/\\\/secure.gravatar.com\\\/avatar\\\/8b5f26557e18fe74ad8e8a57ebb2925d88af8a90cee489ff2beefb391bc9b9c7?s=96&d=mm&r=g\",\"url\":\"https:\\\/\\\/secure.gravatar.com\\\/avatar\\\/8b5f26557e18fe74ad8e8a57ebb2925d88af8a90cee489ff2beefb391bc9b9c7?s=96&d=mm&r=g\",\"contentUrl\":\"https:\\\/\\\/secure.gravatar.com\\\/avatar\\\/8b5f26557e18fe74ad8e8a57ebb2925d88af8a90cee489ff2beefb391bc9b9c7?s=96&d=mm&r=g\",\"caption\":\"Redazione\"}}]}<\/script>\n<!-- \/ Yoast SEO plugin. -->","yoast_head_json":{"title":"Les Gardes Itin\u00e9rantes de Nuit: Une nouvelle prestation pour les personnes \u00e2g\u00e9es en perte d'autonomie","description":"Dans un contexte o\u00f9 le maintien \u00e0 domicile des personnes \u00e2g\u00e9es est une priorit\u00e9 croissante, la Principaut\u00e9 de Monaco, et plus particuli\u00e8rement le Centre","robots":{"index":"index","follow":"follow","max-snippet":"max-snippet:-1","max-image-preview":"max-image-preview:large","max-video-preview":"max-video-preview:-1"},"canonical":"https:\/\/montecarloliving.com\/fr\/monaco-fr\/les-gardes-itinerantes-de-nuit-une-nouvelle-prestation-pour-les-personnes-agees-en-perte-dautonomie-17169\/","og_locale":"fr_FR","og_title":"Les Gardes Itin\u00e9rantes de Nuit: Une nouvelle prestation pour les personnes \u00e2g\u00e9es en perte d'autonomie","og_description":"Dans un contexte o\u00f9 le maintien \u00e0 domicile des personnes \u00e2g\u00e9es est une priorit\u00e9 croissante, la Principaut\u00e9 de Monaco, et plus particuli\u00e8rement le Centre","og_url":"https:\/\/montecarloliving.com\/fr\/monaco-fr\/les-gardes-itinerantes-de-nuit-une-nouvelle-prestation-pour-les-personnes-agees-en-perte-dautonomie-17169\/","og_site_name":"Montecarlo Living","article_publisher":"https:\/\/www.facebook.com\/montecarlolivingcom\/","article_published_time":"2024-12-16T09:31:23+00:00","article_modified_time":"2024-12-16T09:41:26+00:00","og_image":[{"width":650,"height":400,"url":"https:\/\/montecarloliving.com\/wp-content\/uploads\/2024\/12\/Centre-de-Coordination-Gerontologique-de-Monaco-\u00a9-Stephane-Danna-Direction-de-la-Communication-1-650x400.jpg","type":"image\/jpeg"}],"author":"Redazione","twitter_card":"summary_large_image","twitter_creator":"@MonteCarloLivi","twitter_site":"@MonteCarloLivi","twitter_misc":{"\u00c9crit par":"Redazione","Dur\u00e9e de lecture estim\u00e9e":"2 minutes"},"schema":{"@context":"https:\/\/schema.org","@graph":[{"@type":"Article","@id":"https:\/\/montecarloliving.com\/fr\/monaco-fr\/les-gardes-itinerantes-de-nuit-une-nouvelle-prestation-pour-les-personnes-agees-en-perte-dautonomie-17169\/#article","isPartOf":{"@id":"https:\/\/montecarloliving.com\/fr\/monaco-fr\/les-gardes-itinerantes-de-nuit-une-nouvelle-prestation-pour-les-personnes-agees-en-perte-dautonomie-17169\/"},"author":{"name":"Redazione","@id":"https:\/\/montecarloliving.com\/fr\/#\/schema\/person\/7e5945d4560862b7f2d2c6831bda2819"},"headline":"Les Gardes Itin\u00e9rantes de Nuit: Une nouvelle prestation pour les personnes \u00e2g\u00e9es en perte d&rsquo;autonomie","datePublished":"2024-12-16T09:31:23+00:00","dateModified":"2024-12-16T09:41:26+00:00","mainEntityOfPage":{"@id":"https:\/\/montecarloliving.com\/fr\/monaco-fr\/les-gardes-itinerantes-de-nuit-une-nouvelle-prestation-pour-les-personnes-agees-en-perte-dautonomie-17169\/"},"wordCount":391,"image":{"@id":"https:\/\/montecarloliving.com\/fr\/monaco-fr\/les-gardes-itinerantes-de-nuit-une-nouvelle-prestation-pour-les-personnes-agees-en-perte-dautonomie-17169\/#primaryimage"},"thumbnailUrl":"https:\/\/montecarloliving.com\/wp-content\/uploads\/2024\/12\/Centre-de-Coordination-Gerontologique-de-Monaco-\u00a9-Stephane-Danna-Direction-de-la-Communication-1.jpg","articleSection":["Actualit\u00e9 \u00e0 Monaco","Monaco"],"inLanguage":"fr-FR"},{"@type":"WebPage","@id":"https:\/\/montecarloliving.com\/fr\/monaco-fr\/les-gardes-itinerantes-de-nuit-une-nouvelle-prestation-pour-les-personnes-agees-en-perte-dautonomie-17169\/","url":"https:\/\/montecarloliving.com\/fr\/monaco-fr\/les-gardes-itinerantes-de-nuit-une-nouvelle-prestation-pour-les-personnes-agees-en-perte-dautonomie-17169\/","name":"Les Gardes Itin\u00e9rantes de Nuit: Une nouvelle prestation pour les personnes \u00e2g\u00e9es en perte d'autonomie","isPartOf":{"@id":"https:\/\/montecarloliving.com\/fr\/#website"},"primaryImageOfPage":{"@id":"https:\/\/montecarloliving.com\/fr\/monaco-fr\/les-gardes-itinerantes-de-nuit-une-nouvelle-prestation-pour-les-personnes-agees-en-perte-dautonomie-17169\/#primaryimage"},"image":{"@id":"https:\/\/montecarloliving.com\/fr\/monaco-fr\/les-gardes-itinerantes-de-nuit-une-nouvelle-prestation-pour-les-personnes-agees-en-perte-dautonomie-17169\/#primaryimage"},"thumbnailUrl":"https:\/\/montecarloliving.com\/wp-content\/uploads\/2024\/12\/Centre-de-Coordination-Gerontologique-de-Monaco-\u00a9-Stephane-Danna-Direction-de-la-Communication-1.jpg","datePublished":"2024-12-16T09:31:23+00:00","dateModified":"2024-12-16T09:41:26+00:00","author":{"@id":"https:\/\/montecarloliving.com\/fr\/#\/schema\/person\/7e5945d4560862b7f2d2c6831bda2819"},"description":"Dans un contexte o\u00f9 le maintien \u00e0 domicile des personnes \u00e2g\u00e9es est une priorit\u00e9 croissante, la Principaut\u00e9 de Monaco, et plus particuli\u00e8rement le Centre","breadcrumb":{"@id":"https:\/\/montecarloliving.com\/fr\/monaco-fr\/les-gardes-itinerantes-de-nuit-une-nouvelle-prestation-pour-les-personnes-agees-en-perte-dautonomie-17169\/#breadcrumb"},"inLanguage":"fr-FR","potentialAction":[{"@type":"ReadAction","target":["https:\/\/montecarloliving.com\/fr\/monaco-fr\/les-gardes-itinerantes-de-nuit-une-nouvelle-prestation-pour-les-personnes-agees-en-perte-dautonomie-17169\/"]}]},{"@type":"ImageObject","inLanguage":"fr-FR","@id":"https:\/\/montecarloliving.com\/fr\/monaco-fr\/les-gardes-itinerantes-de-nuit-une-nouvelle-prestation-pour-les-personnes-agees-en-perte-dautonomie-17169\/#primaryimage","url":"https:\/\/montecarloliving.com\/wp-content\/uploads\/2024\/12\/Centre-de-Coordination-Gerontologique-de-Monaco-\u00a9-Stephane-Danna-Direction-de-la-Communication-1.jpg","contentUrl":"https:\/\/montecarloliving.com\/wp-content\/uploads\/2024\/12\/Centre-de-Coordination-Gerontologique-de-Monaco-\u00a9-Stephane-Danna-Direction-de-la-Communication-1.jpg","width":2072,"height":1382},{"@type":"BreadcrumbList","@id":"https:\/\/montecarloliving.com\/fr\/monaco-fr\/les-gardes-itinerantes-de-nuit-une-nouvelle-prestation-pour-les-personnes-agees-en-perte-dautonomie-17169\/#breadcrumb","itemListElement":[{"@type":"ListItem","position":1,"name":"Home","item":"https:\/\/montecarloliving.com\/fr\/"},{"@type":"ListItem","position":2,"name":"Les Gardes Itin\u00e9rantes de Nuit: Une nouvelle prestation pour les personnes \u00e2g\u00e9es en perte d&#8217;autonomie"}]},{"@type":"WebSite","@id":"https:\/\/montecarloliving.com\/fr\/#website","url":"https:\/\/montecarloliving.com\/fr\/","name":"Montecarlo Living","description":"News da Montecarlo - Principato di Monaco e Costa Azzurra","potentialAction":[{"@type":"SearchAction","target":{"@type":"EntryPoint","urlTemplate":"https:\/\/montecarloliving.com\/fr\/?s={search_term_string}"},"query-input":{"@type":"PropertyValueSpecification","valueRequired":true,"valueName":"search_term_string"}}],"inLanguage":"fr-FR"},{"@type":"Person","@id":"https:\/\/montecarloliving.com\/fr\/#\/schema\/person\/7e5945d4560862b7f2d2c6831bda2819","name":"Redazione","image":{"@type":"ImageObject","inLanguage":"fr-FR","@id":"https:\/\/secure.gravatar.com\/avatar\/8b5f26557e18fe74ad8e8a57ebb2925d88af8a90cee489ff2beefb391bc9b9c7?s=96&d=mm&r=g","url":"https:\/\/secure.gravatar.com\/avatar\/8b5f26557e18fe74ad8e8a57ebb2925d88af8a90cee489ff2beefb391bc9b9c7?s=96&d=mm&r=g","contentUrl":"https:\/\/secure.gravatar.com\/avatar\/8b5f26557e18fe74ad8e8a57ebb2925d88af8a90cee489ff2beefb391bc9b9c7?s=96&d=mm&r=g","caption":"Redazione"}}]}},"_links":{"self":[{"href":"https:\/\/montecarloliving.com\/fr\/wp-json\/wp\/v2\/posts\/17169","targetHints":{"allow":["GET"]}}],"collection":[{"href":"https:\/\/montecarloliving.com\/fr\/wp-json\/wp\/v2\/posts"}],"about":[{"href":"https:\/\/montecarloliving.com\/fr\/wp-json\/wp\/v2\/types\/post"}],"author":[{"embeddable":true,"href":"https:\/\/montecarloliving.com\/fr\/wp-json\/wp\/v2\/users\/1"}],"replies":[{"embeddable":true,"href":"https:\/\/montecarloliving.com\/fr\/wp-json\/wp\/v2\/comments?post=17169"}],"version-history":[{"count":1,"href":"https:\/\/montecarloliving.com\/fr\/wp-json\/wp\/v2\/posts\/17169\/revisions"}],"predecessor-version":[{"id":17173,"href":"https:\/\/montecarloliving.com\/fr\/wp-json\/wp\/v2\/posts\/17169\/revisions\/17173"}],"wp:featuredmedia":[{"embeddable":true,"href":"https:\/\/montecarloliving.com\/fr\/wp-json\/wp\/v2\/media\/17170"}],"wp:attachment":[{"href":"https:\/\/montecarloliving.com\/fr\/wp-json\/wp\/v2\/media?parent=17169"}],"wp:term":[{"taxonomy":"category","embeddable":true,"href":"https:\/\/montecarloliving.com\/fr\/wp-json\/wp\/v2\/categories?post=17169"},{"taxonomy":"post_tag","embeddable":true,"href":"https:\/\/montecarloliving.com\/fr\/wp-json\/wp\/v2\/tags?post=17169"}],"curies":[{"name":"wp","href":"https:\/\/api.w.org\/{rel}","templated":true}]}}