{"id":16799,"date":"2024-12-11T08:44:43","date_gmt":"2024-12-11T07:44:43","guid":{"rendered":"https:\/\/montecarloliving.com\/?p=16799"},"modified":"2024-12-06T09:50:10","modified_gmt":"2024-12-06T08:50:10","slug":"noel-nice-tous-les-evenements-au-programme","status":"publish","type":"post","link":"https:\/\/montecarloliving.com\/fr\/actualite\/noel-nice-tous-les-evenements-au-programme-16799\/","title":{"rendered":"No\u00ebl \u00e0 Nice: Tous les \u00e9v\u00e9nements au programme"},"content":{"rendered":"<p>Le p\u00e9riode des f\u00eates \u00e0 Nice ne se limite pas seulement \u00e0 Place Mass\u00e9na et au Jardin Albert Ier, elle s&rsquo;\u00e9tend \u00e9galement aux diff\u00e9rents quartiers de la ville et aux localit\u00e9s de la r\u00e9gion m\u00e9tropolitaine, avec un riche programme d\u2019\u00e9v\u00e9nements et de c\u00e9l\u00e9brations qui illuminent la ville.<\/p>\n<p>Voici les principaux \u00e9v\u00e9nements :<\/p>\n<p><strong>Stations de ski<\/strong><br \/>\nLes stations de montagne d&rsquo;Auron, Isola 2000 et Saint-Dalmas-le-Selvage sont d\u00e9cor\u00e9es de d\u00e9corations de No\u00ebl grandeur nature, cr\u00e9ant une atmosph\u00e8re magique m\u00eame en haute montagne.<\/p>\n<p><strong>Vieux Nice &#8211; Place Rossetti<\/strong><br \/>\nCr\u00e8che g\u00e9ante \u00ab\u00a0Lou Pr\u00e9s\u00e9pi\u00a0\u00bb<br \/>\nDu 19 au 29 d\u00e9cembre, tous les jours de 10h00 \u00e0 23h00, une des traditions les plus appr\u00e9ci\u00e9es de Nice prend vie avec une cr\u00e8che g\u00e9ante. 17 statues anim\u00e9es repr\u00e9sentent la sc\u00e8ne de la Nativit\u00e9, avec J\u00e9sus, Marie, Joseph, l&rsquo;\u00e2ne, le b\u0153uf, le mouton, le berger et son chien, les chameaux et les Rois Mages.<\/p>\n<p><img loading=\"lazy\" decoding=\"async\" class=\"size-full wp-image-16791 aligncenter\" src=\"https:\/\/montecarloliving.com\/wp-content\/uploads\/2024\/12\/Natale_2024_affiche_b.png\" alt=\"\" width=\"769\" height=\"402\" srcset=\"https:\/\/montecarloliving.com\/wp-content\/uploads\/2024\/12\/Natale_2024_affiche_b.png 769w, https:\/\/montecarloliving.com\/wp-content\/uploads\/2024\/12\/Natale_2024_affiche_b-300x157.png 300w\" sizes=\"auto, (max-width: 769px) 100vw, 769px\" \/><\/p>\n<p><strong>C\u00e9l\u00e9brations \u00e0 Nice<\/strong><\/p>\n<ul>\n<li><strong>La Grande Parade de No\u00ebl du shopping &#8211; dimanche 8 d\u00e9cembre 2024<\/strong><br \/>\n\u00c0 partir de 17h00, une parade magique et gratuite envahira l&rsquo;Avenue Jean M\u00e9decin avec plus de 200 artistes de rue, acrobates, danseurs, mascottes, groupes musicaux et DJ. Parmi les attractions, le majestueux Char de No\u00ebl et le Char des Lutins, r\u00e9alis\u00e9s par les op\u00e9rateurs du Carnaval de Nice, d\u00e9fileront sur l&rsquo;avenue au c\u0153ur de la ville. Le grand final est pr\u00e9vu \u00e0 18h30 sur la Place Mass\u00e9na, avec un spectacle de lumi\u00e8res, musique et danse.<\/li>\n<li><strong>Santa Lucia, la F\u00eate des Lumi\u00e8res &#8211; vendredi 13 d\u00e9cembre 2024 sur le Parvis de la Gare du Sud<\/strong><br \/>\n\u00c0 partir de 17h30, d\u00e9couvrez la tradition su\u00e9doise qui c\u00e9l\u00e8bre le premier jour o\u00f9 le soleil se couche plus tard et le d\u00e9but de la p\u00e9riode de No\u00ebl. Des bougies et des torches symboliseront la lumi\u00e8re, le renouveau et l&rsquo;espoir.<\/li>\n<li><strong>No\u00ebl \u00e9co-responsable &#8211; samedi 14 d\u00e9cembre 2024 sur la Promenade du Paillon<\/strong><br \/>\nDe 10h00 \u00e0 17h00, la quatri\u00e8me \u00e9dition de cet \u00e9v\u00e9nement verra la participation de nombreuses associations et entreprises \u00e9co-responsables. En plus de la vente de produits artisanaux locaux, des ateliers gratuits et des activit\u00e9s seront propos\u00e9s \u00e0 tous.<\/li>\n<li><strong>No\u00ebl au Parc Phoenix &#8211; samedi 21 d\u00e9cembre 2024<\/strong><br \/>\nDe 10h00 \u00e0 16h00, le parc accueillera \u00ab\u00a0Le No\u00ebl d&rsquo;Adam\u00a0\u00bb avec des structures gonflables, de l&rsquo;animation et la visite du P\u00e8re No\u00ebl. L&rsquo;entr\u00e9e est gratuite. Du 21 au 24 d\u00e9cembre, le parc proposera d&rsquo;autres activit\u00e9s avec des ateliers et des stands, avec des tarifs d&rsquo;entr\u00e9e habituels.<\/li>\n<\/ul>\n<p><strong>\u00c9v\u00e9nements dans les quartiers de Nice<\/strong><\/p>\n<ul>\n<li><strong>Hauts de Nice<\/strong> : Mercredi 4 d\u00e9cembre, de 10h30 \u00e0 16h30, au Parc du Ray<\/li>\n<li><strong>Coeur de Nice<\/strong> : Samedi 7 d\u00e9cembre, de 10h30 \u00e0 16h30, au Jardin Thiole<\/li>\n<li><strong>Nice Ouest<\/strong> : Mercredi 11 d\u00e9cembre, de 10h30 \u00e0 16h30, \u00e0 Animanice Sainte-Marguerite, 71 avenue Sainte-Marguerite<\/li>\n<li><strong>Nice historique<\/strong> : Samedi 14 d\u00e9cembre, de 10h30 \u00e0 16h30, au Jardin Arson<\/li>\n<li><strong>Rives du Paillon<\/strong> : Samedi 14 d\u00e9cembre, de 10h30 \u00e0 16h30, sur la Place Lentulo<\/li>\n<li><strong>AnimaNice Bon-Voyage<\/strong> : Mercredi 18 d\u00e9cembre, de 10h30 \u00e0 16h30, au 2, pont Ren\u00e9 Coty<\/li>\n<li><strong>Collines ni\u00e7oises<\/strong> : Samedi 21 d\u00e9cembre, de 10h30 \u00e0 16h30, au 36 avenue de la Bornala<\/li>\n<\/ul>\n<p>Ces c\u00e9l\u00e9brations apportent l\u2019esprit de No\u00ebl dans les lieux les plus embl\u00e9matiques de Nice, impliquant toute la ville et offrant une exp\u00e9rience unique et vari\u00e9e pour les r\u00e9sidents comme pour les visiteurs.<\/p>\n","protected":false},"excerpt":{"rendered":"<p>Le p\u00e9riode des f\u00eates \u00e0 Nice ne se limite pas seulement \u00e0 Place Mass\u00e9na et au Jardin Albert Ier, elle s&rsquo;\u00e9tend \u00e9galement aux diff\u00e9rents quartiers de la ville et aux localit\u00e9s de la r\u00e9gion m\u00e9tropolitaine, avec un riche programme d\u2019\u00e9v\u00e9nements et de c\u00e9l\u00e9brations qui [&hellip;]<\/p>\n","protected":false},"author":1,"featured_media":16795,"comment_status":"closed","ping_status":"closed","sticky":false,"template":"","format":"standard","meta":{"footnotes":""},"categories":[827,868],"tags":[],"class_list":["post-16799","post","type-post","status-publish","format-standard","has-post-thumbnail","hentry","category-actualite","category-nice-fr"],"yoast_head":"<!-- This site is optimized with the Yoast SEO plugin v27.4 - https:\/\/yoast.com\/product\/yoast-seo-wordpress\/ -->\n<title>No\u00ebl \u00e0 Nice: Tous les \u00e9v\u00e9nements au programme<\/title>\n<meta name=\"description\" content=\"Le p\u00e9riode des f\u00eates \u00e0 Nice ne se limite pas seulement \u00e0 Place Mass\u00e9na et au Jardin Albert Ier, elle s&#039;\u00e9tend \u00e9galement aux diff\u00e9rents quartiers de la\" \/>\n<meta name=\"robots\" content=\"index, follow, max-snippet:-1, max-image-preview:large, max-video-preview:-1\" \/>\n<link rel=\"canonical\" href=\"https:\/\/montecarloliving.com\/fr\/actualite\/noel-nice-tous-les-evenements-au-programme-16799\/\" \/>\n<meta property=\"og:locale\" content=\"fr_FR\" \/>\n<meta property=\"og:title\" content=\"No\u00ebl \u00e0 Nice: Tous les \u00e9v\u00e9nements au programme\" \/>\n<meta property=\"og:description\" content=\"Le p\u00e9riode des f\u00eates \u00e0 Nice ne se limite pas seulement \u00e0 Place Mass\u00e9na et au Jardin Albert Ier, elle s&#039;\u00e9tend \u00e9galement aux diff\u00e9rents quartiers de la\" \/>\n<meta property=\"og:url\" content=\"https:\/\/montecarloliving.com\/fr\/actualite\/noel-nice-tous-les-evenements-au-programme-16799\/\" \/>\n<meta property=\"og:site_name\" content=\"Montecarlo Living\" \/>\n<meta property=\"article:publisher\" content=\"https:\/\/www.facebook.com\/montecarlolivingcom\/\" \/>\n<meta property=\"article:published_time\" content=\"2024-12-11T07:44:43+00:00\" \/>\n<meta property=\"og:image\" content=\"https:\/\/montecarloliving.com\/wp-content\/uploads\/2024\/12\/adobestock-38425100-960x640-1-650x400.jpeg\" \/>\n\t<meta property=\"og:image:width\" content=\"650\" \/>\n\t<meta property=\"og:image:height\" content=\"400\" \/>\n\t<meta property=\"og:image:type\" content=\"image\/jpeg\" \/>\n<meta name=\"author\" content=\"Redazione\" \/>\n<meta name=\"twitter:card\" content=\"summary_large_image\" \/>\n<meta name=\"twitter:creator\" content=\"@MonteCarloLivi\" \/>\n<meta name=\"twitter:site\" content=\"@MonteCarloLivi\" \/>\n<meta name=\"twitter:label1\" content=\"\u00c9crit par\" \/>\n\t<meta name=\"twitter:data1\" content=\"Redazione\" \/>\n\t<meta name=\"twitter:label2\" content=\"Dur\u00e9e de lecture estim\u00e9e\" \/>\n\t<meta name=\"twitter:data2\" content=\"4 minutes\" \/>\n<script type=\"application\/ld+json\" class=\"yoast-schema-graph\">{\"@context\":\"https:\\\/\\\/schema.org\",\"@graph\":[{\"@type\":\"Article\",\"@id\":\"https:\\\/\\\/montecarloliving.com\\\/fr\\\/actualite\\\/noel-nice-tous-les-evenements-au-programme-16799\\\/#article\",\"isPartOf\":{\"@id\":\"https:\\\/\\\/montecarloliving.com\\\/fr\\\/actualite\\\/noel-nice-tous-les-evenements-au-programme-16799\\\/\"},\"author\":{\"name\":\"Redazione\",\"@id\":\"https:\\\/\\\/montecarloliving.com\\\/fr\\\/#\\\/schema\\\/person\\\/7e5945d4560862b7f2d2c6831bda2819\"},\"headline\":\"No\u00ebl \u00e0 Nice: Tous les \u00e9v\u00e9nements au programme\",\"datePublished\":\"2024-12-11T07:44:43+00:00\",\"mainEntityOfPage\":{\"@id\":\"https:\\\/\\\/montecarloliving.com\\\/fr\\\/actualite\\\/noel-nice-tous-les-evenements-au-programme-16799\\\/\"},\"wordCount\":599,\"image\":{\"@id\":\"https:\\\/\\\/montecarloliving.com\\\/fr\\\/actualite\\\/noel-nice-tous-les-evenements-au-programme-16799\\\/#primaryimage\"},\"thumbnailUrl\":\"https:\\\/\\\/montecarloliving.com\\\/wp-content\\\/uploads\\\/2024\\\/12\\\/adobestock-38425100-960x640-1.jpeg\",\"articleSection\":[\"Actualit\u00e9\",\"Nice\"],\"inLanguage\":\"fr-FR\"},{\"@type\":\"WebPage\",\"@id\":\"https:\\\/\\\/montecarloliving.com\\\/fr\\\/actualite\\\/noel-nice-tous-les-evenements-au-programme-16799\\\/\",\"url\":\"https:\\\/\\\/montecarloliving.com\\\/fr\\\/actualite\\\/noel-nice-tous-les-evenements-au-programme-16799\\\/\",\"name\":\"No\u00ebl \u00e0 Nice: Tous les \u00e9v\u00e9nements au programme\",\"isPartOf\":{\"@id\":\"https:\\\/\\\/montecarloliving.com\\\/fr\\\/#website\"},\"primaryImageOfPage\":{\"@id\":\"https:\\\/\\\/montecarloliving.com\\\/fr\\\/actualite\\\/noel-nice-tous-les-evenements-au-programme-16799\\\/#primaryimage\"},\"image\":{\"@id\":\"https:\\\/\\\/montecarloliving.com\\\/fr\\\/actualite\\\/noel-nice-tous-les-evenements-au-programme-16799\\\/#primaryimage\"},\"thumbnailUrl\":\"https:\\\/\\\/montecarloliving.com\\\/wp-content\\\/uploads\\\/2024\\\/12\\\/adobestock-38425100-960x640-1.jpeg\",\"datePublished\":\"2024-12-11T07:44:43+00:00\",\"author\":{\"@id\":\"https:\\\/\\\/montecarloliving.com\\\/fr\\\/#\\\/schema\\\/person\\\/7e5945d4560862b7f2d2c6831bda2819\"},\"description\":\"Le p\u00e9riode des f\u00eates \u00e0 Nice ne se limite pas seulement \u00e0 Place Mass\u00e9na et au Jardin Albert Ier, elle s'\u00e9tend \u00e9galement aux diff\u00e9rents quartiers de la\",\"breadcrumb\":{\"@id\":\"https:\\\/\\\/montecarloliving.com\\\/fr\\\/actualite\\\/noel-nice-tous-les-evenements-au-programme-16799\\\/#breadcrumb\"},\"inLanguage\":\"fr-FR\",\"potentialAction\":[{\"@type\":\"ReadAction\",\"target\":[\"https:\\\/\\\/montecarloliving.com\\\/fr\\\/actualite\\\/noel-nice-tous-les-evenements-au-programme-16799\\\/\"]}]},{\"@type\":\"ImageObject\",\"inLanguage\":\"fr-FR\",\"@id\":\"https:\\\/\\\/montecarloliving.com\\\/fr\\\/actualite\\\/noel-nice-tous-les-evenements-au-programme-16799\\\/#primaryimage\",\"url\":\"https:\\\/\\\/montecarloliving.com\\\/wp-content\\\/uploads\\\/2024\\\/12\\\/adobestock-38425100-960x640-1.jpeg\",\"contentUrl\":\"https:\\\/\\\/montecarloliving.com\\\/wp-content\\\/uploads\\\/2024\\\/12\\\/adobestock-38425100-960x640-1.jpeg\",\"width\":1200,\"height\":800},{\"@type\":\"BreadcrumbList\",\"@id\":\"https:\\\/\\\/montecarloliving.com\\\/fr\\\/actualite\\\/noel-nice-tous-les-evenements-au-programme-16799\\\/#breadcrumb\",\"itemListElement\":[{\"@type\":\"ListItem\",\"position\":1,\"name\":\"Home\",\"item\":\"https:\\\/\\\/montecarloliving.com\\\/fr\\\/\"},{\"@type\":\"ListItem\",\"position\":2,\"name\":\"No\u00ebl \u00e0 Nice: Tous les \u00e9v\u00e9nements au programme\"}]},{\"@type\":\"WebSite\",\"@id\":\"https:\\\/\\\/montecarloliving.com\\\/fr\\\/#website\",\"url\":\"https:\\\/\\\/montecarloliving.com\\\/fr\\\/\",\"name\":\"Montecarlo Living\",\"description\":\"News da Montecarlo - Principato di Monaco e Costa Azzurra\",\"potentialAction\":[{\"@type\":\"SearchAction\",\"target\":{\"@type\":\"EntryPoint\",\"urlTemplate\":\"https:\\\/\\\/montecarloliving.com\\\/fr\\\/?s={search_term_string}\"},\"query-input\":{\"@type\":\"PropertyValueSpecification\",\"valueRequired\":true,\"valueName\":\"search_term_string\"}}],\"inLanguage\":\"fr-FR\"},{\"@type\":\"Person\",\"@id\":\"https:\\\/\\\/montecarloliving.com\\\/fr\\\/#\\\/schema\\\/person\\\/7e5945d4560862b7f2d2c6831bda2819\",\"name\":\"Redazione\",\"image\":{\"@type\":\"ImageObject\",\"inLanguage\":\"fr-FR\",\"@id\":\"https:\\\/\\\/secure.gravatar.com\\\/avatar\\\/8b5f26557e18fe74ad8e8a57ebb2925d88af8a90cee489ff2beefb391bc9b9c7?s=96&d=mm&r=g\",\"url\":\"https:\\\/\\\/secure.gravatar.com\\\/avatar\\\/8b5f26557e18fe74ad8e8a57ebb2925d88af8a90cee489ff2beefb391bc9b9c7?s=96&d=mm&r=g\",\"contentUrl\":\"https:\\\/\\\/secure.gravatar.com\\\/avatar\\\/8b5f26557e18fe74ad8e8a57ebb2925d88af8a90cee489ff2beefb391bc9b9c7?s=96&d=mm&r=g\",\"caption\":\"Redazione\"}}]}<\/script>\n<!-- \/ Yoast SEO plugin. -->","yoast_head_json":{"title":"No\u00ebl \u00e0 Nice: Tous les \u00e9v\u00e9nements au programme","description":"Le p\u00e9riode des f\u00eates \u00e0 Nice ne se limite pas seulement \u00e0 Place Mass\u00e9na et au Jardin Albert Ier, elle s'\u00e9tend \u00e9galement aux diff\u00e9rents quartiers de la","robots":{"index":"index","follow":"follow","max-snippet":"max-snippet:-1","max-image-preview":"max-image-preview:large","max-video-preview":"max-video-preview:-1"},"canonical":"https:\/\/montecarloliving.com\/fr\/actualite\/noel-nice-tous-les-evenements-au-programme-16799\/","og_locale":"fr_FR","og_title":"No\u00ebl \u00e0 Nice: Tous les \u00e9v\u00e9nements au programme","og_description":"Le p\u00e9riode des f\u00eates \u00e0 Nice ne se limite pas seulement \u00e0 Place Mass\u00e9na et au Jardin Albert Ier, elle s'\u00e9tend \u00e9galement aux diff\u00e9rents quartiers de la","og_url":"https:\/\/montecarloliving.com\/fr\/actualite\/noel-nice-tous-les-evenements-au-programme-16799\/","og_site_name":"Montecarlo Living","article_publisher":"https:\/\/www.facebook.com\/montecarlolivingcom\/","article_published_time":"2024-12-11T07:44:43+00:00","og_image":[{"width":650,"height":400,"url":"https:\/\/montecarloliving.com\/wp-content\/uploads\/2024\/12\/adobestock-38425100-960x640-1-650x400.jpeg","type":"image\/jpeg"}],"author":"Redazione","twitter_card":"summary_large_image","twitter_creator":"@MonteCarloLivi","twitter_site":"@MonteCarloLivi","twitter_misc":{"\u00c9crit par":"Redazione","Dur\u00e9e de lecture estim\u00e9e":"4 minutes"},"schema":{"@context":"https:\/\/schema.org","@graph":[{"@type":"Article","@id":"https:\/\/montecarloliving.com\/fr\/actualite\/noel-nice-tous-les-evenements-au-programme-16799\/#article","isPartOf":{"@id":"https:\/\/montecarloliving.com\/fr\/actualite\/noel-nice-tous-les-evenements-au-programme-16799\/"},"author":{"name":"Redazione","@id":"https:\/\/montecarloliving.com\/fr\/#\/schema\/person\/7e5945d4560862b7f2d2c6831bda2819"},"headline":"No\u00ebl \u00e0 Nice: Tous les \u00e9v\u00e9nements au programme","datePublished":"2024-12-11T07:44:43+00:00","mainEntityOfPage":{"@id":"https:\/\/montecarloliving.com\/fr\/actualite\/noel-nice-tous-les-evenements-au-programme-16799\/"},"wordCount":599,"image":{"@id":"https:\/\/montecarloliving.com\/fr\/actualite\/noel-nice-tous-les-evenements-au-programme-16799\/#primaryimage"},"thumbnailUrl":"https:\/\/montecarloliving.com\/wp-content\/uploads\/2024\/12\/adobestock-38425100-960x640-1.jpeg","articleSection":["Actualit\u00e9","Nice"],"inLanguage":"fr-FR"},{"@type":"WebPage","@id":"https:\/\/montecarloliving.com\/fr\/actualite\/noel-nice-tous-les-evenements-au-programme-16799\/","url":"https:\/\/montecarloliving.com\/fr\/actualite\/noel-nice-tous-les-evenements-au-programme-16799\/","name":"No\u00ebl \u00e0 Nice: Tous les \u00e9v\u00e9nements au programme","isPartOf":{"@id":"https:\/\/montecarloliving.com\/fr\/#website"},"primaryImageOfPage":{"@id":"https:\/\/montecarloliving.com\/fr\/actualite\/noel-nice-tous-les-evenements-au-programme-16799\/#primaryimage"},"image":{"@id":"https:\/\/montecarloliving.com\/fr\/actualite\/noel-nice-tous-les-evenements-au-programme-16799\/#primaryimage"},"thumbnailUrl":"https:\/\/montecarloliving.com\/wp-content\/uploads\/2024\/12\/adobestock-38425100-960x640-1.jpeg","datePublished":"2024-12-11T07:44:43+00:00","author":{"@id":"https:\/\/montecarloliving.com\/fr\/#\/schema\/person\/7e5945d4560862b7f2d2c6831bda2819"},"description":"Le p\u00e9riode des f\u00eates \u00e0 Nice ne se limite pas seulement \u00e0 Place Mass\u00e9na et au Jardin Albert Ier, elle s'\u00e9tend \u00e9galement aux diff\u00e9rents quartiers de la","breadcrumb":{"@id":"https:\/\/montecarloliving.com\/fr\/actualite\/noel-nice-tous-les-evenements-au-programme-16799\/#breadcrumb"},"inLanguage":"fr-FR","potentialAction":[{"@type":"ReadAction","target":["https:\/\/montecarloliving.com\/fr\/actualite\/noel-nice-tous-les-evenements-au-programme-16799\/"]}]},{"@type":"ImageObject","inLanguage":"fr-FR","@id":"https:\/\/montecarloliving.com\/fr\/actualite\/noel-nice-tous-les-evenements-au-programme-16799\/#primaryimage","url":"https:\/\/montecarloliving.com\/wp-content\/uploads\/2024\/12\/adobestock-38425100-960x640-1.jpeg","contentUrl":"https:\/\/montecarloliving.com\/wp-content\/uploads\/2024\/12\/adobestock-38425100-960x640-1.jpeg","width":1200,"height":800},{"@type":"BreadcrumbList","@id":"https:\/\/montecarloliving.com\/fr\/actualite\/noel-nice-tous-les-evenements-au-programme-16799\/#breadcrumb","itemListElement":[{"@type":"ListItem","position":1,"name":"Home","item":"https:\/\/montecarloliving.com\/fr\/"},{"@type":"ListItem","position":2,"name":"No\u00ebl \u00e0 Nice: Tous les \u00e9v\u00e9nements au programme"}]},{"@type":"WebSite","@id":"https:\/\/montecarloliving.com\/fr\/#website","url":"https:\/\/montecarloliving.com\/fr\/","name":"Montecarlo Living","description":"News da Montecarlo - Principato di Monaco e Costa Azzurra","potentialAction":[{"@type":"SearchAction","target":{"@type":"EntryPoint","urlTemplate":"https:\/\/montecarloliving.com\/fr\/?s={search_term_string}"},"query-input":{"@type":"PropertyValueSpecification","valueRequired":true,"valueName":"search_term_string"}}],"inLanguage":"fr-FR"},{"@type":"Person","@id":"https:\/\/montecarloliving.com\/fr\/#\/schema\/person\/7e5945d4560862b7f2d2c6831bda2819","name":"Redazione","image":{"@type":"ImageObject","inLanguage":"fr-FR","@id":"https:\/\/secure.gravatar.com\/avatar\/8b5f26557e18fe74ad8e8a57ebb2925d88af8a90cee489ff2beefb391bc9b9c7?s=96&d=mm&r=g","url":"https:\/\/secure.gravatar.com\/avatar\/8b5f26557e18fe74ad8e8a57ebb2925d88af8a90cee489ff2beefb391bc9b9c7?s=96&d=mm&r=g","contentUrl":"https:\/\/secure.gravatar.com\/avatar\/8b5f26557e18fe74ad8e8a57ebb2925d88af8a90cee489ff2beefb391bc9b9c7?s=96&d=mm&r=g","caption":"Redazione"}}]}},"_links":{"self":[{"href":"https:\/\/montecarloliving.com\/fr\/wp-json\/wp\/v2\/posts\/16799","targetHints":{"allow":["GET"]}}],"collection":[{"href":"https:\/\/montecarloliving.com\/fr\/wp-json\/wp\/v2\/posts"}],"about":[{"href":"https:\/\/montecarloliving.com\/fr\/wp-json\/wp\/v2\/types\/post"}],"author":[{"embeddable":true,"href":"https:\/\/montecarloliving.com\/fr\/wp-json\/wp\/v2\/users\/1"}],"replies":[{"embeddable":true,"href":"https:\/\/montecarloliving.com\/fr\/wp-json\/wp\/v2\/comments?post=16799"}],"version-history":[{"count":1,"href":"https:\/\/montecarloliving.com\/fr\/wp-json\/wp\/v2\/posts\/16799\/revisions"}],"predecessor-version":[{"id":16800,"href":"https:\/\/montecarloliving.com\/fr\/wp-json\/wp\/v2\/posts\/16799\/revisions\/16800"}],"wp:featuredmedia":[{"embeddable":true,"href":"https:\/\/montecarloliving.com\/fr\/wp-json\/wp\/v2\/media\/16795"}],"wp:attachment":[{"href":"https:\/\/montecarloliving.com\/fr\/wp-json\/wp\/v2\/media?parent=16799"}],"wp:term":[{"taxonomy":"category","embeddable":true,"href":"https:\/\/montecarloliving.com\/fr\/wp-json\/wp\/v2\/categories?post=16799"},{"taxonomy":"post_tag","embeddable":true,"href":"https:\/\/montecarloliving.com\/fr\/wp-json\/wp\/v2\/tags?post=16799"}],"curies":[{"name":"wp","href":"https:\/\/api.w.org\/{rel}","templated":true}]}}