{"id":16591,"date":"2024-12-06T08:45:37","date_gmt":"2024-12-06T07:45:37","guid":{"rendered":"https:\/\/montecarloliving.com\/?p=16591"},"modified":"2024-12-03T09:51:51","modified_gmt":"2024-12-03T08:51:51","slug":"evenements-du-week-end-des-7-et-8-decembre-2024-nice","status":"publish","type":"post","link":"https:\/\/montecarloliving.com\/fr\/nice-fr\/evenements-du-week-end-des-7-et-8-decembre-2024-nice-16591\/","title":{"rendered":"\u00c9v\u00e9nements du week-end des 7 et 8 d\u00e9cembre 2024 \u00e0 Nice"},"content":{"rendered":"<p><strong>\u00c9v\u00e9nements du Week-end \u00e0 Nice, D\u00e9couvrez-les Tous !!<\/strong><\/p>\n<hr \/>\n<h4><strong>La grande parade de No\u00ebl<\/strong><\/h4>\n<p>Dimanche 8 d\u00e9cembre 2024 \u00e0 17h.<\/p>\n<p>Nice Shopping vous invite \u00e0 vivre la magie de No\u00ebl avec sa Grande Parade !<\/p>\n<p>Les lumi\u00e8res commencent \u00e0 scintiller, les clochettes \u00e0 tinter, les yeux des enfants \u00e0 briller\u2026 Les f\u00eates de fin d\u2019ann\u00e9e approchent ! Pour vous plonger dans la magie de No\u00ebl, Nice Shopping est heureux de vous inviter \u00e0 sa Grande Parade de No\u00ebl, un \u00e9v\u00e9nement magique et gratuit pour petits et grands.<\/p>\n<p><a href=\"https:\/\/niceshopping.fr\/\" target=\"_new\" rel=\"noopener\">https:\/\/niceshopping.fr\/<\/a><\/p>\n<hr \/>\n<h4><strong>Vinyl Market<\/strong><\/h4>\n<p>Dimanche 8 d\u00e9cembre 2024 de 9h \u00e0 17h.<\/p>\n<p>Le Vinyl Market PACA organise sa troisi\u00e8me \u00e9dition de ventes de vinyles. Venez fouiller dans nos boutiques de disques professionnelles pour d\u00e9nicher les meilleures s\u00e9lections.<\/p>\n<p>Plus de 10 000 disques vinyles en 33 et 45 tours seront propos\u00e9s. Vous trouverez tous les styles de musique : rock, pop rock, funk soul, jazz, new wave, punk, techno, rap, hard rock m\u00e9tal, musique du monde, rock progressif, psych\u00e9, &#8230;<\/p>\n<p><a target=\"_new\" rel=\"noopener\">https:\/\/www.explorenicecotedazur.com\/fr\/fiche\/vinyl-market-fr\/<\/a><\/p>\n<hr \/>\n<h4><strong>My Nice Green Market<\/strong><\/h4>\n<p>Le plus grand rassemblement de cr\u00e9ateurs et d\u2019artisans locaux \u00e0 Nice. D\u00e9couvrez une mani\u00e8re de consommer \u00e9co-responsable et locale.<\/p>\n<p>My Nice Events s\u2019installe au Port de Nice pour une \u00e9dition sp\u00e9ciale No\u00ebl. Venez faire le plein de cadeaux fantastiques cr\u00e9\u00e9s par les mains de cr\u00e9ateurs, artisans et artistes locaux. Une journ\u00e9e d\u00e9di\u00e9e \u00e0 l\u2019\u00e9conomie circulaire et \u00e0 l\u2019\u00e9co-responsabilit\u00e9, pour consommer autrement et mieux.<\/p>\n<p><a href=\"https:\/\/www.explorenicecotedazur.com\/fr\/fiche\/my-nice-green-market-fr\/\">https:\/\/www.explorenicecotedazur.com\/fr\/fiche\/my-nice-green-market-fr\/<\/a><\/p>\n<hr \/>\n<h4><strong>Isaac Delusion<\/strong><\/h4>\n<p>Samedi 7 d\u00e9cembre 2024 \u00e0 19h.<\/p>\n<p>En pr\u00e8s de dix ans, Isaac Delusion a sorti de nombreux albums acclam\u00e9s.<\/p>\n<p>Chacune de ces \u0153uvres r\u00e9v\u00e8le une \u00e9volution musicale constante, t\u00e9moignant de l\u2019exploration et de l\u2019exp\u00e9rimentation du groupe dans de nouvelles directions sonores. Avec des titres phares comme <em>\u00ab\u00a0She Pretends\u00a0\u00bb<\/em>, <em>\u00ab\u00a0Midnight Sun\u00a0\u00bb<\/em> et <em>\u00ab\u00a0Isabella\u00a0\u00bb<\/em>, le groupe a su conqu\u00e9rir un large public.<\/p>\n<p><a href=\"https:\/\/etudiants.nice.fr\/stockfish\/\" target=\"_new\" rel=\"noopener\">https:\/\/etudiants.nice.fr\/stockfish\/<\/a><\/p>\n<hr \/>\n<h4><strong>Hugo TSR<\/strong><\/h4>\n<p>Ni v\u00e9ritable t\u00eate d\u2019affiche de l\u2019Underground, ni reconnu dans le Mainstream, Hugo TSR impose son rythme, sa musique et sa carri\u00e8re au fil des ann\u00e9es avec des albums impeccables.<\/p>\n<p>Gr\u00e2ce \u00e0 son flow clair, son \u00e9criture soign\u00e9e et son choix toujours juste de productions, Hugo incarne aujourd\u2019hui LE rappeur connu de tous dans le monde du rap. Une fantaisie de justice particuli\u00e8rement salu\u00e9e par Nekfeu : <em>\u201ctoujours fid\u00e8le \u00e0 Hugo TSR.\u201d<\/em><\/p>\n<p><a href=\"https:\/\/www.nicemusiclive.fr\/salle\/theatre-lino-ventura\" target=\"_new\" rel=\"noopener\">https:\/\/www.nicemusiclive.fr\/salle\/theatre-lino-ventura<\/a><\/p>\n<hr \/>\n<h4><strong>Nice Luna Park<\/strong><\/h4>\n<p>Du 06\/12\/2024 au 05\/01\/2025<br \/>\nHoraires d\u2019ouverture : lundi, mardi, mercredi, jeudi et dimanche de 14h \u00e0 23h. Vendredi de 14h \u00e0 minuit. Samedi de 14h \u00e0 1h.<br \/>\n<strong>ATTENTION<\/strong> : fermeture \u00e0 20h le 24 d\u00e9cembre et \u00e0 21h le 31 d\u00e9cembre.<\/p>\n<p>C\u2019est une f\u00eate au Palais des Expositions\u2014rires, sensations et frissons garantis pour petits et grands ! Pr\u00e9parez-vous \u00e0 des sensations fortes !<\/p>\n<p><a href=\"https:\/\/www.lunapark-nice.fr\/\" target=\"_new\" rel=\"noopener\">https:\/\/www.lunapark-nice.fr\/<\/a><\/p>\n","protected":false},"excerpt":{"rendered":"<p>\u00c9v\u00e9nements du Week-end \u00e0 Nice, D\u00e9couvrez-les Tous !! La grande parade de No\u00ebl Dimanche 8 d\u00e9cembre 2024 \u00e0 17h. Nice Shopping vous invite \u00e0 vivre la magie de No\u00ebl avec sa Grande Parade ! Les lumi\u00e8res commencent \u00e0 scintiller, les clochettes \u00e0 tinter, les [&hellip;]<\/p>\n","protected":false},"author":1,"featured_media":6501,"comment_status":"closed","ping_status":"closed","sticky":false,"template":"","format":"standard","meta":{"footnotes":""},"categories":[828,868],"tags":[],"class_list":["post-16591","post","type-post","status-publish","format-standard","has-post-thumbnail","hentry","category-evenements","category-nice-fr"],"yoast_head":"<!-- This site is optimized with the Yoast SEO plugin v27.5 - https:\/\/yoast.com\/product\/yoast-seo-wordpress\/ -->\n<title>\u00c9v\u00e9nements du week-end des 7 et 8 d\u00e9cembre 2024 \u00e0 Nice<\/title>\n<meta name=\"description\" content=\"\u00c9v\u00e9nements du Week-end \u00e0 Nice, D\u00e9couvrez-les Tous !! La grande parade de No\u00ebl Dimanche 8 d\u00e9cembre 2024 \u00e0 17h. Nice Shopping vous invite...\" \/>\n<meta name=\"robots\" content=\"index, follow, max-snippet:-1, max-image-preview:large, max-video-preview:-1\" \/>\n<link rel=\"canonical\" href=\"https:\/\/montecarloliving.com\/fr\/nice-fr\/evenements-du-week-end-des-7-et-8-decembre-2024-nice-16591\/\" \/>\n<meta property=\"og:locale\" content=\"fr_FR\" \/>\n<meta property=\"og:title\" content=\"\u00c9v\u00e9nements du week-end des 7 et 8 d\u00e9cembre 2024 \u00e0 Nice\" \/>\n<meta property=\"og:description\" content=\"\u00c9v\u00e9nements du Week-end \u00e0 Nice, D\u00e9couvrez-les Tous !! La grande parade de No\u00ebl Dimanche 8 d\u00e9cembre 2024 \u00e0 17h. Nice Shopping vous invite...\" \/>\n<meta property=\"og:url\" content=\"https:\/\/montecarloliving.com\/fr\/nice-fr\/evenements-du-week-end-des-7-et-8-decembre-2024-nice-16591\/\" \/>\n<meta property=\"og:site_name\" content=\"Montecarlo Living\" \/>\n<meta property=\"article:publisher\" content=\"https:\/\/www.facebook.com\/montecarlolivingcom\/\" \/>\n<meta property=\"article:published_time\" content=\"2024-12-06T07:45:37+00:00\" \/>\n<meta property=\"og:image\" content=\"https:\/\/montecarloliving.com\/wp-content\/uploads\/2024\/01\/COPERTINA-SITO-MONTECARLO-LIVING-11-650x400.jpg\" \/>\n\t<meta property=\"og:image:width\" content=\"650\" \/>\n\t<meta property=\"og:image:height\" content=\"400\" \/>\n\t<meta property=\"og:image:type\" content=\"image\/jpeg\" \/>\n<meta name=\"author\" content=\"Redazione\" \/>\n<meta name=\"twitter:card\" content=\"summary_large_image\" \/>\n<meta name=\"twitter:creator\" content=\"@MonteCarloLivi\" \/>\n<meta name=\"twitter:site\" content=\"@MonteCarloLivi\" \/>\n<meta name=\"twitter:label1\" content=\"\u00c9crit par\" \/>\n\t<meta name=\"twitter:data1\" content=\"Redazione\" \/>\n\t<meta name=\"twitter:label2\" content=\"Dur\u00e9e de lecture estim\u00e9e\" \/>\n\t<meta name=\"twitter:data2\" content=\"3 minutes\" \/>\n<script type=\"application\/ld+json\" class=\"yoast-schema-graph\">{\"@context\":\"https:\\\/\\\/schema.org\",\"@graph\":[{\"@type\":\"Article\",\"@id\":\"https:\\\/\\\/montecarloliving.com\\\/fr\\\/nice-fr\\\/evenements-du-week-end-des-7-et-8-decembre-2024-nice-16591\\\/#article\",\"isPartOf\":{\"@id\":\"https:\\\/\\\/montecarloliving.com\\\/fr\\\/nice-fr\\\/evenements-du-week-end-des-7-et-8-decembre-2024-nice-16591\\\/\"},\"author\":{\"name\":\"Redazione\",\"@id\":\"https:\\\/\\\/montecarloliving.com\\\/fr\\\/#\\\/schema\\\/person\\\/7e5945d4560862b7f2d2c6831bda2819\"},\"headline\":\"\u00c9v\u00e9nements du week-end des 7 et 8 d\u00e9cembre 2024 \u00e0 Nice\",\"datePublished\":\"2024-12-06T07:45:37+00:00\",\"mainEntityOfPage\":{\"@id\":\"https:\\\/\\\/montecarloliving.com\\\/fr\\\/nice-fr\\\/evenements-du-week-end-des-7-et-8-decembre-2024-nice-16591\\\/\"},\"wordCount\":489,\"image\":{\"@id\":\"https:\\\/\\\/montecarloliving.com\\\/fr\\\/nice-fr\\\/evenements-du-week-end-des-7-et-8-decembre-2024-nice-16591\\\/#primaryimage\"},\"thumbnailUrl\":\"https:\\\/\\\/montecarloliving.com\\\/wp-content\\\/uploads\\\/2024\\\/01\\\/COPERTINA-SITO-MONTECARLO-LIVING-11.jpg\",\"articleSection\":[\"\u00c9v\u00e9nements\",\"Nice\"],\"inLanguage\":\"fr-FR\"},{\"@type\":\"WebPage\",\"@id\":\"https:\\\/\\\/montecarloliving.com\\\/fr\\\/nice-fr\\\/evenements-du-week-end-des-7-et-8-decembre-2024-nice-16591\\\/\",\"url\":\"https:\\\/\\\/montecarloliving.com\\\/fr\\\/nice-fr\\\/evenements-du-week-end-des-7-et-8-decembre-2024-nice-16591\\\/\",\"name\":\"\u00c9v\u00e9nements du week-end des 7 et 8 d\u00e9cembre 2024 \u00e0 Nice\",\"isPartOf\":{\"@id\":\"https:\\\/\\\/montecarloliving.com\\\/fr\\\/#website\"},\"primaryImageOfPage\":{\"@id\":\"https:\\\/\\\/montecarloliving.com\\\/fr\\\/nice-fr\\\/evenements-du-week-end-des-7-et-8-decembre-2024-nice-16591\\\/#primaryimage\"},\"image\":{\"@id\":\"https:\\\/\\\/montecarloliving.com\\\/fr\\\/nice-fr\\\/evenements-du-week-end-des-7-et-8-decembre-2024-nice-16591\\\/#primaryimage\"},\"thumbnailUrl\":\"https:\\\/\\\/montecarloliving.com\\\/wp-content\\\/uploads\\\/2024\\\/01\\\/COPERTINA-SITO-MONTECARLO-LIVING-11.jpg\",\"datePublished\":\"2024-12-06T07:45:37+00:00\",\"author\":{\"@id\":\"https:\\\/\\\/montecarloliving.com\\\/fr\\\/#\\\/schema\\\/person\\\/7e5945d4560862b7f2d2c6831bda2819\"},\"description\":\"\u00c9v\u00e9nements du Week-end \u00e0 Nice, D\u00e9couvrez-les Tous !! La grande parade de No\u00ebl Dimanche 8 d\u00e9cembre 2024 \u00e0 17h. Nice Shopping vous invite...\",\"breadcrumb\":{\"@id\":\"https:\\\/\\\/montecarloliving.com\\\/fr\\\/nice-fr\\\/evenements-du-week-end-des-7-et-8-decembre-2024-nice-16591\\\/#breadcrumb\"},\"inLanguage\":\"fr-FR\",\"potentialAction\":[{\"@type\":\"ReadAction\",\"target\":[\"https:\\\/\\\/montecarloliving.com\\\/fr\\\/nice-fr\\\/evenements-du-week-end-des-7-et-8-decembre-2024-nice-16591\\\/\"]}]},{\"@type\":\"ImageObject\",\"inLanguage\":\"fr-FR\",\"@id\":\"https:\\\/\\\/montecarloliving.com\\\/fr\\\/nice-fr\\\/evenements-du-week-end-des-7-et-8-decembre-2024-nice-16591\\\/#primaryimage\",\"url\":\"https:\\\/\\\/montecarloliving.com\\\/wp-content\\\/uploads\\\/2024\\\/01\\\/COPERTINA-SITO-MONTECARLO-LIVING-11.jpg\",\"contentUrl\":\"https:\\\/\\\/montecarloliving.com\\\/wp-content\\\/uploads\\\/2024\\\/01\\\/COPERTINA-SITO-MONTECARLO-LIVING-11.jpg\",\"width\":2000,\"height\":1200,\"caption\":\"\u00c9v\u00e9nements du Weekend Nice\"},{\"@type\":\"BreadcrumbList\",\"@id\":\"https:\\\/\\\/montecarloliving.com\\\/fr\\\/nice-fr\\\/evenements-du-week-end-des-7-et-8-decembre-2024-nice-16591\\\/#breadcrumb\",\"itemListElement\":[{\"@type\":\"ListItem\",\"position\":1,\"name\":\"Home\",\"item\":\"https:\\\/\\\/montecarloliving.com\\\/fr\\\/\"},{\"@type\":\"ListItem\",\"position\":2,\"name\":\"\u00c9v\u00e9nements du week-end des 7 et 8 d\u00e9cembre 2024 \u00e0 Nice\"}]},{\"@type\":\"WebSite\",\"@id\":\"https:\\\/\\\/montecarloliving.com\\\/fr\\\/#website\",\"url\":\"https:\\\/\\\/montecarloliving.com\\\/fr\\\/\",\"name\":\"Montecarlo Living\",\"description\":\"News da Montecarlo - Principato di Monaco e Costa Azzurra\",\"potentialAction\":[{\"@type\":\"SearchAction\",\"target\":{\"@type\":\"EntryPoint\",\"urlTemplate\":\"https:\\\/\\\/montecarloliving.com\\\/fr\\\/?s={search_term_string}\"},\"query-input\":{\"@type\":\"PropertyValueSpecification\",\"valueRequired\":true,\"valueName\":\"search_term_string\"}}],\"inLanguage\":\"fr-FR\"},{\"@type\":\"Person\",\"@id\":\"https:\\\/\\\/montecarloliving.com\\\/fr\\\/#\\\/schema\\\/person\\\/7e5945d4560862b7f2d2c6831bda2819\",\"name\":\"Redazione\",\"image\":{\"@type\":\"ImageObject\",\"inLanguage\":\"fr-FR\",\"@id\":\"https:\\\/\\\/secure.gravatar.com\\\/avatar\\\/8b5f26557e18fe74ad8e8a57ebb2925d88af8a90cee489ff2beefb391bc9b9c7?s=96&d=mm&r=g\",\"url\":\"https:\\\/\\\/secure.gravatar.com\\\/avatar\\\/8b5f26557e18fe74ad8e8a57ebb2925d88af8a90cee489ff2beefb391bc9b9c7?s=96&d=mm&r=g\",\"contentUrl\":\"https:\\\/\\\/secure.gravatar.com\\\/avatar\\\/8b5f26557e18fe74ad8e8a57ebb2925d88af8a90cee489ff2beefb391bc9b9c7?s=96&d=mm&r=g\",\"caption\":\"Redazione\"}}]}<\/script>\n<!-- \/ Yoast SEO plugin. -->","yoast_head_json":{"title":"\u00c9v\u00e9nements du week-end des 7 et 8 d\u00e9cembre 2024 \u00e0 Nice","description":"\u00c9v\u00e9nements du Week-end \u00e0 Nice, D\u00e9couvrez-les Tous !! La grande parade de No\u00ebl Dimanche 8 d\u00e9cembre 2024 \u00e0 17h. Nice Shopping vous invite...","robots":{"index":"index","follow":"follow","max-snippet":"max-snippet:-1","max-image-preview":"max-image-preview:large","max-video-preview":"max-video-preview:-1"},"canonical":"https:\/\/montecarloliving.com\/fr\/nice-fr\/evenements-du-week-end-des-7-et-8-decembre-2024-nice-16591\/","og_locale":"fr_FR","og_title":"\u00c9v\u00e9nements du week-end des 7 et 8 d\u00e9cembre 2024 \u00e0 Nice","og_description":"\u00c9v\u00e9nements du Week-end \u00e0 Nice, D\u00e9couvrez-les Tous !! La grande parade de No\u00ebl Dimanche 8 d\u00e9cembre 2024 \u00e0 17h. Nice Shopping vous invite...","og_url":"https:\/\/montecarloliving.com\/fr\/nice-fr\/evenements-du-week-end-des-7-et-8-decembre-2024-nice-16591\/","og_site_name":"Montecarlo Living","article_publisher":"https:\/\/www.facebook.com\/montecarlolivingcom\/","article_published_time":"2024-12-06T07:45:37+00:00","og_image":[{"width":650,"height":400,"url":"https:\/\/montecarloliving.com\/wp-content\/uploads\/2024\/01\/COPERTINA-SITO-MONTECARLO-LIVING-11-650x400.jpg","type":"image\/jpeg"}],"author":"Redazione","twitter_card":"summary_large_image","twitter_creator":"@MonteCarloLivi","twitter_site":"@MonteCarloLivi","twitter_misc":{"\u00c9crit par":"Redazione","Dur\u00e9e de lecture estim\u00e9e":"3 minutes"},"schema":{"@context":"https:\/\/schema.org","@graph":[{"@type":"Article","@id":"https:\/\/montecarloliving.com\/fr\/nice-fr\/evenements-du-week-end-des-7-et-8-decembre-2024-nice-16591\/#article","isPartOf":{"@id":"https:\/\/montecarloliving.com\/fr\/nice-fr\/evenements-du-week-end-des-7-et-8-decembre-2024-nice-16591\/"},"author":{"name":"Redazione","@id":"https:\/\/montecarloliving.com\/fr\/#\/schema\/person\/7e5945d4560862b7f2d2c6831bda2819"},"headline":"\u00c9v\u00e9nements du week-end des 7 et 8 d\u00e9cembre 2024 \u00e0 Nice","datePublished":"2024-12-06T07:45:37+00:00","mainEntityOfPage":{"@id":"https:\/\/montecarloliving.com\/fr\/nice-fr\/evenements-du-week-end-des-7-et-8-decembre-2024-nice-16591\/"},"wordCount":489,"image":{"@id":"https:\/\/montecarloliving.com\/fr\/nice-fr\/evenements-du-week-end-des-7-et-8-decembre-2024-nice-16591\/#primaryimage"},"thumbnailUrl":"https:\/\/montecarloliving.com\/wp-content\/uploads\/2024\/01\/COPERTINA-SITO-MONTECARLO-LIVING-11.jpg","articleSection":["\u00c9v\u00e9nements","Nice"],"inLanguage":"fr-FR"},{"@type":"WebPage","@id":"https:\/\/montecarloliving.com\/fr\/nice-fr\/evenements-du-week-end-des-7-et-8-decembre-2024-nice-16591\/","url":"https:\/\/montecarloliving.com\/fr\/nice-fr\/evenements-du-week-end-des-7-et-8-decembre-2024-nice-16591\/","name":"\u00c9v\u00e9nements du week-end des 7 et 8 d\u00e9cembre 2024 \u00e0 Nice","isPartOf":{"@id":"https:\/\/montecarloliving.com\/fr\/#website"},"primaryImageOfPage":{"@id":"https:\/\/montecarloliving.com\/fr\/nice-fr\/evenements-du-week-end-des-7-et-8-decembre-2024-nice-16591\/#primaryimage"},"image":{"@id":"https:\/\/montecarloliving.com\/fr\/nice-fr\/evenements-du-week-end-des-7-et-8-decembre-2024-nice-16591\/#primaryimage"},"thumbnailUrl":"https:\/\/montecarloliving.com\/wp-content\/uploads\/2024\/01\/COPERTINA-SITO-MONTECARLO-LIVING-11.jpg","datePublished":"2024-12-06T07:45:37+00:00","author":{"@id":"https:\/\/montecarloliving.com\/fr\/#\/schema\/person\/7e5945d4560862b7f2d2c6831bda2819"},"description":"\u00c9v\u00e9nements du Week-end \u00e0 Nice, D\u00e9couvrez-les Tous !! La grande parade de No\u00ebl Dimanche 8 d\u00e9cembre 2024 \u00e0 17h. Nice Shopping vous invite...","breadcrumb":{"@id":"https:\/\/montecarloliving.com\/fr\/nice-fr\/evenements-du-week-end-des-7-et-8-decembre-2024-nice-16591\/#breadcrumb"},"inLanguage":"fr-FR","potentialAction":[{"@type":"ReadAction","target":["https:\/\/montecarloliving.com\/fr\/nice-fr\/evenements-du-week-end-des-7-et-8-decembre-2024-nice-16591\/"]}]},{"@type":"ImageObject","inLanguage":"fr-FR","@id":"https:\/\/montecarloliving.com\/fr\/nice-fr\/evenements-du-week-end-des-7-et-8-decembre-2024-nice-16591\/#primaryimage","url":"https:\/\/montecarloliving.com\/wp-content\/uploads\/2024\/01\/COPERTINA-SITO-MONTECARLO-LIVING-11.jpg","contentUrl":"https:\/\/montecarloliving.com\/wp-content\/uploads\/2024\/01\/COPERTINA-SITO-MONTECARLO-LIVING-11.jpg","width":2000,"height":1200,"caption":"\u00c9v\u00e9nements du Weekend Nice"},{"@type":"BreadcrumbList","@id":"https:\/\/montecarloliving.com\/fr\/nice-fr\/evenements-du-week-end-des-7-et-8-decembre-2024-nice-16591\/#breadcrumb","itemListElement":[{"@type":"ListItem","position":1,"name":"Home","item":"https:\/\/montecarloliving.com\/fr\/"},{"@type":"ListItem","position":2,"name":"\u00c9v\u00e9nements du week-end des 7 et 8 d\u00e9cembre 2024 \u00e0 Nice"}]},{"@type":"WebSite","@id":"https:\/\/montecarloliving.com\/fr\/#website","url":"https:\/\/montecarloliving.com\/fr\/","name":"Montecarlo Living","description":"News da Montecarlo - Principato di Monaco e Costa Azzurra","potentialAction":[{"@type":"SearchAction","target":{"@type":"EntryPoint","urlTemplate":"https:\/\/montecarloliving.com\/fr\/?s={search_term_string}"},"query-input":{"@type":"PropertyValueSpecification","valueRequired":true,"valueName":"search_term_string"}}],"inLanguage":"fr-FR"},{"@type":"Person","@id":"https:\/\/montecarloliving.com\/fr\/#\/schema\/person\/7e5945d4560862b7f2d2c6831bda2819","name":"Redazione","image":{"@type":"ImageObject","inLanguage":"fr-FR","@id":"https:\/\/secure.gravatar.com\/avatar\/8b5f26557e18fe74ad8e8a57ebb2925d88af8a90cee489ff2beefb391bc9b9c7?s=96&d=mm&r=g","url":"https:\/\/secure.gravatar.com\/avatar\/8b5f26557e18fe74ad8e8a57ebb2925d88af8a90cee489ff2beefb391bc9b9c7?s=96&d=mm&r=g","contentUrl":"https:\/\/secure.gravatar.com\/avatar\/8b5f26557e18fe74ad8e8a57ebb2925d88af8a90cee489ff2beefb391bc9b9c7?s=96&d=mm&r=g","caption":"Redazione"}}]}},"_links":{"self":[{"href":"https:\/\/montecarloliving.com\/fr\/wp-json\/wp\/v2\/posts\/16591","targetHints":{"allow":["GET"]}}],"collection":[{"href":"https:\/\/montecarloliving.com\/fr\/wp-json\/wp\/v2\/posts"}],"about":[{"href":"https:\/\/montecarloliving.com\/fr\/wp-json\/wp\/v2\/types\/post"}],"author":[{"embeddable":true,"href":"https:\/\/montecarloliving.com\/fr\/wp-json\/wp\/v2\/users\/1"}],"replies":[{"embeddable":true,"href":"https:\/\/montecarloliving.com\/fr\/wp-json\/wp\/v2\/comments?post=16591"}],"version-history":[{"count":1,"href":"https:\/\/montecarloliving.com\/fr\/wp-json\/wp\/v2\/posts\/16591\/revisions"}],"predecessor-version":[{"id":16593,"href":"https:\/\/montecarloliving.com\/fr\/wp-json\/wp\/v2\/posts\/16591\/revisions\/16593"}],"wp:featuredmedia":[{"embeddable":true,"href":"https:\/\/montecarloliving.com\/fr\/wp-json\/wp\/v2\/media\/6501"}],"wp:attachment":[{"href":"https:\/\/montecarloliving.com\/fr\/wp-json\/wp\/v2\/media?parent=16591"}],"wp:term":[{"taxonomy":"category","embeddable":true,"href":"https:\/\/montecarloliving.com\/fr\/wp-json\/wp\/v2\/categories?post=16591"},{"taxonomy":"post_tag","embeddable":true,"href":"https:\/\/montecarloliving.com\/fr\/wp-json\/wp\/v2\/tags?post=16591"}],"curies":[{"name":"wp","href":"https:\/\/api.w.org\/{rel}","templated":true}]}}