{"id":16026,"date":"2024-11-18T10:44:37","date_gmt":"2024-11-18T09:44:37","guid":{"rendered":"https:\/\/montecarloliving.com\/?p=16026"},"modified":"2024-11-18T11:10:13","modified_gmt":"2024-11-18T10:10:13","slug":"21e-edition-du-monte-carlo-film-festival-de-comedie","status":"publish","type":"post","link":"https:\/\/montecarloliving.com\/fr\/evenements\/21e-edition-du-monte-carlo-film-festival-de-comedie-16026\/","title":{"rendered":"La 21e \u00c9dition du Monte Carlo Film Festival de la Com\u00e9die"},"content":{"rendered":"<p><em>Par Eleonora Poggio<\/em><\/p>\n<p>Un jury international compos\u00e9 de figures \u00e9minentes du cin\u00e9ma, de la t\u00e9l\u00e9vision et de la mode pr\u00e9sidera <strong>la 21e \u00e9dition du Monte-Carlo Film Festival de la Com\u00e9die, l&rsquo;\u00e9v\u00e9nement prestigieux con\u00e7u et dirig\u00e9 par Ezio Greggio<\/strong>. Le festival se tiendra <strong>du 27 au 30 novembre au Grimaldi Forum dans la Principaut\u00e9 de Monaco<\/strong>.<\/p>\n<p>Les personnalit\u00e9s s\u00e9lectionn\u00e9es pour faire partie du jury de cette 21e \u00e9dition, l\u2019un des festivals les plus importants exclusivement consacr\u00e9s \u00e0 la com\u00e9die, incluent : la pr\u00e9sidente<strong> Anne Brochet<\/strong>, c\u00e9l\u00e8bre pour ses r\u00f4les dans <em>Cyrano de Bergerac<\/em>, <em>Le H\u00e9risson<\/em> et <em>On ment toujours \u00e0 ceux qu\u2019on aime<\/em>, laur\u00e9ate du C\u00e9sar de la Meilleure Actrice dans un second r\u00f4le pour <em>Tous les matins du monde<\/em> ; <strong>Federica Sabatini,<\/strong> r\u00e9v\u00e9lation des s\u00e9ries t\u00e9l\u00e9vis\u00e9es <em>Suburra : La S\u00e9rie<\/em>, <em>Suburr\u00e6terna<\/em>, <em>Red Mirror<\/em> et le tr\u00e8s attendu <em>Prophecy<\/em> ; <strong>Ricky Memphis<\/strong>, acteur connu pour des films comiques tels que <em>Immaturi<\/em>, <em>Vacances de No\u00ebl \u00e0 Cortina<\/em> et <em>Le Coup du pingouin<\/em>, mais \u00e9galement pour des \u0153uvres plus s\u00e9rieuses comme la s\u00e9rie <em>Tout le monde veut sauver sa peau<\/em> et le film <em>Ultr\u00e0<\/em> ; et enfin, <strong>Alain-Fabien Delon<\/strong>, acteur, mannequin et \u00e9crivain fran\u00e7ais, connu pour ses \u0153uvres comme <em>Savage Days<\/em>, <em>Fabio Montale<\/em> et <em>Les Rencontres d\u2019apr\u00e8s minuit<\/em>.<\/p>\n<p><img loading=\"lazy\" decoding=\"async\" class=\"alignleft wp-image-16013\" src=\"https:\/\/montecarloliving.com\/wp-content\/uploads\/2024\/11\/Anne-Breton-@Patrick-Swirc.jpeg\" alt=\"\" width=\"146\" height=\"178\" \/> <img loading=\"lazy\" decoding=\"async\" class=\"alignleft wp-image-16004\" src=\"https:\/\/montecarloliving.com\/wp-content\/uploads\/2024\/11\/image00021-scaled.jpeg\" alt=\"\" width=\"121\" height=\"178\" srcset=\"https:\/\/montecarloliving.com\/wp-content\/uploads\/2024\/11\/image00021-scaled.jpeg 1737w, https:\/\/montecarloliving.com\/wp-content\/uploads\/2024\/11\/image00021-204x300.jpeg 204w, https:\/\/montecarloliving.com\/wp-content\/uploads\/2024\/11\/image00021-695x1024.jpeg 695w, https:\/\/montecarloliving.com\/wp-content\/uploads\/2024\/11\/image00021-768x1132.jpeg 768w, https:\/\/montecarloliving.com\/wp-content\/uploads\/2024\/11\/image00021-1042x1536.jpeg 1042w, https:\/\/montecarloliving.com\/wp-content\/uploads\/2024\/11\/image00021-1389x2048.jpeg 1389w\" sizes=\"auto, (max-width: 121px) 100vw, 121px\" \/><img loading=\"lazy\" decoding=\"async\" class=\"alignleft wp-image-16010\" src=\"https:\/\/montecarloliving.com\/wp-content\/uploads\/2024\/11\/Alain-Fabien-Delon.jpg\" alt=\"\" width=\"236\" height=\"177\" srcset=\"https:\/\/montecarloliving.com\/wp-content\/uploads\/2024\/11\/Alain-Fabien-Delon.jpg 458w, https:\/\/montecarloliving.com\/wp-content\/uploads\/2024\/11\/Alain-Fabien-Delon-300x225.jpg 300w\" sizes=\"auto, (max-width: 236px) 100vw, 236px\" \/> <img loading=\"lazy\" decoding=\"async\" class=\"wp-image-16007 alignright\" src=\"https:\/\/montecarloliving.com\/wp-content\/uploads\/2024\/11\/Ricky-Memphis.jpg\" alt=\"\" width=\"222\" height=\"165\" srcset=\"https:\/\/montecarloliving.com\/wp-content\/uploads\/2024\/11\/Ricky-Memphis.jpg 456w, https:\/\/montecarloliving.com\/wp-content\/uploads\/2024\/11\/Ricky-Memphis-300x223.jpg 300w\" sizes=\"auto, (max-width: 222px) 100vw, 222px\" \/><\/p>\n<p>&nbsp;<\/p>\n<p>&nbsp;<\/p>\n<p>&nbsp;<\/p>\n<p>&nbsp;<\/p>\n<p>&nbsp;<\/p>\n<p>Con\u00e7u et dirig\u00e9 par Ezio Greggio, le Monte-Carlo Film Festival, qui en est \u00e0 sa 21e \u00e9dition, est l\u2019un des festivals les plus prestigieux au monde d\u00e9di\u00e9s \u00e0 la com\u00e9die. Il se tiendra \u00e0 nouveau au c\u00e9l\u00e8bre Grimaldi Forum de Monte-Carlo, o\u00f9 se succ\u00e9deront projections et masterclasses avec certains des acteurs les plus aim\u00e9s du cin\u00e9ma international, italien et fran\u00e7ais.<strong> L\u2019\u00e9v\u00e9nement culminera avec la traditionnelle soir\u00e9e de gala et la remise des prix pr\u00e9vue le samedi 30 novembre.<\/strong><\/p>\n<p>L\u2019objectif principal du Monte-Carlo Film Festival est de promouvoir et de diffuser les diff\u00e9rents genres de la com\u00e9die \u00e0 travers des avant-premi\u00e8res, en comp\u00e9tition ou hors comp\u00e9tition. Ce festival constitue une vitrine internationale importante pour un genre tr\u00e8s appr\u00e9ci\u00e9 du public, mais souvent consid\u00e9r\u00e9 comme \u201cmineur\u201d par la critique. Gr\u00e2ce aux efforts d\u2019<strong>Ezio Greggio<\/strong> et du regrett\u00e9 <strong>Mario Monicelli<\/strong>, cofondateur du festival, la com\u00e9die a gagn\u00e9 en reconnaissance dans d\u2019autres festivals prestigieux tels que Cannes, Rome, Turin et Venise.<\/p>\n<p><img loading=\"lazy\" decoding=\"async\" class=\"size-full wp-image-16016 aligncenter\" src=\"https:\/\/montecarloliving.com\/wp-content\/uploads\/2024\/11\/IMG_4202photo-WebStudio06.jpg\" alt=\"\" width=\"2500\" height=\"1667\" srcset=\"https:\/\/montecarloliving.com\/wp-content\/uploads\/2024\/11\/IMG_4202photo-WebStudio06.jpg 2500w, https:\/\/montecarloliving.com\/wp-content\/uploads\/2024\/11\/IMG_4202photo-WebStudio06-300x200.jpg 300w, https:\/\/montecarloliving.com\/wp-content\/uploads\/2024\/11\/IMG_4202photo-WebStudio06-1024x683.jpg 1024w, https:\/\/montecarloliving.com\/wp-content\/uploads\/2024\/11\/IMG_4202photo-WebStudio06-768x512.jpg 768w, https:\/\/montecarloliving.com\/wp-content\/uploads\/2024\/11\/IMG_4202photo-WebStudio06-1536x1024.jpg 1536w, https:\/\/montecarloliving.com\/wp-content\/uploads\/2024\/11\/IMG_4202photo-WebStudio06-2048x1366.jpg 2048w\" sizes=\"auto, (max-width: 2500px) 100vw, 2500px\" \/><\/p>\n<p>Apr\u00e8s le succ\u00e8s de l\u2019\u00e9dition pr\u00e9c\u00e9dente, une nouvelle section d\u00e9di\u00e9e aux courts m\u00e9trages, le <strong>Short Comedy Award<\/strong>, sera introduite cette ann\u00e9e. Ce prix s\u2019adresse aux r\u00e9alisateurs, acteurs et producteurs de courts-m\u00e9trages comiques.<\/p>\n<p>Les inscriptions et informations suppl\u00e9mentaires sont disponibles sur <em>FilmFreeway<\/em>, l\u2019une des principales plateformes de festivals internationaux.<\/p>\n<p><em>L\u2019\u00e9v\u00e9nement se d\u00e9roule en collaboration avec EFG Bank (Monaco), sous le Haut Patronage de S.A.S. le Prince Albert II de Monaco et de l\u2019Ambassade d\u2019Italie. Radio Monte Carlo sera, encore une fois, la radio officielle du festival.<\/em><\/p>\n","protected":false},"excerpt":{"rendered":"<p>Par Eleonora Poggio Un jury international compos\u00e9 de figures \u00e9minentes du cin\u00e9ma, de la t\u00e9l\u00e9vision et de la mode pr\u00e9sidera la 21e \u00e9dition du Monte-Carlo Film Festival de la Com\u00e9die, l&rsquo;\u00e9v\u00e9nement prestigieux con\u00e7u et dirig\u00e9 par Ezio Greggio. Le festival se tiendra du 27 [&hellip;]<\/p>\n","protected":false},"author":1,"featured_media":16019,"comment_status":"closed","ping_status":"closed","sticky":false,"template":"","format":"standard","meta":{"footnotes":""},"categories":[828,823,867,809],"tags":[],"class_list":["post-16026","post","type-post","status-publish","format-standard","has-post-thumbnail","hentry","category-evenements","category-italie-et-monaco","category-monaco-fr","category-non-classifiee"],"yoast_head":"<!-- This site is optimized with the Yoast SEO plugin v27.5 - https:\/\/yoast.com\/product\/yoast-seo-wordpress\/ -->\n<title>La 21e \u00c9dition du Monte Carlo Film Festival de la Com\u00e9die<\/title>\n<meta name=\"description\" content=\"Par Eleonora Poggio Un jury international compos\u00e9 de figures \u00e9minentes du cin\u00e9ma, de la t\u00e9l\u00e9vision et de la mode pr\u00e9sidera la 21e \u00e9dition du Monte-Carlo\" \/>\n<meta name=\"robots\" content=\"index, follow, max-snippet:-1, max-image-preview:large, max-video-preview:-1\" \/>\n<link rel=\"canonical\" href=\"https:\/\/montecarloliving.com\/fr\/evenements\/21e-edition-du-monte-carlo-film-festival-de-comedie-16026\/\" \/>\n<meta property=\"og:locale\" content=\"fr_FR\" \/>\n<meta property=\"og:title\" content=\"La 21e \u00c9dition du Monte Carlo Film Festival de la Com\u00e9die\" \/>\n<meta property=\"og:description\" content=\"Par Eleonora Poggio Un jury international compos\u00e9 de figures \u00e9minentes du cin\u00e9ma, de la t\u00e9l\u00e9vision et de la mode pr\u00e9sidera la 21e \u00e9dition du Monte-Carlo\" \/>\n<meta property=\"og:url\" content=\"https:\/\/montecarloliving.com\/fr\/evenements\/21e-edition-du-monte-carlo-film-festival-de-comedie-16026\/\" \/>\n<meta property=\"og:site_name\" content=\"Montecarlo Living\" \/>\n<meta property=\"article:publisher\" content=\"https:\/\/www.facebook.com\/montecarlolivingcom\/\" \/>\n<meta property=\"article:published_time\" content=\"2024-11-18T09:44:37+00:00\" \/>\n<meta property=\"article:modified_time\" content=\"2024-11-18T10:10:13+00:00\" \/>\n<meta property=\"og:image\" content=\"https:\/\/montecarloliving.com\/wp-content\/uploads\/2024\/11\/Ezio-Greggio-foto-di-Riccardo-Ghilardi-650x400.jpg\" \/>\n\t<meta property=\"og:image:width\" content=\"650\" \/>\n\t<meta property=\"og:image:height\" content=\"400\" \/>\n\t<meta property=\"og:image:type\" content=\"image\/jpeg\" \/>\n<meta name=\"author\" content=\"Redazione\" \/>\n<meta name=\"twitter:card\" content=\"summary_large_image\" \/>\n<meta name=\"twitter:creator\" content=\"@MonteCarloLivi\" \/>\n<meta name=\"twitter:site\" content=\"@MonteCarloLivi\" \/>\n<meta name=\"twitter:label1\" content=\"\u00c9crit par\" \/>\n\t<meta name=\"twitter:data1\" content=\"Redazione\" \/>\n\t<meta name=\"twitter:label2\" content=\"Dur\u00e9e de lecture estim\u00e9e\" \/>\n\t<meta name=\"twitter:data2\" content=\"4 minutes\" \/>\n<script type=\"application\/ld+json\" class=\"yoast-schema-graph\">{\"@context\":\"https:\\\/\\\/schema.org\",\"@graph\":[{\"@type\":\"Article\",\"@id\":\"https:\\\/\\\/montecarloliving.com\\\/fr\\\/evenements\\\/21e-edition-du-monte-carlo-film-festival-de-comedie-16026\\\/#article\",\"isPartOf\":{\"@id\":\"https:\\\/\\\/montecarloliving.com\\\/fr\\\/evenements\\\/21e-edition-du-monte-carlo-film-festival-de-comedie-16026\\\/\"},\"author\":{\"name\":\"Redazione\",\"@id\":\"https:\\\/\\\/montecarloliving.com\\\/fr\\\/#\\\/schema\\\/person\\\/7e5945d4560862b7f2d2c6831bda2819\"},\"headline\":\"La 21e \u00c9dition du Monte Carlo Film Festival de la Com\u00e9die\",\"datePublished\":\"2024-11-18T09:44:37+00:00\",\"dateModified\":\"2024-11-18T10:10:13+00:00\",\"mainEntityOfPage\":{\"@id\":\"https:\\\/\\\/montecarloliving.com\\\/fr\\\/evenements\\\/21e-edition-du-monte-carlo-film-festival-de-comedie-16026\\\/\"},\"wordCount\":536,\"image\":{\"@id\":\"https:\\\/\\\/montecarloliving.com\\\/fr\\\/evenements\\\/21e-edition-du-monte-carlo-film-festival-de-comedie-16026\\\/#primaryimage\"},\"thumbnailUrl\":\"https:\\\/\\\/montecarloliving.com\\\/wp-content\\\/uploads\\\/2024\\\/11\\\/Ezio-Greggio-foto-di-Riccardo-Ghilardi.jpg\",\"articleSection\":[\"\u00c9v\u00e9nements\",\"Italie et Monaco\",\"Monaco\"],\"inLanguage\":\"fr-FR\"},{\"@type\":\"WebPage\",\"@id\":\"https:\\\/\\\/montecarloliving.com\\\/fr\\\/evenements\\\/21e-edition-du-monte-carlo-film-festival-de-comedie-16026\\\/\",\"url\":\"https:\\\/\\\/montecarloliving.com\\\/fr\\\/evenements\\\/21e-edition-du-monte-carlo-film-festival-de-comedie-16026\\\/\",\"name\":\"La 21e \u00c9dition du Monte Carlo Film Festival de la Com\u00e9die\",\"isPartOf\":{\"@id\":\"https:\\\/\\\/montecarloliving.com\\\/fr\\\/#website\"},\"primaryImageOfPage\":{\"@id\":\"https:\\\/\\\/montecarloliving.com\\\/fr\\\/evenements\\\/21e-edition-du-monte-carlo-film-festival-de-comedie-16026\\\/#primaryimage\"},\"image\":{\"@id\":\"https:\\\/\\\/montecarloliving.com\\\/fr\\\/evenements\\\/21e-edition-du-monte-carlo-film-festival-de-comedie-16026\\\/#primaryimage\"},\"thumbnailUrl\":\"https:\\\/\\\/montecarloliving.com\\\/wp-content\\\/uploads\\\/2024\\\/11\\\/Ezio-Greggio-foto-di-Riccardo-Ghilardi.jpg\",\"datePublished\":\"2024-11-18T09:44:37+00:00\",\"dateModified\":\"2024-11-18T10:10:13+00:00\",\"author\":{\"@id\":\"https:\\\/\\\/montecarloliving.com\\\/fr\\\/#\\\/schema\\\/person\\\/7e5945d4560862b7f2d2c6831bda2819\"},\"description\":\"Par Eleonora Poggio Un jury international compos\u00e9 de figures \u00e9minentes du cin\u00e9ma, de la t\u00e9l\u00e9vision et de la mode pr\u00e9sidera la 21e \u00e9dition du Monte-Carlo\",\"breadcrumb\":{\"@id\":\"https:\\\/\\\/montecarloliving.com\\\/fr\\\/evenements\\\/21e-edition-du-monte-carlo-film-festival-de-comedie-16026\\\/#breadcrumb\"},\"inLanguage\":\"fr-FR\",\"potentialAction\":[{\"@type\":\"ReadAction\",\"target\":[\"https:\\\/\\\/montecarloliving.com\\\/fr\\\/evenements\\\/21e-edition-du-monte-carlo-film-festival-de-comedie-16026\\\/\"]}]},{\"@type\":\"ImageObject\",\"inLanguage\":\"fr-FR\",\"@id\":\"https:\\\/\\\/montecarloliving.com\\\/fr\\\/evenements\\\/21e-edition-du-monte-carlo-film-festival-de-comedie-16026\\\/#primaryimage\",\"url\":\"https:\\\/\\\/montecarloliving.com\\\/wp-content\\\/uploads\\\/2024\\\/11\\\/Ezio-Greggio-foto-di-Riccardo-Ghilardi.jpg\",\"contentUrl\":\"https:\\\/\\\/montecarloliving.com\\\/wp-content\\\/uploads\\\/2024\\\/11\\\/Ezio-Greggio-foto-di-Riccardo-Ghilardi.jpg\",\"width\":2048,\"height\":1365},{\"@type\":\"BreadcrumbList\",\"@id\":\"https:\\\/\\\/montecarloliving.com\\\/fr\\\/evenements\\\/21e-edition-du-monte-carlo-film-festival-de-comedie-16026\\\/#breadcrumb\",\"itemListElement\":[{\"@type\":\"ListItem\",\"position\":1,\"name\":\"Home\",\"item\":\"https:\\\/\\\/montecarloliving.com\\\/fr\\\/\"},{\"@type\":\"ListItem\",\"position\":2,\"name\":\"La 21e \u00c9dition du Monte Carlo Film Festival de la Com\u00e9die\"}]},{\"@type\":\"WebSite\",\"@id\":\"https:\\\/\\\/montecarloliving.com\\\/fr\\\/#website\",\"url\":\"https:\\\/\\\/montecarloliving.com\\\/fr\\\/\",\"name\":\"Montecarlo Living\",\"description\":\"News da Montecarlo - Principato di Monaco e Costa Azzurra\",\"potentialAction\":[{\"@type\":\"SearchAction\",\"target\":{\"@type\":\"EntryPoint\",\"urlTemplate\":\"https:\\\/\\\/montecarloliving.com\\\/fr\\\/?s={search_term_string}\"},\"query-input\":{\"@type\":\"PropertyValueSpecification\",\"valueRequired\":true,\"valueName\":\"search_term_string\"}}],\"inLanguage\":\"fr-FR\"},{\"@type\":\"Person\",\"@id\":\"https:\\\/\\\/montecarloliving.com\\\/fr\\\/#\\\/schema\\\/person\\\/7e5945d4560862b7f2d2c6831bda2819\",\"name\":\"Redazione\",\"image\":{\"@type\":\"ImageObject\",\"inLanguage\":\"fr-FR\",\"@id\":\"https:\\\/\\\/secure.gravatar.com\\\/avatar\\\/8b5f26557e18fe74ad8e8a57ebb2925d88af8a90cee489ff2beefb391bc9b9c7?s=96&d=mm&r=g\",\"url\":\"https:\\\/\\\/secure.gravatar.com\\\/avatar\\\/8b5f26557e18fe74ad8e8a57ebb2925d88af8a90cee489ff2beefb391bc9b9c7?s=96&d=mm&r=g\",\"contentUrl\":\"https:\\\/\\\/secure.gravatar.com\\\/avatar\\\/8b5f26557e18fe74ad8e8a57ebb2925d88af8a90cee489ff2beefb391bc9b9c7?s=96&d=mm&r=g\",\"caption\":\"Redazione\"}}]}<\/script>\n<!-- \/ Yoast SEO plugin. -->","yoast_head_json":{"title":"La 21e \u00c9dition du Monte Carlo Film Festival de la Com\u00e9die","description":"Par Eleonora Poggio Un jury international compos\u00e9 de figures \u00e9minentes du cin\u00e9ma, de la t\u00e9l\u00e9vision et de la mode pr\u00e9sidera la 21e \u00e9dition du Monte-Carlo","robots":{"index":"index","follow":"follow","max-snippet":"max-snippet:-1","max-image-preview":"max-image-preview:large","max-video-preview":"max-video-preview:-1"},"canonical":"https:\/\/montecarloliving.com\/fr\/evenements\/21e-edition-du-monte-carlo-film-festival-de-comedie-16026\/","og_locale":"fr_FR","og_title":"La 21e \u00c9dition du Monte Carlo Film Festival de la Com\u00e9die","og_description":"Par Eleonora Poggio Un jury international compos\u00e9 de figures \u00e9minentes du cin\u00e9ma, de la t\u00e9l\u00e9vision et de la mode pr\u00e9sidera la 21e \u00e9dition du Monte-Carlo","og_url":"https:\/\/montecarloliving.com\/fr\/evenements\/21e-edition-du-monte-carlo-film-festival-de-comedie-16026\/","og_site_name":"Montecarlo Living","article_publisher":"https:\/\/www.facebook.com\/montecarlolivingcom\/","article_published_time":"2024-11-18T09:44:37+00:00","article_modified_time":"2024-11-18T10:10:13+00:00","og_image":[{"width":650,"height":400,"url":"https:\/\/montecarloliving.com\/wp-content\/uploads\/2024\/11\/Ezio-Greggio-foto-di-Riccardo-Ghilardi-650x400.jpg","type":"image\/jpeg"}],"author":"Redazione","twitter_card":"summary_large_image","twitter_creator":"@MonteCarloLivi","twitter_site":"@MonteCarloLivi","twitter_misc":{"\u00c9crit par":"Redazione","Dur\u00e9e de lecture estim\u00e9e":"4 minutes"},"schema":{"@context":"https:\/\/schema.org","@graph":[{"@type":"Article","@id":"https:\/\/montecarloliving.com\/fr\/evenements\/21e-edition-du-monte-carlo-film-festival-de-comedie-16026\/#article","isPartOf":{"@id":"https:\/\/montecarloliving.com\/fr\/evenements\/21e-edition-du-monte-carlo-film-festival-de-comedie-16026\/"},"author":{"name":"Redazione","@id":"https:\/\/montecarloliving.com\/fr\/#\/schema\/person\/7e5945d4560862b7f2d2c6831bda2819"},"headline":"La 21e \u00c9dition du Monte Carlo Film Festival de la Com\u00e9die","datePublished":"2024-11-18T09:44:37+00:00","dateModified":"2024-11-18T10:10:13+00:00","mainEntityOfPage":{"@id":"https:\/\/montecarloliving.com\/fr\/evenements\/21e-edition-du-monte-carlo-film-festival-de-comedie-16026\/"},"wordCount":536,"image":{"@id":"https:\/\/montecarloliving.com\/fr\/evenements\/21e-edition-du-monte-carlo-film-festival-de-comedie-16026\/#primaryimage"},"thumbnailUrl":"https:\/\/montecarloliving.com\/wp-content\/uploads\/2024\/11\/Ezio-Greggio-foto-di-Riccardo-Ghilardi.jpg","articleSection":["\u00c9v\u00e9nements","Italie et Monaco","Monaco"],"inLanguage":"fr-FR"},{"@type":"WebPage","@id":"https:\/\/montecarloliving.com\/fr\/evenements\/21e-edition-du-monte-carlo-film-festival-de-comedie-16026\/","url":"https:\/\/montecarloliving.com\/fr\/evenements\/21e-edition-du-monte-carlo-film-festival-de-comedie-16026\/","name":"La 21e \u00c9dition du Monte Carlo Film Festival de la Com\u00e9die","isPartOf":{"@id":"https:\/\/montecarloliving.com\/fr\/#website"},"primaryImageOfPage":{"@id":"https:\/\/montecarloliving.com\/fr\/evenements\/21e-edition-du-monte-carlo-film-festival-de-comedie-16026\/#primaryimage"},"image":{"@id":"https:\/\/montecarloliving.com\/fr\/evenements\/21e-edition-du-monte-carlo-film-festival-de-comedie-16026\/#primaryimage"},"thumbnailUrl":"https:\/\/montecarloliving.com\/wp-content\/uploads\/2024\/11\/Ezio-Greggio-foto-di-Riccardo-Ghilardi.jpg","datePublished":"2024-11-18T09:44:37+00:00","dateModified":"2024-11-18T10:10:13+00:00","author":{"@id":"https:\/\/montecarloliving.com\/fr\/#\/schema\/person\/7e5945d4560862b7f2d2c6831bda2819"},"description":"Par Eleonora Poggio Un jury international compos\u00e9 de figures \u00e9minentes du cin\u00e9ma, de la t\u00e9l\u00e9vision et de la mode pr\u00e9sidera la 21e \u00e9dition du Monte-Carlo","breadcrumb":{"@id":"https:\/\/montecarloliving.com\/fr\/evenements\/21e-edition-du-monte-carlo-film-festival-de-comedie-16026\/#breadcrumb"},"inLanguage":"fr-FR","potentialAction":[{"@type":"ReadAction","target":["https:\/\/montecarloliving.com\/fr\/evenements\/21e-edition-du-monte-carlo-film-festival-de-comedie-16026\/"]}]},{"@type":"ImageObject","inLanguage":"fr-FR","@id":"https:\/\/montecarloliving.com\/fr\/evenements\/21e-edition-du-monte-carlo-film-festival-de-comedie-16026\/#primaryimage","url":"https:\/\/montecarloliving.com\/wp-content\/uploads\/2024\/11\/Ezio-Greggio-foto-di-Riccardo-Ghilardi.jpg","contentUrl":"https:\/\/montecarloliving.com\/wp-content\/uploads\/2024\/11\/Ezio-Greggio-foto-di-Riccardo-Ghilardi.jpg","width":2048,"height":1365},{"@type":"BreadcrumbList","@id":"https:\/\/montecarloliving.com\/fr\/evenements\/21e-edition-du-monte-carlo-film-festival-de-comedie-16026\/#breadcrumb","itemListElement":[{"@type":"ListItem","position":1,"name":"Home","item":"https:\/\/montecarloliving.com\/fr\/"},{"@type":"ListItem","position":2,"name":"La 21e \u00c9dition du Monte Carlo Film Festival de la Com\u00e9die"}]},{"@type":"WebSite","@id":"https:\/\/montecarloliving.com\/fr\/#website","url":"https:\/\/montecarloliving.com\/fr\/","name":"Montecarlo Living","description":"News da Montecarlo - Principato di Monaco e Costa Azzurra","potentialAction":[{"@type":"SearchAction","target":{"@type":"EntryPoint","urlTemplate":"https:\/\/montecarloliving.com\/fr\/?s={search_term_string}"},"query-input":{"@type":"PropertyValueSpecification","valueRequired":true,"valueName":"search_term_string"}}],"inLanguage":"fr-FR"},{"@type":"Person","@id":"https:\/\/montecarloliving.com\/fr\/#\/schema\/person\/7e5945d4560862b7f2d2c6831bda2819","name":"Redazione","image":{"@type":"ImageObject","inLanguage":"fr-FR","@id":"https:\/\/secure.gravatar.com\/avatar\/8b5f26557e18fe74ad8e8a57ebb2925d88af8a90cee489ff2beefb391bc9b9c7?s=96&d=mm&r=g","url":"https:\/\/secure.gravatar.com\/avatar\/8b5f26557e18fe74ad8e8a57ebb2925d88af8a90cee489ff2beefb391bc9b9c7?s=96&d=mm&r=g","contentUrl":"https:\/\/secure.gravatar.com\/avatar\/8b5f26557e18fe74ad8e8a57ebb2925d88af8a90cee489ff2beefb391bc9b9c7?s=96&d=mm&r=g","caption":"Redazione"}}]}},"_links":{"self":[{"href":"https:\/\/montecarloliving.com\/fr\/wp-json\/wp\/v2\/posts\/16026","targetHints":{"allow":["GET"]}}],"collection":[{"href":"https:\/\/montecarloliving.com\/fr\/wp-json\/wp\/v2\/posts"}],"about":[{"href":"https:\/\/montecarloliving.com\/fr\/wp-json\/wp\/v2\/types\/post"}],"author":[{"embeddable":true,"href":"https:\/\/montecarloliving.com\/fr\/wp-json\/wp\/v2\/users\/1"}],"replies":[{"embeddable":true,"href":"https:\/\/montecarloliving.com\/fr\/wp-json\/wp\/v2\/comments?post=16026"}],"version-history":[{"count":4,"href":"https:\/\/montecarloliving.com\/fr\/wp-json\/wp\/v2\/posts\/16026\/revisions"}],"predecessor-version":[{"id":16038,"href":"https:\/\/montecarloliving.com\/fr\/wp-json\/wp\/v2\/posts\/16026\/revisions\/16038"}],"wp:featuredmedia":[{"embeddable":true,"href":"https:\/\/montecarloliving.com\/fr\/wp-json\/wp\/v2\/media\/16019"}],"wp:attachment":[{"href":"https:\/\/montecarloliving.com\/fr\/wp-json\/wp\/v2\/media?parent=16026"}],"wp:term":[{"taxonomy":"category","embeddable":true,"href":"https:\/\/montecarloliving.com\/fr\/wp-json\/wp\/v2\/categories?post=16026"},{"taxonomy":"post_tag","embeddable":true,"href":"https:\/\/montecarloliving.com\/fr\/wp-json\/wp\/v2\/tags?post=16026"}],"curies":[{"name":"wp","href":"https:\/\/api.w.org\/{rel}","templated":true}]}}