{"id":15343,"date":"2024-10-28T10:20:33","date_gmt":"2024-10-28T09:20:33","guid":{"rendered":"https:\/\/montecarloliving.com\/?p=15343"},"modified":"2024-10-28T10:20:33","modified_gmt":"2024-10-28T09:20:33","slug":"corps-des-carabiniers-du-prince-recoit-des-cadets-de-gendarmerie-nationale-francaise","status":"publish","type":"post","link":"https:\/\/montecarloliving.com\/fr\/actualite\/corps-des-carabiniers-du-prince-recoit-des-cadets-de-gendarmerie-nationale-francaise-15343\/","title":{"rendered":"Le Corps des Carabiniers du Prince re\u00e7oit des Cadets de la Gendarmerie nationale fran\u00e7aise"},"content":{"rendered":"<p>Trente Cadets de la Gendarmerie des Alpes-Maritimes ont \u00e9t\u00e9 accueillis par les Carabiniers du Prince pour une journ\u00e9e de d\u00e9couverte ce samedi. Une pr\u00e9sentation d\u00e9taill\u00e9e du Corps des Carabiniers leur a \u00e9t\u00e9 faite : moyens humains, techniques et infrastructures de protection. Puis, ils ont eu l&rsquo;opportunit\u00e9 de visiter le Mus\u00e9e des Princes et de Leurs Gardes, o\u00f9 ils ont pu d\u00e9couvrir l\u2019histoire et le r\u00f4le des Carabiniers. A l\u2019issue de cette matin\u00e9e, ils ont partag\u00e9 un d\u00e9jeuner au mess de la Caserne des Moneghetti.<br \/>\nL\u2019apr\u00e8s-midi a \u00e9t\u00e9 consacr\u00e9e \u00e0 la sensibilisation des jeunes aux enjeux environnementaux et de s\u00e9curit\u00e9 \u00e9conomique, en mettant l\u2019accent sur la protection des espaces marins. \u00c0 travers des pr\u00e9sentations de l\u2019OCLAESP (Office Central de Lutte contre les Atteintes \u00e0 l\u2019Environnement et \u00e0 la Sant\u00e9 Publique), de la Gendarmerie maritime et du p\u00f4le \u00ab s\u00e9curit\u00e9 \u00e9conomique \u00bb, ils ont pu d\u00e9couvrir concr\u00e8tement les missions de la Gendarmerie dans ces domaines. Cette initiative s\u2019inscrit dans la perspective de la Conf\u00e9rence des Nations Unies sur les oc\u00e9ans (UNOC 2025) qui se tiendra \u00e0 Nice en juin 2025, avec pour th\u00e8me la conservation et l\u2019utilisation durable des oc\u00e9ans, des mers et des ressources marines.<br \/>\nPour approfondir ces enjeux maritimes, ils ont d\u00e9couvert l\u2019Institut oc\u00e9anographique, o\u00f9 ils ont pu explorer les d\u00e9fis li\u00e9s \u00e0 la pr\u00e9servation des espaces marins.<\/p>\n","protected":false},"excerpt":{"rendered":"<p>Trente Cadets de la Gendarmerie des Alpes-Maritimes ont \u00e9t\u00e9 accueillis par les Carabiniers du Prince pour une journ\u00e9e de d\u00e9couverte ce samedi. Une pr\u00e9sentation d\u00e9taill\u00e9e du Corps des Carabiniers leur a \u00e9t\u00e9 faite : moyens humains, techniques et infrastructures de protection. Puis, ils ont [&hellip;]<\/p>\n","protected":false},"author":1,"featured_media":15344,"comment_status":"closed","ping_status":"closed","sticky":false,"template":"","format":"standard","meta":{"footnotes":""},"categories":[827,875,867],"tags":[],"class_list":["post-15343","post","type-post","status-publish","format-standard","has-post-thumbnail","hentry","category-actualite","category-actualite-monaco","category-monaco-fr"],"yoast_head":"<!-- This site is optimized with the Yoast SEO plugin v27.4 - https:\/\/yoast.com\/product\/yoast-seo-wordpress\/ -->\n<title>Le Corps des Carabiniers du Prince re\u00e7oit des Cadets de la Gendarmerie nationale fran\u00e7aise<\/title>\n<meta name=\"description\" content=\"Trente Cadets de la Gendarmerie des Alpes-Maritimes ont \u00e9t\u00e9 accueillis par les Carabiniers du Prince pour une journ\u00e9e de d\u00e9couverte ce samedi. Une\" \/>\n<meta name=\"robots\" content=\"index, follow, max-snippet:-1, max-image-preview:large, max-video-preview:-1\" \/>\n<link rel=\"canonical\" href=\"https:\/\/montecarloliving.com\/fr\/actualite\/corps-des-carabiniers-du-prince-recoit-des-cadets-de-gendarmerie-nationale-francaise-15343\/\" \/>\n<meta property=\"og:locale\" content=\"fr_FR\" \/>\n<meta property=\"og:title\" content=\"Le Corps des Carabiniers du Prince re\u00e7oit des Cadets de la Gendarmerie nationale fran\u00e7aise\" \/>\n<meta property=\"og:description\" content=\"Trente Cadets de la Gendarmerie des Alpes-Maritimes ont \u00e9t\u00e9 accueillis par les Carabiniers du Prince pour une journ\u00e9e de d\u00e9couverte ce samedi. Une\" \/>\n<meta property=\"og:url\" content=\"https:\/\/montecarloliving.com\/fr\/actualite\/corps-des-carabiniers-du-prince-recoit-des-cadets-de-gendarmerie-nationale-francaise-15343\/\" \/>\n<meta property=\"og:site_name\" content=\"Montecarlo Living\" \/>\n<meta property=\"article:publisher\" content=\"https:\/\/www.facebook.com\/montecarlolivingcom\/\" \/>\n<meta property=\"article:published_time\" content=\"2024-10-28T09:20:33+00:00\" \/>\n<meta property=\"og:image\" content=\"https:\/\/montecarloliving.com\/wp-content\/uploads\/2024\/10\/Les-Cadets-de-la-Gendarmerie-en-visite-a-Monaco.-\u00a9Direction-de-la-Communication-Estelle-Fondacaro-650x400.jpg\" \/>\n\t<meta property=\"og:image:width\" content=\"650\" \/>\n\t<meta property=\"og:image:height\" content=\"400\" \/>\n\t<meta property=\"og:image:type\" content=\"image\/jpeg\" \/>\n<meta name=\"author\" content=\"Redazione\" \/>\n<meta name=\"twitter:card\" content=\"summary_large_image\" \/>\n<meta name=\"twitter:creator\" content=\"@MonteCarloLivi\" \/>\n<meta name=\"twitter:site\" content=\"@MonteCarloLivi\" \/>\n<meta name=\"twitter:label1\" content=\"\u00c9crit par\" \/>\n\t<meta name=\"twitter:data1\" content=\"Redazione\" \/>\n\t<meta name=\"twitter:label2\" content=\"Dur\u00e9e de lecture estim\u00e9e\" \/>\n\t<meta name=\"twitter:data2\" content=\"2 minutes\" \/>\n<script type=\"application\/ld+json\" class=\"yoast-schema-graph\">{\"@context\":\"https:\\\/\\\/schema.org\",\"@graph\":[{\"@type\":\"Article\",\"@id\":\"https:\\\/\\\/montecarloliving.com\\\/fr\\\/actualite\\\/corps-des-carabiniers-du-prince-recoit-des-cadets-de-gendarmerie-nationale-francaise-15343\\\/#article\",\"isPartOf\":{\"@id\":\"https:\\\/\\\/montecarloliving.com\\\/fr\\\/actualite\\\/corps-des-carabiniers-du-prince-recoit-des-cadets-de-gendarmerie-nationale-francaise-15343\\\/\"},\"author\":{\"name\":\"Redazione\",\"@id\":\"https:\\\/\\\/montecarloliving.com\\\/fr\\\/#\\\/schema\\\/person\\\/7e5945d4560862b7f2d2c6831bda2819\"},\"headline\":\"Le Corps des Carabiniers du Prince re\u00e7oit des Cadets de la Gendarmerie nationale fran\u00e7aise\",\"datePublished\":\"2024-10-28T09:20:33+00:00\",\"mainEntityOfPage\":{\"@id\":\"https:\\\/\\\/montecarloliving.com\\\/fr\\\/actualite\\\/corps-des-carabiniers-du-prince-recoit-des-cadets-de-gendarmerie-nationale-francaise-15343\\\/\"},\"wordCount\":260,\"image\":{\"@id\":\"https:\\\/\\\/montecarloliving.com\\\/fr\\\/actualite\\\/corps-des-carabiniers-du-prince-recoit-des-cadets-de-gendarmerie-nationale-francaise-15343\\\/#primaryimage\"},\"thumbnailUrl\":\"https:\\\/\\\/montecarloliving.com\\\/wp-content\\\/uploads\\\/2024\\\/10\\\/Les-Cadets-de-la-Gendarmerie-en-visite-a-Monaco.-\u00a9Direction-de-la-Communication-Estelle-Fondacaro.jpg\",\"articleSection\":[\"Actualit\u00e9\",\"Actualit\u00e9 \u00e0 Monaco\",\"Monaco\"],\"inLanguage\":\"fr-FR\"},{\"@type\":\"WebPage\",\"@id\":\"https:\\\/\\\/montecarloliving.com\\\/fr\\\/actualite\\\/corps-des-carabiniers-du-prince-recoit-des-cadets-de-gendarmerie-nationale-francaise-15343\\\/\",\"url\":\"https:\\\/\\\/montecarloliving.com\\\/fr\\\/actualite\\\/corps-des-carabiniers-du-prince-recoit-des-cadets-de-gendarmerie-nationale-francaise-15343\\\/\",\"name\":\"Le Corps des Carabiniers du Prince re\u00e7oit des Cadets de la Gendarmerie nationale fran\u00e7aise\",\"isPartOf\":{\"@id\":\"https:\\\/\\\/montecarloliving.com\\\/fr\\\/#website\"},\"primaryImageOfPage\":{\"@id\":\"https:\\\/\\\/montecarloliving.com\\\/fr\\\/actualite\\\/corps-des-carabiniers-du-prince-recoit-des-cadets-de-gendarmerie-nationale-francaise-15343\\\/#primaryimage\"},\"image\":{\"@id\":\"https:\\\/\\\/montecarloliving.com\\\/fr\\\/actualite\\\/corps-des-carabiniers-du-prince-recoit-des-cadets-de-gendarmerie-nationale-francaise-15343\\\/#primaryimage\"},\"thumbnailUrl\":\"https:\\\/\\\/montecarloliving.com\\\/wp-content\\\/uploads\\\/2024\\\/10\\\/Les-Cadets-de-la-Gendarmerie-en-visite-a-Monaco.-\u00a9Direction-de-la-Communication-Estelle-Fondacaro.jpg\",\"datePublished\":\"2024-10-28T09:20:33+00:00\",\"author\":{\"@id\":\"https:\\\/\\\/montecarloliving.com\\\/fr\\\/#\\\/schema\\\/person\\\/7e5945d4560862b7f2d2c6831bda2819\"},\"description\":\"Trente Cadets de la Gendarmerie des Alpes-Maritimes ont \u00e9t\u00e9 accueillis par les Carabiniers du Prince pour une journ\u00e9e de d\u00e9couverte ce samedi. Une\",\"breadcrumb\":{\"@id\":\"https:\\\/\\\/montecarloliving.com\\\/fr\\\/actualite\\\/corps-des-carabiniers-du-prince-recoit-des-cadets-de-gendarmerie-nationale-francaise-15343\\\/#breadcrumb\"},\"inLanguage\":\"fr-FR\",\"potentialAction\":[{\"@type\":\"ReadAction\",\"target\":[\"https:\\\/\\\/montecarloliving.com\\\/fr\\\/actualite\\\/corps-des-carabiniers-du-prince-recoit-des-cadets-de-gendarmerie-nationale-francaise-15343\\\/\"]}]},{\"@type\":\"ImageObject\",\"inLanguage\":\"fr-FR\",\"@id\":\"https:\\\/\\\/montecarloliving.com\\\/fr\\\/actualite\\\/corps-des-carabiniers-du-prince-recoit-des-cadets-de-gendarmerie-nationale-francaise-15343\\\/#primaryimage\",\"url\":\"https:\\\/\\\/montecarloliving.com\\\/wp-content\\\/uploads\\\/2024\\\/10\\\/Les-Cadets-de-la-Gendarmerie-en-visite-a-Monaco.-\u00a9Direction-de-la-Communication-Estelle-Fondacaro.jpg\",\"contentUrl\":\"https:\\\/\\\/montecarloliving.com\\\/wp-content\\\/uploads\\\/2024\\\/10\\\/Les-Cadets-de-la-Gendarmerie-en-visite-a-Monaco.-\u00a9Direction-de-la-Communication-Estelle-Fondacaro.jpg\",\"width\":1680,\"height\":1120},{\"@type\":\"BreadcrumbList\",\"@id\":\"https:\\\/\\\/montecarloliving.com\\\/fr\\\/actualite\\\/corps-des-carabiniers-du-prince-recoit-des-cadets-de-gendarmerie-nationale-francaise-15343\\\/#breadcrumb\",\"itemListElement\":[{\"@type\":\"ListItem\",\"position\":1,\"name\":\"Home\",\"item\":\"https:\\\/\\\/montecarloliving.com\\\/fr\\\/\"},{\"@type\":\"ListItem\",\"position\":2,\"name\":\"Le Corps des Carabiniers du Prince re\u00e7oit des Cadets de la Gendarmerie nationale fran\u00e7aise\"}]},{\"@type\":\"WebSite\",\"@id\":\"https:\\\/\\\/montecarloliving.com\\\/fr\\\/#website\",\"url\":\"https:\\\/\\\/montecarloliving.com\\\/fr\\\/\",\"name\":\"Montecarlo Living\",\"description\":\"News da Montecarlo - Principato di Monaco e Costa Azzurra\",\"potentialAction\":[{\"@type\":\"SearchAction\",\"target\":{\"@type\":\"EntryPoint\",\"urlTemplate\":\"https:\\\/\\\/montecarloliving.com\\\/fr\\\/?s={search_term_string}\"},\"query-input\":{\"@type\":\"PropertyValueSpecification\",\"valueRequired\":true,\"valueName\":\"search_term_string\"}}],\"inLanguage\":\"fr-FR\"},{\"@type\":\"Person\",\"@id\":\"https:\\\/\\\/montecarloliving.com\\\/fr\\\/#\\\/schema\\\/person\\\/7e5945d4560862b7f2d2c6831bda2819\",\"name\":\"Redazione\",\"image\":{\"@type\":\"ImageObject\",\"inLanguage\":\"fr-FR\",\"@id\":\"https:\\\/\\\/secure.gravatar.com\\\/avatar\\\/8b5f26557e18fe74ad8e8a57ebb2925d88af8a90cee489ff2beefb391bc9b9c7?s=96&d=mm&r=g\",\"url\":\"https:\\\/\\\/secure.gravatar.com\\\/avatar\\\/8b5f26557e18fe74ad8e8a57ebb2925d88af8a90cee489ff2beefb391bc9b9c7?s=96&d=mm&r=g\",\"contentUrl\":\"https:\\\/\\\/secure.gravatar.com\\\/avatar\\\/8b5f26557e18fe74ad8e8a57ebb2925d88af8a90cee489ff2beefb391bc9b9c7?s=96&d=mm&r=g\",\"caption\":\"Redazione\"}}]}<\/script>\n<!-- \/ Yoast SEO plugin. -->","yoast_head_json":{"title":"Le Corps des Carabiniers du Prince re\u00e7oit des Cadets de la Gendarmerie nationale fran\u00e7aise","description":"Trente Cadets de la Gendarmerie des Alpes-Maritimes ont \u00e9t\u00e9 accueillis par les Carabiniers du Prince pour une journ\u00e9e de d\u00e9couverte ce samedi. Une","robots":{"index":"index","follow":"follow","max-snippet":"max-snippet:-1","max-image-preview":"max-image-preview:large","max-video-preview":"max-video-preview:-1"},"canonical":"https:\/\/montecarloliving.com\/fr\/actualite\/corps-des-carabiniers-du-prince-recoit-des-cadets-de-gendarmerie-nationale-francaise-15343\/","og_locale":"fr_FR","og_title":"Le Corps des Carabiniers du Prince re\u00e7oit des Cadets de la Gendarmerie nationale fran\u00e7aise","og_description":"Trente Cadets de la Gendarmerie des Alpes-Maritimes ont \u00e9t\u00e9 accueillis par les Carabiniers du Prince pour une journ\u00e9e de d\u00e9couverte ce samedi. Une","og_url":"https:\/\/montecarloliving.com\/fr\/actualite\/corps-des-carabiniers-du-prince-recoit-des-cadets-de-gendarmerie-nationale-francaise-15343\/","og_site_name":"Montecarlo Living","article_publisher":"https:\/\/www.facebook.com\/montecarlolivingcom\/","article_published_time":"2024-10-28T09:20:33+00:00","og_image":[{"width":650,"height":400,"url":"https:\/\/montecarloliving.com\/wp-content\/uploads\/2024\/10\/Les-Cadets-de-la-Gendarmerie-en-visite-a-Monaco.-\u00a9Direction-de-la-Communication-Estelle-Fondacaro-650x400.jpg","type":"image\/jpeg"}],"author":"Redazione","twitter_card":"summary_large_image","twitter_creator":"@MonteCarloLivi","twitter_site":"@MonteCarloLivi","twitter_misc":{"\u00c9crit par":"Redazione","Dur\u00e9e de lecture estim\u00e9e":"2 minutes"},"schema":{"@context":"https:\/\/schema.org","@graph":[{"@type":"Article","@id":"https:\/\/montecarloliving.com\/fr\/actualite\/corps-des-carabiniers-du-prince-recoit-des-cadets-de-gendarmerie-nationale-francaise-15343\/#article","isPartOf":{"@id":"https:\/\/montecarloliving.com\/fr\/actualite\/corps-des-carabiniers-du-prince-recoit-des-cadets-de-gendarmerie-nationale-francaise-15343\/"},"author":{"name":"Redazione","@id":"https:\/\/montecarloliving.com\/fr\/#\/schema\/person\/7e5945d4560862b7f2d2c6831bda2819"},"headline":"Le Corps des Carabiniers du Prince re\u00e7oit des Cadets de la Gendarmerie nationale fran\u00e7aise","datePublished":"2024-10-28T09:20:33+00:00","mainEntityOfPage":{"@id":"https:\/\/montecarloliving.com\/fr\/actualite\/corps-des-carabiniers-du-prince-recoit-des-cadets-de-gendarmerie-nationale-francaise-15343\/"},"wordCount":260,"image":{"@id":"https:\/\/montecarloliving.com\/fr\/actualite\/corps-des-carabiniers-du-prince-recoit-des-cadets-de-gendarmerie-nationale-francaise-15343\/#primaryimage"},"thumbnailUrl":"https:\/\/montecarloliving.com\/wp-content\/uploads\/2024\/10\/Les-Cadets-de-la-Gendarmerie-en-visite-a-Monaco.-\u00a9Direction-de-la-Communication-Estelle-Fondacaro.jpg","articleSection":["Actualit\u00e9","Actualit\u00e9 \u00e0 Monaco","Monaco"],"inLanguage":"fr-FR"},{"@type":"WebPage","@id":"https:\/\/montecarloliving.com\/fr\/actualite\/corps-des-carabiniers-du-prince-recoit-des-cadets-de-gendarmerie-nationale-francaise-15343\/","url":"https:\/\/montecarloliving.com\/fr\/actualite\/corps-des-carabiniers-du-prince-recoit-des-cadets-de-gendarmerie-nationale-francaise-15343\/","name":"Le Corps des Carabiniers du Prince re\u00e7oit des Cadets de la Gendarmerie nationale fran\u00e7aise","isPartOf":{"@id":"https:\/\/montecarloliving.com\/fr\/#website"},"primaryImageOfPage":{"@id":"https:\/\/montecarloliving.com\/fr\/actualite\/corps-des-carabiniers-du-prince-recoit-des-cadets-de-gendarmerie-nationale-francaise-15343\/#primaryimage"},"image":{"@id":"https:\/\/montecarloliving.com\/fr\/actualite\/corps-des-carabiniers-du-prince-recoit-des-cadets-de-gendarmerie-nationale-francaise-15343\/#primaryimage"},"thumbnailUrl":"https:\/\/montecarloliving.com\/wp-content\/uploads\/2024\/10\/Les-Cadets-de-la-Gendarmerie-en-visite-a-Monaco.-\u00a9Direction-de-la-Communication-Estelle-Fondacaro.jpg","datePublished":"2024-10-28T09:20:33+00:00","author":{"@id":"https:\/\/montecarloliving.com\/fr\/#\/schema\/person\/7e5945d4560862b7f2d2c6831bda2819"},"description":"Trente Cadets de la Gendarmerie des Alpes-Maritimes ont \u00e9t\u00e9 accueillis par les Carabiniers du Prince pour une journ\u00e9e de d\u00e9couverte ce samedi. Une","breadcrumb":{"@id":"https:\/\/montecarloliving.com\/fr\/actualite\/corps-des-carabiniers-du-prince-recoit-des-cadets-de-gendarmerie-nationale-francaise-15343\/#breadcrumb"},"inLanguage":"fr-FR","potentialAction":[{"@type":"ReadAction","target":["https:\/\/montecarloliving.com\/fr\/actualite\/corps-des-carabiniers-du-prince-recoit-des-cadets-de-gendarmerie-nationale-francaise-15343\/"]}]},{"@type":"ImageObject","inLanguage":"fr-FR","@id":"https:\/\/montecarloliving.com\/fr\/actualite\/corps-des-carabiniers-du-prince-recoit-des-cadets-de-gendarmerie-nationale-francaise-15343\/#primaryimage","url":"https:\/\/montecarloliving.com\/wp-content\/uploads\/2024\/10\/Les-Cadets-de-la-Gendarmerie-en-visite-a-Monaco.-\u00a9Direction-de-la-Communication-Estelle-Fondacaro.jpg","contentUrl":"https:\/\/montecarloliving.com\/wp-content\/uploads\/2024\/10\/Les-Cadets-de-la-Gendarmerie-en-visite-a-Monaco.-\u00a9Direction-de-la-Communication-Estelle-Fondacaro.jpg","width":1680,"height":1120},{"@type":"BreadcrumbList","@id":"https:\/\/montecarloliving.com\/fr\/actualite\/corps-des-carabiniers-du-prince-recoit-des-cadets-de-gendarmerie-nationale-francaise-15343\/#breadcrumb","itemListElement":[{"@type":"ListItem","position":1,"name":"Home","item":"https:\/\/montecarloliving.com\/fr\/"},{"@type":"ListItem","position":2,"name":"Le Corps des Carabiniers du Prince re\u00e7oit des Cadets de la Gendarmerie nationale fran\u00e7aise"}]},{"@type":"WebSite","@id":"https:\/\/montecarloliving.com\/fr\/#website","url":"https:\/\/montecarloliving.com\/fr\/","name":"Montecarlo Living","description":"News da Montecarlo - Principato di Monaco e Costa Azzurra","potentialAction":[{"@type":"SearchAction","target":{"@type":"EntryPoint","urlTemplate":"https:\/\/montecarloliving.com\/fr\/?s={search_term_string}"},"query-input":{"@type":"PropertyValueSpecification","valueRequired":true,"valueName":"search_term_string"}}],"inLanguage":"fr-FR"},{"@type":"Person","@id":"https:\/\/montecarloliving.com\/fr\/#\/schema\/person\/7e5945d4560862b7f2d2c6831bda2819","name":"Redazione","image":{"@type":"ImageObject","inLanguage":"fr-FR","@id":"https:\/\/secure.gravatar.com\/avatar\/8b5f26557e18fe74ad8e8a57ebb2925d88af8a90cee489ff2beefb391bc9b9c7?s=96&d=mm&r=g","url":"https:\/\/secure.gravatar.com\/avatar\/8b5f26557e18fe74ad8e8a57ebb2925d88af8a90cee489ff2beefb391bc9b9c7?s=96&d=mm&r=g","contentUrl":"https:\/\/secure.gravatar.com\/avatar\/8b5f26557e18fe74ad8e8a57ebb2925d88af8a90cee489ff2beefb391bc9b9c7?s=96&d=mm&r=g","caption":"Redazione"}}]}},"_links":{"self":[{"href":"https:\/\/montecarloliving.com\/fr\/wp-json\/wp\/v2\/posts\/15343","targetHints":{"allow":["GET"]}}],"collection":[{"href":"https:\/\/montecarloliving.com\/fr\/wp-json\/wp\/v2\/posts"}],"about":[{"href":"https:\/\/montecarloliving.com\/fr\/wp-json\/wp\/v2\/types\/post"}],"author":[{"embeddable":true,"href":"https:\/\/montecarloliving.com\/fr\/wp-json\/wp\/v2\/users\/1"}],"replies":[{"embeddable":true,"href":"https:\/\/montecarloliving.com\/fr\/wp-json\/wp\/v2\/comments?post=15343"}],"version-history":[{"count":1,"href":"https:\/\/montecarloliving.com\/fr\/wp-json\/wp\/v2\/posts\/15343\/revisions"}],"predecessor-version":[{"id":15347,"href":"https:\/\/montecarloliving.com\/fr\/wp-json\/wp\/v2\/posts\/15343\/revisions\/15347"}],"wp:featuredmedia":[{"embeddable":true,"href":"https:\/\/montecarloliving.com\/fr\/wp-json\/wp\/v2\/media\/15344"}],"wp:attachment":[{"href":"https:\/\/montecarloliving.com\/fr\/wp-json\/wp\/v2\/media?parent=15343"}],"wp:term":[{"taxonomy":"category","embeddable":true,"href":"https:\/\/montecarloliving.com\/fr\/wp-json\/wp\/v2\/categories?post=15343"},{"taxonomy":"post_tag","embeddable":true,"href":"https:\/\/montecarloliving.com\/fr\/wp-json\/wp\/v2\/tags?post=15343"}],"curies":[{"name":"wp","href":"https:\/\/api.w.org\/{rel}","templated":true}]}}