{"id":15333,"date":"2024-10-25T09:30:41","date_gmt":"2024-10-25T07:30:41","guid":{"rendered":"https:\/\/montecarloliving.com\/?p=15333"},"modified":"2024-10-25T08:47:20","modified_gmt":"2024-10-25T06:47:20","slug":"evenements-du-week-end-du-26-et-27-octobre-2024-monaco","status":"publish","type":"post","link":"https:\/\/montecarloliving.com\/fr\/monaco-fr\/evenements-du-week-end-du-26-et-27-octobre-2024-monaco-15333\/","title":{"rendered":"\u00c9v\u00e9nements du week-end du 26 et 27 octobre 2024 \u00e0 Monaco"},"content":{"rendered":"<p><strong>\u00c9v\u00e9nements du week-end \u00e0 Monaco, d\u00e9couvrez-les tous !!<\/strong><\/p>\n<hr \/>\n<h4><strong>Sport &#8211; \u00ab\u00a08\u00e8me Rallye Monte-Carlo E-Rally\u00a0\u00bb<\/strong><\/h4>\n<p>Du mercredi 23 au samedi 26 octobre 2024, Principaut\u00e9 de Monaco.<br \/>\nAvec un itin\u00e9raire secret comprenant pas moins de 14 \u00e9tapes de r\u00e9gularit\u00e9 et plus de 250 kilom\u00e8tres d\u2019action contre la montre, il est clair que, sur le papier, la 8\u00e8me \u00e9dition enti\u00e8rement \u00e9lectrique du Rallye de Monte-Carlo \u2013 la onzi\u00e8me et derni\u00e8re manche de la Bridgestone FIA ecoRally Cup 2024 \u2013 s\u2019annonce plus grande, meilleure et plus exigeante que jamais !<\/p>\n<p><a href=\"https:\/\/acm.mc\/\" target=\"_new\" rel=\"noopener\">https:\/\/acm.mc\/<\/a><\/p>\n<hr \/>\n<h4><strong>Sport &#8211; \u00ab\u00a0Sportel Awards\u00a0\u00bb<\/strong><\/h4>\n<p>Du samedi 21 au lundi 23 octobre 2023, Grimaldi Forum Monaco.<br \/>\nLes SPORTEL AWARDS, sous la pr\u00e9sidence honorifique de S.A.S. le Prince Albert II, r\u00e9compensent les meilleures s\u00e9quences sportives de l\u2019ann\u00e9e en cours lors d\u2019une prestigieuse c\u00e9r\u00e9monie en pr\u00e9sence de nombreux champions. Les Sportel Awards proposent \u00e9galement un programme d\u2019\u00e9v\u00e9nements ouverts au public pour des moments privil\u00e9gi\u00e9s avec des personnalit\u00e9s de renom.<\/p>\n<p><a href=\"https:\/\/www.sportelawards.com\/fr\" target=\"_new\" rel=\"noopener\">https:\/\/www.sportelawards.com\/fr<\/a><\/p>\n<hr \/>\n<h4><strong>Exposition &#8211; \u00ab\u00a0Des Ateliers aux Ateliers\u00a0\u00bb<\/strong><\/h4>\n<p>Du mercredi 18 septembre au dimanche 24 novembre 2024, du mardi au dimanche, de 13h00 \u00e0 19h00, Salle d&rsquo;Exposition, Quai Antoine Ier<br \/>\nOrganis\u00e9e par le D\u00e9partement de la Culture de la Principaut\u00e9 de Monaco, l&rsquo;exposition \u00ab\u00a0Des Ateliers aux Ateliers\u00a0\u00bb est un voyage sans pr\u00e9c\u00e9dent \u00e0 travers l&rsquo;histoire de l&rsquo;art du XXe si\u00e8cle, avec plus de 150 photographies de Michel SIMA. L&rsquo;exposition fait le lien entre le monde de l&rsquo;art moderne et la vie de la cr\u00e9ation contemporaine, le projet se d\u00e9roulant non loin des \u00ab\u00a0Ateliers du Quai\u00a0\u00bb, une r\u00e9sidence internationale d&rsquo;artistes qui rappelle la riche histoire artistique de la Principaut\u00e9.<\/p>\n<p>INFO : 377 98 98 83 037<\/p>\n<hr \/>\n<h4><strong>Exposition &#8211; \u00ab\u00a0Symphonie des Couleurs\u00a0\u00bb<\/strong><\/h4>\n<p>Du jeudi 20 juin 2024 au dimanche 6 juillet 2025, de 10h00 \u00e0 18h00, Espace 22<br \/>\nNous avons le plaisir d&rsquo;annoncer la nouvelle exposition \u00ab\u00a0Symphonie des Couleurs\u00a0\u00bb mettant en avant les talents exceptionnels de trois artistes : Maja Kerin, Liudmila Sun et Maria Mikileva. Du 20 juin au 6 juillet, de 10h00 \u00e0 18h00, venez d\u00e9couvrir les \u0153uvres de ces trois femmes inspir\u00e9es de la Principaut\u00e9. Plongez dans un monde de couleurs intrigantes, o\u00f9 chaque toile raconte une histoire unique. Une symphonie visuelle qui enchantera vos sens et nourrira votre \u00e2me artistique.<\/p>\n<p><a href=\"https:\/\/espace22.mc\/\" target=\"_new\" rel=\"noopener\">https:\/\/espace22.mc\/<\/a><\/p>\n<hr \/>\n<h4><strong>Exposition &#8211; \u00ab\u00a0Lascaux \u00e0 Monaco\u00a0\u00bb<\/strong><\/h4>\n<p>Du vendredi 19 avril au jeudi 21 novembre 2024, au Mus\u00e9e d&rsquo;Anthropologie Pr\u00e9historique, une sc\u00e9nographie originale organis\u00e9e autour de fac-simil\u00e9s et d&rsquo;une exp\u00e9rience de R\u00e9alit\u00e9 Virtuelle immersive gr\u00e2ce \u00e0 #SPL LASCAUX, exclusive gr\u00e2ce aux Partenaires du Mus\u00e9e. Des objets originaux de la grotte de Lascaux sont expos\u00e9s en pr\u00eat du Mus\u00e9e National de Pr\u00e9histoire (Les Eyzies, France). En parall\u00e8le, un cycle de conf\u00e9rences anim\u00e9es par des chercheurs et sp\u00e9cialistes vous attend. Des visites sont \u00e9galement organis\u00e9es en groupe pour les scolaires.<\/p>\n<p><a href=\"https:\/\/musee-anthropologie.mc\/\" target=\"_new\" rel=\"noopener\">https:\/\/musee-anthropologie.mc\/<\/a><\/p>\n<hr \/>\n<h4><strong>v\u00e9nement &#8211; \u00ab\u00a0150e Anniversaire des Caves de l&rsquo;H\u00f4tel de Paris\u00a0\u00bb<\/strong><\/h4>\n<p>Du lundi 1er avril au jeudi 31 octobre 2024, Monte-Carlo SBM Resort<br \/>\nCette ann\u00e9e, la Soci\u00e9t\u00e9 des Bains de Mer de Monte-Carlo c\u00e9l\u00e8bre le 150e anniversaire des fameuses Caves de l&rsquo;H\u00f4tel de Paris Monte-Carlo ! Ouvertes en 1874, elles sont un monument de la longue et illustre histoire de l&rsquo;entreprise. Pour l&rsquo;occasion, les plus grandes caves d&rsquo;h\u00f4tel du monde ouvriront leurs portes pour une c\u00e9l\u00e9bration unique, avec des visites fascinantes, des d\u00eeners exclusifs, des s\u00e9ances de d\u00e9gustation exceptionnelles, et bien plus encore. D\u00e9couvrez l&rsquo;un des tr\u00e9sors cach\u00e9s les plus pr\u00e9cieux de Monaco et profitez des c\u00e9l\u00e9brations !<\/p>\n<p><a href=\"https:\/\/www.montecarlosbm.com\/fr\/inspiration\/events\/150-ans-des-caves-de-lhotel-de-paris-monte-carlo\" target=\"_new\" rel=\"noopener\">https:\/\/www.montecarlosbm.com\/fr\/inspiration\/events\/150-ans-des-caves-de-lhotel-de-paris-monte-carlo<\/a><\/p>\n<hr \/>\n<h4><strong>Exposition &#8211; \u00ab\u00a0Les Premi\u00e8res Ann\u00e9es de T\u00e9l\u00e9 Monte-Carlo, 1954-1974\u00a0\u00bb<\/strong><\/h4>\n<p>Du lundi 25 mars 2024 au vendredi 31 janvier 2025, de 10h00 \u00e0 17h30 (jusqu&rsquo;\u00e0 17h00 le vendredi), \u00e0 l&rsquo;Institut Audiovisuel de Monaco<br \/>\n<em>Le Cabinet des Merveilles &#8211; &lsquo;Les Premi\u00e8res Ann\u00e9es de T\u00e9l\u00e9 Monte-Carlo, 1954-1974&rsquo;<\/em> &#8211; Une exposition qui explore les 20 premi\u00e8res ann\u00e9es de la cha\u00eene de t\u00e9l\u00e9vision mon\u00e9gasque, lanc\u00e9e en 1954. Une s\u00e9lection d&rsquo;archives et d&rsquo;objets vous ram\u00e8nera aux tout premiers jours de la t\u00e9l\u00e9vision en couleurs. Organis\u00e9e par l&rsquo;Institut Audiovisuel de Monaco, l&rsquo;exposition pr\u00e9sente des objets confi\u00e9s par T\u00e9l\u00e9 Monte-Carlo pour leur pr\u00e9servation, des documents provenant d&rsquo;institutions partenaires, ainsi que des mat\u00e9riaux pr\u00eat\u00e9s gracieusement par des particuliers.<\/p>\n<p><a href=\"https:\/\/institut-audiovisuel.mc\/evenement\/la-jeunesse-de-tele-monte-carlo\/\" target=\"_new\" rel=\"noopener\">https:\/\/institut-audiovisuel.mc\/evenement\/la-jeunesse-de-tele-monte-carlo\/<\/a><\/p>\n<hr \/>\n<h4><strong>Exposition &#8211; \u00ab\u00a0Le Prince et la M\u00e9diterran\u00e9e\u00a0\u00bb<\/strong><\/h4>\n<p>Depuis le 6 d\u00e9cembre 2023, Mus\u00e9e Oc\u00e9anographique de Monaco<br \/>\n\u00c0 l&rsquo;occasion des c\u00e9l\u00e9brations du centenaire du Prince Rainier III (1923-2023), le Mus\u00e9e Oc\u00e9anographique pr\u00e9sente une nouvelle exposition permanente intitul\u00e9e <em>Le Prince et la M\u00e9diterran\u00e9e<\/em>. \u00c0 travers cette exposition, l&rsquo;Institut Oc\u00e9anographique rend hommage au lien ind\u00e9fectible qui unissait le Prince Rainier III \u00e0 l&rsquo;Oc\u00e9an, et en particulier \u00e0 la M\u00e9diterran\u00e9e. Les visiteurs sont invit\u00e9s \u00e0 monter \u00e0 bord de son bateau, le <em>Deo Juvante II<\/em>. Guid\u00e9s par la voix de S.A.S. la Princesse St\u00e9phanie, ils d\u00e9couvriront quatre espaces exploratoires et intimes, d\u00e9voilant les diff\u00e9rentes facettes de ce Prince passionn\u00e9 par la Mare Nostrum.<\/p>\n<p><a href=\"https:\/\/billetterie-oceano.tickeasy.com\/fr-FR\/accueil\" target=\"_new\" rel=\"noopener\">https:\/\/billetterie-oceano.tickeasy.com\/fr-FR\/accueil<\/a><\/p>\n<hr \/>\n<h4><strong>Exposition &#8211; \u00ab\u00a0Mission Polaire\u00a0\u00bb<\/strong><\/h4>\n<p>Du samedi 4 juin 2022 au mardi 31 d\u00e9cembre 2024, Mus\u00e9e Oc\u00e9anographique de Monaco.<br \/>\nPlongez dans une exp\u00e9rience interactive et immersive ! Glissez-vous dans la peau d&rsquo;un reporter et partez en mission au c\u0153ur des mondes polaires ! Cinq zones th\u00e9matiques, r\u00e9parties sur deux niveaux, jalonnent ce nouveau parcours de visite.<br \/>\nDe la d\u00e9couverte des p\u00f4les \u00e0 la faune qui y r\u00e9side, en passant par les peuples qui les habitent et les explorent. Des objets et documents, des contenus num\u00e9riques et des dispositifs immersifs se combinent pour une exp\u00e9rience \u00e0 360\u00b0. Le grand voyage peut commencer !<\/p>\n<p><a href=\"https:\/\/musee.oceano.org\/le-parcours-mission-polaire\/\" target=\"_new\" rel=\"noopener\">https:\/\/musee.oceano.org\/le-parcours-mission-polaire\/<\/a><\/p>\n<hr \/>\n<p><a href=\"https:\/\/www.instagram.com\/monte_carlo_living\/\">Visitez Notre Page Instagram<\/a><\/p>\n<p><a href=\"https:\/\/montecarloliving.com\/fr\/\">Lisez d&rsquo;Autres Articles<\/a><\/p>\n","protected":false},"excerpt":{"rendered":"<p>\u00c9v\u00e9nements du week-end \u00e0 Monaco, d\u00e9couvrez-les tous !! Sport &#8211; \u00ab\u00a08\u00e8me Rallye Monte-Carlo E-Rally\u00a0\u00bb Du mercredi 23 au samedi 26 octobre 2024, Principaut\u00e9 de Monaco. Avec un itin\u00e9raire secret comprenant pas moins de 14 \u00e9tapes de r\u00e9gularit\u00e9 et plus de 250 kilom\u00e8tres d\u2019action contre [&hellip;]<\/p>\n","protected":false},"author":1,"featured_media":6489,"comment_status":"closed","ping_status":"closed","sticky":false,"template":"","format":"standard","meta":{"footnotes":""},"categories":[828,867],"tags":[],"class_list":["post-15333","post","type-post","status-publish","format-standard","has-post-thumbnail","hentry","category-evenements","category-monaco-fr"],"yoast_head":"<!-- This site is optimized with the Yoast SEO plugin v27.5 - https:\/\/yoast.com\/product\/yoast-seo-wordpress\/ -->\n<title>\u00c9v\u00e9nements du week-end du 26 et 27 octobre 2024 \u00e0 Monaco<\/title>\n<meta name=\"description\" content=\"\u00c9v\u00e9nements du week-end \u00e0 Monaco, d\u00e9couvrez-les tous !! Sport - &quot;8\u00e8me Rallye Monte-Carlo E-Rally&quot; Du mercredi 23 au samedi 26 octobre 2024...\" \/>\n<meta name=\"robots\" content=\"index, follow, max-snippet:-1, max-image-preview:large, max-video-preview:-1\" \/>\n<link rel=\"canonical\" href=\"https:\/\/montecarloliving.com\/fr\/monaco-fr\/evenements-du-week-end-du-26-et-27-octobre-2024-monaco-15333\/\" \/>\n<meta property=\"og:locale\" content=\"fr_FR\" \/>\n<meta property=\"og:title\" content=\"\u00c9v\u00e9nements du week-end du 26 et 27 octobre 2024 \u00e0 Monaco\" \/>\n<meta property=\"og:description\" content=\"\u00c9v\u00e9nements du week-end \u00e0 Monaco, d\u00e9couvrez-les tous !! Sport - &quot;8\u00e8me Rallye Monte-Carlo E-Rally&quot; Du mercredi 23 au samedi 26 octobre 2024...\" \/>\n<meta property=\"og:url\" content=\"https:\/\/montecarloliving.com\/fr\/monaco-fr\/evenements-du-week-end-du-26-et-27-octobre-2024-monaco-15333\/\" \/>\n<meta property=\"og:site_name\" content=\"Montecarlo Living\" \/>\n<meta property=\"article:publisher\" content=\"https:\/\/www.facebook.com\/montecarlolivingcom\/\" \/>\n<meta property=\"article:published_time\" content=\"2024-10-25T07:30:41+00:00\" \/>\n<meta property=\"og:image\" content=\"https:\/\/montecarloliving.com\/wp-content\/uploads\/2024\/01\/COPERTINA-SITO-MONTECARLO-LIVING-8-1-650x400.jpg\" \/>\n\t<meta property=\"og:image:width\" content=\"650\" \/>\n\t<meta property=\"og:image:height\" content=\"400\" \/>\n\t<meta property=\"og:image:type\" content=\"image\/jpeg\" \/>\n<meta name=\"author\" content=\"Redazione\" \/>\n<meta name=\"twitter:card\" content=\"summary_large_image\" \/>\n<meta name=\"twitter:creator\" content=\"@MonteCarloLivi\" \/>\n<meta name=\"twitter:site\" content=\"@MonteCarloLivi\" \/>\n<meta name=\"twitter:label1\" content=\"\u00c9crit par\" \/>\n\t<meta name=\"twitter:data1\" content=\"Redazione\" \/>\n\t<meta name=\"twitter:label2\" content=\"Dur\u00e9e de lecture estim\u00e9e\" \/>\n\t<meta name=\"twitter:data2\" content=\"5 minutes\" \/>\n<script type=\"application\/ld+json\" class=\"yoast-schema-graph\">{\"@context\":\"https:\\\/\\\/schema.org\",\"@graph\":[{\"@type\":\"Article\",\"@id\":\"https:\\\/\\\/montecarloliving.com\\\/fr\\\/monaco-fr\\\/evenements-du-week-end-du-26-et-27-octobre-2024-monaco-15333\\\/#article\",\"isPartOf\":{\"@id\":\"https:\\\/\\\/montecarloliving.com\\\/fr\\\/monaco-fr\\\/evenements-du-week-end-du-26-et-27-octobre-2024-monaco-15333\\\/\"},\"author\":{\"name\":\"Redazione\",\"@id\":\"https:\\\/\\\/montecarloliving.com\\\/fr\\\/#\\\/schema\\\/person\\\/7e5945d4560862b7f2d2c6831bda2819\"},\"headline\":\"\u00c9v\u00e9nements du week-end du 26 et 27 octobre 2024 \u00e0 Monaco\",\"datePublished\":\"2024-10-25T07:30:41+00:00\",\"mainEntityOfPage\":{\"@id\":\"https:\\\/\\\/montecarloliving.com\\\/fr\\\/monaco-fr\\\/evenements-du-week-end-du-26-et-27-octobre-2024-monaco-15333\\\/\"},\"wordCount\":1019,\"image\":{\"@id\":\"https:\\\/\\\/montecarloliving.com\\\/fr\\\/monaco-fr\\\/evenements-du-week-end-du-26-et-27-octobre-2024-monaco-15333\\\/#primaryimage\"},\"thumbnailUrl\":\"https:\\\/\\\/montecarloliving.com\\\/wp-content\\\/uploads\\\/2024\\\/01\\\/COPERTINA-SITO-MONTECARLO-LIVING-8-1.jpg\",\"articleSection\":[\"\u00c9v\u00e9nements\",\"Monaco\"],\"inLanguage\":\"fr-FR\"},{\"@type\":\"WebPage\",\"@id\":\"https:\\\/\\\/montecarloliving.com\\\/fr\\\/monaco-fr\\\/evenements-du-week-end-du-26-et-27-octobre-2024-monaco-15333\\\/\",\"url\":\"https:\\\/\\\/montecarloliving.com\\\/fr\\\/monaco-fr\\\/evenements-du-week-end-du-26-et-27-octobre-2024-monaco-15333\\\/\",\"name\":\"\u00c9v\u00e9nements du week-end du 26 et 27 octobre 2024 \u00e0 Monaco\",\"isPartOf\":{\"@id\":\"https:\\\/\\\/montecarloliving.com\\\/fr\\\/#website\"},\"primaryImageOfPage\":{\"@id\":\"https:\\\/\\\/montecarloliving.com\\\/fr\\\/monaco-fr\\\/evenements-du-week-end-du-26-et-27-octobre-2024-monaco-15333\\\/#primaryimage\"},\"image\":{\"@id\":\"https:\\\/\\\/montecarloliving.com\\\/fr\\\/monaco-fr\\\/evenements-du-week-end-du-26-et-27-octobre-2024-monaco-15333\\\/#primaryimage\"},\"thumbnailUrl\":\"https:\\\/\\\/montecarloliving.com\\\/wp-content\\\/uploads\\\/2024\\\/01\\\/COPERTINA-SITO-MONTECARLO-LIVING-8-1.jpg\",\"datePublished\":\"2024-10-25T07:30:41+00:00\",\"author\":{\"@id\":\"https:\\\/\\\/montecarloliving.com\\\/fr\\\/#\\\/schema\\\/person\\\/7e5945d4560862b7f2d2c6831bda2819\"},\"description\":\"\u00c9v\u00e9nements du week-end \u00e0 Monaco, d\u00e9couvrez-les tous !! Sport - \\\"8\u00e8me Rallye Monte-Carlo E-Rally\\\" Du mercredi 23 au samedi 26 octobre 2024...\",\"breadcrumb\":{\"@id\":\"https:\\\/\\\/montecarloliving.com\\\/fr\\\/monaco-fr\\\/evenements-du-week-end-du-26-et-27-octobre-2024-monaco-15333\\\/#breadcrumb\"},\"inLanguage\":\"fr-FR\",\"potentialAction\":[{\"@type\":\"ReadAction\",\"target\":[\"https:\\\/\\\/montecarloliving.com\\\/fr\\\/monaco-fr\\\/evenements-du-week-end-du-26-et-27-octobre-2024-monaco-15333\\\/\"]}]},{\"@type\":\"ImageObject\",\"inLanguage\":\"fr-FR\",\"@id\":\"https:\\\/\\\/montecarloliving.com\\\/fr\\\/monaco-fr\\\/evenements-du-week-end-du-26-et-27-octobre-2024-monaco-15333\\\/#primaryimage\",\"url\":\"https:\\\/\\\/montecarloliving.com\\\/wp-content\\\/uploads\\\/2024\\\/01\\\/COPERTINA-SITO-MONTECARLO-LIVING-8-1.jpg\",\"contentUrl\":\"https:\\\/\\\/montecarloliving.com\\\/wp-content\\\/uploads\\\/2024\\\/01\\\/COPERTINA-SITO-MONTECARLO-LIVING-8-1.jpg\",\"width\":2000,\"height\":1200,\"caption\":\"\u00c9v\u00e9nements du week-end Monaco\"},{\"@type\":\"BreadcrumbList\",\"@id\":\"https:\\\/\\\/montecarloliving.com\\\/fr\\\/monaco-fr\\\/evenements-du-week-end-du-26-et-27-octobre-2024-monaco-15333\\\/#breadcrumb\",\"itemListElement\":[{\"@type\":\"ListItem\",\"position\":1,\"name\":\"Home\",\"item\":\"https:\\\/\\\/montecarloliving.com\\\/fr\\\/\"},{\"@type\":\"ListItem\",\"position\":2,\"name\":\"\u00c9v\u00e9nements du week-end du 26 et 27 octobre 2024 \u00e0 Monaco\"}]},{\"@type\":\"WebSite\",\"@id\":\"https:\\\/\\\/montecarloliving.com\\\/fr\\\/#website\",\"url\":\"https:\\\/\\\/montecarloliving.com\\\/fr\\\/\",\"name\":\"Montecarlo Living\",\"description\":\"News da Montecarlo - Principato di Monaco e Costa Azzurra\",\"potentialAction\":[{\"@type\":\"SearchAction\",\"target\":{\"@type\":\"EntryPoint\",\"urlTemplate\":\"https:\\\/\\\/montecarloliving.com\\\/fr\\\/?s={search_term_string}\"},\"query-input\":{\"@type\":\"PropertyValueSpecification\",\"valueRequired\":true,\"valueName\":\"search_term_string\"}}],\"inLanguage\":\"fr-FR\"},{\"@type\":\"Person\",\"@id\":\"https:\\\/\\\/montecarloliving.com\\\/fr\\\/#\\\/schema\\\/person\\\/7e5945d4560862b7f2d2c6831bda2819\",\"name\":\"Redazione\",\"image\":{\"@type\":\"ImageObject\",\"inLanguage\":\"fr-FR\",\"@id\":\"https:\\\/\\\/secure.gravatar.com\\\/avatar\\\/8b5f26557e18fe74ad8e8a57ebb2925d88af8a90cee489ff2beefb391bc9b9c7?s=96&d=mm&r=g\",\"url\":\"https:\\\/\\\/secure.gravatar.com\\\/avatar\\\/8b5f26557e18fe74ad8e8a57ebb2925d88af8a90cee489ff2beefb391bc9b9c7?s=96&d=mm&r=g\",\"contentUrl\":\"https:\\\/\\\/secure.gravatar.com\\\/avatar\\\/8b5f26557e18fe74ad8e8a57ebb2925d88af8a90cee489ff2beefb391bc9b9c7?s=96&d=mm&r=g\",\"caption\":\"Redazione\"}}]}<\/script>\n<!-- \/ Yoast SEO plugin. -->","yoast_head_json":{"title":"\u00c9v\u00e9nements du week-end du 26 et 27 octobre 2024 \u00e0 Monaco","description":"\u00c9v\u00e9nements du week-end \u00e0 Monaco, d\u00e9couvrez-les tous !! Sport - \"8\u00e8me Rallye Monte-Carlo E-Rally\" Du mercredi 23 au samedi 26 octobre 2024...","robots":{"index":"index","follow":"follow","max-snippet":"max-snippet:-1","max-image-preview":"max-image-preview:large","max-video-preview":"max-video-preview:-1"},"canonical":"https:\/\/montecarloliving.com\/fr\/monaco-fr\/evenements-du-week-end-du-26-et-27-octobre-2024-monaco-15333\/","og_locale":"fr_FR","og_title":"\u00c9v\u00e9nements du week-end du 26 et 27 octobre 2024 \u00e0 Monaco","og_description":"\u00c9v\u00e9nements du week-end \u00e0 Monaco, d\u00e9couvrez-les tous !! Sport - \"8\u00e8me Rallye Monte-Carlo E-Rally\" Du mercredi 23 au samedi 26 octobre 2024...","og_url":"https:\/\/montecarloliving.com\/fr\/monaco-fr\/evenements-du-week-end-du-26-et-27-octobre-2024-monaco-15333\/","og_site_name":"Montecarlo Living","article_publisher":"https:\/\/www.facebook.com\/montecarlolivingcom\/","article_published_time":"2024-10-25T07:30:41+00:00","og_image":[{"width":650,"height":400,"url":"https:\/\/montecarloliving.com\/wp-content\/uploads\/2024\/01\/COPERTINA-SITO-MONTECARLO-LIVING-8-1-650x400.jpg","type":"image\/jpeg"}],"author":"Redazione","twitter_card":"summary_large_image","twitter_creator":"@MonteCarloLivi","twitter_site":"@MonteCarloLivi","twitter_misc":{"\u00c9crit par":"Redazione","Dur\u00e9e de lecture estim\u00e9e":"5 minutes"},"schema":{"@context":"https:\/\/schema.org","@graph":[{"@type":"Article","@id":"https:\/\/montecarloliving.com\/fr\/monaco-fr\/evenements-du-week-end-du-26-et-27-octobre-2024-monaco-15333\/#article","isPartOf":{"@id":"https:\/\/montecarloliving.com\/fr\/monaco-fr\/evenements-du-week-end-du-26-et-27-octobre-2024-monaco-15333\/"},"author":{"name":"Redazione","@id":"https:\/\/montecarloliving.com\/fr\/#\/schema\/person\/7e5945d4560862b7f2d2c6831bda2819"},"headline":"\u00c9v\u00e9nements du week-end du 26 et 27 octobre 2024 \u00e0 Monaco","datePublished":"2024-10-25T07:30:41+00:00","mainEntityOfPage":{"@id":"https:\/\/montecarloliving.com\/fr\/monaco-fr\/evenements-du-week-end-du-26-et-27-octobre-2024-monaco-15333\/"},"wordCount":1019,"image":{"@id":"https:\/\/montecarloliving.com\/fr\/monaco-fr\/evenements-du-week-end-du-26-et-27-octobre-2024-monaco-15333\/#primaryimage"},"thumbnailUrl":"https:\/\/montecarloliving.com\/wp-content\/uploads\/2024\/01\/COPERTINA-SITO-MONTECARLO-LIVING-8-1.jpg","articleSection":["\u00c9v\u00e9nements","Monaco"],"inLanguage":"fr-FR"},{"@type":"WebPage","@id":"https:\/\/montecarloliving.com\/fr\/monaco-fr\/evenements-du-week-end-du-26-et-27-octobre-2024-monaco-15333\/","url":"https:\/\/montecarloliving.com\/fr\/monaco-fr\/evenements-du-week-end-du-26-et-27-octobre-2024-monaco-15333\/","name":"\u00c9v\u00e9nements du week-end du 26 et 27 octobre 2024 \u00e0 Monaco","isPartOf":{"@id":"https:\/\/montecarloliving.com\/fr\/#website"},"primaryImageOfPage":{"@id":"https:\/\/montecarloliving.com\/fr\/monaco-fr\/evenements-du-week-end-du-26-et-27-octobre-2024-monaco-15333\/#primaryimage"},"image":{"@id":"https:\/\/montecarloliving.com\/fr\/monaco-fr\/evenements-du-week-end-du-26-et-27-octobre-2024-monaco-15333\/#primaryimage"},"thumbnailUrl":"https:\/\/montecarloliving.com\/wp-content\/uploads\/2024\/01\/COPERTINA-SITO-MONTECARLO-LIVING-8-1.jpg","datePublished":"2024-10-25T07:30:41+00:00","author":{"@id":"https:\/\/montecarloliving.com\/fr\/#\/schema\/person\/7e5945d4560862b7f2d2c6831bda2819"},"description":"\u00c9v\u00e9nements du week-end \u00e0 Monaco, d\u00e9couvrez-les tous !! Sport - \"8\u00e8me Rallye Monte-Carlo E-Rally\" Du mercredi 23 au samedi 26 octobre 2024...","breadcrumb":{"@id":"https:\/\/montecarloliving.com\/fr\/monaco-fr\/evenements-du-week-end-du-26-et-27-octobre-2024-monaco-15333\/#breadcrumb"},"inLanguage":"fr-FR","potentialAction":[{"@type":"ReadAction","target":["https:\/\/montecarloliving.com\/fr\/monaco-fr\/evenements-du-week-end-du-26-et-27-octobre-2024-monaco-15333\/"]}]},{"@type":"ImageObject","inLanguage":"fr-FR","@id":"https:\/\/montecarloliving.com\/fr\/monaco-fr\/evenements-du-week-end-du-26-et-27-octobre-2024-monaco-15333\/#primaryimage","url":"https:\/\/montecarloliving.com\/wp-content\/uploads\/2024\/01\/COPERTINA-SITO-MONTECARLO-LIVING-8-1.jpg","contentUrl":"https:\/\/montecarloliving.com\/wp-content\/uploads\/2024\/01\/COPERTINA-SITO-MONTECARLO-LIVING-8-1.jpg","width":2000,"height":1200,"caption":"\u00c9v\u00e9nements du week-end Monaco"},{"@type":"BreadcrumbList","@id":"https:\/\/montecarloliving.com\/fr\/monaco-fr\/evenements-du-week-end-du-26-et-27-octobre-2024-monaco-15333\/#breadcrumb","itemListElement":[{"@type":"ListItem","position":1,"name":"Home","item":"https:\/\/montecarloliving.com\/fr\/"},{"@type":"ListItem","position":2,"name":"\u00c9v\u00e9nements du week-end du 26 et 27 octobre 2024 \u00e0 Monaco"}]},{"@type":"WebSite","@id":"https:\/\/montecarloliving.com\/fr\/#website","url":"https:\/\/montecarloliving.com\/fr\/","name":"Montecarlo Living","description":"News da Montecarlo - Principato di Monaco e Costa Azzurra","potentialAction":[{"@type":"SearchAction","target":{"@type":"EntryPoint","urlTemplate":"https:\/\/montecarloliving.com\/fr\/?s={search_term_string}"},"query-input":{"@type":"PropertyValueSpecification","valueRequired":true,"valueName":"search_term_string"}}],"inLanguage":"fr-FR"},{"@type":"Person","@id":"https:\/\/montecarloliving.com\/fr\/#\/schema\/person\/7e5945d4560862b7f2d2c6831bda2819","name":"Redazione","image":{"@type":"ImageObject","inLanguage":"fr-FR","@id":"https:\/\/secure.gravatar.com\/avatar\/8b5f26557e18fe74ad8e8a57ebb2925d88af8a90cee489ff2beefb391bc9b9c7?s=96&d=mm&r=g","url":"https:\/\/secure.gravatar.com\/avatar\/8b5f26557e18fe74ad8e8a57ebb2925d88af8a90cee489ff2beefb391bc9b9c7?s=96&d=mm&r=g","contentUrl":"https:\/\/secure.gravatar.com\/avatar\/8b5f26557e18fe74ad8e8a57ebb2925d88af8a90cee489ff2beefb391bc9b9c7?s=96&d=mm&r=g","caption":"Redazione"}}]}},"_links":{"self":[{"href":"https:\/\/montecarloliving.com\/fr\/wp-json\/wp\/v2\/posts\/15333","targetHints":{"allow":["GET"]}}],"collection":[{"href":"https:\/\/montecarloliving.com\/fr\/wp-json\/wp\/v2\/posts"}],"about":[{"href":"https:\/\/montecarloliving.com\/fr\/wp-json\/wp\/v2\/types\/post"}],"author":[{"embeddable":true,"href":"https:\/\/montecarloliving.com\/fr\/wp-json\/wp\/v2\/users\/1"}],"replies":[{"embeddable":true,"href":"https:\/\/montecarloliving.com\/fr\/wp-json\/wp\/v2\/comments?post=15333"}],"version-history":[{"count":1,"href":"https:\/\/montecarloliving.com\/fr\/wp-json\/wp\/v2\/posts\/15333\/revisions"}],"predecessor-version":[{"id":15334,"href":"https:\/\/montecarloliving.com\/fr\/wp-json\/wp\/v2\/posts\/15333\/revisions\/15334"}],"wp:featuredmedia":[{"embeddable":true,"href":"https:\/\/montecarloliving.com\/fr\/wp-json\/wp\/v2\/media\/6489"}],"wp:attachment":[{"href":"https:\/\/montecarloliving.com\/fr\/wp-json\/wp\/v2\/media?parent=15333"}],"wp:term":[{"taxonomy":"category","embeddable":true,"href":"https:\/\/montecarloliving.com\/fr\/wp-json\/wp\/v2\/categories?post=15333"},{"taxonomy":"post_tag","embeddable":true,"href":"https:\/\/montecarloliving.com\/fr\/wp-json\/wp\/v2\/tags?post=15333"}],"curies":[{"name":"wp","href":"https:\/\/api.w.org\/{rel}","templated":true}]}}