{"id":15250,"date":"2024-10-23T09:59:16","date_gmt":"2024-10-23T07:59:16","guid":{"rendered":"https:\/\/montecarloliving.com\/?p=15250"},"modified":"2024-10-23T10:01:40","modified_gmt":"2024-10-23T08:01:40","slug":"fete-nationale-de-monaco-2024","status":"publish","type":"post","link":"https:\/\/montecarloliving.com\/fr\/evenements\/fete-nationale-de-monaco-2024-15250\/","title":{"rendered":"F\u00eate Nationale de Monaco 2024"},"content":{"rendered":"<p>Dans le cadre des c\u00e9l\u00e9brations de la F\u00eate Nationale, la Mairie de Monaco offre \u00e0 nouveau cette ann\u00e9e \u00e0 tous les Mon\u00e9gasques et aux r\u00e9sidents de tous \u00e2ges la possibilit\u00e9 d\u2019assister gratuitement \u00e0 une s\u00e9rie de spectacles inoubliables.<\/p>\n<p><img loading=\"lazy\" decoding=\"async\" class=\"size-full wp-image-15247 aligncenter\" src=\"https:\/\/montecarloliving.com\/wp-content\/uploads\/2024\/10\/M_0b1eb9b37a.jpg\" alt=\"\" width=\"340\" height=\"510\" srcset=\"https:\/\/montecarloliving.com\/wp-content\/uploads\/2024\/10\/M_0b1eb9b37a.jpg 340w, https:\/\/montecarloliving.com\/wp-content\/uploads\/2024\/10\/M_0b1eb9b37a-200x300.jpg 200w\" sizes=\"auto, (max-width: 340px) 100vw, 340px\" \/><\/p>\n<p><strong>Mercredi 13 novembre, de 14h00 \u00e0 18h30 : F\u00eate nationale des enfants<\/strong><br \/>\nUne journ\u00e9e enti\u00e8rement d\u00e9di\u00e9e aux enfants se tiendra dans la salle de spectacle. Au programme : structures gonflables pour les enfants \u00e0 partir de 2 ans, ateliers cr\u00e9atifs, p\u00eache aux canards, cabanes en bois et autres jeux. L\u2019\u00e9v\u00e9nement est ouvert aux enfants de 2 \u00e0 14 ans, accompagn\u00e9s d\u2019un adulte.<\/p>\n<p><strong>Lundi 18 novembre, \u00e0 20h00 : Spectacle de drones<\/strong><br \/>\nUn spectacle exceptionnel de 800 drones illuminera le ciel au-dessus du quai Albert Ier, dans une zone sp\u00e9cialement sonoris\u00e9e et s\u00e9curis\u00e9e pour offrir une exp\u00e9rience unique.<\/p>\n<p><strong>Lundi 18 novembre, \u00e0 21h00 : Concert acoustique de Nicoletta<\/strong><br \/>\n\u00c0 l&rsquo;Espace L\u00e9o Ferr\u00e9, la c\u00e9l\u00e8bre chanteuse Nicoletta se produira avec son ch\u0153ur Gospel, offrant une exp\u00e9rience musicale intense gr\u00e2ce \u00e0 sa voix si reconnaissable. L\u2019\u00e9v\u00e9nement est ouvert aux adultes et aux enfants \u00e0 partir de 10 ans, accompagn\u00e9s d\u2019un adulte.<\/p>\n<p><strong>Mardi 19 novembre, \u00e0 18h00 : Concert de Liane Foly<\/strong><br \/>\nToujours \u00e0 l\u2019Espace L\u00e9o Ferr\u00e9, l\u2019artiste Liane Foly, reconnue pour sa brillante carri\u00e8re musicale, interpr\u00e9tera ses plus grands succ\u00e8s. Ce concert est \u00e9galement ouvert aux adultes et aux enfants \u00e0 partir de 10 ans, accompagn\u00e9s d\u2019un adulte.<\/p>\n<p><strong>Retrait des invitations<\/strong><br \/>\nLes invitations seront distribu\u00e9es \u00e0 deux endroits :<\/p>\n<ul>\n<li>\u00c0 l\u2019Espace L\u00e9o Ferr\u00e9, de 11h00 \u00e0 18h00<\/li>\n<li>\u00c0 la Mairie de Monaco, de 9h00 \u00e0 16h00<\/li>\n<\/ul>\n<p>Pour retirer les invitations, il sera n\u00e9cessaire de pr\u00e9senter une carte d\u2019identit\u00e9, une carte de s\u00e9jour ou un livret de famille pour les enfants r\u00e9sidents. Une place par document, dans la limite des places disponibles.<\/p>\n<p>Dates de retrait des invitations :<\/p>\n<ul>\n<li><strong>Mardi 5 novembre<\/strong> : Mon\u00e9gasques<\/li>\n<li><strong>Mercredi 6 et jeudi 7 novembre<\/strong> : Mon\u00e9gasques avec conjoint et enfant(s), et r\u00e9sidents avec conjoint et enfant(s).<\/li>\n<\/ul>\n<p>Pour plus d\u2019informations, vous pouvez contacter l\u2019Espace L\u00e9o Ferr\u00e9 au (+377) 93 10 12 10.<\/p>\n","protected":false},"excerpt":{"rendered":"<p>Dans le cadre des c\u00e9l\u00e9brations de la F\u00eate Nationale, la Mairie de Monaco offre \u00e0 nouveau cette ann\u00e9e \u00e0 tous les Mon\u00e9gasques et aux r\u00e9sidents de tous \u00e2ges la possibilit\u00e9 d\u2019assister gratuitement \u00e0 une s\u00e9rie de spectacles inoubliables. Mercredi 13 novembre, de 14h00 \u00e0 [&hellip;]<\/p>\n","protected":false},"author":1,"featured_media":14605,"comment_status":"closed","ping_status":"closed","sticky":false,"template":"","format":"standard","meta":{"footnotes":""},"categories":[828,872,867],"tags":[],"class_list":["post-15250","post","type-post","status-publish","format-standard","has-post-thumbnail","hentry","category-evenements","category-lifestyle-fr","category-monaco-fr"],"yoast_head":"<!-- This site is optimized with the Yoast SEO plugin v27.4 - https:\/\/yoast.com\/product\/yoast-seo-wordpress\/ -->\n<title>F\u00eate Nationale de Monaco 2024<\/title>\n<meta name=\"description\" content=\"Dans le cadre des c\u00e9l\u00e9brations de la F\u00eate Nationale, la Mairie de Monaco offre \u00e0 nouveau cette ann\u00e9e \u00e0 tous les Mon\u00e9gasques et aux r\u00e9sidents de tous \u00e2ges\" \/>\n<meta name=\"robots\" content=\"index, follow, max-snippet:-1, max-image-preview:large, max-video-preview:-1\" \/>\n<link rel=\"canonical\" href=\"https:\/\/montecarloliving.com\/fr\/evenements\/fete-nationale-de-monaco-2024-15250\/\" \/>\n<meta property=\"og:locale\" content=\"fr_FR\" \/>\n<meta property=\"og:title\" content=\"F\u00eate Nationale de Monaco 2024\" \/>\n<meta property=\"og:description\" content=\"Dans le cadre des c\u00e9l\u00e9brations de la F\u00eate Nationale, la Mairie de Monaco offre \u00e0 nouveau cette ann\u00e9e \u00e0 tous les Mon\u00e9gasques et aux r\u00e9sidents de tous \u00e2ges\" \/>\n<meta property=\"og:url\" content=\"https:\/\/montecarloliving.com\/fr\/evenements\/fete-nationale-de-monaco-2024-15250\/\" \/>\n<meta property=\"og:site_name\" content=\"Montecarlo Living\" \/>\n<meta property=\"article:publisher\" content=\"https:\/\/www.facebook.com\/montecarlolivingcom\/\" \/>\n<meta property=\"article:published_time\" content=\"2024-10-23T07:59:16+00:00\" \/>\n<meta property=\"article:modified_time\" content=\"2024-10-23T08:01:40+00:00\" \/>\n<meta property=\"og:image\" content=\"https:\/\/montecarloliving.com\/wp-content\/uploads\/2024\/09\/Monaco-Monte-Carlo-Opera-de-Monte-Carlo-650x400.jpg\" \/>\n\t<meta property=\"og:image:width\" content=\"650\" \/>\n\t<meta property=\"og:image:height\" content=\"400\" \/>\n\t<meta property=\"og:image:type\" content=\"image\/jpeg\" \/>\n<meta name=\"author\" content=\"Redazione\" \/>\n<meta name=\"twitter:card\" content=\"summary_large_image\" \/>\n<meta name=\"twitter:creator\" content=\"@MonteCarloLivi\" \/>\n<meta name=\"twitter:site\" content=\"@MonteCarloLivi\" \/>\n<meta name=\"twitter:label1\" content=\"\u00c9crit par\" \/>\n\t<meta name=\"twitter:data1\" content=\"Redazione\" \/>\n\t<meta name=\"twitter:label2\" content=\"Dur\u00e9e de lecture estim\u00e9e\" \/>\n\t<meta name=\"twitter:data2\" content=\"2 minutes\" \/>\n<script type=\"application\/ld+json\" class=\"yoast-schema-graph\">{\"@context\":\"https:\\\/\\\/schema.org\",\"@graph\":[{\"@type\":\"Article\",\"@id\":\"https:\\\/\\\/montecarloliving.com\\\/fr\\\/evenements\\\/fete-nationale-de-monaco-2024-15250\\\/#article\",\"isPartOf\":{\"@id\":\"https:\\\/\\\/montecarloliving.com\\\/fr\\\/evenements\\\/fete-nationale-de-monaco-2024-15250\\\/\"},\"author\":{\"name\":\"Redazione\",\"@id\":\"https:\\\/\\\/montecarloliving.com\\\/fr\\\/#\\\/schema\\\/person\\\/7e5945d4560862b7f2d2c6831bda2819\"},\"headline\":\"F\u00eate Nationale de Monaco 2024\",\"datePublished\":\"2024-10-23T07:59:16+00:00\",\"dateModified\":\"2024-10-23T08:01:40+00:00\",\"mainEntityOfPage\":{\"@id\":\"https:\\\/\\\/montecarloliving.com\\\/fr\\\/evenements\\\/fete-nationale-de-monaco-2024-15250\\\/\"},\"wordCount\":358,\"image\":{\"@id\":\"https:\\\/\\\/montecarloliving.com\\\/fr\\\/evenements\\\/fete-nationale-de-monaco-2024-15250\\\/#primaryimage\"},\"thumbnailUrl\":\"https:\\\/\\\/montecarloliving.com\\\/wp-content\\\/uploads\\\/2024\\\/09\\\/Monaco-Monte-Carlo-Opera-de-Monte-Carlo.jpg\",\"articleSection\":[\"\u00c9v\u00e9nements\",\"Lifestyle\",\"Monaco\"],\"inLanguage\":\"fr-FR\"},{\"@type\":\"WebPage\",\"@id\":\"https:\\\/\\\/montecarloliving.com\\\/fr\\\/evenements\\\/fete-nationale-de-monaco-2024-15250\\\/\",\"url\":\"https:\\\/\\\/montecarloliving.com\\\/fr\\\/evenements\\\/fete-nationale-de-monaco-2024-15250\\\/\",\"name\":\"F\u00eate Nationale de Monaco 2024\",\"isPartOf\":{\"@id\":\"https:\\\/\\\/montecarloliving.com\\\/fr\\\/#website\"},\"primaryImageOfPage\":{\"@id\":\"https:\\\/\\\/montecarloliving.com\\\/fr\\\/evenements\\\/fete-nationale-de-monaco-2024-15250\\\/#primaryimage\"},\"image\":{\"@id\":\"https:\\\/\\\/montecarloliving.com\\\/fr\\\/evenements\\\/fete-nationale-de-monaco-2024-15250\\\/#primaryimage\"},\"thumbnailUrl\":\"https:\\\/\\\/montecarloliving.com\\\/wp-content\\\/uploads\\\/2024\\\/09\\\/Monaco-Monte-Carlo-Opera-de-Monte-Carlo.jpg\",\"datePublished\":\"2024-10-23T07:59:16+00:00\",\"dateModified\":\"2024-10-23T08:01:40+00:00\",\"author\":{\"@id\":\"https:\\\/\\\/montecarloliving.com\\\/fr\\\/#\\\/schema\\\/person\\\/7e5945d4560862b7f2d2c6831bda2819\"},\"description\":\"Dans le cadre des c\u00e9l\u00e9brations de la F\u00eate Nationale, la Mairie de Monaco offre \u00e0 nouveau cette ann\u00e9e \u00e0 tous les Mon\u00e9gasques et aux r\u00e9sidents de tous \u00e2ges\",\"breadcrumb\":{\"@id\":\"https:\\\/\\\/montecarloliving.com\\\/fr\\\/evenements\\\/fete-nationale-de-monaco-2024-15250\\\/#breadcrumb\"},\"inLanguage\":\"fr-FR\",\"potentialAction\":[{\"@type\":\"ReadAction\",\"target\":[\"https:\\\/\\\/montecarloliving.com\\\/fr\\\/evenements\\\/fete-nationale-de-monaco-2024-15250\\\/\"]}]},{\"@type\":\"ImageObject\",\"inLanguage\":\"fr-FR\",\"@id\":\"https:\\\/\\\/montecarloliving.com\\\/fr\\\/evenements\\\/fete-nationale-de-monaco-2024-15250\\\/#primaryimage\",\"url\":\"https:\\\/\\\/montecarloliving.com\\\/wp-content\\\/uploads\\\/2024\\\/09\\\/Monaco-Monte-Carlo-Opera-de-Monte-Carlo.jpg\",\"contentUrl\":\"https:\\\/\\\/montecarloliving.com\\\/wp-content\\\/uploads\\\/2024\\\/09\\\/Monaco-Monte-Carlo-Opera-de-Monte-Carlo.jpg\",\"width\":1440,\"height\":954},{\"@type\":\"BreadcrumbList\",\"@id\":\"https:\\\/\\\/montecarloliving.com\\\/fr\\\/evenements\\\/fete-nationale-de-monaco-2024-15250\\\/#breadcrumb\",\"itemListElement\":[{\"@type\":\"ListItem\",\"position\":1,\"name\":\"Home\",\"item\":\"https:\\\/\\\/montecarloliving.com\\\/fr\\\/\"},{\"@type\":\"ListItem\",\"position\":2,\"name\":\"F\u00eate Nationale de Monaco 2024\"}]},{\"@type\":\"WebSite\",\"@id\":\"https:\\\/\\\/montecarloliving.com\\\/fr\\\/#website\",\"url\":\"https:\\\/\\\/montecarloliving.com\\\/fr\\\/\",\"name\":\"Montecarlo Living\",\"description\":\"News da Montecarlo - Principato di Monaco e Costa Azzurra\",\"potentialAction\":[{\"@type\":\"SearchAction\",\"target\":{\"@type\":\"EntryPoint\",\"urlTemplate\":\"https:\\\/\\\/montecarloliving.com\\\/fr\\\/?s={search_term_string}\"},\"query-input\":{\"@type\":\"PropertyValueSpecification\",\"valueRequired\":true,\"valueName\":\"search_term_string\"}}],\"inLanguage\":\"fr-FR\"},{\"@type\":\"Person\",\"@id\":\"https:\\\/\\\/montecarloliving.com\\\/fr\\\/#\\\/schema\\\/person\\\/7e5945d4560862b7f2d2c6831bda2819\",\"name\":\"Redazione\",\"image\":{\"@type\":\"ImageObject\",\"inLanguage\":\"fr-FR\",\"@id\":\"https:\\\/\\\/secure.gravatar.com\\\/avatar\\\/8b5f26557e18fe74ad8e8a57ebb2925d88af8a90cee489ff2beefb391bc9b9c7?s=96&d=mm&r=g\",\"url\":\"https:\\\/\\\/secure.gravatar.com\\\/avatar\\\/8b5f26557e18fe74ad8e8a57ebb2925d88af8a90cee489ff2beefb391bc9b9c7?s=96&d=mm&r=g\",\"contentUrl\":\"https:\\\/\\\/secure.gravatar.com\\\/avatar\\\/8b5f26557e18fe74ad8e8a57ebb2925d88af8a90cee489ff2beefb391bc9b9c7?s=96&d=mm&r=g\",\"caption\":\"Redazione\"}}]}<\/script>\n<!-- \/ Yoast SEO plugin. -->","yoast_head_json":{"title":"F\u00eate Nationale de Monaco 2024","description":"Dans le cadre des c\u00e9l\u00e9brations de la F\u00eate Nationale, la Mairie de Monaco offre \u00e0 nouveau cette ann\u00e9e \u00e0 tous les Mon\u00e9gasques et aux r\u00e9sidents de tous \u00e2ges","robots":{"index":"index","follow":"follow","max-snippet":"max-snippet:-1","max-image-preview":"max-image-preview:large","max-video-preview":"max-video-preview:-1"},"canonical":"https:\/\/montecarloliving.com\/fr\/evenements\/fete-nationale-de-monaco-2024-15250\/","og_locale":"fr_FR","og_title":"F\u00eate Nationale de Monaco 2024","og_description":"Dans le cadre des c\u00e9l\u00e9brations de la F\u00eate Nationale, la Mairie de Monaco offre \u00e0 nouveau cette ann\u00e9e \u00e0 tous les Mon\u00e9gasques et aux r\u00e9sidents de tous \u00e2ges","og_url":"https:\/\/montecarloliving.com\/fr\/evenements\/fete-nationale-de-monaco-2024-15250\/","og_site_name":"Montecarlo Living","article_publisher":"https:\/\/www.facebook.com\/montecarlolivingcom\/","article_published_time":"2024-10-23T07:59:16+00:00","article_modified_time":"2024-10-23T08:01:40+00:00","og_image":[{"width":650,"height":400,"url":"https:\/\/montecarloliving.com\/wp-content\/uploads\/2024\/09\/Monaco-Monte-Carlo-Opera-de-Monte-Carlo-650x400.jpg","type":"image\/jpeg"}],"author":"Redazione","twitter_card":"summary_large_image","twitter_creator":"@MonteCarloLivi","twitter_site":"@MonteCarloLivi","twitter_misc":{"\u00c9crit par":"Redazione","Dur\u00e9e de lecture estim\u00e9e":"2 minutes"},"schema":{"@context":"https:\/\/schema.org","@graph":[{"@type":"Article","@id":"https:\/\/montecarloliving.com\/fr\/evenements\/fete-nationale-de-monaco-2024-15250\/#article","isPartOf":{"@id":"https:\/\/montecarloliving.com\/fr\/evenements\/fete-nationale-de-monaco-2024-15250\/"},"author":{"name":"Redazione","@id":"https:\/\/montecarloliving.com\/fr\/#\/schema\/person\/7e5945d4560862b7f2d2c6831bda2819"},"headline":"F\u00eate Nationale de Monaco 2024","datePublished":"2024-10-23T07:59:16+00:00","dateModified":"2024-10-23T08:01:40+00:00","mainEntityOfPage":{"@id":"https:\/\/montecarloliving.com\/fr\/evenements\/fete-nationale-de-monaco-2024-15250\/"},"wordCount":358,"image":{"@id":"https:\/\/montecarloliving.com\/fr\/evenements\/fete-nationale-de-monaco-2024-15250\/#primaryimage"},"thumbnailUrl":"https:\/\/montecarloliving.com\/wp-content\/uploads\/2024\/09\/Monaco-Monte-Carlo-Opera-de-Monte-Carlo.jpg","articleSection":["\u00c9v\u00e9nements","Lifestyle","Monaco"],"inLanguage":"fr-FR"},{"@type":"WebPage","@id":"https:\/\/montecarloliving.com\/fr\/evenements\/fete-nationale-de-monaco-2024-15250\/","url":"https:\/\/montecarloliving.com\/fr\/evenements\/fete-nationale-de-monaco-2024-15250\/","name":"F\u00eate Nationale de Monaco 2024","isPartOf":{"@id":"https:\/\/montecarloliving.com\/fr\/#website"},"primaryImageOfPage":{"@id":"https:\/\/montecarloliving.com\/fr\/evenements\/fete-nationale-de-monaco-2024-15250\/#primaryimage"},"image":{"@id":"https:\/\/montecarloliving.com\/fr\/evenements\/fete-nationale-de-monaco-2024-15250\/#primaryimage"},"thumbnailUrl":"https:\/\/montecarloliving.com\/wp-content\/uploads\/2024\/09\/Monaco-Monte-Carlo-Opera-de-Monte-Carlo.jpg","datePublished":"2024-10-23T07:59:16+00:00","dateModified":"2024-10-23T08:01:40+00:00","author":{"@id":"https:\/\/montecarloliving.com\/fr\/#\/schema\/person\/7e5945d4560862b7f2d2c6831bda2819"},"description":"Dans le cadre des c\u00e9l\u00e9brations de la F\u00eate Nationale, la Mairie de Monaco offre \u00e0 nouveau cette ann\u00e9e \u00e0 tous les Mon\u00e9gasques et aux r\u00e9sidents de tous \u00e2ges","breadcrumb":{"@id":"https:\/\/montecarloliving.com\/fr\/evenements\/fete-nationale-de-monaco-2024-15250\/#breadcrumb"},"inLanguage":"fr-FR","potentialAction":[{"@type":"ReadAction","target":["https:\/\/montecarloliving.com\/fr\/evenements\/fete-nationale-de-monaco-2024-15250\/"]}]},{"@type":"ImageObject","inLanguage":"fr-FR","@id":"https:\/\/montecarloliving.com\/fr\/evenements\/fete-nationale-de-monaco-2024-15250\/#primaryimage","url":"https:\/\/montecarloliving.com\/wp-content\/uploads\/2024\/09\/Monaco-Monte-Carlo-Opera-de-Monte-Carlo.jpg","contentUrl":"https:\/\/montecarloliving.com\/wp-content\/uploads\/2024\/09\/Monaco-Monte-Carlo-Opera-de-Monte-Carlo.jpg","width":1440,"height":954},{"@type":"BreadcrumbList","@id":"https:\/\/montecarloliving.com\/fr\/evenements\/fete-nationale-de-monaco-2024-15250\/#breadcrumb","itemListElement":[{"@type":"ListItem","position":1,"name":"Home","item":"https:\/\/montecarloliving.com\/fr\/"},{"@type":"ListItem","position":2,"name":"F\u00eate Nationale de Monaco 2024"}]},{"@type":"WebSite","@id":"https:\/\/montecarloliving.com\/fr\/#website","url":"https:\/\/montecarloliving.com\/fr\/","name":"Montecarlo Living","description":"News da Montecarlo - Principato di Monaco e Costa Azzurra","potentialAction":[{"@type":"SearchAction","target":{"@type":"EntryPoint","urlTemplate":"https:\/\/montecarloliving.com\/fr\/?s={search_term_string}"},"query-input":{"@type":"PropertyValueSpecification","valueRequired":true,"valueName":"search_term_string"}}],"inLanguage":"fr-FR"},{"@type":"Person","@id":"https:\/\/montecarloliving.com\/fr\/#\/schema\/person\/7e5945d4560862b7f2d2c6831bda2819","name":"Redazione","image":{"@type":"ImageObject","inLanguage":"fr-FR","@id":"https:\/\/secure.gravatar.com\/avatar\/8b5f26557e18fe74ad8e8a57ebb2925d88af8a90cee489ff2beefb391bc9b9c7?s=96&d=mm&r=g","url":"https:\/\/secure.gravatar.com\/avatar\/8b5f26557e18fe74ad8e8a57ebb2925d88af8a90cee489ff2beefb391bc9b9c7?s=96&d=mm&r=g","contentUrl":"https:\/\/secure.gravatar.com\/avatar\/8b5f26557e18fe74ad8e8a57ebb2925d88af8a90cee489ff2beefb391bc9b9c7?s=96&d=mm&r=g","caption":"Redazione"}}]}},"_links":{"self":[{"href":"https:\/\/montecarloliving.com\/fr\/wp-json\/wp\/v2\/posts\/15250","targetHints":{"allow":["GET"]}}],"collection":[{"href":"https:\/\/montecarloliving.com\/fr\/wp-json\/wp\/v2\/posts"}],"about":[{"href":"https:\/\/montecarloliving.com\/fr\/wp-json\/wp\/v2\/types\/post"}],"author":[{"embeddable":true,"href":"https:\/\/montecarloliving.com\/fr\/wp-json\/wp\/v2\/users\/1"}],"replies":[{"embeddable":true,"href":"https:\/\/montecarloliving.com\/fr\/wp-json\/wp\/v2\/comments?post=15250"}],"version-history":[{"count":1,"href":"https:\/\/montecarloliving.com\/fr\/wp-json\/wp\/v2\/posts\/15250\/revisions"}],"predecessor-version":[{"id":15251,"href":"https:\/\/montecarloliving.com\/fr\/wp-json\/wp\/v2\/posts\/15250\/revisions\/15251"}],"wp:featuredmedia":[{"embeddable":true,"href":"https:\/\/montecarloliving.com\/fr\/wp-json\/wp\/v2\/media\/14605"}],"wp:attachment":[{"href":"https:\/\/montecarloliving.com\/fr\/wp-json\/wp\/v2\/media?parent=15250"}],"wp:term":[{"taxonomy":"category","embeddable":true,"href":"https:\/\/montecarloliving.com\/fr\/wp-json\/wp\/v2\/categories?post=15250"},{"taxonomy":"post_tag","embeddable":true,"href":"https:\/\/montecarloliving.com\/fr\/wp-json\/wp\/v2\/tags?post=15250"}],"curies":[{"name":"wp","href":"https:\/\/api.w.org\/{rel}","templated":true}]}}