{"id":15190,"date":"2024-10-21T12:27:51","date_gmt":"2024-10-21T10:27:51","guid":{"rendered":"https:\/\/montecarloliving.com\/?p=15190"},"modified":"2024-10-21T12:36:37","modified_gmt":"2024-10-21T10:36:37","slug":"vie-des-plantes-au-palais-de-leurope-menton","status":"publish","type":"post","link":"https:\/\/montecarloliving.com\/fr\/evenements\/vie-des-plantes-au-palais-de-leurope-menton-15190\/","title":{"rendered":"\u201cLa vie des plantes\u201d au Palais de l&rsquo;Europe \u00e0 Menton"},"content":{"rendered":"<p>Du 12 octobre au 25 janvier 2025, le Palais de l&rsquo;Europe \u00e0 Menton accueille l&rsquo;exposition \u00ab\u00a0La vie des plantes\u00a0\u00bb, organis\u00e9e par l&rsquo;association mus\u00e9ale de Menton en collaboration avec le Cirva (Centre international de recherche sur le verre et les arts plastiques).<\/p>\n<p>L&rsquo;exposition est ouverte du mardi au samedi, de 10h00 \u00e0 12h00 et de 14h00 \u00e0 18h00, sauf les jours f\u00e9ri\u00e9s. Les commissaires de l&rsquo;exposition sont Stanislas Colodiet, Directeur du Cirva, et Guillaume Theuli\u00e8re, Directeur des Mus\u00e9es de Menton. La sc\u00e9nographie et la conception graphique sont r\u00e9alis\u00e9es par Ahmad Reshad, en collaboration avec le Pavillon Bosio de Monaco.<\/p>\n<p>Le maire de Menton, Yves Juhel, invite le public \u00e0 d\u00e9couvrir cette nouvelle exposition qui inaugure la saison culturelle de la ville. Menton, c\u00e9l\u00e8bre pour ses jardins et situ\u00e9e \u00e0 la fronti\u00e8re italienne, rend hommage \u00e0 des g\u00e9n\u00e9rations d&rsquo;artistes et de designers qui, depuis les ann\u00e9es 1980, explorent la flore dans ses dimensions ornementales et organiques.<\/p>\n<p>L&rsquo;exposition se distingue par une sc\u00e9nographie \u00e9co-responsable, utilisant des modules pr\u00e9existants, et pr\u00e9sente des \u0153uvres de douze artistes r\u00e9alis\u00e9es au Cirva \u00e0 Marseille. Inspir\u00e9e par l&rsquo;\u0153uvre d&rsquo;Emanuele Coccia \u00ab\u00a0La Vie des plantes\u00a0\u00bb, la galerie des mus\u00e9es du Palais de l&rsquo;Europe expose une s\u00e9lection de pi\u00e8ces issues de la collection du Cirva, toutes inspir\u00e9es du monde v\u00e9g\u00e9tal.<\/p>\n<p><img decoding=\"async\" class=\"aligncenter\" src=\"https:\/\/www.menton.fr\/local\/cache-responsive\/cache-960\/6637f295431dc1f594af4cc0496cceef.jpg.webp?1728388430\" \/><\/p>\n<p>L&rsquo;exposition explore comment la vie et les processus de croissance des plantes influencent les m\u00e9thodes cr\u00e9atives des artistes. Le verre, mat\u00e9riau naturellement vivant et vibrant, est l&rsquo;\u00e9l\u00e9ment central des \u0153uvres : fa\u00e7onn\u00e9 par un processus alchimique m\u00ealant sable, feu et eau, il capture le souffle du souffleur et se transforme en une forme solide, transparente ou color\u00e9e.<\/p>\n<p>\u00c0 l&rsquo;instar d&rsquo;une plante, la cr\u00e9ation en verre na\u00eet des \u00e9l\u00e9ments naturels\u2014terre, feu, air et eau\u2014et se sublime \u00e0 travers la lumi\u00e8re, incarnant \u00ab\u00a0le souffle du monde\u00a0\u00bb, concept cl\u00e9 de la philosophie d&rsquo;Emanuele Coccia.<\/p>\n<p>Le parcours de l&rsquo;exposition est ponctu\u00e9 de r\u00e9flexions \u00e0 la crois\u00e9e de la biologie, du design, de l&rsquo;artisanat et de la cr\u00e9ation contemporaine, explorant des notions comme le souffle, la germination des graines, la photosynth\u00e8se, la greffe et la floraison, offrant au public un voyage unique dans le monde v\u00e9g\u00e9tal \u00e0 travers le prisme artistique.<\/p>\n","protected":false},"excerpt":{"rendered":"<p>Du 12 octobre au 25 janvier 2025, le Palais de l&rsquo;Europe \u00e0 Menton accueille l&rsquo;exposition \u00ab\u00a0La vie des plantes\u00a0\u00bb, organis\u00e9e par l&rsquo;association mus\u00e9ale de Menton en collaboration avec le Cirva (Centre international de recherche sur le verre et les arts plastiques). L&rsquo;exposition est ouverte [&hellip;]<\/p>\n","protected":false},"author":1,"featured_media":15185,"comment_status":"closed","ping_status":"closed","sticky":false,"template":"","format":"standard","meta":{"footnotes":""},"categories":[828,869],"tags":[],"class_list":["post-15190","post","type-post","status-publish","format-standard","has-post-thumbnail","hentry","category-evenements","category-menton"],"yoast_head":"<!-- This site is optimized with the Yoast SEO plugin v27.4 - https:\/\/yoast.com\/product\/yoast-seo-wordpress\/ -->\n<title>\u201cLa vie des plantes\u201d au Palais de l&#039;Europe \u00e0 Menton<\/title>\n<meta name=\"description\" content=\"Du 12 octobre au 25 janvier 2025, le Palais de l&#039;Europe \u00e0 Menton accueille l&#039;exposition &quot;La vie des plantes&quot;, organis\u00e9e par l&#039;association mus\u00e9ale de\" \/>\n<meta name=\"robots\" content=\"index, follow, max-snippet:-1, max-image-preview:large, max-video-preview:-1\" \/>\n<link rel=\"canonical\" href=\"https:\/\/montecarloliving.com\/fr\/evenements\/vie-des-plantes-au-palais-de-leurope-menton-15190\/\" \/>\n<meta property=\"og:locale\" content=\"fr_FR\" \/>\n<meta property=\"og:title\" content=\"\u201cLa vie des plantes\u201d au Palais de l&#039;Europe \u00e0 Menton\" \/>\n<meta property=\"og:description\" content=\"Du 12 octobre au 25 janvier 2025, le Palais de l&#039;Europe \u00e0 Menton accueille l&#039;exposition &quot;La vie des plantes&quot;, organis\u00e9e par l&#039;association mus\u00e9ale de\" \/>\n<meta property=\"og:url\" content=\"https:\/\/montecarloliving.com\/fr\/evenements\/vie-des-plantes-au-palais-de-leurope-menton-15190\/\" \/>\n<meta property=\"og:site_name\" content=\"Montecarlo Living\" \/>\n<meta property=\"article:publisher\" content=\"https:\/\/www.facebook.com\/montecarlolivingcom\/\" \/>\n<meta property=\"article:published_time\" content=\"2024-10-21T10:27:51+00:00\" \/>\n<meta property=\"article:modified_time\" content=\"2024-10-21T10:36:37+00:00\" \/>\n<meta property=\"og:image\" content=\"https:\/\/montecarloliving.com\/wp-content\/uploads\/2024\/10\/image-4-650x400.jpg\" \/>\n\t<meta property=\"og:image:width\" content=\"650\" \/>\n\t<meta property=\"og:image:height\" content=\"400\" \/>\n\t<meta property=\"og:image:type\" content=\"image\/jpeg\" \/>\n<meta name=\"author\" content=\"Redazione\" \/>\n<meta name=\"twitter:card\" content=\"summary_large_image\" \/>\n<meta name=\"twitter:creator\" content=\"@MonteCarloLivi\" \/>\n<meta name=\"twitter:site\" content=\"@MonteCarloLivi\" \/>\n<meta name=\"twitter:label1\" content=\"\u00c9crit par\" \/>\n\t<meta name=\"twitter:data1\" content=\"Redazione\" \/>\n\t<meta name=\"twitter:label2\" content=\"Dur\u00e9e de lecture estim\u00e9e\" \/>\n\t<meta name=\"twitter:data2\" content=\"3 minutes\" \/>\n<script type=\"application\/ld+json\" class=\"yoast-schema-graph\">{\"@context\":\"https:\\\/\\\/schema.org\",\"@graph\":[{\"@type\":\"Article\",\"@id\":\"https:\\\/\\\/montecarloliving.com\\\/fr\\\/evenements\\\/vie-des-plantes-au-palais-de-leurope-menton-15190\\\/#article\",\"isPartOf\":{\"@id\":\"https:\\\/\\\/montecarloliving.com\\\/fr\\\/evenements\\\/vie-des-plantes-au-palais-de-leurope-menton-15190\\\/\"},\"author\":{\"name\":\"Redazione\",\"@id\":\"https:\\\/\\\/montecarloliving.com\\\/fr\\\/#\\\/schema\\\/person\\\/7e5945d4560862b7f2d2c6831bda2819\"},\"headline\":\"\u201cLa vie des plantes\u201d au Palais de l&rsquo;Europe \u00e0 Menton\",\"datePublished\":\"2024-10-21T10:27:51+00:00\",\"dateModified\":\"2024-10-21T10:36:37+00:00\",\"mainEntityOfPage\":{\"@id\":\"https:\\\/\\\/montecarloliving.com\\\/fr\\\/evenements\\\/vie-des-plantes-au-palais-de-leurope-menton-15190\\\/\"},\"wordCount\":415,\"image\":{\"@id\":\"https:\\\/\\\/montecarloliving.com\\\/fr\\\/evenements\\\/vie-des-plantes-au-palais-de-leurope-menton-15190\\\/#primaryimage\"},\"thumbnailUrl\":\"https:\\\/\\\/montecarloliving.com\\\/wp-content\\\/uploads\\\/2024\\\/10\\\/image-4.jpg\",\"articleSection\":[\"\u00c9v\u00e9nements\",\"Menton\"],\"inLanguage\":\"fr-FR\"},{\"@type\":\"WebPage\",\"@id\":\"https:\\\/\\\/montecarloliving.com\\\/fr\\\/evenements\\\/vie-des-plantes-au-palais-de-leurope-menton-15190\\\/\",\"url\":\"https:\\\/\\\/montecarloliving.com\\\/fr\\\/evenements\\\/vie-des-plantes-au-palais-de-leurope-menton-15190\\\/\",\"name\":\"\u201cLa vie des plantes\u201d au Palais de l'Europe \u00e0 Menton\",\"isPartOf\":{\"@id\":\"https:\\\/\\\/montecarloliving.com\\\/fr\\\/#website\"},\"primaryImageOfPage\":{\"@id\":\"https:\\\/\\\/montecarloliving.com\\\/fr\\\/evenements\\\/vie-des-plantes-au-palais-de-leurope-menton-15190\\\/#primaryimage\"},\"image\":{\"@id\":\"https:\\\/\\\/montecarloliving.com\\\/fr\\\/evenements\\\/vie-des-plantes-au-palais-de-leurope-menton-15190\\\/#primaryimage\"},\"thumbnailUrl\":\"https:\\\/\\\/montecarloliving.com\\\/wp-content\\\/uploads\\\/2024\\\/10\\\/image-4.jpg\",\"datePublished\":\"2024-10-21T10:27:51+00:00\",\"dateModified\":\"2024-10-21T10:36:37+00:00\",\"author\":{\"@id\":\"https:\\\/\\\/montecarloliving.com\\\/fr\\\/#\\\/schema\\\/person\\\/7e5945d4560862b7f2d2c6831bda2819\"},\"description\":\"Du 12 octobre au 25 janvier 2025, le Palais de l'Europe \u00e0 Menton accueille l'exposition \\\"La vie des plantes\\\", organis\u00e9e par l'association mus\u00e9ale de\",\"breadcrumb\":{\"@id\":\"https:\\\/\\\/montecarloliving.com\\\/fr\\\/evenements\\\/vie-des-plantes-au-palais-de-leurope-menton-15190\\\/#breadcrumb\"},\"inLanguage\":\"fr-FR\",\"potentialAction\":[{\"@type\":\"ReadAction\",\"target\":[\"https:\\\/\\\/montecarloliving.com\\\/fr\\\/evenements\\\/vie-des-plantes-au-palais-de-leurope-menton-15190\\\/\"]}]},{\"@type\":\"ImageObject\",\"inLanguage\":\"fr-FR\",\"@id\":\"https:\\\/\\\/montecarloliving.com\\\/fr\\\/evenements\\\/vie-des-plantes-au-palais-de-leurope-menton-15190\\\/#primaryimage\",\"url\":\"https:\\\/\\\/montecarloliving.com\\\/wp-content\\\/uploads\\\/2024\\\/10\\\/image-4.jpg\",\"contentUrl\":\"https:\\\/\\\/montecarloliving.com\\\/wp-content\\\/uploads\\\/2024\\\/10\\\/image-4.jpg\",\"width\":1440,\"height\":1080},{\"@type\":\"BreadcrumbList\",\"@id\":\"https:\\\/\\\/montecarloliving.com\\\/fr\\\/evenements\\\/vie-des-plantes-au-palais-de-leurope-menton-15190\\\/#breadcrumb\",\"itemListElement\":[{\"@type\":\"ListItem\",\"position\":1,\"name\":\"Home\",\"item\":\"https:\\\/\\\/montecarloliving.com\\\/fr\\\/\"},{\"@type\":\"ListItem\",\"position\":2,\"name\":\"\u201cLa vie des plantes\u201d au Palais de l&#8217;Europe \u00e0 Menton\"}]},{\"@type\":\"WebSite\",\"@id\":\"https:\\\/\\\/montecarloliving.com\\\/fr\\\/#website\",\"url\":\"https:\\\/\\\/montecarloliving.com\\\/fr\\\/\",\"name\":\"Montecarlo Living\",\"description\":\"News da Montecarlo - Principato di Monaco e Costa Azzurra\",\"potentialAction\":[{\"@type\":\"SearchAction\",\"target\":{\"@type\":\"EntryPoint\",\"urlTemplate\":\"https:\\\/\\\/montecarloliving.com\\\/fr\\\/?s={search_term_string}\"},\"query-input\":{\"@type\":\"PropertyValueSpecification\",\"valueRequired\":true,\"valueName\":\"search_term_string\"}}],\"inLanguage\":\"fr-FR\"},{\"@type\":\"Person\",\"@id\":\"https:\\\/\\\/montecarloliving.com\\\/fr\\\/#\\\/schema\\\/person\\\/7e5945d4560862b7f2d2c6831bda2819\",\"name\":\"Redazione\",\"image\":{\"@type\":\"ImageObject\",\"inLanguage\":\"fr-FR\",\"@id\":\"https:\\\/\\\/secure.gravatar.com\\\/avatar\\\/8b5f26557e18fe74ad8e8a57ebb2925d88af8a90cee489ff2beefb391bc9b9c7?s=96&d=mm&r=g\",\"url\":\"https:\\\/\\\/secure.gravatar.com\\\/avatar\\\/8b5f26557e18fe74ad8e8a57ebb2925d88af8a90cee489ff2beefb391bc9b9c7?s=96&d=mm&r=g\",\"contentUrl\":\"https:\\\/\\\/secure.gravatar.com\\\/avatar\\\/8b5f26557e18fe74ad8e8a57ebb2925d88af8a90cee489ff2beefb391bc9b9c7?s=96&d=mm&r=g\",\"caption\":\"Redazione\"}}]}<\/script>\n<!-- \/ Yoast SEO plugin. -->","yoast_head_json":{"title":"\u201cLa vie des plantes\u201d au Palais de l'Europe \u00e0 Menton","description":"Du 12 octobre au 25 janvier 2025, le Palais de l'Europe \u00e0 Menton accueille l'exposition \"La vie des plantes\", organis\u00e9e par l'association mus\u00e9ale de","robots":{"index":"index","follow":"follow","max-snippet":"max-snippet:-1","max-image-preview":"max-image-preview:large","max-video-preview":"max-video-preview:-1"},"canonical":"https:\/\/montecarloliving.com\/fr\/evenements\/vie-des-plantes-au-palais-de-leurope-menton-15190\/","og_locale":"fr_FR","og_title":"\u201cLa vie des plantes\u201d au Palais de l'Europe \u00e0 Menton","og_description":"Du 12 octobre au 25 janvier 2025, le Palais de l'Europe \u00e0 Menton accueille l'exposition \"La vie des plantes\", organis\u00e9e par l'association mus\u00e9ale de","og_url":"https:\/\/montecarloliving.com\/fr\/evenements\/vie-des-plantes-au-palais-de-leurope-menton-15190\/","og_site_name":"Montecarlo Living","article_publisher":"https:\/\/www.facebook.com\/montecarlolivingcom\/","article_published_time":"2024-10-21T10:27:51+00:00","article_modified_time":"2024-10-21T10:36:37+00:00","og_image":[{"width":650,"height":400,"url":"https:\/\/montecarloliving.com\/wp-content\/uploads\/2024\/10\/image-4-650x400.jpg","type":"image\/jpeg"}],"author":"Redazione","twitter_card":"summary_large_image","twitter_creator":"@MonteCarloLivi","twitter_site":"@MonteCarloLivi","twitter_misc":{"\u00c9crit par":"Redazione","Dur\u00e9e de lecture estim\u00e9e":"3 minutes"},"schema":{"@context":"https:\/\/schema.org","@graph":[{"@type":"Article","@id":"https:\/\/montecarloliving.com\/fr\/evenements\/vie-des-plantes-au-palais-de-leurope-menton-15190\/#article","isPartOf":{"@id":"https:\/\/montecarloliving.com\/fr\/evenements\/vie-des-plantes-au-palais-de-leurope-menton-15190\/"},"author":{"name":"Redazione","@id":"https:\/\/montecarloliving.com\/fr\/#\/schema\/person\/7e5945d4560862b7f2d2c6831bda2819"},"headline":"\u201cLa vie des plantes\u201d au Palais de l&rsquo;Europe \u00e0 Menton","datePublished":"2024-10-21T10:27:51+00:00","dateModified":"2024-10-21T10:36:37+00:00","mainEntityOfPage":{"@id":"https:\/\/montecarloliving.com\/fr\/evenements\/vie-des-plantes-au-palais-de-leurope-menton-15190\/"},"wordCount":415,"image":{"@id":"https:\/\/montecarloliving.com\/fr\/evenements\/vie-des-plantes-au-palais-de-leurope-menton-15190\/#primaryimage"},"thumbnailUrl":"https:\/\/montecarloliving.com\/wp-content\/uploads\/2024\/10\/image-4.jpg","articleSection":["\u00c9v\u00e9nements","Menton"],"inLanguage":"fr-FR"},{"@type":"WebPage","@id":"https:\/\/montecarloliving.com\/fr\/evenements\/vie-des-plantes-au-palais-de-leurope-menton-15190\/","url":"https:\/\/montecarloliving.com\/fr\/evenements\/vie-des-plantes-au-palais-de-leurope-menton-15190\/","name":"\u201cLa vie des plantes\u201d au Palais de l'Europe \u00e0 Menton","isPartOf":{"@id":"https:\/\/montecarloliving.com\/fr\/#website"},"primaryImageOfPage":{"@id":"https:\/\/montecarloliving.com\/fr\/evenements\/vie-des-plantes-au-palais-de-leurope-menton-15190\/#primaryimage"},"image":{"@id":"https:\/\/montecarloliving.com\/fr\/evenements\/vie-des-plantes-au-palais-de-leurope-menton-15190\/#primaryimage"},"thumbnailUrl":"https:\/\/montecarloliving.com\/wp-content\/uploads\/2024\/10\/image-4.jpg","datePublished":"2024-10-21T10:27:51+00:00","dateModified":"2024-10-21T10:36:37+00:00","author":{"@id":"https:\/\/montecarloliving.com\/fr\/#\/schema\/person\/7e5945d4560862b7f2d2c6831bda2819"},"description":"Du 12 octobre au 25 janvier 2025, le Palais de l'Europe \u00e0 Menton accueille l'exposition \"La vie des plantes\", organis\u00e9e par l'association mus\u00e9ale de","breadcrumb":{"@id":"https:\/\/montecarloliving.com\/fr\/evenements\/vie-des-plantes-au-palais-de-leurope-menton-15190\/#breadcrumb"},"inLanguage":"fr-FR","potentialAction":[{"@type":"ReadAction","target":["https:\/\/montecarloliving.com\/fr\/evenements\/vie-des-plantes-au-palais-de-leurope-menton-15190\/"]}]},{"@type":"ImageObject","inLanguage":"fr-FR","@id":"https:\/\/montecarloliving.com\/fr\/evenements\/vie-des-plantes-au-palais-de-leurope-menton-15190\/#primaryimage","url":"https:\/\/montecarloliving.com\/wp-content\/uploads\/2024\/10\/image-4.jpg","contentUrl":"https:\/\/montecarloliving.com\/wp-content\/uploads\/2024\/10\/image-4.jpg","width":1440,"height":1080},{"@type":"BreadcrumbList","@id":"https:\/\/montecarloliving.com\/fr\/evenements\/vie-des-plantes-au-palais-de-leurope-menton-15190\/#breadcrumb","itemListElement":[{"@type":"ListItem","position":1,"name":"Home","item":"https:\/\/montecarloliving.com\/fr\/"},{"@type":"ListItem","position":2,"name":"\u201cLa vie des plantes\u201d au Palais de l&#8217;Europe \u00e0 Menton"}]},{"@type":"WebSite","@id":"https:\/\/montecarloliving.com\/fr\/#website","url":"https:\/\/montecarloliving.com\/fr\/","name":"Montecarlo Living","description":"News da Montecarlo - Principato di Monaco e Costa Azzurra","potentialAction":[{"@type":"SearchAction","target":{"@type":"EntryPoint","urlTemplate":"https:\/\/montecarloliving.com\/fr\/?s={search_term_string}"},"query-input":{"@type":"PropertyValueSpecification","valueRequired":true,"valueName":"search_term_string"}}],"inLanguage":"fr-FR"},{"@type":"Person","@id":"https:\/\/montecarloliving.com\/fr\/#\/schema\/person\/7e5945d4560862b7f2d2c6831bda2819","name":"Redazione","image":{"@type":"ImageObject","inLanguage":"fr-FR","@id":"https:\/\/secure.gravatar.com\/avatar\/8b5f26557e18fe74ad8e8a57ebb2925d88af8a90cee489ff2beefb391bc9b9c7?s=96&d=mm&r=g","url":"https:\/\/secure.gravatar.com\/avatar\/8b5f26557e18fe74ad8e8a57ebb2925d88af8a90cee489ff2beefb391bc9b9c7?s=96&d=mm&r=g","contentUrl":"https:\/\/secure.gravatar.com\/avatar\/8b5f26557e18fe74ad8e8a57ebb2925d88af8a90cee489ff2beefb391bc9b9c7?s=96&d=mm&r=g","caption":"Redazione"}}]}},"_links":{"self":[{"href":"https:\/\/montecarloliving.com\/fr\/wp-json\/wp\/v2\/posts\/15190","targetHints":{"allow":["GET"]}}],"collection":[{"href":"https:\/\/montecarloliving.com\/fr\/wp-json\/wp\/v2\/posts"}],"about":[{"href":"https:\/\/montecarloliving.com\/fr\/wp-json\/wp\/v2\/types\/post"}],"author":[{"embeddable":true,"href":"https:\/\/montecarloliving.com\/fr\/wp-json\/wp\/v2\/users\/1"}],"replies":[{"embeddable":true,"href":"https:\/\/montecarloliving.com\/fr\/wp-json\/wp\/v2\/comments?post=15190"}],"version-history":[{"count":2,"href":"https:\/\/montecarloliving.com\/fr\/wp-json\/wp\/v2\/posts\/15190\/revisions"}],"predecessor-version":[{"id":15192,"href":"https:\/\/montecarloliving.com\/fr\/wp-json\/wp\/v2\/posts\/15190\/revisions\/15192"}],"wp:featuredmedia":[{"embeddable":true,"href":"https:\/\/montecarloliving.com\/fr\/wp-json\/wp\/v2\/media\/15185"}],"wp:attachment":[{"href":"https:\/\/montecarloliving.com\/fr\/wp-json\/wp\/v2\/media?parent=15190"}],"wp:term":[{"taxonomy":"category","embeddable":true,"href":"https:\/\/montecarloliving.com\/fr\/wp-json\/wp\/v2\/categories?post=15190"},{"taxonomy":"post_tag","embeddable":true,"href":"https:\/\/montecarloliving.com\/fr\/wp-json\/wp\/v2\/tags?post=15190"}],"curies":[{"name":"wp","href":"https:\/\/api.w.org\/{rel}","templated":true}]}}