{"id":15117,"date":"2024-10-18T09:30:00","date_gmt":"2024-10-18T07:30:00","guid":{"rendered":"https:\/\/montecarloliving.com\/?p=15117"},"modified":"2024-10-17T15:08:58","modified_gmt":"2024-10-17T13:08:58","slug":"evenements-du-week-end-des-19-et-20-octobre-2024-monaco","status":"publish","type":"post","link":"https:\/\/montecarloliving.com\/fr\/monaco-fr\/evenements-du-week-end-des-19-et-20-octobre-2024-monaco-15117\/","title":{"rendered":"\u00c9v\u00e9nements du week-end des 19 et 20 octobre 2024 \u00e0 Monaco"},"content":{"rendered":"<p><strong>\u00c9v\u00e9nements du week-end \u00e0 Monaco, d\u00e9couvrez-les tous !!<\/strong><\/p>\n<hr \/>\n<h4><strong>OPMC &#8211; \u00ab\u00a0Hommage \u00e0 Chostakovitch\u00a0\u00bb<\/strong><\/h4>\n<p>Dimanche 20 octobre 2024, \u00e0 18h00, Auditorium Rainier III<br \/>\nOrchestre Philharmonique de Monte-Carlo, Saison 24\/25, sous la Pr\u00e9sidence de S.A.R. la Princesse de Hanovre &#8211; \u00ab\u00a0Hommage \u00e0 Chostakovitch\u00a0\u00bb avec Nathalie STUTZMANN, Cheffe d&rsquo;orchestre, Xavier DE MAISTRE, Harpe. La musique jou\u00e9e inclura des pi\u00e8ces de MAZZOLI, MOSSOLOV et CHOSTAKOVITCH.<\/p>\n<p><a href=\"https:\/\/opmc.mc\/saison-24-25\/\" target=\"_new\" rel=\"noopener\">https:\/\/opmc.mc\/saison-24-25\/<\/a><\/p>\n<hr \/>\n<h4><strong>Betclic \u00c9lite Basket &#8211; \u00ab\u00a0AS Monaco &#8211; Cholet\u00a0\u00bb<\/strong><\/h4>\n<p>Dimanche 20 octobre 2024, Salle Gaston M\u00e9decin<br \/>\nChampionnat de France de basket Betclic \u00c9lite : AS Monaco Roca Team &#8211; Cholet<\/p>\n<p><a href=\"https:\/\/asmonaco.basketball\/\" target=\"_new\" rel=\"noopener\">https:\/\/asmonaco.basketball\/<\/a><\/p>\n<hr \/>\n<h4><strong>Th\u00e9\u00e2tre &#8211; \u00ab\u00a0Jules et Marcel\u00a0\u00bb<\/strong><\/h4>\n<p>Samedi 19 octobre 2024, \u00e0 16h30, Th\u00e9\u00e2tre des Muses<br \/>\nMarcel Pagnol, l&rsquo;un des grands \u00e9crivains et r\u00e9alisateurs, et son ami Jules Raimu, l&rsquo;acteur culte devenu une l\u00e9gende \u00e0 part enti\u00e8re, ont maintenu leur amiti\u00e9 \u00e0 travers une correspondance extraordinaire. Leurs lettres r\u00e9v\u00e8lent la relation sensible, changeante et espi\u00e8gle entre ces deux personnages vifs, \u00e0 travers les projets sur lesquels ils ont travaill\u00e9 ensemble jusqu&rsquo;\u00e0 la mort pr\u00e9matur\u00e9e de Raimu. \u00ab\u00a0Jules et Marcel\u00a0\u00bb raconte l&rsquo;histoire d&rsquo;une amiti\u00e9 profonde, f\u00e9roce et durable, un m\u00e9lange de franchise et de mauvaise foi, de querelles \u00e9piques, d&rsquo;admiration r\u00e9ciproque, de modestie, d&rsquo;humour et de souvenirs&#8230;<\/p>\n<p><a href=\"https:\/\/www.letheatredesmuses.com\/\" target=\"_new\" rel=\"noopener\">https:\/\/www.letheatredesmuses.com\/<\/a><\/p>\n<hr \/>\n<h4><strong>\u00c9v\u00e9nement &#8211; \u00ab\u00a0Festival des Sciences de Monaco\u00a0\u00bb<\/strong><\/h4>\n<p>Samedi 19 octobre 2024, de 10h00 \u00e0 18h00, Centre Commercial de Fontvieille<br \/>\nVenez d\u00e9couvrir les nombreuses organisations scientifiques de la Principaut\u00e9, notamment le Centre Scientifique de Monaco, le Mus\u00e9e d&rsquo;Anthropologie Pr\u00e9historique, la Biblioth\u00e8que, l&rsquo;Association Mon\u00e9gasque pour la Nature, le club de sp\u00e9l\u00e9ologie de Monaco, l&rsquo;Association Mon\u00e9gasque de Pr\u00e9histoire et bien d&rsquo;autres surprises ! Il y aura des jeux, des activit\u00e9s interactives pour les familles, un escape game \u00e0 th\u00e8me scientifique et de nombreuses d\u00e9monstrations. L&rsquo;\u00e9v\u00e9nement est ouvert \u00e0 tous et l&rsquo;entr\u00e9e est gratuite. Ne manquez pas cette occasion unique d&rsquo;explorer le monde fascinant de la science !<\/p>\n<p><a href=\"https:\/\/map.gouv.mc\/\" target=\"_new\" rel=\"noopener\">https:\/\/map.gouv.mc\/<\/a><\/p>\n<hr \/>\n<h4><strong>\u00c9v\u00e9nement &#8211; \u00ab\u00a0Foire de Monaco\u00a0\u00bb<\/strong><\/h4>\n<p>Du vendredi 18 octobre au mardi 19 novembre 2024, Port Hercule, Monaco<br \/>\nL&rsquo;automne et les vacances scolaires de mi-trimestre approchent \u00e0 grands pas, et cela ne peut signifier qu&rsquo;une chose : la foire revient en Principaut\u00e9 ! Comme chaque ann\u00e9e, des dizaines d&rsquo;op\u00e9rateurs de man\u00e8ges et de marchands ambulants (au total 78) se r\u00e9uniront pour un festival de divertissement, avec les jeux de foire traditionnels, des activit\u00e9s, des man\u00e8ges, des auto-tamponneuses, des stands de nourriture et bien plus encore. Le D\u00e9partement des \u00c9v\u00e9nements de la Ville, responsable de l&rsquo;organisation de la foire, a tout pr\u00e9vu, il y aura donc quelque chose pour tout le monde \u00e0 attendre avec impatience !<\/p>\n<p><a href=\"https:\/\/www.mairie.mc\/agenda\" target=\"_new\" rel=\"noopener\">https:\/\/www.mairie.mc\/agenda<\/a><\/p>\n<hr \/>\n<h4><strong>Th\u00e9\u00e2tre &#8211; \u00ab\u00a0Le Schpountz\u00a0\u00bb<\/strong><\/h4>\n<p>Jeudi 17, vendredi 18, samedi 19 octobre \u00e0 20h00 et dimanche 20 octobre 2024 \u00e0 16h30, Th\u00e9\u00e2tre des Muses<br \/>\nDans l&rsquo;\u00e9picerie familiale, Ir\u00e9n\u00e9e, un humble \u00e9picier, s&rsquo;ennuie. Il r\u00eave de devenir une star de cin\u00e9ma. Lorsque des gens de l&rsquo;industrie cin\u00e9matographique parisienne arrivent dans le village, ses espoirs renaissent. La chance lui sourit-elle ? Amus\u00e9s par les ambitions na\u00efves d&rsquo;Ir\u00e9n\u00e9e, les cin\u00e9astes lui offrent un r\u00f4le pour plaisanter. Submerg\u00e9 par la fiert\u00e9 et l&rsquo;enthousiasme, il ignore les sages conseils de son entourage et se lance avec confiance, bien que na\u00efvement, dans un monde connu pour ses faux-semblants.<\/p>\n<p><a href=\"https:\/\/www.letheatredesmuses.com\/\" target=\"_new\" rel=\"noopener\">https:\/\/www.letheatredesmuses.com\/<\/a><\/p>\n<hr \/>\n<h4><strong>Musique &#8211; \u00ab\u00a0Festival International d&rsquo;Orgue de Monaco\u00a0\u00bb<\/strong><\/h4>\n<p>Du samedi 12 au samedi 19 octobre 2024, Principaut\u00e9 de Monaco<br \/>\nLa Principaut\u00e9 se targue d&rsquo;un illustre patrimoine organistique. Si le plus grand orgue de Monaco se trouve dans la Cath\u00e9drale, le nouvel instrument de l&rsquo;Eglise du Sacr\u00e9-Coeur et l&rsquo;orgue de l&rsquo;Eglise Saint-Charles sont tout aussi remarquables \u00e0 leur mani\u00e8re et m\u00e9ritent leur place au Festival.<\/p>\n<p><a href=\"https:\/\/www.festivalorguemonaco.com\/\" target=\"_new\" rel=\"noopener\">https:\/\/www.festivalorguemonaco.com\/<\/a><\/p>\n<hr \/>\n<h4><strong>Exposition &#8211; \u00ab\u00a0Des Ateliers aux Ateliers\u00a0\u00bb<\/strong><\/h4>\n<p>Du mercredi 18 septembre au dimanche 24 novembre 2024, du mardi au dimanche, de 13h00 \u00e0 19h00, Salle d&rsquo;Exposition, Quai Antoine Ier<br \/>\nOrganis\u00e9e par le D\u00e9partement de la Culture de la Principaut\u00e9 de Monaco, l&rsquo;exposition \u00ab\u00a0Des Ateliers aux Ateliers\u00a0\u00bb est un voyage sans pr\u00e9c\u00e9dent \u00e0 travers l&rsquo;histoire de l&rsquo;art du XXe si\u00e8cle, avec plus de 150 photographies de Michel SIMA. L&rsquo;exposition fait le lien entre le monde de l&rsquo;art moderne et la vie de la cr\u00e9ation contemporaine, le projet se d\u00e9roulant non loin des \u00ab\u00a0Ateliers du Quai\u00a0\u00bb, une r\u00e9sidence internationale d&rsquo;artistes qui rappelle la riche histoire artistique de la Principaut\u00e9.<\/p>\n<p>INFO : 377 98 98 83 037<\/p>\n<hr \/>\n<h4><strong>Exposition &#8211; \u00ab\u00a0Symphonie des Couleurs\u00a0\u00bb<\/strong><\/h4>\n<p>Du jeudi 20 juin 2024 au dimanche 6 juillet 2025, de 10h00 \u00e0 18h00, Espace 22<br \/>\nNous avons le plaisir d&rsquo;annoncer la nouvelle exposition \u00ab\u00a0Symphonie des Couleurs\u00a0\u00bb mettant en avant les talents exceptionnels de trois artistes : Maja Kerin, Liudmila Sun et Maria Mikileva. Du 20 juin au 6 juillet, de 10h00 \u00e0 18h00, venez d\u00e9couvrir les \u0153uvres de ces trois femmes inspir\u00e9es de la Principaut\u00e9. Plongez dans un monde de couleurs intrigantes, o\u00f9 chaque toile raconte une histoire unique. Une symphonie visuelle qui enchantera vos sens et nourrira votre \u00e2me artistique.<\/p>\n<p><a href=\"https:\/\/espace22.mc\/\" target=\"_new\" rel=\"noopener\">https:\/\/espace22.mc\/<\/a><\/p>\n<hr \/>\n<h4><strong>Environnement &#8211; \u00ab\u00a0Monaco Z\u00e9ro M\u00e9gots\u00a0\u00bb<\/strong><\/h4>\n<p>Plusieurs \u00ab\u00a0M\u00e9gotBox\u00a0\u00bb (points de collecte et de recyclage pour les m\u00e9gots de cigarette) sont plac\u00e9es devant certains sites municipaux : la Mairie de Monaco, l&rsquo;\u00c9cole des Arts Plastiques &#8211; Pavillon Bosio, l&rsquo;Acad\u00e9mie Rainier III, la M\u00e9diath\u00e8que Jos\u00e9 Notari &#8211; M\u00e9diath\u00e8que Sonore, la Biblioth\u00e8que Louis Notari, le Stade Nautique Rainier III, l&rsquo;Espace L\u00e9o Ferr\u00e9, le March\u00e9 de La Condamine, le March\u00e9 de Monte-Carlo. Cette initiative vise \u00e0 prot\u00e9ger l&rsquo;environnement.<\/p>\n<p><a href=\"https:\/\/www.mairie.mc\/monaco-zero-megot\" target=\"_new\" rel=\"noopener\">https:\/\/www.mairie.mc\/monaco-zero-megot<\/a><\/p>\n<hr \/>\n<h4><strong>Exposition &#8211; \u00ab\u00a0Lascaux \u00e0 Monaco\u00a0\u00bb<\/strong><\/h4>\n<p>Du vendredi 19 avril au jeudi 21 novembre 2024, au Mus\u00e9e d&rsquo;Anthropologie Pr\u00e9historique, une sc\u00e9nographie originale organis\u00e9e autour de fac-simil\u00e9s et d&rsquo;une exp\u00e9rience de R\u00e9alit\u00e9 Virtuelle immersive gr\u00e2ce \u00e0 #SPL LASCAUX, exclusive gr\u00e2ce aux Partenaires du Mus\u00e9e. Des objets originaux de la grotte de Lascaux sont expos\u00e9s en pr\u00eat du Mus\u00e9e National de Pr\u00e9histoire (Les Eyzies, France). En parall\u00e8le, un cycle de conf\u00e9rences anim\u00e9es par des chercheurs et sp\u00e9cialistes vous attend. Des visites sont \u00e9galement organis\u00e9es en groupe pour les scolaires.<\/p>\n<p><a href=\"https:\/\/musee-anthropologie.mc\/\" target=\"_new\" rel=\"noopener\">https:\/\/musee-anthropologie.mc\/<\/a><\/p>\n<hr \/>\n<h4><strong>v\u00e9nement &#8211; \u00ab\u00a0150e Anniversaire des Caves de l&rsquo;H\u00f4tel de Paris\u00a0\u00bb<\/strong><\/h4>\n<p>Du lundi 1er avril au jeudi 31 octobre 2024, Monte-Carlo SBM Resort<br \/>\nCette ann\u00e9e, la Soci\u00e9t\u00e9 des Bains de Mer de Monte-Carlo c\u00e9l\u00e8bre le 150e anniversaire des fameuses Caves de l&rsquo;H\u00f4tel de Paris Monte-Carlo ! Ouvertes en 1874, elles sont un monument de la longue et illustre histoire de l&rsquo;entreprise. Pour l&rsquo;occasion, les plus grandes caves d&rsquo;h\u00f4tel du monde ouvriront leurs portes pour une c\u00e9l\u00e9bration unique, avec des visites fascinantes, des d\u00eeners exclusifs, des s\u00e9ances de d\u00e9gustation exceptionnelles, et bien plus encore. D\u00e9couvrez l&rsquo;un des tr\u00e9sors cach\u00e9s les plus pr\u00e9cieux de Monaco et profitez des c\u00e9l\u00e9brations !<\/p>\n<p><a href=\"https:\/\/www.montecarlosbm.com\/fr\/inspiration\/events\/150-ans-des-caves-de-lhotel-de-paris-monte-carlo\" target=\"_new\" rel=\"noopener\">https:\/\/www.montecarlosbm.com\/fr\/inspiration\/events\/150-ans-des-caves-de-lhotel-de-paris-monte-carlo<\/a><\/p>\n<hr \/>\n<h4><strong>Exposition &#8211; \u00ab\u00a0Les Premi\u00e8res Ann\u00e9es de T\u00e9l\u00e9 Monte-Carlo, 1954-1974\u00a0\u00bb<\/strong><\/h4>\n<p>Du lundi 25 mars 2024 au vendredi 31 janvier 2025, de 10h00 \u00e0 17h30 (jusqu&rsquo;\u00e0 17h00 le vendredi), \u00e0 l&rsquo;Institut Audiovisuel de Monaco<br \/>\n<em>Le Cabinet des Merveilles &#8211; &lsquo;Les Premi\u00e8res Ann\u00e9es de T\u00e9l\u00e9 Monte-Carlo, 1954-1974&rsquo;<\/em> &#8211; Une exposition qui explore les 20 premi\u00e8res ann\u00e9es de la cha\u00eene de t\u00e9l\u00e9vision mon\u00e9gasque, lanc\u00e9e en 1954. Une s\u00e9lection d&rsquo;archives et d&rsquo;objets vous ram\u00e8nera aux tout premiers jours de la t\u00e9l\u00e9vision en couleurs. Organis\u00e9e par l&rsquo;Institut Audiovisuel de Monaco, l&rsquo;exposition pr\u00e9sente des objets confi\u00e9s par T\u00e9l\u00e9 Monte-Carlo pour leur pr\u00e9servation, des documents provenant d&rsquo;institutions partenaires, ainsi que des mat\u00e9riaux pr\u00eat\u00e9s gracieusement par des particuliers.<\/p>\n<p><a href=\"https:\/\/institut-audiovisuel.mc\/evenement\/la-jeunesse-de-tele-monte-carlo\/\" target=\"_new\" rel=\"noopener\">https:\/\/institut-audiovisuel.mc\/evenement\/la-jeunesse-de-tele-monte-carlo\/<\/a><\/p>\n<hr \/>\n<h4><strong>Exposition &#8211; \u00ab\u00a0Le Prince et la M\u00e9diterran\u00e9e\u00a0\u00bb<\/strong><\/h4>\n<p>Depuis le 6 d\u00e9cembre 2023, Mus\u00e9e Oc\u00e9anographique de Monaco<br \/>\n\u00c0 l&rsquo;occasion des c\u00e9l\u00e9brations du centenaire du Prince Rainier III (1923-2023), le Mus\u00e9e Oc\u00e9anographique pr\u00e9sente une nouvelle exposition permanente intitul\u00e9e <em>Le Prince et la M\u00e9diterran\u00e9e<\/em>. \u00c0 travers cette exposition, l&rsquo;Institut Oc\u00e9anographique rend hommage au lien ind\u00e9fectible qui unissait le Prince Rainier III \u00e0 l&rsquo;Oc\u00e9an, et en particulier \u00e0 la M\u00e9diterran\u00e9e. Les visiteurs sont invit\u00e9s \u00e0 monter \u00e0 bord de son bateau, le <em>Deo Juvante II<\/em>. Guid\u00e9s par la voix de S.A.S. la Princesse St\u00e9phanie, ils d\u00e9couvriront quatre espaces exploratoires et intimes, d\u00e9voilant les diff\u00e9rentes facettes de ce Prince passionn\u00e9 par la Mare Nostrum.<\/p>\n<p><a href=\"https:\/\/billetterie-oceano.tickeasy.com\/fr-FR\/accueil\" target=\"_new\" rel=\"noopener\">https:\/\/billetterie-oceano.tickeasy.com\/fr-FR\/accueil<\/a><\/p>\n<hr \/>\n<h4><strong>Exposition &#8211; \u00ab\u00a0Mission Polaire\u00a0\u00bb<\/strong><\/h4>\n<p>Du samedi 4 juin 2022 au mardi 31 d\u00e9cembre 2024, Mus\u00e9e Oc\u00e9anographique de Monaco.<br \/>\nPlongez dans une exp\u00e9rience interactive et immersive ! Glissez-vous dans la peau d&rsquo;un reporter et partez en mission au c\u0153ur des mondes polaires ! Cinq zones th\u00e9matiques, r\u00e9parties sur deux niveaux, jalonnent ce nouveau parcours de visite.<br \/>\nDe la d\u00e9couverte des p\u00f4les \u00e0 la faune qui y r\u00e9side, en passant par les peuples qui les habitent et les explorent. Des objets et documents, des contenus num\u00e9riques et des dispositifs immersifs se combinent pour une exp\u00e9rience \u00e0 360\u00b0. Le grand voyage peut commencer !<\/p>\n<p><a href=\"https:\/\/musee.oceano.org\/le-parcours-mission-polaire\/\" target=\"_new\" rel=\"noopener\">https:\/\/musee.oceano.org\/le-parcours-mission-polaire\/<\/a><\/p>\n<hr \/>\n<p><a href=\"https:\/\/www.instagram.com\/monte_carlo_living\/\">Visitez Notre Page Instagram<\/a><\/p>\n<p><a href=\"https:\/\/montecarloliving.com\/fr\/\">Lisez d&rsquo;Autres Articles<\/a><\/p>\n","protected":false},"excerpt":{"rendered":"<p>\u00c9v\u00e9nements du week-end \u00e0 Monaco, d\u00e9couvrez-les tous !! OPMC &#8211; \u00ab\u00a0Hommage \u00e0 Chostakovitch\u00a0\u00bb Dimanche 20 octobre 2024, \u00e0 18h00, Auditorium Rainier III Orchestre Philharmonique de Monte-Carlo, Saison 24\/25, sous la Pr\u00e9sidence de S.A.R. la Princesse de Hanovre &#8211; \u00ab\u00a0Hommage \u00e0 Chostakovitch\u00a0\u00bb avec Nathalie STUTZMANN, [&hellip;]<\/p>\n","protected":false},"author":1,"featured_media":6489,"comment_status":"closed","ping_status":"closed","sticky":false,"template":"","format":"standard","meta":{"footnotes":""},"categories":[828,867],"tags":[],"class_list":["post-15117","post","type-post","status-publish","format-standard","has-post-thumbnail","hentry","category-evenements","category-monaco-fr"],"yoast_head":"<!-- This site is optimized with the Yoast SEO plugin v27.5 - https:\/\/yoast.com\/product\/yoast-seo-wordpress\/ -->\n<title>\u00c9v\u00e9nements du week-end des 19 et 20 octobre 2024 \u00e0 Monaco<\/title>\n<meta name=\"description\" content=\"\u00c9v\u00e9nements du week-end \u00e0 Monaco, d\u00e9couvrez-les tous !! OPMC - &quot;Hommage \u00e0 Chostakovitch&quot; Dimanche 20 octobre 2024, \u00e0 18h00, Auditorium...\" \/>\n<meta name=\"robots\" content=\"index, follow, max-snippet:-1, max-image-preview:large, max-video-preview:-1\" \/>\n<link rel=\"canonical\" href=\"https:\/\/montecarloliving.com\/fr\/monaco-fr\/evenements-du-week-end-des-19-et-20-octobre-2024-monaco-15117\/\" \/>\n<meta property=\"og:locale\" content=\"fr_FR\" \/>\n<meta property=\"og:title\" content=\"\u00c9v\u00e9nements du week-end des 19 et 20 octobre 2024 \u00e0 Monaco\" \/>\n<meta property=\"og:description\" content=\"\u00c9v\u00e9nements du week-end \u00e0 Monaco, d\u00e9couvrez-les tous !! OPMC - &quot;Hommage \u00e0 Chostakovitch&quot; Dimanche 20 octobre 2024, \u00e0 18h00, Auditorium...\" \/>\n<meta property=\"og:url\" content=\"https:\/\/montecarloliving.com\/fr\/monaco-fr\/evenements-du-week-end-des-19-et-20-octobre-2024-monaco-15117\/\" \/>\n<meta property=\"og:site_name\" content=\"Montecarlo Living\" \/>\n<meta property=\"article:publisher\" content=\"https:\/\/www.facebook.com\/montecarlolivingcom\/\" \/>\n<meta property=\"article:published_time\" content=\"2024-10-18T07:30:00+00:00\" \/>\n<meta property=\"og:image\" content=\"https:\/\/montecarloliving.com\/wp-content\/uploads\/2024\/01\/COPERTINA-SITO-MONTECARLO-LIVING-8-1-650x400.jpg\" \/>\n\t<meta property=\"og:image:width\" content=\"650\" \/>\n\t<meta property=\"og:image:height\" content=\"400\" \/>\n\t<meta property=\"og:image:type\" content=\"image\/jpeg\" \/>\n<meta name=\"author\" content=\"Redazione\" \/>\n<meta name=\"twitter:card\" content=\"summary_large_image\" \/>\n<meta name=\"twitter:creator\" content=\"@MonteCarloLivi\" \/>\n<meta name=\"twitter:site\" content=\"@MonteCarloLivi\" \/>\n<meta name=\"twitter:label1\" content=\"\u00c9crit par\" \/>\n\t<meta name=\"twitter:data1\" content=\"Redazione\" \/>\n\t<meta name=\"twitter:label2\" content=\"Dur\u00e9e de lecture estim\u00e9e\" \/>\n\t<meta name=\"twitter:data2\" content=\"8 minutes\" \/>\n<script type=\"application\/ld+json\" class=\"yoast-schema-graph\">{\"@context\":\"https:\\\/\\\/schema.org\",\"@graph\":[{\"@type\":\"Article\",\"@id\":\"https:\\\/\\\/montecarloliving.com\\\/fr\\\/monaco-fr\\\/evenements-du-week-end-des-19-et-20-octobre-2024-monaco-15117\\\/#article\",\"isPartOf\":{\"@id\":\"https:\\\/\\\/montecarloliving.com\\\/fr\\\/monaco-fr\\\/evenements-du-week-end-des-19-et-20-octobre-2024-monaco-15117\\\/\"},\"author\":{\"name\":\"Redazione\",\"@id\":\"https:\\\/\\\/montecarloliving.com\\\/fr\\\/#\\\/schema\\\/person\\\/7e5945d4560862b7f2d2c6831bda2819\"},\"headline\":\"\u00c9v\u00e9nements du week-end des 19 et 20 octobre 2024 \u00e0 Monaco\",\"datePublished\":\"2024-10-18T07:30:00+00:00\",\"mainEntityOfPage\":{\"@id\":\"https:\\\/\\\/montecarloliving.com\\\/fr\\\/monaco-fr\\\/evenements-du-week-end-des-19-et-20-octobre-2024-monaco-15117\\\/\"},\"wordCount\":1593,\"image\":{\"@id\":\"https:\\\/\\\/montecarloliving.com\\\/fr\\\/monaco-fr\\\/evenements-du-week-end-des-19-et-20-octobre-2024-monaco-15117\\\/#primaryimage\"},\"thumbnailUrl\":\"https:\\\/\\\/montecarloliving.com\\\/wp-content\\\/uploads\\\/2024\\\/01\\\/COPERTINA-SITO-MONTECARLO-LIVING-8-1.jpg\",\"articleSection\":[\"\u00c9v\u00e9nements\",\"Monaco\"],\"inLanguage\":\"fr-FR\"},{\"@type\":\"WebPage\",\"@id\":\"https:\\\/\\\/montecarloliving.com\\\/fr\\\/monaco-fr\\\/evenements-du-week-end-des-19-et-20-octobre-2024-monaco-15117\\\/\",\"url\":\"https:\\\/\\\/montecarloliving.com\\\/fr\\\/monaco-fr\\\/evenements-du-week-end-des-19-et-20-octobre-2024-monaco-15117\\\/\",\"name\":\"\u00c9v\u00e9nements du week-end des 19 et 20 octobre 2024 \u00e0 Monaco\",\"isPartOf\":{\"@id\":\"https:\\\/\\\/montecarloliving.com\\\/fr\\\/#website\"},\"primaryImageOfPage\":{\"@id\":\"https:\\\/\\\/montecarloliving.com\\\/fr\\\/monaco-fr\\\/evenements-du-week-end-des-19-et-20-octobre-2024-monaco-15117\\\/#primaryimage\"},\"image\":{\"@id\":\"https:\\\/\\\/montecarloliving.com\\\/fr\\\/monaco-fr\\\/evenements-du-week-end-des-19-et-20-octobre-2024-monaco-15117\\\/#primaryimage\"},\"thumbnailUrl\":\"https:\\\/\\\/montecarloliving.com\\\/wp-content\\\/uploads\\\/2024\\\/01\\\/COPERTINA-SITO-MONTECARLO-LIVING-8-1.jpg\",\"datePublished\":\"2024-10-18T07:30:00+00:00\",\"author\":{\"@id\":\"https:\\\/\\\/montecarloliving.com\\\/fr\\\/#\\\/schema\\\/person\\\/7e5945d4560862b7f2d2c6831bda2819\"},\"description\":\"\u00c9v\u00e9nements du week-end \u00e0 Monaco, d\u00e9couvrez-les tous !! OPMC - \\\"Hommage \u00e0 Chostakovitch\\\" Dimanche 20 octobre 2024, \u00e0 18h00, Auditorium...\",\"breadcrumb\":{\"@id\":\"https:\\\/\\\/montecarloliving.com\\\/fr\\\/monaco-fr\\\/evenements-du-week-end-des-19-et-20-octobre-2024-monaco-15117\\\/#breadcrumb\"},\"inLanguage\":\"fr-FR\",\"potentialAction\":[{\"@type\":\"ReadAction\",\"target\":[\"https:\\\/\\\/montecarloliving.com\\\/fr\\\/monaco-fr\\\/evenements-du-week-end-des-19-et-20-octobre-2024-monaco-15117\\\/\"]}]},{\"@type\":\"ImageObject\",\"inLanguage\":\"fr-FR\",\"@id\":\"https:\\\/\\\/montecarloliving.com\\\/fr\\\/monaco-fr\\\/evenements-du-week-end-des-19-et-20-octobre-2024-monaco-15117\\\/#primaryimage\",\"url\":\"https:\\\/\\\/montecarloliving.com\\\/wp-content\\\/uploads\\\/2024\\\/01\\\/COPERTINA-SITO-MONTECARLO-LIVING-8-1.jpg\",\"contentUrl\":\"https:\\\/\\\/montecarloliving.com\\\/wp-content\\\/uploads\\\/2024\\\/01\\\/COPERTINA-SITO-MONTECARLO-LIVING-8-1.jpg\",\"width\":2000,\"height\":1200,\"caption\":\"\u00c9v\u00e9nements du week-end Monaco\"},{\"@type\":\"BreadcrumbList\",\"@id\":\"https:\\\/\\\/montecarloliving.com\\\/fr\\\/monaco-fr\\\/evenements-du-week-end-des-19-et-20-octobre-2024-monaco-15117\\\/#breadcrumb\",\"itemListElement\":[{\"@type\":\"ListItem\",\"position\":1,\"name\":\"Home\",\"item\":\"https:\\\/\\\/montecarloliving.com\\\/fr\\\/\"},{\"@type\":\"ListItem\",\"position\":2,\"name\":\"\u00c9v\u00e9nements du week-end des 19 et 20 octobre 2024 \u00e0 Monaco\"}]},{\"@type\":\"WebSite\",\"@id\":\"https:\\\/\\\/montecarloliving.com\\\/fr\\\/#website\",\"url\":\"https:\\\/\\\/montecarloliving.com\\\/fr\\\/\",\"name\":\"Montecarlo Living\",\"description\":\"News da Montecarlo - Principato di Monaco e Costa Azzurra\",\"potentialAction\":[{\"@type\":\"SearchAction\",\"target\":{\"@type\":\"EntryPoint\",\"urlTemplate\":\"https:\\\/\\\/montecarloliving.com\\\/fr\\\/?s={search_term_string}\"},\"query-input\":{\"@type\":\"PropertyValueSpecification\",\"valueRequired\":true,\"valueName\":\"search_term_string\"}}],\"inLanguage\":\"fr-FR\"},{\"@type\":\"Person\",\"@id\":\"https:\\\/\\\/montecarloliving.com\\\/fr\\\/#\\\/schema\\\/person\\\/7e5945d4560862b7f2d2c6831bda2819\",\"name\":\"Redazione\",\"image\":{\"@type\":\"ImageObject\",\"inLanguage\":\"fr-FR\",\"@id\":\"https:\\\/\\\/secure.gravatar.com\\\/avatar\\\/8b5f26557e18fe74ad8e8a57ebb2925d88af8a90cee489ff2beefb391bc9b9c7?s=96&d=mm&r=g\",\"url\":\"https:\\\/\\\/secure.gravatar.com\\\/avatar\\\/8b5f26557e18fe74ad8e8a57ebb2925d88af8a90cee489ff2beefb391bc9b9c7?s=96&d=mm&r=g\",\"contentUrl\":\"https:\\\/\\\/secure.gravatar.com\\\/avatar\\\/8b5f26557e18fe74ad8e8a57ebb2925d88af8a90cee489ff2beefb391bc9b9c7?s=96&d=mm&r=g\",\"caption\":\"Redazione\"}}]}<\/script>\n<!-- \/ Yoast SEO plugin. -->","yoast_head_json":{"title":"\u00c9v\u00e9nements du week-end des 19 et 20 octobre 2024 \u00e0 Monaco","description":"\u00c9v\u00e9nements du week-end \u00e0 Monaco, d\u00e9couvrez-les tous !! OPMC - \"Hommage \u00e0 Chostakovitch\" Dimanche 20 octobre 2024, \u00e0 18h00, Auditorium...","robots":{"index":"index","follow":"follow","max-snippet":"max-snippet:-1","max-image-preview":"max-image-preview:large","max-video-preview":"max-video-preview:-1"},"canonical":"https:\/\/montecarloliving.com\/fr\/monaco-fr\/evenements-du-week-end-des-19-et-20-octobre-2024-monaco-15117\/","og_locale":"fr_FR","og_title":"\u00c9v\u00e9nements du week-end des 19 et 20 octobre 2024 \u00e0 Monaco","og_description":"\u00c9v\u00e9nements du week-end \u00e0 Monaco, d\u00e9couvrez-les tous !! OPMC - \"Hommage \u00e0 Chostakovitch\" Dimanche 20 octobre 2024, \u00e0 18h00, Auditorium...","og_url":"https:\/\/montecarloliving.com\/fr\/monaco-fr\/evenements-du-week-end-des-19-et-20-octobre-2024-monaco-15117\/","og_site_name":"Montecarlo Living","article_publisher":"https:\/\/www.facebook.com\/montecarlolivingcom\/","article_published_time":"2024-10-18T07:30:00+00:00","og_image":[{"width":650,"height":400,"url":"https:\/\/montecarloliving.com\/wp-content\/uploads\/2024\/01\/COPERTINA-SITO-MONTECARLO-LIVING-8-1-650x400.jpg","type":"image\/jpeg"}],"author":"Redazione","twitter_card":"summary_large_image","twitter_creator":"@MonteCarloLivi","twitter_site":"@MonteCarloLivi","twitter_misc":{"\u00c9crit par":"Redazione","Dur\u00e9e de lecture estim\u00e9e":"8 minutes"},"schema":{"@context":"https:\/\/schema.org","@graph":[{"@type":"Article","@id":"https:\/\/montecarloliving.com\/fr\/monaco-fr\/evenements-du-week-end-des-19-et-20-octobre-2024-monaco-15117\/#article","isPartOf":{"@id":"https:\/\/montecarloliving.com\/fr\/monaco-fr\/evenements-du-week-end-des-19-et-20-octobre-2024-monaco-15117\/"},"author":{"name":"Redazione","@id":"https:\/\/montecarloliving.com\/fr\/#\/schema\/person\/7e5945d4560862b7f2d2c6831bda2819"},"headline":"\u00c9v\u00e9nements du week-end des 19 et 20 octobre 2024 \u00e0 Monaco","datePublished":"2024-10-18T07:30:00+00:00","mainEntityOfPage":{"@id":"https:\/\/montecarloliving.com\/fr\/monaco-fr\/evenements-du-week-end-des-19-et-20-octobre-2024-monaco-15117\/"},"wordCount":1593,"image":{"@id":"https:\/\/montecarloliving.com\/fr\/monaco-fr\/evenements-du-week-end-des-19-et-20-octobre-2024-monaco-15117\/#primaryimage"},"thumbnailUrl":"https:\/\/montecarloliving.com\/wp-content\/uploads\/2024\/01\/COPERTINA-SITO-MONTECARLO-LIVING-8-1.jpg","articleSection":["\u00c9v\u00e9nements","Monaco"],"inLanguage":"fr-FR"},{"@type":"WebPage","@id":"https:\/\/montecarloliving.com\/fr\/monaco-fr\/evenements-du-week-end-des-19-et-20-octobre-2024-monaco-15117\/","url":"https:\/\/montecarloliving.com\/fr\/monaco-fr\/evenements-du-week-end-des-19-et-20-octobre-2024-monaco-15117\/","name":"\u00c9v\u00e9nements du week-end des 19 et 20 octobre 2024 \u00e0 Monaco","isPartOf":{"@id":"https:\/\/montecarloliving.com\/fr\/#website"},"primaryImageOfPage":{"@id":"https:\/\/montecarloliving.com\/fr\/monaco-fr\/evenements-du-week-end-des-19-et-20-octobre-2024-monaco-15117\/#primaryimage"},"image":{"@id":"https:\/\/montecarloliving.com\/fr\/monaco-fr\/evenements-du-week-end-des-19-et-20-octobre-2024-monaco-15117\/#primaryimage"},"thumbnailUrl":"https:\/\/montecarloliving.com\/wp-content\/uploads\/2024\/01\/COPERTINA-SITO-MONTECARLO-LIVING-8-1.jpg","datePublished":"2024-10-18T07:30:00+00:00","author":{"@id":"https:\/\/montecarloliving.com\/fr\/#\/schema\/person\/7e5945d4560862b7f2d2c6831bda2819"},"description":"\u00c9v\u00e9nements du week-end \u00e0 Monaco, d\u00e9couvrez-les tous !! OPMC - \"Hommage \u00e0 Chostakovitch\" Dimanche 20 octobre 2024, \u00e0 18h00, Auditorium...","breadcrumb":{"@id":"https:\/\/montecarloliving.com\/fr\/monaco-fr\/evenements-du-week-end-des-19-et-20-octobre-2024-monaco-15117\/#breadcrumb"},"inLanguage":"fr-FR","potentialAction":[{"@type":"ReadAction","target":["https:\/\/montecarloliving.com\/fr\/monaco-fr\/evenements-du-week-end-des-19-et-20-octobre-2024-monaco-15117\/"]}]},{"@type":"ImageObject","inLanguage":"fr-FR","@id":"https:\/\/montecarloliving.com\/fr\/monaco-fr\/evenements-du-week-end-des-19-et-20-octobre-2024-monaco-15117\/#primaryimage","url":"https:\/\/montecarloliving.com\/wp-content\/uploads\/2024\/01\/COPERTINA-SITO-MONTECARLO-LIVING-8-1.jpg","contentUrl":"https:\/\/montecarloliving.com\/wp-content\/uploads\/2024\/01\/COPERTINA-SITO-MONTECARLO-LIVING-8-1.jpg","width":2000,"height":1200,"caption":"\u00c9v\u00e9nements du week-end Monaco"},{"@type":"BreadcrumbList","@id":"https:\/\/montecarloliving.com\/fr\/monaco-fr\/evenements-du-week-end-des-19-et-20-octobre-2024-monaco-15117\/#breadcrumb","itemListElement":[{"@type":"ListItem","position":1,"name":"Home","item":"https:\/\/montecarloliving.com\/fr\/"},{"@type":"ListItem","position":2,"name":"\u00c9v\u00e9nements du week-end des 19 et 20 octobre 2024 \u00e0 Monaco"}]},{"@type":"WebSite","@id":"https:\/\/montecarloliving.com\/fr\/#website","url":"https:\/\/montecarloliving.com\/fr\/","name":"Montecarlo Living","description":"News da Montecarlo - Principato di Monaco e Costa Azzurra","potentialAction":[{"@type":"SearchAction","target":{"@type":"EntryPoint","urlTemplate":"https:\/\/montecarloliving.com\/fr\/?s={search_term_string}"},"query-input":{"@type":"PropertyValueSpecification","valueRequired":true,"valueName":"search_term_string"}}],"inLanguage":"fr-FR"},{"@type":"Person","@id":"https:\/\/montecarloliving.com\/fr\/#\/schema\/person\/7e5945d4560862b7f2d2c6831bda2819","name":"Redazione","image":{"@type":"ImageObject","inLanguage":"fr-FR","@id":"https:\/\/secure.gravatar.com\/avatar\/8b5f26557e18fe74ad8e8a57ebb2925d88af8a90cee489ff2beefb391bc9b9c7?s=96&d=mm&r=g","url":"https:\/\/secure.gravatar.com\/avatar\/8b5f26557e18fe74ad8e8a57ebb2925d88af8a90cee489ff2beefb391bc9b9c7?s=96&d=mm&r=g","contentUrl":"https:\/\/secure.gravatar.com\/avatar\/8b5f26557e18fe74ad8e8a57ebb2925d88af8a90cee489ff2beefb391bc9b9c7?s=96&d=mm&r=g","caption":"Redazione"}}]}},"_links":{"self":[{"href":"https:\/\/montecarloliving.com\/fr\/wp-json\/wp\/v2\/posts\/15117","targetHints":{"allow":["GET"]}}],"collection":[{"href":"https:\/\/montecarloliving.com\/fr\/wp-json\/wp\/v2\/posts"}],"about":[{"href":"https:\/\/montecarloliving.com\/fr\/wp-json\/wp\/v2\/types\/post"}],"author":[{"embeddable":true,"href":"https:\/\/montecarloliving.com\/fr\/wp-json\/wp\/v2\/users\/1"}],"replies":[{"embeddable":true,"href":"https:\/\/montecarloliving.com\/fr\/wp-json\/wp\/v2\/comments?post=15117"}],"version-history":[{"count":1,"href":"https:\/\/montecarloliving.com\/fr\/wp-json\/wp\/v2\/posts\/15117\/revisions"}],"predecessor-version":[{"id":15120,"href":"https:\/\/montecarloliving.com\/fr\/wp-json\/wp\/v2\/posts\/15117\/revisions\/15120"}],"wp:featuredmedia":[{"embeddable":true,"href":"https:\/\/montecarloliving.com\/fr\/wp-json\/wp\/v2\/media\/6489"}],"wp:attachment":[{"href":"https:\/\/montecarloliving.com\/fr\/wp-json\/wp\/v2\/media?parent=15117"}],"wp:term":[{"taxonomy":"category","embeddable":true,"href":"https:\/\/montecarloliving.com\/fr\/wp-json\/wp\/v2\/categories?post=15117"},{"taxonomy":"post_tag","embeddable":true,"href":"https:\/\/montecarloliving.com\/fr\/wp-json\/wp\/v2\/tags?post=15117"}],"curies":[{"name":"wp","href":"https:\/\/api.w.org\/{rel}","templated":true}]}}