{"id":15019,"date":"2024-10-17T09:00:27","date_gmt":"2024-10-17T07:00:27","guid":{"rendered":"https:\/\/montecarloliving.com\/?p=15019"},"modified":"2024-10-14T15:03:13","modified_gmt":"2024-10-14T13:03:13","slug":"evenements-du-weekend-des-19-et-20-octobre-2024-antibes","status":"publish","type":"post","link":"https:\/\/montecarloliving.com\/fr\/antibes-fr\/evenements-du-weekend-des-19-et-20-octobre-2024-antibes-15019\/","title":{"rendered":"\u00c9v\u00e9nements du weekend des 19 et 20 octobre 2024 \u00e0 Antibes"},"content":{"rendered":"<p><strong>\u00c9v\u00e9nements du weekend \u00e0 Antibes<\/strong><\/p>\n<hr \/>\n<h4><strong>Foire du vin et de la gastronomie d&rsquo;Antibes<\/strong><\/h4>\n<p>Le Kiwanis Club d&rsquo;Antibes Juan les Pins organise sa 16e foire du vin et de la gastronomie au profit de l&rsquo;enfance, dans le respect de sa devise \u00ab servir les enfants du monde \u00bb.<br \/>\nCet \u00e9v\u00e9nement repr\u00e9sente un moment important qui permet de r\u00e9colter une part significative des fonds qui seront ensuite redistribu\u00e9s dans le cadre de nos actions sociales et culturelles en faveur de l&rsquo;enfance.<\/p>\n<p><a href=\"https:\/\/www.antibesjuanlespins.com\/it\/cosa-fare-cosa-vedere\/uscire\/agenda-tutti-gli-eventi\/feria-del-vino-e-della-gastronomia-di-antibes-5198645\" target=\"_new\" rel=\"noopener\">https:\/\/www.antibesjuanlespins.com\/it\/cosa-fare-cosa-vedere\/uscire\/agenda-tutti-gli-eventi\/feria-del-vino-e-della-gastronomia-di-antibes-5198645<\/a><\/p>\n<hr \/>\n<h4><strong>Journ\u00e9e Nationale de l&rsquo;Architecture<\/strong><\/h4>\n<p>\u00c0 l&rsquo;occasion des Journ\u00e9es Nationales de l&rsquo;Architecture, deux visites gratuites seront propos\u00e9es :<\/p>\n<ul>\n<li><strong>De 10h00 \u00e0 12h00<\/strong><br \/>\nVoyage \u00e0 Cap d\u2019Antibes avec l\u2019architecte consultant de la ville d\u2019Antibes Juan-les-Pins.<br \/>\nD\u00e9part du Boulevard Edouard Baudoin, \u00e0 c\u00f4t\u00e9 du Cap d&rsquo;Antibes Beach Hotel.<\/li>\n<li><strong>De 13h30 \u00e0 15h00<\/strong><br \/>\nVisite guid\u00e9e : \u00ab L\u2019architecture d\u00e9fensive d\u2019Antibes \u00bb.<br \/>\nDur\u00e9e : 1h30.<br \/>\nD\u00e9part de l&rsquo;Office de Tourisme d&rsquo;Antibes, 2 rue Fontvieille.<\/li>\n<\/ul>\n<p>Places limit\u00e9es. Maximum 20 personnes.<\/p>\n<p><a target=\"_new\" rel=\"noopener\">https:\/\/www.antibesjuanlespins.com\/it\/cosa-fare-cosa-vedere\/uscire\/agenda-tutti-gli-eventi\/giornata-nazionale-dell-architettura-5172286<\/a><\/p>\n<hr \/>\n<h4><strong>Les Casemates de la Cr\u00e9ation<\/strong><\/h4>\n<ul>\n<li><strong>Exposition du 7 septembre au 12 octobre<\/strong><br \/>\n<em>Terra Sacra<\/em><br \/>\nMarcel GIRAUD &#8211; Athena JAHANTIGH &#8211; Genevi\u00e8ve FABRE<br \/>\nDans le cadre des Journ\u00e9es Nationales de la C\u00e9ramique \u2013 en partenariat avec Id d&rsquo;Argile et Terres de Provence.<\/li>\n<li><strong>Du 2 au 30 octobre<\/strong><br \/>\n<em>Un monde Arc-en-ciel<\/em> par Claire TOSTAIN<br \/>\nCasemate Thuret : mardi et jeudi de 10h00 \u00e0 15h00 ; mercredi, samedi et dimanche de 14h00 \u00e0 18h00.<\/p>\n<p><em>R\u00c9FLEXION AQUATIQUE<\/em>, sculptures et aquarelles d\u2019Armelle Depoux<br \/>\nCasemate Conte : mardi \u00e0 dimanche de 10h00 \u00e0 13h00 et de 15h00 \u00e0 20h00.<\/li>\n<\/ul>\n<hr \/>\n<h4><strong>Festival Coul&rsquo;Heures d&rsquo;Automne<\/strong><\/h4>\n<p>Le Festival Coul&rsquo;Heures d&rsquo;Automne est un \u00e9v\u00e9nement initi\u00e9 par l&rsquo;association Label Note, qui g\u00e8re le Centre d&rsquo;Art Urbain et Musical La sChOOL et le Festival Nuits Carr\u00e9es \u00e0 Antibes.<br \/>\nCet \u00e9v\u00e9nement unique sur la C\u00f4te d&rsquo;Azur vise \u00e0 promouvoir l&rsquo;art urbain et \u00e0 impliquer les habitants dans une s\u00e9rie de processus cr\u00e9atifs permettant une vision diff\u00e9rente de notre environnement et de la place de l&rsquo;art dans l&rsquo;espace public. Des performances murales \u00e0 grande \u00e9chelle, des installations, des ateliers participatifs et des rencontres se d\u00e9rouleront dans la ville d&rsquo;Antibes Juan-les-Pins pendant les 15 jours des vacances de la Toussaint !<\/p>\n<p><a href=\"https:\/\/www.coulheures.fr\/\" target=\"_new\" rel=\"noopener\">https:\/\/www.coulheures.fr\/<\/a><\/p>\n<hr \/>\n<h4><strong>Sans tout le c\u00e9r\u00e9monial<\/strong><\/h4>\n<p>En tant que ville c\u00f4ti\u00e8re et frontali\u00e8re, Antibes a longtemps d\u00fb se d\u00e9fendre, et une grande partie de son patrimoine est directement h\u00e9rit\u00e9e de ce contexte.<br \/>\nLes tours sarrasines, l\u2019ancien ch\u00e2teau Grimaldi, le Fort Carr\u00e9, les murs du bastion Saint-Jaume au bastion Saint-Andr\u00e9 sont autant de marqueurs dans notre urbanisme d\u2019une r\u00e9alit\u00e9 violente, de la peur des assauts, des pillages, des bombardements, en un mot, de la guerre.<br \/>\nMais qu\u2019est-ce que la guerre ?<br \/>\nCette ann\u00e9e, la programmation du Fort Carr\u00e9 propose des points de vue et des r\u00e9flexions sur l&rsquo;engagement, le devoir de m\u00e9moire, et les traumatismes qu&rsquo;elle g\u00e9n\u00e8re : visites th\u00e9matiques, ateliers, caf\u00e9s-mus\u00e9es pour discuter, une visite-cin\u00e9ma autour de <em>Pais\u00e0<\/em> de Roberto Rossellini, et une balade th\u00e9\u00e2tralis\u00e9e en collaboration avec le Conservatoire de musique et d&rsquo;art dramatique d&rsquo;Antibes.<\/p>\n<p>INFO : +33 (0)4 92 90 52 13<\/p>\n<hr \/>\n<h4><strong>Dans les bois \u2013 Exposition<\/strong><\/h4>\n<p>Pauline Kalioujny est une peintre, auteure et illustratrice fran\u00e7aise d&rsquo;origine russo-ukrainienne. \u00c0 travers cette exposition, Anne Frank met en sc\u00e8ne son monde fascinant pour les plus jeunes et les adultes.<br \/>\nForm\u00e9e \u00e0 l&rsquo;\u00c9cole des Arts D\u00e9coratifs de Paris, Pauline Kalioujny \u00e9crit et illustre des albums, tout en pratiquant \u00e9galement la gravure, le dessin et la peinture. Dans ses livres, elle aime travailler sur les liens entre le mot, l&rsquo;image et la nature. Elle observe et dessine des animaux de toutes sortes, d\u00e9veloppant un r\u00e9pertoire personnel de formes, de couleurs et de symboles. Parmi ses albums les plus connus, on peut citer <em>Un jardin en hiver<\/em>, <em>Promenons-nous dans les bois<\/em> aux \u00e9ditions Thierry Magnier, <em>Mon beau sapin<\/em> chez Seuil Jeunesse, ou plus r\u00e9cemment <em>L&rsquo;isba de la mouche<\/em> chez Manga.<\/p>\n<p><a href=\"https:\/\/www.antibesjuanlespins.com\/it\/cosa-fare-cosa-vedere\/uscire\/agenda-tutti-gli-eventi\/dans-les-bois-mostra-5187084\" target=\"_new\" rel=\"noopener\">https:\/\/www.antibesjuanlespins.com\/it\/cosa-fare-cosa-vedere\/uscire\/agenda-tutti-gli-eventi\/dans-les-bois-mostra-5187084<\/a><\/p>\n<hr \/>\n<h4><strong>Aquagravure<\/strong><\/h4>\n<p>L\u2019art, tu l\u2019aimes ! Connais-tu l&rsquo; <em>Aquagravure<\/em> ?<br \/>\n\u00c0 Antibes, au c\u0153ur de la C\u00f4te d&rsquo;Azur, une exposition unique et singuli\u00e8re d\u2019artistes aux signatures prestigieuses.<br \/>\nIls ont travaill\u00e9 avec un processus invent\u00e9 par Bernard PRAS.<br \/>\nVernissage le vendredi 3 mai \u00e0 partir de 18h00 en pr\u00e9sence de Thierry LACAN de l&rsquo;Estampe de Strasbourg et de Bernard ALLIGAND, artiste.<\/p>\n<p><a href=\"https:\/\/www.facebook.com\/AtelierduSafranier\/\" target=\"_new\" rel=\"noopener\">https:\/\/www.facebook.com\/AtelierduSafranier\/<\/a><\/p>\n<hr \/>\n<h4><strong>Joan Mir\u00f3. Chefs-d&rsquo;\u0153uvre de la collection Nahmad<\/strong><\/h4>\n<p>Du 30 juin au 12 janvier<\/p>\n<p>Le Mus\u00e9e Picasso propose une exp\u00e9rience in\u00e9dite : pr\u00e9senter douze \u0153uvres magistrales de Joan Mir\u00f3, issues de l&rsquo;une des plus importantes collections priv\u00e9es au monde, la collection Nahmad.<br \/>\nMir\u00f3 est ici chez lui, comme un invit\u00e9 dans la maison de son ami. Car l&rsquo;amiti\u00e9 qui, depuis leur premi\u00e8re rencontre \u00e0 Paris en 1920, lia les deux artistes tout au long de leur vie, fut \u00e9galement un ferment de leur passion cr\u00e9ative.<br \/>\nLes salles accueillent une seule \u0153uvre, parfois deux. Contrairement \u00e0 l&rsquo;exposition traditionnelle qui r\u00e9unit et associe, il ne s&rsquo;agit plus d&rsquo;accumulation, mais de concentration et de r\u00e9ception de l&rsquo;objet dans sa singularit\u00e9 pour la contemplation et l&rsquo;interpr\u00e9tation.<\/p>\n<p>INFO : +33 (0)4 92 90 54 20<\/p>\n<hr \/>\n<h4><strong>\u00ab\u00a0CHATTERIES\u00a0\u00bb (C\u00e2lins de chats)<\/strong><\/h4>\n<p>Le Mus\u00e9e de la Carte Postale vous pr\u00e9sente une exposition temporaire de cartes postales anciennes repr\u00e9sentant des chats.<br \/>\nLes animaux domestiques ont souvent \u00e9t\u00e9 utilis\u00e9s pour illustrer des cartes postales, et les chats figurent parmi les plus fr\u00e9quents.<br \/>\nPhotographes et illustrateurs ont fourni de nombreuses images, des gros chats endormis sur un coussin confortable aux chatons.<br \/>\nOn retrouve ces illustrations sur les cartes postales et les calendriers muraux distribu\u00e9s par les facteurs. Dans les deux cas, ces images restent expos\u00e9es pendant plusieurs mois (surtout pour les calendriers). Il faut admettre que ces sc\u00e8nes naturalistes poss\u00e8dent un pouvoir apaisant, voire b\u00e9n\u00e9fique, pour ceux qui les contemplent.<br \/>\nEn dehors de toute vis\u00e9e religieuse ou politique, la pr\u00e9sence d&rsquo;animaux qui accompagnent notre quotidien a quelque chose de rassurant.<\/p>\n<p><a href=\"https:\/\/museedelacartepostale.fr\/\" target=\"_new\" rel=\"noopener\">https:\/\/museedelacartepostale.fr\/<\/a><\/p>\n<hr \/>\n<h4><strong>Th\u00e9\u00e2tre Antib\u00e9a<\/strong><\/h4>\n<p>Au c\u0153ur du vieil Antibes depuis 1989, le Th\u00e9\u00e2tre Antib\u00e9a f\u00eate cette ann\u00e9e son 35e anniversaire.<\/p>\n<p>Temps forts de septembre :<\/p>\n<ul>\n<li>Journ\u00e9e Portes Ouvertes de l\u2019\u00c9cole d\u2019Art Dramatique, samedi 7 septembre de 10h00 \u00e0 18h00.<\/li>\n<li>Le 15 septembre \u00e0 19h00 : Cocktail de pr\u00e9sentation de la saison 2024-2025 (entr\u00e9e libre sur r\u00e9servation).<\/li>\n<\/ul>\n<p>Du 20 septembre au 6 octobre :<br \/>\n<em>L&rsquo;Iliade&#8230; L&rsquo;assaut<\/em>, une \u0153uvre d&rsquo;Hom\u00e8re adapt\u00e9e par Bruno Marques et mise en sc\u00e8ne par Jean-Fran\u00e7ois Buisson.<br \/>\nProduction : Antib\u00e9a Com\u00e9die d&rsquo;Antibes.<br \/>\nRepr\u00e9sentations : vendredi et samedi \u00e0 20h30 \/ dimanche \u00e0 16h00.<\/p>\n<p><a href=\"https:\/\/www.theatre-antibea.fr\/\" target=\"_new\" rel=\"noopener\">https:\/\/www.theatre-antibea.fr\/<\/a><\/p>\n<hr \/>\n<p><a href=\"https:\/\/www.instagram.com\/monte_carlo_living\/\">Visitez Notre Page Instagram<\/a><\/p>\n<p><a href=\"https:\/\/montecarloliving.com\/fr\/\">Lisez d&rsquo;Autres Articles<\/a><\/p>\n","protected":false},"excerpt":{"rendered":"<p>\u00c9v\u00e9nements du weekend \u00e0 Antibes Foire du vin et de la gastronomie d&rsquo;Antibes Le Kiwanis Club d&rsquo;Antibes Juan les Pins organise sa 16e foire du vin et de la gastronomie au profit de l&rsquo;enfance, dans le respect de sa devise \u00ab servir les enfants [&hellip;]<\/p>\n","protected":false},"author":1,"featured_media":12376,"comment_status":"closed","ping_status":"closed","sticky":false,"template":"","format":"standard","meta":{"footnotes":""},"categories":[871,828],"tags":[],"class_list":["post-15019","post","type-post","status-publish","format-standard","has-post-thumbnail","hentry","category-antibes-fr","category-evenements"],"yoast_head":"<!-- This site is optimized with the Yoast SEO plugin v27.5 - https:\/\/yoast.com\/product\/yoast-seo-wordpress\/ -->\n<title>\u00c9v\u00e9nements du weekend des 19 et 20 octobre 2024 \u00e0 Antibes<\/title>\n<meta name=\"description\" content=\"\u00c9v\u00e9nements du weekend \u00e0 AntibesFoire du vin et de la gastronomie d&#039;AntibesLe Kiwanis Club d&#039;Antibes Juan les Pins organise sa 16e...\" \/>\n<meta name=\"robots\" content=\"index, follow, max-snippet:-1, max-image-preview:large, max-video-preview:-1\" \/>\n<link rel=\"canonical\" href=\"https:\/\/montecarloliving.com\/fr\/antibes-fr\/evenements-du-weekend-des-19-et-20-octobre-2024-antibes-15019\/\" \/>\n<meta property=\"og:locale\" content=\"fr_FR\" \/>\n<meta property=\"og:title\" content=\"\u00c9v\u00e9nements du weekend des 19 et 20 octobre 2024 \u00e0 Antibes\" \/>\n<meta property=\"og:description\" content=\"\u00c9v\u00e9nements du weekend \u00e0 AntibesFoire du vin et de la gastronomie d&#039;AntibesLe Kiwanis Club d&#039;Antibes Juan les Pins organise sa 16e...\" \/>\n<meta property=\"og:url\" content=\"https:\/\/montecarloliving.com\/fr\/antibes-fr\/evenements-du-weekend-des-19-et-20-octobre-2024-antibes-15019\/\" \/>\n<meta property=\"og:site_name\" content=\"Montecarlo Living\" \/>\n<meta property=\"article:publisher\" content=\"https:\/\/www.facebook.com\/montecarlolivingcom\/\" \/>\n<meta property=\"article:published_time\" content=\"2024-10-17T07:00:27+00:00\" \/>\n<meta property=\"og:image\" content=\"https:\/\/montecarloliving.com\/wp-content\/uploads\/2024\/06\/AntibesFR-650x400.png\" \/>\n\t<meta property=\"og:image:width\" content=\"650\" \/>\n\t<meta property=\"og:image:height\" content=\"400\" \/>\n\t<meta property=\"og:image:type\" content=\"image\/png\" \/>\n<meta name=\"author\" content=\"Redazione\" \/>\n<meta name=\"twitter:card\" content=\"summary_large_image\" \/>\n<meta name=\"twitter:creator\" content=\"@MonteCarloLivi\" \/>\n<meta name=\"twitter:site\" content=\"@MonteCarloLivi\" \/>\n<meta name=\"twitter:label1\" content=\"\u00c9crit par\" \/>\n\t<meta name=\"twitter:data1\" content=\"Redazione\" \/>\n\t<meta name=\"twitter:label2\" content=\"Dur\u00e9e de lecture estim\u00e9e\" \/>\n\t<meta name=\"twitter:data2\" content=\"6 minutes\" \/>\n<script type=\"application\/ld+json\" class=\"yoast-schema-graph\">{\"@context\":\"https:\\\/\\\/schema.org\",\"@graph\":[{\"@type\":\"Article\",\"@id\":\"https:\\\/\\\/montecarloliving.com\\\/fr\\\/antibes-fr\\\/evenements-du-weekend-des-19-et-20-octobre-2024-antibes-15019\\\/#article\",\"isPartOf\":{\"@id\":\"https:\\\/\\\/montecarloliving.com\\\/fr\\\/antibes-fr\\\/evenements-du-weekend-des-19-et-20-octobre-2024-antibes-15019\\\/\"},\"author\":{\"name\":\"Redazione\",\"@id\":\"https:\\\/\\\/montecarloliving.com\\\/fr\\\/#\\\/schema\\\/person\\\/7e5945d4560862b7f2d2c6831bda2819\"},\"headline\":\"\u00c9v\u00e9nements du weekend des 19 et 20 octobre 2024 \u00e0 Antibes\",\"datePublished\":\"2024-10-17T07:00:27+00:00\",\"mainEntityOfPage\":{\"@id\":\"https:\\\/\\\/montecarloliving.com\\\/fr\\\/antibes-fr\\\/evenements-du-weekend-des-19-et-20-octobre-2024-antibes-15019\\\/\"},\"wordCount\":1175,\"image\":{\"@id\":\"https:\\\/\\\/montecarloliving.com\\\/fr\\\/antibes-fr\\\/evenements-du-weekend-des-19-et-20-octobre-2024-antibes-15019\\\/#primaryimage\"},\"thumbnailUrl\":\"https:\\\/\\\/montecarloliving.com\\\/wp-content\\\/uploads\\\/2024\\\/06\\\/AntibesFR.png\",\"articleSection\":[\"Antibes\",\"\u00c9v\u00e9nements\"],\"inLanguage\":\"fr-FR\"},{\"@type\":\"WebPage\",\"@id\":\"https:\\\/\\\/montecarloliving.com\\\/fr\\\/antibes-fr\\\/evenements-du-weekend-des-19-et-20-octobre-2024-antibes-15019\\\/\",\"url\":\"https:\\\/\\\/montecarloliving.com\\\/fr\\\/antibes-fr\\\/evenements-du-weekend-des-19-et-20-octobre-2024-antibes-15019\\\/\",\"name\":\"\u00c9v\u00e9nements du weekend des 19 et 20 octobre 2024 \u00e0 Antibes\",\"isPartOf\":{\"@id\":\"https:\\\/\\\/montecarloliving.com\\\/fr\\\/#website\"},\"primaryImageOfPage\":{\"@id\":\"https:\\\/\\\/montecarloliving.com\\\/fr\\\/antibes-fr\\\/evenements-du-weekend-des-19-et-20-octobre-2024-antibes-15019\\\/#primaryimage\"},\"image\":{\"@id\":\"https:\\\/\\\/montecarloliving.com\\\/fr\\\/antibes-fr\\\/evenements-du-weekend-des-19-et-20-octobre-2024-antibes-15019\\\/#primaryimage\"},\"thumbnailUrl\":\"https:\\\/\\\/montecarloliving.com\\\/wp-content\\\/uploads\\\/2024\\\/06\\\/AntibesFR.png\",\"datePublished\":\"2024-10-17T07:00:27+00:00\",\"author\":{\"@id\":\"https:\\\/\\\/montecarloliving.com\\\/fr\\\/#\\\/schema\\\/person\\\/7e5945d4560862b7f2d2c6831bda2819\"},\"description\":\"\u00c9v\u00e9nements du weekend \u00e0 AntibesFoire du vin et de la gastronomie d'AntibesLe Kiwanis Club d'Antibes Juan les Pins organise sa 16e...\",\"breadcrumb\":{\"@id\":\"https:\\\/\\\/montecarloliving.com\\\/fr\\\/antibes-fr\\\/evenements-du-weekend-des-19-et-20-octobre-2024-antibes-15019\\\/#breadcrumb\"},\"inLanguage\":\"fr-FR\",\"potentialAction\":[{\"@type\":\"ReadAction\",\"target\":[\"https:\\\/\\\/montecarloliving.com\\\/fr\\\/antibes-fr\\\/evenements-du-weekend-des-19-et-20-octobre-2024-antibes-15019\\\/\"]}]},{\"@type\":\"ImageObject\",\"inLanguage\":\"fr-FR\",\"@id\":\"https:\\\/\\\/montecarloliving.com\\\/fr\\\/antibes-fr\\\/evenements-du-weekend-des-19-et-20-octobre-2024-antibes-15019\\\/#primaryimage\",\"url\":\"https:\\\/\\\/montecarloliving.com\\\/wp-content\\\/uploads\\\/2024\\\/06\\\/AntibesFR.png\",\"contentUrl\":\"https:\\\/\\\/montecarloliving.com\\\/wp-content\\\/uploads\\\/2024\\\/06\\\/AntibesFR.png\",\"width\":2000,\"height\":1200,\"caption\":\"\u00c9v\u00e9nements weekend Antibes\"},{\"@type\":\"BreadcrumbList\",\"@id\":\"https:\\\/\\\/montecarloliving.com\\\/fr\\\/antibes-fr\\\/evenements-du-weekend-des-19-et-20-octobre-2024-antibes-15019\\\/#breadcrumb\",\"itemListElement\":[{\"@type\":\"ListItem\",\"position\":1,\"name\":\"Home\",\"item\":\"https:\\\/\\\/montecarloliving.com\\\/fr\\\/\"},{\"@type\":\"ListItem\",\"position\":2,\"name\":\"\u00c9v\u00e9nements du weekend des 19 et 20 octobre 2024 \u00e0 Antibes\"}]},{\"@type\":\"WebSite\",\"@id\":\"https:\\\/\\\/montecarloliving.com\\\/fr\\\/#website\",\"url\":\"https:\\\/\\\/montecarloliving.com\\\/fr\\\/\",\"name\":\"Montecarlo Living\",\"description\":\"News da Montecarlo - Principato di Monaco e Costa Azzurra\",\"potentialAction\":[{\"@type\":\"SearchAction\",\"target\":{\"@type\":\"EntryPoint\",\"urlTemplate\":\"https:\\\/\\\/montecarloliving.com\\\/fr\\\/?s={search_term_string}\"},\"query-input\":{\"@type\":\"PropertyValueSpecification\",\"valueRequired\":true,\"valueName\":\"search_term_string\"}}],\"inLanguage\":\"fr-FR\"},{\"@type\":\"Person\",\"@id\":\"https:\\\/\\\/montecarloliving.com\\\/fr\\\/#\\\/schema\\\/person\\\/7e5945d4560862b7f2d2c6831bda2819\",\"name\":\"Redazione\",\"image\":{\"@type\":\"ImageObject\",\"inLanguage\":\"fr-FR\",\"@id\":\"https:\\\/\\\/secure.gravatar.com\\\/avatar\\\/8b5f26557e18fe74ad8e8a57ebb2925d88af8a90cee489ff2beefb391bc9b9c7?s=96&d=mm&r=g\",\"url\":\"https:\\\/\\\/secure.gravatar.com\\\/avatar\\\/8b5f26557e18fe74ad8e8a57ebb2925d88af8a90cee489ff2beefb391bc9b9c7?s=96&d=mm&r=g\",\"contentUrl\":\"https:\\\/\\\/secure.gravatar.com\\\/avatar\\\/8b5f26557e18fe74ad8e8a57ebb2925d88af8a90cee489ff2beefb391bc9b9c7?s=96&d=mm&r=g\",\"caption\":\"Redazione\"}}]}<\/script>\n<!-- \/ Yoast SEO plugin. -->","yoast_head_json":{"title":"\u00c9v\u00e9nements du weekend des 19 et 20 octobre 2024 \u00e0 Antibes","description":"\u00c9v\u00e9nements du weekend \u00e0 AntibesFoire du vin et de la gastronomie d'AntibesLe Kiwanis Club d'Antibes Juan les Pins organise sa 16e...","robots":{"index":"index","follow":"follow","max-snippet":"max-snippet:-1","max-image-preview":"max-image-preview:large","max-video-preview":"max-video-preview:-1"},"canonical":"https:\/\/montecarloliving.com\/fr\/antibes-fr\/evenements-du-weekend-des-19-et-20-octobre-2024-antibes-15019\/","og_locale":"fr_FR","og_title":"\u00c9v\u00e9nements du weekend des 19 et 20 octobre 2024 \u00e0 Antibes","og_description":"\u00c9v\u00e9nements du weekend \u00e0 AntibesFoire du vin et de la gastronomie d'AntibesLe Kiwanis Club d'Antibes Juan les Pins organise sa 16e...","og_url":"https:\/\/montecarloliving.com\/fr\/antibes-fr\/evenements-du-weekend-des-19-et-20-octobre-2024-antibes-15019\/","og_site_name":"Montecarlo Living","article_publisher":"https:\/\/www.facebook.com\/montecarlolivingcom\/","article_published_time":"2024-10-17T07:00:27+00:00","og_image":[{"width":650,"height":400,"url":"https:\/\/montecarloliving.com\/wp-content\/uploads\/2024\/06\/AntibesFR-650x400.png","type":"image\/png"}],"author":"Redazione","twitter_card":"summary_large_image","twitter_creator":"@MonteCarloLivi","twitter_site":"@MonteCarloLivi","twitter_misc":{"\u00c9crit par":"Redazione","Dur\u00e9e de lecture estim\u00e9e":"6 minutes"},"schema":{"@context":"https:\/\/schema.org","@graph":[{"@type":"Article","@id":"https:\/\/montecarloliving.com\/fr\/antibes-fr\/evenements-du-weekend-des-19-et-20-octobre-2024-antibes-15019\/#article","isPartOf":{"@id":"https:\/\/montecarloliving.com\/fr\/antibes-fr\/evenements-du-weekend-des-19-et-20-octobre-2024-antibes-15019\/"},"author":{"name":"Redazione","@id":"https:\/\/montecarloliving.com\/fr\/#\/schema\/person\/7e5945d4560862b7f2d2c6831bda2819"},"headline":"\u00c9v\u00e9nements du weekend des 19 et 20 octobre 2024 \u00e0 Antibes","datePublished":"2024-10-17T07:00:27+00:00","mainEntityOfPage":{"@id":"https:\/\/montecarloliving.com\/fr\/antibes-fr\/evenements-du-weekend-des-19-et-20-octobre-2024-antibes-15019\/"},"wordCount":1175,"image":{"@id":"https:\/\/montecarloliving.com\/fr\/antibes-fr\/evenements-du-weekend-des-19-et-20-octobre-2024-antibes-15019\/#primaryimage"},"thumbnailUrl":"https:\/\/montecarloliving.com\/wp-content\/uploads\/2024\/06\/AntibesFR.png","articleSection":["Antibes","\u00c9v\u00e9nements"],"inLanguage":"fr-FR"},{"@type":"WebPage","@id":"https:\/\/montecarloliving.com\/fr\/antibes-fr\/evenements-du-weekend-des-19-et-20-octobre-2024-antibes-15019\/","url":"https:\/\/montecarloliving.com\/fr\/antibes-fr\/evenements-du-weekend-des-19-et-20-octobre-2024-antibes-15019\/","name":"\u00c9v\u00e9nements du weekend des 19 et 20 octobre 2024 \u00e0 Antibes","isPartOf":{"@id":"https:\/\/montecarloliving.com\/fr\/#website"},"primaryImageOfPage":{"@id":"https:\/\/montecarloliving.com\/fr\/antibes-fr\/evenements-du-weekend-des-19-et-20-octobre-2024-antibes-15019\/#primaryimage"},"image":{"@id":"https:\/\/montecarloliving.com\/fr\/antibes-fr\/evenements-du-weekend-des-19-et-20-octobre-2024-antibes-15019\/#primaryimage"},"thumbnailUrl":"https:\/\/montecarloliving.com\/wp-content\/uploads\/2024\/06\/AntibesFR.png","datePublished":"2024-10-17T07:00:27+00:00","author":{"@id":"https:\/\/montecarloliving.com\/fr\/#\/schema\/person\/7e5945d4560862b7f2d2c6831bda2819"},"description":"\u00c9v\u00e9nements du weekend \u00e0 AntibesFoire du vin et de la gastronomie d'AntibesLe Kiwanis Club d'Antibes Juan les Pins organise sa 16e...","breadcrumb":{"@id":"https:\/\/montecarloliving.com\/fr\/antibes-fr\/evenements-du-weekend-des-19-et-20-octobre-2024-antibes-15019\/#breadcrumb"},"inLanguage":"fr-FR","potentialAction":[{"@type":"ReadAction","target":["https:\/\/montecarloliving.com\/fr\/antibes-fr\/evenements-du-weekend-des-19-et-20-octobre-2024-antibes-15019\/"]}]},{"@type":"ImageObject","inLanguage":"fr-FR","@id":"https:\/\/montecarloliving.com\/fr\/antibes-fr\/evenements-du-weekend-des-19-et-20-octobre-2024-antibes-15019\/#primaryimage","url":"https:\/\/montecarloliving.com\/wp-content\/uploads\/2024\/06\/AntibesFR.png","contentUrl":"https:\/\/montecarloliving.com\/wp-content\/uploads\/2024\/06\/AntibesFR.png","width":2000,"height":1200,"caption":"\u00c9v\u00e9nements weekend Antibes"},{"@type":"BreadcrumbList","@id":"https:\/\/montecarloliving.com\/fr\/antibes-fr\/evenements-du-weekend-des-19-et-20-octobre-2024-antibes-15019\/#breadcrumb","itemListElement":[{"@type":"ListItem","position":1,"name":"Home","item":"https:\/\/montecarloliving.com\/fr\/"},{"@type":"ListItem","position":2,"name":"\u00c9v\u00e9nements du weekend des 19 et 20 octobre 2024 \u00e0 Antibes"}]},{"@type":"WebSite","@id":"https:\/\/montecarloliving.com\/fr\/#website","url":"https:\/\/montecarloliving.com\/fr\/","name":"Montecarlo Living","description":"News da Montecarlo - Principato di Monaco e Costa Azzurra","potentialAction":[{"@type":"SearchAction","target":{"@type":"EntryPoint","urlTemplate":"https:\/\/montecarloliving.com\/fr\/?s={search_term_string}"},"query-input":{"@type":"PropertyValueSpecification","valueRequired":true,"valueName":"search_term_string"}}],"inLanguage":"fr-FR"},{"@type":"Person","@id":"https:\/\/montecarloliving.com\/fr\/#\/schema\/person\/7e5945d4560862b7f2d2c6831bda2819","name":"Redazione","image":{"@type":"ImageObject","inLanguage":"fr-FR","@id":"https:\/\/secure.gravatar.com\/avatar\/8b5f26557e18fe74ad8e8a57ebb2925d88af8a90cee489ff2beefb391bc9b9c7?s=96&d=mm&r=g","url":"https:\/\/secure.gravatar.com\/avatar\/8b5f26557e18fe74ad8e8a57ebb2925d88af8a90cee489ff2beefb391bc9b9c7?s=96&d=mm&r=g","contentUrl":"https:\/\/secure.gravatar.com\/avatar\/8b5f26557e18fe74ad8e8a57ebb2925d88af8a90cee489ff2beefb391bc9b9c7?s=96&d=mm&r=g","caption":"Redazione"}}]}},"_links":{"self":[{"href":"https:\/\/montecarloliving.com\/fr\/wp-json\/wp\/v2\/posts\/15019","targetHints":{"allow":["GET"]}}],"collection":[{"href":"https:\/\/montecarloliving.com\/fr\/wp-json\/wp\/v2\/posts"}],"about":[{"href":"https:\/\/montecarloliving.com\/fr\/wp-json\/wp\/v2\/types\/post"}],"author":[{"embeddable":true,"href":"https:\/\/montecarloliving.com\/fr\/wp-json\/wp\/v2\/users\/1"}],"replies":[{"embeddable":true,"href":"https:\/\/montecarloliving.com\/fr\/wp-json\/wp\/v2\/comments?post=15019"}],"version-history":[{"count":1,"href":"https:\/\/montecarloliving.com\/fr\/wp-json\/wp\/v2\/posts\/15019\/revisions"}],"predecessor-version":[{"id":15020,"href":"https:\/\/montecarloliving.com\/fr\/wp-json\/wp\/v2\/posts\/15019\/revisions\/15020"}],"wp:featuredmedia":[{"embeddable":true,"href":"https:\/\/montecarloliving.com\/fr\/wp-json\/wp\/v2\/media\/12376"}],"wp:attachment":[{"href":"https:\/\/montecarloliving.com\/fr\/wp-json\/wp\/v2\/media?parent=15019"}],"wp:term":[{"taxonomy":"category","embeddable":true,"href":"https:\/\/montecarloliving.com\/fr\/wp-json\/wp\/v2\/categories?post=15019"},{"taxonomy":"post_tag","embeddable":true,"href":"https:\/\/montecarloliving.com\/fr\/wp-json\/wp\/v2\/tags?post=15019"}],"curies":[{"name":"wp","href":"https:\/\/api.w.org\/{rel}","templated":true}]}}