{"id":14835,"date":"2024-10-09T11:20:15","date_gmt":"2024-10-09T09:20:15","guid":{"rendered":"https:\/\/montecarloliving.com\/?p=14835"},"modified":"2024-10-07T12:22:49","modified_gmt":"2024-10-07T10:22:49","slug":"19eme-festival-international-dorgue-de-monaco","status":"publish","type":"post","link":"https:\/\/montecarloliving.com\/fr\/evenements\/19eme-festival-international-dorgue-de-monaco-14835\/","title":{"rendered":"19\u00e8me Festival International d\u2019Orgue de Monaco"},"content":{"rendered":"<p>Pour cette nouvelle saison, le Festival International d\u2019Orgue de Monaco invite le public \u00e0 la d\u00e9couverte du patrimoine des orgues de la Principaut\u00e9.<br \/>\nR\u00e9cital d\u2019orgue par Kali Malone \u00e0 l\u2019\u00e9glise du Sacr\u00e9-C\u0153ur, concert Orgue &amp; Ch\u0153ur par le Ch\u0153ur de l\u2019Arm\u00e9e fran\u00e7aise et Johann Vexo \u00e0 la Cath\u00e9drale et r\u00e9cital Trompette &amp; Orgue par Romain Leleu et Ghislain Leroy \u00e0 l\u2019\u00e9glise Saint-Charles.<br \/>\nLes artistes invit\u00e9s proposeront un r\u00e9pertoire allant de la musique baroque \u00e0 la musique contemporaine en passant par l\u2019improvisation. Orgue soliste, orgue concertant, orgue accompagnateur, trois univers diff\u00e9rents qui emm\u00e8neront le public \u00e0 appr\u00e9cier la diversit\u00e9 des orgues de Monaco.<\/p>\n<p><strong>Programme :<\/strong><br \/>\n* Samedi 12 octobre 2024 \u2013 RECITAL D\u2019ORGUE par Kali Malone, jeune compositrice et organiste de la sc\u00e8ne montante, qui donnera son r\u00e9cital sur l\u2019orgue de l\u2019\u00e9glise du Sacr\u00e9 C\u0153ur.<br \/>\n* Vendredi 18 octobre 2024 \u2013 ORGUE &amp; CH\u0152UR avec le Ch\u0153ur de l\u2019Arm\u00e9e fran\u00e7aise, formation sp\u00e9ciale de la Garde r\u00e9publicaine, sous la direction d\u2019Emilie Fleury et accompagn\u00e9 par Johann Vexo, au grand orgue de la Cath\u00e9drale de Monaco.<br \/>\n* Samedi 19 octobre 2024 \u2013 TROMPETTE &amp; ORGUE par le Romain Leleu, trompette et Ghislain Leroy \u00e0 l\u2019orgue \u00e0 l\u2019\u00e9glise Saint-Charles.<\/p>\n<p>Concerts \u00e0 20h30<br \/>\nEntr\u00e9e libre dans la limite des places disponibles<br \/>\nProgramme d\u00e9taill\u00e9 et informations pratiques : https:\/\/www.festivalorguemonaco.com\/<\/p>\n","protected":false},"excerpt":{"rendered":"<p>Pour cette nouvelle saison, le Festival International d\u2019Orgue de Monaco invite le public \u00e0 la d\u00e9couverte du patrimoine des orgues de la Principaut\u00e9. R\u00e9cital d\u2019orgue par Kali Malone \u00e0 l\u2019\u00e9glise du Sacr\u00e9-C\u0153ur, concert Orgue &amp; Ch\u0153ur par le Ch\u0153ur de l\u2019Arm\u00e9e fran\u00e7aise et Johann [&hellip;]<\/p>\n","protected":false},"author":1,"featured_media":14836,"comment_status":"closed","ping_status":"closed","sticky":false,"template":"","format":"standard","meta":{"footnotes":""},"categories":[828,867],"tags":[],"class_list":["post-14835","post","type-post","status-publish","format-standard","has-post-thumbnail","hentry","category-evenements","category-monaco-fr"],"yoast_head":"<!-- This site is optimized with the Yoast SEO plugin v27.5 - https:\/\/yoast.com\/product\/yoast-seo-wordpress\/ -->\n<title>19\u00e8me Festival International d\u2019Orgue de Monaco<\/title>\n<meta name=\"description\" content=\"Pour cette nouvelle saison, le Festival International d\u2019Orgue de Monaco invite le public \u00e0 la d\u00e9couverte du patrimoine des orgues de la Principaut\u00e9.\" \/>\n<meta name=\"robots\" content=\"index, follow, max-snippet:-1, max-image-preview:large, max-video-preview:-1\" \/>\n<link rel=\"canonical\" href=\"https:\/\/montecarloliving.com\/fr\/evenements\/19eme-festival-international-dorgue-de-monaco-14835\/\" \/>\n<meta property=\"og:locale\" content=\"fr_FR\" \/>\n<meta property=\"og:title\" content=\"19\u00e8me Festival International d\u2019Orgue de Monaco\" \/>\n<meta property=\"og:description\" content=\"Pour cette nouvelle saison, le Festival International d\u2019Orgue de Monaco invite le public \u00e0 la d\u00e9couverte du patrimoine des orgues de la Principaut\u00e9.\" \/>\n<meta property=\"og:url\" content=\"https:\/\/montecarloliving.com\/fr\/evenements\/19eme-festival-international-dorgue-de-monaco-14835\/\" \/>\n<meta property=\"og:site_name\" content=\"Montecarlo Living\" \/>\n<meta property=\"article:publisher\" content=\"https:\/\/www.facebook.com\/montecarlolivingcom\/\" \/>\n<meta property=\"article:published_time\" content=\"2024-10-09T09:20:15+00:00\" \/>\n<meta property=\"og:image\" content=\"https:\/\/montecarloliving.com\/wp-content\/uploads\/2024\/10\/19eme-edition-du-Festival-International-dOrgue-595x400.jpg\" \/>\n\t<meta property=\"og:image:width\" content=\"595\" \/>\n\t<meta property=\"og:image:height\" content=\"400\" \/>\n\t<meta property=\"og:image:type\" content=\"image\/jpeg\" \/>\n<meta name=\"author\" content=\"Redazione\" \/>\n<meta name=\"twitter:card\" content=\"summary_large_image\" \/>\n<meta name=\"twitter:creator\" content=\"@MonteCarloLivi\" \/>\n<meta name=\"twitter:site\" content=\"@MonteCarloLivi\" \/>\n<meta name=\"twitter:label1\" content=\"\u00c9crit par\" \/>\n\t<meta name=\"twitter:data1\" content=\"Redazione\" \/>\n\t<meta name=\"twitter:label2\" content=\"Dur\u00e9e de lecture estim\u00e9e\" \/>\n\t<meta name=\"twitter:data2\" content=\"2 minutes\" \/>\n<script type=\"application\/ld+json\" class=\"yoast-schema-graph\">{\"@context\":\"https:\\\/\\\/schema.org\",\"@graph\":[{\"@type\":\"Article\",\"@id\":\"https:\\\/\\\/montecarloliving.com\\\/fr\\\/evenements\\\/19eme-festival-international-dorgue-de-monaco-14835\\\/#article\",\"isPartOf\":{\"@id\":\"https:\\\/\\\/montecarloliving.com\\\/fr\\\/evenements\\\/19eme-festival-international-dorgue-de-monaco-14835\\\/\"},\"author\":{\"name\":\"Redazione\",\"@id\":\"https:\\\/\\\/montecarloliving.com\\\/fr\\\/#\\\/schema\\\/person\\\/7e5945d4560862b7f2d2c6831bda2819\"},\"headline\":\"19\u00e8me Festival International d\u2019Orgue de Monaco\",\"datePublished\":\"2024-10-09T09:20:15+00:00\",\"mainEntityOfPage\":{\"@id\":\"https:\\\/\\\/montecarloliving.com\\\/fr\\\/evenements\\\/19eme-festival-international-dorgue-de-monaco-14835\\\/\"},\"wordCount\":240,\"image\":{\"@id\":\"https:\\\/\\\/montecarloliving.com\\\/fr\\\/evenements\\\/19eme-festival-international-dorgue-de-monaco-14835\\\/#primaryimage\"},\"thumbnailUrl\":\"https:\\\/\\\/montecarloliving.com\\\/wp-content\\\/uploads\\\/2024\\\/10\\\/19eme-edition-du-Festival-International-dOrgue.jpg\",\"articleSection\":[\"\u00c9v\u00e9nements\",\"Monaco\"],\"inLanguage\":\"fr-FR\"},{\"@type\":\"WebPage\",\"@id\":\"https:\\\/\\\/montecarloliving.com\\\/fr\\\/evenements\\\/19eme-festival-international-dorgue-de-monaco-14835\\\/\",\"url\":\"https:\\\/\\\/montecarloliving.com\\\/fr\\\/evenements\\\/19eme-festival-international-dorgue-de-monaco-14835\\\/\",\"name\":\"19\u00e8me Festival International d\u2019Orgue de Monaco\",\"isPartOf\":{\"@id\":\"https:\\\/\\\/montecarloliving.com\\\/fr\\\/#website\"},\"primaryImageOfPage\":{\"@id\":\"https:\\\/\\\/montecarloliving.com\\\/fr\\\/evenements\\\/19eme-festival-international-dorgue-de-monaco-14835\\\/#primaryimage\"},\"image\":{\"@id\":\"https:\\\/\\\/montecarloliving.com\\\/fr\\\/evenements\\\/19eme-festival-international-dorgue-de-monaco-14835\\\/#primaryimage\"},\"thumbnailUrl\":\"https:\\\/\\\/montecarloliving.com\\\/wp-content\\\/uploads\\\/2024\\\/10\\\/19eme-edition-du-Festival-International-dOrgue.jpg\",\"datePublished\":\"2024-10-09T09:20:15+00:00\",\"author\":{\"@id\":\"https:\\\/\\\/montecarloliving.com\\\/fr\\\/#\\\/schema\\\/person\\\/7e5945d4560862b7f2d2c6831bda2819\"},\"description\":\"Pour cette nouvelle saison, le Festival International d\u2019Orgue de Monaco invite le public \u00e0 la d\u00e9couverte du patrimoine des orgues de la Principaut\u00e9.\",\"breadcrumb\":{\"@id\":\"https:\\\/\\\/montecarloliving.com\\\/fr\\\/evenements\\\/19eme-festival-international-dorgue-de-monaco-14835\\\/#breadcrumb\"},\"inLanguage\":\"fr-FR\",\"potentialAction\":[{\"@type\":\"ReadAction\",\"target\":[\"https:\\\/\\\/montecarloliving.com\\\/fr\\\/evenements\\\/19eme-festival-international-dorgue-de-monaco-14835\\\/\"]}]},{\"@type\":\"ImageObject\",\"inLanguage\":\"fr-FR\",\"@id\":\"https:\\\/\\\/montecarloliving.com\\\/fr\\\/evenements\\\/19eme-festival-international-dorgue-de-monaco-14835\\\/#primaryimage\",\"url\":\"https:\\\/\\\/montecarloliving.com\\\/wp-content\\\/uploads\\\/2024\\\/10\\\/19eme-edition-du-Festival-International-dOrgue.jpg\",\"contentUrl\":\"https:\\\/\\\/montecarloliving.com\\\/wp-content\\\/uploads\\\/2024\\\/10\\\/19eme-edition-du-Festival-International-dOrgue.jpg\",\"width\":595,\"height\":842},{\"@type\":\"BreadcrumbList\",\"@id\":\"https:\\\/\\\/montecarloliving.com\\\/fr\\\/evenements\\\/19eme-festival-international-dorgue-de-monaco-14835\\\/#breadcrumb\",\"itemListElement\":[{\"@type\":\"ListItem\",\"position\":1,\"name\":\"Home\",\"item\":\"https:\\\/\\\/montecarloliving.com\\\/fr\\\/\"},{\"@type\":\"ListItem\",\"position\":2,\"name\":\"19\u00e8me Festival International d\u2019Orgue de Monaco\"}]},{\"@type\":\"WebSite\",\"@id\":\"https:\\\/\\\/montecarloliving.com\\\/fr\\\/#website\",\"url\":\"https:\\\/\\\/montecarloliving.com\\\/fr\\\/\",\"name\":\"Montecarlo Living\",\"description\":\"News da Montecarlo - Principato di Monaco e Costa Azzurra\",\"potentialAction\":[{\"@type\":\"SearchAction\",\"target\":{\"@type\":\"EntryPoint\",\"urlTemplate\":\"https:\\\/\\\/montecarloliving.com\\\/fr\\\/?s={search_term_string}\"},\"query-input\":{\"@type\":\"PropertyValueSpecification\",\"valueRequired\":true,\"valueName\":\"search_term_string\"}}],\"inLanguage\":\"fr-FR\"},{\"@type\":\"Person\",\"@id\":\"https:\\\/\\\/montecarloliving.com\\\/fr\\\/#\\\/schema\\\/person\\\/7e5945d4560862b7f2d2c6831bda2819\",\"name\":\"Redazione\",\"image\":{\"@type\":\"ImageObject\",\"inLanguage\":\"fr-FR\",\"@id\":\"https:\\\/\\\/secure.gravatar.com\\\/avatar\\\/8b5f26557e18fe74ad8e8a57ebb2925d88af8a90cee489ff2beefb391bc9b9c7?s=96&d=mm&r=g\",\"url\":\"https:\\\/\\\/secure.gravatar.com\\\/avatar\\\/8b5f26557e18fe74ad8e8a57ebb2925d88af8a90cee489ff2beefb391bc9b9c7?s=96&d=mm&r=g\",\"contentUrl\":\"https:\\\/\\\/secure.gravatar.com\\\/avatar\\\/8b5f26557e18fe74ad8e8a57ebb2925d88af8a90cee489ff2beefb391bc9b9c7?s=96&d=mm&r=g\",\"caption\":\"Redazione\"}}]}<\/script>\n<!-- \/ Yoast SEO plugin. -->","yoast_head_json":{"title":"19\u00e8me Festival International d\u2019Orgue de Monaco","description":"Pour cette nouvelle saison, le Festival International d\u2019Orgue de Monaco invite le public \u00e0 la d\u00e9couverte du patrimoine des orgues de la Principaut\u00e9.","robots":{"index":"index","follow":"follow","max-snippet":"max-snippet:-1","max-image-preview":"max-image-preview:large","max-video-preview":"max-video-preview:-1"},"canonical":"https:\/\/montecarloliving.com\/fr\/evenements\/19eme-festival-international-dorgue-de-monaco-14835\/","og_locale":"fr_FR","og_title":"19\u00e8me Festival International d\u2019Orgue de Monaco","og_description":"Pour cette nouvelle saison, le Festival International d\u2019Orgue de Monaco invite le public \u00e0 la d\u00e9couverte du patrimoine des orgues de la Principaut\u00e9.","og_url":"https:\/\/montecarloliving.com\/fr\/evenements\/19eme-festival-international-dorgue-de-monaco-14835\/","og_site_name":"Montecarlo Living","article_publisher":"https:\/\/www.facebook.com\/montecarlolivingcom\/","article_published_time":"2024-10-09T09:20:15+00:00","og_image":[{"width":595,"height":400,"url":"https:\/\/montecarloliving.com\/wp-content\/uploads\/2024\/10\/19eme-edition-du-Festival-International-dOrgue-595x400.jpg","type":"image\/jpeg"}],"author":"Redazione","twitter_card":"summary_large_image","twitter_creator":"@MonteCarloLivi","twitter_site":"@MonteCarloLivi","twitter_misc":{"\u00c9crit par":"Redazione","Dur\u00e9e de lecture estim\u00e9e":"2 minutes"},"schema":{"@context":"https:\/\/schema.org","@graph":[{"@type":"Article","@id":"https:\/\/montecarloliving.com\/fr\/evenements\/19eme-festival-international-dorgue-de-monaco-14835\/#article","isPartOf":{"@id":"https:\/\/montecarloliving.com\/fr\/evenements\/19eme-festival-international-dorgue-de-monaco-14835\/"},"author":{"name":"Redazione","@id":"https:\/\/montecarloliving.com\/fr\/#\/schema\/person\/7e5945d4560862b7f2d2c6831bda2819"},"headline":"19\u00e8me Festival International d\u2019Orgue de Monaco","datePublished":"2024-10-09T09:20:15+00:00","mainEntityOfPage":{"@id":"https:\/\/montecarloliving.com\/fr\/evenements\/19eme-festival-international-dorgue-de-monaco-14835\/"},"wordCount":240,"image":{"@id":"https:\/\/montecarloliving.com\/fr\/evenements\/19eme-festival-international-dorgue-de-monaco-14835\/#primaryimage"},"thumbnailUrl":"https:\/\/montecarloliving.com\/wp-content\/uploads\/2024\/10\/19eme-edition-du-Festival-International-dOrgue.jpg","articleSection":["\u00c9v\u00e9nements","Monaco"],"inLanguage":"fr-FR"},{"@type":"WebPage","@id":"https:\/\/montecarloliving.com\/fr\/evenements\/19eme-festival-international-dorgue-de-monaco-14835\/","url":"https:\/\/montecarloliving.com\/fr\/evenements\/19eme-festival-international-dorgue-de-monaco-14835\/","name":"19\u00e8me Festival International d\u2019Orgue de Monaco","isPartOf":{"@id":"https:\/\/montecarloliving.com\/fr\/#website"},"primaryImageOfPage":{"@id":"https:\/\/montecarloliving.com\/fr\/evenements\/19eme-festival-international-dorgue-de-monaco-14835\/#primaryimage"},"image":{"@id":"https:\/\/montecarloliving.com\/fr\/evenements\/19eme-festival-international-dorgue-de-monaco-14835\/#primaryimage"},"thumbnailUrl":"https:\/\/montecarloliving.com\/wp-content\/uploads\/2024\/10\/19eme-edition-du-Festival-International-dOrgue.jpg","datePublished":"2024-10-09T09:20:15+00:00","author":{"@id":"https:\/\/montecarloliving.com\/fr\/#\/schema\/person\/7e5945d4560862b7f2d2c6831bda2819"},"description":"Pour cette nouvelle saison, le Festival International d\u2019Orgue de Monaco invite le public \u00e0 la d\u00e9couverte du patrimoine des orgues de la Principaut\u00e9.","breadcrumb":{"@id":"https:\/\/montecarloliving.com\/fr\/evenements\/19eme-festival-international-dorgue-de-monaco-14835\/#breadcrumb"},"inLanguage":"fr-FR","potentialAction":[{"@type":"ReadAction","target":["https:\/\/montecarloliving.com\/fr\/evenements\/19eme-festival-international-dorgue-de-monaco-14835\/"]}]},{"@type":"ImageObject","inLanguage":"fr-FR","@id":"https:\/\/montecarloliving.com\/fr\/evenements\/19eme-festival-international-dorgue-de-monaco-14835\/#primaryimage","url":"https:\/\/montecarloliving.com\/wp-content\/uploads\/2024\/10\/19eme-edition-du-Festival-International-dOrgue.jpg","contentUrl":"https:\/\/montecarloliving.com\/wp-content\/uploads\/2024\/10\/19eme-edition-du-Festival-International-dOrgue.jpg","width":595,"height":842},{"@type":"BreadcrumbList","@id":"https:\/\/montecarloliving.com\/fr\/evenements\/19eme-festival-international-dorgue-de-monaco-14835\/#breadcrumb","itemListElement":[{"@type":"ListItem","position":1,"name":"Home","item":"https:\/\/montecarloliving.com\/fr\/"},{"@type":"ListItem","position":2,"name":"19\u00e8me Festival International d\u2019Orgue de Monaco"}]},{"@type":"WebSite","@id":"https:\/\/montecarloliving.com\/fr\/#website","url":"https:\/\/montecarloliving.com\/fr\/","name":"Montecarlo Living","description":"News da Montecarlo - Principato di Monaco e Costa Azzurra","potentialAction":[{"@type":"SearchAction","target":{"@type":"EntryPoint","urlTemplate":"https:\/\/montecarloliving.com\/fr\/?s={search_term_string}"},"query-input":{"@type":"PropertyValueSpecification","valueRequired":true,"valueName":"search_term_string"}}],"inLanguage":"fr-FR"},{"@type":"Person","@id":"https:\/\/montecarloliving.com\/fr\/#\/schema\/person\/7e5945d4560862b7f2d2c6831bda2819","name":"Redazione","image":{"@type":"ImageObject","inLanguage":"fr-FR","@id":"https:\/\/secure.gravatar.com\/avatar\/8b5f26557e18fe74ad8e8a57ebb2925d88af8a90cee489ff2beefb391bc9b9c7?s=96&d=mm&r=g","url":"https:\/\/secure.gravatar.com\/avatar\/8b5f26557e18fe74ad8e8a57ebb2925d88af8a90cee489ff2beefb391bc9b9c7?s=96&d=mm&r=g","contentUrl":"https:\/\/secure.gravatar.com\/avatar\/8b5f26557e18fe74ad8e8a57ebb2925d88af8a90cee489ff2beefb391bc9b9c7?s=96&d=mm&r=g","caption":"Redazione"}}]}},"_links":{"self":[{"href":"https:\/\/montecarloliving.com\/fr\/wp-json\/wp\/v2\/posts\/14835","targetHints":{"allow":["GET"]}}],"collection":[{"href":"https:\/\/montecarloliving.com\/fr\/wp-json\/wp\/v2\/posts"}],"about":[{"href":"https:\/\/montecarloliving.com\/fr\/wp-json\/wp\/v2\/types\/post"}],"author":[{"embeddable":true,"href":"https:\/\/montecarloliving.com\/fr\/wp-json\/wp\/v2\/users\/1"}],"replies":[{"embeddable":true,"href":"https:\/\/montecarloliving.com\/fr\/wp-json\/wp\/v2\/comments?post=14835"}],"version-history":[{"count":1,"href":"https:\/\/montecarloliving.com\/fr\/wp-json\/wp\/v2\/posts\/14835\/revisions"}],"predecessor-version":[{"id":14839,"href":"https:\/\/montecarloliving.com\/fr\/wp-json\/wp\/v2\/posts\/14835\/revisions\/14839"}],"wp:featuredmedia":[{"embeddable":true,"href":"https:\/\/montecarloliving.com\/fr\/wp-json\/wp\/v2\/media\/14836"}],"wp:attachment":[{"href":"https:\/\/montecarloliving.com\/fr\/wp-json\/wp\/v2\/media?parent=14835"}],"wp:term":[{"taxonomy":"category","embeddable":true,"href":"https:\/\/montecarloliving.com\/fr\/wp-json\/wp\/v2\/categories?post=14835"},{"taxonomy":"post_tag","embeddable":true,"href":"https:\/\/montecarloliving.com\/fr\/wp-json\/wp\/v2\/tags?post=14835"}],"curies":[{"name":"wp","href":"https:\/\/api.w.org\/{rel}","templated":true}]}}