{"id":14713,"date":"2024-10-04T09:30:56","date_gmt":"2024-10-04T07:30:56","guid":{"rendered":"https:\/\/montecarloliving.com\/?p=14713"},"modified":"2024-10-03T10:25:55","modified_gmt":"2024-10-03T08:25:55","slug":"evenements-du-week-end-des-5-et-6-octobre-2024-monaco","status":"publish","type":"post","link":"https:\/\/montecarloliving.com\/fr\/monaco-fr\/evenements-du-week-end-des-5-et-6-octobre-2024-monaco-14713\/","title":{"rendered":"\u00c9v\u00e9nements du week-end des 5 et 6 octobre 2024 \u00e0 Monaco"},"content":{"rendered":"<p><strong>\u00c9v\u00e9nements du week-end \u00e0 Monaco, d\u00e9couvrez-les tous !<\/strong><\/p>\n<hr \/>\n<h4><strong>Cin\u00e9 Lagon &#8211; \u00ab\u00a0Sister Act\u00a0\u00bb<\/strong><\/h4>\n<p>Samedi 5 octobre 2024, \u00e0 20h30, le lagon de l&rsquo;H\u00f4tel &amp; Resort Monte-Carlo Bay<br \/>\nAvis aux cin\u00e9philes et aux amateurs de soir\u00e9es inoubliables ! \u00c0 l&rsquo;occasion du 19e anniversaire de l&rsquo;H\u00f4tel &amp; Resort Monte-Carlo Bay, venez vivre une soir\u00e9e cin\u00e9ma-lagon exceptionnelle le samedi 5 octobre 2024. Dans le cadre enchanteur du lagon \u00e0 fond de sable, laissez-vous emporter par la projection du film culte <em>Sister Act<\/em> d&rsquo;Emile Ardolino, en profitant d&rsquo;une ambiance gospel unique. Laissez-vous s\u00e9duire par un concert live qui accompagnera la soir\u00e9e avant, pendant et apr\u00e8s la projection, pour une immersion totale dans une atmosph\u00e8re musicale envo\u00fbtante.<\/p>\n<p><a href=\"https:\/\/www.montecarlosbm.com\/fr\/agenda\/soiree-cine-lagon-au-monte-carlo-bay\" target=\"_new\" rel=\"noopener\">https:\/\/www.montecarlosbm.com\/fr\/agenda\/soiree-cine-lagon-au-monte-carlo-bay<\/a><\/p>\n<hr \/>\n<h4><strong>Charit\u00e9 &#8211; \u00ab\u00a0ROKETHON 2024\u00a0\u00bb<\/strong><\/h4>\n<p>Samedi 5 octobre 2024, Chapiteau de Fontvieille<br \/>\nRokethon Monaco est une course pour les propri\u00e9taires de chiens et leurs compagnons \u00e0 quatre pattes, ayant pour objectif d&rsquo;encourager l&rsquo;adoption d&rsquo;animaux de compagnie et la possession responsable. L&rsquo;association \u00e0 but non lucratif Rokethon&rsquo; op\u00e8re \u00e0 Monaco et dans ses environs pour promouvoir le respect et le soin des animaux de compagnie en r\u00e9alisant ou en soutenant des projets visant \u00e0 am\u00e9liorer leurs conditions, leur formation, leur sant\u00e9, leur vie et, surtout, leur adoption. Les participants marcheront ou courront sur un parcours balis\u00e9 de 1 200 m\u00e8tres autour du Chapiteau de Fontvieille, accompagn\u00e9s de leurs chiens.<\/p>\n<p><a href=\"https:\/\/rokethon.com\/\" target=\"_new\" rel=\"noopener\">https:\/\/rokethon.com\/<\/a><\/p>\n<hr \/>\n<h4><strong>Exposition &#8211; \u00ab\u00a0C\u00e9l\u00e9bration de l&rsquo;Art\u00a0\u00bb<\/strong><\/h4>\n<p>Du mardi 1er au jeudi 10 octobre 2024, Espace 22<br \/>\nLa <em>C\u00e9l\u00e9bration de l&rsquo;Art<\/em> de Wendy Lauwers arrive bient\u00f4t, et elle sera extraordinaire ! 14 artistes du monde entier se r\u00e9unissent pour vous offrir une exp\u00e9rience artistique inoubliable ! Peintres, sculpteurs et bien d&rsquo;autres disciplines sont pr\u00eats \u00e0 vous \u00e9merveiller avec des cr\u00e9ations \u00e0 couper le souffle !<\/p>\n<p><a href=\"https:\/\/espace22.mc\/\" target=\"_new\" rel=\"noopener\">https:\/\/espace22.mc\/<\/a><\/p>\n<hr \/>\n<h4><strong>Exposition &#8211; \u00ab\u00a0Des Ateliers aux Ateliers\u00a0\u00bb<\/strong><\/h4>\n<p>Du mercredi 18 septembre au dimanche 24 novembre 2024, du mardi au dimanche, de 13h00 \u00e0 19h00, Salle d&rsquo;Exposition, Quai Antoine Ier<br \/>\nOrganis\u00e9e par le D\u00e9partement de la Culture de Monaco, l&rsquo;exposition <em>Des Ateliers aux Ateliers<\/em> est un voyage sans pr\u00e9c\u00e9dent dans l&rsquo;histoire de l&rsquo;art du XXe si\u00e8cle \u00e0 travers plus de 150 photographies de Michel SIMA. L&rsquo;exposition construit un pont entre le monde de l&rsquo;art moderne et la vie de la cr\u00e9ation contemporaine, avec un projet se d\u00e9roulant pr\u00e8s des <em>Ateliers du Quai<\/em>, une r\u00e9sidence internationale d&rsquo;artistes rappelant la riche histoire artistique de la Principaut\u00e9.<br \/>\nINFO : +377 98 98 83 037<\/p>\n<hr \/>\n<h4><strong>Exposition &#8211; \u00ab\u00a0Symphonie des couleurs\u00a0\u00bb<\/strong><\/h4>\n<p>Du jeudi 20 juin 2024 au dimanche 6 juillet 2025, de 10h00 \u00e0 18h00, Espace 22<br \/>\nNous sommes ravis d&rsquo;annoncer la nouvelle exposition <em>Symphonie des Couleurs<\/em>, mettant en lumi\u00e8re les talents exceptionnels de trois artistes : Maja Kerin, Liudmila Sun et Maria Mikileva. Du 20 juin au 6 juillet, de 10h00 \u00e0 18h00, venez d\u00e9couvrir les \u0153uvres de ces trois femmes inspir\u00e9es de la Principaut\u00e9. Immergez-vous dans un monde de couleurs intrigantes, o\u00f9 chaque toile raconte une histoire unique. Une symphonie visuelle qui enchantera vos sens et nourrira votre \u00e2me artistique.<\/p>\n<p><a href=\"https:\/\/espace22.mc\/\" target=\"_new\" rel=\"noopener\">https:\/\/espace22.mc\/<\/a><\/p>\n<hr \/>\n<h4><strong>Exposition &#8211; \u00ab\u00a0Miquel Barcel\u00f3, Oc\u00e9anographe\u00a0\u00bb<\/strong><\/h4>\n<p>Du vendredi 7 juin au dimanche 13 octobre 2024, Nouveau Mus\u00e9e National de Monaco &#8211; Villa Paloma<br \/>\nAvec une s\u00e9lection d&rsquo;environ soixante \u0153uvres (peintures, c\u00e9ramiques, broderies, \u0153uvres sur papier), cette exposition offre l&rsquo;opportunit\u00e9 de d\u00e9couvrir les cr\u00e9ations prolifiques et \u00e9clectiques de Miquel Barcel\u00f3, un artiste espagnol dont le sujet de pr\u00e9dilection \u00e9tait la mer.<\/p>\n<p><a href=\"https:\/\/www.nmnm.mc\/expositions\/miquel-barcelo\/\" target=\"_new\" rel=\"noopener\">https:\/\/www.nmnm.mc\/expositions\/miquel-barcelo\/<\/a><\/p>\n<hr \/>\n<h4><strong>Environnement &#8211; \u00ab\u00a0Monaco Z\u00e9ro M\u00e9got de Cigarettes\u00a0\u00bb<\/strong><\/h4>\n<p>Plusieurs <em>M\u00e9gotBox<\/em> (stations pour la collecte et le recyclage des m\u00e9gots de cigarette) sont install\u00e9es devant certains sites municipaux : la Mairie de Monaco, l&rsquo;\u00c9cole Sup\u00e9rieure d&rsquo;Arts Plastiques &#8211; Pavillon Bosio, l&rsquo;Acad\u00e9mie Rainier III, la Vid\u00e9oth\u00e8que-Phonoth\u00e8que Jos\u00e9 Notari, la Biblioth\u00e8que Louis Notari, le Stade Nautique Rainier III, l&rsquo;Espace L\u00e9o Ferr\u00e9, le March\u00e9 de la Condamine, le March\u00e9 de Monte-Carlo. Cette initiative vise \u00e0 prot\u00e9ger l&rsquo;environnement.<\/p>\n<p><a href=\"https:\/\/www.mairie.mc\/monaco-zero-megot\" target=\"_new\" rel=\"noopener\">https:\/\/www.mairie.mc\/monaco-zero-megot<\/a><\/p>\n<hr \/>\n<h4><strong>Exposition &#8211; \u00ab\u00a0Les G\u00e9ants de Glace\u00a0\u00bb<\/strong><\/h4>\n<p>Du mercredi 10 avril au dimanche 6 octobre 2024, Mus\u00e9e Oc\u00e9anographique de Monaco<br \/>\nLes ours polaires et les manchots empereurs sont les principales vedettes de <em>Les G\u00e9ants de Glace<\/em>, une nouvelle exposition de Michel Bassompierre. Sept \u0153uvres monumentales seront install\u00e9es au Mus\u00e9e Oc\u00e9anographique et sur sa terrasse panoramique. Cinq d&rsquo;entre elles seront de nouvelles cr\u00e9ations : quatre ours polaires et un manchot empereur de trois m\u00e8tres de haut. Des dessins et des croquis originaux seront \u00e9galement expos\u00e9s, accompagn\u00e9s d&rsquo;un film pr\u00e9sentant le travail de l&rsquo;artiste. Cette exposition temporaire fait partie de la Mission Polaire organis\u00e9e par l&rsquo;Institut Oc\u00e9anographique depuis 2022.<\/p>\n<p><a href=\"https:\/\/billetterie-oceano.tickeasy.com\/fr-FR\/accueil\" target=\"_new\" rel=\"noopener\">https:\/\/billetterie-oceano.tickeasy.com\/fr-FR\/accueil<\/a><\/p>\n<hr \/>\n<h4><strong>Exposition &#8211; \u00ab\u00a0Lascaux \u00e0 Monaco\u00a0\u00bb<\/strong><\/h4>\n<p>Du vendredi 19 avril au jeudi 21 novembre 2024, Mus\u00e9e d\u2019Anthropologie Pr\u00e9historique<br \/>\nUne sc\u00e9nographie originale organis\u00e9e autour de fac-simil\u00e9s et une exp\u00e9rience immersive en R\u00e9alit\u00e9 Virtuelle gr\u00e2ce \u00e0 la #SPL LASCAUX, pr\u00e9sent\u00e9e en exclusivit\u00e9 par les Partenaires du Mus\u00e9e. Des objets originaux de la grotte de Lascaux sont pr\u00eat\u00e9s par le Mus\u00e9e National de Pr\u00e9histoire (Les Eyzies, Dordogne) et l&rsquo;Institut de Pal\u00e9ontologie Humaine (Paris). \u00c9galement&#8230; Des reconstitutions hyperr\u00e9alistes de 5 Cro-Magnons r\u00e9alis\u00e9es par Elisabeth Daynes, un mod\u00e8le \u00e0 l\u2019\u00e9chelle 1\/10 de la grotte de Lascaux avec peintures et \u00e9clairages pr\u00e9historiques, ainsi que des tables interactives et des dispositifs low-tech.<\/p>\n<hr \/>\n<h4><strong>\u00c9v\u00e9nement &#8211; \u00ab\u00a0150e Anniversaire des Caves de l&rsquo;H\u00f4tel de Paris\u00a0\u00bb<\/strong><\/h4>\n<p>Du lundi 1er avril au jeudi 31 octobre 2024, Monte-Carlo SBM Resort<br \/>\nCette ann\u00e9e, la Soci\u00e9t\u00e9 des Bains de Mer de Monte-Carlo c\u00e9l\u00e8bre le 150e anniversaire des fameuses Caves de l&rsquo;H\u00f4tel de Paris Monte-Carlo ! Ouvertes en 1874, elles sont un monument de la longue et illustre histoire de l&rsquo;entreprise. Pour l&rsquo;occasion, les plus grandes caves d&rsquo;h\u00f4tel du monde ouvriront leurs portes pour une c\u00e9l\u00e9bration unique, avec des visites fascinantes, des d\u00eeners exclusifs, des s\u00e9ances de d\u00e9gustation exceptionnelles, et bien plus encore. D\u00e9couvrez l&rsquo;un des tr\u00e9sors cach\u00e9s les plus pr\u00e9cieux de Monaco et profitez des c\u00e9l\u00e9brations !<\/p>\n<p><a href=\"https:\/\/www.montecarlosbm.com\/fr\/inspiration\/events\/150-ans-des-caves-de-lhotel-de-paris-monte-carlo\" target=\"_new\" rel=\"noopener\">https:\/\/www.montecarlosbm.com\/fr\/inspiration\/events\/150-ans-des-caves-de-lhotel-de-paris-monte-carlo<\/a><\/p>\n<hr \/>\n<h4><strong>Exposition &#8211; \u00ab\u00a0Les Premi\u00e8res Ann\u00e9es de T\u00e9l\u00e9 Monte-Carlo, 1954-1974\u00a0\u00bb<\/strong><\/h4>\n<p>Du lundi 25 mars 2024 au vendredi 31 janvier 2025, de 10h00 \u00e0 17h30 (jusqu&rsquo;\u00e0 17h00 le vendredi), \u00e0 l&rsquo;Institut Audiovisuel de Monaco<br \/>\n<em>Le Cabinet des Merveilles &#8211; &lsquo;Les Premi\u00e8res Ann\u00e9es de T\u00e9l\u00e9 Monte-Carlo, 1954-1974&rsquo;<\/em> &#8211; Une exposition qui explore les 20 premi\u00e8res ann\u00e9es de la cha\u00eene de t\u00e9l\u00e9vision mon\u00e9gasque, lanc\u00e9e en 1954. Une s\u00e9lection d&rsquo;archives et d&rsquo;objets vous ram\u00e8nera aux tout premiers jours de la t\u00e9l\u00e9vision en couleurs. Organis\u00e9e par l&rsquo;Institut Audiovisuel de Monaco, l&rsquo;exposition pr\u00e9sente des objets confi\u00e9s par T\u00e9l\u00e9 Monte-Carlo pour leur pr\u00e9servation, des documents provenant d&rsquo;institutions partenaires, ainsi que des mat\u00e9riaux pr\u00eat\u00e9s gracieusement par des particuliers.<\/p>\n<p><a href=\"https:\/\/institut-audiovisuel.mc\/evenement\/la-jeunesse-de-tele-monte-carlo\/\" target=\"_new\" rel=\"noopener\">https:\/\/institut-audiovisuel.mc\/evenement\/la-jeunesse-de-tele-monte-carlo\/<\/a><\/p>\n<hr \/>\n<h4><strong>Exposition &#8211; \u00ab\u00a0Le Prince et la M\u00e9diterran\u00e9e\u00a0\u00bb<\/strong><\/h4>\n<p>Depuis le 6 d\u00e9cembre 2023, Mus\u00e9e Oc\u00e9anographique de Monaco<br \/>\n\u00c0 l&rsquo;occasion des c\u00e9l\u00e9brations du centenaire du Prince Rainier III (1923-2023), le Mus\u00e9e Oc\u00e9anographique pr\u00e9sente une nouvelle exposition permanente intitul\u00e9e <em>Le Prince et la M\u00e9diterran\u00e9e<\/em>. \u00c0 travers cette exposition, l&rsquo;Institut Oc\u00e9anographique rend hommage au lien ind\u00e9fectible qui unissait le Prince Rainier III \u00e0 l&rsquo;Oc\u00e9an, et en particulier \u00e0 la M\u00e9diterran\u00e9e. Les visiteurs sont invit\u00e9s \u00e0 monter \u00e0 bord de son bateau, le <em>Deo Juvante II<\/em>. Guid\u00e9s par la voix de S.A.S. la Princesse St\u00e9phanie, ils d\u00e9couvriront quatre espaces exploratoires et intimes, d\u00e9voilant les diff\u00e9rentes facettes de ce Prince passionn\u00e9 par la Mare Nostrum.<\/p>\n<p><a href=\"https:\/\/billetterie-oceano.tickeasy.com\/fr-FR\/accueil\" target=\"_new\" rel=\"noopener\">https:\/\/billetterie-oceano.tickeasy.com\/fr-FR\/accueil<\/a><\/p>\n<hr \/>\n<h4><strong>Exposition &#8211; \u00ab\u00a0Mission Polaire\u00a0\u00bb<\/strong><\/h4>\n<p>Du samedi 4 juin 2022 au mardi 31 d\u00e9cembre 2024, Mus\u00e9e Oc\u00e9anographique de Monaco.<br \/>\nPlongez dans une exp\u00e9rience interactive et immersive ! Glissez-vous dans la peau d&rsquo;un reporter et partez en mission au c\u0153ur des mondes polaires ! Cinq zones th\u00e9matiques, r\u00e9parties sur deux niveaux, jalonnent ce nouveau parcours de visite.<br \/>\nDe la d\u00e9couverte des p\u00f4les \u00e0 la faune qui y r\u00e9side, en passant par les peuples qui les habitent et les explorent. Des objets et documents, des contenus num\u00e9riques et des dispositifs immersifs se combinent pour une exp\u00e9rience \u00e0 360\u00b0. Le grand voyage peut commencer !<\/p>\n<p><a href=\"https:\/\/musee.oceano.org\/le-parcours-mission-polaire\/\" target=\"_new\" rel=\"noopener\">https:\/\/musee.oceano.org\/le-parcours-mission-polaire\/<\/a><\/p>\n<hr \/>\n<p><a href=\"https:\/\/www.instagram.com\/monte_carlo_living\/\">Visitez Notre Page Instagram<\/a><\/p>\n<p><a href=\"https:\/\/montecarloliving.com\/fr\/\">Lisez d&rsquo;Autres Articles<\/a><\/p>\n","protected":false},"excerpt":{"rendered":"<p>\u00c9v\u00e9nements du week-end \u00e0 Monaco, d\u00e9couvrez-les tous ! Cin\u00e9 Lagon &#8211; \u00ab\u00a0Sister Act\u00a0\u00bb Samedi 5 octobre 2024, \u00e0 20h30, le lagon de l&rsquo;H\u00f4tel &amp; Resort Monte-Carlo Bay Avis aux cin\u00e9philes et aux amateurs de soir\u00e9es inoubliables ! \u00c0 l&rsquo;occasion du 19e anniversaire de l&rsquo;H\u00f4tel [&hellip;]<\/p>\n","protected":false},"author":1,"featured_media":6489,"comment_status":"closed","ping_status":"closed","sticky":false,"template":"","format":"standard","meta":{"footnotes":""},"categories":[828,867],"tags":[],"class_list":["post-14713","post","type-post","status-publish","format-standard","has-post-thumbnail","hentry","category-evenements","category-monaco-fr"],"yoast_head":"<!-- This site is optimized with the Yoast SEO plugin v27.4 - https:\/\/yoast.com\/product\/yoast-seo-wordpress\/ -->\n<title>\u00c9v\u00e9nements du week-end des 5 et 6 octobre 2024 \u00e0 Monaco<\/title>\n<meta name=\"description\" content=\"\u00c9v\u00e9nements du week-end \u00e0 Monaco, d\u00e9couvrez-les tous !Cin\u00e9 Lagon - &quot;Sister Act&quot;Samedi 5 octobre 2024, \u00e0 20h30, le lagon de l&#039;H\u00f4tel &amp; Resort...\" \/>\n<meta name=\"robots\" content=\"index, follow, max-snippet:-1, max-image-preview:large, max-video-preview:-1\" \/>\n<link rel=\"canonical\" href=\"https:\/\/montecarloliving.com\/fr\/monaco-fr\/evenements-du-week-end-des-5-et-6-octobre-2024-monaco-14713\/\" \/>\n<meta property=\"og:locale\" content=\"fr_FR\" \/>\n<meta property=\"og:title\" content=\"\u00c9v\u00e9nements du week-end des 5 et 6 octobre 2024 \u00e0 Monaco\" \/>\n<meta property=\"og:description\" content=\"\u00c9v\u00e9nements du week-end \u00e0 Monaco, d\u00e9couvrez-les tous !Cin\u00e9 Lagon - &quot;Sister Act&quot;Samedi 5 octobre 2024, \u00e0 20h30, le lagon de l&#039;H\u00f4tel &amp; Resort...\" \/>\n<meta property=\"og:url\" content=\"https:\/\/montecarloliving.com\/fr\/monaco-fr\/evenements-du-week-end-des-5-et-6-octobre-2024-monaco-14713\/\" \/>\n<meta property=\"og:site_name\" content=\"Montecarlo Living\" \/>\n<meta property=\"article:publisher\" content=\"https:\/\/www.facebook.com\/montecarlolivingcom\/\" \/>\n<meta property=\"article:published_time\" content=\"2024-10-04T07:30:56+00:00\" \/>\n<meta property=\"og:image\" content=\"https:\/\/montecarloliving.com\/wp-content\/uploads\/2024\/01\/COPERTINA-SITO-MONTECARLO-LIVING-8-1-650x400.jpg\" \/>\n\t<meta property=\"og:image:width\" content=\"650\" \/>\n\t<meta property=\"og:image:height\" content=\"400\" \/>\n\t<meta property=\"og:image:type\" content=\"image\/jpeg\" \/>\n<meta name=\"author\" content=\"Redazione\" \/>\n<meta name=\"twitter:card\" content=\"summary_large_image\" \/>\n<meta name=\"twitter:creator\" content=\"@MonteCarloLivi\" \/>\n<meta name=\"twitter:site\" content=\"@MonteCarloLivi\" \/>\n<meta name=\"twitter:label1\" content=\"\u00c9crit par\" \/>\n\t<meta name=\"twitter:data1\" content=\"Redazione\" \/>\n\t<meta name=\"twitter:label2\" content=\"Dur\u00e9e de lecture estim\u00e9e\" \/>\n\t<meta name=\"twitter:data2\" content=\"7 minutes\" \/>\n<script type=\"application\/ld+json\" class=\"yoast-schema-graph\">{\"@context\":\"https:\\\/\\\/schema.org\",\"@graph\":[{\"@type\":\"Article\",\"@id\":\"https:\\\/\\\/montecarloliving.com\\\/fr\\\/monaco-fr\\\/evenements-du-week-end-des-5-et-6-octobre-2024-monaco-14713\\\/#article\",\"isPartOf\":{\"@id\":\"https:\\\/\\\/montecarloliving.com\\\/fr\\\/monaco-fr\\\/evenements-du-week-end-des-5-et-6-octobre-2024-monaco-14713\\\/\"},\"author\":{\"name\":\"Redazione\",\"@id\":\"https:\\\/\\\/montecarloliving.com\\\/fr\\\/#\\\/schema\\\/person\\\/7e5945d4560862b7f2d2c6831bda2819\"},\"headline\":\"\u00c9v\u00e9nements du week-end des 5 et 6 octobre 2024 \u00e0 Monaco\",\"datePublished\":\"2024-10-04T07:30:56+00:00\",\"mainEntityOfPage\":{\"@id\":\"https:\\\/\\\/montecarloliving.com\\\/fr\\\/monaco-fr\\\/evenements-du-week-end-des-5-et-6-octobre-2024-monaco-14713\\\/\"},\"wordCount\":1455,\"image\":{\"@id\":\"https:\\\/\\\/montecarloliving.com\\\/fr\\\/monaco-fr\\\/evenements-du-week-end-des-5-et-6-octobre-2024-monaco-14713\\\/#primaryimage\"},\"thumbnailUrl\":\"https:\\\/\\\/montecarloliving.com\\\/wp-content\\\/uploads\\\/2024\\\/01\\\/COPERTINA-SITO-MONTECARLO-LIVING-8-1.jpg\",\"articleSection\":[\"\u00c9v\u00e9nements\",\"Monaco\"],\"inLanguage\":\"fr-FR\"},{\"@type\":\"WebPage\",\"@id\":\"https:\\\/\\\/montecarloliving.com\\\/fr\\\/monaco-fr\\\/evenements-du-week-end-des-5-et-6-octobre-2024-monaco-14713\\\/\",\"url\":\"https:\\\/\\\/montecarloliving.com\\\/fr\\\/monaco-fr\\\/evenements-du-week-end-des-5-et-6-octobre-2024-monaco-14713\\\/\",\"name\":\"\u00c9v\u00e9nements du week-end des 5 et 6 octobre 2024 \u00e0 Monaco\",\"isPartOf\":{\"@id\":\"https:\\\/\\\/montecarloliving.com\\\/fr\\\/#website\"},\"primaryImageOfPage\":{\"@id\":\"https:\\\/\\\/montecarloliving.com\\\/fr\\\/monaco-fr\\\/evenements-du-week-end-des-5-et-6-octobre-2024-monaco-14713\\\/#primaryimage\"},\"image\":{\"@id\":\"https:\\\/\\\/montecarloliving.com\\\/fr\\\/monaco-fr\\\/evenements-du-week-end-des-5-et-6-octobre-2024-monaco-14713\\\/#primaryimage\"},\"thumbnailUrl\":\"https:\\\/\\\/montecarloliving.com\\\/wp-content\\\/uploads\\\/2024\\\/01\\\/COPERTINA-SITO-MONTECARLO-LIVING-8-1.jpg\",\"datePublished\":\"2024-10-04T07:30:56+00:00\",\"author\":{\"@id\":\"https:\\\/\\\/montecarloliving.com\\\/fr\\\/#\\\/schema\\\/person\\\/7e5945d4560862b7f2d2c6831bda2819\"},\"description\":\"\u00c9v\u00e9nements du week-end \u00e0 Monaco, d\u00e9couvrez-les tous !Cin\u00e9 Lagon - \\\"Sister Act\\\"Samedi 5 octobre 2024, \u00e0 20h30, le lagon de l'H\u00f4tel & Resort...\",\"breadcrumb\":{\"@id\":\"https:\\\/\\\/montecarloliving.com\\\/fr\\\/monaco-fr\\\/evenements-du-week-end-des-5-et-6-octobre-2024-monaco-14713\\\/#breadcrumb\"},\"inLanguage\":\"fr-FR\",\"potentialAction\":[{\"@type\":\"ReadAction\",\"target\":[\"https:\\\/\\\/montecarloliving.com\\\/fr\\\/monaco-fr\\\/evenements-du-week-end-des-5-et-6-octobre-2024-monaco-14713\\\/\"]}]},{\"@type\":\"ImageObject\",\"inLanguage\":\"fr-FR\",\"@id\":\"https:\\\/\\\/montecarloliving.com\\\/fr\\\/monaco-fr\\\/evenements-du-week-end-des-5-et-6-octobre-2024-monaco-14713\\\/#primaryimage\",\"url\":\"https:\\\/\\\/montecarloliving.com\\\/wp-content\\\/uploads\\\/2024\\\/01\\\/COPERTINA-SITO-MONTECARLO-LIVING-8-1.jpg\",\"contentUrl\":\"https:\\\/\\\/montecarloliving.com\\\/wp-content\\\/uploads\\\/2024\\\/01\\\/COPERTINA-SITO-MONTECARLO-LIVING-8-1.jpg\",\"width\":2000,\"height\":1200,\"caption\":\"\u00c9v\u00e9nements du week-end Monaco\"},{\"@type\":\"BreadcrumbList\",\"@id\":\"https:\\\/\\\/montecarloliving.com\\\/fr\\\/monaco-fr\\\/evenements-du-week-end-des-5-et-6-octobre-2024-monaco-14713\\\/#breadcrumb\",\"itemListElement\":[{\"@type\":\"ListItem\",\"position\":1,\"name\":\"Home\",\"item\":\"https:\\\/\\\/montecarloliving.com\\\/fr\\\/\"},{\"@type\":\"ListItem\",\"position\":2,\"name\":\"\u00c9v\u00e9nements du week-end des 5 et 6 octobre 2024 \u00e0 Monaco\"}]},{\"@type\":\"WebSite\",\"@id\":\"https:\\\/\\\/montecarloliving.com\\\/fr\\\/#website\",\"url\":\"https:\\\/\\\/montecarloliving.com\\\/fr\\\/\",\"name\":\"Montecarlo Living\",\"description\":\"News da Montecarlo - Principato di Monaco e Costa Azzurra\",\"potentialAction\":[{\"@type\":\"SearchAction\",\"target\":{\"@type\":\"EntryPoint\",\"urlTemplate\":\"https:\\\/\\\/montecarloliving.com\\\/fr\\\/?s={search_term_string}\"},\"query-input\":{\"@type\":\"PropertyValueSpecification\",\"valueRequired\":true,\"valueName\":\"search_term_string\"}}],\"inLanguage\":\"fr-FR\"},{\"@type\":\"Person\",\"@id\":\"https:\\\/\\\/montecarloliving.com\\\/fr\\\/#\\\/schema\\\/person\\\/7e5945d4560862b7f2d2c6831bda2819\",\"name\":\"Redazione\",\"image\":{\"@type\":\"ImageObject\",\"inLanguage\":\"fr-FR\",\"@id\":\"https:\\\/\\\/secure.gravatar.com\\\/avatar\\\/8b5f26557e18fe74ad8e8a57ebb2925d88af8a90cee489ff2beefb391bc9b9c7?s=96&d=mm&r=g\",\"url\":\"https:\\\/\\\/secure.gravatar.com\\\/avatar\\\/8b5f26557e18fe74ad8e8a57ebb2925d88af8a90cee489ff2beefb391bc9b9c7?s=96&d=mm&r=g\",\"contentUrl\":\"https:\\\/\\\/secure.gravatar.com\\\/avatar\\\/8b5f26557e18fe74ad8e8a57ebb2925d88af8a90cee489ff2beefb391bc9b9c7?s=96&d=mm&r=g\",\"caption\":\"Redazione\"}}]}<\/script>\n<!-- \/ Yoast SEO plugin. -->","yoast_head_json":{"title":"\u00c9v\u00e9nements du week-end des 5 et 6 octobre 2024 \u00e0 Monaco","description":"\u00c9v\u00e9nements du week-end \u00e0 Monaco, d\u00e9couvrez-les tous !Cin\u00e9 Lagon - \"Sister Act\"Samedi 5 octobre 2024, \u00e0 20h30, le lagon de l'H\u00f4tel & Resort...","robots":{"index":"index","follow":"follow","max-snippet":"max-snippet:-1","max-image-preview":"max-image-preview:large","max-video-preview":"max-video-preview:-1"},"canonical":"https:\/\/montecarloliving.com\/fr\/monaco-fr\/evenements-du-week-end-des-5-et-6-octobre-2024-monaco-14713\/","og_locale":"fr_FR","og_title":"\u00c9v\u00e9nements du week-end des 5 et 6 octobre 2024 \u00e0 Monaco","og_description":"\u00c9v\u00e9nements du week-end \u00e0 Monaco, d\u00e9couvrez-les tous !Cin\u00e9 Lagon - \"Sister Act\"Samedi 5 octobre 2024, \u00e0 20h30, le lagon de l'H\u00f4tel & Resort...","og_url":"https:\/\/montecarloliving.com\/fr\/monaco-fr\/evenements-du-week-end-des-5-et-6-octobre-2024-monaco-14713\/","og_site_name":"Montecarlo Living","article_publisher":"https:\/\/www.facebook.com\/montecarlolivingcom\/","article_published_time":"2024-10-04T07:30:56+00:00","og_image":[{"width":650,"height":400,"url":"https:\/\/montecarloliving.com\/wp-content\/uploads\/2024\/01\/COPERTINA-SITO-MONTECARLO-LIVING-8-1-650x400.jpg","type":"image\/jpeg"}],"author":"Redazione","twitter_card":"summary_large_image","twitter_creator":"@MonteCarloLivi","twitter_site":"@MonteCarloLivi","twitter_misc":{"\u00c9crit par":"Redazione","Dur\u00e9e de lecture estim\u00e9e":"7 minutes"},"schema":{"@context":"https:\/\/schema.org","@graph":[{"@type":"Article","@id":"https:\/\/montecarloliving.com\/fr\/monaco-fr\/evenements-du-week-end-des-5-et-6-octobre-2024-monaco-14713\/#article","isPartOf":{"@id":"https:\/\/montecarloliving.com\/fr\/monaco-fr\/evenements-du-week-end-des-5-et-6-octobre-2024-monaco-14713\/"},"author":{"name":"Redazione","@id":"https:\/\/montecarloliving.com\/fr\/#\/schema\/person\/7e5945d4560862b7f2d2c6831bda2819"},"headline":"\u00c9v\u00e9nements du week-end des 5 et 6 octobre 2024 \u00e0 Monaco","datePublished":"2024-10-04T07:30:56+00:00","mainEntityOfPage":{"@id":"https:\/\/montecarloliving.com\/fr\/monaco-fr\/evenements-du-week-end-des-5-et-6-octobre-2024-monaco-14713\/"},"wordCount":1455,"image":{"@id":"https:\/\/montecarloliving.com\/fr\/monaco-fr\/evenements-du-week-end-des-5-et-6-octobre-2024-monaco-14713\/#primaryimage"},"thumbnailUrl":"https:\/\/montecarloliving.com\/wp-content\/uploads\/2024\/01\/COPERTINA-SITO-MONTECARLO-LIVING-8-1.jpg","articleSection":["\u00c9v\u00e9nements","Monaco"],"inLanguage":"fr-FR"},{"@type":"WebPage","@id":"https:\/\/montecarloliving.com\/fr\/monaco-fr\/evenements-du-week-end-des-5-et-6-octobre-2024-monaco-14713\/","url":"https:\/\/montecarloliving.com\/fr\/monaco-fr\/evenements-du-week-end-des-5-et-6-octobre-2024-monaco-14713\/","name":"\u00c9v\u00e9nements du week-end des 5 et 6 octobre 2024 \u00e0 Monaco","isPartOf":{"@id":"https:\/\/montecarloliving.com\/fr\/#website"},"primaryImageOfPage":{"@id":"https:\/\/montecarloliving.com\/fr\/monaco-fr\/evenements-du-week-end-des-5-et-6-octobre-2024-monaco-14713\/#primaryimage"},"image":{"@id":"https:\/\/montecarloliving.com\/fr\/monaco-fr\/evenements-du-week-end-des-5-et-6-octobre-2024-monaco-14713\/#primaryimage"},"thumbnailUrl":"https:\/\/montecarloliving.com\/wp-content\/uploads\/2024\/01\/COPERTINA-SITO-MONTECARLO-LIVING-8-1.jpg","datePublished":"2024-10-04T07:30:56+00:00","author":{"@id":"https:\/\/montecarloliving.com\/fr\/#\/schema\/person\/7e5945d4560862b7f2d2c6831bda2819"},"description":"\u00c9v\u00e9nements du week-end \u00e0 Monaco, d\u00e9couvrez-les tous !Cin\u00e9 Lagon - \"Sister Act\"Samedi 5 octobre 2024, \u00e0 20h30, le lagon de l'H\u00f4tel & Resort...","breadcrumb":{"@id":"https:\/\/montecarloliving.com\/fr\/monaco-fr\/evenements-du-week-end-des-5-et-6-octobre-2024-monaco-14713\/#breadcrumb"},"inLanguage":"fr-FR","potentialAction":[{"@type":"ReadAction","target":["https:\/\/montecarloliving.com\/fr\/monaco-fr\/evenements-du-week-end-des-5-et-6-octobre-2024-monaco-14713\/"]}]},{"@type":"ImageObject","inLanguage":"fr-FR","@id":"https:\/\/montecarloliving.com\/fr\/monaco-fr\/evenements-du-week-end-des-5-et-6-octobre-2024-monaco-14713\/#primaryimage","url":"https:\/\/montecarloliving.com\/wp-content\/uploads\/2024\/01\/COPERTINA-SITO-MONTECARLO-LIVING-8-1.jpg","contentUrl":"https:\/\/montecarloliving.com\/wp-content\/uploads\/2024\/01\/COPERTINA-SITO-MONTECARLO-LIVING-8-1.jpg","width":2000,"height":1200,"caption":"\u00c9v\u00e9nements du week-end Monaco"},{"@type":"BreadcrumbList","@id":"https:\/\/montecarloliving.com\/fr\/monaco-fr\/evenements-du-week-end-des-5-et-6-octobre-2024-monaco-14713\/#breadcrumb","itemListElement":[{"@type":"ListItem","position":1,"name":"Home","item":"https:\/\/montecarloliving.com\/fr\/"},{"@type":"ListItem","position":2,"name":"\u00c9v\u00e9nements du week-end des 5 et 6 octobre 2024 \u00e0 Monaco"}]},{"@type":"WebSite","@id":"https:\/\/montecarloliving.com\/fr\/#website","url":"https:\/\/montecarloliving.com\/fr\/","name":"Montecarlo Living","description":"News da Montecarlo - Principato di Monaco e Costa Azzurra","potentialAction":[{"@type":"SearchAction","target":{"@type":"EntryPoint","urlTemplate":"https:\/\/montecarloliving.com\/fr\/?s={search_term_string}"},"query-input":{"@type":"PropertyValueSpecification","valueRequired":true,"valueName":"search_term_string"}}],"inLanguage":"fr-FR"},{"@type":"Person","@id":"https:\/\/montecarloliving.com\/fr\/#\/schema\/person\/7e5945d4560862b7f2d2c6831bda2819","name":"Redazione","image":{"@type":"ImageObject","inLanguage":"fr-FR","@id":"https:\/\/secure.gravatar.com\/avatar\/8b5f26557e18fe74ad8e8a57ebb2925d88af8a90cee489ff2beefb391bc9b9c7?s=96&d=mm&r=g","url":"https:\/\/secure.gravatar.com\/avatar\/8b5f26557e18fe74ad8e8a57ebb2925d88af8a90cee489ff2beefb391bc9b9c7?s=96&d=mm&r=g","contentUrl":"https:\/\/secure.gravatar.com\/avatar\/8b5f26557e18fe74ad8e8a57ebb2925d88af8a90cee489ff2beefb391bc9b9c7?s=96&d=mm&r=g","caption":"Redazione"}}]}},"_links":{"self":[{"href":"https:\/\/montecarloliving.com\/fr\/wp-json\/wp\/v2\/posts\/14713","targetHints":{"allow":["GET"]}}],"collection":[{"href":"https:\/\/montecarloliving.com\/fr\/wp-json\/wp\/v2\/posts"}],"about":[{"href":"https:\/\/montecarloliving.com\/fr\/wp-json\/wp\/v2\/types\/post"}],"author":[{"embeddable":true,"href":"https:\/\/montecarloliving.com\/fr\/wp-json\/wp\/v2\/users\/1"}],"replies":[{"embeddable":true,"href":"https:\/\/montecarloliving.com\/fr\/wp-json\/wp\/v2\/comments?post=14713"}],"version-history":[{"count":1,"href":"https:\/\/montecarloliving.com\/fr\/wp-json\/wp\/v2\/posts\/14713\/revisions"}],"predecessor-version":[{"id":14715,"href":"https:\/\/montecarloliving.com\/fr\/wp-json\/wp\/v2\/posts\/14713\/revisions\/14715"}],"wp:featuredmedia":[{"embeddable":true,"href":"https:\/\/montecarloliving.com\/fr\/wp-json\/wp\/v2\/media\/6489"}],"wp:attachment":[{"href":"https:\/\/montecarloliving.com\/fr\/wp-json\/wp\/v2\/media?parent=14713"}],"wp:term":[{"taxonomy":"category","embeddable":true,"href":"https:\/\/montecarloliving.com\/fr\/wp-json\/wp\/v2\/categories?post=14713"},{"taxonomy":"post_tag","embeddable":true,"href":"https:\/\/montecarloliving.com\/fr\/wp-json\/wp\/v2\/tags?post=14713"}],"curies":[{"name":"wp","href":"https:\/\/api.w.org\/{rel}","templated":true}]}}