{"id":14533,"date":"2024-09-25T10:58:22","date_gmt":"2024-09-25T08:58:22","guid":{"rendered":"https:\/\/montecarloliving.com\/?p=14533"},"modified":"2024-09-25T11:06:01","modified_gmt":"2024-09-25T09:06:01","slug":"37eme-fete-du-terroir-2024-saint-laurent-du-var","status":"publish","type":"post","link":"https:\/\/montecarloliving.com\/fr\/evenements\/37eme-fete-du-terroir-2024-saint-laurent-du-var-14533\/","title":{"rendered":"La 37\u00e8me F\u00eate du Terroir 2024 \u00e0 Saint Laurent du Var"},"content":{"rendered":"<p>Le dimanche 6 octobre 2024, Saint Laurent du Var accueillera \u00e0 nouveau la traditionnelle F\u00eate du Terroir, qui f\u00eate sa 37\u00e8me \u00e9dition. Cette ann\u00e9e, l\u2019\u00e9v\u00e9nement sera d\u00e9di\u00e9 au fascinant univers celtique, offrant une large gamme d\u2019activit\u00e9s pour toute la famille sur la place de la Mairie, au Parc Layet et sur l\u2019Avenue du 11 novembre.<\/p>\n<p>L&rsquo;\u00e9v\u00e9nement proposera divers spectacles et animations : parades, ferme p\u00e9dagogique, march\u00e9 proven\u00e7al, d\u00e9monstrations de m\u00e9tiers traditionnels, ateliers cr\u00e9atifs, danses irlandaises, concerts celtiques, combats m\u00e9di\u00e9vaux, tir \u00e0 l\u2019arc et bien d\u2019autres activit\u00e9s pour les petits et les grands.<\/p>\n<p><img loading=\"lazy\" decoding=\"async\" class=\"size-full wp-image-14523 aligncenter\" src=\"https:\/\/montecarloliving.com\/wp-content\/uploads\/2024\/09\/Saint_Laurent_du_Var_festa_del_territorio_2024.jpg\" alt=\"\" width=\"379\" height=\"500\" srcset=\"https:\/\/montecarloliving.com\/wp-content\/uploads\/2024\/09\/Saint_Laurent_du_Var_festa_del_territorio_2024.jpg 379w, https:\/\/montecarloliving.com\/wp-content\/uploads\/2024\/09\/Saint_Laurent_du_Var_festa_del_territorio_2024-227x300.jpg 227w\" sizes=\"auto, (max-width: 379px) 100vw, 379px\" \/><\/p>\n<p>L&rsquo;entr\u00e9e et toutes les animations sont gratuites.<\/p>\n<p>La F\u00eate du Terroir 2024 offrira une grande parade mettant en valeur le territoire, la reconstitution d\u2019univers celtiques, des ateliers pour les enfants, une grande ferme p\u00e9dagogique avec des animaux, des activit\u00e9s \u00e9ducatives et des stands nature au Parc Layet, ainsi qu\u2019un grand march\u00e9 de produits locaux.<\/p>\n<h3>Programme<\/h3>\n<p><strong>Dimanche 6 octobre 2024<\/strong><\/p>\n<ul>\n<li><strong>Grande Parade Celtique<\/strong> &#8211; 10h30, Square B\u00e8nes : \u00e9chassiers de la for\u00eat, folie bretonne, elfes musicaux, danses irlandaises, folklore m\u00e9diterran\u00e9en.<\/li>\n<li><strong>Traditions proven\u00e7ales<\/strong> &#8211; Avenue du 11 novembre : march\u00e9 alimentaire et artisanal, Parc Layet :\n<ul>\n<li>Ferme p\u00e9dagogique et d\u00e9couverte des \u00e2nes<\/li>\n<li>Ateliers autour de la nature<\/li>\n<li>Show cooking et Blind Test par \u00ab\u00a0La Briquetterie\u00a0\u00bb \u00e0 12h00<\/li>\n<li>Souffleur de verre, activit\u00e9s autour des fruits<\/li>\n<li>Groupe folklorique proven\u00e7al et atelier de maroquinerie<\/li>\n<li>Aires de restauration proven\u00e7ale.<\/li>\n<\/ul>\n<\/li>\n<li><strong>Univers Celtique<\/strong> &#8211; Place de la Mairie :\n<ul>\n<li>D\u00e9monstrations de m\u00e9tiers traditionnels<\/li>\n<li>Ateliers et danses irlandaises<\/li>\n<li>Concert celtique<\/li>\n<li>Combat m\u00e9di\u00e9val<\/li>\n<li>Tir \u00e0 l\u2019arc<\/li>\n<\/ul>\n<\/li>\n<\/ul>\n<h3>Informations pratiques<\/h3>\n<p>Entr\u00e9e libre pour tous. Parking gratuit disponible \u00e0 l\u2019Esplanade du Levant.<\/p>\n","protected":false},"excerpt":{"rendered":"<p>Le dimanche 6 octobre 2024, Saint Laurent du Var accueillera \u00e0 nouveau la traditionnelle F\u00eate du Terroir, qui f\u00eate sa 37\u00e8me \u00e9dition. Cette ann\u00e9e, l\u2019\u00e9v\u00e9nement sera d\u00e9di\u00e9 au fascinant univers celtique, offrant une large gamme d\u2019activit\u00e9s pour toute la famille sur la place de [&hellip;]<\/p>\n","protected":false},"author":1,"featured_media":14530,"comment_status":"closed","ping_status":"closed","sticky":false,"template":"","format":"standard","meta":{"footnotes":""},"categories":[828],"tags":[],"class_list":["post-14533","post","type-post","status-publish","format-standard","has-post-thumbnail","hentry","category-evenements"],"yoast_head":"<!-- This site is optimized with the Yoast SEO plugin v27.4 - https:\/\/yoast.com\/product\/yoast-seo-wordpress\/ -->\n<title>La 37\u00e8me F\u00eate du Terroir 2024 \u00e0 Saint Laurent du Var<\/title>\n<meta name=\"description\" content=\"Le dimanche 6 octobre 2024, Saint Laurent du Var accueillera \u00e0 nouveau la traditionnelle F\u00eate du Terroir, qui f\u00eate sa 37\u00e8me \u00e9dition. Cette ann\u00e9e,\" \/>\n<meta name=\"robots\" content=\"index, follow, max-snippet:-1, max-image-preview:large, max-video-preview:-1\" \/>\n<link rel=\"canonical\" href=\"https:\/\/montecarloliving.com\/fr\/evenements\/37eme-fete-du-terroir-2024-saint-laurent-du-var-14533\/\" \/>\n<meta property=\"og:locale\" content=\"fr_FR\" \/>\n<meta property=\"og:title\" content=\"La 37\u00e8me F\u00eate du Terroir 2024 \u00e0 Saint Laurent du Var\" \/>\n<meta property=\"og:description\" content=\"Le dimanche 6 octobre 2024, Saint Laurent du Var accueillera \u00e0 nouveau la traditionnelle F\u00eate du Terroir, qui f\u00eate sa 37\u00e8me \u00e9dition. Cette ann\u00e9e,\" \/>\n<meta property=\"og:url\" content=\"https:\/\/montecarloliving.com\/fr\/evenements\/37eme-fete-du-terroir-2024-saint-laurent-du-var-14533\/\" \/>\n<meta property=\"og:site_name\" content=\"Montecarlo Living\" \/>\n<meta property=\"article:publisher\" content=\"https:\/\/www.facebook.com\/montecarlolivingcom\/\" \/>\n<meta property=\"article:published_time\" content=\"2024-09-25T08:58:22+00:00\" \/>\n<meta property=\"article:modified_time\" content=\"2024-09-25T09:06:01+00:00\" \/>\n<meta property=\"og:image\" content=\"https:\/\/montecarloliving.com\/wp-content\/uploads\/2024\/09\/legumes-du-terroir-scaled-1-650x400.jpg\" \/>\n\t<meta property=\"og:image:width\" content=\"650\" \/>\n\t<meta property=\"og:image:height\" content=\"400\" \/>\n\t<meta property=\"og:image:type\" content=\"image\/jpeg\" \/>\n<meta name=\"author\" content=\"Redazione\" \/>\n<meta name=\"twitter:card\" content=\"summary_large_image\" \/>\n<meta name=\"twitter:creator\" content=\"@MonteCarloLivi\" \/>\n<meta name=\"twitter:site\" content=\"@MonteCarloLivi\" \/>\n<meta name=\"twitter:label1\" content=\"\u00c9crit par\" \/>\n\t<meta name=\"twitter:data1\" content=\"Redazione\" \/>\n\t<meta name=\"twitter:label2\" content=\"Dur\u00e9e de lecture estim\u00e9e\" \/>\n\t<meta name=\"twitter:data2\" content=\"2 minutes\" \/>\n<script type=\"application\/ld+json\" class=\"yoast-schema-graph\">{\"@context\":\"https:\\\/\\\/schema.org\",\"@graph\":[{\"@type\":\"Article\",\"@id\":\"https:\\\/\\\/montecarloliving.com\\\/fr\\\/evenements\\\/37eme-fete-du-terroir-2024-saint-laurent-du-var-14533\\\/#article\",\"isPartOf\":{\"@id\":\"https:\\\/\\\/montecarloliving.com\\\/fr\\\/evenements\\\/37eme-fete-du-terroir-2024-saint-laurent-du-var-14533\\\/\"},\"author\":{\"name\":\"Redazione\",\"@id\":\"https:\\\/\\\/montecarloliving.com\\\/fr\\\/#\\\/schema\\\/person\\\/7e5945d4560862b7f2d2c6831bda2819\"},\"headline\":\"La 37\u00e8me F\u00eate du Terroir 2024 \u00e0 Saint Laurent du Var\",\"datePublished\":\"2024-09-25T08:58:22+00:00\",\"dateModified\":\"2024-09-25T09:06:01+00:00\",\"mainEntityOfPage\":{\"@id\":\"https:\\\/\\\/montecarloliving.com\\\/fr\\\/evenements\\\/37eme-fete-du-terroir-2024-saint-laurent-du-var-14533\\\/\"},\"wordCount\":299,\"image\":{\"@id\":\"https:\\\/\\\/montecarloliving.com\\\/fr\\\/evenements\\\/37eme-fete-du-terroir-2024-saint-laurent-du-var-14533\\\/#primaryimage\"},\"thumbnailUrl\":\"https:\\\/\\\/montecarloliving.com\\\/wp-content\\\/uploads\\\/2024\\\/09\\\/legumes-du-terroir-scaled-1.jpg\",\"articleSection\":[\"\u00c9v\u00e9nements\"],\"inLanguage\":\"fr-FR\"},{\"@type\":\"WebPage\",\"@id\":\"https:\\\/\\\/montecarloliving.com\\\/fr\\\/evenements\\\/37eme-fete-du-terroir-2024-saint-laurent-du-var-14533\\\/\",\"url\":\"https:\\\/\\\/montecarloliving.com\\\/fr\\\/evenements\\\/37eme-fete-du-terroir-2024-saint-laurent-du-var-14533\\\/\",\"name\":\"La 37\u00e8me F\u00eate du Terroir 2024 \u00e0 Saint Laurent du Var\",\"isPartOf\":{\"@id\":\"https:\\\/\\\/montecarloliving.com\\\/fr\\\/#website\"},\"primaryImageOfPage\":{\"@id\":\"https:\\\/\\\/montecarloliving.com\\\/fr\\\/evenements\\\/37eme-fete-du-terroir-2024-saint-laurent-du-var-14533\\\/#primaryimage\"},\"image\":{\"@id\":\"https:\\\/\\\/montecarloliving.com\\\/fr\\\/evenements\\\/37eme-fete-du-terroir-2024-saint-laurent-du-var-14533\\\/#primaryimage\"},\"thumbnailUrl\":\"https:\\\/\\\/montecarloliving.com\\\/wp-content\\\/uploads\\\/2024\\\/09\\\/legumes-du-terroir-scaled-1.jpg\",\"datePublished\":\"2024-09-25T08:58:22+00:00\",\"dateModified\":\"2024-09-25T09:06:01+00:00\",\"author\":{\"@id\":\"https:\\\/\\\/montecarloliving.com\\\/fr\\\/#\\\/schema\\\/person\\\/7e5945d4560862b7f2d2c6831bda2819\"},\"description\":\"Le dimanche 6 octobre 2024, Saint Laurent du Var accueillera \u00e0 nouveau la traditionnelle F\u00eate du Terroir, qui f\u00eate sa 37\u00e8me \u00e9dition. Cette ann\u00e9e,\",\"breadcrumb\":{\"@id\":\"https:\\\/\\\/montecarloliving.com\\\/fr\\\/evenements\\\/37eme-fete-du-terroir-2024-saint-laurent-du-var-14533\\\/#breadcrumb\"},\"inLanguage\":\"fr-FR\",\"potentialAction\":[{\"@type\":\"ReadAction\",\"target\":[\"https:\\\/\\\/montecarloliving.com\\\/fr\\\/evenements\\\/37eme-fete-du-terroir-2024-saint-laurent-du-var-14533\\\/\"]}]},{\"@type\":\"ImageObject\",\"inLanguage\":\"fr-FR\",\"@id\":\"https:\\\/\\\/montecarloliving.com\\\/fr\\\/evenements\\\/37eme-fete-du-terroir-2024-saint-laurent-du-var-14533\\\/#primaryimage\",\"url\":\"https:\\\/\\\/montecarloliving.com\\\/wp-content\\\/uploads\\\/2024\\\/09\\\/legumes-du-terroir-scaled-1.jpg\",\"contentUrl\":\"https:\\\/\\\/montecarloliving.com\\\/wp-content\\\/uploads\\\/2024\\\/09\\\/legumes-du-terroir-scaled-1.jpg\",\"width\":2560,\"height\":1920},{\"@type\":\"BreadcrumbList\",\"@id\":\"https:\\\/\\\/montecarloliving.com\\\/fr\\\/evenements\\\/37eme-fete-du-terroir-2024-saint-laurent-du-var-14533\\\/#breadcrumb\",\"itemListElement\":[{\"@type\":\"ListItem\",\"position\":1,\"name\":\"Home\",\"item\":\"https:\\\/\\\/montecarloliving.com\\\/fr\\\/\"},{\"@type\":\"ListItem\",\"position\":2,\"name\":\"La 37\u00e8me F\u00eate du Terroir 2024 \u00e0 Saint Laurent du Var\"}]},{\"@type\":\"WebSite\",\"@id\":\"https:\\\/\\\/montecarloliving.com\\\/fr\\\/#website\",\"url\":\"https:\\\/\\\/montecarloliving.com\\\/fr\\\/\",\"name\":\"Montecarlo Living\",\"description\":\"News da Montecarlo - Principato di Monaco e Costa Azzurra\",\"potentialAction\":[{\"@type\":\"SearchAction\",\"target\":{\"@type\":\"EntryPoint\",\"urlTemplate\":\"https:\\\/\\\/montecarloliving.com\\\/fr\\\/?s={search_term_string}\"},\"query-input\":{\"@type\":\"PropertyValueSpecification\",\"valueRequired\":true,\"valueName\":\"search_term_string\"}}],\"inLanguage\":\"fr-FR\"},{\"@type\":\"Person\",\"@id\":\"https:\\\/\\\/montecarloliving.com\\\/fr\\\/#\\\/schema\\\/person\\\/7e5945d4560862b7f2d2c6831bda2819\",\"name\":\"Redazione\",\"image\":{\"@type\":\"ImageObject\",\"inLanguage\":\"fr-FR\",\"@id\":\"https:\\\/\\\/secure.gravatar.com\\\/avatar\\\/8b5f26557e18fe74ad8e8a57ebb2925d88af8a90cee489ff2beefb391bc9b9c7?s=96&d=mm&r=g\",\"url\":\"https:\\\/\\\/secure.gravatar.com\\\/avatar\\\/8b5f26557e18fe74ad8e8a57ebb2925d88af8a90cee489ff2beefb391bc9b9c7?s=96&d=mm&r=g\",\"contentUrl\":\"https:\\\/\\\/secure.gravatar.com\\\/avatar\\\/8b5f26557e18fe74ad8e8a57ebb2925d88af8a90cee489ff2beefb391bc9b9c7?s=96&d=mm&r=g\",\"caption\":\"Redazione\"}}]}<\/script>\n<!-- \/ Yoast SEO plugin. -->","yoast_head_json":{"title":"La 37\u00e8me F\u00eate du Terroir 2024 \u00e0 Saint Laurent du Var","description":"Le dimanche 6 octobre 2024, Saint Laurent du Var accueillera \u00e0 nouveau la traditionnelle F\u00eate du Terroir, qui f\u00eate sa 37\u00e8me \u00e9dition. Cette ann\u00e9e,","robots":{"index":"index","follow":"follow","max-snippet":"max-snippet:-1","max-image-preview":"max-image-preview:large","max-video-preview":"max-video-preview:-1"},"canonical":"https:\/\/montecarloliving.com\/fr\/evenements\/37eme-fete-du-terroir-2024-saint-laurent-du-var-14533\/","og_locale":"fr_FR","og_title":"La 37\u00e8me F\u00eate du Terroir 2024 \u00e0 Saint Laurent du Var","og_description":"Le dimanche 6 octobre 2024, Saint Laurent du Var accueillera \u00e0 nouveau la traditionnelle F\u00eate du Terroir, qui f\u00eate sa 37\u00e8me \u00e9dition. Cette ann\u00e9e,","og_url":"https:\/\/montecarloliving.com\/fr\/evenements\/37eme-fete-du-terroir-2024-saint-laurent-du-var-14533\/","og_site_name":"Montecarlo Living","article_publisher":"https:\/\/www.facebook.com\/montecarlolivingcom\/","article_published_time":"2024-09-25T08:58:22+00:00","article_modified_time":"2024-09-25T09:06:01+00:00","og_image":[{"width":650,"height":400,"url":"https:\/\/montecarloliving.com\/wp-content\/uploads\/2024\/09\/legumes-du-terroir-scaled-1-650x400.jpg","type":"image\/jpeg"}],"author":"Redazione","twitter_card":"summary_large_image","twitter_creator":"@MonteCarloLivi","twitter_site":"@MonteCarloLivi","twitter_misc":{"\u00c9crit par":"Redazione","Dur\u00e9e de lecture estim\u00e9e":"2 minutes"},"schema":{"@context":"https:\/\/schema.org","@graph":[{"@type":"Article","@id":"https:\/\/montecarloliving.com\/fr\/evenements\/37eme-fete-du-terroir-2024-saint-laurent-du-var-14533\/#article","isPartOf":{"@id":"https:\/\/montecarloliving.com\/fr\/evenements\/37eme-fete-du-terroir-2024-saint-laurent-du-var-14533\/"},"author":{"name":"Redazione","@id":"https:\/\/montecarloliving.com\/fr\/#\/schema\/person\/7e5945d4560862b7f2d2c6831bda2819"},"headline":"La 37\u00e8me F\u00eate du Terroir 2024 \u00e0 Saint Laurent du Var","datePublished":"2024-09-25T08:58:22+00:00","dateModified":"2024-09-25T09:06:01+00:00","mainEntityOfPage":{"@id":"https:\/\/montecarloliving.com\/fr\/evenements\/37eme-fete-du-terroir-2024-saint-laurent-du-var-14533\/"},"wordCount":299,"image":{"@id":"https:\/\/montecarloliving.com\/fr\/evenements\/37eme-fete-du-terroir-2024-saint-laurent-du-var-14533\/#primaryimage"},"thumbnailUrl":"https:\/\/montecarloliving.com\/wp-content\/uploads\/2024\/09\/legumes-du-terroir-scaled-1.jpg","articleSection":["\u00c9v\u00e9nements"],"inLanguage":"fr-FR"},{"@type":"WebPage","@id":"https:\/\/montecarloliving.com\/fr\/evenements\/37eme-fete-du-terroir-2024-saint-laurent-du-var-14533\/","url":"https:\/\/montecarloliving.com\/fr\/evenements\/37eme-fete-du-terroir-2024-saint-laurent-du-var-14533\/","name":"La 37\u00e8me F\u00eate du Terroir 2024 \u00e0 Saint Laurent du Var","isPartOf":{"@id":"https:\/\/montecarloliving.com\/fr\/#website"},"primaryImageOfPage":{"@id":"https:\/\/montecarloliving.com\/fr\/evenements\/37eme-fete-du-terroir-2024-saint-laurent-du-var-14533\/#primaryimage"},"image":{"@id":"https:\/\/montecarloliving.com\/fr\/evenements\/37eme-fete-du-terroir-2024-saint-laurent-du-var-14533\/#primaryimage"},"thumbnailUrl":"https:\/\/montecarloliving.com\/wp-content\/uploads\/2024\/09\/legumes-du-terroir-scaled-1.jpg","datePublished":"2024-09-25T08:58:22+00:00","dateModified":"2024-09-25T09:06:01+00:00","author":{"@id":"https:\/\/montecarloliving.com\/fr\/#\/schema\/person\/7e5945d4560862b7f2d2c6831bda2819"},"description":"Le dimanche 6 octobre 2024, Saint Laurent du Var accueillera \u00e0 nouveau la traditionnelle F\u00eate du Terroir, qui f\u00eate sa 37\u00e8me \u00e9dition. Cette ann\u00e9e,","breadcrumb":{"@id":"https:\/\/montecarloliving.com\/fr\/evenements\/37eme-fete-du-terroir-2024-saint-laurent-du-var-14533\/#breadcrumb"},"inLanguage":"fr-FR","potentialAction":[{"@type":"ReadAction","target":["https:\/\/montecarloliving.com\/fr\/evenements\/37eme-fete-du-terroir-2024-saint-laurent-du-var-14533\/"]}]},{"@type":"ImageObject","inLanguage":"fr-FR","@id":"https:\/\/montecarloliving.com\/fr\/evenements\/37eme-fete-du-terroir-2024-saint-laurent-du-var-14533\/#primaryimage","url":"https:\/\/montecarloliving.com\/wp-content\/uploads\/2024\/09\/legumes-du-terroir-scaled-1.jpg","contentUrl":"https:\/\/montecarloliving.com\/wp-content\/uploads\/2024\/09\/legumes-du-terroir-scaled-1.jpg","width":2560,"height":1920},{"@type":"BreadcrumbList","@id":"https:\/\/montecarloliving.com\/fr\/evenements\/37eme-fete-du-terroir-2024-saint-laurent-du-var-14533\/#breadcrumb","itemListElement":[{"@type":"ListItem","position":1,"name":"Home","item":"https:\/\/montecarloliving.com\/fr\/"},{"@type":"ListItem","position":2,"name":"La 37\u00e8me F\u00eate du Terroir 2024 \u00e0 Saint Laurent du Var"}]},{"@type":"WebSite","@id":"https:\/\/montecarloliving.com\/fr\/#website","url":"https:\/\/montecarloliving.com\/fr\/","name":"Montecarlo Living","description":"News da Montecarlo - Principato di Monaco e Costa Azzurra","potentialAction":[{"@type":"SearchAction","target":{"@type":"EntryPoint","urlTemplate":"https:\/\/montecarloliving.com\/fr\/?s={search_term_string}"},"query-input":{"@type":"PropertyValueSpecification","valueRequired":true,"valueName":"search_term_string"}}],"inLanguage":"fr-FR"},{"@type":"Person","@id":"https:\/\/montecarloliving.com\/fr\/#\/schema\/person\/7e5945d4560862b7f2d2c6831bda2819","name":"Redazione","image":{"@type":"ImageObject","inLanguage":"fr-FR","@id":"https:\/\/secure.gravatar.com\/avatar\/8b5f26557e18fe74ad8e8a57ebb2925d88af8a90cee489ff2beefb391bc9b9c7?s=96&d=mm&r=g","url":"https:\/\/secure.gravatar.com\/avatar\/8b5f26557e18fe74ad8e8a57ebb2925d88af8a90cee489ff2beefb391bc9b9c7?s=96&d=mm&r=g","contentUrl":"https:\/\/secure.gravatar.com\/avatar\/8b5f26557e18fe74ad8e8a57ebb2925d88af8a90cee489ff2beefb391bc9b9c7?s=96&d=mm&r=g","caption":"Redazione"}}]}},"_links":{"self":[{"href":"https:\/\/montecarloliving.com\/fr\/wp-json\/wp\/v2\/posts\/14533","targetHints":{"allow":["GET"]}}],"collection":[{"href":"https:\/\/montecarloliving.com\/fr\/wp-json\/wp\/v2\/posts"}],"about":[{"href":"https:\/\/montecarloliving.com\/fr\/wp-json\/wp\/v2\/types\/post"}],"author":[{"embeddable":true,"href":"https:\/\/montecarloliving.com\/fr\/wp-json\/wp\/v2\/users\/1"}],"replies":[{"embeddable":true,"href":"https:\/\/montecarloliving.com\/fr\/wp-json\/wp\/v2\/comments?post=14533"}],"version-history":[{"count":1,"href":"https:\/\/montecarloliving.com\/fr\/wp-json\/wp\/v2\/posts\/14533\/revisions"}],"predecessor-version":[{"id":14534,"href":"https:\/\/montecarloliving.com\/fr\/wp-json\/wp\/v2\/posts\/14533\/revisions\/14534"}],"wp:featuredmedia":[{"embeddable":true,"href":"https:\/\/montecarloliving.com\/fr\/wp-json\/wp\/v2\/media\/14530"}],"wp:attachment":[{"href":"https:\/\/montecarloliving.com\/fr\/wp-json\/wp\/v2\/media?parent=14533"}],"wp:term":[{"taxonomy":"category","embeddable":true,"href":"https:\/\/montecarloliving.com\/fr\/wp-json\/wp\/v2\/categories?post=14533"},{"taxonomy":"post_tag","embeddable":true,"href":"https:\/\/montecarloliving.com\/fr\/wp-json\/wp\/v2\/tags?post=14533"}],"curies":[{"name":"wp","href":"https:\/\/api.w.org\/{rel}","templated":true}]}}