{"id":14419,"date":"2024-09-24T09:40:25","date_gmt":"2024-09-24T07:40:25","guid":{"rendered":"https:\/\/montecarloliving.com\/?p=14419"},"modified":"2024-09-24T09:45:21","modified_gmt":"2024-09-24T07:45:21","slug":"presentation-du-recueil-poetique-raconte-moi-mes-reves-de-angela-valenti-durazzo-illustre-par-claude-gauthier-introduction-de-maria-betti-et-paolo-sabbatini","status":"publish","type":"post","link":"https:\/\/montecarloliving.com\/fr\/evenements\/presentation-du-recueil-poetique-raconte-moi-mes-reves-de-angela-valenti-durazzo-illustre-par-claude-gauthier-introduction-de-maria-betti-et-paolo-sabbatini-14419\/","title":{"rendered":"Pr\u00e9sentation du Recueil Po\u00e9tique Raconte-moi mes r\u00eaves de Angela Valenti Durazzo, illustr\u00e9 par Claude Gauthier, introduction de Maria Betti et Paolo Sabbatini"},"content":{"rendered":"<p>La saison 2024-2025 de l\u2019Association Dante Alighieri Comit\u00e9 de Monaco commence avec la pr\u00e9sentation du Recueil Po\u00e9tique \u201cRaconte-moi mes r\u00eaves\u201d \/ Raccontami i miei sogni (Egnatia 2024) de Angela Valenti Durazzo, illustr\u00e9 par le peintre mon\u00e9gasque Claude Gauthier et introduction de Maria Betti et Paolo Sabbatini.<br \/>\nL\u2019\u00e9v\u00e9nement, sous le Haut Patronage de S.A.R. la Princesse de Hanovre et avec le Patronage de l\u2019Ambassade d\u2019Italie, aura lieu \u00e0 l\u2019Auditorium de l\u2019AGORA Maison Dioc\u00e9saine (18, rue Bellevue Monaco) le mercredi 25 septembre \u00e0 18h00 (entr\u00e9e gratuite).<br \/>\nLa rencontre, au cours de laquelle l\u2019auteure sera interview\u00e9e par la journaliste Cinzia Colman, sera ponctu\u00e9e par la lecture de quelques po\u00e8mes, accompagn\u00e9s d\u2019interm\u00e8des musicaux d\u2019Altin Tafilaj.<br \/>\nTafilaj d\u00e9j\u00e0 alto solo de l\u2019Orchestre National de Cannes (avec lequel, en tant que soliste, il a interpr\u00e9t\u00e9 la Symphonie Concertante de Mozart avec le violoniste Tedi Papavrami), a collabor\u00e9 comme alto solo avec de nombreux orchestres tels que Copenhagen Philharmonic Orchestra, Malaysian Philharmonic Orchestra, Orchestre d\u2019Auvergne. Il poursuit actuellement une carri\u00e8re d\u2019Altiste Soliste.<br \/>\nAngela Valenti Durazzo est journaliste et \u00e9crivaine. S\u00e9lectionn\u00e9e parmi les auteurs du volume anthologique \u201cEncyclopedia della Poesia contemporanea\u201d (Fondazione Mario Luzi editore, Vol.4-2013), elle est \u00e9galement l\u2019auteur du recueil de po\u00e8mes \u201cQui dove il nulla mi appartiene\u201d (Egnatia, 2017) avec lequel elle a particip\u00e9 aux 9\u00e8me et 10\u00e8me Salon International du Livre de la Principaut\u00e9 de Monaco. Nomm\u00e9e en 2018 \u00ab Ambassadrice de G\u00eanes dans le monde \u00bb, elle s\u2019occupe de solidarit\u00e9 et de diffusion culturelle en faveur de l\u2019Albanie avec le groupe ASA\/L\u2019Autre rivage de l\u2019Adriatique. Elle vit en Principaut\u00e9 avec sa famille.<br \/>\nLa programmation de l\u2019Association Dante Alighieri Monaco se poursuivra le 11 octobre avec un th\u00e8me d\u2019actualit\u00e9 trait\u00e9 par un expert international de renom. Le P\u00e8re Paolo Benanti, conseiller du Pape Fran\u00e7ois sur les sujets de l\u2019intelligence artificielle, de l\u2019\u00e9thique et de la technologie, professeur \u00e0 l\u2019Universit\u00e9 Pontificale Gr\u00e9gorienne et \u00e0 l\u2019Universit\u00e9 de Seattle et seul membre italien, depuis octobre 2023, du groupe des conseillers sur l\u2019intelligence artificielle du secr\u00e9taire g\u00e9n\u00e9ral des Nations Unies Antonio Guterres, nous parlera de \u201cLes d\u00e9fis de l\u2019intelligence artificielle\u201d. Le communiqu\u00e9 de presse et l\u2019affiche de l\u2019\u00e9v\u00e9nement suivront dans les prochains jours.<\/p>\n<p><strong>\u00ab Raconte-moi mes r\u00eaves \u00bb <\/strong><br \/>\n<strong>Entr\u00e9e libre et gratuite<\/strong><br \/>\n<strong>T\u00e9l. +377 97 70 89 47<\/strong><\/p>\n","protected":false},"excerpt":{"rendered":"<p>La saison 2024-2025 de l\u2019Association Dante Alighieri Comit\u00e9 de Monaco commence avec la pr\u00e9sentation du Recueil Po\u00e9tique \u201cRaconte-moi mes r\u00eaves\u201d \/ Raccontami i miei sogni (Egnatia 2024) de Angela Valenti Durazzo, illustr\u00e9 par le peintre mon\u00e9gasque Claude Gauthier et introduction de Maria Betti et [&hellip;]<\/p>\n","protected":false},"author":1,"featured_media":14421,"comment_status":"closed","ping_status":"closed","sticky":false,"template":"","format":"standard","meta":{"footnotes":""},"categories":[828,867],"tags":[],"class_list":["post-14419","post","type-post","status-publish","format-standard","has-post-thumbnail","hentry","category-evenements","category-monaco-fr"],"yoast_head":"<!-- This site is optimized with the Yoast SEO plugin v27.4 - https:\/\/yoast.com\/product\/yoast-seo-wordpress\/ -->\n<title>Pr\u00e9sentation du Recueil Po\u00e9tique Raconte-moi mes r\u00eaves de Angela Valenti Durazzo, illustr\u00e9 par Claude Gauthier, introduction de Maria Betti et Paolo Sabbatini<\/title>\n<meta name=\"description\" content=\"La saison 2024-2025 de l\u2019Association Dante Alighieri Comit\u00e9 de Monaco commence avec la pr\u00e9sentation du Recueil Po\u00e9tique \u201cRaconte-moi mes r\u00eaves\u201d \/\" \/>\n<meta name=\"robots\" content=\"index, follow, max-snippet:-1, max-image-preview:large, max-video-preview:-1\" \/>\n<link rel=\"canonical\" href=\"https:\/\/montecarloliving.com\/fr\/evenements\/presentation-du-recueil-poetique-raconte-moi-mes-reves-de-angela-valenti-durazzo-illustre-par-claude-gauthier-introduction-de-maria-betti-et-paolo-sabbatini-14419\/\" \/>\n<meta property=\"og:locale\" content=\"fr_FR\" \/>\n<meta property=\"og:title\" content=\"Pr\u00e9sentation du Recueil Po\u00e9tique Raconte-moi mes r\u00eaves de Angela Valenti Durazzo, illustr\u00e9 par Claude Gauthier, introduction de Maria Betti et Paolo Sabbatini\" \/>\n<meta property=\"og:description\" content=\"La saison 2024-2025 de l\u2019Association Dante Alighieri Comit\u00e9 de Monaco commence avec la pr\u00e9sentation du Recueil Po\u00e9tique \u201cRaconte-moi mes r\u00eaves\u201d \/\" \/>\n<meta property=\"og:url\" content=\"https:\/\/montecarloliving.com\/fr\/evenements\/presentation-du-recueil-poetique-raconte-moi-mes-reves-de-angela-valenti-durazzo-illustre-par-claude-gauthier-introduction-de-maria-betti-et-paolo-sabbatini-14419\/\" \/>\n<meta property=\"og:site_name\" content=\"Montecarlo Living\" \/>\n<meta property=\"article:publisher\" content=\"https:\/\/www.facebook.com\/montecarlolivingcom\/\" \/>\n<meta property=\"article:published_time\" content=\"2024-09-24T07:40:25+00:00\" \/>\n<meta property=\"article:modified_time\" content=\"2024-09-24T07:45:21+00:00\" \/>\n<meta property=\"og:image\" content=\"https:\/\/montecarloliving.com\/wp-content\/uploads\/2024\/09\/Durazzo_Raccontami-i-miei-sogni_Copertina-_page-0001-650x400.jpg\" \/>\n\t<meta property=\"og:image:width\" content=\"650\" \/>\n\t<meta property=\"og:image:height\" content=\"400\" \/>\n\t<meta property=\"og:image:type\" content=\"image\/jpeg\" \/>\n<meta name=\"author\" content=\"Redazione\" \/>\n<meta name=\"twitter:card\" content=\"summary_large_image\" \/>\n<meta name=\"twitter:creator\" content=\"@MonteCarloLivi\" \/>\n<meta name=\"twitter:site\" content=\"@MonteCarloLivi\" \/>\n<meta name=\"twitter:label1\" content=\"\u00c9crit par\" \/>\n\t<meta name=\"twitter:data1\" content=\"Redazione\" \/>\n\t<meta name=\"twitter:label2\" content=\"Dur\u00e9e de lecture estim\u00e9e\" \/>\n\t<meta name=\"twitter:data2\" content=\"3 minutes\" \/>\n<script type=\"application\/ld+json\" class=\"yoast-schema-graph\">{\"@context\":\"https:\\\/\\\/schema.org\",\"@graph\":[{\"@type\":\"Article\",\"@id\":\"https:\\\/\\\/montecarloliving.com\\\/fr\\\/evenements\\\/presentation-du-recueil-poetique-raconte-moi-mes-reves-de-angela-valenti-durazzo-illustre-par-claude-gauthier-introduction-de-maria-betti-et-paolo-sabbatini-14419\\\/#article\",\"isPartOf\":{\"@id\":\"https:\\\/\\\/montecarloliving.com\\\/fr\\\/evenements\\\/presentation-du-recueil-poetique-raconte-moi-mes-reves-de-angela-valenti-durazzo-illustre-par-claude-gauthier-introduction-de-maria-betti-et-paolo-sabbatini-14419\\\/\"},\"author\":{\"name\":\"Redazione\",\"@id\":\"https:\\\/\\\/montecarloliving.com\\\/fr\\\/#\\\/schema\\\/person\\\/7e5945d4560862b7f2d2c6831bda2819\"},\"headline\":\"Pr\u00e9sentation du Recueil Po\u00e9tique Raconte-moi mes r\u00eaves de Angela Valenti Durazzo, illustr\u00e9 par Claude Gauthier, introduction de Maria Betti et Paolo Sabbatini\",\"datePublished\":\"2024-09-24T07:40:25+00:00\",\"dateModified\":\"2024-09-24T07:45:21+00:00\",\"mainEntityOfPage\":{\"@id\":\"https:\\\/\\\/montecarloliving.com\\\/fr\\\/evenements\\\/presentation-du-recueil-poetique-raconte-moi-mes-reves-de-angela-valenti-durazzo-illustre-par-claude-gauthier-introduction-de-maria-betti-et-paolo-sabbatini-14419\\\/\"},\"wordCount\":437,\"image\":{\"@id\":\"https:\\\/\\\/montecarloliving.com\\\/fr\\\/evenements\\\/presentation-du-recueil-poetique-raconte-moi-mes-reves-de-angela-valenti-durazzo-illustre-par-claude-gauthier-introduction-de-maria-betti-et-paolo-sabbatini-14419\\\/#primaryimage\"},\"thumbnailUrl\":\"https:\\\/\\\/montecarloliving.com\\\/wp-content\\\/uploads\\\/2024\\\/09\\\/Durazzo_Raccontami-i-miei-sogni_Copertina-_page-0001.jpg\",\"articleSection\":[\"\u00c9v\u00e9nements\",\"Monaco\"],\"inLanguage\":\"fr-FR\"},{\"@type\":\"WebPage\",\"@id\":\"https:\\\/\\\/montecarloliving.com\\\/fr\\\/evenements\\\/presentation-du-recueil-poetique-raconte-moi-mes-reves-de-angela-valenti-durazzo-illustre-par-claude-gauthier-introduction-de-maria-betti-et-paolo-sabbatini-14419\\\/\",\"url\":\"https:\\\/\\\/montecarloliving.com\\\/fr\\\/evenements\\\/presentation-du-recueil-poetique-raconte-moi-mes-reves-de-angela-valenti-durazzo-illustre-par-claude-gauthier-introduction-de-maria-betti-et-paolo-sabbatini-14419\\\/\",\"name\":\"Pr\u00e9sentation du Recueil Po\u00e9tique Raconte-moi mes r\u00eaves de Angela Valenti Durazzo, illustr\u00e9 par Claude Gauthier, introduction de Maria Betti et Paolo Sabbatini\",\"isPartOf\":{\"@id\":\"https:\\\/\\\/montecarloliving.com\\\/fr\\\/#website\"},\"primaryImageOfPage\":{\"@id\":\"https:\\\/\\\/montecarloliving.com\\\/fr\\\/evenements\\\/presentation-du-recueil-poetique-raconte-moi-mes-reves-de-angela-valenti-durazzo-illustre-par-claude-gauthier-introduction-de-maria-betti-et-paolo-sabbatini-14419\\\/#primaryimage\"},\"image\":{\"@id\":\"https:\\\/\\\/montecarloliving.com\\\/fr\\\/evenements\\\/presentation-du-recueil-poetique-raconte-moi-mes-reves-de-angela-valenti-durazzo-illustre-par-claude-gauthier-introduction-de-maria-betti-et-paolo-sabbatini-14419\\\/#primaryimage\"},\"thumbnailUrl\":\"https:\\\/\\\/montecarloliving.com\\\/wp-content\\\/uploads\\\/2024\\\/09\\\/Durazzo_Raccontami-i-miei-sogni_Copertina-_page-0001.jpg\",\"datePublished\":\"2024-09-24T07:40:25+00:00\",\"dateModified\":\"2024-09-24T07:45:21+00:00\",\"author\":{\"@id\":\"https:\\\/\\\/montecarloliving.com\\\/fr\\\/#\\\/schema\\\/person\\\/7e5945d4560862b7f2d2c6831bda2819\"},\"description\":\"La saison 2024-2025 de l\u2019Association Dante Alighieri Comit\u00e9 de Monaco commence avec la pr\u00e9sentation du Recueil Po\u00e9tique \u201cRaconte-moi mes r\u00eaves\u201d \\\/\",\"breadcrumb\":{\"@id\":\"https:\\\/\\\/montecarloliving.com\\\/fr\\\/evenements\\\/presentation-du-recueil-poetique-raconte-moi-mes-reves-de-angela-valenti-durazzo-illustre-par-claude-gauthier-introduction-de-maria-betti-et-paolo-sabbatini-14419\\\/#breadcrumb\"},\"inLanguage\":\"fr-FR\",\"potentialAction\":[{\"@type\":\"ReadAction\",\"target\":[\"https:\\\/\\\/montecarloliving.com\\\/fr\\\/evenements\\\/presentation-du-recueil-poetique-raconte-moi-mes-reves-de-angela-valenti-durazzo-illustre-par-claude-gauthier-introduction-de-maria-betti-et-paolo-sabbatini-14419\\\/\"]}]},{\"@type\":\"ImageObject\",\"inLanguage\":\"fr-FR\",\"@id\":\"https:\\\/\\\/montecarloliving.com\\\/fr\\\/evenements\\\/presentation-du-recueil-poetique-raconte-moi-mes-reves-de-angela-valenti-durazzo-illustre-par-claude-gauthier-introduction-de-maria-betti-et-paolo-sabbatini-14419\\\/#primaryimage\",\"url\":\"https:\\\/\\\/montecarloliving.com\\\/wp-content\\\/uploads\\\/2024\\\/09\\\/Durazzo_Raccontami-i-miei-sogni_Copertina-_page-0001.jpg\",\"contentUrl\":\"https:\\\/\\\/montecarloliving.com\\\/wp-content\\\/uploads\\\/2024\\\/09\\\/Durazzo_Raccontami-i-miei-sogni_Copertina-_page-0001.jpg\",\"width\":882,\"height\":1273},{\"@type\":\"BreadcrumbList\",\"@id\":\"https:\\\/\\\/montecarloliving.com\\\/fr\\\/evenements\\\/presentation-du-recueil-poetique-raconte-moi-mes-reves-de-angela-valenti-durazzo-illustre-par-claude-gauthier-introduction-de-maria-betti-et-paolo-sabbatini-14419\\\/#breadcrumb\",\"itemListElement\":[{\"@type\":\"ListItem\",\"position\":1,\"name\":\"Home\",\"item\":\"https:\\\/\\\/montecarloliving.com\\\/fr\\\/\"},{\"@type\":\"ListItem\",\"position\":2,\"name\":\"Pr\u00e9sentation du Recueil Po\u00e9tique Raconte-moi mes r\u00eaves de Angela Valenti Durazzo, illustr\u00e9 par Claude Gauthier, introduction de Maria Betti et Paolo Sabbatini\"}]},{\"@type\":\"WebSite\",\"@id\":\"https:\\\/\\\/montecarloliving.com\\\/fr\\\/#website\",\"url\":\"https:\\\/\\\/montecarloliving.com\\\/fr\\\/\",\"name\":\"Montecarlo Living\",\"description\":\"News da Montecarlo - Principato di Monaco e Costa Azzurra\",\"potentialAction\":[{\"@type\":\"SearchAction\",\"target\":{\"@type\":\"EntryPoint\",\"urlTemplate\":\"https:\\\/\\\/montecarloliving.com\\\/fr\\\/?s={search_term_string}\"},\"query-input\":{\"@type\":\"PropertyValueSpecification\",\"valueRequired\":true,\"valueName\":\"search_term_string\"}}],\"inLanguage\":\"fr-FR\"},{\"@type\":\"Person\",\"@id\":\"https:\\\/\\\/montecarloliving.com\\\/fr\\\/#\\\/schema\\\/person\\\/7e5945d4560862b7f2d2c6831bda2819\",\"name\":\"Redazione\",\"image\":{\"@type\":\"ImageObject\",\"inLanguage\":\"fr-FR\",\"@id\":\"https:\\\/\\\/secure.gravatar.com\\\/avatar\\\/8b5f26557e18fe74ad8e8a57ebb2925d88af8a90cee489ff2beefb391bc9b9c7?s=96&d=mm&r=g\",\"url\":\"https:\\\/\\\/secure.gravatar.com\\\/avatar\\\/8b5f26557e18fe74ad8e8a57ebb2925d88af8a90cee489ff2beefb391bc9b9c7?s=96&d=mm&r=g\",\"contentUrl\":\"https:\\\/\\\/secure.gravatar.com\\\/avatar\\\/8b5f26557e18fe74ad8e8a57ebb2925d88af8a90cee489ff2beefb391bc9b9c7?s=96&d=mm&r=g\",\"caption\":\"Redazione\"}}]}<\/script>\n<!-- \/ Yoast SEO plugin. -->","yoast_head_json":{"title":"Pr\u00e9sentation du Recueil Po\u00e9tique Raconte-moi mes r\u00eaves de Angela Valenti Durazzo, illustr\u00e9 par Claude Gauthier, introduction de Maria Betti et Paolo Sabbatini","description":"La saison 2024-2025 de l\u2019Association Dante Alighieri Comit\u00e9 de Monaco commence avec la pr\u00e9sentation du Recueil Po\u00e9tique \u201cRaconte-moi mes r\u00eaves\u201d \/","robots":{"index":"index","follow":"follow","max-snippet":"max-snippet:-1","max-image-preview":"max-image-preview:large","max-video-preview":"max-video-preview:-1"},"canonical":"https:\/\/montecarloliving.com\/fr\/evenements\/presentation-du-recueil-poetique-raconte-moi-mes-reves-de-angela-valenti-durazzo-illustre-par-claude-gauthier-introduction-de-maria-betti-et-paolo-sabbatini-14419\/","og_locale":"fr_FR","og_title":"Pr\u00e9sentation du Recueil Po\u00e9tique Raconte-moi mes r\u00eaves de Angela Valenti Durazzo, illustr\u00e9 par Claude Gauthier, introduction de Maria Betti et Paolo Sabbatini","og_description":"La saison 2024-2025 de l\u2019Association Dante Alighieri Comit\u00e9 de Monaco commence avec la pr\u00e9sentation du Recueil Po\u00e9tique \u201cRaconte-moi mes r\u00eaves\u201d \/","og_url":"https:\/\/montecarloliving.com\/fr\/evenements\/presentation-du-recueil-poetique-raconte-moi-mes-reves-de-angela-valenti-durazzo-illustre-par-claude-gauthier-introduction-de-maria-betti-et-paolo-sabbatini-14419\/","og_site_name":"Montecarlo Living","article_publisher":"https:\/\/www.facebook.com\/montecarlolivingcom\/","article_published_time":"2024-09-24T07:40:25+00:00","article_modified_time":"2024-09-24T07:45:21+00:00","og_image":[{"width":650,"height":400,"url":"https:\/\/montecarloliving.com\/wp-content\/uploads\/2024\/09\/Durazzo_Raccontami-i-miei-sogni_Copertina-_page-0001-650x400.jpg","type":"image\/jpeg"}],"author":"Redazione","twitter_card":"summary_large_image","twitter_creator":"@MonteCarloLivi","twitter_site":"@MonteCarloLivi","twitter_misc":{"\u00c9crit par":"Redazione","Dur\u00e9e de lecture estim\u00e9e":"3 minutes"},"schema":{"@context":"https:\/\/schema.org","@graph":[{"@type":"Article","@id":"https:\/\/montecarloliving.com\/fr\/evenements\/presentation-du-recueil-poetique-raconte-moi-mes-reves-de-angela-valenti-durazzo-illustre-par-claude-gauthier-introduction-de-maria-betti-et-paolo-sabbatini-14419\/#article","isPartOf":{"@id":"https:\/\/montecarloliving.com\/fr\/evenements\/presentation-du-recueil-poetique-raconte-moi-mes-reves-de-angela-valenti-durazzo-illustre-par-claude-gauthier-introduction-de-maria-betti-et-paolo-sabbatini-14419\/"},"author":{"name":"Redazione","@id":"https:\/\/montecarloliving.com\/fr\/#\/schema\/person\/7e5945d4560862b7f2d2c6831bda2819"},"headline":"Pr\u00e9sentation du Recueil Po\u00e9tique Raconte-moi mes r\u00eaves de Angela Valenti Durazzo, illustr\u00e9 par Claude Gauthier, introduction de Maria Betti et Paolo Sabbatini","datePublished":"2024-09-24T07:40:25+00:00","dateModified":"2024-09-24T07:45:21+00:00","mainEntityOfPage":{"@id":"https:\/\/montecarloliving.com\/fr\/evenements\/presentation-du-recueil-poetique-raconte-moi-mes-reves-de-angela-valenti-durazzo-illustre-par-claude-gauthier-introduction-de-maria-betti-et-paolo-sabbatini-14419\/"},"wordCount":437,"image":{"@id":"https:\/\/montecarloliving.com\/fr\/evenements\/presentation-du-recueil-poetique-raconte-moi-mes-reves-de-angela-valenti-durazzo-illustre-par-claude-gauthier-introduction-de-maria-betti-et-paolo-sabbatini-14419\/#primaryimage"},"thumbnailUrl":"https:\/\/montecarloliving.com\/wp-content\/uploads\/2024\/09\/Durazzo_Raccontami-i-miei-sogni_Copertina-_page-0001.jpg","articleSection":["\u00c9v\u00e9nements","Monaco"],"inLanguage":"fr-FR"},{"@type":"WebPage","@id":"https:\/\/montecarloliving.com\/fr\/evenements\/presentation-du-recueil-poetique-raconte-moi-mes-reves-de-angela-valenti-durazzo-illustre-par-claude-gauthier-introduction-de-maria-betti-et-paolo-sabbatini-14419\/","url":"https:\/\/montecarloliving.com\/fr\/evenements\/presentation-du-recueil-poetique-raconte-moi-mes-reves-de-angela-valenti-durazzo-illustre-par-claude-gauthier-introduction-de-maria-betti-et-paolo-sabbatini-14419\/","name":"Pr\u00e9sentation du Recueil Po\u00e9tique Raconte-moi mes r\u00eaves de Angela Valenti Durazzo, illustr\u00e9 par Claude Gauthier, introduction de Maria Betti et Paolo Sabbatini","isPartOf":{"@id":"https:\/\/montecarloliving.com\/fr\/#website"},"primaryImageOfPage":{"@id":"https:\/\/montecarloliving.com\/fr\/evenements\/presentation-du-recueil-poetique-raconte-moi-mes-reves-de-angela-valenti-durazzo-illustre-par-claude-gauthier-introduction-de-maria-betti-et-paolo-sabbatini-14419\/#primaryimage"},"image":{"@id":"https:\/\/montecarloliving.com\/fr\/evenements\/presentation-du-recueil-poetique-raconte-moi-mes-reves-de-angela-valenti-durazzo-illustre-par-claude-gauthier-introduction-de-maria-betti-et-paolo-sabbatini-14419\/#primaryimage"},"thumbnailUrl":"https:\/\/montecarloliving.com\/wp-content\/uploads\/2024\/09\/Durazzo_Raccontami-i-miei-sogni_Copertina-_page-0001.jpg","datePublished":"2024-09-24T07:40:25+00:00","dateModified":"2024-09-24T07:45:21+00:00","author":{"@id":"https:\/\/montecarloliving.com\/fr\/#\/schema\/person\/7e5945d4560862b7f2d2c6831bda2819"},"description":"La saison 2024-2025 de l\u2019Association Dante Alighieri Comit\u00e9 de Monaco commence avec la pr\u00e9sentation du Recueil Po\u00e9tique \u201cRaconte-moi mes r\u00eaves\u201d \/","breadcrumb":{"@id":"https:\/\/montecarloliving.com\/fr\/evenements\/presentation-du-recueil-poetique-raconte-moi-mes-reves-de-angela-valenti-durazzo-illustre-par-claude-gauthier-introduction-de-maria-betti-et-paolo-sabbatini-14419\/#breadcrumb"},"inLanguage":"fr-FR","potentialAction":[{"@type":"ReadAction","target":["https:\/\/montecarloliving.com\/fr\/evenements\/presentation-du-recueil-poetique-raconte-moi-mes-reves-de-angela-valenti-durazzo-illustre-par-claude-gauthier-introduction-de-maria-betti-et-paolo-sabbatini-14419\/"]}]},{"@type":"ImageObject","inLanguage":"fr-FR","@id":"https:\/\/montecarloliving.com\/fr\/evenements\/presentation-du-recueil-poetique-raconte-moi-mes-reves-de-angela-valenti-durazzo-illustre-par-claude-gauthier-introduction-de-maria-betti-et-paolo-sabbatini-14419\/#primaryimage","url":"https:\/\/montecarloliving.com\/wp-content\/uploads\/2024\/09\/Durazzo_Raccontami-i-miei-sogni_Copertina-_page-0001.jpg","contentUrl":"https:\/\/montecarloliving.com\/wp-content\/uploads\/2024\/09\/Durazzo_Raccontami-i-miei-sogni_Copertina-_page-0001.jpg","width":882,"height":1273},{"@type":"BreadcrumbList","@id":"https:\/\/montecarloliving.com\/fr\/evenements\/presentation-du-recueil-poetique-raconte-moi-mes-reves-de-angela-valenti-durazzo-illustre-par-claude-gauthier-introduction-de-maria-betti-et-paolo-sabbatini-14419\/#breadcrumb","itemListElement":[{"@type":"ListItem","position":1,"name":"Home","item":"https:\/\/montecarloliving.com\/fr\/"},{"@type":"ListItem","position":2,"name":"Pr\u00e9sentation du Recueil Po\u00e9tique Raconte-moi mes r\u00eaves de Angela Valenti Durazzo, illustr\u00e9 par Claude Gauthier, introduction de Maria Betti et Paolo Sabbatini"}]},{"@type":"WebSite","@id":"https:\/\/montecarloliving.com\/fr\/#website","url":"https:\/\/montecarloliving.com\/fr\/","name":"Montecarlo Living","description":"News da Montecarlo - Principato di Monaco e Costa Azzurra","potentialAction":[{"@type":"SearchAction","target":{"@type":"EntryPoint","urlTemplate":"https:\/\/montecarloliving.com\/fr\/?s={search_term_string}"},"query-input":{"@type":"PropertyValueSpecification","valueRequired":true,"valueName":"search_term_string"}}],"inLanguage":"fr-FR"},{"@type":"Person","@id":"https:\/\/montecarloliving.com\/fr\/#\/schema\/person\/7e5945d4560862b7f2d2c6831bda2819","name":"Redazione","image":{"@type":"ImageObject","inLanguage":"fr-FR","@id":"https:\/\/secure.gravatar.com\/avatar\/8b5f26557e18fe74ad8e8a57ebb2925d88af8a90cee489ff2beefb391bc9b9c7?s=96&d=mm&r=g","url":"https:\/\/secure.gravatar.com\/avatar\/8b5f26557e18fe74ad8e8a57ebb2925d88af8a90cee489ff2beefb391bc9b9c7?s=96&d=mm&r=g","contentUrl":"https:\/\/secure.gravatar.com\/avatar\/8b5f26557e18fe74ad8e8a57ebb2925d88af8a90cee489ff2beefb391bc9b9c7?s=96&d=mm&r=g","caption":"Redazione"}}]}},"_links":{"self":[{"href":"https:\/\/montecarloliving.com\/fr\/wp-json\/wp\/v2\/posts\/14419","targetHints":{"allow":["GET"]}}],"collection":[{"href":"https:\/\/montecarloliving.com\/fr\/wp-json\/wp\/v2\/posts"}],"about":[{"href":"https:\/\/montecarloliving.com\/fr\/wp-json\/wp\/v2\/types\/post"}],"author":[{"embeddable":true,"href":"https:\/\/montecarloliving.com\/fr\/wp-json\/wp\/v2\/users\/1"}],"replies":[{"embeddable":true,"href":"https:\/\/montecarloliving.com\/fr\/wp-json\/wp\/v2\/comments?post=14419"}],"version-history":[{"count":2,"href":"https:\/\/montecarloliving.com\/fr\/wp-json\/wp\/v2\/posts\/14419\/revisions"}],"predecessor-version":[{"id":14428,"href":"https:\/\/montecarloliving.com\/fr\/wp-json\/wp\/v2\/posts\/14419\/revisions\/14428"}],"wp:featuredmedia":[{"embeddable":true,"href":"https:\/\/montecarloliving.com\/fr\/wp-json\/wp\/v2\/media\/14421"}],"wp:attachment":[{"href":"https:\/\/montecarloliving.com\/fr\/wp-json\/wp\/v2\/media?parent=14419"}],"wp:term":[{"taxonomy":"category","embeddable":true,"href":"https:\/\/montecarloliving.com\/fr\/wp-json\/wp\/v2\/categories?post=14419"},{"taxonomy":"post_tag","embeddable":true,"href":"https:\/\/montecarloliving.com\/fr\/wp-json\/wp\/v2\/tags?post=14419"}],"curies":[{"name":"wp","href":"https:\/\/api.w.org\/{rel}","templated":true}]}}