{"id":13107,"date":"2024-07-29T10:24:19","date_gmt":"2024-07-29T08:24:19","guid":{"rendered":"https:\/\/montecarloliving.com\/?p=13107"},"modified":"2024-07-29T10:27:30","modified_gmt":"2024-07-29T08:27:30","slug":"ecran-geant-au-marche-de-condamine-monaco-pour-les-jeux-olympiques-2024","status":"publish","type":"post","link":"https:\/\/montecarloliving.com\/fr\/monaco-fr\/sport-fr\/ecran-geant-au-marche-de-condamine-monaco-pour-les-jeux-olympiques-2024-13107\/","title":{"rendered":"\u00c9cran G\u00e9ant au March\u00e9 de la Condamine \u00e0 Monaco pour les Jeux Olympiques 2024"},"content":{"rendered":"<p>\u00c0 partir de vendredi 26 juillet, la population est invit\u00e9e \u00e0 soutenir les athl\u00e8tes olympiques mon\u00e9gasques au March\u00e9 de la Condamine, dans la Halle Gourmande, o\u00f9 les \u00e9v\u00e9nements seront diffus\u00e9s sur un \u00e9cran g\u00e9ant.<\/p>\n<p><img loading=\"lazy\" decoding=\"async\" class=\"size-full wp-image-13100 aligncenter\" src=\"https:\/\/montecarloliving.com\/wp-content\/uploads\/2024\/07\/G_107108ddc3.jpg\" alt=\"\" width=\"510\" height=\"510\" srcset=\"https:\/\/montecarloliving.com\/wp-content\/uploads\/2024\/07\/G_107108ddc3.jpg 510w, https:\/\/montecarloliving.com\/wp-content\/uploads\/2024\/07\/G_107108ddc3-300x300.jpg 300w, https:\/\/montecarloliving.com\/wp-content\/uploads\/2024\/07\/G_107108ddc3-150x150.jpg 150w\" sizes=\"auto, (max-width: 510px) 100vw, 510px\" \/><\/p>\n<p>Les comp\u00e9titions des Jeux Olympiques seront diffus\u00e9es aux horaires suivants :<\/p>\n<ul>\n<li>Lundi et dimanche : de 7h00 \u00e0 15h30 sur les \u00e9crans lat\u00e9raux.<\/li>\n<li>Du mardi au samedi : de 7h00 \u00e0 15h30 sur les \u00e9crans lat\u00e9raux et de 18h00 \u00e0 23h00 sur les \u00e9crans lat\u00e9raux et l&rsquo;\u00e9cran g\u00e9ant.<\/li>\n<\/ul>\n<p>L&rsquo;entr\u00e9e est libre.<\/p>\n","protected":false},"excerpt":{"rendered":"<p>\u00c0 partir de vendredi 26 juillet, la population est invit\u00e9e \u00e0 soutenir les athl\u00e8tes olympiques mon\u00e9gasques au March\u00e9 de la Condamine, dans la Halle Gourmande, o\u00f9 les \u00e9v\u00e9nements seront diffus\u00e9s sur un \u00e9cran g\u00e9ant. Les comp\u00e9titions des Jeux Olympiques seront diffus\u00e9es aux horaires suivants [&hellip;]<\/p>\n","protected":false},"author":1,"featured_media":13103,"comment_status":"closed","ping_status":"closed","sticky":false,"template":"","format":"standard","meta":{"footnotes":""},"categories":[828,867,817],"tags":[],"class_list":["post-13107","post","type-post","status-publish","format-standard","has-post-thumbnail","hentry","category-evenements","category-monaco-fr","category-sport-fr"],"yoast_head":"<!-- This site is optimized with the Yoast SEO plugin v27.5 - https:\/\/yoast.com\/product\/yoast-seo-wordpress\/ -->\n<title>\u00c9cran G\u00e9ant au March\u00e9 de la Condamine \u00e0 Monaco pour les Jeux Olympiques 2024<\/title>\n<meta name=\"description\" content=\"\u00c0 partir de vendredi 26 juillet, la population est invit\u00e9e \u00e0 soutenir les athl\u00e8tes olympiques mon\u00e9gasques au March\u00e9 de la Condamine, dans la Halle\" \/>\n<meta name=\"robots\" content=\"index, follow, max-snippet:-1, max-image-preview:large, max-video-preview:-1\" \/>\n<link rel=\"canonical\" href=\"https:\/\/montecarloliving.com\/fr\/monaco-fr\/sport-fr\/ecran-geant-au-marche-de-condamine-monaco-pour-les-jeux-olympiques-2024-13107\/\" \/>\n<meta property=\"og:locale\" content=\"fr_FR\" \/>\n<meta property=\"og:title\" content=\"\u00c9cran G\u00e9ant au March\u00e9 de la Condamine \u00e0 Monaco pour les Jeux Olympiques 2024\" \/>\n<meta property=\"og:description\" content=\"\u00c0 partir de vendredi 26 juillet, la population est invit\u00e9e \u00e0 soutenir les athl\u00e8tes olympiques mon\u00e9gasques au March\u00e9 de la Condamine, dans la Halle\" \/>\n<meta property=\"og:url\" content=\"https:\/\/montecarloliving.com\/fr\/monaco-fr\/sport-fr\/ecran-geant-au-marche-de-condamine-monaco-pour-les-jeux-olympiques-2024-13107\/\" \/>\n<meta property=\"og:site_name\" content=\"Montecarlo Living\" \/>\n<meta property=\"article:publisher\" content=\"https:\/\/www.facebook.com\/montecarlolivingcom\/\" \/>\n<meta property=\"article:published_time\" content=\"2024-07-29T08:24:19+00:00\" \/>\n<meta property=\"article:modified_time\" content=\"2024-07-29T08:27:30+00:00\" \/>\n<meta property=\"og:image\" content=\"https:\/\/montecarloliving.com\/wp-content\/uploads\/2024\/07\/place-darmes-marche-de-la-condamine-2-1-650x400.jpg\" \/>\n\t<meta property=\"og:image:width\" content=\"650\" \/>\n\t<meta property=\"og:image:height\" content=\"400\" \/>\n\t<meta property=\"og:image:type\" content=\"image\/jpeg\" \/>\n<meta name=\"author\" content=\"Redazione\" \/>\n<meta name=\"twitter:card\" content=\"summary_large_image\" \/>\n<meta name=\"twitter:creator\" content=\"@MonteCarloLivi\" \/>\n<meta name=\"twitter:site\" content=\"@MonteCarloLivi\" \/>\n<meta name=\"twitter:label1\" content=\"\u00c9crit par\" \/>\n\t<meta name=\"twitter:data1\" content=\"Redazione\" \/>\n\t<meta name=\"twitter:label2\" content=\"Dur\u00e9e de lecture estim\u00e9e\" \/>\n\t<meta name=\"twitter:data2\" content=\"1 minute\" \/>\n<script type=\"application\/ld+json\" class=\"yoast-schema-graph\">{\"@context\":\"https:\\\/\\\/schema.org\",\"@graph\":[{\"@type\":\"Article\",\"@id\":\"https:\\\/\\\/montecarloliving.com\\\/fr\\\/monaco-fr\\\/sport-fr\\\/ecran-geant-au-marche-de-condamine-monaco-pour-les-jeux-olympiques-2024-13107\\\/#article\",\"isPartOf\":{\"@id\":\"https:\\\/\\\/montecarloliving.com\\\/fr\\\/monaco-fr\\\/sport-fr\\\/ecran-geant-au-marche-de-condamine-monaco-pour-les-jeux-olympiques-2024-13107\\\/\"},\"author\":{\"name\":\"Redazione\",\"@id\":\"https:\\\/\\\/montecarloliving.com\\\/fr\\\/#\\\/schema\\\/person\\\/7e5945d4560862b7f2d2c6831bda2819\"},\"headline\":\"\u00c9cran G\u00e9ant au March\u00e9 de la Condamine \u00e0 Monaco pour les Jeux Olympiques 2024\",\"datePublished\":\"2024-07-29T08:24:19+00:00\",\"dateModified\":\"2024-07-29T08:27:30+00:00\",\"mainEntityOfPage\":{\"@id\":\"https:\\\/\\\/montecarloliving.com\\\/fr\\\/monaco-fr\\\/sport-fr\\\/ecran-geant-au-marche-de-condamine-monaco-pour-les-jeux-olympiques-2024-13107\\\/\"},\"wordCount\":104,\"image\":{\"@id\":\"https:\\\/\\\/montecarloliving.com\\\/fr\\\/monaco-fr\\\/sport-fr\\\/ecran-geant-au-marche-de-condamine-monaco-pour-les-jeux-olympiques-2024-13107\\\/#primaryimage\"},\"thumbnailUrl\":\"https:\\\/\\\/montecarloliving.com\\\/wp-content\\\/uploads\\\/2024\\\/07\\\/place-darmes-marche-de-la-condamine-2-1.jpg\",\"articleSection\":[\"\u00c9v\u00e9nements\",\"Monaco\",\"Sport \u00e0 Monaco\"],\"inLanguage\":\"fr-FR\"},{\"@type\":\"WebPage\",\"@id\":\"https:\\\/\\\/montecarloliving.com\\\/fr\\\/monaco-fr\\\/sport-fr\\\/ecran-geant-au-marche-de-condamine-monaco-pour-les-jeux-olympiques-2024-13107\\\/\",\"url\":\"https:\\\/\\\/montecarloliving.com\\\/fr\\\/monaco-fr\\\/sport-fr\\\/ecran-geant-au-marche-de-condamine-monaco-pour-les-jeux-olympiques-2024-13107\\\/\",\"name\":\"\u00c9cran G\u00e9ant au March\u00e9 de la Condamine \u00e0 Monaco pour les Jeux Olympiques 2024\",\"isPartOf\":{\"@id\":\"https:\\\/\\\/montecarloliving.com\\\/fr\\\/#website\"},\"primaryImageOfPage\":{\"@id\":\"https:\\\/\\\/montecarloliving.com\\\/fr\\\/monaco-fr\\\/sport-fr\\\/ecran-geant-au-marche-de-condamine-monaco-pour-les-jeux-olympiques-2024-13107\\\/#primaryimage\"},\"image\":{\"@id\":\"https:\\\/\\\/montecarloliving.com\\\/fr\\\/monaco-fr\\\/sport-fr\\\/ecran-geant-au-marche-de-condamine-monaco-pour-les-jeux-olympiques-2024-13107\\\/#primaryimage\"},\"thumbnailUrl\":\"https:\\\/\\\/montecarloliving.com\\\/wp-content\\\/uploads\\\/2024\\\/07\\\/place-darmes-marche-de-la-condamine-2-1.jpg\",\"datePublished\":\"2024-07-29T08:24:19+00:00\",\"dateModified\":\"2024-07-29T08:27:30+00:00\",\"author\":{\"@id\":\"https:\\\/\\\/montecarloliving.com\\\/fr\\\/#\\\/schema\\\/person\\\/7e5945d4560862b7f2d2c6831bda2819\"},\"description\":\"\u00c0 partir de vendredi 26 juillet, la population est invit\u00e9e \u00e0 soutenir les athl\u00e8tes olympiques mon\u00e9gasques au March\u00e9 de la Condamine, dans la Halle\",\"breadcrumb\":{\"@id\":\"https:\\\/\\\/montecarloliving.com\\\/fr\\\/monaco-fr\\\/sport-fr\\\/ecran-geant-au-marche-de-condamine-monaco-pour-les-jeux-olympiques-2024-13107\\\/#breadcrumb\"},\"inLanguage\":\"fr-FR\",\"potentialAction\":[{\"@type\":\"ReadAction\",\"target\":[\"https:\\\/\\\/montecarloliving.com\\\/fr\\\/monaco-fr\\\/sport-fr\\\/ecran-geant-au-marche-de-condamine-monaco-pour-les-jeux-olympiques-2024-13107\\\/\"]}]},{\"@type\":\"ImageObject\",\"inLanguage\":\"fr-FR\",\"@id\":\"https:\\\/\\\/montecarloliving.com\\\/fr\\\/monaco-fr\\\/sport-fr\\\/ecran-geant-au-marche-de-condamine-monaco-pour-les-jeux-olympiques-2024-13107\\\/#primaryimage\",\"url\":\"https:\\\/\\\/montecarloliving.com\\\/wp-content\\\/uploads\\\/2024\\\/07\\\/place-darmes-marche-de-la-condamine-2-1.jpg\",\"contentUrl\":\"https:\\\/\\\/montecarloliving.com\\\/wp-content\\\/uploads\\\/2024\\\/07\\\/place-darmes-marche-de-la-condamine-2-1.jpg\",\"width\":1562,\"height\":851},{\"@type\":\"BreadcrumbList\",\"@id\":\"https:\\\/\\\/montecarloliving.com\\\/fr\\\/monaco-fr\\\/sport-fr\\\/ecran-geant-au-marche-de-condamine-monaco-pour-les-jeux-olympiques-2024-13107\\\/#breadcrumb\",\"itemListElement\":[{\"@type\":\"ListItem\",\"position\":1,\"name\":\"Home\",\"item\":\"https:\\\/\\\/montecarloliving.com\\\/fr\\\/\"},{\"@type\":\"ListItem\",\"position\":2,\"name\":\"\u00c9cran G\u00e9ant au March\u00e9 de la Condamine \u00e0 Monaco pour les Jeux Olympiques 2024\"}]},{\"@type\":\"WebSite\",\"@id\":\"https:\\\/\\\/montecarloliving.com\\\/fr\\\/#website\",\"url\":\"https:\\\/\\\/montecarloliving.com\\\/fr\\\/\",\"name\":\"Montecarlo Living\",\"description\":\"News da Montecarlo - Principato di Monaco e Costa Azzurra\",\"potentialAction\":[{\"@type\":\"SearchAction\",\"target\":{\"@type\":\"EntryPoint\",\"urlTemplate\":\"https:\\\/\\\/montecarloliving.com\\\/fr\\\/?s={search_term_string}\"},\"query-input\":{\"@type\":\"PropertyValueSpecification\",\"valueRequired\":true,\"valueName\":\"search_term_string\"}}],\"inLanguage\":\"fr-FR\"},{\"@type\":\"Person\",\"@id\":\"https:\\\/\\\/montecarloliving.com\\\/fr\\\/#\\\/schema\\\/person\\\/7e5945d4560862b7f2d2c6831bda2819\",\"name\":\"Redazione\",\"image\":{\"@type\":\"ImageObject\",\"inLanguage\":\"fr-FR\",\"@id\":\"https:\\\/\\\/secure.gravatar.com\\\/avatar\\\/8b5f26557e18fe74ad8e8a57ebb2925d88af8a90cee489ff2beefb391bc9b9c7?s=96&d=mm&r=g\",\"url\":\"https:\\\/\\\/secure.gravatar.com\\\/avatar\\\/8b5f26557e18fe74ad8e8a57ebb2925d88af8a90cee489ff2beefb391bc9b9c7?s=96&d=mm&r=g\",\"contentUrl\":\"https:\\\/\\\/secure.gravatar.com\\\/avatar\\\/8b5f26557e18fe74ad8e8a57ebb2925d88af8a90cee489ff2beefb391bc9b9c7?s=96&d=mm&r=g\",\"caption\":\"Redazione\"}}]}<\/script>\n<!-- \/ Yoast SEO plugin. -->","yoast_head_json":{"title":"\u00c9cran G\u00e9ant au March\u00e9 de la Condamine \u00e0 Monaco pour les Jeux Olympiques 2024","description":"\u00c0 partir de vendredi 26 juillet, la population est invit\u00e9e \u00e0 soutenir les athl\u00e8tes olympiques mon\u00e9gasques au March\u00e9 de la Condamine, dans la Halle","robots":{"index":"index","follow":"follow","max-snippet":"max-snippet:-1","max-image-preview":"max-image-preview:large","max-video-preview":"max-video-preview:-1"},"canonical":"https:\/\/montecarloliving.com\/fr\/monaco-fr\/sport-fr\/ecran-geant-au-marche-de-condamine-monaco-pour-les-jeux-olympiques-2024-13107\/","og_locale":"fr_FR","og_title":"\u00c9cran G\u00e9ant au March\u00e9 de la Condamine \u00e0 Monaco pour les Jeux Olympiques 2024","og_description":"\u00c0 partir de vendredi 26 juillet, la population est invit\u00e9e \u00e0 soutenir les athl\u00e8tes olympiques mon\u00e9gasques au March\u00e9 de la Condamine, dans la Halle","og_url":"https:\/\/montecarloliving.com\/fr\/monaco-fr\/sport-fr\/ecran-geant-au-marche-de-condamine-monaco-pour-les-jeux-olympiques-2024-13107\/","og_site_name":"Montecarlo Living","article_publisher":"https:\/\/www.facebook.com\/montecarlolivingcom\/","article_published_time":"2024-07-29T08:24:19+00:00","article_modified_time":"2024-07-29T08:27:30+00:00","og_image":[{"width":650,"height":400,"url":"https:\/\/montecarloliving.com\/wp-content\/uploads\/2024\/07\/place-darmes-marche-de-la-condamine-2-1-650x400.jpg","type":"image\/jpeg"}],"author":"Redazione","twitter_card":"summary_large_image","twitter_creator":"@MonteCarloLivi","twitter_site":"@MonteCarloLivi","twitter_misc":{"\u00c9crit par":"Redazione","Dur\u00e9e de lecture estim\u00e9e":"1 minute"},"schema":{"@context":"https:\/\/schema.org","@graph":[{"@type":"Article","@id":"https:\/\/montecarloliving.com\/fr\/monaco-fr\/sport-fr\/ecran-geant-au-marche-de-condamine-monaco-pour-les-jeux-olympiques-2024-13107\/#article","isPartOf":{"@id":"https:\/\/montecarloliving.com\/fr\/monaco-fr\/sport-fr\/ecran-geant-au-marche-de-condamine-monaco-pour-les-jeux-olympiques-2024-13107\/"},"author":{"name":"Redazione","@id":"https:\/\/montecarloliving.com\/fr\/#\/schema\/person\/7e5945d4560862b7f2d2c6831bda2819"},"headline":"\u00c9cran G\u00e9ant au March\u00e9 de la Condamine \u00e0 Monaco pour les Jeux Olympiques 2024","datePublished":"2024-07-29T08:24:19+00:00","dateModified":"2024-07-29T08:27:30+00:00","mainEntityOfPage":{"@id":"https:\/\/montecarloliving.com\/fr\/monaco-fr\/sport-fr\/ecran-geant-au-marche-de-condamine-monaco-pour-les-jeux-olympiques-2024-13107\/"},"wordCount":104,"image":{"@id":"https:\/\/montecarloliving.com\/fr\/monaco-fr\/sport-fr\/ecran-geant-au-marche-de-condamine-monaco-pour-les-jeux-olympiques-2024-13107\/#primaryimage"},"thumbnailUrl":"https:\/\/montecarloliving.com\/wp-content\/uploads\/2024\/07\/place-darmes-marche-de-la-condamine-2-1.jpg","articleSection":["\u00c9v\u00e9nements","Monaco","Sport \u00e0 Monaco"],"inLanguage":"fr-FR"},{"@type":"WebPage","@id":"https:\/\/montecarloliving.com\/fr\/monaco-fr\/sport-fr\/ecran-geant-au-marche-de-condamine-monaco-pour-les-jeux-olympiques-2024-13107\/","url":"https:\/\/montecarloliving.com\/fr\/monaco-fr\/sport-fr\/ecran-geant-au-marche-de-condamine-monaco-pour-les-jeux-olympiques-2024-13107\/","name":"\u00c9cran G\u00e9ant au March\u00e9 de la Condamine \u00e0 Monaco pour les Jeux Olympiques 2024","isPartOf":{"@id":"https:\/\/montecarloliving.com\/fr\/#website"},"primaryImageOfPage":{"@id":"https:\/\/montecarloliving.com\/fr\/monaco-fr\/sport-fr\/ecran-geant-au-marche-de-condamine-monaco-pour-les-jeux-olympiques-2024-13107\/#primaryimage"},"image":{"@id":"https:\/\/montecarloliving.com\/fr\/monaco-fr\/sport-fr\/ecran-geant-au-marche-de-condamine-monaco-pour-les-jeux-olympiques-2024-13107\/#primaryimage"},"thumbnailUrl":"https:\/\/montecarloliving.com\/wp-content\/uploads\/2024\/07\/place-darmes-marche-de-la-condamine-2-1.jpg","datePublished":"2024-07-29T08:24:19+00:00","dateModified":"2024-07-29T08:27:30+00:00","author":{"@id":"https:\/\/montecarloliving.com\/fr\/#\/schema\/person\/7e5945d4560862b7f2d2c6831bda2819"},"description":"\u00c0 partir de vendredi 26 juillet, la population est invit\u00e9e \u00e0 soutenir les athl\u00e8tes olympiques mon\u00e9gasques au March\u00e9 de la Condamine, dans la Halle","breadcrumb":{"@id":"https:\/\/montecarloliving.com\/fr\/monaco-fr\/sport-fr\/ecran-geant-au-marche-de-condamine-monaco-pour-les-jeux-olympiques-2024-13107\/#breadcrumb"},"inLanguage":"fr-FR","potentialAction":[{"@type":"ReadAction","target":["https:\/\/montecarloliving.com\/fr\/monaco-fr\/sport-fr\/ecran-geant-au-marche-de-condamine-monaco-pour-les-jeux-olympiques-2024-13107\/"]}]},{"@type":"ImageObject","inLanguage":"fr-FR","@id":"https:\/\/montecarloliving.com\/fr\/monaco-fr\/sport-fr\/ecran-geant-au-marche-de-condamine-monaco-pour-les-jeux-olympiques-2024-13107\/#primaryimage","url":"https:\/\/montecarloliving.com\/wp-content\/uploads\/2024\/07\/place-darmes-marche-de-la-condamine-2-1.jpg","contentUrl":"https:\/\/montecarloliving.com\/wp-content\/uploads\/2024\/07\/place-darmes-marche-de-la-condamine-2-1.jpg","width":1562,"height":851},{"@type":"BreadcrumbList","@id":"https:\/\/montecarloliving.com\/fr\/monaco-fr\/sport-fr\/ecran-geant-au-marche-de-condamine-monaco-pour-les-jeux-olympiques-2024-13107\/#breadcrumb","itemListElement":[{"@type":"ListItem","position":1,"name":"Home","item":"https:\/\/montecarloliving.com\/fr\/"},{"@type":"ListItem","position":2,"name":"\u00c9cran G\u00e9ant au March\u00e9 de la Condamine \u00e0 Monaco pour les Jeux Olympiques 2024"}]},{"@type":"WebSite","@id":"https:\/\/montecarloliving.com\/fr\/#website","url":"https:\/\/montecarloliving.com\/fr\/","name":"Montecarlo Living","description":"News da Montecarlo - Principato di Monaco e Costa Azzurra","potentialAction":[{"@type":"SearchAction","target":{"@type":"EntryPoint","urlTemplate":"https:\/\/montecarloliving.com\/fr\/?s={search_term_string}"},"query-input":{"@type":"PropertyValueSpecification","valueRequired":true,"valueName":"search_term_string"}}],"inLanguage":"fr-FR"},{"@type":"Person","@id":"https:\/\/montecarloliving.com\/fr\/#\/schema\/person\/7e5945d4560862b7f2d2c6831bda2819","name":"Redazione","image":{"@type":"ImageObject","inLanguage":"fr-FR","@id":"https:\/\/secure.gravatar.com\/avatar\/8b5f26557e18fe74ad8e8a57ebb2925d88af8a90cee489ff2beefb391bc9b9c7?s=96&d=mm&r=g","url":"https:\/\/secure.gravatar.com\/avatar\/8b5f26557e18fe74ad8e8a57ebb2925d88af8a90cee489ff2beefb391bc9b9c7?s=96&d=mm&r=g","contentUrl":"https:\/\/secure.gravatar.com\/avatar\/8b5f26557e18fe74ad8e8a57ebb2925d88af8a90cee489ff2beefb391bc9b9c7?s=96&d=mm&r=g","caption":"Redazione"}}]}},"_links":{"self":[{"href":"https:\/\/montecarloliving.com\/fr\/wp-json\/wp\/v2\/posts\/13107","targetHints":{"allow":["GET"]}}],"collection":[{"href":"https:\/\/montecarloliving.com\/fr\/wp-json\/wp\/v2\/posts"}],"about":[{"href":"https:\/\/montecarloliving.com\/fr\/wp-json\/wp\/v2\/types\/post"}],"author":[{"embeddable":true,"href":"https:\/\/montecarloliving.com\/fr\/wp-json\/wp\/v2\/users\/1"}],"replies":[{"embeddable":true,"href":"https:\/\/montecarloliving.com\/fr\/wp-json\/wp\/v2\/comments?post=13107"}],"version-history":[{"count":1,"href":"https:\/\/montecarloliving.com\/fr\/wp-json\/wp\/v2\/posts\/13107\/revisions"}],"predecessor-version":[{"id":13108,"href":"https:\/\/montecarloliving.com\/fr\/wp-json\/wp\/v2\/posts\/13107\/revisions\/13108"}],"wp:featuredmedia":[{"embeddable":true,"href":"https:\/\/montecarloliving.com\/fr\/wp-json\/wp\/v2\/media\/13103"}],"wp:attachment":[{"href":"https:\/\/montecarloliving.com\/fr\/wp-json\/wp\/v2\/media?parent=13107"}],"wp:term":[{"taxonomy":"category","embeddable":true,"href":"https:\/\/montecarloliving.com\/fr\/wp-json\/wp\/v2\/categories?post=13107"},{"taxonomy":"post_tag","embeddable":true,"href":"https:\/\/montecarloliving.com\/fr\/wp-json\/wp\/v2\/tags?post=13107"}],"curies":[{"name":"wp","href":"https:\/\/api.w.org\/{rel}","templated":true}]}}