{"id":12918,"date":"2024-07-22T10:29:09","date_gmt":"2024-07-22T08:29:09","guid":{"rendered":"https:\/\/montecarloliving.com\/?p=12918"},"modified":"2024-07-19T09:29:30","modified_gmt":"2024-07-19T07:29:30","slug":"ouverture-de-passerelle-wurtemberg","status":"publish","type":"post","link":"https:\/\/montecarloliving.com\/fr\/monaco-fr\/ouverture-de-passerelle-wurtemberg-12918\/","title":{"rendered":"Ouverture de la passerelle Wurtemberg"},"content":{"rendered":"<p>La Passerelle Wurtemberg, un ouvrage m\u00e9tallique de 65 m\u00e8tres de long et 2 m\u00e8tres de large, \u00e0 l\u2019architecture remarquable, est d\u00e9sormais ouverte aux usagers.<br \/>\nSitu\u00e9 au bas de l\u2019avenue Pasteur, cet ouvrage cl\u00e9 du plan de mobilit\u00e9 en faveur des d\u00e9placements pi\u00e9tons, permet de rejoindre le quartier de Fontvieille gr\u00e2ce \u00e0 deux ascenseurs qui desservent \u00e9galement la Promenade Honor\u00e9 II, le futur acc\u00e8s au nouveau coll\u00e8gue et aux diff\u00e9rentes entit\u00e9s de l\u2019\u00eelot Pasteur ainsi que le Parking Wurtemberg qui ouvrira prochainement ses portes.<br \/>\nAvec cette r\u00e9alisation, c\u2019est tout l\u2019ouest de la Principaut\u00e9 qui peut \u00eatre parcouru sans recours \u00e0 un v\u00e9hicule, depuis l\u2019entr\u00e9e sup\u00e9rieure de la Principaut\u00e9 jusqu\u2019\u00e0 Fontvieille.<br \/>\nEn effet, depuis le Parking des Salines qui d\u00e9voilait, en avril dernier, ses 1800 places de stationnement \u00e0 tarif avantageux \u00e0 l\u2019entr\u00e9e ouest de la Principaut\u00e9, il suffit d\u2019emprunter la galerie pi\u00e9tonne des Salines puis la Passerelle Wurtemberg pour se rendre \u00e0 Fontvieille.<br \/>\nD\u00e9sengorger le trafic urbain, favoriser la mobilit\u00e9 douce, proposer des moyens alternatifs aux v\u00e9hicules individuels, progressivement, le plan mobilit\u00e9 se d\u00e9ploie pour que chacun adopte les solutions qui lui correspondent.<\/p>\n","protected":false},"excerpt":{"rendered":"<p>La Passerelle Wurtemberg, un ouvrage m\u00e9tallique de 65 m\u00e8tres de long et 2 m\u00e8tres de large, \u00e0 l\u2019architecture remarquable, est d\u00e9sormais ouverte aux usagers. Situ\u00e9 au bas de l\u2019avenue Pasteur, cet ouvrage cl\u00e9 du plan de mobilit\u00e9 en faveur des d\u00e9placements pi\u00e9tons, permet de [&hellip;]<\/p>\n","protected":false},"author":1,"featured_media":12919,"comment_status":"closed","ping_status":"closed","sticky":false,"template":"","format":"standard","meta":{"footnotes":""},"categories":[827,875,867],"tags":[],"class_list":["post-12918","post","type-post","status-publish","format-standard","has-post-thumbnail","hentry","category-actualite","category-actualite-monaco","category-monaco-fr"],"yoast_head":"<!-- This site is optimized with the Yoast SEO plugin v27.5 - https:\/\/yoast.com\/product\/yoast-seo-wordpress\/ -->\n<title>Ouverture de la passerelle Wurtemberg<\/title>\n<meta name=\"description\" content=\"La Passerelle Wurtemberg, un ouvrage m\u00e9tallique de 65 m\u00e8tres de long et 2 m\u00e8tres de large, \u00e0 l\u2019architecture remarquable, est d\u00e9sormais ouverte aux\" \/>\n<meta name=\"robots\" content=\"index, follow, max-snippet:-1, max-image-preview:large, max-video-preview:-1\" \/>\n<link rel=\"canonical\" href=\"https:\/\/montecarloliving.com\/fr\/monaco-fr\/ouverture-de-passerelle-wurtemberg-12918\/\" \/>\n<meta property=\"og:locale\" content=\"fr_FR\" \/>\n<meta property=\"og:title\" content=\"Ouverture de la passerelle Wurtemberg\" \/>\n<meta property=\"og:description\" content=\"La Passerelle Wurtemberg, un ouvrage m\u00e9tallique de 65 m\u00e8tres de long et 2 m\u00e8tres de large, \u00e0 l\u2019architecture remarquable, est d\u00e9sormais ouverte aux\" \/>\n<meta property=\"og:url\" content=\"https:\/\/montecarloliving.com\/fr\/monaco-fr\/ouverture-de-passerelle-wurtemberg-12918\/\" \/>\n<meta property=\"og:site_name\" content=\"Montecarlo Living\" \/>\n<meta property=\"article:publisher\" content=\"https:\/\/www.facebook.com\/montecarlolivingcom\/\" \/>\n<meta property=\"article:published_time\" content=\"2024-07-22T08:29:09+00:00\" \/>\n<meta property=\"og:image\" content=\"https:\/\/montecarloliving.com\/wp-content\/uploads\/2024\/07\/La-Passerelle-Wurtemberg-\u00a9Direction-de-la-Communication-Manuel-Vitali-650x400.jpg\" \/>\n\t<meta property=\"og:image:width\" content=\"650\" \/>\n\t<meta property=\"og:image:height\" content=\"400\" \/>\n\t<meta property=\"og:image:type\" content=\"image\/jpeg\" \/>\n<meta name=\"author\" content=\"Redazione\" \/>\n<meta name=\"twitter:card\" content=\"summary_large_image\" \/>\n<meta name=\"twitter:creator\" content=\"@MonteCarloLivi\" \/>\n<meta name=\"twitter:site\" content=\"@MonteCarloLivi\" \/>\n<meta name=\"twitter:label1\" content=\"\u00c9crit par\" \/>\n\t<meta name=\"twitter:data1\" content=\"Redazione\" \/>\n\t<meta name=\"twitter:label2\" content=\"Dur\u00e9e de lecture estim\u00e9e\" \/>\n\t<meta name=\"twitter:data2\" content=\"2 minutes\" \/>\n<script type=\"application\/ld+json\" class=\"yoast-schema-graph\">{\"@context\":\"https:\\\/\\\/schema.org\",\"@graph\":[{\"@type\":\"Article\",\"@id\":\"https:\\\/\\\/montecarloliving.com\\\/fr\\\/monaco-fr\\\/ouverture-de-passerelle-wurtemberg-12918\\\/#article\",\"isPartOf\":{\"@id\":\"https:\\\/\\\/montecarloliving.com\\\/fr\\\/monaco-fr\\\/ouverture-de-passerelle-wurtemberg-12918\\\/\"},\"author\":{\"name\":\"Redazione\",\"@id\":\"https:\\\/\\\/montecarloliving.com\\\/fr\\\/#\\\/schema\\\/person\\\/7e5945d4560862b7f2d2c6831bda2819\"},\"headline\":\"Ouverture de la passerelle Wurtemberg\",\"datePublished\":\"2024-07-22T08:29:09+00:00\",\"mainEntityOfPage\":{\"@id\":\"https:\\\/\\\/montecarloliving.com\\\/fr\\\/monaco-fr\\\/ouverture-de-passerelle-wurtemberg-12918\\\/\"},\"wordCount\":207,\"image\":{\"@id\":\"https:\\\/\\\/montecarloliving.com\\\/fr\\\/monaco-fr\\\/ouverture-de-passerelle-wurtemberg-12918\\\/#primaryimage\"},\"thumbnailUrl\":\"https:\\\/\\\/montecarloliving.com\\\/wp-content\\\/uploads\\\/2024\\\/07\\\/La-Passerelle-Wurtemberg-\u00a9Direction-de-la-Communication-Manuel-Vitali-scaled.jpg\",\"articleSection\":[\"Actualit\u00e9\",\"Actualit\u00e9 \u00e0 Monaco\",\"Monaco\"],\"inLanguage\":\"fr-FR\"},{\"@type\":\"WebPage\",\"@id\":\"https:\\\/\\\/montecarloliving.com\\\/fr\\\/monaco-fr\\\/ouverture-de-passerelle-wurtemberg-12918\\\/\",\"url\":\"https:\\\/\\\/montecarloliving.com\\\/fr\\\/monaco-fr\\\/ouverture-de-passerelle-wurtemberg-12918\\\/\",\"name\":\"Ouverture de la passerelle Wurtemberg\",\"isPartOf\":{\"@id\":\"https:\\\/\\\/montecarloliving.com\\\/fr\\\/#website\"},\"primaryImageOfPage\":{\"@id\":\"https:\\\/\\\/montecarloliving.com\\\/fr\\\/monaco-fr\\\/ouverture-de-passerelle-wurtemberg-12918\\\/#primaryimage\"},\"image\":{\"@id\":\"https:\\\/\\\/montecarloliving.com\\\/fr\\\/monaco-fr\\\/ouverture-de-passerelle-wurtemberg-12918\\\/#primaryimage\"},\"thumbnailUrl\":\"https:\\\/\\\/montecarloliving.com\\\/wp-content\\\/uploads\\\/2024\\\/07\\\/La-Passerelle-Wurtemberg-\u00a9Direction-de-la-Communication-Manuel-Vitali-scaled.jpg\",\"datePublished\":\"2024-07-22T08:29:09+00:00\",\"author\":{\"@id\":\"https:\\\/\\\/montecarloliving.com\\\/fr\\\/#\\\/schema\\\/person\\\/7e5945d4560862b7f2d2c6831bda2819\"},\"description\":\"La Passerelle Wurtemberg, un ouvrage m\u00e9tallique de 65 m\u00e8tres de long et 2 m\u00e8tres de large, \u00e0 l\u2019architecture remarquable, est d\u00e9sormais ouverte aux\",\"breadcrumb\":{\"@id\":\"https:\\\/\\\/montecarloliving.com\\\/fr\\\/monaco-fr\\\/ouverture-de-passerelle-wurtemberg-12918\\\/#breadcrumb\"},\"inLanguage\":\"fr-FR\",\"potentialAction\":[{\"@type\":\"ReadAction\",\"target\":[\"https:\\\/\\\/montecarloliving.com\\\/fr\\\/monaco-fr\\\/ouverture-de-passerelle-wurtemberg-12918\\\/\"]}]},{\"@type\":\"ImageObject\",\"inLanguage\":\"fr-FR\",\"@id\":\"https:\\\/\\\/montecarloliving.com\\\/fr\\\/monaco-fr\\\/ouverture-de-passerelle-wurtemberg-12918\\\/#primaryimage\",\"url\":\"https:\\\/\\\/montecarloliving.com\\\/wp-content\\\/uploads\\\/2024\\\/07\\\/La-Passerelle-Wurtemberg-\u00a9Direction-de-la-Communication-Manuel-Vitali-scaled.jpg\",\"contentUrl\":\"https:\\\/\\\/montecarloliving.com\\\/wp-content\\\/uploads\\\/2024\\\/07\\\/La-Passerelle-Wurtemberg-\u00a9Direction-de-la-Communication-Manuel-Vitali-scaled.jpg\",\"width\":2560,\"height\":1707},{\"@type\":\"BreadcrumbList\",\"@id\":\"https:\\\/\\\/montecarloliving.com\\\/fr\\\/monaco-fr\\\/ouverture-de-passerelle-wurtemberg-12918\\\/#breadcrumb\",\"itemListElement\":[{\"@type\":\"ListItem\",\"position\":1,\"name\":\"Home\",\"item\":\"https:\\\/\\\/montecarloliving.com\\\/fr\\\/\"},{\"@type\":\"ListItem\",\"position\":2,\"name\":\"Ouverture de la passerelle Wurtemberg\"}]},{\"@type\":\"WebSite\",\"@id\":\"https:\\\/\\\/montecarloliving.com\\\/fr\\\/#website\",\"url\":\"https:\\\/\\\/montecarloliving.com\\\/fr\\\/\",\"name\":\"Montecarlo Living\",\"description\":\"News da Montecarlo - Principato di Monaco e Costa Azzurra\",\"potentialAction\":[{\"@type\":\"SearchAction\",\"target\":{\"@type\":\"EntryPoint\",\"urlTemplate\":\"https:\\\/\\\/montecarloliving.com\\\/fr\\\/?s={search_term_string}\"},\"query-input\":{\"@type\":\"PropertyValueSpecification\",\"valueRequired\":true,\"valueName\":\"search_term_string\"}}],\"inLanguage\":\"fr-FR\"},{\"@type\":\"Person\",\"@id\":\"https:\\\/\\\/montecarloliving.com\\\/fr\\\/#\\\/schema\\\/person\\\/7e5945d4560862b7f2d2c6831bda2819\",\"name\":\"Redazione\",\"image\":{\"@type\":\"ImageObject\",\"inLanguage\":\"fr-FR\",\"@id\":\"https:\\\/\\\/secure.gravatar.com\\\/avatar\\\/8b5f26557e18fe74ad8e8a57ebb2925d88af8a90cee489ff2beefb391bc9b9c7?s=96&d=mm&r=g\",\"url\":\"https:\\\/\\\/secure.gravatar.com\\\/avatar\\\/8b5f26557e18fe74ad8e8a57ebb2925d88af8a90cee489ff2beefb391bc9b9c7?s=96&d=mm&r=g\",\"contentUrl\":\"https:\\\/\\\/secure.gravatar.com\\\/avatar\\\/8b5f26557e18fe74ad8e8a57ebb2925d88af8a90cee489ff2beefb391bc9b9c7?s=96&d=mm&r=g\",\"caption\":\"Redazione\"}}]}<\/script>\n<!-- \/ Yoast SEO plugin. -->","yoast_head_json":{"title":"Ouverture de la passerelle Wurtemberg","description":"La Passerelle Wurtemberg, un ouvrage m\u00e9tallique de 65 m\u00e8tres de long et 2 m\u00e8tres de large, \u00e0 l\u2019architecture remarquable, est d\u00e9sormais ouverte aux","robots":{"index":"index","follow":"follow","max-snippet":"max-snippet:-1","max-image-preview":"max-image-preview:large","max-video-preview":"max-video-preview:-1"},"canonical":"https:\/\/montecarloliving.com\/fr\/monaco-fr\/ouverture-de-passerelle-wurtemberg-12918\/","og_locale":"fr_FR","og_title":"Ouverture de la passerelle Wurtemberg","og_description":"La Passerelle Wurtemberg, un ouvrage m\u00e9tallique de 65 m\u00e8tres de long et 2 m\u00e8tres de large, \u00e0 l\u2019architecture remarquable, est d\u00e9sormais ouverte aux","og_url":"https:\/\/montecarloliving.com\/fr\/monaco-fr\/ouverture-de-passerelle-wurtemberg-12918\/","og_site_name":"Montecarlo Living","article_publisher":"https:\/\/www.facebook.com\/montecarlolivingcom\/","article_published_time":"2024-07-22T08:29:09+00:00","og_image":[{"width":650,"height":400,"url":"https:\/\/montecarloliving.com\/wp-content\/uploads\/2024\/07\/La-Passerelle-Wurtemberg-\u00a9Direction-de-la-Communication-Manuel-Vitali-650x400.jpg","type":"image\/jpeg"}],"author":"Redazione","twitter_card":"summary_large_image","twitter_creator":"@MonteCarloLivi","twitter_site":"@MonteCarloLivi","twitter_misc":{"\u00c9crit par":"Redazione","Dur\u00e9e de lecture estim\u00e9e":"2 minutes"},"schema":{"@context":"https:\/\/schema.org","@graph":[{"@type":"Article","@id":"https:\/\/montecarloliving.com\/fr\/monaco-fr\/ouverture-de-passerelle-wurtemberg-12918\/#article","isPartOf":{"@id":"https:\/\/montecarloliving.com\/fr\/monaco-fr\/ouverture-de-passerelle-wurtemberg-12918\/"},"author":{"name":"Redazione","@id":"https:\/\/montecarloliving.com\/fr\/#\/schema\/person\/7e5945d4560862b7f2d2c6831bda2819"},"headline":"Ouverture de la passerelle Wurtemberg","datePublished":"2024-07-22T08:29:09+00:00","mainEntityOfPage":{"@id":"https:\/\/montecarloliving.com\/fr\/monaco-fr\/ouverture-de-passerelle-wurtemberg-12918\/"},"wordCount":207,"image":{"@id":"https:\/\/montecarloliving.com\/fr\/monaco-fr\/ouverture-de-passerelle-wurtemberg-12918\/#primaryimage"},"thumbnailUrl":"https:\/\/montecarloliving.com\/wp-content\/uploads\/2024\/07\/La-Passerelle-Wurtemberg-\u00a9Direction-de-la-Communication-Manuel-Vitali-scaled.jpg","articleSection":["Actualit\u00e9","Actualit\u00e9 \u00e0 Monaco","Monaco"],"inLanguage":"fr-FR"},{"@type":"WebPage","@id":"https:\/\/montecarloliving.com\/fr\/monaco-fr\/ouverture-de-passerelle-wurtemberg-12918\/","url":"https:\/\/montecarloliving.com\/fr\/monaco-fr\/ouverture-de-passerelle-wurtemberg-12918\/","name":"Ouverture de la passerelle Wurtemberg","isPartOf":{"@id":"https:\/\/montecarloliving.com\/fr\/#website"},"primaryImageOfPage":{"@id":"https:\/\/montecarloliving.com\/fr\/monaco-fr\/ouverture-de-passerelle-wurtemberg-12918\/#primaryimage"},"image":{"@id":"https:\/\/montecarloliving.com\/fr\/monaco-fr\/ouverture-de-passerelle-wurtemberg-12918\/#primaryimage"},"thumbnailUrl":"https:\/\/montecarloliving.com\/wp-content\/uploads\/2024\/07\/La-Passerelle-Wurtemberg-\u00a9Direction-de-la-Communication-Manuel-Vitali-scaled.jpg","datePublished":"2024-07-22T08:29:09+00:00","author":{"@id":"https:\/\/montecarloliving.com\/fr\/#\/schema\/person\/7e5945d4560862b7f2d2c6831bda2819"},"description":"La Passerelle Wurtemberg, un ouvrage m\u00e9tallique de 65 m\u00e8tres de long et 2 m\u00e8tres de large, \u00e0 l\u2019architecture remarquable, est d\u00e9sormais ouverte aux","breadcrumb":{"@id":"https:\/\/montecarloliving.com\/fr\/monaco-fr\/ouverture-de-passerelle-wurtemberg-12918\/#breadcrumb"},"inLanguage":"fr-FR","potentialAction":[{"@type":"ReadAction","target":["https:\/\/montecarloliving.com\/fr\/monaco-fr\/ouverture-de-passerelle-wurtemberg-12918\/"]}]},{"@type":"ImageObject","inLanguage":"fr-FR","@id":"https:\/\/montecarloliving.com\/fr\/monaco-fr\/ouverture-de-passerelle-wurtemberg-12918\/#primaryimage","url":"https:\/\/montecarloliving.com\/wp-content\/uploads\/2024\/07\/La-Passerelle-Wurtemberg-\u00a9Direction-de-la-Communication-Manuel-Vitali-scaled.jpg","contentUrl":"https:\/\/montecarloliving.com\/wp-content\/uploads\/2024\/07\/La-Passerelle-Wurtemberg-\u00a9Direction-de-la-Communication-Manuel-Vitali-scaled.jpg","width":2560,"height":1707},{"@type":"BreadcrumbList","@id":"https:\/\/montecarloliving.com\/fr\/monaco-fr\/ouverture-de-passerelle-wurtemberg-12918\/#breadcrumb","itemListElement":[{"@type":"ListItem","position":1,"name":"Home","item":"https:\/\/montecarloliving.com\/fr\/"},{"@type":"ListItem","position":2,"name":"Ouverture de la passerelle Wurtemberg"}]},{"@type":"WebSite","@id":"https:\/\/montecarloliving.com\/fr\/#website","url":"https:\/\/montecarloliving.com\/fr\/","name":"Montecarlo Living","description":"News da Montecarlo - Principato di Monaco e Costa Azzurra","potentialAction":[{"@type":"SearchAction","target":{"@type":"EntryPoint","urlTemplate":"https:\/\/montecarloliving.com\/fr\/?s={search_term_string}"},"query-input":{"@type":"PropertyValueSpecification","valueRequired":true,"valueName":"search_term_string"}}],"inLanguage":"fr-FR"},{"@type":"Person","@id":"https:\/\/montecarloliving.com\/fr\/#\/schema\/person\/7e5945d4560862b7f2d2c6831bda2819","name":"Redazione","image":{"@type":"ImageObject","inLanguage":"fr-FR","@id":"https:\/\/secure.gravatar.com\/avatar\/8b5f26557e18fe74ad8e8a57ebb2925d88af8a90cee489ff2beefb391bc9b9c7?s=96&d=mm&r=g","url":"https:\/\/secure.gravatar.com\/avatar\/8b5f26557e18fe74ad8e8a57ebb2925d88af8a90cee489ff2beefb391bc9b9c7?s=96&d=mm&r=g","contentUrl":"https:\/\/secure.gravatar.com\/avatar\/8b5f26557e18fe74ad8e8a57ebb2925d88af8a90cee489ff2beefb391bc9b9c7?s=96&d=mm&r=g","caption":"Redazione"}}]}},"_links":{"self":[{"href":"https:\/\/montecarloliving.com\/fr\/wp-json\/wp\/v2\/posts\/12918","targetHints":{"allow":["GET"]}}],"collection":[{"href":"https:\/\/montecarloliving.com\/fr\/wp-json\/wp\/v2\/posts"}],"about":[{"href":"https:\/\/montecarloliving.com\/fr\/wp-json\/wp\/v2\/types\/post"}],"author":[{"embeddable":true,"href":"https:\/\/montecarloliving.com\/fr\/wp-json\/wp\/v2\/users\/1"}],"replies":[{"embeddable":true,"href":"https:\/\/montecarloliving.com\/fr\/wp-json\/wp\/v2\/comments?post=12918"}],"version-history":[{"count":1,"href":"https:\/\/montecarloliving.com\/fr\/wp-json\/wp\/v2\/posts\/12918\/revisions"}],"predecessor-version":[{"id":12922,"href":"https:\/\/montecarloliving.com\/fr\/wp-json\/wp\/v2\/posts\/12918\/revisions\/12922"}],"wp:featuredmedia":[{"embeddable":true,"href":"https:\/\/montecarloliving.com\/fr\/wp-json\/wp\/v2\/media\/12919"}],"wp:attachment":[{"href":"https:\/\/montecarloliving.com\/fr\/wp-json\/wp\/v2\/media?parent=12918"}],"wp:term":[{"taxonomy":"category","embeddable":true,"href":"https:\/\/montecarloliving.com\/fr\/wp-json\/wp\/v2\/categories?post=12918"},{"taxonomy":"post_tag","embeddable":true,"href":"https:\/\/montecarloliving.com\/fr\/wp-json\/wp\/v2\/tags?post=12918"}],"curies":[{"name":"wp","href":"https:\/\/api.w.org\/{rel}","templated":true}]}}