{"id":12800,"date":"2024-07-16T09:43:03","date_gmt":"2024-07-16T07:43:03","guid":{"rendered":"https:\/\/montecarloliving.com\/?p=12800"},"modified":"2024-07-16T09:44:52","modified_gmt":"2024-07-16T07:44:52","slug":"villa-et-jardins-ephrussi-de-rothschild-les-nocturnes-2024","status":"publish","type":"post","link":"https:\/\/montecarloliving.com\/fr\/nice-fr\/villa-et-jardins-ephrussi-de-rothschild-les-nocturnes-2024-12800\/","title":{"rendered":"Villa et Jardins Ephrussi de Rothschild &#8211; Les Nocturnes 2024"},"content":{"rendered":"<p>En cette \u00ab\u00a0Ann\u00e9e B\u00e9atrice\u00a0\u00bb, la Villa Ephrussi de Rothschild, joyau de la C\u00f4te d&rsquo;Azur, est heureuse d&rsquo;ouvrir ses portes &#8211; et ses jardins ! &#8211; les lundis et mardis soirs\u00a0tout au long de l&rsquo;\u00e9t\u00e9, pour vous inviter \u00e0 venir passer la soir\u00e9e en excellente compagnie :\u00a0Lambert Wilson, Carolyn Carlson, Fran\u00e7ois Morel, Laurent Voulzy et bien d&rsquo;autres encore !<\/p>\n<p>Inspir\u00e9es par B\u00e9atrice Ephrussi de Rothschild, les Nocturnes 2024 vous donnent rendez-vous pour 14 soir\u00e9es, et autant d&rsquo;interpr\u00e8tes, dans une programmation joyeuse et foisonnante. Un hommage aux f\u00eates de la Baronne, renomm\u00e9es en leur temps sur la Riviera, o\u00f9 la jet-set internationale se m\u00ealait aux artistes autour des tables de jeux, ou au gr\u00e9 de promenades dans les jardins aux parfums d\u00e9licats.<\/p>\n<p><img decoding=\"async\" src=\"https:\/\/webmail.montecarloliving.com\/cpsess1362683353\/3rdparty\/roundcube\/?_task=mail&amp;_action=get&amp;_mbox=INBOX&amp;_uid=4085&amp;_token=zzDsfsGozo5CzDKYXdlGYWMw7kcHECVk&amp;_part=3&amp;_embed=1&amp;_mimeclass=image\" alt=\"ProgNocturnes24.gif\" \/><\/p>\n<p>\u00c0 la tomb\u00e9e de la nuit, aux lueurs des bougies et des \u00e9toiles, B\u00e9atrice nous entra\u00eene de la musique pop au r\u00e9pertoire classique, des vers de La Fontaine aux partitions de Mozart, des pas de danse \u00e0 la chanson fran\u00e7aise &#8230; laissez-vous emporter !<\/p>\n<hr \/>\n<h2>Programme<\/h2>\n<p>Spectacle en plein air, assis sur les pelouses du jardin \u00e0 la fran\u00e7aise.<\/p>\n<p>Lundi 15 juillet<br \/>\n<a href=\"https:\/\/www.villa-ephrussi.com\/fr\/francois-morel\">FRAN\u00c7OIS MOREL CHANTE<\/a><a href=\"https:\/\/www.villa-ephrussi.com\/fr\/kaminhar-trio-looking-michel-petrucciani-jazz\"><br \/>\n<\/a>Quatuor<\/p>\n<p>Mardi 16 juillet<br \/>\n<a href=\"https:\/\/www.villa-ephrussi.com\/fr\/poetry-event-carlson-perret\">POETRY EVENT CAROLYN CARLSON ET GUILLAUME PERRET<\/a><br \/>\nDanse<br \/>\nMusique live<\/p>\n<p>Lundi 22 juillet<br \/>\n<a href=\"https:\/\/www.villa-ephrussi.com\/fr\/lambert-wilson-et-bruno-fontaine\">OLD FRIENDS &#8211; LAMBERT WILSON et BRUNO FONTAINE<\/a><br \/>\nChant et Piano<\/p>\n<p>Mardi 23 juillet<br \/>\n<a href=\"https:\/\/www.villa-ephrussi.com\/fr\/brigitte-fossey-et-danielle-laval\">BRIGITTE FOSSEY et DANIELLE LAVAL<\/a><br \/>\nLa Fontaine en fables et en notes<br \/>\nVoix et piano<\/p>\n<p>Lundi 29 juillet<br \/>\n<a href=\"https:\/\/www.villa-ephrussi.com\/fr\/laurent-voulzy\">LAURENT VOULZY<br \/>\n<\/a>Musique live<\/p>\n<p>Mardi 30 juillet<br \/>\n<a href=\"https:\/\/www.villa-ephrussi.com\/fr\/catherine-lara-et-compagnie-kumo\">CATHERINE LARA ET LA COMPAGNIE KUMO<\/a><br \/>\nViolon<br \/>\nDanse<\/p>\n<p>Lundi 5 ao\u00fbt<br \/>\n<a href=\"https:\/\/www.villa-ephrussi.com\/fr\/edgar-moreau-et-david-kadouch\">EDGAR MOREAU ET DAVID KADOUCH<\/a><br \/>\nVioloncelle et piano<\/p>\n<p>Mardi 6 ao\u00fbt<br \/>\n<a href=\"https:\/\/www.villa-ephrussi.com\/fr\/jean-philippe-collard\">JEAN-PHILIPPE COLLARD<\/a><br \/>\nPiano<\/p>\n<p>Lundi 12 ao\u00fbt<br \/>\n<a href=\"https:\/\/www.villa-ephrussi.com\/fr\/christophe-barbier-mozart-mon-amour\">CHRISTOPHE BARBIER &#8211; MOZART, MON AMOUR<\/a><br \/>\nChant et piano<\/p>\n<p>Mardi 13 ao\u00fbt<br \/>\n<a href=\"https:\/\/www.villa-ephrussi.com\/fr\/david-fray-et-melodie-louledjian\">DAVID FRAY ET MELODY LOULEDJIAN<\/a><br \/>\nPiano<br \/>\nSoprano<\/p>\n<p>Lundi 19 ao\u00fbt<br \/>\n<a href=\"https:\/\/www.villa-ephrussi.com\/fr\/elizabeth-vidal-et-andre-cognet\">ELIZABETH VIDAL ET ANDR\u00c9 COGNET &#8211; DE BACH AUX BEATLES<\/a><br \/>\nChant et musique live<\/p>\n<p>Mardi 20 ao\u00fbt<br \/>\n<a href=\"https:\/\/www.villa-ephrussi.com\/fr\/amazing-keystone-big-band-ft-jodie-devos\">THE AMAZING KEYSTONE BIG BAND PLAYS JUDY GARLAND FEAT NEIMA NAOURI<br \/>\n<\/a>Soprano et musique live<\/p>\n<p>Lundi 26 ao\u00fbt<br \/>\n<a href=\"https:\/\/www.villa-ephrussi.com\/fr\/martin-harriague\">MARTIN HARRIAGUE &#8211; CROCODILE<\/a><br \/>\nDanse contemporaine et musique live<\/p>\n<p>Mardi 27 ao\u00fbt<br \/>\n<a href=\"https:\/\/www.villa-ephrussi.com\/fr\/bruno-mantovani-et-lensemble-orchestral-contemporain\">BRUNO MANTOVANI et L&rsquo;ENSEMBLE ORCHESTRAL CONTEMPORAIN<\/a><br \/>\nOrchestre<\/p>\n<hr \/>\n<h2>Informations pratiques<\/h2>\n<div>\n<h3>ACC\u00c8S<\/h3>\n<p>&#8211; Stationnement gratuit sur place r\u00e9serv\u00e9 prioritairement aux personnes \u00e0 mobilit\u00e9 r\u00e9duite, familles avec b\u00e9b\u00e9s et poussettes.<br \/>\nParking gratuit autoris\u00e9 sur l\u2019avenue du S\u00e9maphore, l\u2019avenue de Verdun, le boulevard g\u00e9n\u00e9ral de gaulle (entre 15 et 25 minutes \u00e0 pied).<br \/>\nService de navette gratuite &#8211; prise de navette \u00e0 l&rsquo;arr\u00eat de bus \u00ab\u00a0Le S\u00e9maphore\u00a0\u00bb sur le boulevard g\u00e9n\u00e9ral de Gaulle.<\/p>\n<p>&#8211; Bus N\u00b015 vers Nice jusqu\u2019\u00e0 23h45. Arr\u00eat Passable\/Rothschild (devant la Villa).<br \/>\n&#8211;\u00a0<a href=\"https:\/\/www.villa-ephrussi.com\/sites\/ver\/files\/service_voiturier_2024.pdf\">Service voiturier<\/a>\u00a0au parking du Centenaire propos\u00e9 par la ville de St Jean Cap Ferrat (15 \u20ac).<\/p>\n<h3>TARIFS *<\/h3>\n<p>&#8211; Tarif Nocturnes : 35 \u20ac<br \/>\n&#8211; Tarif Nocturnes famille (pour 2 adultes et 2 enfants de 7 \u00e0 17 ans) : 80 \u20ac<br \/>\n&#8211; Tarif Nocturnes + D\u00eener au restaurant : 105 \u20ac<br \/>\n&#8211; Tarif Nocturnes + Panier fra\u00eecheur (\u00e0 d\u00e9guster dans les jardins de la Villa) : 60 \u20ac<br \/>\n&#8211; Coffret cadeau Nocturnes Duo : 70 \u20ac (deux entr\u00e9es pour la visite de la Villa et des jardins &amp; le concert)<br \/>\nR\u00e9servations en ligne\u00a0accessibles jusqu\u2019\u00e0 15h le jour de l\u2019\u00e9v\u00e9nement. Pass\u00e9 cet horaire, possibilit\u00e9 de r\u00e9server sur place \u00e0 partir de 20h.<br \/>\n*La gratuit\u00e9 pour les B\u00e9atrice ne s&rsquo;applique pas dans le cadre des Nocturnes et des \u00e9v\u00e9nements sp\u00e9ciaux.<\/p>\n<h3>D\u00ceNER AU RESTAURANT<\/h3>\n<p>Il se compose d&rsquo;un menu 3 plats \u00e9labor\u00e9 par notre chef Aude Filipowski \u00e0 partir de produits de saison accompagn\u00e9 par une coupe de champagne.<br \/>\n<a href=\"https:\/\/www.villa-ephrussi.com\/sites\/ver\/files\/villa_ephrussi_nocturnes_2024_-_menu_1.pdf\">&gt; Consultez le menu des soir\u00e9es du 15, 16 juillet, 5, 6, 26 et 27 ao\u00fbt<br \/>\n<\/a><a href=\"https:\/\/www.villa-ephrussi.com\/sites\/ver\/files\/villa_ephrussi_nocturnes_2024_-_menu_2.pdf\">&gt; Consultez le menu des soir\u00e9es du 22, 23 juillet, 12 et 13 ao\u00fbt<\/a><br \/>\n<a href=\"https:\/\/www.villa-ephrussi.com\/sites\/ver\/files\/villa_ephrussi_nocturnes_2024_-_menu_3.pdf\">&gt; Consultez le menu des soir\u00e9es du 29, 30 juillet, 19 et 20 ao\u00fbt<\/a><br \/>\n<a href=\"https:\/\/www.villa-ephrussi.com\/sites\/ver\/files\/villa_ephrussi_nocturnes_2024-_affiche_panier.pdf\">&gt; Consultez le menu du panier gourmand<\/a><\/p>\n<\/div>\n<p>&nbsp;<\/p>\n","protected":false},"excerpt":{"rendered":"<p>En cette \u00ab\u00a0Ann\u00e9e B\u00e9atrice\u00a0\u00bb, la Villa Ephrussi de Rothschild, joyau de la C\u00f4te d&rsquo;Azur, est heureuse d&rsquo;ouvrir ses portes &#8211; et ses jardins ! &#8211; les lundis et mardis soirs\u00a0tout au long de l&rsquo;\u00e9t\u00e9, pour vous inviter \u00e0 venir passer la soir\u00e9e en excellente [&hellip;]<\/p>\n","protected":false},"author":1,"featured_media":12808,"comment_status":"closed","ping_status":"closed","sticky":false,"template":"","format":"standard","meta":{"footnotes":""},"categories":[828,868],"tags":[],"class_list":["post-12800","post","type-post","status-publish","format-standard","has-post-thumbnail","hentry","category-evenements","category-nice-fr"],"yoast_head":"<!-- This site is optimized with the Yoast SEO plugin v27.4 - https:\/\/yoast.com\/product\/yoast-seo-wordpress\/ -->\n<title>Villa et Jardins Ephrussi de Rothschild - Les Nocturnes 2024<\/title>\n<meta name=\"description\" content=\"En cette &quot;Ann\u00e9e B\u00e9atrice&quot;, la Villa Ephrussi de Rothschild, joyau de la C\u00f4te d&#039;Azur, est heureuse d&#039;ouvrir ses portes - et ses jardins ! - les lundis et\" \/>\n<meta name=\"robots\" content=\"index, follow, max-snippet:-1, max-image-preview:large, max-video-preview:-1\" \/>\n<link rel=\"canonical\" href=\"https:\/\/montecarloliving.com\/fr\/nice-fr\/villa-et-jardins-ephrussi-de-rothschild-les-nocturnes-2024-12800\/\" \/>\n<meta property=\"og:locale\" content=\"fr_FR\" \/>\n<meta property=\"og:title\" content=\"Villa et Jardins Ephrussi de Rothschild - Les Nocturnes 2024\" \/>\n<meta property=\"og:description\" content=\"En cette &quot;Ann\u00e9e B\u00e9atrice&quot;, la Villa Ephrussi de Rothschild, joyau de la C\u00f4te d&#039;Azur, est heureuse d&#039;ouvrir ses portes - et ses jardins ! - les lundis et\" \/>\n<meta property=\"og:url\" content=\"https:\/\/montecarloliving.com\/fr\/nice-fr\/villa-et-jardins-ephrussi-de-rothschild-les-nocturnes-2024-12800\/\" \/>\n<meta property=\"og:site_name\" content=\"Montecarlo Living\" \/>\n<meta property=\"article:publisher\" content=\"https:\/\/www.facebook.com\/montecarlolivingcom\/\" \/>\n<meta property=\"article:published_time\" content=\"2024-07-16T07:43:03+00:00\" \/>\n<meta property=\"article:modified_time\" content=\"2024-07-16T07:44:52+00:00\" \/>\n<meta property=\"og:image\" content=\"https:\/\/montecarloliving.com\/wp-content\/uploads\/2024\/07\/Villa-Ephrussi-de-Rothschild-650x400.jpg\" \/>\n\t<meta property=\"og:image:width\" content=\"650\" \/>\n\t<meta property=\"og:image:height\" content=\"400\" \/>\n\t<meta property=\"og:image:type\" content=\"image\/jpeg\" \/>\n<meta name=\"author\" content=\"Redazione\" \/>\n<meta name=\"twitter:card\" content=\"summary_large_image\" \/>\n<meta name=\"twitter:creator\" content=\"@MonteCarloLivi\" \/>\n<meta name=\"twitter:site\" content=\"@MonteCarloLivi\" \/>\n<meta name=\"twitter:label1\" content=\"\u00c9crit par\" \/>\n\t<meta name=\"twitter:data1\" content=\"Redazione\" \/>\n\t<meta name=\"twitter:label2\" content=\"Dur\u00e9e de lecture estim\u00e9e\" \/>\n\t<meta name=\"twitter:data2\" content=\"4 minutes\" \/>\n<script type=\"application\/ld+json\" class=\"yoast-schema-graph\">{\"@context\":\"https:\\\/\\\/schema.org\",\"@graph\":[{\"@type\":\"Article\",\"@id\":\"https:\\\/\\\/montecarloliving.com\\\/fr\\\/nice-fr\\\/villa-et-jardins-ephrussi-de-rothschild-les-nocturnes-2024-12800\\\/#article\",\"isPartOf\":{\"@id\":\"https:\\\/\\\/montecarloliving.com\\\/fr\\\/nice-fr\\\/villa-et-jardins-ephrussi-de-rothschild-les-nocturnes-2024-12800\\\/\"},\"author\":{\"name\":\"Redazione\",\"@id\":\"https:\\\/\\\/montecarloliving.com\\\/fr\\\/#\\\/schema\\\/person\\\/7e5945d4560862b7f2d2c6831bda2819\"},\"headline\":\"Villa et Jardins Ephrussi de Rothschild &#8211; Les Nocturnes 2024\",\"datePublished\":\"2024-07-16T07:43:03+00:00\",\"dateModified\":\"2024-07-16T07:44:52+00:00\",\"mainEntityOfPage\":{\"@id\":\"https:\\\/\\\/montecarloliving.com\\\/fr\\\/nice-fr\\\/villa-et-jardins-ephrussi-de-rothschild-les-nocturnes-2024-12800\\\/\"},\"wordCount\":639,\"image\":{\"@id\":\"https:\\\/\\\/montecarloliving.com\\\/fr\\\/nice-fr\\\/villa-et-jardins-ephrussi-de-rothschild-les-nocturnes-2024-12800\\\/#primaryimage\"},\"thumbnailUrl\":\"https:\\\/\\\/montecarloliving.com\\\/wp-content\\\/uploads\\\/2024\\\/07\\\/Villa-Ephrussi-de-Rothschild.jpg\",\"articleSection\":[\"\u00c9v\u00e9nements\",\"Nice\"],\"inLanguage\":\"fr-FR\"},{\"@type\":\"WebPage\",\"@id\":\"https:\\\/\\\/montecarloliving.com\\\/fr\\\/nice-fr\\\/villa-et-jardins-ephrussi-de-rothschild-les-nocturnes-2024-12800\\\/\",\"url\":\"https:\\\/\\\/montecarloliving.com\\\/fr\\\/nice-fr\\\/villa-et-jardins-ephrussi-de-rothschild-les-nocturnes-2024-12800\\\/\",\"name\":\"Villa et Jardins Ephrussi de Rothschild - Les Nocturnes 2024\",\"isPartOf\":{\"@id\":\"https:\\\/\\\/montecarloliving.com\\\/fr\\\/#website\"},\"primaryImageOfPage\":{\"@id\":\"https:\\\/\\\/montecarloliving.com\\\/fr\\\/nice-fr\\\/villa-et-jardins-ephrussi-de-rothschild-les-nocturnes-2024-12800\\\/#primaryimage\"},\"image\":{\"@id\":\"https:\\\/\\\/montecarloliving.com\\\/fr\\\/nice-fr\\\/villa-et-jardins-ephrussi-de-rothschild-les-nocturnes-2024-12800\\\/#primaryimage\"},\"thumbnailUrl\":\"https:\\\/\\\/montecarloliving.com\\\/wp-content\\\/uploads\\\/2024\\\/07\\\/Villa-Ephrussi-de-Rothschild.jpg\",\"datePublished\":\"2024-07-16T07:43:03+00:00\",\"dateModified\":\"2024-07-16T07:44:52+00:00\",\"author\":{\"@id\":\"https:\\\/\\\/montecarloliving.com\\\/fr\\\/#\\\/schema\\\/person\\\/7e5945d4560862b7f2d2c6831bda2819\"},\"description\":\"En cette \\\"Ann\u00e9e B\u00e9atrice\\\", la Villa Ephrussi de Rothschild, joyau de la C\u00f4te d'Azur, est heureuse d'ouvrir ses portes - et ses jardins ! - les lundis et\",\"breadcrumb\":{\"@id\":\"https:\\\/\\\/montecarloliving.com\\\/fr\\\/nice-fr\\\/villa-et-jardins-ephrussi-de-rothschild-les-nocturnes-2024-12800\\\/#breadcrumb\"},\"inLanguage\":\"fr-FR\",\"potentialAction\":[{\"@type\":\"ReadAction\",\"target\":[\"https:\\\/\\\/montecarloliving.com\\\/fr\\\/nice-fr\\\/villa-et-jardins-ephrussi-de-rothschild-les-nocturnes-2024-12800\\\/\"]}]},{\"@type\":\"ImageObject\",\"inLanguage\":\"fr-FR\",\"@id\":\"https:\\\/\\\/montecarloliving.com\\\/fr\\\/nice-fr\\\/villa-et-jardins-ephrussi-de-rothschild-les-nocturnes-2024-12800\\\/#primaryimage\",\"url\":\"https:\\\/\\\/montecarloliving.com\\\/wp-content\\\/uploads\\\/2024\\\/07\\\/Villa-Ephrussi-de-Rothschild.jpg\",\"contentUrl\":\"https:\\\/\\\/montecarloliving.com\\\/wp-content\\\/uploads\\\/2024\\\/07\\\/Villa-Ephrussi-de-Rothschild.jpg\",\"width\":1621,\"height\":1080},{\"@type\":\"BreadcrumbList\",\"@id\":\"https:\\\/\\\/montecarloliving.com\\\/fr\\\/nice-fr\\\/villa-et-jardins-ephrussi-de-rothschild-les-nocturnes-2024-12800\\\/#breadcrumb\",\"itemListElement\":[{\"@type\":\"ListItem\",\"position\":1,\"name\":\"Home\",\"item\":\"https:\\\/\\\/montecarloliving.com\\\/fr\\\/\"},{\"@type\":\"ListItem\",\"position\":2,\"name\":\"Villa et Jardins Ephrussi de Rothschild &#8211; Les Nocturnes 2024\"}]},{\"@type\":\"WebSite\",\"@id\":\"https:\\\/\\\/montecarloliving.com\\\/fr\\\/#website\",\"url\":\"https:\\\/\\\/montecarloliving.com\\\/fr\\\/\",\"name\":\"Montecarlo Living\",\"description\":\"News da Montecarlo - Principato di Monaco e Costa Azzurra\",\"potentialAction\":[{\"@type\":\"SearchAction\",\"target\":{\"@type\":\"EntryPoint\",\"urlTemplate\":\"https:\\\/\\\/montecarloliving.com\\\/fr\\\/?s={search_term_string}\"},\"query-input\":{\"@type\":\"PropertyValueSpecification\",\"valueRequired\":true,\"valueName\":\"search_term_string\"}}],\"inLanguage\":\"fr-FR\"},{\"@type\":\"Person\",\"@id\":\"https:\\\/\\\/montecarloliving.com\\\/fr\\\/#\\\/schema\\\/person\\\/7e5945d4560862b7f2d2c6831bda2819\",\"name\":\"Redazione\",\"image\":{\"@type\":\"ImageObject\",\"inLanguage\":\"fr-FR\",\"@id\":\"https:\\\/\\\/secure.gravatar.com\\\/avatar\\\/8b5f26557e18fe74ad8e8a57ebb2925d88af8a90cee489ff2beefb391bc9b9c7?s=96&d=mm&r=g\",\"url\":\"https:\\\/\\\/secure.gravatar.com\\\/avatar\\\/8b5f26557e18fe74ad8e8a57ebb2925d88af8a90cee489ff2beefb391bc9b9c7?s=96&d=mm&r=g\",\"contentUrl\":\"https:\\\/\\\/secure.gravatar.com\\\/avatar\\\/8b5f26557e18fe74ad8e8a57ebb2925d88af8a90cee489ff2beefb391bc9b9c7?s=96&d=mm&r=g\",\"caption\":\"Redazione\"}}]}<\/script>\n<!-- \/ Yoast SEO plugin. -->","yoast_head_json":{"title":"Villa et Jardins Ephrussi de Rothschild - Les Nocturnes 2024","description":"En cette \"Ann\u00e9e B\u00e9atrice\", la Villa Ephrussi de Rothschild, joyau de la C\u00f4te d'Azur, est heureuse d'ouvrir ses portes - et ses jardins ! - les lundis et","robots":{"index":"index","follow":"follow","max-snippet":"max-snippet:-1","max-image-preview":"max-image-preview:large","max-video-preview":"max-video-preview:-1"},"canonical":"https:\/\/montecarloliving.com\/fr\/nice-fr\/villa-et-jardins-ephrussi-de-rothschild-les-nocturnes-2024-12800\/","og_locale":"fr_FR","og_title":"Villa et Jardins Ephrussi de Rothschild - Les Nocturnes 2024","og_description":"En cette \"Ann\u00e9e B\u00e9atrice\", la Villa Ephrussi de Rothschild, joyau de la C\u00f4te d'Azur, est heureuse d'ouvrir ses portes - et ses jardins ! - les lundis et","og_url":"https:\/\/montecarloliving.com\/fr\/nice-fr\/villa-et-jardins-ephrussi-de-rothschild-les-nocturnes-2024-12800\/","og_site_name":"Montecarlo Living","article_publisher":"https:\/\/www.facebook.com\/montecarlolivingcom\/","article_published_time":"2024-07-16T07:43:03+00:00","article_modified_time":"2024-07-16T07:44:52+00:00","og_image":[{"width":650,"height":400,"url":"https:\/\/montecarloliving.com\/wp-content\/uploads\/2024\/07\/Villa-Ephrussi-de-Rothschild-650x400.jpg","type":"image\/jpeg"}],"author":"Redazione","twitter_card":"summary_large_image","twitter_creator":"@MonteCarloLivi","twitter_site":"@MonteCarloLivi","twitter_misc":{"\u00c9crit par":"Redazione","Dur\u00e9e de lecture estim\u00e9e":"4 minutes"},"schema":{"@context":"https:\/\/schema.org","@graph":[{"@type":"Article","@id":"https:\/\/montecarloliving.com\/fr\/nice-fr\/villa-et-jardins-ephrussi-de-rothschild-les-nocturnes-2024-12800\/#article","isPartOf":{"@id":"https:\/\/montecarloliving.com\/fr\/nice-fr\/villa-et-jardins-ephrussi-de-rothschild-les-nocturnes-2024-12800\/"},"author":{"name":"Redazione","@id":"https:\/\/montecarloliving.com\/fr\/#\/schema\/person\/7e5945d4560862b7f2d2c6831bda2819"},"headline":"Villa et Jardins Ephrussi de Rothschild &#8211; Les Nocturnes 2024","datePublished":"2024-07-16T07:43:03+00:00","dateModified":"2024-07-16T07:44:52+00:00","mainEntityOfPage":{"@id":"https:\/\/montecarloliving.com\/fr\/nice-fr\/villa-et-jardins-ephrussi-de-rothschild-les-nocturnes-2024-12800\/"},"wordCount":639,"image":{"@id":"https:\/\/montecarloliving.com\/fr\/nice-fr\/villa-et-jardins-ephrussi-de-rothschild-les-nocturnes-2024-12800\/#primaryimage"},"thumbnailUrl":"https:\/\/montecarloliving.com\/wp-content\/uploads\/2024\/07\/Villa-Ephrussi-de-Rothschild.jpg","articleSection":["\u00c9v\u00e9nements","Nice"],"inLanguage":"fr-FR"},{"@type":"WebPage","@id":"https:\/\/montecarloliving.com\/fr\/nice-fr\/villa-et-jardins-ephrussi-de-rothschild-les-nocturnes-2024-12800\/","url":"https:\/\/montecarloliving.com\/fr\/nice-fr\/villa-et-jardins-ephrussi-de-rothschild-les-nocturnes-2024-12800\/","name":"Villa et Jardins Ephrussi de Rothschild - Les Nocturnes 2024","isPartOf":{"@id":"https:\/\/montecarloliving.com\/fr\/#website"},"primaryImageOfPage":{"@id":"https:\/\/montecarloliving.com\/fr\/nice-fr\/villa-et-jardins-ephrussi-de-rothschild-les-nocturnes-2024-12800\/#primaryimage"},"image":{"@id":"https:\/\/montecarloliving.com\/fr\/nice-fr\/villa-et-jardins-ephrussi-de-rothschild-les-nocturnes-2024-12800\/#primaryimage"},"thumbnailUrl":"https:\/\/montecarloliving.com\/wp-content\/uploads\/2024\/07\/Villa-Ephrussi-de-Rothschild.jpg","datePublished":"2024-07-16T07:43:03+00:00","dateModified":"2024-07-16T07:44:52+00:00","author":{"@id":"https:\/\/montecarloliving.com\/fr\/#\/schema\/person\/7e5945d4560862b7f2d2c6831bda2819"},"description":"En cette \"Ann\u00e9e B\u00e9atrice\", la Villa Ephrussi de Rothschild, joyau de la C\u00f4te d'Azur, est heureuse d'ouvrir ses portes - et ses jardins ! - les lundis et","breadcrumb":{"@id":"https:\/\/montecarloliving.com\/fr\/nice-fr\/villa-et-jardins-ephrussi-de-rothschild-les-nocturnes-2024-12800\/#breadcrumb"},"inLanguage":"fr-FR","potentialAction":[{"@type":"ReadAction","target":["https:\/\/montecarloliving.com\/fr\/nice-fr\/villa-et-jardins-ephrussi-de-rothschild-les-nocturnes-2024-12800\/"]}]},{"@type":"ImageObject","inLanguage":"fr-FR","@id":"https:\/\/montecarloliving.com\/fr\/nice-fr\/villa-et-jardins-ephrussi-de-rothschild-les-nocturnes-2024-12800\/#primaryimage","url":"https:\/\/montecarloliving.com\/wp-content\/uploads\/2024\/07\/Villa-Ephrussi-de-Rothschild.jpg","contentUrl":"https:\/\/montecarloliving.com\/wp-content\/uploads\/2024\/07\/Villa-Ephrussi-de-Rothschild.jpg","width":1621,"height":1080},{"@type":"BreadcrumbList","@id":"https:\/\/montecarloliving.com\/fr\/nice-fr\/villa-et-jardins-ephrussi-de-rothschild-les-nocturnes-2024-12800\/#breadcrumb","itemListElement":[{"@type":"ListItem","position":1,"name":"Home","item":"https:\/\/montecarloliving.com\/fr\/"},{"@type":"ListItem","position":2,"name":"Villa et Jardins Ephrussi de Rothschild &#8211; Les Nocturnes 2024"}]},{"@type":"WebSite","@id":"https:\/\/montecarloliving.com\/fr\/#website","url":"https:\/\/montecarloliving.com\/fr\/","name":"Montecarlo Living","description":"News da Montecarlo - Principato di Monaco e Costa Azzurra","potentialAction":[{"@type":"SearchAction","target":{"@type":"EntryPoint","urlTemplate":"https:\/\/montecarloliving.com\/fr\/?s={search_term_string}"},"query-input":{"@type":"PropertyValueSpecification","valueRequired":true,"valueName":"search_term_string"}}],"inLanguage":"fr-FR"},{"@type":"Person","@id":"https:\/\/montecarloliving.com\/fr\/#\/schema\/person\/7e5945d4560862b7f2d2c6831bda2819","name":"Redazione","image":{"@type":"ImageObject","inLanguage":"fr-FR","@id":"https:\/\/secure.gravatar.com\/avatar\/8b5f26557e18fe74ad8e8a57ebb2925d88af8a90cee489ff2beefb391bc9b9c7?s=96&d=mm&r=g","url":"https:\/\/secure.gravatar.com\/avatar\/8b5f26557e18fe74ad8e8a57ebb2925d88af8a90cee489ff2beefb391bc9b9c7?s=96&d=mm&r=g","contentUrl":"https:\/\/secure.gravatar.com\/avatar\/8b5f26557e18fe74ad8e8a57ebb2925d88af8a90cee489ff2beefb391bc9b9c7?s=96&d=mm&r=g","caption":"Redazione"}}]}},"_links":{"self":[{"href":"https:\/\/montecarloliving.com\/fr\/wp-json\/wp\/v2\/posts\/12800","targetHints":{"allow":["GET"]}}],"collection":[{"href":"https:\/\/montecarloliving.com\/fr\/wp-json\/wp\/v2\/posts"}],"about":[{"href":"https:\/\/montecarloliving.com\/fr\/wp-json\/wp\/v2\/types\/post"}],"author":[{"embeddable":true,"href":"https:\/\/montecarloliving.com\/fr\/wp-json\/wp\/v2\/users\/1"}],"replies":[{"embeddable":true,"href":"https:\/\/montecarloliving.com\/fr\/wp-json\/wp\/v2\/comments?post=12800"}],"version-history":[{"count":1,"href":"https:\/\/montecarloliving.com\/fr\/wp-json\/wp\/v2\/posts\/12800\/revisions"}],"predecessor-version":[{"id":12806,"href":"https:\/\/montecarloliving.com\/fr\/wp-json\/wp\/v2\/posts\/12800\/revisions\/12806"}],"wp:featuredmedia":[{"embeddable":true,"href":"https:\/\/montecarloliving.com\/fr\/wp-json\/wp\/v2\/media\/12808"}],"wp:attachment":[{"href":"https:\/\/montecarloliving.com\/fr\/wp-json\/wp\/v2\/media?parent=12800"}],"wp:term":[{"taxonomy":"category","embeddable":true,"href":"https:\/\/montecarloliving.com\/fr\/wp-json\/wp\/v2\/categories?post=12800"},{"taxonomy":"post_tag","embeddable":true,"href":"https:\/\/montecarloliving.com\/fr\/wp-json\/wp\/v2\/tags?post=12800"}],"curies":[{"name":"wp","href":"https:\/\/api.w.org\/{rel}","templated":true}]}}