{"id":12592,"date":"2024-07-05T10:00:04","date_gmt":"2024-07-05T08:00:04","guid":{"rendered":"https:\/\/montecarloliving.com\/?p=12592"},"modified":"2024-07-05T09:00:19","modified_gmt":"2024-07-05T07:00:19","slug":"les-grands-evenements-du-weekend-des-6-et-7-juillet-2024-sur-cote-dazur","status":"publish","type":"post","link":"https:\/\/montecarloliving.com\/fr\/evenements\/les-grands-evenements-du-weekend-des-6-et-7-juillet-2024-sur-cote-dazur-12592\/","title":{"rendered":"Ev\u00e9nements du weekend des 6 et 7 juillet 2024 sur la C\u00f4te d&rsquo;Azur"},"content":{"rendered":"<h5>D\u00e9couvrez les \u00e9v\u00e9nements du weekend sur la C\u00f4te d&rsquo;Azur<\/h5>\n<hr \/>\n<h3>\u00c0 Monte-Carlo<\/h3>\n<hr \/>\n<h4>Exposition &#8211; \u00ab\u00a06\u00e8me Monaco Art Week\u00a0\u00bb<\/h4>\n<p>Du mardi 2 au dimanche 7 juillet 2024, Principaut\u00e9 de Monaco Sous le Haut Patronage de S.A.S. le Prince Albert II de Monaco, la Monaco Art Week c\u00e9l\u00e8bre sa sixi\u00e8me \u00e9dition. Galeries, maisons de vente et amateurs d&rsquo;art se r\u00e9unissent pour offrir une s\u00e9rie d&rsquo;expositions dans toute la Principaut\u00e9, anim\u00e9es par des \u00e9v\u00e9nements, des rencontres avec des artistes et des conf\u00e9rences. Sculpture, peinture, joaillerie d&rsquo;art et autres formes de cr\u00e9ation seront toutes expos\u00e9es. Explorez une sc\u00e8ne culturelle dynamique et diversifi\u00e9e et plongez-vous dans divers p\u00e9riodes artistiques lors de cette semaine de l&rsquo;art mon\u00e9gasque.<\/p>\n<p><a href=\"https:\/\/www.monaco-artweek.com\/\" target=\"_new\" rel=\"noreferrer noopener\">https:\/\/www.monaco-artweek.com\/<\/a><\/p>\n<hr \/>\n<h4>\u00c9v\u00e9nement &#8211; \u00ab\u00a011\u00e8me Monaco Energy Boat Challenge\u00a0\u00bb<\/h4>\n<p>Du lundi 1er au samedi 6 juillet 2024, Baie de Monaco Contribuer \u00e0 imaginer la navigation de plaisance du futur est l&rsquo;une des priorit\u00e9s du Y.C.M., qui poursuit cette ambition \u00e0 travers le Monaco Energy Boat Challenge, le rendez-vous des nouvelles technologies et des \u00e9nergies alternatives. Depuis plus de 10 ans, cet \u00e9v\u00e9nement r\u00e9unit de jeunes ing\u00e9nieurs provenant d&rsquo;\u00e9coles et d&rsquo;universit\u00e9s du monde entier, les mettant en contact avec les acteurs du secteur nautique.<\/p>\n<p><a href=\"https:\/\/energyboatchallenge.com\/\" target=\"_new\" rel=\"noreferrer noopener\">https:\/\/energyboatchallenge.com\/<\/a><\/p>\n<hr \/>\n<h3>\u00c0 Nice<\/h3>\n<hr \/>\n<h4>CONCERT \u2013 TRAVIS SCOTT \u00c0 NICE<\/h4>\n<p>Samedi 6 juillet 2024<\/p>\n<p>L&rsquo;artiste certifi\u00e9 diamant et huit fois nomm\u00e9 aux Grammy\u00ae Awards, Travis Scott, a annonc\u00e9 l&rsquo;extension de sa tourn\u00e9e mondiale Utopia &#8211; Circus Maximus.<\/p>\n<p><a href=\"https:\/\/www.allianz-riviera.fr\/fr\/billetterie#category=1\" target=\"_new\" rel=\"noreferrer noopener\">https:\/\/www.allianz-riviera.fr\/fr\/billetterie#category=1<\/a><\/p>\n<hr \/>\n<h4>L\u2019\u00c9TAPE DU TOUR DE FRANCE 2024<\/h4>\n<p>Samedi 6 juillet 2024<\/p>\n<p>La 32\u00e8me \u00e9dition de L&rsquo;\u00c9tape du Tour de France se tiendra le 6 juillet 2024 sur le parcours de la 20\u00e8me \u00e9tape du Tour de France, entre Nice et le Col de la Couillole&#8230;<\/p>\n<p>Il s&rsquo;agit de 138 km de route avec plus de 4 600 m\u00e8tres de d\u00e9nivel\u00e9, incluant les ascensions des cols de Braus, Turini, Colmiane et Couillole.<\/p>\n<p><a href=\"https:\/\/www.letapedutourdefrance.com\/fr\/la-course\/parcours\" target=\"_new\" rel=\"noreferrer noopener\">https:\/\/www.letapedutourdefrance.com\/fr\/la-course\/parcours<\/a><\/p>\n<hr \/>\n<h3>\u00c0 Menton<\/h3>\n<hr \/>\n<h4>Biblioth\u00e8que \u00e0 la plage<\/h4>\n<p>Tout l&rsquo;\u00e9t\u00e9, vous pourrez trouver vos livres pr\u00e9f\u00e9r\u00e9s sur la plage de Fossan (en face du Mus\u00e9e Jean Cocteau, collection S\u00e9verin Wunderman) gr\u00e2ce \u00e0 la \u00ab\u00a0biblioth\u00e8que sur la plage\u00a0\u00bb. Livres pour grands et petits, romans, bandes dessin\u00e9es, documentaires, mangas&#8230; \u00e0 lire sur les transats, sur la serviette ou \u00e0 emporter chez vous. Id\u00e9al pour se d\u00e9tendre, se mettre \u00e0 jour sur les derni\u00e8res nouveaut\u00e9s litt\u00e9raires et d\u00e9couvrir les attractions touristiques de notre belle r\u00e9gion.<\/p>\n<p><a href=\"https:\/\/bibliotheque-menton.fr\/\" target=\"_new\" rel=\"noreferrer noopener\">https:\/\/bibliotheque-menton.fr\/<\/a><\/p>\n<hr \/>\n<h4>Inauguration de l&rsquo;exposition \u00ab\u00a0Alchimie\u00a0\u00bb de Mich\u00e8le TORRELLI<\/h4>\n<p>L&rsquo;alchimie est une transformation de la r\u00e9alit\u00e9 en une fiction po\u00e9tique et miraculeuse. Les couleurs jouent un r\u00f4le central dans la perception de ce qui nous entoure, influen\u00e7ant nos \u00e9motions, nos humeurs et m\u00eame nos d\u00e9cisions. La chimie cr\u00e9e sa propre couleur, sur la palette du peintre. En exposition jusqu&rsquo;au 30 juillet 2024.<\/p>\n<p><a href=\"https:\/\/bibliotheque-menton.fr\/\" target=\"_new\" rel=\"noreferrer noopener\">https:\/\/bibliotheque-menton.fr\/<\/a><\/p>\n<hr \/>\n<h3>\u00c0 Cannes<\/h3>\n<hr \/>\n<h4>Gare Croisette<\/h4>\n<p>Cette ann\u00e9e encore, Gare Croisette occupe la Gare Maritime de Cannes du mardi au dimanche pour tout l&rsquo;\u00e9t\u00e9. Avec plus de 250 m\u00b2 d&rsquo;espace int\u00e9rieur et une magnifique terrasse donnant sur le vieux port de Cannes, Gare Croisette deviendra bient\u00f4t le lieu de rencontre incontournable de la saison estivale sur la C\u00f4te d&rsquo;Azur.<\/p>\n<p>Ce lieu culturel hybride offrira un menu de cocktails et plats sp\u00e9cialement cr\u00e9\u00e9s par l&rsquo;\u00e9quipe de Hive, ainsi qu&rsquo;une programmation riche et vari\u00e9e incluant culture, art, musique, jeux et \u00e9v\u00e9nements B to B. La combinaison parfaite pour satisfaire tous les go\u00fbts !<\/p>\n<p>Gare Croisette sera LE lieu id\u00e9al pour faire la f\u00eate, se d\u00e9tendre, \u00e9couter de la musique, d\u00e9couvrir de nouveaux talents ou simplement partager un verre avec des amis.<\/p>\n<p><a href=\"https:\/\/www.garecroisette.com\/\" target=\"_new\" rel=\"noreferrer noopener\">https:\/\/www.garecroisette.com\/<\/a><\/p>\n<hr \/>\n<h4>Le Bal des Fous<\/h4>\n<p>Le Bal des fous se d\u00e9roule en juillet et ao\u00fbt et c&rsquo;est le festival de la folie o\u00f9 l&rsquo;excentricit\u00e9 est \u00e0 l&rsquo;ordre du jour \u00e0 Cannes. Huit soir\u00e9es sont organis\u00e9es sur les th\u00e8mes les plus vari\u00e9s de la folie.<\/p>\n<p>Horaires : Le 7 juillet 2024 \u00e0 16:00.<\/p>\n<p><a href=\"https:\/\/www.lebaldesfous.com\/\" target=\"_new\" rel=\"noreferrer noopener\">https:\/\/www.lebaldesfous.com\/<\/a><\/p>\n<hr \/>\n<h3>\u00c0 Antibes<\/h3>\n<hr \/>\n<h4>Joan Mir\u00f3. Chefs-d&rsquo;\u0153uvre de la collection Nahmad<\/h4>\n<p>Du 30 juin au 27 septembre<\/p>\n<p>Le Mus\u00e9e Picasso propose une exp\u00e9rience in\u00e9dite : pr\u00e9senter douze \u0153uvres magistrales de Joan Mir\u00f3, provenant de l&rsquo;une des plus importantes collections priv\u00e9es au monde, la collection Nahmad. Mir\u00f3 est ici chez lui, comme un invit\u00e9 dans la maison de son ami. Car l&rsquo;amiti\u00e9 qui, d\u00e8s leur premi\u00e8re rencontre \u00e0 Paris en 1920, a li\u00e9 les deux artistes pour toute la vie, a \u00e9galement \u00e9t\u00e9 un ferment de leur passion cr\u00e9ative. Les salles accueillent une seule \u0153uvre, parfois deux. Contrairement \u00e0 l&rsquo;exposition traditionnelle qui r\u00e9unit et associe, il ne s&rsquo;agit plus d&rsquo;accumulation, mais de concentration et de r\u00e9ception de l&rsquo;objet dans sa singularit\u00e9 pour la contemplation et l&rsquo;interpr\u00e9tation.<\/p>\n<p>\u00c0 noter : Du 4 au 29 juin 2024 Installation de l&rsquo;exposition estivale et fermeture du premier \u00e9tage. Entr\u00e9e \u00e0 tarif r\u00e9duit avec acc\u00e8s au deuxi\u00e8me \u00e9tage, au rez-de-chauss\u00e9e et \u00e0 la terrasse.<\/p>\n<p>INFO : +33 (0)4 92 90 54 20<\/p>\n<hr \/>\n<h4>Le plateau de la Garoupe en f\u00eate !<\/h4>\n<p>Musique, d\u00e9gustations, art&#8230; Retrouvez une ambiance de village, un peu \u00e0 l&rsquo;ancienne et si chaleureuse sur le plateau de la GaroupeLa Guinguette de la Garoupe d\u00e8s 18:00 : 8 mai, 10 juin, 8 et 22 juillet (dans le cadre des Nuits de la Garoupe), 12 et 26 ao\u00fbt (Nuit de la Garoupe) et 9 juin. Expo d&rsquo;Art Contemporain : Le 15 juin de 11 \u00e0 22 heures et le 16 juin de 10 \u00e0 17 heures.<\/p>\n<p>Du 08 mai 2024 au 09 septembre 2024.<\/p>\n<hr \/>\n<h3>AUTRES \u00c9V\u00c9NEMENTS<\/h3>\n<hr \/>\n<h4>CONCERT FESTIVAL INTERNATIONAL DES ORCHESTRES DES JEUNES EN PROVENCE<\/h4>\n<p>Dimanche 7 juillet 2024 \u00e0 19 heures<\/p>\n<p>Musique classique, populaire et traditionnelle du Br\u00e9sil, par \u00ab\u00a0Orquestra Jovem Das Gerais\u00a0\u00bb<\/p>\n<p><a href=\"https:\/\/www.provencalfestival.com\/festival-programme\" target=\"_new\" rel=\"noreferrer noopener\">https:\/\/www.provencalfestival.com\/festival-programme<\/a><\/p>\n<hr \/>\n<h4>ISOLA DU JAZZ FESTIVAL<\/h4>\n<p>Du samedi 6 au lundi 8 juillet 2024<\/p>\n<p>2\u00e8me festival de musique \u00e9co-responsable<\/p>\n<p><a href=\"https:\/\/www.festival-lisoladujazz.fr\/\" target=\"_new\" rel=\"noreferrer noopener\">https:\/\/www.festival-lisoladujazz.fr\/<\/a><\/p>\n<hr \/>\n<h4>FESTIVAL LES NUITS DU SUD<\/h4>\n<p>Du 04\/07 au 13\/07\/2024, chaque jour.<\/p>\n<p>Un festival de renomm\u00e9e internationale, un lieu unique, une programmation \u00e9clectique et de haute qualit\u00e9.<\/p>\n<p>04\/07 La Dame Blanche \u2013 Caravan Palace 05\/07 Talents \u2013 Rapha\u00ebl \u2013 Fatoumata Diawara 06\/07 Warm Up Judah Roger Dj set \u2013 Talents \u2013 Hollie Cook- Julian Marley 11\/07 Luiza \u2013 Christophe Ma\u00e9 12\/07 Talents \u2013 Joao Selva \u2013 Rodrigo y Gabriela 13\/07 Synapson \u2013 Cerrone (Live) Pour assurer les d\u00e9buts de soir\u00e9e et entre chaque concert, une \u00e9chapp\u00e9e belle dans la jungle du Grand jardin de 19h30 \u00e0 20h30 \u2013 et lors des changements de plateau avec un dj set d\u2019artistes locaux pour un live bouillant !<\/p>\n<p><a href=\"https:\/\/www.nuitsdusud.com\/\" target=\"_new\" rel=\"noreferrer noopener\">https:\/\/www.nuitsdusud.com\/<\/a><\/p>\n<hr \/>\n<p><a href=\"https:\/\/www.instagram.com\/monte_carlo_living\/\">Visitez notre page Instagram<\/a><\/p>\n<p><a href=\"https:\/\/montecarloliving.com\/fr\/\">Lisez d&rsquo;autres articles<\/a><\/p>\n","protected":false},"excerpt":{"rendered":"<p>D\u00e9couvrez les \u00e9v\u00e9nements du weekend sur la C\u00f4te d&rsquo;Azur \u00c0 Monte-Carlo Exposition &#8211; \u00ab\u00a06\u00e8me Monaco Art Week\u00a0\u00bb Du mardi 2 au dimanche 7 juillet 2024, Principaut\u00e9 de Monaco Sous le Haut Patronage de S.A.S. le Prince Albert II de Monaco, la Monaco Art Week [&hellip;]<\/p>\n","protected":false},"author":1,"featured_media":12350,"comment_status":"closed","ping_status":"closed","sticky":false,"template":"","format":"standard","meta":{"footnotes":""},"categories":[827,828],"tags":[],"class_list":["post-12592","post","type-post","status-publish","format-standard","has-post-thumbnail","hentry","category-actualite","category-evenements"],"yoast_head":"<!-- This site is optimized with the Yoast SEO plugin v27.4 - https:\/\/yoast.com\/product\/yoast-seo-wordpress\/ -->\n<title>Ev\u00e9nements du weekend des 6 et 7 juillet 2024 sur la C\u00f4te d&#039;Azur<\/title>\n<meta name=\"description\" content=\"D\u00e9couvrez les \u00e9v\u00e9nements du weekend sur la C\u00f4te d&#039;Azur\u00c0 Monte-CarloExposition - &quot;6\u00e8me Monaco Art Week&quot;Du mardi 2 au dimanche 7 juillet 20...\" \/>\n<meta name=\"robots\" content=\"index, follow, max-snippet:-1, max-image-preview:large, max-video-preview:-1\" \/>\n<link rel=\"canonical\" href=\"https:\/\/montecarloliving.com\/fr\/evenements\/les-grands-evenements-du-weekend-des-6-et-7-juillet-2024-sur-cote-dazur-12592\/\" \/>\n<meta property=\"og:locale\" content=\"fr_FR\" \/>\n<meta property=\"og:title\" content=\"Ev\u00e9nements du weekend des 6 et 7 juillet 2024 sur la C\u00f4te d&#039;Azur\" \/>\n<meta property=\"og:description\" content=\"D\u00e9couvrez les \u00e9v\u00e9nements du weekend sur la C\u00f4te d&#039;Azur\u00c0 Monte-CarloExposition - &quot;6\u00e8me Monaco Art Week&quot;Du mardi 2 au dimanche 7 juillet 20...\" \/>\n<meta property=\"og:url\" content=\"https:\/\/montecarloliving.com\/fr\/evenements\/les-grands-evenements-du-weekend-des-6-et-7-juillet-2024-sur-cote-dazur-12592\/\" \/>\n<meta property=\"og:site_name\" content=\"Montecarlo Living\" \/>\n<meta property=\"article:publisher\" content=\"https:\/\/www.facebook.com\/montecarlolivingcom\/\" \/>\n<meta property=\"article:published_time\" content=\"2024-07-05T08:00:04+00:00\" \/>\n<meta property=\"og:image\" content=\"https:\/\/montecarloliving.com\/wp-content\/uploads\/2024\/06\/8-650x400.png\" \/>\n\t<meta property=\"og:image:width\" content=\"650\" \/>\n\t<meta property=\"og:image:height\" content=\"400\" \/>\n\t<meta property=\"og:image:type\" content=\"image\/png\" \/>\n<meta name=\"author\" content=\"Redazione\" \/>\n<meta name=\"twitter:card\" content=\"summary_large_image\" \/>\n<meta name=\"twitter:creator\" content=\"@MonteCarloLivi\" \/>\n<meta name=\"twitter:site\" content=\"@MonteCarloLivi\" \/>\n<meta name=\"twitter:label1\" content=\"\u00c9crit par\" \/>\n\t<meta name=\"twitter:data1\" content=\"Redazione\" \/>\n\t<meta name=\"twitter:label2\" content=\"Dur\u00e9e de lecture estim\u00e9e\" \/>\n\t<meta name=\"twitter:data2\" content=\"6 minutes\" \/>\n<script type=\"application\/ld+json\" class=\"yoast-schema-graph\">{\"@context\":\"https:\\\/\\\/schema.org\",\"@graph\":[{\"@type\":\"Article\",\"@id\":\"https:\\\/\\\/montecarloliving.com\\\/fr\\\/evenements\\\/les-grands-evenements-du-weekend-des-6-et-7-juillet-2024-sur-cote-dazur-12592\\\/#article\",\"isPartOf\":{\"@id\":\"https:\\\/\\\/montecarloliving.com\\\/fr\\\/evenements\\\/les-grands-evenements-du-weekend-des-6-et-7-juillet-2024-sur-cote-dazur-12592\\\/\"},\"author\":{\"name\":\"Redazione\",\"@id\":\"https:\\\/\\\/montecarloliving.com\\\/fr\\\/#\\\/schema\\\/person\\\/7e5945d4560862b7f2d2c6831bda2819\"},\"headline\":\"Ev\u00e9nements du weekend des 6 et 7 juillet 2024 sur la C\u00f4te d&rsquo;Azur\",\"datePublished\":\"2024-07-05T08:00:04+00:00\",\"mainEntityOfPage\":{\"@id\":\"https:\\\/\\\/montecarloliving.com\\\/fr\\\/evenements\\\/les-grands-evenements-du-weekend-des-6-et-7-juillet-2024-sur-cote-dazur-12592\\\/\"},\"wordCount\":1125,\"image\":{\"@id\":\"https:\\\/\\\/montecarloliving.com\\\/fr\\\/evenements\\\/les-grands-evenements-du-weekend-des-6-et-7-juillet-2024-sur-cote-dazur-12592\\\/#primaryimage\"},\"thumbnailUrl\":\"https:\\\/\\\/montecarloliving.com\\\/wp-content\\\/uploads\\\/2024\\\/06\\\/8.png\",\"articleSection\":[\"Actualit\u00e9\",\"\u00c9v\u00e9nements\"],\"inLanguage\":\"fr-FR\"},{\"@type\":\"WebPage\",\"@id\":\"https:\\\/\\\/montecarloliving.com\\\/fr\\\/evenements\\\/les-grands-evenements-du-weekend-des-6-et-7-juillet-2024-sur-cote-dazur-12592\\\/\",\"url\":\"https:\\\/\\\/montecarloliving.com\\\/fr\\\/evenements\\\/les-grands-evenements-du-weekend-des-6-et-7-juillet-2024-sur-cote-dazur-12592\\\/\",\"name\":\"Ev\u00e9nements du weekend des 6 et 7 juillet 2024 sur la C\u00f4te d'Azur\",\"isPartOf\":{\"@id\":\"https:\\\/\\\/montecarloliving.com\\\/fr\\\/#website\"},\"primaryImageOfPage\":{\"@id\":\"https:\\\/\\\/montecarloliving.com\\\/fr\\\/evenements\\\/les-grands-evenements-du-weekend-des-6-et-7-juillet-2024-sur-cote-dazur-12592\\\/#primaryimage\"},\"image\":{\"@id\":\"https:\\\/\\\/montecarloliving.com\\\/fr\\\/evenements\\\/les-grands-evenements-du-weekend-des-6-et-7-juillet-2024-sur-cote-dazur-12592\\\/#primaryimage\"},\"thumbnailUrl\":\"https:\\\/\\\/montecarloliving.com\\\/wp-content\\\/uploads\\\/2024\\\/06\\\/8.png\",\"datePublished\":\"2024-07-05T08:00:04+00:00\",\"author\":{\"@id\":\"https:\\\/\\\/montecarloliving.com\\\/fr\\\/#\\\/schema\\\/person\\\/7e5945d4560862b7f2d2c6831bda2819\"},\"description\":\"D\u00e9couvrez les \u00e9v\u00e9nements du weekend sur la C\u00f4te d'Azur\u00c0 Monte-CarloExposition - \\\"6\u00e8me Monaco Art Week\\\"Du mardi 2 au dimanche 7 juillet 20...\",\"breadcrumb\":{\"@id\":\"https:\\\/\\\/montecarloliving.com\\\/fr\\\/evenements\\\/les-grands-evenements-du-weekend-des-6-et-7-juillet-2024-sur-cote-dazur-12592\\\/#breadcrumb\"},\"inLanguage\":\"fr-FR\",\"potentialAction\":[{\"@type\":\"ReadAction\",\"target\":[\"https:\\\/\\\/montecarloliving.com\\\/fr\\\/evenements\\\/les-grands-evenements-du-weekend-des-6-et-7-juillet-2024-sur-cote-dazur-12592\\\/\"]}]},{\"@type\":\"ImageObject\",\"inLanguage\":\"fr-FR\",\"@id\":\"https:\\\/\\\/montecarloliving.com\\\/fr\\\/evenements\\\/les-grands-evenements-du-weekend-des-6-et-7-juillet-2024-sur-cote-dazur-12592\\\/#primaryimage\",\"url\":\"https:\\\/\\\/montecarloliving.com\\\/wp-content\\\/uploads\\\/2024\\\/06\\\/8.png\",\"contentUrl\":\"https:\\\/\\\/montecarloliving.com\\\/wp-content\\\/uploads\\\/2024\\\/06\\\/8.png\",\"width\":2000,\"height\":1200,\"caption\":\"\u00c9v\u00e9nements weekend C\u00f4te d'Azur\"},{\"@type\":\"BreadcrumbList\",\"@id\":\"https:\\\/\\\/montecarloliving.com\\\/fr\\\/evenements\\\/les-grands-evenements-du-weekend-des-6-et-7-juillet-2024-sur-cote-dazur-12592\\\/#breadcrumb\",\"itemListElement\":[{\"@type\":\"ListItem\",\"position\":1,\"name\":\"Home\",\"item\":\"https:\\\/\\\/montecarloliving.com\\\/fr\\\/\"},{\"@type\":\"ListItem\",\"position\":2,\"name\":\"Ev\u00e9nements du weekend des 6 et 7 juillet 2024 sur la C\u00f4te d&#8217;Azur\"}]},{\"@type\":\"WebSite\",\"@id\":\"https:\\\/\\\/montecarloliving.com\\\/fr\\\/#website\",\"url\":\"https:\\\/\\\/montecarloliving.com\\\/fr\\\/\",\"name\":\"Montecarlo Living\",\"description\":\"News da Montecarlo - Principato di Monaco e Costa Azzurra\",\"potentialAction\":[{\"@type\":\"SearchAction\",\"target\":{\"@type\":\"EntryPoint\",\"urlTemplate\":\"https:\\\/\\\/montecarloliving.com\\\/fr\\\/?s={search_term_string}\"},\"query-input\":{\"@type\":\"PropertyValueSpecification\",\"valueRequired\":true,\"valueName\":\"search_term_string\"}}],\"inLanguage\":\"fr-FR\"},{\"@type\":\"Person\",\"@id\":\"https:\\\/\\\/montecarloliving.com\\\/fr\\\/#\\\/schema\\\/person\\\/7e5945d4560862b7f2d2c6831bda2819\",\"name\":\"Redazione\",\"image\":{\"@type\":\"ImageObject\",\"inLanguage\":\"fr-FR\",\"@id\":\"https:\\\/\\\/secure.gravatar.com\\\/avatar\\\/8b5f26557e18fe74ad8e8a57ebb2925d88af8a90cee489ff2beefb391bc9b9c7?s=96&d=mm&r=g\",\"url\":\"https:\\\/\\\/secure.gravatar.com\\\/avatar\\\/8b5f26557e18fe74ad8e8a57ebb2925d88af8a90cee489ff2beefb391bc9b9c7?s=96&d=mm&r=g\",\"contentUrl\":\"https:\\\/\\\/secure.gravatar.com\\\/avatar\\\/8b5f26557e18fe74ad8e8a57ebb2925d88af8a90cee489ff2beefb391bc9b9c7?s=96&d=mm&r=g\",\"caption\":\"Redazione\"}}]}<\/script>\n<!-- \/ Yoast SEO plugin. -->","yoast_head_json":{"title":"Ev\u00e9nements du weekend des 6 et 7 juillet 2024 sur la C\u00f4te d'Azur","description":"D\u00e9couvrez les \u00e9v\u00e9nements du weekend sur la C\u00f4te d'Azur\u00c0 Monte-CarloExposition - \"6\u00e8me Monaco Art Week\"Du mardi 2 au dimanche 7 juillet 20...","robots":{"index":"index","follow":"follow","max-snippet":"max-snippet:-1","max-image-preview":"max-image-preview:large","max-video-preview":"max-video-preview:-1"},"canonical":"https:\/\/montecarloliving.com\/fr\/evenements\/les-grands-evenements-du-weekend-des-6-et-7-juillet-2024-sur-cote-dazur-12592\/","og_locale":"fr_FR","og_title":"Ev\u00e9nements du weekend des 6 et 7 juillet 2024 sur la C\u00f4te d'Azur","og_description":"D\u00e9couvrez les \u00e9v\u00e9nements du weekend sur la C\u00f4te d'Azur\u00c0 Monte-CarloExposition - \"6\u00e8me Monaco Art Week\"Du mardi 2 au dimanche 7 juillet 20...","og_url":"https:\/\/montecarloliving.com\/fr\/evenements\/les-grands-evenements-du-weekend-des-6-et-7-juillet-2024-sur-cote-dazur-12592\/","og_site_name":"Montecarlo Living","article_publisher":"https:\/\/www.facebook.com\/montecarlolivingcom\/","article_published_time":"2024-07-05T08:00:04+00:00","og_image":[{"width":650,"height":400,"url":"https:\/\/montecarloliving.com\/wp-content\/uploads\/2024\/06\/8-650x400.png","type":"image\/png"}],"author":"Redazione","twitter_card":"summary_large_image","twitter_creator":"@MonteCarloLivi","twitter_site":"@MonteCarloLivi","twitter_misc":{"\u00c9crit par":"Redazione","Dur\u00e9e de lecture estim\u00e9e":"6 minutes"},"schema":{"@context":"https:\/\/schema.org","@graph":[{"@type":"Article","@id":"https:\/\/montecarloliving.com\/fr\/evenements\/les-grands-evenements-du-weekend-des-6-et-7-juillet-2024-sur-cote-dazur-12592\/#article","isPartOf":{"@id":"https:\/\/montecarloliving.com\/fr\/evenements\/les-grands-evenements-du-weekend-des-6-et-7-juillet-2024-sur-cote-dazur-12592\/"},"author":{"name":"Redazione","@id":"https:\/\/montecarloliving.com\/fr\/#\/schema\/person\/7e5945d4560862b7f2d2c6831bda2819"},"headline":"Ev\u00e9nements du weekend des 6 et 7 juillet 2024 sur la C\u00f4te d&rsquo;Azur","datePublished":"2024-07-05T08:00:04+00:00","mainEntityOfPage":{"@id":"https:\/\/montecarloliving.com\/fr\/evenements\/les-grands-evenements-du-weekend-des-6-et-7-juillet-2024-sur-cote-dazur-12592\/"},"wordCount":1125,"image":{"@id":"https:\/\/montecarloliving.com\/fr\/evenements\/les-grands-evenements-du-weekend-des-6-et-7-juillet-2024-sur-cote-dazur-12592\/#primaryimage"},"thumbnailUrl":"https:\/\/montecarloliving.com\/wp-content\/uploads\/2024\/06\/8.png","articleSection":["Actualit\u00e9","\u00c9v\u00e9nements"],"inLanguage":"fr-FR"},{"@type":"WebPage","@id":"https:\/\/montecarloliving.com\/fr\/evenements\/les-grands-evenements-du-weekend-des-6-et-7-juillet-2024-sur-cote-dazur-12592\/","url":"https:\/\/montecarloliving.com\/fr\/evenements\/les-grands-evenements-du-weekend-des-6-et-7-juillet-2024-sur-cote-dazur-12592\/","name":"Ev\u00e9nements du weekend des 6 et 7 juillet 2024 sur la C\u00f4te d'Azur","isPartOf":{"@id":"https:\/\/montecarloliving.com\/fr\/#website"},"primaryImageOfPage":{"@id":"https:\/\/montecarloliving.com\/fr\/evenements\/les-grands-evenements-du-weekend-des-6-et-7-juillet-2024-sur-cote-dazur-12592\/#primaryimage"},"image":{"@id":"https:\/\/montecarloliving.com\/fr\/evenements\/les-grands-evenements-du-weekend-des-6-et-7-juillet-2024-sur-cote-dazur-12592\/#primaryimage"},"thumbnailUrl":"https:\/\/montecarloliving.com\/wp-content\/uploads\/2024\/06\/8.png","datePublished":"2024-07-05T08:00:04+00:00","author":{"@id":"https:\/\/montecarloliving.com\/fr\/#\/schema\/person\/7e5945d4560862b7f2d2c6831bda2819"},"description":"D\u00e9couvrez les \u00e9v\u00e9nements du weekend sur la C\u00f4te d'Azur\u00c0 Monte-CarloExposition - \"6\u00e8me Monaco Art Week\"Du mardi 2 au dimanche 7 juillet 20...","breadcrumb":{"@id":"https:\/\/montecarloliving.com\/fr\/evenements\/les-grands-evenements-du-weekend-des-6-et-7-juillet-2024-sur-cote-dazur-12592\/#breadcrumb"},"inLanguage":"fr-FR","potentialAction":[{"@type":"ReadAction","target":["https:\/\/montecarloliving.com\/fr\/evenements\/les-grands-evenements-du-weekend-des-6-et-7-juillet-2024-sur-cote-dazur-12592\/"]}]},{"@type":"ImageObject","inLanguage":"fr-FR","@id":"https:\/\/montecarloliving.com\/fr\/evenements\/les-grands-evenements-du-weekend-des-6-et-7-juillet-2024-sur-cote-dazur-12592\/#primaryimage","url":"https:\/\/montecarloliving.com\/wp-content\/uploads\/2024\/06\/8.png","contentUrl":"https:\/\/montecarloliving.com\/wp-content\/uploads\/2024\/06\/8.png","width":2000,"height":1200,"caption":"\u00c9v\u00e9nements weekend C\u00f4te d'Azur"},{"@type":"BreadcrumbList","@id":"https:\/\/montecarloliving.com\/fr\/evenements\/les-grands-evenements-du-weekend-des-6-et-7-juillet-2024-sur-cote-dazur-12592\/#breadcrumb","itemListElement":[{"@type":"ListItem","position":1,"name":"Home","item":"https:\/\/montecarloliving.com\/fr\/"},{"@type":"ListItem","position":2,"name":"Ev\u00e9nements du weekend des 6 et 7 juillet 2024 sur la C\u00f4te d&#8217;Azur"}]},{"@type":"WebSite","@id":"https:\/\/montecarloliving.com\/fr\/#website","url":"https:\/\/montecarloliving.com\/fr\/","name":"Montecarlo Living","description":"News da Montecarlo - Principato di Monaco e Costa Azzurra","potentialAction":[{"@type":"SearchAction","target":{"@type":"EntryPoint","urlTemplate":"https:\/\/montecarloliving.com\/fr\/?s={search_term_string}"},"query-input":{"@type":"PropertyValueSpecification","valueRequired":true,"valueName":"search_term_string"}}],"inLanguage":"fr-FR"},{"@type":"Person","@id":"https:\/\/montecarloliving.com\/fr\/#\/schema\/person\/7e5945d4560862b7f2d2c6831bda2819","name":"Redazione","image":{"@type":"ImageObject","inLanguage":"fr-FR","@id":"https:\/\/secure.gravatar.com\/avatar\/8b5f26557e18fe74ad8e8a57ebb2925d88af8a90cee489ff2beefb391bc9b9c7?s=96&d=mm&r=g","url":"https:\/\/secure.gravatar.com\/avatar\/8b5f26557e18fe74ad8e8a57ebb2925d88af8a90cee489ff2beefb391bc9b9c7?s=96&d=mm&r=g","contentUrl":"https:\/\/secure.gravatar.com\/avatar\/8b5f26557e18fe74ad8e8a57ebb2925d88af8a90cee489ff2beefb391bc9b9c7?s=96&d=mm&r=g","caption":"Redazione"}}]}},"_links":{"self":[{"href":"https:\/\/montecarloliving.com\/fr\/wp-json\/wp\/v2\/posts\/12592","targetHints":{"allow":["GET"]}}],"collection":[{"href":"https:\/\/montecarloliving.com\/fr\/wp-json\/wp\/v2\/posts"}],"about":[{"href":"https:\/\/montecarloliving.com\/fr\/wp-json\/wp\/v2\/types\/post"}],"author":[{"embeddable":true,"href":"https:\/\/montecarloliving.com\/fr\/wp-json\/wp\/v2\/users\/1"}],"replies":[{"embeddable":true,"href":"https:\/\/montecarloliving.com\/fr\/wp-json\/wp\/v2\/comments?post=12592"}],"version-history":[{"count":3,"href":"https:\/\/montecarloliving.com\/fr\/wp-json\/wp\/v2\/posts\/12592\/revisions"}],"predecessor-version":[{"id":12595,"href":"https:\/\/montecarloliving.com\/fr\/wp-json\/wp\/v2\/posts\/12592\/revisions\/12595"}],"wp:featuredmedia":[{"embeddable":true,"href":"https:\/\/montecarloliving.com\/fr\/wp-json\/wp\/v2\/media\/12350"}],"wp:attachment":[{"href":"https:\/\/montecarloliving.com\/fr\/wp-json\/wp\/v2\/media?parent=12592"}],"wp:term":[{"taxonomy":"category","embeddable":true,"href":"https:\/\/montecarloliving.com\/fr\/wp-json\/wp\/v2\/categories?post=12592"},{"taxonomy":"post_tag","embeddable":true,"href":"https:\/\/montecarloliving.com\/fr\/wp-json\/wp\/v2\/tags?post=12592"}],"curies":[{"name":"wp","href":"https:\/\/api.w.org\/{rel}","templated":true}]}}