{"id":12298,"date":"2024-06-26T09:35:30","date_gmt":"2024-06-26T07:35:30","guid":{"rendered":"https:\/\/montecarloliving.com\/?p=12298"},"modified":"2024-06-26T09:42:31","modified_gmt":"2024-06-26T07:42:31","slug":"2eme-edition-du-forum-ocean-spatial-au-musee-oceanographique-de-monaco","status":"publish","type":"post","link":"https:\/\/montecarloliving.com\/fr\/evenements\/2eme-edition-du-forum-ocean-spatial-au-musee-oceanographique-de-monaco-12298\/","title":{"rendered":"La 2\u00e8me \u00e9dition du Forum Oc\u00e9an Spatial au Mus\u00e9e Oc\u00e9anographique de Monaco"},"content":{"rendered":"<p>Apr\u00e8s le succ\u00e8s de la premi\u00e8re \u00e9dition en 2023, Prom\u00e9th\u00e9e Earth Intelligence, le CNES et le Bureau des Affaires Spatiales de Monaco organisent la deuxi\u00e8me \u00e9dition du Forum Oc\u00e9an Spatial. <strong>L&rsquo;\u00e9v\u00e9nement se tiendra le mardi 2 juillet 2024 dans le prestigieux cadre du Mus\u00e9e Oc\u00e9anographique de Monaco.<\/strong><\/p>\n<p>Cette ann\u00e9e encore, le Forum r\u00e9unira des personnalit\u00e9s \u00e9minentes des domaines de la recherche, de la politique et de l&rsquo;\u00e9conomie pour mettre en lumi\u00e8re la contribution des technologies du New Space \u00e0 la conservation et \u00e0 la gestion durable de notre ressource la plus pr\u00e9cieuse : <strong>l&rsquo;Oc\u00e9an.<\/strong><\/p>\n<p>Le programme propose des tables rondes passionnantes qui, \u00e0 travers le prisme de l&rsquo;espace, aborderont des sujets essentiels tels que la conservation des \u00e9cosyst\u00e8mes marins, le d\u00e9veloppement de l&rsquo;\u00e9conomie bleue, la lutte contre le changement climatique et son impact sur les oc\u00e9ans, et la conservation des ressources marines.<\/p>\n<p>L&rsquo;OSF 2024 repr\u00e9sentera une \u00e9tape importante sur la voie de la troisi\u00e8me Conf\u00e9rence des Nations Unies sur l&rsquo;Oc\u00e9an, organis\u00e9e conjointement par les gouvernements de la France et du Costa Rica, qui se tiendra \u00e0 Nice du 9 au 14 juin 2025. Cette conf\u00e9rence jouera un r\u00f4le cl\u00e9 dans la r\u00e9alisation des Objectifs de D\u00e9veloppement Durable des Nations Unies, en particulier l&rsquo;Objectif 14, visant \u00e0 conserver et utiliser de mani\u00e8re durable les oc\u00e9ans, les mers et les ressources marines pour le d\u00e9veloppement.<\/p>\n<p>Rendez-vous le 2 juillet \u00e0 Monaco pour contribuer \u00e0 fa\u00e7onner un avenir o\u00f9 le New Space propose des solutions concr\u00e8tes pour pr\u00e9server l&rsquo;Oc\u00e9an et ses richesses pour les g\u00e9n\u00e9rations futures.<\/p>\n<p><img loading=\"lazy\" decoding=\"async\" class=\"size-full wp-image-12294 aligncenter\" src=\"https:\/\/montecarloliving.com\/wp-content\/uploads\/2024\/06\/O_401d9da283.png\" alt=\"\" width=\"510\" height=\"423\" srcset=\"https:\/\/montecarloliving.com\/wp-content\/uploads\/2024\/06\/O_401d9da283.png 510w, https:\/\/montecarloliving.com\/wp-content\/uploads\/2024\/06\/O_401d9da283-300x249.png 300w\" sizes=\"auto, (max-width: 510px) 100vw, 510px\" \/><\/p>\n<p><strong>PROGRAMME<\/strong><\/p>\n<p><strong>08:30 &#8211; 09:00<\/strong><br \/>\nAccueil caf\u00e9<\/p>\n<p><strong>09:00 &#8211; 09:30<\/strong><br \/>\nS\u00e9ance d&rsquo;ouverture<\/p>\n<p><strong>09:30 &#8211; 10:00<\/strong><br \/>\nPr\u00e9sentation : \u00ab\u00a0En route vers l&rsquo;UNOC\u00a0\u00bb<\/p>\n<p><strong>10:00 &#8211; 10:30<\/strong><br \/>\nPr\u00e9sentation : \u00ab\u00a0L&rsquo;espace cr\u00e9e un nouvel avenir pour la durabilit\u00e9 des oc\u00e9ans\u00a0\u00bb<\/p>\n<p><strong>10:30 &#8211; 11:15<\/strong><br \/>\nTable ronde : \u00ab\u00a0Le New Space transcende les fronti\u00e8res pour promouvoir la protection de l&rsquo;environnement, exemples \u00e0 travers 4 continents\u00a0\u00bb<\/p>\n<p><strong>11:15 &#8211; 11:30<\/strong><br \/>\nPause caf\u00e9<\/p>\n<p><strong>11:30 &#8211; 12:30<\/strong><br \/>\nPr\u00e9sentation suivie d&rsquo;une table ronde : \u00ab\u00a0L&rsquo;adaptation des villes et des c\u00f4tes \u00e0 la mont\u00e9e du niveau de la mer\u00a0\u00bb<\/p>\n<p><strong>12:30 &#8211; 14:00<\/strong><br \/>\nD\u00e9jeuner de r\u00e9seautage<\/p>\n<p><strong>14:00 &#8211; 14:45<\/strong><br \/>\nTable ronde : \u00ab\u00a0Prot\u00e9ger nos mers et oc\u00e9ans, la technologie au service de la s\u00e9curit\u00e9 maritime\u00a0\u00bb<\/p>\n<p><strong>14:45 &#8211; 15:30<\/strong><br \/>\nTable ronde : \u00ab\u00a0Le New Space au service de l&rsquo;\u00e9conomie bleue\u00a0\u00bb<\/p>\n<p><strong>15:30 &#8211; 16:15<\/strong><br \/>\nTable ronde : \u00ab\u00a0Les innovations spatiales pour la protection de la biodiversit\u00e9 et du carbone bleu\u00a0\u00bb<\/p>\n<p><strong>16:15 &#8211; 16:45<\/strong><br \/>\nPause caf\u00e9<\/p>\n<p><strong>16:45 &#8211; 17:00<\/strong><br \/>\nPr\u00e9sentation : \u00ab\u00a0Indicateur de la sant\u00e9 des oc\u00e9ans\u00a0\u00bb<\/p>\n<p><strong>17:00 &#8211; 17:30<\/strong><br \/>\nConversation : \u00ab\u00a0Droit spatial\/Droit de la mer\u00a0\u00bb<\/p>\n<p><strong>17:30 &#8211; 18:15<\/strong><br \/>\nTable ronde : \u00ab\u00a0L&rsquo;espace pour mieux comprendre nos oc\u00e9ans\u00a0\u00bb<\/p>\n<p><strong>18:15 &#8211; 18:45<\/strong><br \/>\nCl\u00f4ture<\/p>\n","protected":false},"excerpt":{"rendered":"<p>Apr\u00e8s le succ\u00e8s de la premi\u00e8re \u00e9dition en 2023, Prom\u00e9th\u00e9e Earth Intelligence, le CNES et le Bureau des Affaires Spatiales de Monaco organisent la deuxi\u00e8me \u00e9dition du Forum Oc\u00e9an Spatial. L&rsquo;\u00e9v\u00e9nement se tiendra le mardi 2 juillet 2024 dans le prestigieux cadre du Mus\u00e9e [&hellip;]<\/p>\n","protected":false},"author":1,"featured_media":7216,"comment_status":"closed","ping_status":"closed","sticky":false,"template":"","format":"standard","meta":{"footnotes":""},"categories":[828,867,829],"tags":[],"class_list":["post-12298","post","type-post","status-publish","format-standard","has-post-thumbnail","hentry","category-evenements","category-monaco-fr","category-tourisme"],"yoast_head":"<!-- This site is optimized with the Yoast SEO plugin v27.5 - https:\/\/yoast.com\/product\/yoast-seo-wordpress\/ -->\n<title>La 2\u00e8me \u00e9dition du Forum Oc\u00e9an Spatial au Mus\u00e9e Oc\u00e9anographique de Monaco<\/title>\n<meta name=\"description\" content=\"Apr\u00e8s le succ\u00e8s de la premi\u00e8re \u00e9dition en 2023, Prom\u00e9th\u00e9e Earth Intelligence, le CNES et le Bureau des Affaires Spatiales de Monaco organisent la deuxi\u00e8me\" \/>\n<meta name=\"robots\" content=\"index, follow, max-snippet:-1, max-image-preview:large, max-video-preview:-1\" \/>\n<link rel=\"canonical\" href=\"https:\/\/montecarloliving.com\/fr\/evenements\/2eme-edition-du-forum-ocean-spatial-au-musee-oceanographique-de-monaco-12298\/\" \/>\n<meta property=\"og:locale\" content=\"fr_FR\" \/>\n<meta property=\"og:title\" content=\"La 2\u00e8me \u00e9dition du Forum Oc\u00e9an Spatial au Mus\u00e9e Oc\u00e9anographique de Monaco\" \/>\n<meta property=\"og:description\" content=\"Apr\u00e8s le succ\u00e8s de la premi\u00e8re \u00e9dition en 2023, Prom\u00e9th\u00e9e Earth Intelligence, le CNES et le Bureau des Affaires Spatiales de Monaco organisent la deuxi\u00e8me\" \/>\n<meta property=\"og:url\" content=\"https:\/\/montecarloliving.com\/fr\/evenements\/2eme-edition-du-forum-ocean-spatial-au-musee-oceanographique-de-monaco-12298\/\" \/>\n<meta property=\"og:site_name\" content=\"Montecarlo Living\" \/>\n<meta property=\"article:publisher\" content=\"https:\/\/www.facebook.com\/montecarlolivingcom\/\" \/>\n<meta property=\"article:published_time\" content=\"2024-06-26T07:35:30+00:00\" \/>\n<meta property=\"article:modified_time\" content=\"2024-06-26T07:42:31+00:00\" \/>\n<meta property=\"og:image\" content=\"https:\/\/montecarloliving.com\/wp-content\/uploads\/2024\/01\/Musee-oceanographique-\u00a9-S_Peroumal-650x400.jpg\" \/>\n\t<meta property=\"og:image:width\" content=\"650\" \/>\n\t<meta property=\"og:image:height\" content=\"400\" \/>\n\t<meta property=\"og:image:type\" content=\"image\/jpeg\" \/>\n<meta name=\"author\" content=\"Redazione\" \/>\n<meta name=\"twitter:card\" content=\"summary_large_image\" \/>\n<meta name=\"twitter:creator\" content=\"@MonteCarloLivi\" \/>\n<meta name=\"twitter:site\" content=\"@MonteCarloLivi\" \/>\n<meta name=\"twitter:label1\" content=\"\u00c9crit par\" \/>\n\t<meta name=\"twitter:data1\" content=\"Redazione\" \/>\n\t<meta name=\"twitter:label2\" content=\"Dur\u00e9e de lecture estim\u00e9e\" \/>\n\t<meta name=\"twitter:data2\" content=\"3 minutes\" \/>\n<script type=\"application\/ld+json\" class=\"yoast-schema-graph\">{\"@context\":\"https:\\\/\\\/schema.org\",\"@graph\":[{\"@type\":\"Article\",\"@id\":\"https:\\\/\\\/montecarloliving.com\\\/fr\\\/evenements\\\/2eme-edition-du-forum-ocean-spatial-au-musee-oceanographique-de-monaco-12298\\\/#article\",\"isPartOf\":{\"@id\":\"https:\\\/\\\/montecarloliving.com\\\/fr\\\/evenements\\\/2eme-edition-du-forum-ocean-spatial-au-musee-oceanographique-de-monaco-12298\\\/\"},\"author\":{\"name\":\"Redazione\",\"@id\":\"https:\\\/\\\/montecarloliving.com\\\/fr\\\/#\\\/schema\\\/person\\\/7e5945d4560862b7f2d2c6831bda2819\"},\"headline\":\"La 2\u00e8me \u00e9dition du Forum Oc\u00e9an Spatial au Mus\u00e9e Oc\u00e9anographique de Monaco\",\"datePublished\":\"2024-06-26T07:35:30+00:00\",\"dateModified\":\"2024-06-26T07:42:31+00:00\",\"mainEntityOfPage\":{\"@id\":\"https:\\\/\\\/montecarloliving.com\\\/fr\\\/evenements\\\/2eme-edition-du-forum-ocean-spatial-au-musee-oceanographique-de-monaco-12298\\\/\"},\"wordCount\":465,\"image\":{\"@id\":\"https:\\\/\\\/montecarloliving.com\\\/fr\\\/evenements\\\/2eme-edition-du-forum-ocean-spatial-au-musee-oceanographique-de-monaco-12298\\\/#primaryimage\"},\"thumbnailUrl\":\"https:\\\/\\\/montecarloliving.com\\\/wp-content\\\/uploads\\\/2024\\\/01\\\/Musee-oceanographique-\u00a9-S_Peroumal.jpg\",\"articleSection\":[\"\u00c9v\u00e9nements\",\"Monaco\",\"Tourisme \u00e0 Monaco\"],\"inLanguage\":\"fr-FR\"},{\"@type\":\"WebPage\",\"@id\":\"https:\\\/\\\/montecarloliving.com\\\/fr\\\/evenements\\\/2eme-edition-du-forum-ocean-spatial-au-musee-oceanographique-de-monaco-12298\\\/\",\"url\":\"https:\\\/\\\/montecarloliving.com\\\/fr\\\/evenements\\\/2eme-edition-du-forum-ocean-spatial-au-musee-oceanographique-de-monaco-12298\\\/\",\"name\":\"La 2\u00e8me \u00e9dition du Forum Oc\u00e9an Spatial au Mus\u00e9e Oc\u00e9anographique de Monaco\",\"isPartOf\":{\"@id\":\"https:\\\/\\\/montecarloliving.com\\\/fr\\\/#website\"},\"primaryImageOfPage\":{\"@id\":\"https:\\\/\\\/montecarloliving.com\\\/fr\\\/evenements\\\/2eme-edition-du-forum-ocean-spatial-au-musee-oceanographique-de-monaco-12298\\\/#primaryimage\"},\"image\":{\"@id\":\"https:\\\/\\\/montecarloliving.com\\\/fr\\\/evenements\\\/2eme-edition-du-forum-ocean-spatial-au-musee-oceanographique-de-monaco-12298\\\/#primaryimage\"},\"thumbnailUrl\":\"https:\\\/\\\/montecarloliving.com\\\/wp-content\\\/uploads\\\/2024\\\/01\\\/Musee-oceanographique-\u00a9-S_Peroumal.jpg\",\"datePublished\":\"2024-06-26T07:35:30+00:00\",\"dateModified\":\"2024-06-26T07:42:31+00:00\",\"author\":{\"@id\":\"https:\\\/\\\/montecarloliving.com\\\/fr\\\/#\\\/schema\\\/person\\\/7e5945d4560862b7f2d2c6831bda2819\"},\"description\":\"Apr\u00e8s le succ\u00e8s de la premi\u00e8re \u00e9dition en 2023, Prom\u00e9th\u00e9e Earth Intelligence, le CNES et le Bureau des Affaires Spatiales de Monaco organisent la deuxi\u00e8me\",\"breadcrumb\":{\"@id\":\"https:\\\/\\\/montecarloliving.com\\\/fr\\\/evenements\\\/2eme-edition-du-forum-ocean-spatial-au-musee-oceanographique-de-monaco-12298\\\/#breadcrumb\"},\"inLanguage\":\"fr-FR\",\"potentialAction\":[{\"@type\":\"ReadAction\",\"target\":[\"https:\\\/\\\/montecarloliving.com\\\/fr\\\/evenements\\\/2eme-edition-du-forum-ocean-spatial-au-musee-oceanographique-de-monaco-12298\\\/\"]}]},{\"@type\":\"ImageObject\",\"inLanguage\":\"fr-FR\",\"@id\":\"https:\\\/\\\/montecarloliving.com\\\/fr\\\/evenements\\\/2eme-edition-du-forum-ocean-spatial-au-musee-oceanographique-de-monaco-12298\\\/#primaryimage\",\"url\":\"https:\\\/\\\/montecarloliving.com\\\/wp-content\\\/uploads\\\/2024\\\/01\\\/Musee-oceanographique-\u00a9-S_Peroumal.jpg\",\"contentUrl\":\"https:\\\/\\\/montecarloliving.com\\\/wp-content\\\/uploads\\\/2024\\\/01\\\/Musee-oceanographique-\u00a9-S_Peroumal.jpg\",\"width\":1920,\"height\":1288,\"caption\":\"Le centre de soin sera un espace de m\u00e9diation environnementale Les tortues, barom\u00e8tres de l\u2019\u00e9tat de sant\u00e9 des oc\u00e9ans subissent la plupart des pressions que l\u2019homme exerce sur l\u2019oc\u00e9an, des c\u00f4tes \u00e0 la haute mer : urbanisation, surp\u00eache et prises accidentelles, collisions, pollutions ou encore accumulation de plastique. Le destin des tortues est entre nos mains Les tortues ont \u00e9t\u00e9 capables de s\u2019adapter \u00e0 des \u00e9volutions importantes du climat et des milieux marin et c\u00f4tier depuis 150 millions d\u2019ann\u00e9es. Aujourd\u2019hui, nous imposons des changements bien plus rapides et leur sort d\u00e9pendra de notre capacit\u00e9 \u00e0 leur laisser une place sur les c\u00f4tes et \u00e0 g\u00e9rer nos activit\u00e9s pour pr\u00e9server l\u2019oc\u00e9an. Le centre de soins S\u2019appuie sur l\u2019exp\u00e9rience du Mus\u00e9e oc\u00e9anographique pour secourir, soigner et rel\u00e2cher les tortues marines, il permettra de d\u00e9velopper notre capacit\u00e9 d\u2019intervention, en appui avec les services locaux (affaires maritimes, capitainerie, pompiers\u2026) Et s\u2019inscrit dans un r\u00e9seau m\u00e9diterran\u00e9en de soin des tortues, en partenariat avec le R\u00e9seau Tortues de la M\u00e9diterran\u00e9e Fran\u00e7aise, le Centre d\u2019\u00e9tudes et de sauvegarde des tortues marines de M\u00e9diterran\u00e9e. R\u00e9alis\u00e9 dans le prolongement du Mus\u00e9e, en bordure des Jardins St Martin, ce centre sera central pour venir au secours de tortues bless\u00e9es \u00e0 Monaco et dans la r\u00e9gion. Si le chantier se d\u00e9roule comme pr\u00e9vu, ce centre pourra ouvrir d\u00e8s 2018. Il sera compos\u00e9 d'une clinique de soins et d'un bassin de convalescence. Ce dernier, situ\u00e9 en plein air, sera int\u00e9gr\u00e9 dans la visite du Mus\u00e9e. Tout en permettant aux tortues soign\u00e9es de se remettre en toute tranquilit\u00e9 et sous \u00e9troite surveillance, les visiteurs pourront observer ces animaux et ainsi \u00eatre sensibilis\u00e9s \u00e0 leur fragilit\u00e9. V\u00e9ritable outil d'animation et de m\u00e9diation, la clinique et le grand bac \u00e0 tortues seront utilis\u00e9s pour inciter les visiteurs du Mus\u00e9e \u00e0 agir concr\u00e8tement, dans leur q\"},{\"@type\":\"BreadcrumbList\",\"@id\":\"https:\\\/\\\/montecarloliving.com\\\/fr\\\/evenements\\\/2eme-edition-du-forum-ocean-spatial-au-musee-oceanographique-de-monaco-12298\\\/#breadcrumb\",\"itemListElement\":[{\"@type\":\"ListItem\",\"position\":1,\"name\":\"Home\",\"item\":\"https:\\\/\\\/montecarloliving.com\\\/fr\\\/\"},{\"@type\":\"ListItem\",\"position\":2,\"name\":\"La 2\u00e8me \u00e9dition du Forum Oc\u00e9an Spatial au Mus\u00e9e Oc\u00e9anographique de Monaco\"}]},{\"@type\":\"WebSite\",\"@id\":\"https:\\\/\\\/montecarloliving.com\\\/fr\\\/#website\",\"url\":\"https:\\\/\\\/montecarloliving.com\\\/fr\\\/\",\"name\":\"Montecarlo Living\",\"description\":\"News da Montecarlo - Principato di Monaco e Costa Azzurra\",\"potentialAction\":[{\"@type\":\"SearchAction\",\"target\":{\"@type\":\"EntryPoint\",\"urlTemplate\":\"https:\\\/\\\/montecarloliving.com\\\/fr\\\/?s={search_term_string}\"},\"query-input\":{\"@type\":\"PropertyValueSpecification\",\"valueRequired\":true,\"valueName\":\"search_term_string\"}}],\"inLanguage\":\"fr-FR\"},{\"@type\":\"Person\",\"@id\":\"https:\\\/\\\/montecarloliving.com\\\/fr\\\/#\\\/schema\\\/person\\\/7e5945d4560862b7f2d2c6831bda2819\",\"name\":\"Redazione\",\"image\":{\"@type\":\"ImageObject\",\"inLanguage\":\"fr-FR\",\"@id\":\"https:\\\/\\\/secure.gravatar.com\\\/avatar\\\/8b5f26557e18fe74ad8e8a57ebb2925d88af8a90cee489ff2beefb391bc9b9c7?s=96&d=mm&r=g\",\"url\":\"https:\\\/\\\/secure.gravatar.com\\\/avatar\\\/8b5f26557e18fe74ad8e8a57ebb2925d88af8a90cee489ff2beefb391bc9b9c7?s=96&d=mm&r=g\",\"contentUrl\":\"https:\\\/\\\/secure.gravatar.com\\\/avatar\\\/8b5f26557e18fe74ad8e8a57ebb2925d88af8a90cee489ff2beefb391bc9b9c7?s=96&d=mm&r=g\",\"caption\":\"Redazione\"}}]}<\/script>\n<!-- \/ Yoast SEO plugin. -->","yoast_head_json":{"title":"La 2\u00e8me \u00e9dition du Forum Oc\u00e9an Spatial au Mus\u00e9e Oc\u00e9anographique de Monaco","description":"Apr\u00e8s le succ\u00e8s de la premi\u00e8re \u00e9dition en 2023, Prom\u00e9th\u00e9e Earth Intelligence, le CNES et le Bureau des Affaires Spatiales de Monaco organisent la deuxi\u00e8me","robots":{"index":"index","follow":"follow","max-snippet":"max-snippet:-1","max-image-preview":"max-image-preview:large","max-video-preview":"max-video-preview:-1"},"canonical":"https:\/\/montecarloliving.com\/fr\/evenements\/2eme-edition-du-forum-ocean-spatial-au-musee-oceanographique-de-monaco-12298\/","og_locale":"fr_FR","og_title":"La 2\u00e8me \u00e9dition du Forum Oc\u00e9an Spatial au Mus\u00e9e Oc\u00e9anographique de Monaco","og_description":"Apr\u00e8s le succ\u00e8s de la premi\u00e8re \u00e9dition en 2023, Prom\u00e9th\u00e9e Earth Intelligence, le CNES et le Bureau des Affaires Spatiales de Monaco organisent la deuxi\u00e8me","og_url":"https:\/\/montecarloliving.com\/fr\/evenements\/2eme-edition-du-forum-ocean-spatial-au-musee-oceanographique-de-monaco-12298\/","og_site_name":"Montecarlo Living","article_publisher":"https:\/\/www.facebook.com\/montecarlolivingcom\/","article_published_time":"2024-06-26T07:35:30+00:00","article_modified_time":"2024-06-26T07:42:31+00:00","og_image":[{"width":650,"height":400,"url":"https:\/\/montecarloliving.com\/wp-content\/uploads\/2024\/01\/Musee-oceanographique-\u00a9-S_Peroumal-650x400.jpg","type":"image\/jpeg"}],"author":"Redazione","twitter_card":"summary_large_image","twitter_creator":"@MonteCarloLivi","twitter_site":"@MonteCarloLivi","twitter_misc":{"\u00c9crit par":"Redazione","Dur\u00e9e de lecture estim\u00e9e":"3 minutes"},"schema":{"@context":"https:\/\/schema.org","@graph":[{"@type":"Article","@id":"https:\/\/montecarloliving.com\/fr\/evenements\/2eme-edition-du-forum-ocean-spatial-au-musee-oceanographique-de-monaco-12298\/#article","isPartOf":{"@id":"https:\/\/montecarloliving.com\/fr\/evenements\/2eme-edition-du-forum-ocean-spatial-au-musee-oceanographique-de-monaco-12298\/"},"author":{"name":"Redazione","@id":"https:\/\/montecarloliving.com\/fr\/#\/schema\/person\/7e5945d4560862b7f2d2c6831bda2819"},"headline":"La 2\u00e8me \u00e9dition du Forum Oc\u00e9an Spatial au Mus\u00e9e Oc\u00e9anographique de Monaco","datePublished":"2024-06-26T07:35:30+00:00","dateModified":"2024-06-26T07:42:31+00:00","mainEntityOfPage":{"@id":"https:\/\/montecarloliving.com\/fr\/evenements\/2eme-edition-du-forum-ocean-spatial-au-musee-oceanographique-de-monaco-12298\/"},"wordCount":465,"image":{"@id":"https:\/\/montecarloliving.com\/fr\/evenements\/2eme-edition-du-forum-ocean-spatial-au-musee-oceanographique-de-monaco-12298\/#primaryimage"},"thumbnailUrl":"https:\/\/montecarloliving.com\/wp-content\/uploads\/2024\/01\/Musee-oceanographique-\u00a9-S_Peroumal.jpg","articleSection":["\u00c9v\u00e9nements","Monaco","Tourisme \u00e0 Monaco"],"inLanguage":"fr-FR"},{"@type":"WebPage","@id":"https:\/\/montecarloliving.com\/fr\/evenements\/2eme-edition-du-forum-ocean-spatial-au-musee-oceanographique-de-monaco-12298\/","url":"https:\/\/montecarloliving.com\/fr\/evenements\/2eme-edition-du-forum-ocean-spatial-au-musee-oceanographique-de-monaco-12298\/","name":"La 2\u00e8me \u00e9dition du Forum Oc\u00e9an Spatial au Mus\u00e9e Oc\u00e9anographique de Monaco","isPartOf":{"@id":"https:\/\/montecarloliving.com\/fr\/#website"},"primaryImageOfPage":{"@id":"https:\/\/montecarloliving.com\/fr\/evenements\/2eme-edition-du-forum-ocean-spatial-au-musee-oceanographique-de-monaco-12298\/#primaryimage"},"image":{"@id":"https:\/\/montecarloliving.com\/fr\/evenements\/2eme-edition-du-forum-ocean-spatial-au-musee-oceanographique-de-monaco-12298\/#primaryimage"},"thumbnailUrl":"https:\/\/montecarloliving.com\/wp-content\/uploads\/2024\/01\/Musee-oceanographique-\u00a9-S_Peroumal.jpg","datePublished":"2024-06-26T07:35:30+00:00","dateModified":"2024-06-26T07:42:31+00:00","author":{"@id":"https:\/\/montecarloliving.com\/fr\/#\/schema\/person\/7e5945d4560862b7f2d2c6831bda2819"},"description":"Apr\u00e8s le succ\u00e8s de la premi\u00e8re \u00e9dition en 2023, Prom\u00e9th\u00e9e Earth Intelligence, le CNES et le Bureau des Affaires Spatiales de Monaco organisent la deuxi\u00e8me","breadcrumb":{"@id":"https:\/\/montecarloliving.com\/fr\/evenements\/2eme-edition-du-forum-ocean-spatial-au-musee-oceanographique-de-monaco-12298\/#breadcrumb"},"inLanguage":"fr-FR","potentialAction":[{"@type":"ReadAction","target":["https:\/\/montecarloliving.com\/fr\/evenements\/2eme-edition-du-forum-ocean-spatial-au-musee-oceanographique-de-monaco-12298\/"]}]},{"@type":"ImageObject","inLanguage":"fr-FR","@id":"https:\/\/montecarloliving.com\/fr\/evenements\/2eme-edition-du-forum-ocean-spatial-au-musee-oceanographique-de-monaco-12298\/#primaryimage","url":"https:\/\/montecarloliving.com\/wp-content\/uploads\/2024\/01\/Musee-oceanographique-\u00a9-S_Peroumal.jpg","contentUrl":"https:\/\/montecarloliving.com\/wp-content\/uploads\/2024\/01\/Musee-oceanographique-\u00a9-S_Peroumal.jpg","width":1920,"height":1288,"caption":"Le centre de soin sera un espace de m\u00e9diation environnementale Les tortues, barom\u00e8tres de l\u2019\u00e9tat de sant\u00e9 des oc\u00e9ans subissent la plupart des pressions que l\u2019homme exerce sur l\u2019oc\u00e9an, des c\u00f4tes \u00e0 la haute mer : urbanisation, surp\u00eache et prises accidentelles, collisions, pollutions ou encore accumulation de plastique. Le destin des tortues est entre nos mains Les tortues ont \u00e9t\u00e9 capables de s\u2019adapter \u00e0 des \u00e9volutions importantes du climat et des milieux marin et c\u00f4tier depuis 150 millions d\u2019ann\u00e9es. Aujourd\u2019hui, nous imposons des changements bien plus rapides et leur sort d\u00e9pendra de notre capacit\u00e9 \u00e0 leur laisser une place sur les c\u00f4tes et \u00e0 g\u00e9rer nos activit\u00e9s pour pr\u00e9server l\u2019oc\u00e9an. Le centre de soins S\u2019appuie sur l\u2019exp\u00e9rience du Mus\u00e9e oc\u00e9anographique pour secourir, soigner et rel\u00e2cher les tortues marines, il permettra de d\u00e9velopper notre capacit\u00e9 d\u2019intervention, en appui avec les services locaux (affaires maritimes, capitainerie, pompiers\u2026) Et s\u2019inscrit dans un r\u00e9seau m\u00e9diterran\u00e9en de soin des tortues, en partenariat avec le R\u00e9seau Tortues de la M\u00e9diterran\u00e9e Fran\u00e7aise, le Centre d\u2019\u00e9tudes et de sauvegarde des tortues marines de M\u00e9diterran\u00e9e. R\u00e9alis\u00e9 dans le prolongement du Mus\u00e9e, en bordure des Jardins St Martin, ce centre sera central pour venir au secours de tortues bless\u00e9es \u00e0 Monaco et dans la r\u00e9gion. Si le chantier se d\u00e9roule comme pr\u00e9vu, ce centre pourra ouvrir d\u00e8s 2018. Il sera compos\u00e9 d'une clinique de soins et d'un bassin de convalescence. Ce dernier, situ\u00e9 en plein air, sera int\u00e9gr\u00e9 dans la visite du Mus\u00e9e. Tout en permettant aux tortues soign\u00e9es de se remettre en toute tranquilit\u00e9 et sous \u00e9troite surveillance, les visiteurs pourront observer ces animaux et ainsi \u00eatre sensibilis\u00e9s \u00e0 leur fragilit\u00e9. V\u00e9ritable outil d'animation et de m\u00e9diation, la clinique et le grand bac \u00e0 tortues seront utilis\u00e9s pour inciter les visiteurs du Mus\u00e9e \u00e0 agir concr\u00e8tement, dans leur q"},{"@type":"BreadcrumbList","@id":"https:\/\/montecarloliving.com\/fr\/evenements\/2eme-edition-du-forum-ocean-spatial-au-musee-oceanographique-de-monaco-12298\/#breadcrumb","itemListElement":[{"@type":"ListItem","position":1,"name":"Home","item":"https:\/\/montecarloliving.com\/fr\/"},{"@type":"ListItem","position":2,"name":"La 2\u00e8me \u00e9dition du Forum Oc\u00e9an Spatial au Mus\u00e9e Oc\u00e9anographique de Monaco"}]},{"@type":"WebSite","@id":"https:\/\/montecarloliving.com\/fr\/#website","url":"https:\/\/montecarloliving.com\/fr\/","name":"Montecarlo Living","description":"News da Montecarlo - Principato di Monaco e Costa Azzurra","potentialAction":[{"@type":"SearchAction","target":{"@type":"EntryPoint","urlTemplate":"https:\/\/montecarloliving.com\/fr\/?s={search_term_string}"},"query-input":{"@type":"PropertyValueSpecification","valueRequired":true,"valueName":"search_term_string"}}],"inLanguage":"fr-FR"},{"@type":"Person","@id":"https:\/\/montecarloliving.com\/fr\/#\/schema\/person\/7e5945d4560862b7f2d2c6831bda2819","name":"Redazione","image":{"@type":"ImageObject","inLanguage":"fr-FR","@id":"https:\/\/secure.gravatar.com\/avatar\/8b5f26557e18fe74ad8e8a57ebb2925d88af8a90cee489ff2beefb391bc9b9c7?s=96&d=mm&r=g","url":"https:\/\/secure.gravatar.com\/avatar\/8b5f26557e18fe74ad8e8a57ebb2925d88af8a90cee489ff2beefb391bc9b9c7?s=96&d=mm&r=g","contentUrl":"https:\/\/secure.gravatar.com\/avatar\/8b5f26557e18fe74ad8e8a57ebb2925d88af8a90cee489ff2beefb391bc9b9c7?s=96&d=mm&r=g","caption":"Redazione"}}]}},"_links":{"self":[{"href":"https:\/\/montecarloliving.com\/fr\/wp-json\/wp\/v2\/posts\/12298","targetHints":{"allow":["GET"]}}],"collection":[{"href":"https:\/\/montecarloliving.com\/fr\/wp-json\/wp\/v2\/posts"}],"about":[{"href":"https:\/\/montecarloliving.com\/fr\/wp-json\/wp\/v2\/types\/post"}],"author":[{"embeddable":true,"href":"https:\/\/montecarloliving.com\/fr\/wp-json\/wp\/v2\/users\/1"}],"replies":[{"embeddable":true,"href":"https:\/\/montecarloliving.com\/fr\/wp-json\/wp\/v2\/comments?post=12298"}],"version-history":[{"count":1,"href":"https:\/\/montecarloliving.com\/fr\/wp-json\/wp\/v2\/posts\/12298\/revisions"}],"predecessor-version":[{"id":12299,"href":"https:\/\/montecarloliving.com\/fr\/wp-json\/wp\/v2\/posts\/12298\/revisions\/12299"}],"wp:featuredmedia":[{"embeddable":true,"href":"https:\/\/montecarloliving.com\/fr\/wp-json\/wp\/v2\/media\/7216"}],"wp:attachment":[{"href":"https:\/\/montecarloliving.com\/fr\/wp-json\/wp\/v2\/media?parent=12298"}],"wp:term":[{"taxonomy":"category","embeddable":true,"href":"https:\/\/montecarloliving.com\/fr\/wp-json\/wp\/v2\/categories?post=12298"},{"taxonomy":"post_tag","embeddable":true,"href":"https:\/\/montecarloliving.com\/fr\/wp-json\/wp\/v2\/tags?post=12298"}],"curies":[{"name":"wp","href":"https:\/\/api.w.org\/{rel}","templated":true}]}}