{"id":12224,"date":"2024-06-24T11:27:07","date_gmt":"2024-06-24T09:27:07","guid":{"rendered":"https:\/\/montecarloliving.com\/?p=12224"},"modified":"2024-06-24T11:31:40","modified_gmt":"2024-06-24T09:31:40","slug":"ete-cap-lete-cap-3000","status":"publish","type":"post","link":"https:\/\/montecarloliving.com\/fr\/cannes-fr\/ete-cap-lete-cap-3000-12224\/","title":{"rendered":"\u00ab\u00a0Un \u00e9t\u00e9 \u00e0 Cap\u00a0\u00bb &#8211; L&rsquo;\u00e9t\u00e9 \u00e0 Cap 3000"},"content":{"rendered":"<p>Du 25 juin au 31 ao\u00fbt 2024, la quatri\u00e8me \u00e9dition de \u00ab Un \u00e9t\u00e9 au CAP \u00bb \u00e0 CAP3000 de Saint Laurent du Var offrira une large gamme d&rsquo;activit\u00e9s, y compris du cin\u00e9ma en plein air, des balades, des concerts et des sports de plage, pour satisfaire tous les visiteurs.<\/p>\n<h4>Divertissement Musical<\/h4>\n<p>Du 18 juillet au 22 ao\u00fbt, les restaurants de la terrasse sud de CAP3000 accueilleront des soir\u00e9es musicales chaque jeudi de 19h30 \u00e0 22h00. Les groupes Karma Event et XY animeront les soir\u00e9es avec des cr\u00e9ations acoustiques et des reprises. De plus, CAP3000 est partenaire du Festival de Jazz de Juan-Les-Pins pour la deuxi\u00e8me ann\u00e9e cons\u00e9cutive, qui arrivera \u00e0 CAP3000 le 29 juin avec un groupe de 5 musiciens.<\/p>\n<h4>La Quatri\u00e8me \u00c9dition du \u00ab Cin\u00e9ma en Plein Air \u00bb<\/h4>\n<p>Du 17 juillet au 21 ao\u00fbt, CAP3000 mettra \u00e0 disposition 200 transats sur la Promenade Cousteau pour six projections gratuites en plein air. Chaque mercredi soir \u00e0 20h30, une s\u00e9lection de films vot\u00e9e par la communaut\u00e9 CapLovers sera projet\u00e9e, adapt\u00e9e \u00e0 tous les \u00e2ges. Des menus sucr\u00e9s et sal\u00e9s des restaurants partenaires seront disponibles. La billetterie gratuite ouvrira sept jours avant chaque film. La projection de \u00ab Ocean\u2019s Eleven \u00bb sera en version originale sous-titr\u00e9e.<\/p>\n<p><strong>Programme des Projections :<\/strong><\/p>\n<ul>\n<li>17 juillet : Retour vers le futur (en collaboration avec Tommy Hilfiger)<\/li>\n<li>24 juillet : Shrek<\/li>\n<li>31 juillet : Le Grand Bleu<\/li>\n<li>7 ao\u00fbt : Le Pr\u00e9nom<\/li>\n<li>14 ao\u00fbt : Ocean&rsquo;s Eleven (VO)<\/li>\n<li>21 ao\u00fbt : Madagascar<\/li>\n<\/ul>\n<h4>Beach Sport Festival : La Troisi\u00e8me Saison<\/h4>\n<p>Du 26 juin au 14 juillet, le Beach Sport Festival reviendra pour sa troisi\u00e8me \u00e9dition sur les plages en face de CAP3000. Pendant trois semaines, il y aura des comp\u00e9titions sportives internationales et des initiations aux sports de plage pour enfants et familles. Les concerts culmineront avec la performance du chanteur GIMS le 9 juillet.<\/p>\n<p><strong>Programme Sportif :<\/strong><\/p>\n<ul>\n<li><strong>26 juin :<\/strong> Plus de 600 \u00e9l\u00e8ves des \u00e9coles de Saint-Laurent-du-Var participeront \u00e0 des sessions gratuites de six disciplines de sports de plage.<\/li>\n<li><strong>28 et 29 juin :<\/strong> Championnat du monde de lutte sur sable avec le Stade Laurentin Lutte et la F\u00e9d\u00e9ration Fran\u00e7aise de Lutte.<\/li>\n<li><strong>3 juillet :<\/strong> Tournoi de beach tennis avec des initiations offertes par le Tennis Club des Vespins et l&rsquo;association Attrap&rsquo; la Balle de Jo-Wilfried Tsonga.<\/li>\n<li><strong>5, 6 et 7 juillet :<\/strong> Finales des Championnats de France de beach volley avec la F\u00e9d\u00e9ration Fran\u00e7aise de Volley.<\/li>\n<li><strong>12 juillet :<\/strong> Initiations et d\u00e9monstrations gratuites de football am\u00e9ricain par l&rsquo;American Football Committee 06.<\/li>\n<li><strong>13 juillet :<\/strong> Tournoi de beach rugby avec le Stade Laurentin Rugby et la South PACA Rugby League.<\/li>\n<\/ul>\n<h4>Concerts Exceptionnels<\/h4>\n<p>Le 25 juin \u00e0 20h00, KISS FM Live lancera le Festival avec des artistes tels que Pierre Garnier, Keen&rsquo;V, Celestal et Devon Graves. Le 2 juillet \u00e0 21h00, un concert de charit\u00e9 Beach Party 80 mettra en vedette des artistes comme Mario d&rsquo;\u00c9mile et Images, Plastic Bertrand et Zouk Machine. Enfin, le 9 juillet \u00e0 21h30, GIMS donnera un concert de charit\u00e9 sur la plage de Cousteau, avec tous les b\u00e9n\u00e9fices revers\u00e9s \u00e0 l\u2019association Attrap\u2019 La Balle, fond\u00e9e par Jo-Wilfried Tsonga.<\/p>\n","protected":false},"excerpt":{"rendered":"<p>Du 25 juin au 31 ao\u00fbt 2024, la quatri\u00e8me \u00e9dition de \u00ab Un \u00e9t\u00e9 au CAP \u00bb \u00e0 CAP3000 de Saint Laurent du Var offrira une large gamme d&rsquo;activit\u00e9s, y compris du cin\u00e9ma en plein air, des balades, des concerts et des sports de [&hellip;]<\/p>\n","protected":false},"author":1,"featured_media":12220,"comment_status":"closed","ping_status":"closed","sticky":false,"template":"","format":"standard","meta":{"footnotes":""},"categories":[870,868],"tags":[],"class_list":["post-12224","post","type-post","status-publish","format-standard","has-post-thumbnail","hentry","category-cannes-fr","category-nice-fr"],"yoast_head":"<!-- This site is optimized with the Yoast SEO plugin v27.4 - https:\/\/yoast.com\/product\/yoast-seo-wordpress\/ -->\n<title>&quot;Un \u00e9t\u00e9 \u00e0 Cap&quot; - L&#039;\u00e9t\u00e9 \u00e0 Cap 3000<\/title>\n<meta name=\"description\" content=\"Du 25 juin au 31 ao\u00fbt 2024, la quatri\u00e8me \u00e9dition de \u00ab Un \u00e9t\u00e9 au CAP \u00bb \u00e0 CAP3000 de Saint Laurent du Var offrira une large gamme d&#039;activit\u00e9s, y compris du\" \/>\n<meta name=\"robots\" content=\"index, follow, max-snippet:-1, max-image-preview:large, max-video-preview:-1\" \/>\n<link rel=\"canonical\" href=\"https:\/\/montecarloliving.com\/fr\/cannes-fr\/ete-cap-lete-cap-3000-12224\/\" \/>\n<meta property=\"og:locale\" content=\"fr_FR\" \/>\n<meta property=\"og:title\" content=\"&quot;Un \u00e9t\u00e9 \u00e0 Cap&quot; - L&#039;\u00e9t\u00e9 \u00e0 Cap 3000\" \/>\n<meta property=\"og:description\" content=\"Du 25 juin au 31 ao\u00fbt 2024, la quatri\u00e8me \u00e9dition de \u00ab Un \u00e9t\u00e9 au CAP \u00bb \u00e0 CAP3000 de Saint Laurent du Var offrira une large gamme d&#039;activit\u00e9s, y compris du\" \/>\n<meta property=\"og:url\" content=\"https:\/\/montecarloliving.com\/fr\/cannes-fr\/ete-cap-lete-cap-3000-12224\/\" \/>\n<meta property=\"og:site_name\" content=\"Montecarlo Living\" \/>\n<meta property=\"article:publisher\" content=\"https:\/\/www.facebook.com\/montecarlolivingcom\/\" \/>\n<meta property=\"article:published_time\" content=\"2024-06-24T09:27:07+00:00\" \/>\n<meta property=\"article:modified_time\" content=\"2024-06-24T09:31:40+00:00\" \/>\n<meta property=\"og:image\" content=\"https:\/\/montecarloliving.com\/wp-content\/uploads\/2024\/06\/davidmarcel-cap3000-1920x1440-1-650x400.jpg\" \/>\n\t<meta property=\"og:image:width\" content=\"650\" \/>\n\t<meta property=\"og:image:height\" content=\"400\" \/>\n\t<meta property=\"og:image:type\" content=\"image\/jpeg\" \/>\n<meta name=\"author\" content=\"Redazione\" \/>\n<meta name=\"twitter:card\" content=\"summary_large_image\" \/>\n<meta name=\"twitter:creator\" content=\"@MonteCarloLivi\" \/>\n<meta name=\"twitter:site\" content=\"@MonteCarloLivi\" \/>\n<meta name=\"twitter:label1\" content=\"\u00c9crit par\" \/>\n\t<meta name=\"twitter:data1\" content=\"Redazione\" \/>\n\t<meta name=\"twitter:label2\" content=\"Dur\u00e9e de lecture estim\u00e9e\" \/>\n\t<meta name=\"twitter:data2\" content=\"3 minutes\" \/>\n<script type=\"application\/ld+json\" class=\"yoast-schema-graph\">{\"@context\":\"https:\\\/\\\/schema.org\",\"@graph\":[{\"@type\":\"Article\",\"@id\":\"https:\\\/\\\/montecarloliving.com\\\/fr\\\/cannes-fr\\\/ete-cap-lete-cap-3000-12224\\\/#article\",\"isPartOf\":{\"@id\":\"https:\\\/\\\/montecarloliving.com\\\/fr\\\/cannes-fr\\\/ete-cap-lete-cap-3000-12224\\\/\"},\"author\":{\"name\":\"Redazione\",\"@id\":\"https:\\\/\\\/montecarloliving.com\\\/fr\\\/#\\\/schema\\\/person\\\/7e5945d4560862b7f2d2c6831bda2819\"},\"headline\":\"\u00ab\u00a0Un \u00e9t\u00e9 \u00e0 Cap\u00a0\u00bb &#8211; L&rsquo;\u00e9t\u00e9 \u00e0 Cap 3000\",\"datePublished\":\"2024-06-24T09:27:07+00:00\",\"dateModified\":\"2024-06-24T09:31:40+00:00\",\"mainEntityOfPage\":{\"@id\":\"https:\\\/\\\/montecarloliving.com\\\/fr\\\/cannes-fr\\\/ete-cap-lete-cap-3000-12224\\\/\"},\"wordCount\":509,\"image\":{\"@id\":\"https:\\\/\\\/montecarloliving.com\\\/fr\\\/cannes-fr\\\/ete-cap-lete-cap-3000-12224\\\/#primaryimage\"},\"thumbnailUrl\":\"https:\\\/\\\/montecarloliving.com\\\/wp-content\\\/uploads\\\/2024\\\/06\\\/davidmarcel-cap3000-1920x1440-1.jpg\",\"articleSection\":[\"Cannes\",\"Nice\"],\"inLanguage\":\"fr-FR\"},{\"@type\":\"WebPage\",\"@id\":\"https:\\\/\\\/montecarloliving.com\\\/fr\\\/cannes-fr\\\/ete-cap-lete-cap-3000-12224\\\/\",\"url\":\"https:\\\/\\\/montecarloliving.com\\\/fr\\\/cannes-fr\\\/ete-cap-lete-cap-3000-12224\\\/\",\"name\":\"\\\"Un \u00e9t\u00e9 \u00e0 Cap\\\" - L'\u00e9t\u00e9 \u00e0 Cap 3000\",\"isPartOf\":{\"@id\":\"https:\\\/\\\/montecarloliving.com\\\/fr\\\/#website\"},\"primaryImageOfPage\":{\"@id\":\"https:\\\/\\\/montecarloliving.com\\\/fr\\\/cannes-fr\\\/ete-cap-lete-cap-3000-12224\\\/#primaryimage\"},\"image\":{\"@id\":\"https:\\\/\\\/montecarloliving.com\\\/fr\\\/cannes-fr\\\/ete-cap-lete-cap-3000-12224\\\/#primaryimage\"},\"thumbnailUrl\":\"https:\\\/\\\/montecarloliving.com\\\/wp-content\\\/uploads\\\/2024\\\/06\\\/davidmarcel-cap3000-1920x1440-1.jpg\",\"datePublished\":\"2024-06-24T09:27:07+00:00\",\"dateModified\":\"2024-06-24T09:31:40+00:00\",\"author\":{\"@id\":\"https:\\\/\\\/montecarloliving.com\\\/fr\\\/#\\\/schema\\\/person\\\/7e5945d4560862b7f2d2c6831bda2819\"},\"description\":\"Du 25 juin au 31 ao\u00fbt 2024, la quatri\u00e8me \u00e9dition de \u00ab Un \u00e9t\u00e9 au CAP \u00bb \u00e0 CAP3000 de Saint Laurent du Var offrira une large gamme d'activit\u00e9s, y compris du\",\"breadcrumb\":{\"@id\":\"https:\\\/\\\/montecarloliving.com\\\/fr\\\/cannes-fr\\\/ete-cap-lete-cap-3000-12224\\\/#breadcrumb\"},\"inLanguage\":\"fr-FR\",\"potentialAction\":[{\"@type\":\"ReadAction\",\"target\":[\"https:\\\/\\\/montecarloliving.com\\\/fr\\\/cannes-fr\\\/ete-cap-lete-cap-3000-12224\\\/\"]}]},{\"@type\":\"ImageObject\",\"inLanguage\":\"fr-FR\",\"@id\":\"https:\\\/\\\/montecarloliving.com\\\/fr\\\/cannes-fr\\\/ete-cap-lete-cap-3000-12224\\\/#primaryimage\",\"url\":\"https:\\\/\\\/montecarloliving.com\\\/wp-content\\\/uploads\\\/2024\\\/06\\\/davidmarcel-cap3000-1920x1440-1.jpg\",\"contentUrl\":\"https:\\\/\\\/montecarloliving.com\\\/wp-content\\\/uploads\\\/2024\\\/06\\\/davidmarcel-cap3000-1920x1440-1.jpg\",\"width\":1920,\"height\":1440},{\"@type\":\"BreadcrumbList\",\"@id\":\"https:\\\/\\\/montecarloliving.com\\\/fr\\\/cannes-fr\\\/ete-cap-lete-cap-3000-12224\\\/#breadcrumb\",\"itemListElement\":[{\"@type\":\"ListItem\",\"position\":1,\"name\":\"Home\",\"item\":\"https:\\\/\\\/montecarloliving.com\\\/fr\\\/\"},{\"@type\":\"ListItem\",\"position\":2,\"name\":\"&#8220;Un \u00e9t\u00e9 \u00e0 Cap&#8221; &#8211; L&#8217;\u00e9t\u00e9 \u00e0 Cap 3000\"}]},{\"@type\":\"WebSite\",\"@id\":\"https:\\\/\\\/montecarloliving.com\\\/fr\\\/#website\",\"url\":\"https:\\\/\\\/montecarloliving.com\\\/fr\\\/\",\"name\":\"Montecarlo Living\",\"description\":\"News da Montecarlo - Principato di Monaco e Costa Azzurra\",\"potentialAction\":[{\"@type\":\"SearchAction\",\"target\":{\"@type\":\"EntryPoint\",\"urlTemplate\":\"https:\\\/\\\/montecarloliving.com\\\/fr\\\/?s={search_term_string}\"},\"query-input\":{\"@type\":\"PropertyValueSpecification\",\"valueRequired\":true,\"valueName\":\"search_term_string\"}}],\"inLanguage\":\"fr-FR\"},{\"@type\":\"Person\",\"@id\":\"https:\\\/\\\/montecarloliving.com\\\/fr\\\/#\\\/schema\\\/person\\\/7e5945d4560862b7f2d2c6831bda2819\",\"name\":\"Redazione\",\"image\":{\"@type\":\"ImageObject\",\"inLanguage\":\"fr-FR\",\"@id\":\"https:\\\/\\\/secure.gravatar.com\\\/avatar\\\/8b5f26557e18fe74ad8e8a57ebb2925d88af8a90cee489ff2beefb391bc9b9c7?s=96&d=mm&r=g\",\"url\":\"https:\\\/\\\/secure.gravatar.com\\\/avatar\\\/8b5f26557e18fe74ad8e8a57ebb2925d88af8a90cee489ff2beefb391bc9b9c7?s=96&d=mm&r=g\",\"contentUrl\":\"https:\\\/\\\/secure.gravatar.com\\\/avatar\\\/8b5f26557e18fe74ad8e8a57ebb2925d88af8a90cee489ff2beefb391bc9b9c7?s=96&d=mm&r=g\",\"caption\":\"Redazione\"}}]}<\/script>\n<!-- \/ Yoast SEO plugin. -->","yoast_head_json":{"title":"\"Un \u00e9t\u00e9 \u00e0 Cap\" - L'\u00e9t\u00e9 \u00e0 Cap 3000","description":"Du 25 juin au 31 ao\u00fbt 2024, la quatri\u00e8me \u00e9dition de \u00ab Un \u00e9t\u00e9 au CAP \u00bb \u00e0 CAP3000 de Saint Laurent du Var offrira une large gamme d'activit\u00e9s, y compris du","robots":{"index":"index","follow":"follow","max-snippet":"max-snippet:-1","max-image-preview":"max-image-preview:large","max-video-preview":"max-video-preview:-1"},"canonical":"https:\/\/montecarloliving.com\/fr\/cannes-fr\/ete-cap-lete-cap-3000-12224\/","og_locale":"fr_FR","og_title":"\"Un \u00e9t\u00e9 \u00e0 Cap\" - L'\u00e9t\u00e9 \u00e0 Cap 3000","og_description":"Du 25 juin au 31 ao\u00fbt 2024, la quatri\u00e8me \u00e9dition de \u00ab Un \u00e9t\u00e9 au CAP \u00bb \u00e0 CAP3000 de Saint Laurent du Var offrira une large gamme d'activit\u00e9s, y compris du","og_url":"https:\/\/montecarloliving.com\/fr\/cannes-fr\/ete-cap-lete-cap-3000-12224\/","og_site_name":"Montecarlo Living","article_publisher":"https:\/\/www.facebook.com\/montecarlolivingcom\/","article_published_time":"2024-06-24T09:27:07+00:00","article_modified_time":"2024-06-24T09:31:40+00:00","og_image":[{"width":650,"height":400,"url":"https:\/\/montecarloliving.com\/wp-content\/uploads\/2024\/06\/davidmarcel-cap3000-1920x1440-1-650x400.jpg","type":"image\/jpeg"}],"author":"Redazione","twitter_card":"summary_large_image","twitter_creator":"@MonteCarloLivi","twitter_site":"@MonteCarloLivi","twitter_misc":{"\u00c9crit par":"Redazione","Dur\u00e9e de lecture estim\u00e9e":"3 minutes"},"schema":{"@context":"https:\/\/schema.org","@graph":[{"@type":"Article","@id":"https:\/\/montecarloliving.com\/fr\/cannes-fr\/ete-cap-lete-cap-3000-12224\/#article","isPartOf":{"@id":"https:\/\/montecarloliving.com\/fr\/cannes-fr\/ete-cap-lete-cap-3000-12224\/"},"author":{"name":"Redazione","@id":"https:\/\/montecarloliving.com\/fr\/#\/schema\/person\/7e5945d4560862b7f2d2c6831bda2819"},"headline":"\u00ab\u00a0Un \u00e9t\u00e9 \u00e0 Cap\u00a0\u00bb &#8211; L&rsquo;\u00e9t\u00e9 \u00e0 Cap 3000","datePublished":"2024-06-24T09:27:07+00:00","dateModified":"2024-06-24T09:31:40+00:00","mainEntityOfPage":{"@id":"https:\/\/montecarloliving.com\/fr\/cannes-fr\/ete-cap-lete-cap-3000-12224\/"},"wordCount":509,"image":{"@id":"https:\/\/montecarloliving.com\/fr\/cannes-fr\/ete-cap-lete-cap-3000-12224\/#primaryimage"},"thumbnailUrl":"https:\/\/montecarloliving.com\/wp-content\/uploads\/2024\/06\/davidmarcel-cap3000-1920x1440-1.jpg","articleSection":["Cannes","Nice"],"inLanguage":"fr-FR"},{"@type":"WebPage","@id":"https:\/\/montecarloliving.com\/fr\/cannes-fr\/ete-cap-lete-cap-3000-12224\/","url":"https:\/\/montecarloliving.com\/fr\/cannes-fr\/ete-cap-lete-cap-3000-12224\/","name":"\"Un \u00e9t\u00e9 \u00e0 Cap\" - L'\u00e9t\u00e9 \u00e0 Cap 3000","isPartOf":{"@id":"https:\/\/montecarloliving.com\/fr\/#website"},"primaryImageOfPage":{"@id":"https:\/\/montecarloliving.com\/fr\/cannes-fr\/ete-cap-lete-cap-3000-12224\/#primaryimage"},"image":{"@id":"https:\/\/montecarloliving.com\/fr\/cannes-fr\/ete-cap-lete-cap-3000-12224\/#primaryimage"},"thumbnailUrl":"https:\/\/montecarloliving.com\/wp-content\/uploads\/2024\/06\/davidmarcel-cap3000-1920x1440-1.jpg","datePublished":"2024-06-24T09:27:07+00:00","dateModified":"2024-06-24T09:31:40+00:00","author":{"@id":"https:\/\/montecarloliving.com\/fr\/#\/schema\/person\/7e5945d4560862b7f2d2c6831bda2819"},"description":"Du 25 juin au 31 ao\u00fbt 2024, la quatri\u00e8me \u00e9dition de \u00ab Un \u00e9t\u00e9 au CAP \u00bb \u00e0 CAP3000 de Saint Laurent du Var offrira une large gamme d'activit\u00e9s, y compris du","breadcrumb":{"@id":"https:\/\/montecarloliving.com\/fr\/cannes-fr\/ete-cap-lete-cap-3000-12224\/#breadcrumb"},"inLanguage":"fr-FR","potentialAction":[{"@type":"ReadAction","target":["https:\/\/montecarloliving.com\/fr\/cannes-fr\/ete-cap-lete-cap-3000-12224\/"]}]},{"@type":"ImageObject","inLanguage":"fr-FR","@id":"https:\/\/montecarloliving.com\/fr\/cannes-fr\/ete-cap-lete-cap-3000-12224\/#primaryimage","url":"https:\/\/montecarloliving.com\/wp-content\/uploads\/2024\/06\/davidmarcel-cap3000-1920x1440-1.jpg","contentUrl":"https:\/\/montecarloliving.com\/wp-content\/uploads\/2024\/06\/davidmarcel-cap3000-1920x1440-1.jpg","width":1920,"height":1440},{"@type":"BreadcrumbList","@id":"https:\/\/montecarloliving.com\/fr\/cannes-fr\/ete-cap-lete-cap-3000-12224\/#breadcrumb","itemListElement":[{"@type":"ListItem","position":1,"name":"Home","item":"https:\/\/montecarloliving.com\/fr\/"},{"@type":"ListItem","position":2,"name":"&#8220;Un \u00e9t\u00e9 \u00e0 Cap&#8221; &#8211; L&#8217;\u00e9t\u00e9 \u00e0 Cap 3000"}]},{"@type":"WebSite","@id":"https:\/\/montecarloliving.com\/fr\/#website","url":"https:\/\/montecarloliving.com\/fr\/","name":"Montecarlo Living","description":"News da Montecarlo - Principato di Monaco e Costa Azzurra","potentialAction":[{"@type":"SearchAction","target":{"@type":"EntryPoint","urlTemplate":"https:\/\/montecarloliving.com\/fr\/?s={search_term_string}"},"query-input":{"@type":"PropertyValueSpecification","valueRequired":true,"valueName":"search_term_string"}}],"inLanguage":"fr-FR"},{"@type":"Person","@id":"https:\/\/montecarloliving.com\/fr\/#\/schema\/person\/7e5945d4560862b7f2d2c6831bda2819","name":"Redazione","image":{"@type":"ImageObject","inLanguage":"fr-FR","@id":"https:\/\/secure.gravatar.com\/avatar\/8b5f26557e18fe74ad8e8a57ebb2925d88af8a90cee489ff2beefb391bc9b9c7?s=96&d=mm&r=g","url":"https:\/\/secure.gravatar.com\/avatar\/8b5f26557e18fe74ad8e8a57ebb2925d88af8a90cee489ff2beefb391bc9b9c7?s=96&d=mm&r=g","contentUrl":"https:\/\/secure.gravatar.com\/avatar\/8b5f26557e18fe74ad8e8a57ebb2925d88af8a90cee489ff2beefb391bc9b9c7?s=96&d=mm&r=g","caption":"Redazione"}}]}},"_links":{"self":[{"href":"https:\/\/montecarloliving.com\/fr\/wp-json\/wp\/v2\/posts\/12224","targetHints":{"allow":["GET"]}}],"collection":[{"href":"https:\/\/montecarloliving.com\/fr\/wp-json\/wp\/v2\/posts"}],"about":[{"href":"https:\/\/montecarloliving.com\/fr\/wp-json\/wp\/v2\/types\/post"}],"author":[{"embeddable":true,"href":"https:\/\/montecarloliving.com\/fr\/wp-json\/wp\/v2\/users\/1"}],"replies":[{"embeddable":true,"href":"https:\/\/montecarloliving.com\/fr\/wp-json\/wp\/v2\/comments?post=12224"}],"version-history":[{"count":1,"href":"https:\/\/montecarloliving.com\/fr\/wp-json\/wp\/v2\/posts\/12224\/revisions"}],"predecessor-version":[{"id":12225,"href":"https:\/\/montecarloliving.com\/fr\/wp-json\/wp\/v2\/posts\/12224\/revisions\/12225"}],"wp:featuredmedia":[{"embeddable":true,"href":"https:\/\/montecarloliving.com\/fr\/wp-json\/wp\/v2\/media\/12220"}],"wp:attachment":[{"href":"https:\/\/montecarloliving.com\/fr\/wp-json\/wp\/v2\/media?parent=12224"}],"wp:term":[{"taxonomy":"category","embeddable":true,"href":"https:\/\/montecarloliving.com\/fr\/wp-json\/wp\/v2\/categories?post=12224"},{"taxonomy":"post_tag","embeddable":true,"href":"https:\/\/montecarloliving.com\/fr\/wp-json\/wp\/v2\/tags?post=12224"}],"curies":[{"name":"wp","href":"https:\/\/api.w.org\/{rel}","templated":true}]}}