{"id":12042,"date":"2024-06-17T11:24:48","date_gmt":"2024-06-17T09:24:48","guid":{"rendered":"https:\/\/montecarloliving.com\/?p=12042"},"modified":"2024-06-17T11:32:01","modified_gmt":"2024-06-17T09:32:01","slug":"six-relayeurs-monegasques-porteront-flamme-olympique-lors-de-son-passage-monaco-mardi-18-juin-2024","status":"publish","type":"post","link":"https:\/\/montecarloliving.com\/fr\/actualite\/six-relayeurs-monegasques-porteront-flamme-olympique-lors-de-son-passage-monaco-mardi-18-juin-2024-12042\/","title":{"rendered":"Six relayeurs mon\u00e9gasques porteront la Flamme Olympique lors de son passage \u00e0 Monaco mardi 18 juin 2024"},"content":{"rendered":"<p>La Principaut\u00e9 de Monaco s\u2019appr\u00eate \u00e0 accueillir la Flamme Olympique, qui sera port\u00e9e par six relayeurs mon\u00e9gasques, mardi 18 juin 2024.<br \/>\nA 14h15, devant la statue de Juan Manuel Fangio, situ\u00e9e sur le Port Hercule, le champion de Formule 1, Charles Leclerc, sera le premier relayeur. La Flamme sera ensuite port\u00e9e successivement par la skieuse Alexandra Coletti, la pongiste Xiaoxin Yang et le pilote de bobsleigh, Rudy Rinaldi, qui la remettra \u00e0 LL.AA.SS. le Prince Albert II et la Princesse Charl\u00e8ne devant la statue de Malizia, place du Palais.<br \/>\nLa Flamme Olympique suivra le trac\u00e9 suivant : https:\/\/urls.fr\/of7xxa Elle sera visible pour le public au d\u00e9part du Relais, le long de l\u2019avenue du Port, \u00e0 l\u2019angle de la Place du March\u00e9 et place du Palais.<br \/>\nEn attendant d&rsquo;accueillir les relayeurs, place du Palais, les spectateurs pourront d\u00e9couvrir un montage d&rsquo;images d&rsquo;archives, con\u00e7u et r\u00e9alis\u00e9 par l&rsquo;Institut audiovisuel et les Archives du Palais de Monaco, \u00e9voquant la participation mon\u00e9gasque aux Jeux Olympiques de Paris il y a 100 ans, la m\u00e9daille de bronze d\u00e9cern\u00e9e \u00e0 l&rsquo;architecte mon\u00e9gasque Julien M\u00e9decin (1894-1986) pour ses dessins d&rsquo;urbanisme (une discipline alors au programme), le titre de Champion Olympique de John B. Kelly en aviron, mais aussi le premier passage de la Flamme Olympique \u00e0 Monaco, il y a 56 ans, sur le chemin des Jeux Olympique d&rsquo;hiver de Grenoble en 1968.<br \/>\nA l\u2019occasion de cet \u00e9v\u00e9nement et durant toute la p\u00e9riode olympique, la porte sup\u00e9rieure (dat\u00e9e 1533) de la Rampe Major, sur l&rsquo;itin\u00e9raire de la Flamme Olympique, sera habill\u00e9e, des deux c\u00f4t\u00e9s, d&rsquo;un grand visuel rappelant que John B. Kelly (1889-1960), p\u00e8re de la Princesse Grace et grand-p\u00e8re de S.A.S. le Prince Albert II, a \u00e9t\u00e9 m\u00e9daill\u00e9 d&rsquo;or en aviron (deux de couple) aux Jeux Olympiques de Paris en 1924, il y a cent ans.<\/p>\n<p><strong>Recommandations<\/strong><br \/>\nLes personnes souhaitant assister au passage de la Flamme Olympique sont invit\u00e9es \u00e0 tenir compte des coupures de circulation dans la zone entre 13h et 15h. Les pi\u00e9tons ne pourront pas acc\u00e9der \u00e0 la Rampe Major entre 13h et 14h45, cheminer \u00e0 l\u2019int\u00e9rieur des zones du parcours d\u00e9limit\u00e9 par des barri\u00e8res et emprunter les passages prot\u00e9g\u00e9s situ\u00e9s le long de ce parcours, notamment celui du bas de l\u2019avenue de la Porte Neuve entre 14h et 14h45.<br \/>\nPour assurer la s\u00e9curit\u00e9 de l\u2019\u00e9v\u00e9nement, des points de filtrages seront mis en place tout le long du parcours, ainsi qu\u2019aux acc\u00e8s de la place du Palais.<\/p>\n<p>Suivre les impacts sur la voirie en temps r\u00e9el : <a href=\"https:\/\/www.waze.com\/fr\/events\/la-flamme-olympique-MN-2024-06-18\">https:\/\/www.waze.com\/fr\/events\/la-flamme-olympique-MN-2024-06-18<\/a><\/p>\n<p><a href=\"https:\/\/montecarloliving.com\/wp-content\/uploads\/2024\/06\/Relais-de-la-Flamme-Olympique-ai\u00bf\u00bd-Monaco-Fiches-sur-les-relayeurs.pdf\">Relais de la Flamme Olympique a\u00ef\u00bf\u00bd Monaco &#8211; Fiches sur les relayeurs<\/a><\/p>\n","protected":false},"excerpt":{"rendered":"<p>La Principaut\u00e9 de Monaco s\u2019appr\u00eate \u00e0 accueillir la Flamme Olympique, qui sera port\u00e9e par six relayeurs mon\u00e9gasques, mardi 18 juin 2024. A 14h15, devant la statue de Juan Manuel Fangio, situ\u00e9e sur le Port Hercule, le champion de Formule 1, Charles Leclerc, sera le [&hellip;]<\/p>\n","protected":false},"author":1,"featured_media":12043,"comment_status":"closed","ping_status":"closed","sticky":false,"template":"","format":"standard","meta":{"footnotes":""},"categories":[827,875,828,867],"tags":[],"class_list":["post-12042","post","type-post","status-publish","format-standard","has-post-thumbnail","hentry","category-actualite","category-actualite-monaco","category-evenements","category-monaco-fr"],"yoast_head":"<!-- This site is optimized with the Yoast SEO plugin v27.4 - https:\/\/yoast.com\/product\/yoast-seo-wordpress\/ -->\n<title>Six relayeurs mon\u00e9gasques porteront la Flamme Olympique lors de son passage \u00e0 Monaco mardi 18 juin 2024<\/title>\n<meta name=\"description\" content=\"La Principaut\u00e9 de Monaco s\u2019appr\u00eate \u00e0 accueillir la Flamme Olympique, qui sera port\u00e9e par six relayeurs mon\u00e9gasques, mardi 18 juin 2024. A 14h15, devant la\" \/>\n<meta name=\"robots\" content=\"index, follow, max-snippet:-1, max-image-preview:large, max-video-preview:-1\" \/>\n<link rel=\"canonical\" href=\"https:\/\/montecarloliving.com\/fr\/actualite\/six-relayeurs-monegasques-porteront-flamme-olympique-lors-de-son-passage-monaco-mardi-18-juin-2024-12042\/\" \/>\n<meta property=\"og:locale\" content=\"fr_FR\" \/>\n<meta property=\"og:title\" content=\"Six relayeurs mon\u00e9gasques porteront la Flamme Olympique lors de son passage \u00e0 Monaco mardi 18 juin 2024\" \/>\n<meta property=\"og:description\" content=\"La Principaut\u00e9 de Monaco s\u2019appr\u00eate \u00e0 accueillir la Flamme Olympique, qui sera port\u00e9e par six relayeurs mon\u00e9gasques, mardi 18 juin 2024. A 14h15, devant la\" \/>\n<meta property=\"og:url\" content=\"https:\/\/montecarloliving.com\/fr\/actualite\/six-relayeurs-monegasques-porteront-flamme-olympique-lors-de-son-passage-monaco-mardi-18-juin-2024-12042\/\" \/>\n<meta property=\"og:site_name\" content=\"Montecarlo Living\" \/>\n<meta property=\"article:publisher\" content=\"https:\/\/www.facebook.com\/montecarlolivingcom\/\" \/>\n<meta property=\"article:published_time\" content=\"2024-06-17T09:24:48+00:00\" \/>\n<meta property=\"article:modified_time\" content=\"2024-06-17T09:32:01+00:00\" \/>\n<meta property=\"og:image\" content=\"https:\/\/montecarloliving.com\/wp-content\/uploads\/2024\/06\/870x489_000_ay2c0-650x400.jpg\" \/>\n\t<meta property=\"og:image:width\" content=\"650\" \/>\n\t<meta property=\"og:image:height\" content=\"400\" \/>\n\t<meta property=\"og:image:type\" content=\"image\/jpeg\" \/>\n<meta name=\"author\" content=\"Redazione\" \/>\n<meta name=\"twitter:card\" content=\"summary_large_image\" \/>\n<meta name=\"twitter:creator\" content=\"@MonteCarloLivi\" \/>\n<meta name=\"twitter:site\" content=\"@MonteCarloLivi\" \/>\n<meta name=\"twitter:label1\" content=\"\u00c9crit par\" \/>\n\t<meta name=\"twitter:data1\" content=\"Redazione\" \/>\n\t<meta name=\"twitter:label2\" content=\"Dur\u00e9e de lecture estim\u00e9e\" \/>\n\t<meta name=\"twitter:data2\" content=\"3 minutes\" \/>\n<script type=\"application\/ld+json\" class=\"yoast-schema-graph\">{\"@context\":\"https:\\\/\\\/schema.org\",\"@graph\":[{\"@type\":\"Article\",\"@id\":\"https:\\\/\\\/montecarloliving.com\\\/fr\\\/actualite\\\/six-relayeurs-monegasques-porteront-flamme-olympique-lors-de-son-passage-monaco-mardi-18-juin-2024-12042\\\/#article\",\"isPartOf\":{\"@id\":\"https:\\\/\\\/montecarloliving.com\\\/fr\\\/actualite\\\/six-relayeurs-monegasques-porteront-flamme-olympique-lors-de-son-passage-monaco-mardi-18-juin-2024-12042\\\/\"},\"author\":{\"name\":\"Redazione\",\"@id\":\"https:\\\/\\\/montecarloliving.com\\\/fr\\\/#\\\/schema\\\/person\\\/7e5945d4560862b7f2d2c6831bda2819\"},\"headline\":\"Six relayeurs mon\u00e9gasques porteront la Flamme Olympique lors de son passage \u00e0 Monaco mardi 18 juin 2024\",\"datePublished\":\"2024-06-17T09:24:48+00:00\",\"dateModified\":\"2024-06-17T09:32:01+00:00\",\"mainEntityOfPage\":{\"@id\":\"https:\\\/\\\/montecarloliving.com\\\/fr\\\/actualite\\\/six-relayeurs-monegasques-porteront-flamme-olympique-lors-de-son-passage-monaco-mardi-18-juin-2024-12042\\\/\"},\"wordCount\":498,\"image\":{\"@id\":\"https:\\\/\\\/montecarloliving.com\\\/fr\\\/actualite\\\/six-relayeurs-monegasques-porteront-flamme-olympique-lors-de-son-passage-monaco-mardi-18-juin-2024-12042\\\/#primaryimage\"},\"thumbnailUrl\":\"https:\\\/\\\/montecarloliving.com\\\/wp-content\\\/uploads\\\/2024\\\/06\\\/870x489_000_ay2c0.jpg\",\"articleSection\":[\"Actualit\u00e9\",\"Actualit\u00e9 \u00e0 Monaco\",\"\u00c9v\u00e9nements\",\"Monaco\"],\"inLanguage\":\"fr-FR\"},{\"@type\":\"WebPage\",\"@id\":\"https:\\\/\\\/montecarloliving.com\\\/fr\\\/actualite\\\/six-relayeurs-monegasques-porteront-flamme-olympique-lors-de-son-passage-monaco-mardi-18-juin-2024-12042\\\/\",\"url\":\"https:\\\/\\\/montecarloliving.com\\\/fr\\\/actualite\\\/six-relayeurs-monegasques-porteront-flamme-olympique-lors-de-son-passage-monaco-mardi-18-juin-2024-12042\\\/\",\"name\":\"Six relayeurs mon\u00e9gasques porteront la Flamme Olympique lors de son passage \u00e0 Monaco mardi 18 juin 2024\",\"isPartOf\":{\"@id\":\"https:\\\/\\\/montecarloliving.com\\\/fr\\\/#website\"},\"primaryImageOfPage\":{\"@id\":\"https:\\\/\\\/montecarloliving.com\\\/fr\\\/actualite\\\/six-relayeurs-monegasques-porteront-flamme-olympique-lors-de-son-passage-monaco-mardi-18-juin-2024-12042\\\/#primaryimage\"},\"image\":{\"@id\":\"https:\\\/\\\/montecarloliving.com\\\/fr\\\/actualite\\\/six-relayeurs-monegasques-porteront-flamme-olympique-lors-de-son-passage-monaco-mardi-18-juin-2024-12042\\\/#primaryimage\"},\"thumbnailUrl\":\"https:\\\/\\\/montecarloliving.com\\\/wp-content\\\/uploads\\\/2024\\\/06\\\/870x489_000_ay2c0.jpg\",\"datePublished\":\"2024-06-17T09:24:48+00:00\",\"dateModified\":\"2024-06-17T09:32:01+00:00\",\"author\":{\"@id\":\"https:\\\/\\\/montecarloliving.com\\\/fr\\\/#\\\/schema\\\/person\\\/7e5945d4560862b7f2d2c6831bda2819\"},\"description\":\"La Principaut\u00e9 de Monaco s\u2019appr\u00eate \u00e0 accueillir la Flamme Olympique, qui sera port\u00e9e par six relayeurs mon\u00e9gasques, mardi 18 juin 2024. A 14h15, devant la\",\"breadcrumb\":{\"@id\":\"https:\\\/\\\/montecarloliving.com\\\/fr\\\/actualite\\\/six-relayeurs-monegasques-porteront-flamme-olympique-lors-de-son-passage-monaco-mardi-18-juin-2024-12042\\\/#breadcrumb\"},\"inLanguage\":\"fr-FR\",\"potentialAction\":[{\"@type\":\"ReadAction\",\"target\":[\"https:\\\/\\\/montecarloliving.com\\\/fr\\\/actualite\\\/six-relayeurs-monegasques-porteront-flamme-olympique-lors-de-son-passage-monaco-mardi-18-juin-2024-12042\\\/\"]}]},{\"@type\":\"ImageObject\",\"inLanguage\":\"fr-FR\",\"@id\":\"https:\\\/\\\/montecarloliving.com\\\/fr\\\/actualite\\\/six-relayeurs-monegasques-porteront-flamme-olympique-lors-de-son-passage-monaco-mardi-18-juin-2024-12042\\\/#primaryimage\",\"url\":\"https:\\\/\\\/montecarloliving.com\\\/wp-content\\\/uploads\\\/2024\\\/06\\\/870x489_000_ay2c0.jpg\",\"contentUrl\":\"https:\\\/\\\/montecarloliving.com\\\/wp-content\\\/uploads\\\/2024\\\/06\\\/870x489_000_ay2c0.jpg\",\"width\":870,\"height\":489},{\"@type\":\"BreadcrumbList\",\"@id\":\"https:\\\/\\\/montecarloliving.com\\\/fr\\\/actualite\\\/six-relayeurs-monegasques-porteront-flamme-olympique-lors-de-son-passage-monaco-mardi-18-juin-2024-12042\\\/#breadcrumb\",\"itemListElement\":[{\"@type\":\"ListItem\",\"position\":1,\"name\":\"Home\",\"item\":\"https:\\\/\\\/montecarloliving.com\\\/fr\\\/\"},{\"@type\":\"ListItem\",\"position\":2,\"name\":\"Six relayeurs mon\u00e9gasques porteront la Flamme Olympique lors de son passage \u00e0 Monaco mardi 18 juin 2024\"}]},{\"@type\":\"WebSite\",\"@id\":\"https:\\\/\\\/montecarloliving.com\\\/fr\\\/#website\",\"url\":\"https:\\\/\\\/montecarloliving.com\\\/fr\\\/\",\"name\":\"Montecarlo Living\",\"description\":\"News da Montecarlo - Principato di Monaco e Costa Azzurra\",\"potentialAction\":[{\"@type\":\"SearchAction\",\"target\":{\"@type\":\"EntryPoint\",\"urlTemplate\":\"https:\\\/\\\/montecarloliving.com\\\/fr\\\/?s={search_term_string}\"},\"query-input\":{\"@type\":\"PropertyValueSpecification\",\"valueRequired\":true,\"valueName\":\"search_term_string\"}}],\"inLanguage\":\"fr-FR\"},{\"@type\":\"Person\",\"@id\":\"https:\\\/\\\/montecarloliving.com\\\/fr\\\/#\\\/schema\\\/person\\\/7e5945d4560862b7f2d2c6831bda2819\",\"name\":\"Redazione\",\"image\":{\"@type\":\"ImageObject\",\"inLanguage\":\"fr-FR\",\"@id\":\"https:\\\/\\\/secure.gravatar.com\\\/avatar\\\/8b5f26557e18fe74ad8e8a57ebb2925d88af8a90cee489ff2beefb391bc9b9c7?s=96&d=mm&r=g\",\"url\":\"https:\\\/\\\/secure.gravatar.com\\\/avatar\\\/8b5f26557e18fe74ad8e8a57ebb2925d88af8a90cee489ff2beefb391bc9b9c7?s=96&d=mm&r=g\",\"contentUrl\":\"https:\\\/\\\/secure.gravatar.com\\\/avatar\\\/8b5f26557e18fe74ad8e8a57ebb2925d88af8a90cee489ff2beefb391bc9b9c7?s=96&d=mm&r=g\",\"caption\":\"Redazione\"}}]}<\/script>\n<!-- \/ Yoast SEO plugin. -->","yoast_head_json":{"title":"Six relayeurs mon\u00e9gasques porteront la Flamme Olympique lors de son passage \u00e0 Monaco mardi 18 juin 2024","description":"La Principaut\u00e9 de Monaco s\u2019appr\u00eate \u00e0 accueillir la Flamme Olympique, qui sera port\u00e9e par six relayeurs mon\u00e9gasques, mardi 18 juin 2024. A 14h15, devant la","robots":{"index":"index","follow":"follow","max-snippet":"max-snippet:-1","max-image-preview":"max-image-preview:large","max-video-preview":"max-video-preview:-1"},"canonical":"https:\/\/montecarloliving.com\/fr\/actualite\/six-relayeurs-monegasques-porteront-flamme-olympique-lors-de-son-passage-monaco-mardi-18-juin-2024-12042\/","og_locale":"fr_FR","og_title":"Six relayeurs mon\u00e9gasques porteront la Flamme Olympique lors de son passage \u00e0 Monaco mardi 18 juin 2024","og_description":"La Principaut\u00e9 de Monaco s\u2019appr\u00eate \u00e0 accueillir la Flamme Olympique, qui sera port\u00e9e par six relayeurs mon\u00e9gasques, mardi 18 juin 2024. A 14h15, devant la","og_url":"https:\/\/montecarloliving.com\/fr\/actualite\/six-relayeurs-monegasques-porteront-flamme-olympique-lors-de-son-passage-monaco-mardi-18-juin-2024-12042\/","og_site_name":"Montecarlo Living","article_publisher":"https:\/\/www.facebook.com\/montecarlolivingcom\/","article_published_time":"2024-06-17T09:24:48+00:00","article_modified_time":"2024-06-17T09:32:01+00:00","og_image":[{"width":650,"height":400,"url":"https:\/\/montecarloliving.com\/wp-content\/uploads\/2024\/06\/870x489_000_ay2c0-650x400.jpg","type":"image\/jpeg"}],"author":"Redazione","twitter_card":"summary_large_image","twitter_creator":"@MonteCarloLivi","twitter_site":"@MonteCarloLivi","twitter_misc":{"\u00c9crit par":"Redazione","Dur\u00e9e de lecture estim\u00e9e":"3 minutes"},"schema":{"@context":"https:\/\/schema.org","@graph":[{"@type":"Article","@id":"https:\/\/montecarloliving.com\/fr\/actualite\/six-relayeurs-monegasques-porteront-flamme-olympique-lors-de-son-passage-monaco-mardi-18-juin-2024-12042\/#article","isPartOf":{"@id":"https:\/\/montecarloliving.com\/fr\/actualite\/six-relayeurs-monegasques-porteront-flamme-olympique-lors-de-son-passage-monaco-mardi-18-juin-2024-12042\/"},"author":{"name":"Redazione","@id":"https:\/\/montecarloliving.com\/fr\/#\/schema\/person\/7e5945d4560862b7f2d2c6831bda2819"},"headline":"Six relayeurs mon\u00e9gasques porteront la Flamme Olympique lors de son passage \u00e0 Monaco mardi 18 juin 2024","datePublished":"2024-06-17T09:24:48+00:00","dateModified":"2024-06-17T09:32:01+00:00","mainEntityOfPage":{"@id":"https:\/\/montecarloliving.com\/fr\/actualite\/six-relayeurs-monegasques-porteront-flamme-olympique-lors-de-son-passage-monaco-mardi-18-juin-2024-12042\/"},"wordCount":498,"image":{"@id":"https:\/\/montecarloliving.com\/fr\/actualite\/six-relayeurs-monegasques-porteront-flamme-olympique-lors-de-son-passage-monaco-mardi-18-juin-2024-12042\/#primaryimage"},"thumbnailUrl":"https:\/\/montecarloliving.com\/wp-content\/uploads\/2024\/06\/870x489_000_ay2c0.jpg","articleSection":["Actualit\u00e9","Actualit\u00e9 \u00e0 Monaco","\u00c9v\u00e9nements","Monaco"],"inLanguage":"fr-FR"},{"@type":"WebPage","@id":"https:\/\/montecarloliving.com\/fr\/actualite\/six-relayeurs-monegasques-porteront-flamme-olympique-lors-de-son-passage-monaco-mardi-18-juin-2024-12042\/","url":"https:\/\/montecarloliving.com\/fr\/actualite\/six-relayeurs-monegasques-porteront-flamme-olympique-lors-de-son-passage-monaco-mardi-18-juin-2024-12042\/","name":"Six relayeurs mon\u00e9gasques porteront la Flamme Olympique lors de son passage \u00e0 Monaco mardi 18 juin 2024","isPartOf":{"@id":"https:\/\/montecarloliving.com\/fr\/#website"},"primaryImageOfPage":{"@id":"https:\/\/montecarloliving.com\/fr\/actualite\/six-relayeurs-monegasques-porteront-flamme-olympique-lors-de-son-passage-monaco-mardi-18-juin-2024-12042\/#primaryimage"},"image":{"@id":"https:\/\/montecarloliving.com\/fr\/actualite\/six-relayeurs-monegasques-porteront-flamme-olympique-lors-de-son-passage-monaco-mardi-18-juin-2024-12042\/#primaryimage"},"thumbnailUrl":"https:\/\/montecarloliving.com\/wp-content\/uploads\/2024\/06\/870x489_000_ay2c0.jpg","datePublished":"2024-06-17T09:24:48+00:00","dateModified":"2024-06-17T09:32:01+00:00","author":{"@id":"https:\/\/montecarloliving.com\/fr\/#\/schema\/person\/7e5945d4560862b7f2d2c6831bda2819"},"description":"La Principaut\u00e9 de Monaco s\u2019appr\u00eate \u00e0 accueillir la Flamme Olympique, qui sera port\u00e9e par six relayeurs mon\u00e9gasques, mardi 18 juin 2024. A 14h15, devant la","breadcrumb":{"@id":"https:\/\/montecarloliving.com\/fr\/actualite\/six-relayeurs-monegasques-porteront-flamme-olympique-lors-de-son-passage-monaco-mardi-18-juin-2024-12042\/#breadcrumb"},"inLanguage":"fr-FR","potentialAction":[{"@type":"ReadAction","target":["https:\/\/montecarloliving.com\/fr\/actualite\/six-relayeurs-monegasques-porteront-flamme-olympique-lors-de-son-passage-monaco-mardi-18-juin-2024-12042\/"]}]},{"@type":"ImageObject","inLanguage":"fr-FR","@id":"https:\/\/montecarloliving.com\/fr\/actualite\/six-relayeurs-monegasques-porteront-flamme-olympique-lors-de-son-passage-monaco-mardi-18-juin-2024-12042\/#primaryimage","url":"https:\/\/montecarloliving.com\/wp-content\/uploads\/2024\/06\/870x489_000_ay2c0.jpg","contentUrl":"https:\/\/montecarloliving.com\/wp-content\/uploads\/2024\/06\/870x489_000_ay2c0.jpg","width":870,"height":489},{"@type":"BreadcrumbList","@id":"https:\/\/montecarloliving.com\/fr\/actualite\/six-relayeurs-monegasques-porteront-flamme-olympique-lors-de-son-passage-monaco-mardi-18-juin-2024-12042\/#breadcrumb","itemListElement":[{"@type":"ListItem","position":1,"name":"Home","item":"https:\/\/montecarloliving.com\/fr\/"},{"@type":"ListItem","position":2,"name":"Six relayeurs mon\u00e9gasques porteront la Flamme Olympique lors de son passage \u00e0 Monaco mardi 18 juin 2024"}]},{"@type":"WebSite","@id":"https:\/\/montecarloliving.com\/fr\/#website","url":"https:\/\/montecarloliving.com\/fr\/","name":"Montecarlo Living","description":"News da Montecarlo - Principato di Monaco e Costa Azzurra","potentialAction":[{"@type":"SearchAction","target":{"@type":"EntryPoint","urlTemplate":"https:\/\/montecarloliving.com\/fr\/?s={search_term_string}"},"query-input":{"@type":"PropertyValueSpecification","valueRequired":true,"valueName":"search_term_string"}}],"inLanguage":"fr-FR"},{"@type":"Person","@id":"https:\/\/montecarloliving.com\/fr\/#\/schema\/person\/7e5945d4560862b7f2d2c6831bda2819","name":"Redazione","image":{"@type":"ImageObject","inLanguage":"fr-FR","@id":"https:\/\/secure.gravatar.com\/avatar\/8b5f26557e18fe74ad8e8a57ebb2925d88af8a90cee489ff2beefb391bc9b9c7?s=96&d=mm&r=g","url":"https:\/\/secure.gravatar.com\/avatar\/8b5f26557e18fe74ad8e8a57ebb2925d88af8a90cee489ff2beefb391bc9b9c7?s=96&d=mm&r=g","contentUrl":"https:\/\/secure.gravatar.com\/avatar\/8b5f26557e18fe74ad8e8a57ebb2925d88af8a90cee489ff2beefb391bc9b9c7?s=96&d=mm&r=g","caption":"Redazione"}}]}},"_links":{"self":[{"href":"https:\/\/montecarloliving.com\/fr\/wp-json\/wp\/v2\/posts\/12042","targetHints":{"allow":["GET"]}}],"collection":[{"href":"https:\/\/montecarloliving.com\/fr\/wp-json\/wp\/v2\/posts"}],"about":[{"href":"https:\/\/montecarloliving.com\/fr\/wp-json\/wp\/v2\/types\/post"}],"author":[{"embeddable":true,"href":"https:\/\/montecarloliving.com\/fr\/wp-json\/wp\/v2\/users\/1"}],"replies":[{"embeddable":true,"href":"https:\/\/montecarloliving.com\/fr\/wp-json\/wp\/v2\/comments?post=12042"}],"version-history":[{"count":3,"href":"https:\/\/montecarloliving.com\/fr\/wp-json\/wp\/v2\/posts\/12042\/revisions"}],"predecessor-version":[{"id":12058,"href":"https:\/\/montecarloliving.com\/fr\/wp-json\/wp\/v2\/posts\/12042\/revisions\/12058"}],"wp:featuredmedia":[{"embeddable":true,"href":"https:\/\/montecarloliving.com\/fr\/wp-json\/wp\/v2\/media\/12043"}],"wp:attachment":[{"href":"https:\/\/montecarloliving.com\/fr\/wp-json\/wp\/v2\/media?parent=12042"}],"wp:term":[{"taxonomy":"category","embeddable":true,"href":"https:\/\/montecarloliving.com\/fr\/wp-json\/wp\/v2\/categories?post=12042"},{"taxonomy":"post_tag","embeddable":true,"href":"https:\/\/montecarloliving.com\/fr\/wp-json\/wp\/v2\/tags?post=12042"}],"curies":[{"name":"wp","href":"https:\/\/api.w.org\/{rel}","templated":true}]}}