{"id":11858,"date":"2024-06-11T09:36:53","date_gmt":"2024-06-11T07:36:53","guid":{"rendered":"https:\/\/montecarloliving.com\/?p=11858"},"modified":"2024-06-11T09:41:36","modified_gmt":"2024-06-11T07:41:36","slug":"journees-europeennes-de-larcheologie-au-mar-de-ventimiglia","status":"publish","type":"post","link":"https:\/\/montecarloliving.com\/fr\/evenements\/journees-europeennes-de-larcheologie-au-mar-de-ventimiglia-11858\/","title":{"rendered":"Journ\u00e9es Europ\u00e9ennes de l&rsquo;Arch\u00e9ologie au MAR de Ventimiglia"},"content":{"rendered":"<p>Cette ann\u00e9e encore, le MAR participe aux Journ\u00e9es Europ\u00e9ennes de l&rsquo;Arch\u00e9ologie, qui se d\u00e9rouleront dans tous les mus\u00e9es et sites arch\u00e9ologiques europ\u00e9ens du 14 au 16 juin.<\/p>\n<p>Du vendredi au dimanche, il sera possible de visiter le Mus\u00e9e pour le prix symbolique de 1,00 \u20ac, et le samedi 15 juin (\u00e0 11h00 et \u00e0 16h00), vous pourrez profiter d&rsquo;une visite guid\u00e9e pour d\u00e9couvrir le \u00ab\u00a0dernier voyage\u00a0\u00bb des anciens Romains \u00e0 travers certains artefacts de la ville romaine d&rsquo;Albintimilium expos\u00e9s dans les salles du Mus\u00e9e.<\/p>\n<p><img loading=\"lazy\" decoding=\"async\" class=\" wp-image-11854 aligncenter\" src=\"https:\/\/montecarloliving.com\/wp-content\/uploads\/2024\/06\/locandina-GEA-2024-al-MAR-di-Ventimiglia.jpg\" alt=\"\" width=\"368\" height=\"533\" srcset=\"https:\/\/montecarloliving.com\/wp-content\/uploads\/2024\/06\/locandina-GEA-2024-al-MAR-di-Ventimiglia.jpg 1096w, https:\/\/montecarloliving.com\/wp-content\/uploads\/2024\/06\/locandina-GEA-2024-al-MAR-di-Ventimiglia-207x300.jpg 207w, https:\/\/montecarloliving.com\/wp-content\/uploads\/2024\/06\/locandina-GEA-2024-al-MAR-di-Ventimiglia-707x1024.jpg 707w, https:\/\/montecarloliving.com\/wp-content\/uploads\/2024\/06\/locandina-GEA-2024-al-MAR-di-Ventimiglia-768x1113.jpg 768w, https:\/\/montecarloliving.com\/wp-content\/uploads\/2024\/06\/locandina-GEA-2024-al-MAR-di-Ventimiglia-1060x1536.jpg 1060w\" sizes=\"auto, (max-width: 368px) 100vw, 368px\" \/><\/p>\n<p>INFO: <em>Mus\u00e9e Arch\u00e9ologique Civique Girolamo Rossi<\/em><\/p>\n<p><em>Via Verdi 41<\/em><\/p>\n<p><em>18039 Vintimille<\/em><\/p>\n<p><em>0184\/351181\/\u00a0<a rel=\"noreferrer\">museoventimiglia@gmail.com<\/a>\/<a href=\"http:\/\/www.marventimiglia.it\" target=\"_new\" rel=\"noreferrer noopener\">www.marventimiglia.it<\/a><\/em><\/p>\n","protected":false},"excerpt":{"rendered":"<p>Cette ann\u00e9e encore, le MAR participe aux Journ\u00e9es Europ\u00e9ennes de l&rsquo;Arch\u00e9ologie, qui se d\u00e9rouleront dans tous les mus\u00e9es et sites arch\u00e9ologiques europ\u00e9ens du 14 au 16 juin. Du vendredi au dimanche, il sera possible de visiter le Mus\u00e9e pour le prix symbolique de 1,00 [&hellip;]<\/p>\n","protected":false},"author":1,"featured_media":11773,"comment_status":"closed","ping_status":"closed","sticky":false,"template":"","format":"standard","meta":{"footnotes":""},"categories":[828],"tags":[],"class_list":["post-11858","post","type-post","status-publish","format-standard","has-post-thumbnail","hentry","category-evenements"],"yoast_head":"<!-- This site is optimized with the Yoast SEO plugin v27.4 - https:\/\/yoast.com\/product\/yoast-seo-wordpress\/ -->\n<title>Journ\u00e9es Europ\u00e9ennes de l&#039;Arch\u00e9ologie au MAR de Ventimiglia<\/title>\n<meta name=\"description\" content=\"Cette ann\u00e9e encore, le MAR participe aux Journ\u00e9es Europ\u00e9ennes de l&#039;Arch\u00e9ologie, qui se d\u00e9rouleront dans tous les mus\u00e9es et sites arch\u00e9ologiques europ\u00e9ens\" \/>\n<meta name=\"robots\" content=\"index, follow, max-snippet:-1, max-image-preview:large, max-video-preview:-1\" \/>\n<link rel=\"canonical\" href=\"https:\/\/montecarloliving.com\/fr\/evenements\/journees-europeennes-de-larcheologie-au-mar-de-ventimiglia-11858\/\" \/>\n<meta property=\"og:locale\" content=\"fr_FR\" \/>\n<meta property=\"og:title\" content=\"Journ\u00e9es Europ\u00e9ennes de l&#039;Arch\u00e9ologie au MAR de Ventimiglia\" \/>\n<meta property=\"og:description\" content=\"Cette ann\u00e9e encore, le MAR participe aux Journ\u00e9es Europ\u00e9ennes de l&#039;Arch\u00e9ologie, qui se d\u00e9rouleront dans tous les mus\u00e9es et sites arch\u00e9ologiques europ\u00e9ens\" \/>\n<meta property=\"og:url\" content=\"https:\/\/montecarloliving.com\/fr\/evenements\/journees-europeennes-de-larcheologie-au-mar-de-ventimiglia-11858\/\" \/>\n<meta property=\"og:site_name\" content=\"Montecarlo Living\" \/>\n<meta property=\"article:publisher\" content=\"https:\/\/www.facebook.com\/montecarlolivingcom\/\" \/>\n<meta property=\"article:published_time\" content=\"2024-06-11T07:36:53+00:00\" \/>\n<meta property=\"article:modified_time\" content=\"2024-06-11T07:41:36+00:00\" \/>\n<meta property=\"og:image\" content=\"https:\/\/montecarloliving.com\/wp-content\/uploads\/2024\/06\/Forte-dellAnnunziata-Museo-Archeologico-Girolamo-Rossi00-650x400.png\" \/>\n\t<meta property=\"og:image:width\" content=\"650\" \/>\n\t<meta property=\"og:image:height\" content=\"400\" \/>\n\t<meta property=\"og:image:type\" content=\"image\/png\" \/>\n<meta name=\"author\" content=\"Redazione\" \/>\n<meta name=\"twitter:card\" content=\"summary_large_image\" \/>\n<meta name=\"twitter:creator\" content=\"@MonteCarloLivi\" \/>\n<meta name=\"twitter:site\" content=\"@MonteCarloLivi\" \/>\n<meta name=\"twitter:label1\" content=\"\u00c9crit par\" \/>\n\t<meta name=\"twitter:data1\" content=\"Redazione\" \/>\n\t<meta name=\"twitter:label2\" content=\"Dur\u00e9e de lecture estim\u00e9e\" \/>\n\t<meta name=\"twitter:data2\" content=\"1 minute\" \/>\n<script type=\"application\/ld+json\" class=\"yoast-schema-graph\">{\"@context\":\"https:\\\/\\\/schema.org\",\"@graph\":[{\"@type\":\"Article\",\"@id\":\"https:\\\/\\\/montecarloliving.com\\\/fr\\\/evenements\\\/journees-europeennes-de-larcheologie-au-mar-de-ventimiglia-11858\\\/#article\",\"isPartOf\":{\"@id\":\"https:\\\/\\\/montecarloliving.com\\\/fr\\\/evenements\\\/journees-europeennes-de-larcheologie-au-mar-de-ventimiglia-11858\\\/\"},\"author\":{\"name\":\"Redazione\",\"@id\":\"https:\\\/\\\/montecarloliving.com\\\/fr\\\/#\\\/schema\\\/person\\\/7e5945d4560862b7f2d2c6831bda2819\"},\"headline\":\"Journ\u00e9es Europ\u00e9ennes de l&rsquo;Arch\u00e9ologie au MAR de Ventimiglia\",\"datePublished\":\"2024-06-11T07:36:53+00:00\",\"dateModified\":\"2024-06-11T07:41:36+00:00\",\"mainEntityOfPage\":{\"@id\":\"https:\\\/\\\/montecarloliving.com\\\/fr\\\/evenements\\\/journees-europeennes-de-larcheologie-au-mar-de-ventimiglia-11858\\\/\"},\"wordCount\":121,\"image\":{\"@id\":\"https:\\\/\\\/montecarloliving.com\\\/fr\\\/evenements\\\/journees-europeennes-de-larcheologie-au-mar-de-ventimiglia-11858\\\/#primaryimage\"},\"thumbnailUrl\":\"https:\\\/\\\/montecarloliving.com\\\/wp-content\\\/uploads\\\/2024\\\/06\\\/Forte-dellAnnunziata-Museo-Archeologico-Girolamo-Rossi00.png\",\"articleSection\":[\"\u00c9v\u00e9nements\"],\"inLanguage\":\"fr-FR\"},{\"@type\":\"WebPage\",\"@id\":\"https:\\\/\\\/montecarloliving.com\\\/fr\\\/evenements\\\/journees-europeennes-de-larcheologie-au-mar-de-ventimiglia-11858\\\/\",\"url\":\"https:\\\/\\\/montecarloliving.com\\\/fr\\\/evenements\\\/journees-europeennes-de-larcheologie-au-mar-de-ventimiglia-11858\\\/\",\"name\":\"Journ\u00e9es Europ\u00e9ennes de l'Arch\u00e9ologie au MAR de Ventimiglia\",\"isPartOf\":{\"@id\":\"https:\\\/\\\/montecarloliving.com\\\/fr\\\/#website\"},\"primaryImageOfPage\":{\"@id\":\"https:\\\/\\\/montecarloliving.com\\\/fr\\\/evenements\\\/journees-europeennes-de-larcheologie-au-mar-de-ventimiglia-11858\\\/#primaryimage\"},\"image\":{\"@id\":\"https:\\\/\\\/montecarloliving.com\\\/fr\\\/evenements\\\/journees-europeennes-de-larcheologie-au-mar-de-ventimiglia-11858\\\/#primaryimage\"},\"thumbnailUrl\":\"https:\\\/\\\/montecarloliving.com\\\/wp-content\\\/uploads\\\/2024\\\/06\\\/Forte-dellAnnunziata-Museo-Archeologico-Girolamo-Rossi00.png\",\"datePublished\":\"2024-06-11T07:36:53+00:00\",\"dateModified\":\"2024-06-11T07:41:36+00:00\",\"author\":{\"@id\":\"https:\\\/\\\/montecarloliving.com\\\/fr\\\/#\\\/schema\\\/person\\\/7e5945d4560862b7f2d2c6831bda2819\"},\"description\":\"Cette ann\u00e9e encore, le MAR participe aux Journ\u00e9es Europ\u00e9ennes de l'Arch\u00e9ologie, qui se d\u00e9rouleront dans tous les mus\u00e9es et sites arch\u00e9ologiques europ\u00e9ens\",\"breadcrumb\":{\"@id\":\"https:\\\/\\\/montecarloliving.com\\\/fr\\\/evenements\\\/journees-europeennes-de-larcheologie-au-mar-de-ventimiglia-11858\\\/#breadcrumb\"},\"inLanguage\":\"fr-FR\",\"potentialAction\":[{\"@type\":\"ReadAction\",\"target\":[\"https:\\\/\\\/montecarloliving.com\\\/fr\\\/evenements\\\/journees-europeennes-de-larcheologie-au-mar-de-ventimiglia-11858\\\/\"]}]},{\"@type\":\"ImageObject\",\"inLanguage\":\"fr-FR\",\"@id\":\"https:\\\/\\\/montecarloliving.com\\\/fr\\\/evenements\\\/journees-europeennes-de-larcheologie-au-mar-de-ventimiglia-11858\\\/#primaryimage\",\"url\":\"https:\\\/\\\/montecarloliving.com\\\/wp-content\\\/uploads\\\/2024\\\/06\\\/Forte-dellAnnunziata-Museo-Archeologico-Girolamo-Rossi00.png\",\"contentUrl\":\"https:\\\/\\\/montecarloliving.com\\\/wp-content\\\/uploads\\\/2024\\\/06\\\/Forte-dellAnnunziata-Museo-Archeologico-Girolamo-Rossi00.png\",\"width\":1200,\"height\":627},{\"@type\":\"BreadcrumbList\",\"@id\":\"https:\\\/\\\/montecarloliving.com\\\/fr\\\/evenements\\\/journees-europeennes-de-larcheologie-au-mar-de-ventimiglia-11858\\\/#breadcrumb\",\"itemListElement\":[{\"@type\":\"ListItem\",\"position\":1,\"name\":\"Home\",\"item\":\"https:\\\/\\\/montecarloliving.com\\\/fr\\\/\"},{\"@type\":\"ListItem\",\"position\":2,\"name\":\"Journ\u00e9es Europ\u00e9ennes de l&#8217;Arch\u00e9ologie au MAR de Ventimiglia\"}]},{\"@type\":\"WebSite\",\"@id\":\"https:\\\/\\\/montecarloliving.com\\\/fr\\\/#website\",\"url\":\"https:\\\/\\\/montecarloliving.com\\\/fr\\\/\",\"name\":\"Montecarlo Living\",\"description\":\"News da Montecarlo - Principato di Monaco e Costa Azzurra\",\"potentialAction\":[{\"@type\":\"SearchAction\",\"target\":{\"@type\":\"EntryPoint\",\"urlTemplate\":\"https:\\\/\\\/montecarloliving.com\\\/fr\\\/?s={search_term_string}\"},\"query-input\":{\"@type\":\"PropertyValueSpecification\",\"valueRequired\":true,\"valueName\":\"search_term_string\"}}],\"inLanguage\":\"fr-FR\"},{\"@type\":\"Person\",\"@id\":\"https:\\\/\\\/montecarloliving.com\\\/fr\\\/#\\\/schema\\\/person\\\/7e5945d4560862b7f2d2c6831bda2819\",\"name\":\"Redazione\",\"image\":{\"@type\":\"ImageObject\",\"inLanguage\":\"fr-FR\",\"@id\":\"https:\\\/\\\/secure.gravatar.com\\\/avatar\\\/8b5f26557e18fe74ad8e8a57ebb2925d88af8a90cee489ff2beefb391bc9b9c7?s=96&d=mm&r=g\",\"url\":\"https:\\\/\\\/secure.gravatar.com\\\/avatar\\\/8b5f26557e18fe74ad8e8a57ebb2925d88af8a90cee489ff2beefb391bc9b9c7?s=96&d=mm&r=g\",\"contentUrl\":\"https:\\\/\\\/secure.gravatar.com\\\/avatar\\\/8b5f26557e18fe74ad8e8a57ebb2925d88af8a90cee489ff2beefb391bc9b9c7?s=96&d=mm&r=g\",\"caption\":\"Redazione\"}}]}<\/script>\n<!-- \/ Yoast SEO plugin. -->","yoast_head_json":{"title":"Journ\u00e9es Europ\u00e9ennes de l'Arch\u00e9ologie au MAR de Ventimiglia","description":"Cette ann\u00e9e encore, le MAR participe aux Journ\u00e9es Europ\u00e9ennes de l'Arch\u00e9ologie, qui se d\u00e9rouleront dans tous les mus\u00e9es et sites arch\u00e9ologiques europ\u00e9ens","robots":{"index":"index","follow":"follow","max-snippet":"max-snippet:-1","max-image-preview":"max-image-preview:large","max-video-preview":"max-video-preview:-1"},"canonical":"https:\/\/montecarloliving.com\/fr\/evenements\/journees-europeennes-de-larcheologie-au-mar-de-ventimiglia-11858\/","og_locale":"fr_FR","og_title":"Journ\u00e9es Europ\u00e9ennes de l'Arch\u00e9ologie au MAR de Ventimiglia","og_description":"Cette ann\u00e9e encore, le MAR participe aux Journ\u00e9es Europ\u00e9ennes de l'Arch\u00e9ologie, qui se d\u00e9rouleront dans tous les mus\u00e9es et sites arch\u00e9ologiques europ\u00e9ens","og_url":"https:\/\/montecarloliving.com\/fr\/evenements\/journees-europeennes-de-larcheologie-au-mar-de-ventimiglia-11858\/","og_site_name":"Montecarlo Living","article_publisher":"https:\/\/www.facebook.com\/montecarlolivingcom\/","article_published_time":"2024-06-11T07:36:53+00:00","article_modified_time":"2024-06-11T07:41:36+00:00","og_image":[{"width":650,"height":400,"url":"https:\/\/montecarloliving.com\/wp-content\/uploads\/2024\/06\/Forte-dellAnnunziata-Museo-Archeologico-Girolamo-Rossi00-650x400.png","type":"image\/png"}],"author":"Redazione","twitter_card":"summary_large_image","twitter_creator":"@MonteCarloLivi","twitter_site":"@MonteCarloLivi","twitter_misc":{"\u00c9crit par":"Redazione","Dur\u00e9e de lecture estim\u00e9e":"1 minute"},"schema":{"@context":"https:\/\/schema.org","@graph":[{"@type":"Article","@id":"https:\/\/montecarloliving.com\/fr\/evenements\/journees-europeennes-de-larcheologie-au-mar-de-ventimiglia-11858\/#article","isPartOf":{"@id":"https:\/\/montecarloliving.com\/fr\/evenements\/journees-europeennes-de-larcheologie-au-mar-de-ventimiglia-11858\/"},"author":{"name":"Redazione","@id":"https:\/\/montecarloliving.com\/fr\/#\/schema\/person\/7e5945d4560862b7f2d2c6831bda2819"},"headline":"Journ\u00e9es Europ\u00e9ennes de l&rsquo;Arch\u00e9ologie au MAR de Ventimiglia","datePublished":"2024-06-11T07:36:53+00:00","dateModified":"2024-06-11T07:41:36+00:00","mainEntityOfPage":{"@id":"https:\/\/montecarloliving.com\/fr\/evenements\/journees-europeennes-de-larcheologie-au-mar-de-ventimiglia-11858\/"},"wordCount":121,"image":{"@id":"https:\/\/montecarloliving.com\/fr\/evenements\/journees-europeennes-de-larcheologie-au-mar-de-ventimiglia-11858\/#primaryimage"},"thumbnailUrl":"https:\/\/montecarloliving.com\/wp-content\/uploads\/2024\/06\/Forte-dellAnnunziata-Museo-Archeologico-Girolamo-Rossi00.png","articleSection":["\u00c9v\u00e9nements"],"inLanguage":"fr-FR"},{"@type":"WebPage","@id":"https:\/\/montecarloliving.com\/fr\/evenements\/journees-europeennes-de-larcheologie-au-mar-de-ventimiglia-11858\/","url":"https:\/\/montecarloliving.com\/fr\/evenements\/journees-europeennes-de-larcheologie-au-mar-de-ventimiglia-11858\/","name":"Journ\u00e9es Europ\u00e9ennes de l'Arch\u00e9ologie au MAR de Ventimiglia","isPartOf":{"@id":"https:\/\/montecarloliving.com\/fr\/#website"},"primaryImageOfPage":{"@id":"https:\/\/montecarloliving.com\/fr\/evenements\/journees-europeennes-de-larcheologie-au-mar-de-ventimiglia-11858\/#primaryimage"},"image":{"@id":"https:\/\/montecarloliving.com\/fr\/evenements\/journees-europeennes-de-larcheologie-au-mar-de-ventimiglia-11858\/#primaryimage"},"thumbnailUrl":"https:\/\/montecarloliving.com\/wp-content\/uploads\/2024\/06\/Forte-dellAnnunziata-Museo-Archeologico-Girolamo-Rossi00.png","datePublished":"2024-06-11T07:36:53+00:00","dateModified":"2024-06-11T07:41:36+00:00","author":{"@id":"https:\/\/montecarloliving.com\/fr\/#\/schema\/person\/7e5945d4560862b7f2d2c6831bda2819"},"description":"Cette ann\u00e9e encore, le MAR participe aux Journ\u00e9es Europ\u00e9ennes de l'Arch\u00e9ologie, qui se d\u00e9rouleront dans tous les mus\u00e9es et sites arch\u00e9ologiques europ\u00e9ens","breadcrumb":{"@id":"https:\/\/montecarloliving.com\/fr\/evenements\/journees-europeennes-de-larcheologie-au-mar-de-ventimiglia-11858\/#breadcrumb"},"inLanguage":"fr-FR","potentialAction":[{"@type":"ReadAction","target":["https:\/\/montecarloliving.com\/fr\/evenements\/journees-europeennes-de-larcheologie-au-mar-de-ventimiglia-11858\/"]}]},{"@type":"ImageObject","inLanguage":"fr-FR","@id":"https:\/\/montecarloliving.com\/fr\/evenements\/journees-europeennes-de-larcheologie-au-mar-de-ventimiglia-11858\/#primaryimage","url":"https:\/\/montecarloliving.com\/wp-content\/uploads\/2024\/06\/Forte-dellAnnunziata-Museo-Archeologico-Girolamo-Rossi00.png","contentUrl":"https:\/\/montecarloliving.com\/wp-content\/uploads\/2024\/06\/Forte-dellAnnunziata-Museo-Archeologico-Girolamo-Rossi00.png","width":1200,"height":627},{"@type":"BreadcrumbList","@id":"https:\/\/montecarloliving.com\/fr\/evenements\/journees-europeennes-de-larcheologie-au-mar-de-ventimiglia-11858\/#breadcrumb","itemListElement":[{"@type":"ListItem","position":1,"name":"Home","item":"https:\/\/montecarloliving.com\/fr\/"},{"@type":"ListItem","position":2,"name":"Journ\u00e9es Europ\u00e9ennes de l&#8217;Arch\u00e9ologie au MAR de Ventimiglia"}]},{"@type":"WebSite","@id":"https:\/\/montecarloliving.com\/fr\/#website","url":"https:\/\/montecarloliving.com\/fr\/","name":"Montecarlo Living","description":"News da Montecarlo - Principato di Monaco e Costa Azzurra","potentialAction":[{"@type":"SearchAction","target":{"@type":"EntryPoint","urlTemplate":"https:\/\/montecarloliving.com\/fr\/?s={search_term_string}"},"query-input":{"@type":"PropertyValueSpecification","valueRequired":true,"valueName":"search_term_string"}}],"inLanguage":"fr-FR"},{"@type":"Person","@id":"https:\/\/montecarloliving.com\/fr\/#\/schema\/person\/7e5945d4560862b7f2d2c6831bda2819","name":"Redazione","image":{"@type":"ImageObject","inLanguage":"fr-FR","@id":"https:\/\/secure.gravatar.com\/avatar\/8b5f26557e18fe74ad8e8a57ebb2925d88af8a90cee489ff2beefb391bc9b9c7?s=96&d=mm&r=g","url":"https:\/\/secure.gravatar.com\/avatar\/8b5f26557e18fe74ad8e8a57ebb2925d88af8a90cee489ff2beefb391bc9b9c7?s=96&d=mm&r=g","contentUrl":"https:\/\/secure.gravatar.com\/avatar\/8b5f26557e18fe74ad8e8a57ebb2925d88af8a90cee489ff2beefb391bc9b9c7?s=96&d=mm&r=g","caption":"Redazione"}}]}},"_links":{"self":[{"href":"https:\/\/montecarloliving.com\/fr\/wp-json\/wp\/v2\/posts\/11858","targetHints":{"allow":["GET"]}}],"collection":[{"href":"https:\/\/montecarloliving.com\/fr\/wp-json\/wp\/v2\/posts"}],"about":[{"href":"https:\/\/montecarloliving.com\/fr\/wp-json\/wp\/v2\/types\/post"}],"author":[{"embeddable":true,"href":"https:\/\/montecarloliving.com\/fr\/wp-json\/wp\/v2\/users\/1"}],"replies":[{"embeddable":true,"href":"https:\/\/montecarloliving.com\/fr\/wp-json\/wp\/v2\/comments?post=11858"}],"version-history":[{"count":1,"href":"https:\/\/montecarloliving.com\/fr\/wp-json\/wp\/v2\/posts\/11858\/revisions"}],"predecessor-version":[{"id":11859,"href":"https:\/\/montecarloliving.com\/fr\/wp-json\/wp\/v2\/posts\/11858\/revisions\/11859"}],"wp:featuredmedia":[{"embeddable":true,"href":"https:\/\/montecarloliving.com\/fr\/wp-json\/wp\/v2\/media\/11773"}],"wp:attachment":[{"href":"https:\/\/montecarloliving.com\/fr\/wp-json\/wp\/v2\/media?parent=11858"}],"wp:term":[{"taxonomy":"category","embeddable":true,"href":"https:\/\/montecarloliving.com\/fr\/wp-json\/wp\/v2\/categories?post=11858"},{"taxonomy":"post_tag","embeddable":true,"href":"https:\/\/montecarloliving.com\/fr\/wp-json\/wp\/v2\/tags?post=11858"}],"curies":[{"name":"wp","href":"https:\/\/api.w.org\/{rel}","templated":true}]}}