{"id":11820,"date":"2024-06-10T11:10:16","date_gmt":"2024-06-10T09:10:16","guid":{"rendered":"https:\/\/montecarloliving.com\/?p=11820"},"modified":"2024-06-10T11:16:52","modified_gmt":"2024-06-10T09:16:52","slug":"promenade-en-fete-cagnes-sur-mer","status":"publish","type":"post","link":"https:\/\/montecarloliving.com\/fr\/evenements\/promenade-en-fete-cagnes-sur-mer-11820\/","title":{"rendered":"La Promenade en F\u00eate \u00e0 Cagnes-sur-Mer"},"content":{"rendered":"<p>Depuis 27 ans, la ville de Cagnes-sur-Mer promeut la \u00ab\u00a0r\u00e9appropriation\u00a0\u00bb de son littoral par les r\u00e9sidents et les touristes \u00e0 travers une s\u00e9rie d&rsquo;interventions et de manifestations centr\u00e9es sur la zone c\u00f4ti\u00e8re.<\/p>\n<p>Les travaux de r\u00e9habilitation du littoral et la c\u00e9l\u00e8bre \u00ab\u00a0Promenade de la Plage\u00a0\u00bb en sont un exemple significatif.<\/p>\n<p><img decoding=\"async\" class=\"aligncenter\" src=\"https:\/\/www.montecarlonews.it\/fileadmin\/archivio\/montecarlonews\/Cagnes_promenade_en_fete_2024__2_.jpg\" \/><\/p>\n<p>La ville a poursuivi avec des initiatives ambitieuses, y compris les traditionnelles \u00ab\u00a0dimanches intelligents\u00a0\u00bb au printemps et, en \u00e9t\u00e9, \u00ab\u00a0Promenade en F\u00eate\u00a0\u00bb.<\/p>\n<p>Le samedi 22 juin 2024, Cagnes-sur-Mer accueillera une f\u00eate populaire, familiale, chaleureuse, musicale et enti\u00e8rement gratuite, au cours de laquelle la promenade pi\u00e9tonne accueillera plus de 20 000 personnes.<\/p>\n<p>L&rsquo;\u00e9v\u00e9nement sera caract\u00e9ris\u00e9 par des \u00ab\u00a0zones musicales\u00a0\u00bb et les toujours spectaculaires feux d&rsquo;artifice.<\/p>\n<p>Cinq sc\u00e8nes musicales animeront le public de la Promenade de la Plage avec des rythmes vari\u00e9s \u00e0 partir de 20h30, offrant une vari\u00e9t\u00e9 de genres musicaux pour une soir\u00e9e inoubliable \u00e0 passer en famille ou entre amis le long de la Promenade.<\/p>\n<p>Des artistes de haut niveau se produiront sur les diff\u00e9rentes sc\u00e8nes de 20h30 \u00e0 minuit.<\/p>\n<p>Des activit\u00e9s gratuites seront propos\u00e9es pour petits et grands : structures gonflables pour enfants et Ninja Challenge pour adolescents et adultes, sans oublier le magnifique spectacle pyrotechnique sur la mer \u00e0 22h15.<\/p>\n<p>Les terrasses des restaurants seront agrandies pour garantir un meilleur acc\u00e8s.<\/p>\n<p><img decoding=\"async\" class=\"aligncenter\" src=\"https:\/\/www.montecarlonews.it\/fileadmin\/archivio\/montecarlonews\/Cagnes_promenade_en_fete_2024__3_.jpg\" \/><\/p>\n<p>La circulation sera interdite sur la Promenade de la Plage entre le Boulevard Kennedy et l&rsquo;Avenue Jean Jaur\u00e8s, le samedi 22 juin 2024 de 18h00 \u00e0 4h00 le lendemain.<\/p>\n<p>Deux mille places de stationnement gratuites seront am\u00e9nag\u00e9es \u00e0 l&rsquo;hippodrome, ouvertes pour l&rsquo;occasion de 18h00 \u00e0 1h00 du matin.<\/p>\n","protected":false},"excerpt":{"rendered":"<p>Depuis 27 ans, la ville de Cagnes-sur-Mer promeut la \u00ab\u00a0r\u00e9appropriation\u00a0\u00bb de son littoral par les r\u00e9sidents et les touristes \u00e0 travers une s\u00e9rie d&rsquo;interventions et de manifestations centr\u00e9es sur la zone c\u00f4ti\u00e8re. Les travaux de r\u00e9habilitation du littoral et la c\u00e9l\u00e8bre \u00ab\u00a0Promenade de la [&hellip;]<\/p>\n","protected":false},"author":1,"featured_media":11816,"comment_status":"closed","ping_status":"closed","sticky":false,"template":"","format":"standard","meta":{"footnotes":""},"categories":[828,868],"tags":[],"class_list":["post-11820","post","type-post","status-publish","format-standard","has-post-thumbnail","hentry","category-evenements","category-nice-fr"],"yoast_head":"<!-- This site is optimized with the Yoast SEO plugin v27.4 - https:\/\/yoast.com\/product\/yoast-seo-wordpress\/ -->\n<title>La Promenade en F\u00eate \u00e0 Cagnes-sur-Mer<\/title>\n<meta name=\"description\" content=\"Depuis 27 ans, la ville de Cagnes-sur-Mer promeut la &quot;r\u00e9appropriation&quot; de son littoral par les r\u00e9sidents et les touristes \u00e0 travers une s\u00e9rie\" \/>\n<meta name=\"robots\" content=\"index, follow, max-snippet:-1, max-image-preview:large, max-video-preview:-1\" \/>\n<link rel=\"canonical\" href=\"https:\/\/montecarloliving.com\/fr\/evenements\/promenade-en-fete-cagnes-sur-mer-11820\/\" \/>\n<meta property=\"og:locale\" content=\"fr_FR\" \/>\n<meta property=\"og:title\" content=\"La Promenade en F\u00eate \u00e0 Cagnes-sur-Mer\" \/>\n<meta property=\"og:description\" content=\"Depuis 27 ans, la ville de Cagnes-sur-Mer promeut la &quot;r\u00e9appropriation&quot; de son littoral par les r\u00e9sidents et les touristes \u00e0 travers une s\u00e9rie\" \/>\n<meta property=\"og:url\" content=\"https:\/\/montecarloliving.com\/fr\/evenements\/promenade-en-fete-cagnes-sur-mer-11820\/\" \/>\n<meta property=\"og:site_name\" content=\"Montecarlo Living\" \/>\n<meta property=\"article:publisher\" content=\"https:\/\/www.facebook.com\/montecarlolivingcom\/\" \/>\n<meta property=\"article:published_time\" content=\"2024-06-10T09:10:16+00:00\" \/>\n<meta property=\"article:modified_time\" content=\"2024-06-10T09:16:52+00:00\" \/>\n<meta property=\"og:image\" content=\"https:\/\/montecarloliving.com\/wp-content\/uploads\/2024\/06\/R-2024-06-10T111058.244-650x400.jpg\" \/>\n\t<meta property=\"og:image:width\" content=\"650\" \/>\n\t<meta property=\"og:image:height\" content=\"400\" \/>\n\t<meta property=\"og:image:type\" content=\"image\/jpeg\" \/>\n<meta name=\"author\" content=\"Redazione\" \/>\n<meta name=\"twitter:card\" content=\"summary_large_image\" \/>\n<meta name=\"twitter:creator\" content=\"@MonteCarloLivi\" \/>\n<meta name=\"twitter:site\" content=\"@MonteCarloLivi\" \/>\n<meta name=\"twitter:label1\" content=\"\u00c9crit par\" \/>\n\t<meta name=\"twitter:data1\" content=\"Redazione\" \/>\n\t<meta name=\"twitter:label2\" content=\"Dur\u00e9e de lecture estim\u00e9e\" \/>\n\t<meta name=\"twitter:data2\" content=\"2 minutes\" \/>\n<script type=\"application\/ld+json\" class=\"yoast-schema-graph\">{\"@context\":\"https:\\\/\\\/schema.org\",\"@graph\":[{\"@type\":\"Article\",\"@id\":\"https:\\\/\\\/montecarloliving.com\\\/fr\\\/evenements\\\/promenade-en-fete-cagnes-sur-mer-11820\\\/#article\",\"isPartOf\":{\"@id\":\"https:\\\/\\\/montecarloliving.com\\\/fr\\\/evenements\\\/promenade-en-fete-cagnes-sur-mer-11820\\\/\"},\"author\":{\"name\":\"Redazione\",\"@id\":\"https:\\\/\\\/montecarloliving.com\\\/fr\\\/#\\\/schema\\\/person\\\/7e5945d4560862b7f2d2c6831bda2819\"},\"headline\":\"La Promenade en F\u00eate \u00e0 Cagnes-sur-Mer\",\"datePublished\":\"2024-06-10T09:10:16+00:00\",\"dateModified\":\"2024-06-10T09:16:52+00:00\",\"mainEntityOfPage\":{\"@id\":\"https:\\\/\\\/montecarloliving.com\\\/fr\\\/evenements\\\/promenade-en-fete-cagnes-sur-mer-11820\\\/\"},\"wordCount\":285,\"image\":{\"@id\":\"https:\\\/\\\/montecarloliving.com\\\/fr\\\/evenements\\\/promenade-en-fete-cagnes-sur-mer-11820\\\/#primaryimage\"},\"thumbnailUrl\":\"https:\\\/\\\/montecarloliving.com\\\/wp-content\\\/uploads\\\/2024\\\/06\\\/R-2024-06-10T111058.244.jpg\",\"articleSection\":[\"\u00c9v\u00e9nements\",\"Nice\"],\"inLanguage\":\"fr-FR\"},{\"@type\":\"WebPage\",\"@id\":\"https:\\\/\\\/montecarloliving.com\\\/fr\\\/evenements\\\/promenade-en-fete-cagnes-sur-mer-11820\\\/\",\"url\":\"https:\\\/\\\/montecarloliving.com\\\/fr\\\/evenements\\\/promenade-en-fete-cagnes-sur-mer-11820\\\/\",\"name\":\"La Promenade en F\u00eate \u00e0 Cagnes-sur-Mer\",\"isPartOf\":{\"@id\":\"https:\\\/\\\/montecarloliving.com\\\/fr\\\/#website\"},\"primaryImageOfPage\":{\"@id\":\"https:\\\/\\\/montecarloliving.com\\\/fr\\\/evenements\\\/promenade-en-fete-cagnes-sur-mer-11820\\\/#primaryimage\"},\"image\":{\"@id\":\"https:\\\/\\\/montecarloliving.com\\\/fr\\\/evenements\\\/promenade-en-fete-cagnes-sur-mer-11820\\\/#primaryimage\"},\"thumbnailUrl\":\"https:\\\/\\\/montecarloliving.com\\\/wp-content\\\/uploads\\\/2024\\\/06\\\/R-2024-06-10T111058.244.jpg\",\"datePublished\":\"2024-06-10T09:10:16+00:00\",\"dateModified\":\"2024-06-10T09:16:52+00:00\",\"author\":{\"@id\":\"https:\\\/\\\/montecarloliving.com\\\/fr\\\/#\\\/schema\\\/person\\\/7e5945d4560862b7f2d2c6831bda2819\"},\"description\":\"Depuis 27 ans, la ville de Cagnes-sur-Mer promeut la \\\"r\u00e9appropriation\\\" de son littoral par les r\u00e9sidents et les touristes \u00e0 travers une s\u00e9rie\",\"breadcrumb\":{\"@id\":\"https:\\\/\\\/montecarloliving.com\\\/fr\\\/evenements\\\/promenade-en-fete-cagnes-sur-mer-11820\\\/#breadcrumb\"},\"inLanguage\":\"fr-FR\",\"potentialAction\":[{\"@type\":\"ReadAction\",\"target\":[\"https:\\\/\\\/montecarloliving.com\\\/fr\\\/evenements\\\/promenade-en-fete-cagnes-sur-mer-11820\\\/\"]}]},{\"@type\":\"ImageObject\",\"inLanguage\":\"fr-FR\",\"@id\":\"https:\\\/\\\/montecarloliving.com\\\/fr\\\/evenements\\\/promenade-en-fete-cagnes-sur-mer-11820\\\/#primaryimage\",\"url\":\"https:\\\/\\\/montecarloliving.com\\\/wp-content\\\/uploads\\\/2024\\\/06\\\/R-2024-06-10T111058.244.jpg\",\"contentUrl\":\"https:\\\/\\\/montecarloliving.com\\\/wp-content\\\/uploads\\\/2024\\\/06\\\/R-2024-06-10T111058.244.jpg\",\"width\":1920,\"height\":896},{\"@type\":\"BreadcrumbList\",\"@id\":\"https:\\\/\\\/montecarloliving.com\\\/fr\\\/evenements\\\/promenade-en-fete-cagnes-sur-mer-11820\\\/#breadcrumb\",\"itemListElement\":[{\"@type\":\"ListItem\",\"position\":1,\"name\":\"Home\",\"item\":\"https:\\\/\\\/montecarloliving.com\\\/fr\\\/\"},{\"@type\":\"ListItem\",\"position\":2,\"name\":\"La Promenade en F\u00eate \u00e0 Cagnes-sur-Mer\"}]},{\"@type\":\"WebSite\",\"@id\":\"https:\\\/\\\/montecarloliving.com\\\/fr\\\/#website\",\"url\":\"https:\\\/\\\/montecarloliving.com\\\/fr\\\/\",\"name\":\"Montecarlo Living\",\"description\":\"News da Montecarlo - Principato di Monaco e Costa Azzurra\",\"potentialAction\":[{\"@type\":\"SearchAction\",\"target\":{\"@type\":\"EntryPoint\",\"urlTemplate\":\"https:\\\/\\\/montecarloliving.com\\\/fr\\\/?s={search_term_string}\"},\"query-input\":{\"@type\":\"PropertyValueSpecification\",\"valueRequired\":true,\"valueName\":\"search_term_string\"}}],\"inLanguage\":\"fr-FR\"},{\"@type\":\"Person\",\"@id\":\"https:\\\/\\\/montecarloliving.com\\\/fr\\\/#\\\/schema\\\/person\\\/7e5945d4560862b7f2d2c6831bda2819\",\"name\":\"Redazione\",\"image\":{\"@type\":\"ImageObject\",\"inLanguage\":\"fr-FR\",\"@id\":\"https:\\\/\\\/secure.gravatar.com\\\/avatar\\\/8b5f26557e18fe74ad8e8a57ebb2925d88af8a90cee489ff2beefb391bc9b9c7?s=96&d=mm&r=g\",\"url\":\"https:\\\/\\\/secure.gravatar.com\\\/avatar\\\/8b5f26557e18fe74ad8e8a57ebb2925d88af8a90cee489ff2beefb391bc9b9c7?s=96&d=mm&r=g\",\"contentUrl\":\"https:\\\/\\\/secure.gravatar.com\\\/avatar\\\/8b5f26557e18fe74ad8e8a57ebb2925d88af8a90cee489ff2beefb391bc9b9c7?s=96&d=mm&r=g\",\"caption\":\"Redazione\"}}]}<\/script>\n<!-- \/ Yoast SEO plugin. -->","yoast_head_json":{"title":"La Promenade en F\u00eate \u00e0 Cagnes-sur-Mer","description":"Depuis 27 ans, la ville de Cagnes-sur-Mer promeut la \"r\u00e9appropriation\" de son littoral par les r\u00e9sidents et les touristes \u00e0 travers une s\u00e9rie","robots":{"index":"index","follow":"follow","max-snippet":"max-snippet:-1","max-image-preview":"max-image-preview:large","max-video-preview":"max-video-preview:-1"},"canonical":"https:\/\/montecarloliving.com\/fr\/evenements\/promenade-en-fete-cagnes-sur-mer-11820\/","og_locale":"fr_FR","og_title":"La Promenade en F\u00eate \u00e0 Cagnes-sur-Mer","og_description":"Depuis 27 ans, la ville de Cagnes-sur-Mer promeut la \"r\u00e9appropriation\" de son littoral par les r\u00e9sidents et les touristes \u00e0 travers une s\u00e9rie","og_url":"https:\/\/montecarloliving.com\/fr\/evenements\/promenade-en-fete-cagnes-sur-mer-11820\/","og_site_name":"Montecarlo Living","article_publisher":"https:\/\/www.facebook.com\/montecarlolivingcom\/","article_published_time":"2024-06-10T09:10:16+00:00","article_modified_time":"2024-06-10T09:16:52+00:00","og_image":[{"width":650,"height":400,"url":"https:\/\/montecarloliving.com\/wp-content\/uploads\/2024\/06\/R-2024-06-10T111058.244-650x400.jpg","type":"image\/jpeg"}],"author":"Redazione","twitter_card":"summary_large_image","twitter_creator":"@MonteCarloLivi","twitter_site":"@MonteCarloLivi","twitter_misc":{"\u00c9crit par":"Redazione","Dur\u00e9e de lecture estim\u00e9e":"2 minutes"},"schema":{"@context":"https:\/\/schema.org","@graph":[{"@type":"Article","@id":"https:\/\/montecarloliving.com\/fr\/evenements\/promenade-en-fete-cagnes-sur-mer-11820\/#article","isPartOf":{"@id":"https:\/\/montecarloliving.com\/fr\/evenements\/promenade-en-fete-cagnes-sur-mer-11820\/"},"author":{"name":"Redazione","@id":"https:\/\/montecarloliving.com\/fr\/#\/schema\/person\/7e5945d4560862b7f2d2c6831bda2819"},"headline":"La Promenade en F\u00eate \u00e0 Cagnes-sur-Mer","datePublished":"2024-06-10T09:10:16+00:00","dateModified":"2024-06-10T09:16:52+00:00","mainEntityOfPage":{"@id":"https:\/\/montecarloliving.com\/fr\/evenements\/promenade-en-fete-cagnes-sur-mer-11820\/"},"wordCount":285,"image":{"@id":"https:\/\/montecarloliving.com\/fr\/evenements\/promenade-en-fete-cagnes-sur-mer-11820\/#primaryimage"},"thumbnailUrl":"https:\/\/montecarloliving.com\/wp-content\/uploads\/2024\/06\/R-2024-06-10T111058.244.jpg","articleSection":["\u00c9v\u00e9nements","Nice"],"inLanguage":"fr-FR"},{"@type":"WebPage","@id":"https:\/\/montecarloliving.com\/fr\/evenements\/promenade-en-fete-cagnes-sur-mer-11820\/","url":"https:\/\/montecarloliving.com\/fr\/evenements\/promenade-en-fete-cagnes-sur-mer-11820\/","name":"La Promenade en F\u00eate \u00e0 Cagnes-sur-Mer","isPartOf":{"@id":"https:\/\/montecarloliving.com\/fr\/#website"},"primaryImageOfPage":{"@id":"https:\/\/montecarloliving.com\/fr\/evenements\/promenade-en-fete-cagnes-sur-mer-11820\/#primaryimage"},"image":{"@id":"https:\/\/montecarloliving.com\/fr\/evenements\/promenade-en-fete-cagnes-sur-mer-11820\/#primaryimage"},"thumbnailUrl":"https:\/\/montecarloliving.com\/wp-content\/uploads\/2024\/06\/R-2024-06-10T111058.244.jpg","datePublished":"2024-06-10T09:10:16+00:00","dateModified":"2024-06-10T09:16:52+00:00","author":{"@id":"https:\/\/montecarloliving.com\/fr\/#\/schema\/person\/7e5945d4560862b7f2d2c6831bda2819"},"description":"Depuis 27 ans, la ville de Cagnes-sur-Mer promeut la \"r\u00e9appropriation\" de son littoral par les r\u00e9sidents et les touristes \u00e0 travers une s\u00e9rie","breadcrumb":{"@id":"https:\/\/montecarloliving.com\/fr\/evenements\/promenade-en-fete-cagnes-sur-mer-11820\/#breadcrumb"},"inLanguage":"fr-FR","potentialAction":[{"@type":"ReadAction","target":["https:\/\/montecarloliving.com\/fr\/evenements\/promenade-en-fete-cagnes-sur-mer-11820\/"]}]},{"@type":"ImageObject","inLanguage":"fr-FR","@id":"https:\/\/montecarloliving.com\/fr\/evenements\/promenade-en-fete-cagnes-sur-mer-11820\/#primaryimage","url":"https:\/\/montecarloliving.com\/wp-content\/uploads\/2024\/06\/R-2024-06-10T111058.244.jpg","contentUrl":"https:\/\/montecarloliving.com\/wp-content\/uploads\/2024\/06\/R-2024-06-10T111058.244.jpg","width":1920,"height":896},{"@type":"BreadcrumbList","@id":"https:\/\/montecarloliving.com\/fr\/evenements\/promenade-en-fete-cagnes-sur-mer-11820\/#breadcrumb","itemListElement":[{"@type":"ListItem","position":1,"name":"Home","item":"https:\/\/montecarloliving.com\/fr\/"},{"@type":"ListItem","position":2,"name":"La Promenade en F\u00eate \u00e0 Cagnes-sur-Mer"}]},{"@type":"WebSite","@id":"https:\/\/montecarloliving.com\/fr\/#website","url":"https:\/\/montecarloliving.com\/fr\/","name":"Montecarlo Living","description":"News da Montecarlo - Principato di Monaco e Costa Azzurra","potentialAction":[{"@type":"SearchAction","target":{"@type":"EntryPoint","urlTemplate":"https:\/\/montecarloliving.com\/fr\/?s={search_term_string}"},"query-input":{"@type":"PropertyValueSpecification","valueRequired":true,"valueName":"search_term_string"}}],"inLanguage":"fr-FR"},{"@type":"Person","@id":"https:\/\/montecarloliving.com\/fr\/#\/schema\/person\/7e5945d4560862b7f2d2c6831bda2819","name":"Redazione","image":{"@type":"ImageObject","inLanguage":"fr-FR","@id":"https:\/\/secure.gravatar.com\/avatar\/8b5f26557e18fe74ad8e8a57ebb2925d88af8a90cee489ff2beefb391bc9b9c7?s=96&d=mm&r=g","url":"https:\/\/secure.gravatar.com\/avatar\/8b5f26557e18fe74ad8e8a57ebb2925d88af8a90cee489ff2beefb391bc9b9c7?s=96&d=mm&r=g","contentUrl":"https:\/\/secure.gravatar.com\/avatar\/8b5f26557e18fe74ad8e8a57ebb2925d88af8a90cee489ff2beefb391bc9b9c7?s=96&d=mm&r=g","caption":"Redazione"}}]}},"_links":{"self":[{"href":"https:\/\/montecarloliving.com\/fr\/wp-json\/wp\/v2\/posts\/11820","targetHints":{"allow":["GET"]}}],"collection":[{"href":"https:\/\/montecarloliving.com\/fr\/wp-json\/wp\/v2\/posts"}],"about":[{"href":"https:\/\/montecarloliving.com\/fr\/wp-json\/wp\/v2\/types\/post"}],"author":[{"embeddable":true,"href":"https:\/\/montecarloliving.com\/fr\/wp-json\/wp\/v2\/users\/1"}],"replies":[{"embeddable":true,"href":"https:\/\/montecarloliving.com\/fr\/wp-json\/wp\/v2\/comments?post=11820"}],"version-history":[{"count":1,"href":"https:\/\/montecarloliving.com\/fr\/wp-json\/wp\/v2\/posts\/11820\/revisions"}],"predecessor-version":[{"id":11821,"href":"https:\/\/montecarloliving.com\/fr\/wp-json\/wp\/v2\/posts\/11820\/revisions\/11821"}],"wp:featuredmedia":[{"embeddable":true,"href":"https:\/\/montecarloliving.com\/fr\/wp-json\/wp\/v2\/media\/11816"}],"wp:attachment":[{"href":"https:\/\/montecarloliving.com\/fr\/wp-json\/wp\/v2\/media?parent=11820"}],"wp:term":[{"taxonomy":"category","embeddable":true,"href":"https:\/\/montecarloliving.com\/fr\/wp-json\/wp\/v2\/categories?post=11820"},{"taxonomy":"post_tag","embeddable":true,"href":"https:\/\/montecarloliving.com\/fr\/wp-json\/wp\/v2\/tags?post=11820"}],"curies":[{"name":"wp","href":"https:\/\/api.w.org\/{rel}","templated":true}]}}