{"id":11729,"date":"2024-06-06T10:30:20","date_gmt":"2024-06-06T08:30:20","guid":{"rendered":"https:\/\/montecarloliving.com\/?p=11729"},"modified":"2024-06-06T10:46:50","modified_gmt":"2024-06-06T08:46:50","slug":"semaine-de-philosophie-monte-carlo","status":"publish","type":"post","link":"https:\/\/montecarloliving.com\/fr\/evenements\/semaine-de-philosophie-monte-carlo-11729\/","title":{"rendered":"Semaine de la philosophie \u00e0 Monte-Carlo"},"content":{"rendered":"<p><strong>Semaine de la philosophie \u00e0 Monte-Carlo, du mardi 11 au dimanche 16 juin 2024.<\/strong><\/p>\n<p>L&rsquo;objectif est de cr\u00e9er une \u00ab\u00a0communaut\u00e9\u00a0\u00bb o\u00f9 la parole et la pens\u00e9e des philosophes circulent librement entre tous, et \u00e9clairent, m\u00eame si ce n&rsquo;est que d&rsquo;un faible rayon, les probl\u00e8mes de plus en plus complexes du temps pr\u00e9sent.<\/p>\n<p>Du mardi 11 au dimanche 16 juin 2024, de nombreuses personnalit\u00e9s participeront \u00e0 des conversations, interviews, tables rondes, dialogues avec le public et pr\u00e9sentations de livres sur les th\u00e8mes de l&rsquo;\u00c9cologie, de l&rsquo;\u00c9ducation, des Soins, des Femmes et de l&rsquo;Art de vivre.<\/p>\n<h4>Les principaux participants de la semaine<\/h4>\n<p>La Semaine PhiloMonaco se tiendra en pr\u00e9sence de Charlotte Casiraghi, Laura Hugo, Robert Maggiori, Raphael Zagury-Orly, les membres du Jury &#8211; Isabelle Alfandary, Paul Audi, \u00c9tienne Bimbenet, Catherine Chalier, Marc Cr\u00e9pon, Sandra Laugier, Claire Marin, G\u00e9raldine Muhlmann, Judith Revel, Camille Riquier, Patrick Savidan &#8211; et de nombreuses autres personnalit\u00e9s pr\u00e9sentes pour participer aux rencontres et \u00e9changer avec le public, parmi lesquelles : Chantal Thomas de l&rsquo;Acad\u00e9mie fran\u00e7aise, Anne Berest, Sarah Chiche, Vincent Delecroix, Rapha\u00ebl Gaillard, Olivia Gazal\u00e9, Laurence Joseph, Alexandre Kouchner, Martin Legros, Philippe Meirieu, Corine Pelluchon, Laurent de Sutter, Augustin Trapenard.<\/p>\n<p>Pr\u00e9sid\u00e9e par Charlotte Casiraghi, pr\u00e9sent\u00e9e par Thierry Consigny et en pr\u00e9sence du pr\u00e9sident du Jury Robert Maggiori et des membres du Jury, la Soir\u00e9e de Remise du Prix pour une \u0153uvre, de la Mention Honorifique pour une maison d&rsquo;\u00e9dition et du Prix Lyc\u00e9en attribu\u00e9 \u00e0 deux lyc\u00e9ens se tiendra le jeudi 13 juin \u00e0 20h au Th\u00e9\u00e2tre Princesse Grace. La c\u00e9r\u00e9monie est ouverte \u00e0 tous et l&rsquo;entr\u00e9e est libre. \u00c0 cette occasion, le livre \u00ab\u00a0Qu&rsquo;est-ce que la philosophie ?\u00a0\u00bb de la laur\u00e9ate du Prix 2022, Manon Garcia, sera publi\u00e9.<\/p>\n<h4>Sessions du matin<\/h4>\n<p>Du mardi 7 au vendredi 10 juin, les sessions du matin auront lieu au March\u00e9 de la Condamine, place d&rsquo;Armes, de 9h30 \u00e0 10h30 en collaboration avec la Mairie de Monaco et Monaco Info. Apr\u00e8s un entretien entre les participants anim\u00e9 par Sandrine N\u00e8gre, le public sera invit\u00e9 \u00e0 intervenir, d\u00e9battre et poser des questions aux personnalit\u00e9s invit\u00e9es. En collaboration avec la M\u00e9diath\u00e8que de Monaco et le Caf\u00e9 du Th\u00e9\u00e2tre Princesse Grace, les D\u00e9jeuners-philo seront l&rsquo;occasion de pr\u00e9senter un livre en relation avec le th\u00e8me de chaque journ\u00e9e lors d&rsquo;une discussion avec son auteur \u00e0 l&rsquo;heure du d\u00e9jeuner.<\/p>\n<h4>S\u00e9ances de d\u00e9dicaces<\/h4>\n<p>Les pr\u00e9sentations seront suivies d&rsquo;une s\u00e9ance de d\u00e9dicaces du livre \u00e0 la librairie install\u00e9e au Th\u00e9\u00e2tre \u00e0 l&rsquo;occasion de la Semaine PhiloMonaco. Les rencontres se poursuivront l&rsquo;apr\u00e8s-midi et le soir dans la Grande Salle du Th\u00e9\u00e2tre Princesse Grace et seront pour la plupart diffus\u00e9es en direct sur philomonaco.com et sur les pages YouTube et Facebook de PhiloMonaco.<\/p>\n<h4>Lieux et \u00e9v\u00e9nements suppl\u00e9mentaires<\/h4>\n<p>Le samedi 15 juin, les rencontres se tiendront sur la terrasse du Caf\u00e9 de Paris et dans le Salon Excelsior de l&rsquo;H\u00f4tel Hermitage, en collaboration avec la Soci\u00e9t\u00e9 des Bains de Mer de Monte-Carlo; et le dimanche 16 juin au Yacht Club de Monaco.<\/p>\n<h4>Activit\u00e9s pour les enfants<\/h4>\n<p>Durant la m\u00eame Semaine PhiloMonaco, le nouveau num\u00e9ro de la revue \u00ab\u00a0Les Jeunes philosophent\u00a0\u00bb, r\u00e9alis\u00e9 avec les \u00e9coliers et les enseignants de Monaco cette ann\u00e9e sur le th\u00e8me du langage, sera publi\u00e9. Des ateliers philosophiques auront lieu dans les classes de CM2 anim\u00e9s par Edwige Chirouter et Alicia Polzella Gauduel.<\/p>\n<hr \/>\n<p><a href=\"https:\/\/philomonaco.com\/\">https:\/\/philomonaco.com\/<\/a><\/p>\n<hr \/>\n<p><strong>RESTAURATION<\/strong><\/p>\n<p><strong>LE COMPTOIR<\/strong> Du mardi 11 au vendredi 14 juin &#8211; ouvert \u00e0 tous De 12h \u00e0 19h \/ Caf\u00e9 du Th\u00e9\u00e2tre Princesse Grace<\/p>\n<p><strong>LIBRAIRIE<\/strong><\/p>\n<p><strong>PHILOMONACO<\/strong> Du mardi 11 au vendredi 14 juin &#8211; ouvert \u00e0 tous De 12h \u00e0 19h \/ Hall du Th\u00e9\u00e2tre Princesse Grace<\/p>\n<hr \/>\n<p><a href=\"https:\/\/www.instagram.com\/monte_carlo_living\/\">Visitez Notre Page Instagram<\/a><\/p>\n<p><a href=\"https:\/\/montecarloliving.com\/fr\/\">Lisez d&rsquo;autres articles<\/a><\/p>\n","protected":false},"excerpt":{"rendered":"<p>Semaine de la philosophie \u00e0 Monte-Carlo, du mardi 11 au dimanche 16 juin 2024. L&rsquo;objectif est de cr\u00e9er une \u00ab\u00a0communaut\u00e9\u00a0\u00bb o\u00f9 la parole et la pens\u00e9e des philosophes circulent librement entre tous, et \u00e9clairent, m\u00eame si ce n&rsquo;est que d&rsquo;un faible rayon, les probl\u00e8mes [&hellip;]<\/p>\n","protected":false},"author":1,"featured_media":11708,"comment_status":"closed","ping_status":"closed","sticky":false,"template":"","format":"standard","meta":{"footnotes":""},"categories":[828,867],"tags":[],"class_list":["post-11729","post","type-post","status-publish","format-standard","has-post-thumbnail","hentry","category-evenements","category-monaco-fr"],"yoast_head":"<!-- This site is optimized with the Yoast SEO plugin v27.5 - https:\/\/yoast.com\/product\/yoast-seo-wordpress\/ -->\n<title>Semaine de la philosophie \u00e0 Monte-Carlo<\/title>\n<meta name=\"description\" content=\"Semaine de la philosophie \u00e0 Monte-Carlo, du mardi 11 au dimanche 16 juin 2024. L&#039;objectif est de cr\u00e9er une &quot;communaut\u00e9&quot; o\u00f9 la parole et la pens\u00e9e des\" \/>\n<meta name=\"robots\" content=\"index, follow, max-snippet:-1, max-image-preview:large, max-video-preview:-1\" \/>\n<link rel=\"canonical\" href=\"https:\/\/montecarloliving.com\/fr\/evenements\/semaine-de-philosophie-monte-carlo-11729\/\" \/>\n<meta property=\"og:locale\" content=\"fr_FR\" \/>\n<meta property=\"og:title\" content=\"Semaine de la philosophie \u00e0 Monte-Carlo\" \/>\n<meta property=\"og:description\" content=\"Semaine de la philosophie \u00e0 Monte-Carlo, du mardi 11 au dimanche 16 juin 2024. L&#039;objectif est de cr\u00e9er une &quot;communaut\u00e9&quot; o\u00f9 la parole et la pens\u00e9e des\" \/>\n<meta property=\"og:url\" content=\"https:\/\/montecarloliving.com\/fr\/evenements\/semaine-de-philosophie-monte-carlo-11729\/\" \/>\n<meta property=\"og:site_name\" content=\"Montecarlo Living\" \/>\n<meta property=\"article:publisher\" content=\"https:\/\/www.facebook.com\/montecarlolivingcom\/\" \/>\n<meta property=\"article:published_time\" content=\"2024-06-06T08:30:20+00:00\" \/>\n<meta property=\"article:modified_time\" content=\"2024-06-06T08:46:50+00:00\" \/>\n<meta property=\"og:image\" content=\"https:\/\/montecarloliving.com\/wp-content\/uploads\/2024\/06\/Visuel-Semaine-PhiloMonaco-2024-1-650x400.jpg\" \/>\n\t<meta property=\"og:image:width\" content=\"650\" \/>\n\t<meta property=\"og:image:height\" content=\"400\" \/>\n\t<meta property=\"og:image:type\" content=\"image\/jpeg\" \/>\n<meta name=\"author\" content=\"Redazione\" \/>\n<meta name=\"twitter:card\" content=\"summary_large_image\" \/>\n<meta name=\"twitter:creator\" content=\"@MonteCarloLivi\" \/>\n<meta name=\"twitter:site\" content=\"@MonteCarloLivi\" \/>\n<meta name=\"twitter:label1\" content=\"\u00c9crit par\" \/>\n\t<meta name=\"twitter:data1\" content=\"Redazione\" \/>\n\t<meta name=\"twitter:label2\" content=\"Dur\u00e9e de lecture estim\u00e9e\" \/>\n\t<meta name=\"twitter:data2\" content=\"4 minutes\" \/>\n<script type=\"application\/ld+json\" class=\"yoast-schema-graph\">{\"@context\":\"https:\\\/\\\/schema.org\",\"@graph\":[{\"@type\":\"Article\",\"@id\":\"https:\\\/\\\/montecarloliving.com\\\/fr\\\/evenements\\\/semaine-de-philosophie-monte-carlo-11729\\\/#article\",\"isPartOf\":{\"@id\":\"https:\\\/\\\/montecarloliving.com\\\/fr\\\/evenements\\\/semaine-de-philosophie-monte-carlo-11729\\\/\"},\"author\":{\"name\":\"Redazione\",\"@id\":\"https:\\\/\\\/montecarloliving.com\\\/fr\\\/#\\\/schema\\\/person\\\/7e5945d4560862b7f2d2c6831bda2819\"},\"headline\":\"Semaine de la philosophie \u00e0 Monte-Carlo\",\"datePublished\":\"2024-06-06T08:30:20+00:00\",\"dateModified\":\"2024-06-06T08:46:50+00:00\",\"mainEntityOfPage\":{\"@id\":\"https:\\\/\\\/montecarloliving.com\\\/fr\\\/evenements\\\/semaine-de-philosophie-monte-carlo-11729\\\/\"},\"wordCount\":657,\"image\":{\"@id\":\"https:\\\/\\\/montecarloliving.com\\\/fr\\\/evenements\\\/semaine-de-philosophie-monte-carlo-11729\\\/#primaryimage\"},\"thumbnailUrl\":\"https:\\\/\\\/montecarloliving.com\\\/wp-content\\\/uploads\\\/2024\\\/06\\\/Visuel-Semaine-PhiloMonaco-2024-1-scaled.jpg\",\"articleSection\":[\"\u00c9v\u00e9nements\",\"Monaco\"],\"inLanguage\":\"fr-FR\"},{\"@type\":\"WebPage\",\"@id\":\"https:\\\/\\\/montecarloliving.com\\\/fr\\\/evenements\\\/semaine-de-philosophie-monte-carlo-11729\\\/\",\"url\":\"https:\\\/\\\/montecarloliving.com\\\/fr\\\/evenements\\\/semaine-de-philosophie-monte-carlo-11729\\\/\",\"name\":\"Semaine de la philosophie \u00e0 Monte-Carlo\",\"isPartOf\":{\"@id\":\"https:\\\/\\\/montecarloliving.com\\\/fr\\\/#website\"},\"primaryImageOfPage\":{\"@id\":\"https:\\\/\\\/montecarloliving.com\\\/fr\\\/evenements\\\/semaine-de-philosophie-monte-carlo-11729\\\/#primaryimage\"},\"image\":{\"@id\":\"https:\\\/\\\/montecarloliving.com\\\/fr\\\/evenements\\\/semaine-de-philosophie-monte-carlo-11729\\\/#primaryimage\"},\"thumbnailUrl\":\"https:\\\/\\\/montecarloliving.com\\\/wp-content\\\/uploads\\\/2024\\\/06\\\/Visuel-Semaine-PhiloMonaco-2024-1-scaled.jpg\",\"datePublished\":\"2024-06-06T08:30:20+00:00\",\"dateModified\":\"2024-06-06T08:46:50+00:00\",\"author\":{\"@id\":\"https:\\\/\\\/montecarloliving.com\\\/fr\\\/#\\\/schema\\\/person\\\/7e5945d4560862b7f2d2c6831bda2819\"},\"description\":\"Semaine de la philosophie \u00e0 Monte-Carlo, du mardi 11 au dimanche 16 juin 2024. L'objectif est de cr\u00e9er une \\\"communaut\u00e9\\\" o\u00f9 la parole et la pens\u00e9e des\",\"breadcrumb\":{\"@id\":\"https:\\\/\\\/montecarloliving.com\\\/fr\\\/evenements\\\/semaine-de-philosophie-monte-carlo-11729\\\/#breadcrumb\"},\"inLanguage\":\"fr-FR\",\"potentialAction\":[{\"@type\":\"ReadAction\",\"target\":[\"https:\\\/\\\/montecarloliving.com\\\/fr\\\/evenements\\\/semaine-de-philosophie-monte-carlo-11729\\\/\"]}]},{\"@type\":\"ImageObject\",\"inLanguage\":\"fr-FR\",\"@id\":\"https:\\\/\\\/montecarloliving.com\\\/fr\\\/evenements\\\/semaine-de-philosophie-monte-carlo-11729\\\/#primaryimage\",\"url\":\"https:\\\/\\\/montecarloliving.com\\\/wp-content\\\/uploads\\\/2024\\\/06\\\/Visuel-Semaine-PhiloMonaco-2024-1-scaled.jpg\",\"contentUrl\":\"https:\\\/\\\/montecarloliving.com\\\/wp-content\\\/uploads\\\/2024\\\/06\\\/Visuel-Semaine-PhiloMonaco-2024-1-scaled.jpg\",\"width\":1811,\"height\":2560},{\"@type\":\"BreadcrumbList\",\"@id\":\"https:\\\/\\\/montecarloliving.com\\\/fr\\\/evenements\\\/semaine-de-philosophie-monte-carlo-11729\\\/#breadcrumb\",\"itemListElement\":[{\"@type\":\"ListItem\",\"position\":1,\"name\":\"Home\",\"item\":\"https:\\\/\\\/montecarloliving.com\\\/fr\\\/\"},{\"@type\":\"ListItem\",\"position\":2,\"name\":\"Semaine de la philosophie \u00e0 Monte-Carlo\"}]},{\"@type\":\"WebSite\",\"@id\":\"https:\\\/\\\/montecarloliving.com\\\/fr\\\/#website\",\"url\":\"https:\\\/\\\/montecarloliving.com\\\/fr\\\/\",\"name\":\"Montecarlo Living\",\"description\":\"News da Montecarlo - Principato di Monaco e Costa Azzurra\",\"potentialAction\":[{\"@type\":\"SearchAction\",\"target\":{\"@type\":\"EntryPoint\",\"urlTemplate\":\"https:\\\/\\\/montecarloliving.com\\\/fr\\\/?s={search_term_string}\"},\"query-input\":{\"@type\":\"PropertyValueSpecification\",\"valueRequired\":true,\"valueName\":\"search_term_string\"}}],\"inLanguage\":\"fr-FR\"},{\"@type\":\"Person\",\"@id\":\"https:\\\/\\\/montecarloliving.com\\\/fr\\\/#\\\/schema\\\/person\\\/7e5945d4560862b7f2d2c6831bda2819\",\"name\":\"Redazione\",\"image\":{\"@type\":\"ImageObject\",\"inLanguage\":\"fr-FR\",\"@id\":\"https:\\\/\\\/secure.gravatar.com\\\/avatar\\\/8b5f26557e18fe74ad8e8a57ebb2925d88af8a90cee489ff2beefb391bc9b9c7?s=96&d=mm&r=g\",\"url\":\"https:\\\/\\\/secure.gravatar.com\\\/avatar\\\/8b5f26557e18fe74ad8e8a57ebb2925d88af8a90cee489ff2beefb391bc9b9c7?s=96&d=mm&r=g\",\"contentUrl\":\"https:\\\/\\\/secure.gravatar.com\\\/avatar\\\/8b5f26557e18fe74ad8e8a57ebb2925d88af8a90cee489ff2beefb391bc9b9c7?s=96&d=mm&r=g\",\"caption\":\"Redazione\"}}]}<\/script>\n<!-- \/ Yoast SEO plugin. -->","yoast_head_json":{"title":"Semaine de la philosophie \u00e0 Monte-Carlo","description":"Semaine de la philosophie \u00e0 Monte-Carlo, du mardi 11 au dimanche 16 juin 2024. L'objectif est de cr\u00e9er une \"communaut\u00e9\" o\u00f9 la parole et la pens\u00e9e des","robots":{"index":"index","follow":"follow","max-snippet":"max-snippet:-1","max-image-preview":"max-image-preview:large","max-video-preview":"max-video-preview:-1"},"canonical":"https:\/\/montecarloliving.com\/fr\/evenements\/semaine-de-philosophie-monte-carlo-11729\/","og_locale":"fr_FR","og_title":"Semaine de la philosophie \u00e0 Monte-Carlo","og_description":"Semaine de la philosophie \u00e0 Monte-Carlo, du mardi 11 au dimanche 16 juin 2024. L'objectif est de cr\u00e9er une \"communaut\u00e9\" o\u00f9 la parole et la pens\u00e9e des","og_url":"https:\/\/montecarloliving.com\/fr\/evenements\/semaine-de-philosophie-monte-carlo-11729\/","og_site_name":"Montecarlo Living","article_publisher":"https:\/\/www.facebook.com\/montecarlolivingcom\/","article_published_time":"2024-06-06T08:30:20+00:00","article_modified_time":"2024-06-06T08:46:50+00:00","og_image":[{"width":650,"height":400,"url":"https:\/\/montecarloliving.com\/wp-content\/uploads\/2024\/06\/Visuel-Semaine-PhiloMonaco-2024-1-650x400.jpg","type":"image\/jpeg"}],"author":"Redazione","twitter_card":"summary_large_image","twitter_creator":"@MonteCarloLivi","twitter_site":"@MonteCarloLivi","twitter_misc":{"\u00c9crit par":"Redazione","Dur\u00e9e de lecture estim\u00e9e":"4 minutes"},"schema":{"@context":"https:\/\/schema.org","@graph":[{"@type":"Article","@id":"https:\/\/montecarloliving.com\/fr\/evenements\/semaine-de-philosophie-monte-carlo-11729\/#article","isPartOf":{"@id":"https:\/\/montecarloliving.com\/fr\/evenements\/semaine-de-philosophie-monte-carlo-11729\/"},"author":{"name":"Redazione","@id":"https:\/\/montecarloliving.com\/fr\/#\/schema\/person\/7e5945d4560862b7f2d2c6831bda2819"},"headline":"Semaine de la philosophie \u00e0 Monte-Carlo","datePublished":"2024-06-06T08:30:20+00:00","dateModified":"2024-06-06T08:46:50+00:00","mainEntityOfPage":{"@id":"https:\/\/montecarloliving.com\/fr\/evenements\/semaine-de-philosophie-monte-carlo-11729\/"},"wordCount":657,"image":{"@id":"https:\/\/montecarloliving.com\/fr\/evenements\/semaine-de-philosophie-monte-carlo-11729\/#primaryimage"},"thumbnailUrl":"https:\/\/montecarloliving.com\/wp-content\/uploads\/2024\/06\/Visuel-Semaine-PhiloMonaco-2024-1-scaled.jpg","articleSection":["\u00c9v\u00e9nements","Monaco"],"inLanguage":"fr-FR"},{"@type":"WebPage","@id":"https:\/\/montecarloliving.com\/fr\/evenements\/semaine-de-philosophie-monte-carlo-11729\/","url":"https:\/\/montecarloliving.com\/fr\/evenements\/semaine-de-philosophie-monte-carlo-11729\/","name":"Semaine de la philosophie \u00e0 Monte-Carlo","isPartOf":{"@id":"https:\/\/montecarloliving.com\/fr\/#website"},"primaryImageOfPage":{"@id":"https:\/\/montecarloliving.com\/fr\/evenements\/semaine-de-philosophie-monte-carlo-11729\/#primaryimage"},"image":{"@id":"https:\/\/montecarloliving.com\/fr\/evenements\/semaine-de-philosophie-monte-carlo-11729\/#primaryimage"},"thumbnailUrl":"https:\/\/montecarloliving.com\/wp-content\/uploads\/2024\/06\/Visuel-Semaine-PhiloMonaco-2024-1-scaled.jpg","datePublished":"2024-06-06T08:30:20+00:00","dateModified":"2024-06-06T08:46:50+00:00","author":{"@id":"https:\/\/montecarloliving.com\/fr\/#\/schema\/person\/7e5945d4560862b7f2d2c6831bda2819"},"description":"Semaine de la philosophie \u00e0 Monte-Carlo, du mardi 11 au dimanche 16 juin 2024. L'objectif est de cr\u00e9er une \"communaut\u00e9\" o\u00f9 la parole et la pens\u00e9e des","breadcrumb":{"@id":"https:\/\/montecarloliving.com\/fr\/evenements\/semaine-de-philosophie-monte-carlo-11729\/#breadcrumb"},"inLanguage":"fr-FR","potentialAction":[{"@type":"ReadAction","target":["https:\/\/montecarloliving.com\/fr\/evenements\/semaine-de-philosophie-monte-carlo-11729\/"]}]},{"@type":"ImageObject","inLanguage":"fr-FR","@id":"https:\/\/montecarloliving.com\/fr\/evenements\/semaine-de-philosophie-monte-carlo-11729\/#primaryimage","url":"https:\/\/montecarloliving.com\/wp-content\/uploads\/2024\/06\/Visuel-Semaine-PhiloMonaco-2024-1-scaled.jpg","contentUrl":"https:\/\/montecarloliving.com\/wp-content\/uploads\/2024\/06\/Visuel-Semaine-PhiloMonaco-2024-1-scaled.jpg","width":1811,"height":2560},{"@type":"BreadcrumbList","@id":"https:\/\/montecarloliving.com\/fr\/evenements\/semaine-de-philosophie-monte-carlo-11729\/#breadcrumb","itemListElement":[{"@type":"ListItem","position":1,"name":"Home","item":"https:\/\/montecarloliving.com\/fr\/"},{"@type":"ListItem","position":2,"name":"Semaine de la philosophie \u00e0 Monte-Carlo"}]},{"@type":"WebSite","@id":"https:\/\/montecarloliving.com\/fr\/#website","url":"https:\/\/montecarloliving.com\/fr\/","name":"Montecarlo Living","description":"News da Montecarlo - Principato di Monaco e Costa Azzurra","potentialAction":[{"@type":"SearchAction","target":{"@type":"EntryPoint","urlTemplate":"https:\/\/montecarloliving.com\/fr\/?s={search_term_string}"},"query-input":{"@type":"PropertyValueSpecification","valueRequired":true,"valueName":"search_term_string"}}],"inLanguage":"fr-FR"},{"@type":"Person","@id":"https:\/\/montecarloliving.com\/fr\/#\/schema\/person\/7e5945d4560862b7f2d2c6831bda2819","name":"Redazione","image":{"@type":"ImageObject","inLanguage":"fr-FR","@id":"https:\/\/secure.gravatar.com\/avatar\/8b5f26557e18fe74ad8e8a57ebb2925d88af8a90cee489ff2beefb391bc9b9c7?s=96&d=mm&r=g","url":"https:\/\/secure.gravatar.com\/avatar\/8b5f26557e18fe74ad8e8a57ebb2925d88af8a90cee489ff2beefb391bc9b9c7?s=96&d=mm&r=g","contentUrl":"https:\/\/secure.gravatar.com\/avatar\/8b5f26557e18fe74ad8e8a57ebb2925d88af8a90cee489ff2beefb391bc9b9c7?s=96&d=mm&r=g","caption":"Redazione"}}]}},"_links":{"self":[{"href":"https:\/\/montecarloliving.com\/fr\/wp-json\/wp\/v2\/posts\/11729","targetHints":{"allow":["GET"]}}],"collection":[{"href":"https:\/\/montecarloliving.com\/fr\/wp-json\/wp\/v2\/posts"}],"about":[{"href":"https:\/\/montecarloliving.com\/fr\/wp-json\/wp\/v2\/types\/post"}],"author":[{"embeddable":true,"href":"https:\/\/montecarloliving.com\/fr\/wp-json\/wp\/v2\/users\/1"}],"replies":[{"embeddable":true,"href":"https:\/\/montecarloliving.com\/fr\/wp-json\/wp\/v2\/comments?post=11729"}],"version-history":[{"count":1,"href":"https:\/\/montecarloliving.com\/fr\/wp-json\/wp\/v2\/posts\/11729\/revisions"}],"predecessor-version":[{"id":11730,"href":"https:\/\/montecarloliving.com\/fr\/wp-json\/wp\/v2\/posts\/11729\/revisions\/11730"}],"wp:featuredmedia":[{"embeddable":true,"href":"https:\/\/montecarloliving.com\/fr\/wp-json\/wp\/v2\/media\/11708"}],"wp:attachment":[{"href":"https:\/\/montecarloliving.com\/fr\/wp-json\/wp\/v2\/media?parent=11729"}],"wp:term":[{"taxonomy":"category","embeddable":true,"href":"https:\/\/montecarloliving.com\/fr\/wp-json\/wp\/v2\/categories?post=11729"},{"taxonomy":"post_tag","embeddable":true,"href":"https:\/\/montecarloliving.com\/fr\/wp-json\/wp\/v2\/tags?post=11729"}],"curies":[{"name":"wp","href":"https:\/\/api.w.org\/{rel}","templated":true}]}}