{"id":11475,"date":"2024-05-29T10:55:41","date_gmt":"2024-05-29T08:55:41","guid":{"rendered":"https:\/\/montecarloliving.com\/?p=11475"},"modified":"2024-05-29T10:55:41","modified_gmt":"2024-05-29T08:55:41","slug":"monacotech-devoile-sa-nouvelle-promo","status":"publish","type":"post","link":"https:\/\/montecarloliving.com\/fr\/evenements\/monacotech-devoile-sa-nouvelle-promo-11475\/","title":{"rendered":"MonacoTech d\u00e9voile sa nouvelle promo"},"content":{"rendered":"<p>L\u2019incubateur de startups de Monaco a organis\u00e9 le 27 mai un Demo Day pour pr\u00e9senter les 3 nouvelles startups qu\u2019il accompagne depuis mars 2024. Cette cohorte a \u00e9t\u00e9 s\u00e9lectionn\u00e9e par un jury d&rsquo;experts \u00e0 l&rsquo;issue de son dernier appel \u00e0 projets, en octobre\/novembre 2023.<\/p>\n<p>Le Demo Day est un \u00e9v\u00e9nement qui marque la fin du programme d\u2019acc\u00e9l\u00e9ration de deux mois et repr\u00e9sente un moment cl\u00e9 pour les entrepreneurs.<\/p>\n<p>Ce rendez-vous offre l\u2019opportunit\u00e9 aux nouvelles recrues de pr\u00e9senter leurs projets \u00e0 une audience \u201cfriendly\u201d compos\u00e9e de repr\u00e9sentants du Gouvernement Princier, du secteur priv\u00e9, d\u2019investisseurs ainsi que de partenaires. Ces \u00e9changes permettent aux porteurs de projet de nouer les premiers liens essentiels \u00e0 leur d\u00e9veloppement avec l&rsquo;\u00e9cosyst\u00e8me mon\u00e9gasque.<\/p>\n<p>Les innovations propos\u00e9es par cette nouvelle promotion couvrent les secteurs de la medtech, la fintech et la cosm\u00e9tique \u00e9co-responsable :<\/p>\n<ul>\n<li><strong>Nursinnov<\/strong> propose un dispositif m\u00e9dical qui r\u00e9pond \u00e0 un manque de s\u00e9curit\u00e9 dans le domaine des soins pour les soignants et les patients, notamment lors des pr\u00e9l\u00e8vements des micro gouttes de sang sur circuit extracorporel. Le produit permet de lutter contre les accidents et les expositions aux virus et infections.<\/li>\n<\/ul>\n<p>Fondatrice : Angeline Pena Prado<\/p>\n<ul>\n<li><strong>Monte Digital*<\/strong> est une plateforme technologique con\u00e7ue pour permettre aux banques priv\u00e9es, aux<br \/>\ngestionnaires de patrimoine et aux multi-family offices de servir plus efficacement leurs clients.<\/li>\n<\/ul>\n<p>Fondateur : Anatoly Gorlov<\/p>\n<ul>\n<li><strong>*P\u00e9rim\u00e8tre du projet<\/strong> en cours de validation r\u00e9glementaire par l\u2019autorit\u00e9 comp\u00e9tente.<br \/>\nLa Purative d\u00e9veloppe des produits cosm\u00e9tiques certifi\u00e9s biologiques, fabriqu\u00e9s \u00e0 Monaco, exempts d&rsquo;ingr\u00e9dients nocifs, biod\u00e9gradables et rechargeables.<\/li>\n<\/ul>\n<p>Fondateur : Stefan Parkes<\/p>\n<p>Lors de cet \u00e9v\u00e9nement, la startup Net0, incub\u00e9e \u00e0 MonacoTech depuis 2022, a \u00e9galement pr\u00e9sent\u00e9 sa derni\u00e8re innovation : une bou\u00e9e intelligente con\u00e7ue pour r\u00e9volutionner la collecte des donn\u00e9es oc\u00e9aniques.<\/p>\n","protected":false},"excerpt":{"rendered":"<p>L\u2019incubateur de startups de Monaco a organis\u00e9 le 27 mai un Demo Day pour pr\u00e9senter les 3 nouvelles startups qu\u2019il accompagne depuis mars 2024. Cette cohorte a \u00e9t\u00e9 s\u00e9lectionn\u00e9e par un jury d&rsquo;experts \u00e0 l&rsquo;issue de son dernier appel \u00e0 projets, en octobre\/novembre 2023. [&hellip;]<\/p>\n","protected":false},"author":1,"featured_media":11476,"comment_status":"closed","ping_status":"closed","sticky":false,"template":"","format":"standard","meta":{"footnotes":""},"categories":[828,867],"tags":[],"class_list":["post-11475","post","type-post","status-publish","format-standard","has-post-thumbnail","hentry","category-evenements","category-monaco-fr"],"yoast_head":"<!-- This site is optimized with the Yoast SEO plugin v27.4 - https:\/\/yoast.com\/product\/yoast-seo-wordpress\/ -->\n<title>MonacoTech d\u00e9voile sa nouvelle promo<\/title>\n<meta name=\"description\" content=\"L\u2019incubateur de startups de Monaco a organis\u00e9 le 27 mai un Demo Day pour pr\u00e9senter les 3 nouvelles startups qu\u2019il accompagne depuis mars 2024. Cette\" \/>\n<meta name=\"robots\" content=\"index, follow, max-snippet:-1, max-image-preview:large, max-video-preview:-1\" \/>\n<link rel=\"canonical\" href=\"https:\/\/montecarloliving.com\/fr\/evenements\/monacotech-devoile-sa-nouvelle-promo-11475\/\" \/>\n<meta property=\"og:locale\" content=\"fr_FR\" \/>\n<meta property=\"og:title\" content=\"MonacoTech d\u00e9voile sa nouvelle promo\" \/>\n<meta property=\"og:description\" content=\"L\u2019incubateur de startups de Monaco a organis\u00e9 le 27 mai un Demo Day pour pr\u00e9senter les 3 nouvelles startups qu\u2019il accompagne depuis mars 2024. Cette\" \/>\n<meta property=\"og:url\" content=\"https:\/\/montecarloliving.com\/fr\/evenements\/monacotech-devoile-sa-nouvelle-promo-11475\/\" \/>\n<meta property=\"og:site_name\" content=\"Montecarlo Living\" \/>\n<meta property=\"article:publisher\" content=\"https:\/\/www.facebook.com\/montecarlolivingcom\/\" \/>\n<meta property=\"article:published_time\" content=\"2024-05-29T08:55:41+00:00\" \/>\n<meta property=\"og:image\" content=\"https:\/\/montecarloliving.com\/wp-content\/uploads\/2024\/05\/Demo-Day-Monaco-Tech-\u00a9-Stephane-Danna-Direction-de-la-Communication--650x400.jpg\" \/>\n\t<meta property=\"og:image:width\" content=\"650\" \/>\n\t<meta property=\"og:image:height\" content=\"400\" \/>\n\t<meta property=\"og:image:type\" content=\"image\/jpeg\" \/>\n<meta name=\"author\" content=\"Redazione\" \/>\n<meta name=\"twitter:card\" content=\"summary_large_image\" \/>\n<meta name=\"twitter:creator\" content=\"@MonteCarloLivi\" \/>\n<meta name=\"twitter:site\" content=\"@MonteCarloLivi\" \/>\n<meta name=\"twitter:label1\" content=\"\u00c9crit par\" \/>\n\t<meta name=\"twitter:data1\" content=\"Redazione\" \/>\n\t<meta name=\"twitter:label2\" content=\"Dur\u00e9e de lecture estim\u00e9e\" \/>\n\t<meta name=\"twitter:data2\" content=\"2 minutes\" \/>\n<script type=\"application\/ld+json\" class=\"yoast-schema-graph\">{\"@context\":\"https:\\\/\\\/schema.org\",\"@graph\":[{\"@type\":\"Article\",\"@id\":\"https:\\\/\\\/montecarloliving.com\\\/fr\\\/evenements\\\/monacotech-devoile-sa-nouvelle-promo-11475\\\/#article\",\"isPartOf\":{\"@id\":\"https:\\\/\\\/montecarloliving.com\\\/fr\\\/evenements\\\/monacotech-devoile-sa-nouvelle-promo-11475\\\/\"},\"author\":{\"name\":\"Redazione\",\"@id\":\"https:\\\/\\\/montecarloliving.com\\\/fr\\\/#\\\/schema\\\/person\\\/7e5945d4560862b7f2d2c6831bda2819\"},\"headline\":\"MonacoTech d\u00e9voile sa nouvelle promo\",\"datePublished\":\"2024-05-29T08:55:41+00:00\",\"mainEntityOfPage\":{\"@id\":\"https:\\\/\\\/montecarloliving.com\\\/fr\\\/evenements\\\/monacotech-devoile-sa-nouvelle-promo-11475\\\/\"},\"wordCount\":324,\"image\":{\"@id\":\"https:\\\/\\\/montecarloliving.com\\\/fr\\\/evenements\\\/monacotech-devoile-sa-nouvelle-promo-11475\\\/#primaryimage\"},\"thumbnailUrl\":\"https:\\\/\\\/montecarloliving.com\\\/wp-content\\\/uploads\\\/2024\\\/05\\\/Demo-Day-Monaco-Tech-\u00a9-Stephane-Danna-Direction-de-la-Communication-.jpg\",\"articleSection\":[\"\u00c9v\u00e9nements\",\"Monaco\"],\"inLanguage\":\"fr-FR\"},{\"@type\":\"WebPage\",\"@id\":\"https:\\\/\\\/montecarloliving.com\\\/fr\\\/evenements\\\/monacotech-devoile-sa-nouvelle-promo-11475\\\/\",\"url\":\"https:\\\/\\\/montecarloliving.com\\\/fr\\\/evenements\\\/monacotech-devoile-sa-nouvelle-promo-11475\\\/\",\"name\":\"MonacoTech d\u00e9voile sa nouvelle promo\",\"isPartOf\":{\"@id\":\"https:\\\/\\\/montecarloliving.com\\\/fr\\\/#website\"},\"primaryImageOfPage\":{\"@id\":\"https:\\\/\\\/montecarloliving.com\\\/fr\\\/evenements\\\/monacotech-devoile-sa-nouvelle-promo-11475\\\/#primaryimage\"},\"image\":{\"@id\":\"https:\\\/\\\/montecarloliving.com\\\/fr\\\/evenements\\\/monacotech-devoile-sa-nouvelle-promo-11475\\\/#primaryimage\"},\"thumbnailUrl\":\"https:\\\/\\\/montecarloliving.com\\\/wp-content\\\/uploads\\\/2024\\\/05\\\/Demo-Day-Monaco-Tech-\u00a9-Stephane-Danna-Direction-de-la-Communication-.jpg\",\"datePublished\":\"2024-05-29T08:55:41+00:00\",\"author\":{\"@id\":\"https:\\\/\\\/montecarloliving.com\\\/fr\\\/#\\\/schema\\\/person\\\/7e5945d4560862b7f2d2c6831bda2819\"},\"description\":\"L\u2019incubateur de startups de Monaco a organis\u00e9 le 27 mai un Demo Day pour pr\u00e9senter les 3 nouvelles startups qu\u2019il accompagne depuis mars 2024. Cette\",\"breadcrumb\":{\"@id\":\"https:\\\/\\\/montecarloliving.com\\\/fr\\\/evenements\\\/monacotech-devoile-sa-nouvelle-promo-11475\\\/#breadcrumb\"},\"inLanguage\":\"fr-FR\",\"potentialAction\":[{\"@type\":\"ReadAction\",\"target\":[\"https:\\\/\\\/montecarloliving.com\\\/fr\\\/evenements\\\/monacotech-devoile-sa-nouvelle-promo-11475\\\/\"]}]},{\"@type\":\"ImageObject\",\"inLanguage\":\"fr-FR\",\"@id\":\"https:\\\/\\\/montecarloliving.com\\\/fr\\\/evenements\\\/monacotech-devoile-sa-nouvelle-promo-11475\\\/#primaryimage\",\"url\":\"https:\\\/\\\/montecarloliving.com\\\/wp-content\\\/uploads\\\/2024\\\/05\\\/Demo-Day-Monaco-Tech-\u00a9-Stephane-Danna-Direction-de-la-Communication-.jpg\",\"contentUrl\":\"https:\\\/\\\/montecarloliving.com\\\/wp-content\\\/uploads\\\/2024\\\/05\\\/Demo-Day-Monaco-Tech-\u00a9-Stephane-Danna-Direction-de-la-Communication-.jpg\",\"width\":1978,\"height\":1319},{\"@type\":\"BreadcrumbList\",\"@id\":\"https:\\\/\\\/montecarloliving.com\\\/fr\\\/evenements\\\/monacotech-devoile-sa-nouvelle-promo-11475\\\/#breadcrumb\",\"itemListElement\":[{\"@type\":\"ListItem\",\"position\":1,\"name\":\"Home\",\"item\":\"https:\\\/\\\/montecarloliving.com\\\/fr\\\/\"},{\"@type\":\"ListItem\",\"position\":2,\"name\":\"MonacoTech d\u00e9voile sa nouvelle promo\"}]},{\"@type\":\"WebSite\",\"@id\":\"https:\\\/\\\/montecarloliving.com\\\/fr\\\/#website\",\"url\":\"https:\\\/\\\/montecarloliving.com\\\/fr\\\/\",\"name\":\"Montecarlo Living\",\"description\":\"News da Montecarlo - Principato di Monaco e Costa Azzurra\",\"potentialAction\":[{\"@type\":\"SearchAction\",\"target\":{\"@type\":\"EntryPoint\",\"urlTemplate\":\"https:\\\/\\\/montecarloliving.com\\\/fr\\\/?s={search_term_string}\"},\"query-input\":{\"@type\":\"PropertyValueSpecification\",\"valueRequired\":true,\"valueName\":\"search_term_string\"}}],\"inLanguage\":\"fr-FR\"},{\"@type\":\"Person\",\"@id\":\"https:\\\/\\\/montecarloliving.com\\\/fr\\\/#\\\/schema\\\/person\\\/7e5945d4560862b7f2d2c6831bda2819\",\"name\":\"Redazione\",\"image\":{\"@type\":\"ImageObject\",\"inLanguage\":\"fr-FR\",\"@id\":\"https:\\\/\\\/secure.gravatar.com\\\/avatar\\\/8b5f26557e18fe74ad8e8a57ebb2925d88af8a90cee489ff2beefb391bc9b9c7?s=96&d=mm&r=g\",\"url\":\"https:\\\/\\\/secure.gravatar.com\\\/avatar\\\/8b5f26557e18fe74ad8e8a57ebb2925d88af8a90cee489ff2beefb391bc9b9c7?s=96&d=mm&r=g\",\"contentUrl\":\"https:\\\/\\\/secure.gravatar.com\\\/avatar\\\/8b5f26557e18fe74ad8e8a57ebb2925d88af8a90cee489ff2beefb391bc9b9c7?s=96&d=mm&r=g\",\"caption\":\"Redazione\"}}]}<\/script>\n<!-- \/ Yoast SEO plugin. -->","yoast_head_json":{"title":"MonacoTech d\u00e9voile sa nouvelle promo","description":"L\u2019incubateur de startups de Monaco a organis\u00e9 le 27 mai un Demo Day pour pr\u00e9senter les 3 nouvelles startups qu\u2019il accompagne depuis mars 2024. Cette","robots":{"index":"index","follow":"follow","max-snippet":"max-snippet:-1","max-image-preview":"max-image-preview:large","max-video-preview":"max-video-preview:-1"},"canonical":"https:\/\/montecarloliving.com\/fr\/evenements\/monacotech-devoile-sa-nouvelle-promo-11475\/","og_locale":"fr_FR","og_title":"MonacoTech d\u00e9voile sa nouvelle promo","og_description":"L\u2019incubateur de startups de Monaco a organis\u00e9 le 27 mai un Demo Day pour pr\u00e9senter les 3 nouvelles startups qu\u2019il accompagne depuis mars 2024. Cette","og_url":"https:\/\/montecarloliving.com\/fr\/evenements\/monacotech-devoile-sa-nouvelle-promo-11475\/","og_site_name":"Montecarlo Living","article_publisher":"https:\/\/www.facebook.com\/montecarlolivingcom\/","article_published_time":"2024-05-29T08:55:41+00:00","og_image":[{"width":650,"height":400,"url":"https:\/\/montecarloliving.com\/wp-content\/uploads\/2024\/05\/Demo-Day-Monaco-Tech-\u00a9-Stephane-Danna-Direction-de-la-Communication--650x400.jpg","type":"image\/jpeg"}],"author":"Redazione","twitter_card":"summary_large_image","twitter_creator":"@MonteCarloLivi","twitter_site":"@MonteCarloLivi","twitter_misc":{"\u00c9crit par":"Redazione","Dur\u00e9e de lecture estim\u00e9e":"2 minutes"},"schema":{"@context":"https:\/\/schema.org","@graph":[{"@type":"Article","@id":"https:\/\/montecarloliving.com\/fr\/evenements\/monacotech-devoile-sa-nouvelle-promo-11475\/#article","isPartOf":{"@id":"https:\/\/montecarloliving.com\/fr\/evenements\/monacotech-devoile-sa-nouvelle-promo-11475\/"},"author":{"name":"Redazione","@id":"https:\/\/montecarloliving.com\/fr\/#\/schema\/person\/7e5945d4560862b7f2d2c6831bda2819"},"headline":"MonacoTech d\u00e9voile sa nouvelle promo","datePublished":"2024-05-29T08:55:41+00:00","mainEntityOfPage":{"@id":"https:\/\/montecarloliving.com\/fr\/evenements\/monacotech-devoile-sa-nouvelle-promo-11475\/"},"wordCount":324,"image":{"@id":"https:\/\/montecarloliving.com\/fr\/evenements\/monacotech-devoile-sa-nouvelle-promo-11475\/#primaryimage"},"thumbnailUrl":"https:\/\/montecarloliving.com\/wp-content\/uploads\/2024\/05\/Demo-Day-Monaco-Tech-\u00a9-Stephane-Danna-Direction-de-la-Communication-.jpg","articleSection":["\u00c9v\u00e9nements","Monaco"],"inLanguage":"fr-FR"},{"@type":"WebPage","@id":"https:\/\/montecarloliving.com\/fr\/evenements\/monacotech-devoile-sa-nouvelle-promo-11475\/","url":"https:\/\/montecarloliving.com\/fr\/evenements\/monacotech-devoile-sa-nouvelle-promo-11475\/","name":"MonacoTech d\u00e9voile sa nouvelle promo","isPartOf":{"@id":"https:\/\/montecarloliving.com\/fr\/#website"},"primaryImageOfPage":{"@id":"https:\/\/montecarloliving.com\/fr\/evenements\/monacotech-devoile-sa-nouvelle-promo-11475\/#primaryimage"},"image":{"@id":"https:\/\/montecarloliving.com\/fr\/evenements\/monacotech-devoile-sa-nouvelle-promo-11475\/#primaryimage"},"thumbnailUrl":"https:\/\/montecarloliving.com\/wp-content\/uploads\/2024\/05\/Demo-Day-Monaco-Tech-\u00a9-Stephane-Danna-Direction-de-la-Communication-.jpg","datePublished":"2024-05-29T08:55:41+00:00","author":{"@id":"https:\/\/montecarloliving.com\/fr\/#\/schema\/person\/7e5945d4560862b7f2d2c6831bda2819"},"description":"L\u2019incubateur de startups de Monaco a organis\u00e9 le 27 mai un Demo Day pour pr\u00e9senter les 3 nouvelles startups qu\u2019il accompagne depuis mars 2024. Cette","breadcrumb":{"@id":"https:\/\/montecarloliving.com\/fr\/evenements\/monacotech-devoile-sa-nouvelle-promo-11475\/#breadcrumb"},"inLanguage":"fr-FR","potentialAction":[{"@type":"ReadAction","target":["https:\/\/montecarloliving.com\/fr\/evenements\/monacotech-devoile-sa-nouvelle-promo-11475\/"]}]},{"@type":"ImageObject","inLanguage":"fr-FR","@id":"https:\/\/montecarloliving.com\/fr\/evenements\/monacotech-devoile-sa-nouvelle-promo-11475\/#primaryimage","url":"https:\/\/montecarloliving.com\/wp-content\/uploads\/2024\/05\/Demo-Day-Monaco-Tech-\u00a9-Stephane-Danna-Direction-de-la-Communication-.jpg","contentUrl":"https:\/\/montecarloliving.com\/wp-content\/uploads\/2024\/05\/Demo-Day-Monaco-Tech-\u00a9-Stephane-Danna-Direction-de-la-Communication-.jpg","width":1978,"height":1319},{"@type":"BreadcrumbList","@id":"https:\/\/montecarloliving.com\/fr\/evenements\/monacotech-devoile-sa-nouvelle-promo-11475\/#breadcrumb","itemListElement":[{"@type":"ListItem","position":1,"name":"Home","item":"https:\/\/montecarloliving.com\/fr\/"},{"@type":"ListItem","position":2,"name":"MonacoTech d\u00e9voile sa nouvelle promo"}]},{"@type":"WebSite","@id":"https:\/\/montecarloliving.com\/fr\/#website","url":"https:\/\/montecarloliving.com\/fr\/","name":"Montecarlo Living","description":"News da Montecarlo - Principato di Monaco e Costa Azzurra","potentialAction":[{"@type":"SearchAction","target":{"@type":"EntryPoint","urlTemplate":"https:\/\/montecarloliving.com\/fr\/?s={search_term_string}"},"query-input":{"@type":"PropertyValueSpecification","valueRequired":true,"valueName":"search_term_string"}}],"inLanguage":"fr-FR"},{"@type":"Person","@id":"https:\/\/montecarloliving.com\/fr\/#\/schema\/person\/7e5945d4560862b7f2d2c6831bda2819","name":"Redazione","image":{"@type":"ImageObject","inLanguage":"fr-FR","@id":"https:\/\/secure.gravatar.com\/avatar\/8b5f26557e18fe74ad8e8a57ebb2925d88af8a90cee489ff2beefb391bc9b9c7?s=96&d=mm&r=g","url":"https:\/\/secure.gravatar.com\/avatar\/8b5f26557e18fe74ad8e8a57ebb2925d88af8a90cee489ff2beefb391bc9b9c7?s=96&d=mm&r=g","contentUrl":"https:\/\/secure.gravatar.com\/avatar\/8b5f26557e18fe74ad8e8a57ebb2925d88af8a90cee489ff2beefb391bc9b9c7?s=96&d=mm&r=g","caption":"Redazione"}}]}},"_links":{"self":[{"href":"https:\/\/montecarloliving.com\/fr\/wp-json\/wp\/v2\/posts\/11475","targetHints":{"allow":["GET"]}}],"collection":[{"href":"https:\/\/montecarloliving.com\/fr\/wp-json\/wp\/v2\/posts"}],"about":[{"href":"https:\/\/montecarloliving.com\/fr\/wp-json\/wp\/v2\/types\/post"}],"author":[{"embeddable":true,"href":"https:\/\/montecarloliving.com\/fr\/wp-json\/wp\/v2\/users\/1"}],"replies":[{"embeddable":true,"href":"https:\/\/montecarloliving.com\/fr\/wp-json\/wp\/v2\/comments?post=11475"}],"version-history":[{"count":1,"href":"https:\/\/montecarloliving.com\/fr\/wp-json\/wp\/v2\/posts\/11475\/revisions"}],"predecessor-version":[{"id":11479,"href":"https:\/\/montecarloliving.com\/fr\/wp-json\/wp\/v2\/posts\/11475\/revisions\/11479"}],"wp:featuredmedia":[{"embeddable":true,"href":"https:\/\/montecarloliving.com\/fr\/wp-json\/wp\/v2\/media\/11476"}],"wp:attachment":[{"href":"https:\/\/montecarloliving.com\/fr\/wp-json\/wp\/v2\/media?parent=11475"}],"wp:term":[{"taxonomy":"category","embeddable":true,"href":"https:\/\/montecarloliving.com\/fr\/wp-json\/wp\/v2\/categories?post=11475"},{"taxonomy":"post_tag","embeddable":true,"href":"https:\/\/montecarloliving.com\/fr\/wp-json\/wp\/v2\/tags?post=11475"}],"curies":[{"name":"wp","href":"https:\/\/api.w.org\/{rel}","templated":true}]}}