{"id":11140,"date":"2024-05-24T10:00:25","date_gmt":"2024-05-24T08:00:25","guid":{"rendered":"https:\/\/montecarloliving.com\/?p=11140"},"modified":"2024-05-20T12:36:34","modified_gmt":"2024-05-20T10:36:34","slug":"evenements-du-week-end-du-25-et-26-mai-2024-monaco","status":"publish","type":"post","link":"https:\/\/montecarloliving.com\/fr\/evenements\/evenements-du-week-end-du-25-et-26-mai-2024-monaco-11140\/","title":{"rendered":"\u00c9v\u00e9nements du week-end du 25 et 26 mai 2024 \u00e0 Monaco"},"content":{"rendered":"<p><strong>\u00c9v\u00e9nements du week-end \u00e0 Monaco, d\u00e9couvrez-les tous !!<\/strong><\/p>\n<hr \/>\n<h4>Championnat du Monde de Formule 1 de la FIA &#8211; Grand Prix de Monaco 2024<\/h4>\n<p>Du jeudi 23 au dimanche 26 mai, profitez d&rsquo;une \u00e9tape incontournable de la F1.<\/p>\n<p>Le Circuit de Monte-Carlo, \u00e9galement connu sous le nom de Circuit de Monaco, est l&rsquo;un des circuits les plus embl\u00e9matiques et prestigieux du calendrier de la Formule 1. Situ\u00e9 dans les rues \u00e9troites et sinueuses de la Principaut\u00e9 de Monaco, ce circuit urbain est c\u00e9l\u00e8bre pour sa difficult\u00e9 et la beaut\u00e9 \u00e0 couper le souffle du paysage environnant, comprenant le port avec ses luxueux yachts et les b\u00e2timents historiques.<\/p>\n<p><a href=\"https:\/\/acm.mc\/\" target=\"_new\" rel=\"noreferrer noopener\">https:\/\/acm.mc\/<\/a><\/p>\n<hr \/>\n<h4>Environnement &#8211; \u00ab\u00a0Monaco Zero Cigarette Butts\u00a0\u00bb<\/h4>\n<p>Plusieurs \u00ab\u00a0M\u00e9gotBox\u00a0\u00bb (stations de collecte et de recyclage des m\u00e9gots de cigarette) sont plac\u00e9es devant certains sites municipaux : la Mairie de Monaco, l&rsquo;\u00c9cole Sup\u00e9rieure d&rsquo;Arts Plastiques &#8211; Pavillon Bosio, l&rsquo;Acad\u00e9mie Rainier III, la Vid\u00e9oth\u00e8que-Fonoth\u00e8que Jos\u00e9 Notari, la Biblioth\u00e8que Louis Notari, le Stade Nautique Rainier III, l&rsquo;Espace L\u00e9o Ferr\u00e9, le March\u00e9 de la Condamine, le March\u00e9 de Monte-Carlo. Cette initiative vise \u00e0 prot\u00e9ger l&rsquo;environnement.<\/p>\n<p><a href=\"https:\/\/www.mairie.mc\/monaco-zero-megot\" target=\"_new\" rel=\"noreferrer noopener\">https:\/\/www.mairie.mc\/monaco-zero-megot<\/a><\/p>\n<hr \/>\n<h4>Festival des \u00c9toil\u00e9s Monte-Carlo &#8211; \u00ab\u00a0Marcel Ravin &amp; David Toutain\u00a0\u00bb<\/h4>\n<p>Du samedi 11 mai au samedi 22 juin 2024, Blue Bay Marcel Ravin Festival des \u00c9toil\u00e9s Monte-Carlo 2024 &#8211;<\/p>\n<p>Pour cette quatri\u00e8me \u00e9dition du festival, Marcel Ravin s&rsquo;associera au double \u00e9toil\u00e9 Michelin David Toutain, chef et propri\u00e9taire du restaurant David Toutain \u00e0 Paris. Le duo partage un grand amour pour la nature et une passion pour l&rsquo;authenticit\u00e9, mais aussi un vif int\u00e9r\u00eat pour la haute qualit\u00e9 des aliments provenant de sources durables. Ceux qui auront la chance d&rsquo;obtenir une table au Blue Bay Marcel Ravin auront droit \u00e0 une exp\u00e9rience culinaire cr\u00e9ative, courtoisie de deux chefs ma\u00eetres.<\/p>\n<p><a href=\"https:\/\/www.montecarlosbm.com\/fr\/agenda\/diners-4-mains-marcel-ravin-x-david-toutain\" target=\"_new\" rel=\"noreferrer noopener\">https:\/\/www.montecarlosbm.com\/fr\/agenda\/diners-4-mains-marcel-ravin-x-david-toutain<\/a><\/p>\n<hr \/>\n<h4>Exposition &#8211; \u00ab\u00a0Les G\u00e9ants de Glace\u00a0\u00bb<\/h4>\n<p>Du mercredi 10 avril au dimanche 6 octobre 2024, au Mus\u00e9e Oc\u00e9anographique de Monaco, les ours polaires et les manchots empereurs sont les stars de \u00ab\u00a0Les G\u00e9ants de Glace\u00a0\u00bb, une nouvelle exposition de Michel Bassompierre. Sept \u0153uvres monumentales seront install\u00e9es au Mus\u00e9e Oc\u00e9anographique et sur sa terrasse panoramique. Cinq d&rsquo;entre elles seront de nouvelles cr\u00e9ations : quatre ours polaires et un manchot empereur mesurant trois m\u00e8tres de haut. Des dessins et des croquis originaux seront \u00e9galement expos\u00e9s, accompagn\u00e9s d&rsquo;un film pr\u00e9sentant le travail de l&rsquo;artiste. Cette exposition temporaire fait partie de la Mission Polaire organis\u00e9e par l&rsquo;Institut Oc\u00e9anographique depuis 2022.<\/p>\n<p><a href=\"https:\/\/billetterie-oceano.tickeasy.com\/fr-FR\/accueil\" target=\"_new\" rel=\"noreferrer noopener\">https:\/\/billetterie-oceano.tickeasy.com\/fr-FR\/accueil<\/a><\/p>\n<hr \/>\n<h4>Exposition &#8211; \u00ab\u00a0Lascaux \u00e0 Monaco\u00a0\u00bb<\/h4>\n<p>Du vendredi 19 avril au jeudi 21 novembre 2024, au Mus\u00e9e d&rsquo;Anthropologie Pr\u00e9historique, une sc\u00e9nographie originale organis\u00e9e autour de fac-simil\u00e9s et une exp\u00e9rience immersive en R\u00e9alit\u00e9 Virtuelle gr\u00e2ce \u00e0 la #SPL LASCAUX, exclusive gr\u00e2ce aux Partenaires du Mus\u00e9e. Objets originaux de la grotte de Lascaux expos\u00e9s en pr\u00eat du Mus\u00e9e national de Pr\u00e9histoire (Les Eyzies, Dordogne) et de l&rsquo;Institut de Pal\u00e9ontologie Humaine (Paris) et aussi&#8230; Reconstructions hyperr\u00e9alistes de 5 Cro-Magnons r\u00e9alis\u00e9es par Elisabeth Daynes, une maquette \u00e0 l&rsquo;\u00e9chelle 1\/10 de la grotte de Lascaux avec peintures et \u00e9clairages pr\u00e9historiques, et des tables interactives et des manips low-tech.<\/p>\n<hr \/>\n<h4>\u00c9v\u00e9nement &#8211; \u00ab\u00a0150\u00e8me Anniversaire des Caves de l&rsquo;H\u00f4tel de Paris\u00a0\u00bb<\/h4>\n<p>Du lundi 1er avril au jeudi 31 octobre 2024, Monte-Carlo SBM Resort<\/p>\n<p>Cette ann\u00e9e, la Monte-Carlo Soci\u00e9t\u00e9 des Bains de Mer c\u00e9l\u00e8bre le 150\u00e8me anniversaire des c\u00e9l\u00e8bres Caves de l&rsquo;H\u00f4tel de Paris Monte-Carlo ! Ouvertes en 1874, elles sont un monument \u00e0 la longue et illustre histoire de l&rsquo;entreprise, o\u00f9 elles ont souvent jou\u00e9 un r\u00f4le majeur. Ces joyaux cach\u00e9s sous les fondations m\u00eames de l&rsquo;H\u00f4tel de Paris Monte-Carlo sont la quintessence du raffinement et de l&rsquo;exclusivit\u00e9. Pour comm\u00e9morer l&rsquo;occasion, les plus grandes caves d&rsquo;h\u00f4tel au monde ouvriront leurs portes pour une c\u00e9l\u00e9bration unique, avec des visites fascinantes, des d\u00eeners exclusifs, des d\u00e9gustations exceptionnelles et bien plus encore. D\u00e9couvrez l&rsquo;un des tr\u00e9sors secrets les plus pr\u00e9cieux de Monaco et participez aux festivit\u00e9s !<\/p>\n<p><a href=\"https:\/\/www.montecarlosbm.com\/fr\/inspiration\/events\/150-ans-des-caves-de-lhotel-de-paris-monte-carlo\" target=\"_new\" rel=\"noreferrer noopener\">https:\/\/www.montecarlosbm.com\/fr\/inspiration\/events\/150-ans-des-caves-de-lhotel-de-paris-monte-carlo<\/a><\/p>\n<hr \/>\n<h4>Exposition &#8211; \u00ab\u00a0Les Premi\u00e8res Ann\u00e9es de T\u00e9l\u00e9 Monte-Carlo, 1954-1974\u00a0\u00bb<\/h4>\n<p>Du lundi 25 mars 2024 au vendredi 31 janvier 2025, de 10h00 \u00e0 17h30 (\u00e0 17h00 le vendredi), \u00e0 l&rsquo;Institut Audiovisuel de Monaco<\/p>\n<p>Le Cabinet des Merveilles &#8211; \u00ab\u00a0Les Premi\u00e8res Ann\u00e9es de T\u00e9l\u00e9 Monte-Carlo, 1954-1974\u00a0\u00bb &#8211; Une exposition explorant les vingt premi\u00e8res ann\u00e9es de la cha\u00eene de t\u00e9l\u00e9vision mon\u00e9gasque lanc\u00e9e une s\u00e9lection d&rsquo;archives et d&rsquo;objets vous ram\u00e8nera dans le temps, aux premiers jours de la t\u00e9l\u00e9vision en couleur. Organis\u00e9e par l&rsquo;Institut Audiovisuel de Monaco, l&rsquo;exposition pr\u00e9sente des objets confi\u00e9s par T\u00e9l\u00e9 Monte-Carlo pour la conservation, des documents provenant d&rsquo;institutions partenaires et des mat\u00e9riaux gentiment pr\u00eat\u00e9s par des particuliers.<\/p>\n<p><a href=\"https:\/\/institut-audiovisuel.mc\/evenement\/la-jeunesse-de-tele-monte-carlo\/\" target=\"_new\" rel=\"noreferrer noopener\">https:\/\/institut-audiovisuel.mc\/evenement\/la-jeunesse-de-tele-monte-carlo\/<\/a><\/p>\n<hr \/>\n<h4>Exposition &#8211; \u00ab\u00a0Pasolini en Chiaroscuro\u00a0\u00bb<\/h4>\n<p>Du vendredi 29 mars au dimanche 29 septembre 2024, au Nouveau Mus\u00e9e National de Monaco &#8211; Villa Sauber La nouvelle exposition \u00e0 la Villa Sauber rend hommage \u00e0 Pier Paolo Pasolini, peut-\u00eatre le dernier intellectuel europ\u00e9en \u00e0 avoir acquis une renomm\u00e9e mondiale. \u00c0 cinquante ans de sa mort, son influence se fait toujours sentir dans les diff\u00e9rents domaines o\u00f9 il a travaill\u00e9 : il est lu, comment\u00e9, adapt\u00e9 et inspire les artistes cr\u00e9atifs contemporains. Bien qu&rsquo;il pr\u00e9f\u00e8re se d\u00e9finir comme \u00e9crivain, ce sont ses films qui l&rsquo;ont port\u00e9 \u00e0 l&rsquo;attention du public. L&rsquo;exposition explore ses inspirations et son h\u00e9ritage.<\/p>\n<p><a href=\"https:\/\/www.nmnm.mc\/expositions\/pasolini-en-clair-obscur\/\" target=\"_new\" rel=\"noreferrer noopener\">https:\/\/www.nmnm.mc\/expositions\/pasolini-en-clair-obscur\/<\/a><\/p>\n<hr \/>\n<h4>Exposition &#8211; \u00ab\u00a0The Image Beyond The Pixel\u00a0\u00bb<\/h4>\n<p>Du vendredi 15 mars au samedi 1er juin 2024, \u00e0 la M\u00e9diath\u00e8que de Monaco &#8211; Biblioth\u00e8que Louis Notari Pour ce troisi\u00e8me \u00e9v\u00e9nement \u00ab\u00a0Renc\u2019art\u00a0\u00bb pendant le Mois du Jeu Vid\u00e9o, la Biblioth\u00e8que rend hommage au travail de Jean Jacques Calbayrac, alias Game Boy Cameraman, avec une collection de ses photographies des archives qui donnent aux visiteurs l&rsquo;opportunit\u00e9 de voir sa s\u00e9rie sur Monaco, la ville de sa naissance.<\/p>\n<p><a href=\"https:\/\/www.mediatheque.mc\/\" target=\"_new\" rel=\"noreferrer noopener\">https:\/\/www.mediatheque.mc\/<\/a><\/p>\n<hr \/>\n<h4>Exposition &#8211; \u00ab\u00a0Le Prince et la M\u00e9diterran\u00e9e\u00a0\u00bb<\/h4>\n<p>\u00c0 partir du 6 d\u00e9cembre 2023, Mus\u00e9e Oc\u00e9anographique de Monaco \u00c0 l&rsquo;occasion des c\u00e9l\u00e9brations du centenaire du Prince Rainier III (1923-2023), le Mus\u00e9e Oc\u00e9anographique pr\u00e9sente la nouvelle exposition permanente intitul\u00e9e \u00ab\u00a0Le Prince et la M\u00e9diterran\u00e9e\u00a0\u00bb. \u00c0 travers cette exposition, l&rsquo;Institut Oc\u00e9anographique rend hommage au lien ind\u00e9fectible qui unissait le Prince Rainier III \u00e0 l&rsquo;Oc\u00e9an, et en particulier \u00e0 la M\u00e9diterran\u00e9e. Les visiteurs sont invit\u00e9s \u00e0 monter \u00e0 bord de son bateau Deo Juvante II. Guid\u00e9s par la voix de S.A.S. la Princesse St\u00e9phanie, ils traverseront quatre espaces exploratoires et intimes, d\u00e9couvrant les diff\u00e9rentes facettes de ce Prince passionn\u00e9 du Mare Nostrum.<\/p>\n<p><a href=\"https:\/\/billetterie-oceano.tickeasy.com\/fr-FR\/accueil\" target=\"_new\" rel=\"noreferrer noopener\">https:\/\/billetterie-oceano.tickeasy.com\/fr-FR\/accueil<\/a><\/p>\n<hr \/>\n<h4>Exposition &#8211; \u00ab\u00a0Mission Polaire\u00a0\u00bb<\/h4>\n<p>Du samedi 4 juin 2022 au mardi 31 d\u00e9cembre 2024, Mus\u00e9e oc\u00e9anographique de Monaco.<\/p>\n<p>Explorez une exp\u00e9rience interactive et immersive ! Enfilez les chaussures d&rsquo;un reporter et partez en mission au c\u0153ur des mondes polaires ! Cinq zones th\u00e9matiques, r\u00e9parties sur deux niveaux, jalonnent ce nouveau parcours de visite.<\/p>\n<p>De la d\u00e9couverte des p\u00f4les \u00e0 la vie sauvage qu&rsquo;ils abritent, en passant par les personnes qui les habitent et les explorent.<\/p>\n<p>Objets et documents, contenus num\u00e9riques et dispositifs immersifs se combinent et se compl\u00e8tent pour une exp\u00e9rience \u00e0 360\u00b0. Le grand voyage peut commencer !<\/p>\n<p><a href=\"https:\/\/musee.oceano.org\/le-parcours-mission-polaire\/\" target=\"_new\" rel=\"noreferrer noopener\">https:\/\/musee.oceano.org\/le-parcours-mission-polaire\/<\/a><\/p>\n<hr \/>\n<p><a href=\"https:\/\/www.instagram.com\/monte_carlo_living\/\">Visitez notre page Instagram<\/a><\/p>\n<p><a href=\"https:\/\/montecarloliving.com\/fr\/\">Lisez d&rsquo;autres articles<\/a><\/p>\n","protected":false},"excerpt":{"rendered":"<p>\u00c9v\u00e9nements du week-end \u00e0 Monaco, d\u00e9couvrez-les tous !! Championnat du Monde de Formule 1 de la FIA &#8211; Grand Prix de Monaco 2024 Du jeudi 23 au dimanche 26 mai, profitez d&rsquo;une \u00e9tape incontournable de la F1. Le Circuit de Monte-Carlo, \u00e9galement connu sous [&hellip;]<\/p>\n","protected":false},"author":1,"featured_media":6489,"comment_status":"closed","ping_status":"closed","sticky":false,"template":"","format":"standard","meta":{"footnotes":""},"categories":[828,867],"tags":[],"class_list":["post-11140","post","type-post","status-publish","format-standard","has-post-thumbnail","hentry","category-evenements","category-monaco-fr"],"yoast_head":"<!-- This site is optimized with the Yoast SEO plugin v27.4 - https:\/\/yoast.com\/product\/yoast-seo-wordpress\/ -->\n<title>\u00c9v\u00e9nements du week-end du 25 et 26 mai 2024 \u00e0 Monaco<\/title>\n<meta name=\"description\" content=\"\u00c9v\u00e9nements du week-end \u00e0 Monaco, d\u00e9couvrez-les tous !!Championnat du Monde de Formule 1 de la FIA - Grand Prix de Monaco 2024Du jeudi 23 a...\" \/>\n<meta name=\"robots\" content=\"index, follow, max-snippet:-1, max-image-preview:large, max-video-preview:-1\" \/>\n<link rel=\"canonical\" href=\"https:\/\/montecarloliving.com\/fr\/evenements\/evenements-du-week-end-du-25-et-26-mai-2024-monaco-11140\/\" \/>\n<meta property=\"og:locale\" content=\"fr_FR\" \/>\n<meta property=\"og:title\" content=\"\u00c9v\u00e9nements du week-end du 25 et 26 mai 2024 \u00e0 Monaco\" \/>\n<meta property=\"og:description\" content=\"\u00c9v\u00e9nements du week-end \u00e0 Monaco, d\u00e9couvrez-les tous !!Championnat du Monde de Formule 1 de la FIA - Grand Prix de Monaco 2024Du jeudi 23 a...\" \/>\n<meta property=\"og:url\" content=\"https:\/\/montecarloliving.com\/fr\/evenements\/evenements-du-week-end-du-25-et-26-mai-2024-monaco-11140\/\" \/>\n<meta property=\"og:site_name\" content=\"Montecarlo Living\" \/>\n<meta property=\"article:publisher\" content=\"https:\/\/www.facebook.com\/montecarlolivingcom\/\" \/>\n<meta property=\"article:published_time\" content=\"2024-05-24T08:00:25+00:00\" \/>\n<meta property=\"og:image\" content=\"https:\/\/montecarloliving.com\/wp-content\/uploads\/2024\/01\/COPERTINA-SITO-MONTECARLO-LIVING-8-1-650x400.jpg\" \/>\n\t<meta property=\"og:image:width\" content=\"650\" \/>\n\t<meta property=\"og:image:height\" content=\"400\" \/>\n\t<meta property=\"og:image:type\" content=\"image\/jpeg\" \/>\n<meta name=\"author\" content=\"Redazione\" \/>\n<meta name=\"twitter:card\" content=\"summary_large_image\" \/>\n<meta name=\"twitter:creator\" content=\"@MonteCarloLivi\" \/>\n<meta name=\"twitter:site\" content=\"@MonteCarloLivi\" \/>\n<meta name=\"twitter:label1\" content=\"\u00c9crit par\" \/>\n\t<meta name=\"twitter:data1\" content=\"Redazione\" \/>\n\t<meta name=\"twitter:label2\" content=\"Dur\u00e9e de lecture estim\u00e9e\" \/>\n\t<meta name=\"twitter:data2\" content=\"7 minutes\" \/>\n<script type=\"application\/ld+json\" class=\"yoast-schema-graph\">{\"@context\":\"https:\\\/\\\/schema.org\",\"@graph\":[{\"@type\":\"Article\",\"@id\":\"https:\\\/\\\/montecarloliving.com\\\/fr\\\/evenements\\\/evenements-du-week-end-du-25-et-26-mai-2024-monaco-11140\\\/#article\",\"isPartOf\":{\"@id\":\"https:\\\/\\\/montecarloliving.com\\\/fr\\\/evenements\\\/evenements-du-week-end-du-25-et-26-mai-2024-monaco-11140\\\/\"},\"author\":{\"name\":\"Redazione\",\"@id\":\"https:\\\/\\\/montecarloliving.com\\\/fr\\\/#\\\/schema\\\/person\\\/7e5945d4560862b7f2d2c6831bda2819\"},\"headline\":\"\u00c9v\u00e9nements du week-end du 25 et 26 mai 2024 \u00e0 Monaco\",\"datePublished\":\"2024-05-24T08:00:25+00:00\",\"mainEntityOfPage\":{\"@id\":\"https:\\\/\\\/montecarloliving.com\\\/fr\\\/evenements\\\/evenements-du-week-end-du-25-et-26-mai-2024-monaco-11140\\\/\"},\"wordCount\":1318,\"image\":{\"@id\":\"https:\\\/\\\/montecarloliving.com\\\/fr\\\/evenements\\\/evenements-du-week-end-du-25-et-26-mai-2024-monaco-11140\\\/#primaryimage\"},\"thumbnailUrl\":\"https:\\\/\\\/montecarloliving.com\\\/wp-content\\\/uploads\\\/2024\\\/01\\\/COPERTINA-SITO-MONTECARLO-LIVING-8-1.jpg\",\"articleSection\":[\"\u00c9v\u00e9nements\",\"Monaco\"],\"inLanguage\":\"fr-FR\"},{\"@type\":\"WebPage\",\"@id\":\"https:\\\/\\\/montecarloliving.com\\\/fr\\\/evenements\\\/evenements-du-week-end-du-25-et-26-mai-2024-monaco-11140\\\/\",\"url\":\"https:\\\/\\\/montecarloliving.com\\\/fr\\\/evenements\\\/evenements-du-week-end-du-25-et-26-mai-2024-monaco-11140\\\/\",\"name\":\"\u00c9v\u00e9nements du week-end du 25 et 26 mai 2024 \u00e0 Monaco\",\"isPartOf\":{\"@id\":\"https:\\\/\\\/montecarloliving.com\\\/fr\\\/#website\"},\"primaryImageOfPage\":{\"@id\":\"https:\\\/\\\/montecarloliving.com\\\/fr\\\/evenements\\\/evenements-du-week-end-du-25-et-26-mai-2024-monaco-11140\\\/#primaryimage\"},\"image\":{\"@id\":\"https:\\\/\\\/montecarloliving.com\\\/fr\\\/evenements\\\/evenements-du-week-end-du-25-et-26-mai-2024-monaco-11140\\\/#primaryimage\"},\"thumbnailUrl\":\"https:\\\/\\\/montecarloliving.com\\\/wp-content\\\/uploads\\\/2024\\\/01\\\/COPERTINA-SITO-MONTECARLO-LIVING-8-1.jpg\",\"datePublished\":\"2024-05-24T08:00:25+00:00\",\"author\":{\"@id\":\"https:\\\/\\\/montecarloliving.com\\\/fr\\\/#\\\/schema\\\/person\\\/7e5945d4560862b7f2d2c6831bda2819\"},\"description\":\"\u00c9v\u00e9nements du week-end \u00e0 Monaco, d\u00e9couvrez-les tous !!Championnat du Monde de Formule 1 de la FIA - Grand Prix de Monaco 2024Du jeudi 23 a...\",\"breadcrumb\":{\"@id\":\"https:\\\/\\\/montecarloliving.com\\\/fr\\\/evenements\\\/evenements-du-week-end-du-25-et-26-mai-2024-monaco-11140\\\/#breadcrumb\"},\"inLanguage\":\"fr-FR\",\"potentialAction\":[{\"@type\":\"ReadAction\",\"target\":[\"https:\\\/\\\/montecarloliving.com\\\/fr\\\/evenements\\\/evenements-du-week-end-du-25-et-26-mai-2024-monaco-11140\\\/\"]}]},{\"@type\":\"ImageObject\",\"inLanguage\":\"fr-FR\",\"@id\":\"https:\\\/\\\/montecarloliving.com\\\/fr\\\/evenements\\\/evenements-du-week-end-du-25-et-26-mai-2024-monaco-11140\\\/#primaryimage\",\"url\":\"https:\\\/\\\/montecarloliving.com\\\/wp-content\\\/uploads\\\/2024\\\/01\\\/COPERTINA-SITO-MONTECARLO-LIVING-8-1.jpg\",\"contentUrl\":\"https:\\\/\\\/montecarloliving.com\\\/wp-content\\\/uploads\\\/2024\\\/01\\\/COPERTINA-SITO-MONTECARLO-LIVING-8-1.jpg\",\"width\":2000,\"height\":1200,\"caption\":\"\u00c9v\u00e9nements du week-end Monaco\"},{\"@type\":\"BreadcrumbList\",\"@id\":\"https:\\\/\\\/montecarloliving.com\\\/fr\\\/evenements\\\/evenements-du-week-end-du-25-et-26-mai-2024-monaco-11140\\\/#breadcrumb\",\"itemListElement\":[{\"@type\":\"ListItem\",\"position\":1,\"name\":\"Home\",\"item\":\"https:\\\/\\\/montecarloliving.com\\\/fr\\\/\"},{\"@type\":\"ListItem\",\"position\":2,\"name\":\"\u00c9v\u00e9nements du week-end du 25 et 26 mai 2024 \u00e0 Monaco\"}]},{\"@type\":\"WebSite\",\"@id\":\"https:\\\/\\\/montecarloliving.com\\\/fr\\\/#website\",\"url\":\"https:\\\/\\\/montecarloliving.com\\\/fr\\\/\",\"name\":\"Montecarlo Living\",\"description\":\"News da Montecarlo - Principato di Monaco e Costa Azzurra\",\"potentialAction\":[{\"@type\":\"SearchAction\",\"target\":{\"@type\":\"EntryPoint\",\"urlTemplate\":\"https:\\\/\\\/montecarloliving.com\\\/fr\\\/?s={search_term_string}\"},\"query-input\":{\"@type\":\"PropertyValueSpecification\",\"valueRequired\":true,\"valueName\":\"search_term_string\"}}],\"inLanguage\":\"fr-FR\"},{\"@type\":\"Person\",\"@id\":\"https:\\\/\\\/montecarloliving.com\\\/fr\\\/#\\\/schema\\\/person\\\/7e5945d4560862b7f2d2c6831bda2819\",\"name\":\"Redazione\",\"image\":{\"@type\":\"ImageObject\",\"inLanguage\":\"fr-FR\",\"@id\":\"https:\\\/\\\/secure.gravatar.com\\\/avatar\\\/8b5f26557e18fe74ad8e8a57ebb2925d88af8a90cee489ff2beefb391bc9b9c7?s=96&d=mm&r=g\",\"url\":\"https:\\\/\\\/secure.gravatar.com\\\/avatar\\\/8b5f26557e18fe74ad8e8a57ebb2925d88af8a90cee489ff2beefb391bc9b9c7?s=96&d=mm&r=g\",\"contentUrl\":\"https:\\\/\\\/secure.gravatar.com\\\/avatar\\\/8b5f26557e18fe74ad8e8a57ebb2925d88af8a90cee489ff2beefb391bc9b9c7?s=96&d=mm&r=g\",\"caption\":\"Redazione\"}}]}<\/script>\n<!-- \/ Yoast SEO plugin. -->","yoast_head_json":{"title":"\u00c9v\u00e9nements du week-end du 25 et 26 mai 2024 \u00e0 Monaco","description":"\u00c9v\u00e9nements du week-end \u00e0 Monaco, d\u00e9couvrez-les tous !!Championnat du Monde de Formule 1 de la FIA - Grand Prix de Monaco 2024Du jeudi 23 a...","robots":{"index":"index","follow":"follow","max-snippet":"max-snippet:-1","max-image-preview":"max-image-preview:large","max-video-preview":"max-video-preview:-1"},"canonical":"https:\/\/montecarloliving.com\/fr\/evenements\/evenements-du-week-end-du-25-et-26-mai-2024-monaco-11140\/","og_locale":"fr_FR","og_title":"\u00c9v\u00e9nements du week-end du 25 et 26 mai 2024 \u00e0 Monaco","og_description":"\u00c9v\u00e9nements du week-end \u00e0 Monaco, d\u00e9couvrez-les tous !!Championnat du Monde de Formule 1 de la FIA - Grand Prix de Monaco 2024Du jeudi 23 a...","og_url":"https:\/\/montecarloliving.com\/fr\/evenements\/evenements-du-week-end-du-25-et-26-mai-2024-monaco-11140\/","og_site_name":"Montecarlo Living","article_publisher":"https:\/\/www.facebook.com\/montecarlolivingcom\/","article_published_time":"2024-05-24T08:00:25+00:00","og_image":[{"width":650,"height":400,"url":"https:\/\/montecarloliving.com\/wp-content\/uploads\/2024\/01\/COPERTINA-SITO-MONTECARLO-LIVING-8-1-650x400.jpg","type":"image\/jpeg"}],"author":"Redazione","twitter_card":"summary_large_image","twitter_creator":"@MonteCarloLivi","twitter_site":"@MonteCarloLivi","twitter_misc":{"\u00c9crit par":"Redazione","Dur\u00e9e de lecture estim\u00e9e":"7 minutes"},"schema":{"@context":"https:\/\/schema.org","@graph":[{"@type":"Article","@id":"https:\/\/montecarloliving.com\/fr\/evenements\/evenements-du-week-end-du-25-et-26-mai-2024-monaco-11140\/#article","isPartOf":{"@id":"https:\/\/montecarloliving.com\/fr\/evenements\/evenements-du-week-end-du-25-et-26-mai-2024-monaco-11140\/"},"author":{"name":"Redazione","@id":"https:\/\/montecarloliving.com\/fr\/#\/schema\/person\/7e5945d4560862b7f2d2c6831bda2819"},"headline":"\u00c9v\u00e9nements du week-end du 25 et 26 mai 2024 \u00e0 Monaco","datePublished":"2024-05-24T08:00:25+00:00","mainEntityOfPage":{"@id":"https:\/\/montecarloliving.com\/fr\/evenements\/evenements-du-week-end-du-25-et-26-mai-2024-monaco-11140\/"},"wordCount":1318,"image":{"@id":"https:\/\/montecarloliving.com\/fr\/evenements\/evenements-du-week-end-du-25-et-26-mai-2024-monaco-11140\/#primaryimage"},"thumbnailUrl":"https:\/\/montecarloliving.com\/wp-content\/uploads\/2024\/01\/COPERTINA-SITO-MONTECARLO-LIVING-8-1.jpg","articleSection":["\u00c9v\u00e9nements","Monaco"],"inLanguage":"fr-FR"},{"@type":"WebPage","@id":"https:\/\/montecarloliving.com\/fr\/evenements\/evenements-du-week-end-du-25-et-26-mai-2024-monaco-11140\/","url":"https:\/\/montecarloliving.com\/fr\/evenements\/evenements-du-week-end-du-25-et-26-mai-2024-monaco-11140\/","name":"\u00c9v\u00e9nements du week-end du 25 et 26 mai 2024 \u00e0 Monaco","isPartOf":{"@id":"https:\/\/montecarloliving.com\/fr\/#website"},"primaryImageOfPage":{"@id":"https:\/\/montecarloliving.com\/fr\/evenements\/evenements-du-week-end-du-25-et-26-mai-2024-monaco-11140\/#primaryimage"},"image":{"@id":"https:\/\/montecarloliving.com\/fr\/evenements\/evenements-du-week-end-du-25-et-26-mai-2024-monaco-11140\/#primaryimage"},"thumbnailUrl":"https:\/\/montecarloliving.com\/wp-content\/uploads\/2024\/01\/COPERTINA-SITO-MONTECARLO-LIVING-8-1.jpg","datePublished":"2024-05-24T08:00:25+00:00","author":{"@id":"https:\/\/montecarloliving.com\/fr\/#\/schema\/person\/7e5945d4560862b7f2d2c6831bda2819"},"description":"\u00c9v\u00e9nements du week-end \u00e0 Monaco, d\u00e9couvrez-les tous !!Championnat du Monde de Formule 1 de la FIA - Grand Prix de Monaco 2024Du jeudi 23 a...","breadcrumb":{"@id":"https:\/\/montecarloliving.com\/fr\/evenements\/evenements-du-week-end-du-25-et-26-mai-2024-monaco-11140\/#breadcrumb"},"inLanguage":"fr-FR","potentialAction":[{"@type":"ReadAction","target":["https:\/\/montecarloliving.com\/fr\/evenements\/evenements-du-week-end-du-25-et-26-mai-2024-monaco-11140\/"]}]},{"@type":"ImageObject","inLanguage":"fr-FR","@id":"https:\/\/montecarloliving.com\/fr\/evenements\/evenements-du-week-end-du-25-et-26-mai-2024-monaco-11140\/#primaryimage","url":"https:\/\/montecarloliving.com\/wp-content\/uploads\/2024\/01\/COPERTINA-SITO-MONTECARLO-LIVING-8-1.jpg","contentUrl":"https:\/\/montecarloliving.com\/wp-content\/uploads\/2024\/01\/COPERTINA-SITO-MONTECARLO-LIVING-8-1.jpg","width":2000,"height":1200,"caption":"\u00c9v\u00e9nements du week-end Monaco"},{"@type":"BreadcrumbList","@id":"https:\/\/montecarloliving.com\/fr\/evenements\/evenements-du-week-end-du-25-et-26-mai-2024-monaco-11140\/#breadcrumb","itemListElement":[{"@type":"ListItem","position":1,"name":"Home","item":"https:\/\/montecarloliving.com\/fr\/"},{"@type":"ListItem","position":2,"name":"\u00c9v\u00e9nements du week-end du 25 et 26 mai 2024 \u00e0 Monaco"}]},{"@type":"WebSite","@id":"https:\/\/montecarloliving.com\/fr\/#website","url":"https:\/\/montecarloliving.com\/fr\/","name":"Montecarlo Living","description":"News da Montecarlo - Principato di Monaco e Costa Azzurra","potentialAction":[{"@type":"SearchAction","target":{"@type":"EntryPoint","urlTemplate":"https:\/\/montecarloliving.com\/fr\/?s={search_term_string}"},"query-input":{"@type":"PropertyValueSpecification","valueRequired":true,"valueName":"search_term_string"}}],"inLanguage":"fr-FR"},{"@type":"Person","@id":"https:\/\/montecarloliving.com\/fr\/#\/schema\/person\/7e5945d4560862b7f2d2c6831bda2819","name":"Redazione","image":{"@type":"ImageObject","inLanguage":"fr-FR","@id":"https:\/\/secure.gravatar.com\/avatar\/8b5f26557e18fe74ad8e8a57ebb2925d88af8a90cee489ff2beefb391bc9b9c7?s=96&d=mm&r=g","url":"https:\/\/secure.gravatar.com\/avatar\/8b5f26557e18fe74ad8e8a57ebb2925d88af8a90cee489ff2beefb391bc9b9c7?s=96&d=mm&r=g","contentUrl":"https:\/\/secure.gravatar.com\/avatar\/8b5f26557e18fe74ad8e8a57ebb2925d88af8a90cee489ff2beefb391bc9b9c7?s=96&d=mm&r=g","caption":"Redazione"}}]}},"_links":{"self":[{"href":"https:\/\/montecarloliving.com\/fr\/wp-json\/wp\/v2\/posts\/11140","targetHints":{"allow":["GET"]}}],"collection":[{"href":"https:\/\/montecarloliving.com\/fr\/wp-json\/wp\/v2\/posts"}],"about":[{"href":"https:\/\/montecarloliving.com\/fr\/wp-json\/wp\/v2\/types\/post"}],"author":[{"embeddable":true,"href":"https:\/\/montecarloliving.com\/fr\/wp-json\/wp\/v2\/users\/1"}],"replies":[{"embeddable":true,"href":"https:\/\/montecarloliving.com\/fr\/wp-json\/wp\/v2\/comments?post=11140"}],"version-history":[{"count":1,"href":"https:\/\/montecarloliving.com\/fr\/wp-json\/wp\/v2\/posts\/11140\/revisions"}],"predecessor-version":[{"id":11143,"href":"https:\/\/montecarloliving.com\/fr\/wp-json\/wp\/v2\/posts\/11140\/revisions\/11143"}],"wp:featuredmedia":[{"embeddable":true,"href":"https:\/\/montecarloliving.com\/fr\/wp-json\/wp\/v2\/media\/6489"}],"wp:attachment":[{"href":"https:\/\/montecarloliving.com\/fr\/wp-json\/wp\/v2\/media?parent=11140"}],"wp:term":[{"taxonomy":"category","embeddable":true,"href":"https:\/\/montecarloliving.com\/fr\/wp-json\/wp\/v2\/categories?post=11140"},{"taxonomy":"post_tag","embeddable":true,"href":"https:\/\/montecarloliving.com\/fr\/wp-json\/wp\/v2\/tags?post=11140"}],"curies":[{"name":"wp","href":"https:\/\/api.w.org\/{rel}","templated":true}]}}