{"id":10422,"date":"2024-04-19T09:30:29","date_gmt":"2024-04-19T07:30:29","guid":{"rendered":"https:\/\/montecarloliving.com\/?p=10422"},"modified":"2024-04-17T08:10:22","modified_gmt":"2024-04-17T06:10:22","slug":"evenements-du-week-end-du-20-et-21-avril-2024-nice","status":"publish","type":"post","link":"https:\/\/montecarloliving.com\/fr\/evenements\/evenements-du-week-end-du-20-et-21-avril-2024-nice-10422\/","title":{"rendered":"\u00c9v\u00e9nements du week-end du 20 et 21 avril 2024 \u00e0 Nice"},"content":{"rendered":"<p>\u00c9v\u00e9nements du week-end \u00e0 Nice, d\u00e9couvrez-les tous !<\/p>\n<h4>SPORT : SEMI-MARATHON INTERNATIONAL DE NICE<\/h4>\n<p>Dimanche 21 avril 2024.<\/p>\n<p>Chaque ann\u00e9e, des milliers de coureurs venant de tout le pays et du monde entier se rassemblent sur la c\u00e9l\u00e8bre Promenade des Anglais pour participer au Semi-Marathon International de Nice.<\/p>\n<p>Dans ce cadre exceptionnel, plusieurs distances vous seront propos\u00e9es selon vos envies et vos capacit\u00e9s : le semi-marathon de 21,1 km, la distance reine, mais aussi un 10 km et un 5 km, sans oublier des courses pour les familles et les enfants ! Soyez au rendez-vous !<\/p>\n<p><a href=\"https:\/\/www.nicesemimarathon.com\/2024\/\" target=\"_new\" rel=\"noopener\">https:\/\/www.nicesemimarathon.com\/2024\/<\/a><\/p>\n<hr \/>\n<h4>CONCERT : ASSOCIATION ACCRORGUE \u2013 CONCERT ORGUES ET INSTRUMENTS<\/h4>\n<p>Dimanche 21 avril 2024 \u00e0 15h30.<\/p>\n<p>L&rsquo;association ACCRORGUE est heureuse de vous inviter aux concerts de la saison 2024 !<\/p>\n<p>Emmanuel Arakelian, Orgue Paul Monteiro, violon Gabriel Ferry, violon Rapha\u00ebl Unger, violoncelle<\/p>\n<p>Programme : Bach, Vivaldi, Mozart<\/p>\n<p>Basilique Notre Dame de l\u2019Assomption Avenue Jean M\u00e9decin<\/p>\n<hr \/>\n<h4>FOIRE : EXPO MARCH\u00c9 VINTAGE &amp; LUXE<\/h4>\n<p>Dimanche 21 avril 2024 de 8h \u00e0 18h.<\/p>\n<p>Plus de 100 exposants (mode, bijouterie et maroquinerie de luxe)<\/p>\n<p>Place du Palais de Justice T\u00e9l : 0698851324<\/p>\n<hr \/>\n<h4>ATELIER : COURS DE CUISINE POUR LES ADOS<\/h4>\n<p>Samedi 20 avril 2024 de 15h \u00e0 16h30.<\/p>\n<p>Vous apprendrez \u00e0 cuisiner des samoussas au fromage frais et au thon, ainsi que des torsades aux amandes et au chocolat.<\/p>\n<p><a href=\"https:\/\/cuisinesurcours.com\/\" target=\"_new\" rel=\"noopener\">https:\/\/cuisinesurcours.com\/<\/a><\/p>\n<hr \/>\n<h4>SPECTACLE : LES 10 COMMANDEMENTS, L\u2019ENVIE D\u2019AIMER<\/h4>\n<p>Samedi 20 avril 2024 Ouverture tous les jours \u00e0 15h et \u00e0 20h30.<\/p>\n<p>LES 10 COMMANDEMENTS, L&rsquo;ENVIE D&rsquo;AIMER arrive sur sc\u00e8ne en 2024 pour une tourn\u00e9e exceptionnelle. De l&rsquo;\u00c9gypte ancienne \u00e0 nos jours, l&rsquo;odyss\u00e9e du berger a travers\u00e9 les si\u00e8cles pour arriver jusqu&rsquo;\u00e0 nous dans une fresque musicale \u00e9pique.<\/p>\n<p>L&rsquo;histoire de Mo\u00efse, \u00e0 qui Dieu a remis les tables de la loi, est interpr\u00e9t\u00e9e dans une version r\u00e9solument moderne. Mis en sc\u00e8ne et chor\u00e9graphi\u00e9 par Giuliano Peparini avec les grandes chansons originales r\u00e9arrang\u00e9es par Pascal Obispo et Julien Schultheis, LES 10 COMMANDEMENTS, L&rsquo;ENVIE D&rsquo;AIMER est un spectacle exceptionnel \u00e0 d\u00e9couvrir dans une toute nouvelle version !<\/p>\n<p><a href=\"https:\/\/www.nikaia.fr\/\" target=\"_new\" rel=\"noopener\">https:\/\/www.nikaia.fr\/<\/a><\/p>\n<hr \/>\n<h4>SPECTACLE : LE PETIT CHAPERON ROUGE<\/h4>\n<p>Samedi 20 avril 2024, de 14h \u00e0 15h.<\/p>\n<p>Une version moderne, dynamique et un peu hors norme du c\u00e9l\u00e8bre conte de Charles Perrault !<\/p>\n<p><a href=\"https:\/\/www.facebook.com\/theatrebellecour\" target=\"_new\" rel=\"noopener\">https:\/\/www.facebook.com\/theatrebellecour<\/a><\/p>\n<hr \/>\n<h4>SPECTACLE : PETER PAN ET LA F\u00c9E CLOCHETTE<\/h4>\n<p>Samedi 20 avril 2024, de 16h \u00e0 17h.<\/p>\n<p>Dans ce spectacle captivant, la F\u00e9e Clochette est captur\u00e9e par Pandora, la m\u00e9chante sorci\u00e8re. Peter Pan doit unir ses forces avec son pire ennemi, le Capitaine Crochet, pour la sauver.<\/p>\n<p><a href=\"https:\/\/www.facebook.com\/theatrebellecour\" target=\"_new\" rel=\"noopener\">https:\/\/www.facebook.com\/theatrebellecour<\/a><\/p>\n<hr \/>\n<h4>FESTIVAL : GO.\u00c9LANS \u2013 DANSE ET ARTS DU GESTE<\/h4>\n<ul>\n<li>2 soir\u00e9es de spectacles, compos\u00e9es de courts m\u00e9trages o\u00f9 l&rsquo;on peut d\u00e9couvrir l&rsquo;univers d&rsquo;artistes venant de diff\u00e9rents horizons. Toutes les cr\u00e9ations interrogent la danse dans une dimension contemporaine libre et audacieuse et jettent un regard po\u00e9tique sur le monde.<\/li>\n<li>2 ateliers (BUTO et Technique GAGA) ouverts aux amateurs et professionnels pour partager le plaisir de la danse.<\/li>\n<li>1 table ronde ouverte au public pour rencontrer les chor\u00e9graphes invit\u00e9s et d\u00e9couvrir leur processus cr\u00e9atif.<\/li>\n<li>1 apr\u00e8s-midi de courts m\u00e9trages de danse et 1 exposition photographique du travail de Nathalie Sternalski.<\/li>\n<\/ul>\n<p><a href=\"https:\/\/www.espacemagnan.com\/\" target=\"_new\" rel=\"noopener\">https:\/\/www.espacemagnan.com\/<\/a><\/p>\n<hr \/>\n<h4>DIVERTISSEMENT : \u00ab\u00a0MON P\u2019TIT PRINTEMPS EN POP UP\u00a0\u00bb<\/h4>\n<p>Pour les plus petits, en famille ! Venez \u00e9couter une histoire et r\u00e9aliser une carte POP UP qui prend vie lorsque vous l&rsquo;ouvrez !<\/p>\n<p>De 10h30 \u00e0 11h30 Enfants de 2 \u00e0 6 ans, avec la famille De 16h30 \u00e0 17h30 De 6 \u00e0 10 ans, seuls<\/p>\n<p><a href=\"https:\/\/www.lesateliersillustres.com\/\" target=\"_new\" rel=\"noopener\">https:\/\/www.lesateliersillustres.com\/<\/a><\/p>\n<hr \/>\n<h4>ATELIER D\u2019INITIATION \u00c0 LA FOUILLE ARCH\u00c9OLOGIQUE<\/h4>\n<p>Samedi 20 avril 2024, de 10h \u00e0 11h.<\/p>\n<p>Gr\u00e2ce \u00e0 un petit chantier de fouille reconstitu\u00e9, les enfants peuvent d\u00e9couvrir les m\u00e9thodes de fouille arch\u00e9ologique. Ils d\u00e9couvriront le plaisir, le soin, la patience et la rigueur du travail sur le terrain des arch\u00e9ologues.<\/p>\n<p><a href=\"https:\/\/demarches.mesdemarches06.fr\/inscription-aux-evenements-du-departement\/grotte-du-lazaret-evenements-exceptionnels\/?cancelurl=https%3A\/\/mesdemarches06.fr\/\" target=\"_new\" rel=\"noopener\">https:\/\/demarches.mesdemarches06.fr\/inscription-aux-evenements-du-departement\/grotte-du-lazaret-evenements-exceptionnels\/?cancelurl=https%3A\/\/mesdemarches06.fr\/<\/a><\/p>\n<hr \/>\n<h4>CONF\u00c9RENCE : CERCLE WAGNER<\/h4>\n<p>Samedi 20 avril 2024 \u00e0 15h.<\/p>\n<p>Le Cercle Richard Wagner Rive Droite a \u00e9t\u00e9 fond\u00e9 le 29 janvier 2010 et vient de c\u00e9l\u00e9brer son treizi\u00e8me anniversaire.<\/p>\n<p>Les conf\u00e9rences du Cercle Richard Wagner Rive Droite ont lieu dans le foyer Caball\u00e9 de l&rsquo;Op\u00e9ra.<\/p>\n<p><a href=\"https:\/\/www.opera-nice.org\/fr\" target=\"_new\" rel=\"noopener\">https:\/\/www.opera-nice.org\/fr<\/a><\/p>\n<hr \/>\n<h4>SPECTACLE : GUIGNOL<\/h4>\n<p>Guignol, la c\u00e9l\u00e8bre marionnette, d\u00e9couvre une lampe magique et r\u00e9alise des r\u00eaves incroyables avec une souris. Leur aventure inclut une mission de No\u00ebl pleine de magie et d&rsquo;amiti\u00e9, o\u00f9 Guignol apprend quelques le\u00e7ons pr\u00e9cieuses.<\/p>\n<p><a href=\"https:\/\/www.explorenicecotedazur.com\/it\/fiche\/guignol-it\/\" target=\"_new\" rel=\"noopener\">https:\/\/www.explorenicecotedazur.com\/it\/fiche\/guignol-it\/<\/a><\/p>\n<hr \/>\n<h4>SPECTACLE : GULLIVER ET LES LILLIPUTIENS<\/h4>\n<p>Samedi 13 avril 2024, de 10h30 \u00e0 11h30.<\/p>\n<p>Adapt\u00e9 pour les enfants (ou les Lilliputiens !) Gulliver, bloqu\u00e9 \u00e0 Lilliput, est vu comme un g\u00e9ant. Accept\u00e9 par les habitants, il explore leur monde. Mais un incendie \u00e9clate ensuite&#8230;<\/p>\n<p><a href=\"https:\/\/www.explorenicecotedazur.com\/it\/fiche\/gulliver-et-les-liliputiens-it\/\" target=\"_new\" rel=\"noopener\">https:\/\/www.explorenicecotedazur.com\/it\/fiche\/gulliver-et-les-liliputiens-it\/<\/a><\/p>\n<hr \/>\n<h4>EXPOSITION : UN CHEF-D&rsquo;\u0152UVRE \u00c0 SOI : MONET AU MUS\u00c9E DES BEAUX-ARTS<\/h4>\n<p>Du 05\/04 au 29\/09\/2024, tous les jours.<\/p>\n<p>En 2024, pour c\u00e9l\u00e9brer le 150e anniversaire de l&rsquo;Impressionnisme, l&rsquo;exposition \u00ab\u00a0Paris 1874. Inventer l&rsquo;Impressionnisme\u00a0\u00bb se tiendra \u00e0 Paris et dans plus de 30 mus\u00e9es fran\u00e7ais. Le Mus\u00e9e des Beaux-Arts Jules Ch\u00e9ret pr\u00e9sentera un chef-d&rsquo;\u0153uvre de Claude Monet.<\/p>\n<p><a href=\"https:\/\/www.explorenicecotedazur.com\/it\/fiche\/un-chef-d-oeuvre-a-soi-monet-au-musee-des-beaux-arts-it\/\" target=\"_new\" rel=\"noopener\">https:\/\/www.explorenicecotedazur.com\/it\/fiche\/un-chef-d-oeuvre-a-soi-monet-au-musee-des-beaux-arts-it\/<\/a><\/p>\n<hr \/>\n<h4>EXPOSITION : DJAMEL TATAH<\/h4>\n<p>Du 16\/03 au 27\/05\/2024, de 10h \u00e0 17h, sauf le mardi.<\/p>\n<p>De mars \u00e0 mai 2024, le peintre Djamel Tatah (n\u00e9 \u00e0 Saint-Chamond en 1959) proposera une nouvelle visite au Mus\u00e9e Matisse de Nice.<\/p>\n<p>Il a s\u00e9lectionn\u00e9 de mani\u00e8re subjective parmi les collections du mus\u00e9e une centaine d&rsquo;\u0153uvres graphiques et sculpturales de Henri Matisse (1869-1954), couvrant toute sa carri\u00e8re, int\u00e9gr\u00e9es \u00e0 des pr\u00eats exceptionnels provenant de l&rsquo;Institut national d&rsquo;histoire de l&rsquo;art (INHA). L&rsquo;exposition alternera avec une trentaine de peintures personnelles, g\u00e9n\u00e9ralement de dimensions monumentales, s\u00e9lectionn\u00e9es parmi sa production des vingt derni\u00e8res ann\u00e9es et provenant de collections publiques et priv\u00e9es.<\/p>\n<p><a href=\"https:\/\/www.musee-matisse-nice.org\/\" target=\"_new\" rel=\"noopener\">https:\/\/www.musee-matisse-nice.org\/<\/a><\/p>\n<hr \/>\n<h4>EXPOSITION : HENRI DAUMAN \u2013 THE MANHATTAN DARKROOM<\/h4>\n<p>Du 17\/02 au 26\/05\/2024, de 10h \u00e0 18h, sauf le lundi.<\/p>\n<p>Cette r\u00e9trospective du travail in\u00e9dit du photographe fran\u00e7ais Henri Dauman marque la derni\u00e8re collaboration avec le photographe, d\u00e9c\u00e9d\u00e9 le 13 septembre 2023 \u00e0 New York.<\/p>\n<p>Pr\u00e8s de 170 photographies accompagnent le public dans un voyage \u00e0 travers l&rsquo;histoire r\u00e9cente des \u00c9tats-Unis.<\/p>\n<p><a href=\"https:\/\/museephotographie.nice.fr\/\" target=\"_new\" rel=\"noopener\">https:\/\/museephotographie.nice.fr\/<\/a><\/p>\n<hr \/>\n<h4>EXPOSITION : \u201cOH LES 10 ANS | LES BEAUX JOURS DE LA GALERIE EVA VAUTIER\u201d<\/h4>\n<p>Du 08\/02 au 13\/04\/2024, tous les jours.<\/p>\n<p>\u00c0 l&rsquo;occasion de son dixi\u00e8me anniversaire, la galerie Eva Vautier invite 43 artistes \u00e0 participer \u00e0 une exposition collective r\u00e9trospective sur la d\u00e9cennie d&rsquo;expositions, d&rsquo;\u00e9v\u00e9nements et de projets de la galerie.<\/p>\n<p>Avec Agathe Wiesner, Agn\u00e8s Vitani, Aim\u00e9e Fleury, Alain Biet, Alain Snyers, Alice Guittard, Anna Byskov et bien d&rsquo;autres.<\/p>\n<p>Galerie Eva Vautier 2 rue Vernier Quartier Lib\u00e9ration + 33 9 80 31 76 63<\/p>\n<hr \/>\n<h4>EXPOSITION : MARTINE DOYTIER, UNE R\u00c9TROSPECTIVE<\/h4>\n<p>Du 03\/02 au 31\/07\/2024.<\/p>\n<p>Ferm\u00e9 le lundi et le dimanche.<\/p>\n<p>Cette exposition est la premi\u00e8re r\u00e9trospective consacr\u00e9e \u00e0 Martine Doytier. Elle r\u00e9unit toutes ses \u0153uvres connues \u00e0 ce jour.<\/p>\n<p>Martine Doytier a \u00e9t\u00e9 artiste \u00e0 Nice de 1971 \u00e0 1984. En treize ans, elle a d\u00e9velopp\u00e9 une \u0153uvre captivante.<\/p>\n<p>Son \u0153il aiguis\u00e9 et sa capacit\u00e9 \u00e0 dessiner les personnages et \u00e0 raconter leurs histoires ont produit un corpus d&rsquo;\u0153uvres en constante \u00e9volution et l&rsquo;ont conduite \u00e0 entreprendre ce qui serait son dernier travail inachev\u00e9 : \u00ab\u00a0L&rsquo;Autoportrait\u00a0\u00bb, une peinture sur laquelle elle a travaill\u00e9 pendant cinq ans, d\u00e9crivant avec passion son monde quotidien.<\/p>\n<p><a href=\"https:\/\/www.nice.fr\/fr\/culture\/musees-et-galeries\/l-artistique\" target=\"_new\" rel=\"noopener\">https:\/\/www.nice.fr\/fr\/culture\/musees-et-galeries\/l-artistique<\/a><\/p>\n<hr \/>\n<h4>EXPOSITION : TINTIN ET TCHANG<\/h4>\n<p>Du 27\/01 au 30\/06\/2024, de 10h \u00e0 17h, sauf le 1er mai.<\/p>\n<p>Le Mus\u00e9e Herg\u00e9 de Louvain-la-Neuve (Belgique) s&rsquo;associe au D\u00e9partement des Alpes-Maritimes pour pr\u00e9senter une double exposition intitul\u00e9e Tintin, Herg\u00e9 et Chang.<\/p>\n<p>L&rsquo;exposition r\u00e9v\u00e8le les multiples facettes du p\u00e8re de Tintin \u00e0 travers une superbe s\u00e9lection de documents pr\u00e9cieux, de dessins originaux et d&rsquo;objets, pr\u00e9sent\u00e9s pour la premi\u00e8re fois sur la C\u00f4te d&rsquo;Azur.<\/p>\n<p><a href=\"https:\/\/maa.departement06.fr\/musee-des-arts-asiatiques-13422.html\" target=\"_new\" rel=\"noopener\">https:\/\/maa.departement06.fr\/musee-des-arts-asiatiques-13422.html<\/a><\/p>\n<hr \/>\n<h4>EXPOSITION : VIVRE POUR L\u2019ART \u2013 LES COLLECTIONS TRACHEL ET ROTHSCHILD \u00c0 NICE<\/h4>\n<p>Du 24\/11\/2023 au 28\/04\/2024, tous les jours.<\/p>\n<p>Le Mus\u00e9e des Beaux-Arts Jules Ch\u00e9ret, le Palais Lascaris, le Mus\u00e9e Mass\u00e9na et la Biblioth\u00e8que de Cessole pr\u00e9sentent l&rsquo;exposition Vivre pour l&rsquo;art.<\/p>\n<p>Les collections Trachel et Rothschild \u00e0 Nice. L&rsquo;exposition met en lumi\u00e8re les \u0153uvres g\u00e9n\u00e9reusement donn\u00e9es \u00e0 la ville de Nice par ces deux grandes familles. Ces dons, effectu\u00e9s entre 1892 et 1912, comprennent plus de mille sept cents \u0153uvres de types vari\u00e9s : objets arch\u00e9ologiques, dessins, aquarelles, peintures, sculptures, estampes, mais aussi mobilier, c\u00e9ramiques et textiles. Ils constituent le noyau des collections mus\u00e9ales de Nice.<\/p>\n<p>Mus\u00e9e des Beaux-Arts Jules Ch\u00e9ret : du 24 novembre 2023 au 28 avril 2024. Palais Lascaris et Mus\u00e9e Mass\u00e9na : du 24 novembre 2023 au 20 mai 2024.<\/p>\n<p>Mus\u00e9e des Beaux-Arts Jules Ch\u00e9ret 33 avenue des Baumettes<\/p>\n<p><a href=\"https:\/\/www.musee-beaux-arts-nice.org\/\" target=\"_new\" rel=\"noopener\">https:\/\/www.musee-beaux-arts-nice.org\/<\/a><\/p>\n<hr \/>\n<h4>LES ELLES DE JEUX<\/h4>\n<p>Du 08\/11\/2023 au 22\/09\/2024, tous les jours.<\/p>\n<p>Le Mus\u00e9e National du Sport pr\u00e9sente Les Elles des Jeux, qui montre les progr\u00e8s spectaculaires r\u00e9alis\u00e9s en plus de 130 ans, de la quasi-exclusion des femmes \u00e0 la lutte pour l&rsquo;\u00e9galit\u00e9.<\/p>\n<p>LE PARCOURS DE L&rsquo;EXPOSITION<\/p>\n<p>Dans une sc\u00e9nographie immersive et interactive, l&rsquo;exposition Les Elles des Jeux retrace plus de 130 ans de notre soci\u00e9t\u00e9 contemporaine \u00e0 travers les histoires de femmes embl\u00e9matiques au destin exemplaire. L&rsquo;exposition est divis\u00e9e en 6 sections, \u00e0 la fois chronologiques et th\u00e9matiques. Avec \u00ab\u00a0Elles ne sont pas les bienvenues\u00a0\u00bb, l&rsquo;exposition commence son voyage dans le temps avec les premiers Jeux Olympiques de l&rsquo;\u00e8re moderne.<\/p>\n<p>Mus\u00e9e National du Sport Boulevard des Jardiniers &#8211; Stade Allianz Riviera CS 43 152<\/p>\n<p><a href=\"https:\/\/www.museedusport.fr\/\" target=\"_new\" rel=\"noopener\">https:\/\/www.museedusport.fr\/<\/a><\/p>\n<hr \/>\n<h4>EXPOSITION : \u201cON EST TOUS FOUS\u201d DE BEN<\/h4>\n<p>LUNDI, MERCREDI, JEUDI, VENDREDI, SAMEDI, DIMANCHE 10h-12h30 et 13h30-18h.<\/p>\n<p>Mus\u00e9e International d&rsquo;Art Na\u00eff Anatole Jakovsky Avenue de Fabron Ch\u00e2teau Sainte-H\u00e9l\u00e8ne +33 (0)4 93 71 78 33<\/p>\n<p><a href=\"https:\/\/www.nice.fr\/fr\/culture\/musees-et-galeries\/musee-d-art-naif\" target=\"_new\" rel=\"noopener\">https:\/\/www.nice.fr\/fr\/culture\/musees-et-galeries\/musee-d-art-naif<\/a><\/p>\n<hr \/>\n<p><a href=\"https:\/\/www.instagram.com\/monte_carlo_living\/\">Visitez notre page Instagram<\/a><\/p>\n<p><a href=\"https:\/\/montecarloliving.com\/fr\/\">Lire d&rsquo;autres articles<\/a><\/p>\n","protected":false},"excerpt":{"rendered":"<p>\u00c9v\u00e9nements du week-end \u00e0 Nice, d\u00e9couvrez-les tous ! SPORT : SEMI-MARATHON INTERNATIONAL DE NICE Dimanche 21 avril 2024. Chaque ann\u00e9e, des milliers de coureurs venant de tout le pays et du monde entier se rassemblent sur la c\u00e9l\u00e8bre Promenade des Anglais pour participer au [&hellip;]<\/p>\n","protected":false},"author":1,"featured_media":6501,"comment_status":"closed","ping_status":"closed","sticky":false,"template":"","format":"standard","meta":{"footnotes":""},"categories":[828,868],"tags":[],"class_list":["post-10422","post","type-post","status-publish","format-standard","has-post-thumbnail","hentry","category-evenements","category-nice-fr"],"yoast_head":"<!-- This site is optimized with the Yoast SEO plugin v27.4 - https:\/\/yoast.com\/product\/yoast-seo-wordpress\/ -->\n<title>\u00c9v\u00e9nements du week-end du 20 et 21 avril 2024 \u00e0 Nice<\/title>\n<meta name=\"description\" content=\"\u00c9v\u00e9nements du week-end \u00e0 Nice, d\u00e9couvrez-les tous !SPORT : SEMI-MARATHON INTERNATIONAL DE NICEDimanche 21 avril 2024.Chaque ann\u00e9e, des mi...\" \/>\n<meta name=\"robots\" content=\"index, follow, max-snippet:-1, max-image-preview:large, max-video-preview:-1\" \/>\n<link rel=\"canonical\" href=\"https:\/\/montecarloliving.com\/fr\/evenements\/evenements-du-week-end-du-20-et-21-avril-2024-nice-10422\/\" \/>\n<meta property=\"og:locale\" content=\"fr_FR\" \/>\n<meta property=\"og:title\" content=\"\u00c9v\u00e9nements du week-end du 20 et 21 avril 2024 \u00e0 Nice\" \/>\n<meta property=\"og:description\" content=\"\u00c9v\u00e9nements du week-end \u00e0 Nice, d\u00e9couvrez-les tous !SPORT : SEMI-MARATHON INTERNATIONAL DE NICEDimanche 21 avril 2024.Chaque ann\u00e9e, des mi...\" \/>\n<meta property=\"og:url\" content=\"https:\/\/montecarloliving.com\/fr\/evenements\/evenements-du-week-end-du-20-et-21-avril-2024-nice-10422\/\" \/>\n<meta property=\"og:site_name\" content=\"Montecarlo Living\" \/>\n<meta property=\"article:publisher\" content=\"https:\/\/www.facebook.com\/montecarlolivingcom\/\" \/>\n<meta property=\"article:published_time\" content=\"2024-04-19T07:30:29+00:00\" \/>\n<meta property=\"og:image\" content=\"https:\/\/montecarloliving.com\/wp-content\/uploads\/2024\/01\/COPERTINA-SITO-MONTECARLO-LIVING-11-650x400.jpg\" \/>\n\t<meta property=\"og:image:width\" content=\"650\" \/>\n\t<meta property=\"og:image:height\" content=\"400\" \/>\n\t<meta property=\"og:image:type\" content=\"image\/jpeg\" \/>\n<meta name=\"author\" content=\"Redazione\" \/>\n<meta name=\"twitter:card\" content=\"summary_large_image\" \/>\n<meta name=\"twitter:creator\" content=\"@MonteCarloLivi\" \/>\n<meta name=\"twitter:site\" content=\"@MonteCarloLivi\" \/>\n<meta name=\"twitter:label1\" content=\"\u00c9crit par\" \/>\n\t<meta name=\"twitter:data1\" content=\"Redazione\" \/>\n\t<meta name=\"twitter:label2\" content=\"Dur\u00e9e de lecture estim\u00e9e\" \/>\n\t<meta name=\"twitter:data2\" content=\"9 minutes\" \/>\n<script type=\"application\/ld+json\" class=\"yoast-schema-graph\">{\"@context\":\"https:\\\/\\\/schema.org\",\"@graph\":[{\"@type\":\"Article\",\"@id\":\"https:\\\/\\\/montecarloliving.com\\\/fr\\\/evenements\\\/evenements-du-week-end-du-20-et-21-avril-2024-nice-10422\\\/#article\",\"isPartOf\":{\"@id\":\"https:\\\/\\\/montecarloliving.com\\\/fr\\\/evenements\\\/evenements-du-week-end-du-20-et-21-avril-2024-nice-10422\\\/\"},\"author\":{\"name\":\"Redazione\",\"@id\":\"https:\\\/\\\/montecarloliving.com\\\/fr\\\/#\\\/schema\\\/person\\\/7e5945d4560862b7f2d2c6831bda2819\"},\"headline\":\"\u00c9v\u00e9nements du week-end du 20 et 21 avril 2024 \u00e0 Nice\",\"datePublished\":\"2024-04-19T07:30:29+00:00\",\"mainEntityOfPage\":{\"@id\":\"https:\\\/\\\/montecarloliving.com\\\/fr\\\/evenements\\\/evenements-du-week-end-du-20-et-21-avril-2024-nice-10422\\\/\"},\"wordCount\":1669,\"image\":{\"@id\":\"https:\\\/\\\/montecarloliving.com\\\/fr\\\/evenements\\\/evenements-du-week-end-du-20-et-21-avril-2024-nice-10422\\\/#primaryimage\"},\"thumbnailUrl\":\"https:\\\/\\\/montecarloliving.com\\\/wp-content\\\/uploads\\\/2024\\\/01\\\/COPERTINA-SITO-MONTECARLO-LIVING-11.jpg\",\"articleSection\":[\"\u00c9v\u00e9nements\",\"Nice\"],\"inLanguage\":\"fr-FR\"},{\"@type\":\"WebPage\",\"@id\":\"https:\\\/\\\/montecarloliving.com\\\/fr\\\/evenements\\\/evenements-du-week-end-du-20-et-21-avril-2024-nice-10422\\\/\",\"url\":\"https:\\\/\\\/montecarloliving.com\\\/fr\\\/evenements\\\/evenements-du-week-end-du-20-et-21-avril-2024-nice-10422\\\/\",\"name\":\"\u00c9v\u00e9nements du week-end du 20 et 21 avril 2024 \u00e0 Nice\",\"isPartOf\":{\"@id\":\"https:\\\/\\\/montecarloliving.com\\\/fr\\\/#website\"},\"primaryImageOfPage\":{\"@id\":\"https:\\\/\\\/montecarloliving.com\\\/fr\\\/evenements\\\/evenements-du-week-end-du-20-et-21-avril-2024-nice-10422\\\/#primaryimage\"},\"image\":{\"@id\":\"https:\\\/\\\/montecarloliving.com\\\/fr\\\/evenements\\\/evenements-du-week-end-du-20-et-21-avril-2024-nice-10422\\\/#primaryimage\"},\"thumbnailUrl\":\"https:\\\/\\\/montecarloliving.com\\\/wp-content\\\/uploads\\\/2024\\\/01\\\/COPERTINA-SITO-MONTECARLO-LIVING-11.jpg\",\"datePublished\":\"2024-04-19T07:30:29+00:00\",\"author\":{\"@id\":\"https:\\\/\\\/montecarloliving.com\\\/fr\\\/#\\\/schema\\\/person\\\/7e5945d4560862b7f2d2c6831bda2819\"},\"description\":\"\u00c9v\u00e9nements du week-end \u00e0 Nice, d\u00e9couvrez-les tous !SPORT : SEMI-MARATHON INTERNATIONAL DE NICEDimanche 21 avril 2024.Chaque ann\u00e9e, des mi...\",\"breadcrumb\":{\"@id\":\"https:\\\/\\\/montecarloliving.com\\\/fr\\\/evenements\\\/evenements-du-week-end-du-20-et-21-avril-2024-nice-10422\\\/#breadcrumb\"},\"inLanguage\":\"fr-FR\",\"potentialAction\":[{\"@type\":\"ReadAction\",\"target\":[\"https:\\\/\\\/montecarloliving.com\\\/fr\\\/evenements\\\/evenements-du-week-end-du-20-et-21-avril-2024-nice-10422\\\/\"]}]},{\"@type\":\"ImageObject\",\"inLanguage\":\"fr-FR\",\"@id\":\"https:\\\/\\\/montecarloliving.com\\\/fr\\\/evenements\\\/evenements-du-week-end-du-20-et-21-avril-2024-nice-10422\\\/#primaryimage\",\"url\":\"https:\\\/\\\/montecarloliving.com\\\/wp-content\\\/uploads\\\/2024\\\/01\\\/COPERTINA-SITO-MONTECARLO-LIVING-11.jpg\",\"contentUrl\":\"https:\\\/\\\/montecarloliving.com\\\/wp-content\\\/uploads\\\/2024\\\/01\\\/COPERTINA-SITO-MONTECARLO-LIVING-11.jpg\",\"width\":2000,\"height\":1200,\"caption\":\"\u00c9v\u00e9nements du Weekend Nice\"},{\"@type\":\"BreadcrumbList\",\"@id\":\"https:\\\/\\\/montecarloliving.com\\\/fr\\\/evenements\\\/evenements-du-week-end-du-20-et-21-avril-2024-nice-10422\\\/#breadcrumb\",\"itemListElement\":[{\"@type\":\"ListItem\",\"position\":1,\"name\":\"Home\",\"item\":\"https:\\\/\\\/montecarloliving.com\\\/fr\\\/\"},{\"@type\":\"ListItem\",\"position\":2,\"name\":\"\u00c9v\u00e9nements du week-end du 20 et 21 avril 2024 \u00e0 Nice\"}]},{\"@type\":\"WebSite\",\"@id\":\"https:\\\/\\\/montecarloliving.com\\\/fr\\\/#website\",\"url\":\"https:\\\/\\\/montecarloliving.com\\\/fr\\\/\",\"name\":\"Montecarlo Living\",\"description\":\"News da Montecarlo - Principato di Monaco e Costa Azzurra\",\"potentialAction\":[{\"@type\":\"SearchAction\",\"target\":{\"@type\":\"EntryPoint\",\"urlTemplate\":\"https:\\\/\\\/montecarloliving.com\\\/fr\\\/?s={search_term_string}\"},\"query-input\":{\"@type\":\"PropertyValueSpecification\",\"valueRequired\":true,\"valueName\":\"search_term_string\"}}],\"inLanguage\":\"fr-FR\"},{\"@type\":\"Person\",\"@id\":\"https:\\\/\\\/montecarloliving.com\\\/fr\\\/#\\\/schema\\\/person\\\/7e5945d4560862b7f2d2c6831bda2819\",\"name\":\"Redazione\",\"image\":{\"@type\":\"ImageObject\",\"inLanguage\":\"fr-FR\",\"@id\":\"https:\\\/\\\/secure.gravatar.com\\\/avatar\\\/8b5f26557e18fe74ad8e8a57ebb2925d88af8a90cee489ff2beefb391bc9b9c7?s=96&d=mm&r=g\",\"url\":\"https:\\\/\\\/secure.gravatar.com\\\/avatar\\\/8b5f26557e18fe74ad8e8a57ebb2925d88af8a90cee489ff2beefb391bc9b9c7?s=96&d=mm&r=g\",\"contentUrl\":\"https:\\\/\\\/secure.gravatar.com\\\/avatar\\\/8b5f26557e18fe74ad8e8a57ebb2925d88af8a90cee489ff2beefb391bc9b9c7?s=96&d=mm&r=g\",\"caption\":\"Redazione\"}}]}<\/script>\n<!-- \/ Yoast SEO plugin. -->","yoast_head_json":{"title":"\u00c9v\u00e9nements du week-end du 20 et 21 avril 2024 \u00e0 Nice","description":"\u00c9v\u00e9nements du week-end \u00e0 Nice, d\u00e9couvrez-les tous !SPORT : SEMI-MARATHON INTERNATIONAL DE NICEDimanche 21 avril 2024.Chaque ann\u00e9e, des mi...","robots":{"index":"index","follow":"follow","max-snippet":"max-snippet:-1","max-image-preview":"max-image-preview:large","max-video-preview":"max-video-preview:-1"},"canonical":"https:\/\/montecarloliving.com\/fr\/evenements\/evenements-du-week-end-du-20-et-21-avril-2024-nice-10422\/","og_locale":"fr_FR","og_title":"\u00c9v\u00e9nements du week-end du 20 et 21 avril 2024 \u00e0 Nice","og_description":"\u00c9v\u00e9nements du week-end \u00e0 Nice, d\u00e9couvrez-les tous !SPORT : SEMI-MARATHON INTERNATIONAL DE NICEDimanche 21 avril 2024.Chaque ann\u00e9e, des mi...","og_url":"https:\/\/montecarloliving.com\/fr\/evenements\/evenements-du-week-end-du-20-et-21-avril-2024-nice-10422\/","og_site_name":"Montecarlo Living","article_publisher":"https:\/\/www.facebook.com\/montecarlolivingcom\/","article_published_time":"2024-04-19T07:30:29+00:00","og_image":[{"width":650,"height":400,"url":"https:\/\/montecarloliving.com\/wp-content\/uploads\/2024\/01\/COPERTINA-SITO-MONTECARLO-LIVING-11-650x400.jpg","type":"image\/jpeg"}],"author":"Redazione","twitter_card":"summary_large_image","twitter_creator":"@MonteCarloLivi","twitter_site":"@MonteCarloLivi","twitter_misc":{"\u00c9crit par":"Redazione","Dur\u00e9e de lecture estim\u00e9e":"9 minutes"},"schema":{"@context":"https:\/\/schema.org","@graph":[{"@type":"Article","@id":"https:\/\/montecarloliving.com\/fr\/evenements\/evenements-du-week-end-du-20-et-21-avril-2024-nice-10422\/#article","isPartOf":{"@id":"https:\/\/montecarloliving.com\/fr\/evenements\/evenements-du-week-end-du-20-et-21-avril-2024-nice-10422\/"},"author":{"name":"Redazione","@id":"https:\/\/montecarloliving.com\/fr\/#\/schema\/person\/7e5945d4560862b7f2d2c6831bda2819"},"headline":"\u00c9v\u00e9nements du week-end du 20 et 21 avril 2024 \u00e0 Nice","datePublished":"2024-04-19T07:30:29+00:00","mainEntityOfPage":{"@id":"https:\/\/montecarloliving.com\/fr\/evenements\/evenements-du-week-end-du-20-et-21-avril-2024-nice-10422\/"},"wordCount":1669,"image":{"@id":"https:\/\/montecarloliving.com\/fr\/evenements\/evenements-du-week-end-du-20-et-21-avril-2024-nice-10422\/#primaryimage"},"thumbnailUrl":"https:\/\/montecarloliving.com\/wp-content\/uploads\/2024\/01\/COPERTINA-SITO-MONTECARLO-LIVING-11.jpg","articleSection":["\u00c9v\u00e9nements","Nice"],"inLanguage":"fr-FR"},{"@type":"WebPage","@id":"https:\/\/montecarloliving.com\/fr\/evenements\/evenements-du-week-end-du-20-et-21-avril-2024-nice-10422\/","url":"https:\/\/montecarloliving.com\/fr\/evenements\/evenements-du-week-end-du-20-et-21-avril-2024-nice-10422\/","name":"\u00c9v\u00e9nements du week-end du 20 et 21 avril 2024 \u00e0 Nice","isPartOf":{"@id":"https:\/\/montecarloliving.com\/fr\/#website"},"primaryImageOfPage":{"@id":"https:\/\/montecarloliving.com\/fr\/evenements\/evenements-du-week-end-du-20-et-21-avril-2024-nice-10422\/#primaryimage"},"image":{"@id":"https:\/\/montecarloliving.com\/fr\/evenements\/evenements-du-week-end-du-20-et-21-avril-2024-nice-10422\/#primaryimage"},"thumbnailUrl":"https:\/\/montecarloliving.com\/wp-content\/uploads\/2024\/01\/COPERTINA-SITO-MONTECARLO-LIVING-11.jpg","datePublished":"2024-04-19T07:30:29+00:00","author":{"@id":"https:\/\/montecarloliving.com\/fr\/#\/schema\/person\/7e5945d4560862b7f2d2c6831bda2819"},"description":"\u00c9v\u00e9nements du week-end \u00e0 Nice, d\u00e9couvrez-les tous !SPORT : SEMI-MARATHON INTERNATIONAL DE NICEDimanche 21 avril 2024.Chaque ann\u00e9e, des mi...","breadcrumb":{"@id":"https:\/\/montecarloliving.com\/fr\/evenements\/evenements-du-week-end-du-20-et-21-avril-2024-nice-10422\/#breadcrumb"},"inLanguage":"fr-FR","potentialAction":[{"@type":"ReadAction","target":["https:\/\/montecarloliving.com\/fr\/evenements\/evenements-du-week-end-du-20-et-21-avril-2024-nice-10422\/"]}]},{"@type":"ImageObject","inLanguage":"fr-FR","@id":"https:\/\/montecarloliving.com\/fr\/evenements\/evenements-du-week-end-du-20-et-21-avril-2024-nice-10422\/#primaryimage","url":"https:\/\/montecarloliving.com\/wp-content\/uploads\/2024\/01\/COPERTINA-SITO-MONTECARLO-LIVING-11.jpg","contentUrl":"https:\/\/montecarloliving.com\/wp-content\/uploads\/2024\/01\/COPERTINA-SITO-MONTECARLO-LIVING-11.jpg","width":2000,"height":1200,"caption":"\u00c9v\u00e9nements du Weekend Nice"},{"@type":"BreadcrumbList","@id":"https:\/\/montecarloliving.com\/fr\/evenements\/evenements-du-week-end-du-20-et-21-avril-2024-nice-10422\/#breadcrumb","itemListElement":[{"@type":"ListItem","position":1,"name":"Home","item":"https:\/\/montecarloliving.com\/fr\/"},{"@type":"ListItem","position":2,"name":"\u00c9v\u00e9nements du week-end du 20 et 21 avril 2024 \u00e0 Nice"}]},{"@type":"WebSite","@id":"https:\/\/montecarloliving.com\/fr\/#website","url":"https:\/\/montecarloliving.com\/fr\/","name":"Montecarlo Living","description":"News da Montecarlo - Principato di Monaco e Costa Azzurra","potentialAction":[{"@type":"SearchAction","target":{"@type":"EntryPoint","urlTemplate":"https:\/\/montecarloliving.com\/fr\/?s={search_term_string}"},"query-input":{"@type":"PropertyValueSpecification","valueRequired":true,"valueName":"search_term_string"}}],"inLanguage":"fr-FR"},{"@type":"Person","@id":"https:\/\/montecarloliving.com\/fr\/#\/schema\/person\/7e5945d4560862b7f2d2c6831bda2819","name":"Redazione","image":{"@type":"ImageObject","inLanguage":"fr-FR","@id":"https:\/\/secure.gravatar.com\/avatar\/8b5f26557e18fe74ad8e8a57ebb2925d88af8a90cee489ff2beefb391bc9b9c7?s=96&d=mm&r=g","url":"https:\/\/secure.gravatar.com\/avatar\/8b5f26557e18fe74ad8e8a57ebb2925d88af8a90cee489ff2beefb391bc9b9c7?s=96&d=mm&r=g","contentUrl":"https:\/\/secure.gravatar.com\/avatar\/8b5f26557e18fe74ad8e8a57ebb2925d88af8a90cee489ff2beefb391bc9b9c7?s=96&d=mm&r=g","caption":"Redazione"}}]}},"_links":{"self":[{"href":"https:\/\/montecarloliving.com\/fr\/wp-json\/wp\/v2\/posts\/10422","targetHints":{"allow":["GET"]}}],"collection":[{"href":"https:\/\/montecarloliving.com\/fr\/wp-json\/wp\/v2\/posts"}],"about":[{"href":"https:\/\/montecarloliving.com\/fr\/wp-json\/wp\/v2\/types\/post"}],"author":[{"embeddable":true,"href":"https:\/\/montecarloliving.com\/fr\/wp-json\/wp\/v2\/users\/1"}],"replies":[{"embeddable":true,"href":"https:\/\/montecarloliving.com\/fr\/wp-json\/wp\/v2\/comments?post=10422"}],"version-history":[{"count":1,"href":"https:\/\/montecarloliving.com\/fr\/wp-json\/wp\/v2\/posts\/10422\/revisions"}],"predecessor-version":[{"id":10423,"href":"https:\/\/montecarloliving.com\/fr\/wp-json\/wp\/v2\/posts\/10422\/revisions\/10423"}],"wp:featuredmedia":[{"embeddable":true,"href":"https:\/\/montecarloliving.com\/fr\/wp-json\/wp\/v2\/media\/6501"}],"wp:attachment":[{"href":"https:\/\/montecarloliving.com\/fr\/wp-json\/wp\/v2\/media?parent=10422"}],"wp:term":[{"taxonomy":"category","embeddable":true,"href":"https:\/\/montecarloliving.com\/fr\/wp-json\/wp\/v2\/categories?post=10422"},{"taxonomy":"post_tag","embeddable":true,"href":"https:\/\/montecarloliving.com\/fr\/wp-json\/wp\/v2\/tags?post=10422"}],"curies":[{"name":"wp","href":"https:\/\/api.w.org\/{rel}","templated":true}]}}