{"id":10075,"date":"2024-04-08T10:46:52","date_gmt":"2024-04-08T08:46:52","guid":{"rendered":"https:\/\/montecarloliving.com\/?p=10075"},"modified":"2024-04-08T10:51:01","modified_gmt":"2024-04-08T08:51:01","slug":"art-therapie-monaco-cest-essentiel-grace-lassociation-de-bienfaisance-eugenio-benedetti-gaglio","status":"publish","type":"post","link":"https:\/\/montecarloliving.com\/fr\/monaco-fr\/art-therapie-monaco-cest-essentiel-grace-lassociation-de-bienfaisance-eugenio-benedetti-gaglio-10075\/","title":{"rendered":"Art-th\u00e9rapie : \u00e0 Monaco, c&rsquo;est essentiel, gr\u00e2ce \u00e0 l&rsquo;Association de Bienfaisance Eugenio Benedetti Gaglio."},"content":{"rendered":"<div class=\"flex-1 overflow-hidden\">\n<div class=\"react-scroll-to-bottom--css-qjuxv-79elbk h-full\">\n<div class=\"react-scroll-to-bottom--css-qjuxv-1n7m0yu\">\n<div class=\"flex flex-col text-sm pb-9\">\n<div class=\"w-full text-token-text-primary\" dir=\"auto\" data-testid=\"conversation-turn-15\">\n<div class=\"px-4 py-2 justify-center text-base md:gap-6 m-auto\">\n<div class=\"flex flex-1 text-base mx-auto gap-3 juice:gap-4 juice:md:gap-6 md:px-5 lg:px-1 xl:px-5 md:max-w-3xl lg:max-w-[40rem] xl:max-w-[48rem] group final-completion\">\n<div class=\"relative flex w-full flex-col agent-turn\">\n<div class=\"flex-col gap-1 md:gap-3\">\n<div class=\"flex flex-grow flex-col max-w-full\">\n<div class=\"text-message flex flex-col items-start gap-3 whitespace-pre-wrap break-words [.text-message+&amp;]:mt-5 overflow-x-auto\" dir=\"auto\" data-message-author-role=\"assistant\" data-message-id=\"19a9254d-abc1-4923-8b79-c688d2e1c298\">\n<div class=\"markdown prose w-full break-words dark:prose-invert light\">\n<p>La Journ\u00e9e mondiale du trouble bipolaire, g\u00e9n\u00e9ralement observ\u00e9e le 30 mars, co\u00efncide avec l&rsquo;anniversaire de Vincent Van Gogh, l&#8217;embl\u00e8me par excellence de l&rsquo;artiste tourment\u00e9. \u00c0 Monaco cette ann\u00e9e, pour aborder avec des experts du domaine les implications que ce trouble peut avoir, une conf\u00e9rence-d\u00e9bat a \u00e9t\u00e9 organis\u00e9e le 5 avril sous le th\u00e8me : \u00ab\u00a0Probl\u00e8mes bipolaires : nourrir le corps et l&rsquo;esprit.\u00a0\u00bb Parmi les interventions, l&rsquo;une particuli\u00e8rement int\u00e9ressante a \u00e9t\u00e9 prononc\u00e9e par Anna Maria Benedetti, une Italienne r\u00e9sidant dans la Principaut\u00e9 de Monaco qui, avec son mari Eugenio, a fond\u00e9 il y a des ann\u00e9es l&rsquo;Association de Bienfaisance Eugenio Benedetti Gaglio, sp\u00e9cifiquement pour soutenir financi\u00e8rement des ateliers d&rsquo;art-th\u00e9rapie pour les patients hospitalis\u00e9s ou assist\u00e9s par un personnel sp\u00e9cialis\u00e9 \u00e0 l&rsquo;H\u00f4pital de la Princesse Grace de Monaco (CHPG). \u00ab\u00a0Dans la Principaut\u00e9, nous sommes vraiment heureux de faciliter l&rsquo;acc\u00e8s, pour ceux qui en ont besoin, \u00e0 des cours d&rsquo;art-th\u00e9rapie, structur\u00e9s pour apporter du r\u00e9confort \u00e0 leur malaise psychologique-\u00e9motionnel existentiel. Les \u0153uvres artistiques cr\u00e9\u00e9es avec le soutien des th\u00e9rapeutes se sont r\u00e9v\u00e9l\u00e9es \u00eatre un moyen efficace pour l&rsquo;expression et la communication de leur monde int\u00e9rieur. Nous pouvons \u00e9galement dire qu&rsquo;elles peuvent \u00eatre des actes th\u00e9rapeutiques fondamentaux et naturels. Cependant, s&rsquo;ils font d\u00e9faut, cela pourrait repr\u00e9senter un premier pas vers la d\u00e9tresse clinique et existentielle du patient,\u00a0\u00bb a soulign\u00e9 Mme Benedetti, qui a ensuite cit\u00e9 \u00e0 la fois Freud et Jung pour rappeler que tous deux ont mis en valeur l&rsquo;expression artistique et le processus cr\u00e9atif de l&rsquo;individu \u00ab\u00a0au point de cr\u00e9er une m\u00e9thode bas\u00e9e sur la m\u00eame composante expressive et th\u00e9rapeutique.\u00a0\u00bb Gr\u00e2ce \u00e0 l&rsquo;Association de Bienfaisance Eugenio Benedetti Gaglio, depuis des ann\u00e9es maintenant, des dizaines de personnes ont b\u00e9n\u00e9fici\u00e9 de ces ateliers, sous la supervision attentive du Dr Val\u00e9rie Aubin, qui dirige les D\u00e9partements de Psychiatrie 1 et 2 au CHPG. \u00ab\u00a0L&rsquo;art-th\u00e9rapie peut \u00eatre une cl\u00e9 pour le chemin que nous empruntons. De plus, elle offre \u00e9galement l&rsquo;avantage d&rsquo;\u00eatre \u00e0 la fois ludique et joyeuse, fondamentale pour l&rsquo;attention au ici et maintenant, presque comme une m\u00e9ditation personnalis\u00e9e,\u00a0\u00bb a d\u00e9clar\u00e9 Mme Anna Maria, qui a conclu son discours en disant que si la musicoth\u00e9rapie et la danse-th\u00e9rapie (ou la gymnastique artistique) ont leur place sp\u00e9cifique, dans les th\u00e9rapies artistiques, l&rsquo;utilisation de diverses techniques, telles que la peinture ou l&rsquo;argile, mais aussi l&rsquo;\u00e9criture et la photographie et m\u00eame le collage, sont importantes sinon fondamentales. La beaut\u00e9 &lsquo;gu\u00e9rit&rsquo; l&rsquo;\u00e2me et ainsi la beaut\u00e9 devient une affaire de c\u0153ur. Citant Paul Klee, n&rsquo;oublions pas que l&rsquo;art ne reproduit pas ce qui est visible, mais rend visible ce qui ne l&rsquo;est pas. Pour ces raisons et d&rsquo;autres encore, notre Association, en \u00e9troite collaboration avec le CHPG, entend ouvrir de nouvelles voies \u00e0 l&rsquo;art-th\u00e9rapie pour le bien-\u00eatre des patients et pour la pr\u00e9vention de la d\u00e9tresse mentale qui touche les personnes admises dans cette structure hospitali\u00e8re, \u00e0 laquelle nous allouons r\u00e9guli\u00e8rement des fonds n\u00e9cessaires pour apporter un soutien \u00e0 ceux dans le besoin.\u00a0\u00bb<\/p>\n<\/div>\n<\/div>\n<\/div>\n<\/div>\n<\/div>\n<\/div>\n<\/div>\n<\/div>\n<\/div>\n<\/div>\n<\/div>\n<\/div>\n","protected":false},"excerpt":{"rendered":"<p>La Journ\u00e9e mondiale du trouble bipolaire, g\u00e9n\u00e9ralement observ\u00e9e le 30 mars, co\u00efncide avec l&rsquo;anniversaire de Vincent Van Gogh, l&#8217;embl\u00e8me par excellence de l&rsquo;artiste tourment\u00e9. \u00c0 Monaco cette ann\u00e9e, pour aborder avec des experts du domaine les implications que ce trouble peut avoir, une conf\u00e9rence-d\u00e9bat [&hellip;]<\/p>\n","protected":false},"author":1,"featured_media":10071,"comment_status":"closed","ping_status":"closed","sticky":false,"template":"","format":"standard","meta":{"footnotes":""},"categories":[875,867],"tags":[],"class_list":["post-10075","post","type-post","status-publish","format-standard","has-post-thumbnail","hentry","category-actualite-monaco","category-monaco-fr"],"yoast_head":"<!-- This site is optimized with the Yoast SEO plugin v27.4 - https:\/\/yoast.com\/product\/yoast-seo-wordpress\/ -->\n<title>Art-th\u00e9rapie : \u00e0 Monaco, c&#039;est essentiel, gr\u00e2ce \u00e0 l&#039;Association de Bienfaisance Eugenio Benedetti Gaglio.<\/title>\n<meta name=\"description\" content=\"La Journ\u00e9e mondiale du trouble bipolaire, g\u00e9n\u00e9ralement observ\u00e9e le 30 mars, co\u00efncide avec l&#039;anniversaire de Vincent Van Gogh, l&#039;embl\u00e8me par excellence de\" \/>\n<meta name=\"robots\" content=\"index, follow, max-snippet:-1, max-image-preview:large, max-video-preview:-1\" \/>\n<link rel=\"canonical\" href=\"https:\/\/montecarloliving.com\/fr\/monaco-fr\/art-therapie-monaco-cest-essentiel-grace-lassociation-de-bienfaisance-eugenio-benedetti-gaglio-10075\/\" \/>\n<meta property=\"og:locale\" content=\"fr_FR\" \/>\n<meta property=\"og:title\" content=\"Art-th\u00e9rapie : \u00e0 Monaco, c&#039;est essentiel, gr\u00e2ce \u00e0 l&#039;Association de Bienfaisance Eugenio Benedetti Gaglio.\" \/>\n<meta property=\"og:description\" content=\"La Journ\u00e9e mondiale du trouble bipolaire, g\u00e9n\u00e9ralement observ\u00e9e le 30 mars, co\u00efncide avec l&#039;anniversaire de Vincent Van Gogh, l&#039;embl\u00e8me par excellence de\" \/>\n<meta property=\"og:url\" content=\"https:\/\/montecarloliving.com\/fr\/monaco-fr\/art-therapie-monaco-cest-essentiel-grace-lassociation-de-bienfaisance-eugenio-benedetti-gaglio-10075\/\" \/>\n<meta property=\"og:site_name\" content=\"Montecarlo Living\" \/>\n<meta property=\"article:publisher\" content=\"https:\/\/www.facebook.com\/montecarlolivingcom\/\" \/>\n<meta property=\"article:published_time\" content=\"2024-04-08T08:46:52+00:00\" \/>\n<meta property=\"article:modified_time\" content=\"2024-04-08T08:51:01+00:00\" \/>\n<meta property=\"og:image\" content=\"https:\/\/montecarloliving.com\/wp-content\/uploads\/2024\/04\/IMG-20240405-WA0053-650x400.jpg\" \/>\n\t<meta property=\"og:image:width\" content=\"650\" \/>\n\t<meta property=\"og:image:height\" content=\"400\" \/>\n\t<meta property=\"og:image:type\" content=\"image\/jpeg\" \/>\n<meta name=\"author\" content=\"Redazione\" \/>\n<meta name=\"twitter:card\" content=\"summary_large_image\" \/>\n<meta name=\"twitter:creator\" content=\"@MonteCarloLivi\" \/>\n<meta name=\"twitter:site\" content=\"@MonteCarloLivi\" \/>\n<meta name=\"twitter:label1\" content=\"\u00c9crit par\" \/>\n\t<meta name=\"twitter:data1\" content=\"Redazione\" \/>\n\t<meta name=\"twitter:label2\" content=\"Dur\u00e9e de lecture estim\u00e9e\" \/>\n\t<meta name=\"twitter:data2\" content=\"3 minutes\" \/>\n<script type=\"application\/ld+json\" class=\"yoast-schema-graph\">{\"@context\":\"https:\\\/\\\/schema.org\",\"@graph\":[{\"@type\":\"Article\",\"@id\":\"https:\\\/\\\/montecarloliving.com\\\/fr\\\/monaco-fr\\\/art-therapie-monaco-cest-essentiel-grace-lassociation-de-bienfaisance-eugenio-benedetti-gaglio-10075\\\/#article\",\"isPartOf\":{\"@id\":\"https:\\\/\\\/montecarloliving.com\\\/fr\\\/monaco-fr\\\/art-therapie-monaco-cest-essentiel-grace-lassociation-de-bienfaisance-eugenio-benedetti-gaglio-10075\\\/\"},\"author\":{\"name\":\"Redazione\",\"@id\":\"https:\\\/\\\/montecarloliving.com\\\/fr\\\/#\\\/schema\\\/person\\\/7e5945d4560862b7f2d2c6831bda2819\"},\"headline\":\"Art-th\u00e9rapie : \u00e0 Monaco, c&rsquo;est essentiel, gr\u00e2ce \u00e0 l&rsquo;Association de Bienfaisance Eugenio Benedetti Gaglio.\",\"datePublished\":\"2024-04-08T08:46:52+00:00\",\"dateModified\":\"2024-04-08T08:51:01+00:00\",\"mainEntityOfPage\":{\"@id\":\"https:\\\/\\\/montecarloliving.com\\\/fr\\\/monaco-fr\\\/art-therapie-monaco-cest-essentiel-grace-lassociation-de-bienfaisance-eugenio-benedetti-gaglio-10075\\\/\"},\"wordCount\":582,\"image\":{\"@id\":\"https:\\\/\\\/montecarloliving.com\\\/fr\\\/monaco-fr\\\/art-therapie-monaco-cest-essentiel-grace-lassociation-de-bienfaisance-eugenio-benedetti-gaglio-10075\\\/#primaryimage\"},\"thumbnailUrl\":\"https:\\\/\\\/montecarloliving.com\\\/wp-content\\\/uploads\\\/2024\\\/04\\\/IMG-20240405-WA0053.jpg\",\"articleSection\":[\"Actualit\u00e9 \u00e0 Monaco\",\"Monaco\"],\"inLanguage\":\"fr-FR\"},{\"@type\":\"WebPage\",\"@id\":\"https:\\\/\\\/montecarloliving.com\\\/fr\\\/monaco-fr\\\/art-therapie-monaco-cest-essentiel-grace-lassociation-de-bienfaisance-eugenio-benedetti-gaglio-10075\\\/\",\"url\":\"https:\\\/\\\/montecarloliving.com\\\/fr\\\/monaco-fr\\\/art-therapie-monaco-cest-essentiel-grace-lassociation-de-bienfaisance-eugenio-benedetti-gaglio-10075\\\/\",\"name\":\"Art-th\u00e9rapie : \u00e0 Monaco, c'est essentiel, gr\u00e2ce \u00e0 l'Association de Bienfaisance Eugenio Benedetti Gaglio.\",\"isPartOf\":{\"@id\":\"https:\\\/\\\/montecarloliving.com\\\/fr\\\/#website\"},\"primaryImageOfPage\":{\"@id\":\"https:\\\/\\\/montecarloliving.com\\\/fr\\\/monaco-fr\\\/art-therapie-monaco-cest-essentiel-grace-lassociation-de-bienfaisance-eugenio-benedetti-gaglio-10075\\\/#primaryimage\"},\"image\":{\"@id\":\"https:\\\/\\\/montecarloliving.com\\\/fr\\\/monaco-fr\\\/art-therapie-monaco-cest-essentiel-grace-lassociation-de-bienfaisance-eugenio-benedetti-gaglio-10075\\\/#primaryimage\"},\"thumbnailUrl\":\"https:\\\/\\\/montecarloliving.com\\\/wp-content\\\/uploads\\\/2024\\\/04\\\/IMG-20240405-WA0053.jpg\",\"datePublished\":\"2024-04-08T08:46:52+00:00\",\"dateModified\":\"2024-04-08T08:51:01+00:00\",\"author\":{\"@id\":\"https:\\\/\\\/montecarloliving.com\\\/fr\\\/#\\\/schema\\\/person\\\/7e5945d4560862b7f2d2c6831bda2819\"},\"description\":\"La Journ\u00e9e mondiale du trouble bipolaire, g\u00e9n\u00e9ralement observ\u00e9e le 30 mars, co\u00efncide avec l'anniversaire de Vincent Van Gogh, l'embl\u00e8me par excellence de\",\"breadcrumb\":{\"@id\":\"https:\\\/\\\/montecarloliving.com\\\/fr\\\/monaco-fr\\\/art-therapie-monaco-cest-essentiel-grace-lassociation-de-bienfaisance-eugenio-benedetti-gaglio-10075\\\/#breadcrumb\"},\"inLanguage\":\"fr-FR\",\"potentialAction\":[{\"@type\":\"ReadAction\",\"target\":[\"https:\\\/\\\/montecarloliving.com\\\/fr\\\/monaco-fr\\\/art-therapie-monaco-cest-essentiel-grace-lassociation-de-bienfaisance-eugenio-benedetti-gaglio-10075\\\/\"]}]},{\"@type\":\"ImageObject\",\"inLanguage\":\"fr-FR\",\"@id\":\"https:\\\/\\\/montecarloliving.com\\\/fr\\\/monaco-fr\\\/art-therapie-monaco-cest-essentiel-grace-lassociation-de-bienfaisance-eugenio-benedetti-gaglio-10075\\\/#primaryimage\",\"url\":\"https:\\\/\\\/montecarloliving.com\\\/wp-content\\\/uploads\\\/2024\\\/04\\\/IMG-20240405-WA0053.jpg\",\"contentUrl\":\"https:\\\/\\\/montecarloliving.com\\\/wp-content\\\/uploads\\\/2024\\\/04\\\/IMG-20240405-WA0053.jpg\",\"width\":1600,\"height\":1205},{\"@type\":\"BreadcrumbList\",\"@id\":\"https:\\\/\\\/montecarloliving.com\\\/fr\\\/monaco-fr\\\/art-therapie-monaco-cest-essentiel-grace-lassociation-de-bienfaisance-eugenio-benedetti-gaglio-10075\\\/#breadcrumb\",\"itemListElement\":[{\"@type\":\"ListItem\",\"position\":1,\"name\":\"Home\",\"item\":\"https:\\\/\\\/montecarloliving.com\\\/fr\\\/\"},{\"@type\":\"ListItem\",\"position\":2,\"name\":\"Art-th\u00e9rapie : \u00e0 Monaco, c&#8217;est essentiel, gr\u00e2ce \u00e0 l&#8217;Association de Bienfaisance Eugenio Benedetti Gaglio.\"}]},{\"@type\":\"WebSite\",\"@id\":\"https:\\\/\\\/montecarloliving.com\\\/fr\\\/#website\",\"url\":\"https:\\\/\\\/montecarloliving.com\\\/fr\\\/\",\"name\":\"Montecarlo Living\",\"description\":\"News da Montecarlo - Principato di Monaco e Costa Azzurra\",\"potentialAction\":[{\"@type\":\"SearchAction\",\"target\":{\"@type\":\"EntryPoint\",\"urlTemplate\":\"https:\\\/\\\/montecarloliving.com\\\/fr\\\/?s={search_term_string}\"},\"query-input\":{\"@type\":\"PropertyValueSpecification\",\"valueRequired\":true,\"valueName\":\"search_term_string\"}}],\"inLanguage\":\"fr-FR\"},{\"@type\":\"Person\",\"@id\":\"https:\\\/\\\/montecarloliving.com\\\/fr\\\/#\\\/schema\\\/person\\\/7e5945d4560862b7f2d2c6831bda2819\",\"name\":\"Redazione\",\"image\":{\"@type\":\"ImageObject\",\"inLanguage\":\"fr-FR\",\"@id\":\"https:\\\/\\\/secure.gravatar.com\\\/avatar\\\/8b5f26557e18fe74ad8e8a57ebb2925d88af8a90cee489ff2beefb391bc9b9c7?s=96&d=mm&r=g\",\"url\":\"https:\\\/\\\/secure.gravatar.com\\\/avatar\\\/8b5f26557e18fe74ad8e8a57ebb2925d88af8a90cee489ff2beefb391bc9b9c7?s=96&d=mm&r=g\",\"contentUrl\":\"https:\\\/\\\/secure.gravatar.com\\\/avatar\\\/8b5f26557e18fe74ad8e8a57ebb2925d88af8a90cee489ff2beefb391bc9b9c7?s=96&d=mm&r=g\",\"caption\":\"Redazione\"}}]}<\/script>\n<!-- \/ Yoast SEO plugin. -->","yoast_head_json":{"title":"Art-th\u00e9rapie : \u00e0 Monaco, c'est essentiel, gr\u00e2ce \u00e0 l'Association de Bienfaisance Eugenio Benedetti Gaglio.","description":"La Journ\u00e9e mondiale du trouble bipolaire, g\u00e9n\u00e9ralement observ\u00e9e le 30 mars, co\u00efncide avec l'anniversaire de Vincent Van Gogh, l'embl\u00e8me par excellence de","robots":{"index":"index","follow":"follow","max-snippet":"max-snippet:-1","max-image-preview":"max-image-preview:large","max-video-preview":"max-video-preview:-1"},"canonical":"https:\/\/montecarloliving.com\/fr\/monaco-fr\/art-therapie-monaco-cest-essentiel-grace-lassociation-de-bienfaisance-eugenio-benedetti-gaglio-10075\/","og_locale":"fr_FR","og_title":"Art-th\u00e9rapie : \u00e0 Monaco, c'est essentiel, gr\u00e2ce \u00e0 l'Association de Bienfaisance Eugenio Benedetti Gaglio.","og_description":"La Journ\u00e9e mondiale du trouble bipolaire, g\u00e9n\u00e9ralement observ\u00e9e le 30 mars, co\u00efncide avec l'anniversaire de Vincent Van Gogh, l'embl\u00e8me par excellence de","og_url":"https:\/\/montecarloliving.com\/fr\/monaco-fr\/art-therapie-monaco-cest-essentiel-grace-lassociation-de-bienfaisance-eugenio-benedetti-gaglio-10075\/","og_site_name":"Montecarlo Living","article_publisher":"https:\/\/www.facebook.com\/montecarlolivingcom\/","article_published_time":"2024-04-08T08:46:52+00:00","article_modified_time":"2024-04-08T08:51:01+00:00","og_image":[{"width":650,"height":400,"url":"https:\/\/montecarloliving.com\/wp-content\/uploads\/2024\/04\/IMG-20240405-WA0053-650x400.jpg","type":"image\/jpeg"}],"author":"Redazione","twitter_card":"summary_large_image","twitter_creator":"@MonteCarloLivi","twitter_site":"@MonteCarloLivi","twitter_misc":{"\u00c9crit par":"Redazione","Dur\u00e9e de lecture estim\u00e9e":"3 minutes"},"schema":{"@context":"https:\/\/schema.org","@graph":[{"@type":"Article","@id":"https:\/\/montecarloliving.com\/fr\/monaco-fr\/art-therapie-monaco-cest-essentiel-grace-lassociation-de-bienfaisance-eugenio-benedetti-gaglio-10075\/#article","isPartOf":{"@id":"https:\/\/montecarloliving.com\/fr\/monaco-fr\/art-therapie-monaco-cest-essentiel-grace-lassociation-de-bienfaisance-eugenio-benedetti-gaglio-10075\/"},"author":{"name":"Redazione","@id":"https:\/\/montecarloliving.com\/fr\/#\/schema\/person\/7e5945d4560862b7f2d2c6831bda2819"},"headline":"Art-th\u00e9rapie : \u00e0 Monaco, c&rsquo;est essentiel, gr\u00e2ce \u00e0 l&rsquo;Association de Bienfaisance Eugenio Benedetti Gaglio.","datePublished":"2024-04-08T08:46:52+00:00","dateModified":"2024-04-08T08:51:01+00:00","mainEntityOfPage":{"@id":"https:\/\/montecarloliving.com\/fr\/monaco-fr\/art-therapie-monaco-cest-essentiel-grace-lassociation-de-bienfaisance-eugenio-benedetti-gaglio-10075\/"},"wordCount":582,"image":{"@id":"https:\/\/montecarloliving.com\/fr\/monaco-fr\/art-therapie-monaco-cest-essentiel-grace-lassociation-de-bienfaisance-eugenio-benedetti-gaglio-10075\/#primaryimage"},"thumbnailUrl":"https:\/\/montecarloliving.com\/wp-content\/uploads\/2024\/04\/IMG-20240405-WA0053.jpg","articleSection":["Actualit\u00e9 \u00e0 Monaco","Monaco"],"inLanguage":"fr-FR"},{"@type":"WebPage","@id":"https:\/\/montecarloliving.com\/fr\/monaco-fr\/art-therapie-monaco-cest-essentiel-grace-lassociation-de-bienfaisance-eugenio-benedetti-gaglio-10075\/","url":"https:\/\/montecarloliving.com\/fr\/monaco-fr\/art-therapie-monaco-cest-essentiel-grace-lassociation-de-bienfaisance-eugenio-benedetti-gaglio-10075\/","name":"Art-th\u00e9rapie : \u00e0 Monaco, c'est essentiel, gr\u00e2ce \u00e0 l'Association de Bienfaisance Eugenio Benedetti Gaglio.","isPartOf":{"@id":"https:\/\/montecarloliving.com\/fr\/#website"},"primaryImageOfPage":{"@id":"https:\/\/montecarloliving.com\/fr\/monaco-fr\/art-therapie-monaco-cest-essentiel-grace-lassociation-de-bienfaisance-eugenio-benedetti-gaglio-10075\/#primaryimage"},"image":{"@id":"https:\/\/montecarloliving.com\/fr\/monaco-fr\/art-therapie-monaco-cest-essentiel-grace-lassociation-de-bienfaisance-eugenio-benedetti-gaglio-10075\/#primaryimage"},"thumbnailUrl":"https:\/\/montecarloliving.com\/wp-content\/uploads\/2024\/04\/IMG-20240405-WA0053.jpg","datePublished":"2024-04-08T08:46:52+00:00","dateModified":"2024-04-08T08:51:01+00:00","author":{"@id":"https:\/\/montecarloliving.com\/fr\/#\/schema\/person\/7e5945d4560862b7f2d2c6831bda2819"},"description":"La Journ\u00e9e mondiale du trouble bipolaire, g\u00e9n\u00e9ralement observ\u00e9e le 30 mars, co\u00efncide avec l'anniversaire de Vincent Van Gogh, l'embl\u00e8me par excellence de","breadcrumb":{"@id":"https:\/\/montecarloliving.com\/fr\/monaco-fr\/art-therapie-monaco-cest-essentiel-grace-lassociation-de-bienfaisance-eugenio-benedetti-gaglio-10075\/#breadcrumb"},"inLanguage":"fr-FR","potentialAction":[{"@type":"ReadAction","target":["https:\/\/montecarloliving.com\/fr\/monaco-fr\/art-therapie-monaco-cest-essentiel-grace-lassociation-de-bienfaisance-eugenio-benedetti-gaglio-10075\/"]}]},{"@type":"ImageObject","inLanguage":"fr-FR","@id":"https:\/\/montecarloliving.com\/fr\/monaco-fr\/art-therapie-monaco-cest-essentiel-grace-lassociation-de-bienfaisance-eugenio-benedetti-gaglio-10075\/#primaryimage","url":"https:\/\/montecarloliving.com\/wp-content\/uploads\/2024\/04\/IMG-20240405-WA0053.jpg","contentUrl":"https:\/\/montecarloliving.com\/wp-content\/uploads\/2024\/04\/IMG-20240405-WA0053.jpg","width":1600,"height":1205},{"@type":"BreadcrumbList","@id":"https:\/\/montecarloliving.com\/fr\/monaco-fr\/art-therapie-monaco-cest-essentiel-grace-lassociation-de-bienfaisance-eugenio-benedetti-gaglio-10075\/#breadcrumb","itemListElement":[{"@type":"ListItem","position":1,"name":"Home","item":"https:\/\/montecarloliving.com\/fr\/"},{"@type":"ListItem","position":2,"name":"Art-th\u00e9rapie : \u00e0 Monaco, c&#8217;est essentiel, gr\u00e2ce \u00e0 l&#8217;Association de Bienfaisance Eugenio Benedetti Gaglio."}]},{"@type":"WebSite","@id":"https:\/\/montecarloliving.com\/fr\/#website","url":"https:\/\/montecarloliving.com\/fr\/","name":"Montecarlo Living","description":"News da Montecarlo - Principato di Monaco e Costa Azzurra","potentialAction":[{"@type":"SearchAction","target":{"@type":"EntryPoint","urlTemplate":"https:\/\/montecarloliving.com\/fr\/?s={search_term_string}"},"query-input":{"@type":"PropertyValueSpecification","valueRequired":true,"valueName":"search_term_string"}}],"inLanguage":"fr-FR"},{"@type":"Person","@id":"https:\/\/montecarloliving.com\/fr\/#\/schema\/person\/7e5945d4560862b7f2d2c6831bda2819","name":"Redazione","image":{"@type":"ImageObject","inLanguage":"fr-FR","@id":"https:\/\/secure.gravatar.com\/avatar\/8b5f26557e18fe74ad8e8a57ebb2925d88af8a90cee489ff2beefb391bc9b9c7?s=96&d=mm&r=g","url":"https:\/\/secure.gravatar.com\/avatar\/8b5f26557e18fe74ad8e8a57ebb2925d88af8a90cee489ff2beefb391bc9b9c7?s=96&d=mm&r=g","contentUrl":"https:\/\/secure.gravatar.com\/avatar\/8b5f26557e18fe74ad8e8a57ebb2925d88af8a90cee489ff2beefb391bc9b9c7?s=96&d=mm&r=g","caption":"Redazione"}}]}},"_links":{"self":[{"href":"https:\/\/montecarloliving.com\/fr\/wp-json\/wp\/v2\/posts\/10075","targetHints":{"allow":["GET"]}}],"collection":[{"href":"https:\/\/montecarloliving.com\/fr\/wp-json\/wp\/v2\/posts"}],"about":[{"href":"https:\/\/montecarloliving.com\/fr\/wp-json\/wp\/v2\/types\/post"}],"author":[{"embeddable":true,"href":"https:\/\/montecarloliving.com\/fr\/wp-json\/wp\/v2\/users\/1"}],"replies":[{"embeddable":true,"href":"https:\/\/montecarloliving.com\/fr\/wp-json\/wp\/v2\/comments?post=10075"}],"version-history":[{"count":1,"href":"https:\/\/montecarloliving.com\/fr\/wp-json\/wp\/v2\/posts\/10075\/revisions"}],"predecessor-version":[{"id":10076,"href":"https:\/\/montecarloliving.com\/fr\/wp-json\/wp\/v2\/posts\/10075\/revisions\/10076"}],"wp:featuredmedia":[{"embeddable":true,"href":"https:\/\/montecarloliving.com\/fr\/wp-json\/wp\/v2\/media\/10071"}],"wp:attachment":[{"href":"https:\/\/montecarloliving.com\/fr\/wp-json\/wp\/v2\/media?parent=10075"}],"wp:term":[{"taxonomy":"category","embeddable":true,"href":"https:\/\/montecarloliving.com\/fr\/wp-json\/wp\/v2\/categories?post=10075"},{"taxonomy":"post_tag","embeddable":true,"href":"https:\/\/montecarloliving.com\/fr\/wp-json\/wp\/v2\/tags?post=10075"}],"curies":[{"name":"wp","href":"https:\/\/api.w.org\/{rel}","templated":true}]}}