{"id":9683,"date":"2024-04-17T11:20:29","date_gmt":"2024-04-17T09:20:29","guid":{"rendered":"https:\/\/montecarloliving.com\/?p=9683"},"modified":"2024-03-28T12:26:38","modified_gmt":"2024-03-28T11:26:38","slug":"marine-wallons-exhibition-at-the-catherine-issert-gallery-in-saint-paul-de-vence","status":"publish","type":"post","link":"https:\/\/montecarloliving.com\/en\/events\/marine-wallons-exhibition-at-the-catherine-issert-gallery-in-saint-paul-de-vence-9683\/","title":{"rendered":"Marine Wallon&#8217;s solo exhibition at the Catherine Issert gallery in Saint Paul de Vence"},"content":{"rendered":"<p>After exhibiting Marine Wallon&#8217;s work in collective exhibitions in 2020 and 2021, <strong>the Catherine Issert gallery in Saint-Paul-de-Vence dedicates a solo exhibition to the artist for the first time from June 29th to August 31st, 2024.<\/strong><\/p>\n<p>Her paintings, rich in references to cinema and oscillating between landscapes and abstract compositions, take center stage in a unique exhibition, alongside her work on paper, representing another aspect of her artistic vigor.<\/p>\n<p>From suspended moments to a surge of material, from a still image to an explosion of gestures, the visitor is confronted with a universe that is both concrete and imaginary.<\/p>\n<p>Marine Wallon belongs to the new French figurative scene and ventures into assertive abstraction that evolves on crest lines.<\/p>\n<p>Her painting\u2014her preferred medium since the mid-2010s\u2014captures suspended moments and movement, the vibrant abundance of elements.<\/p>\n<p>It unfolds distant and exotic horizons with evocative titles as much as it imposes the uncompromising frontality of raw painterly matter.<\/p>\n<p>It is in this incomparably controlled tension that the visitor delights, with eyes turned to the painting itself, while the freest imagination surrenders to the restless narration of enigmatic scenes.<\/p>\n<p>Marine Wallon (born in 1985) lives and works in Paris. Graduated from the \u00c9cole Nationale Sup\u00e9rieure des Beaux-Arts in Paris in 2009, she initially focused on watercolor, then underwent a turning point that led her to concentrate on the use of oil painting. The artist, who has regularly participated in solo and group exhibitions in France and abroad, has seen her productions recognized by numerous awards.<\/p>\n<p>In particular, she was the winner of the 11th Jean-Fran\u00e7ois Prat Prize in 2022 and, in 2019, the co-winner of the Moly-Sabata Prize.<\/p>\n<p>More recently, she was nominated for the 2023 Drawing Now Prize. In 2022, she was invited by the Calcographie du Louvre to create an engraving.<\/p>\n<p>Her work, represented by the Catherine Issert gallery (Saint-Paul-de-Vence) and Stoppenbach &amp; Delestre (London), is part of public and private collections (Chalcographie du Louvre, Fondation Colas, City of Vitry-sur-Seine\/depot from MACVAL, Art Library of Annecy, Soci\u00e9t\u00e9 G\u00e9n\u00e9rale collection, Moly-Sabata funds).<\/p>\n<p>The artist has benefited from numerous solo exhibitions in recent years, for example, at Stoppenbach &amp; Delestre (London, 2021), at the Galerie Catherine Issert (Saint-Paul-de-Vence, 2021), or at Point Commun (Annecy, 2019).<\/p>\n<p><strong>The Galerie Catherine Issert, located in Saint-Paul-de-Vence on Route des Serres 2, will host a solo exhibition by Marine Wallon from June 29th to August 31st, 2024.<\/strong><\/p>\n","protected":false},"excerpt":{"rendered":"<p>After exhibiting Marine Wallon&#8217;s work in collective exhibitions in 2020 and 2021, the Catherine Issert gallery in Saint-Paul-de-Vence dedicates a solo exhibition to the artist for the first time from June 29th to August 31st, 2024. Her paintings, rich in references to cinema and [&hellip;]<\/p>\n","protected":false},"author":1,"featured_media":9680,"comment_status":"closed","ping_status":"closed","sticky":false,"template":"","format":"standard","meta":{"footnotes":""},"categories":[850],"tags":[],"class_list":["post-9683","post","type-post","status-publish","format-standard","has-post-thumbnail","hentry","category-events"],"yoast_head":"<!-- This site is optimized with the Yoast SEO plugin v27.5 - https:\/\/yoast.com\/product\/yoast-seo-wordpress\/ -->\n<title>Marine Wallon&#039;s solo exhibition at the Catherine Issert gallery in Saint Paul de Vence<\/title>\n<meta name=\"description\" content=\"After exhibiting Marine Wallon&#039;s work in collective exhibitions in 2020 and 2021, the Catherine Issert gallery in Saint-Paul-de-Vence dedicates a solo\" \/>\n<meta name=\"robots\" content=\"index, follow, max-snippet:-1, max-image-preview:large, max-video-preview:-1\" \/>\n<link rel=\"canonical\" href=\"https:\/\/montecarloliving.com\/en\/events\/marine-wallons-exhibition-at-the-catherine-issert-gallery-in-saint-paul-de-vence-9683\/\" \/>\n<meta property=\"og:locale\" content=\"en_US\" \/>\n<meta property=\"og:title\" content=\"Marine Wallon&#039;s solo exhibition at the Catherine Issert gallery in Saint Paul de Vence\" \/>\n<meta property=\"og:description\" content=\"After exhibiting Marine Wallon&#039;s work in collective exhibitions in 2020 and 2021, the Catherine Issert gallery in Saint-Paul-de-Vence dedicates a solo\" \/>\n<meta property=\"og:url\" content=\"https:\/\/montecarloliving.com\/en\/events\/marine-wallons-exhibition-at-the-catherine-issert-gallery-in-saint-paul-de-vence-9683\/\" \/>\n<meta property=\"og:site_name\" content=\"Montecarlo Living\" \/>\n<meta property=\"article:publisher\" content=\"https:\/\/www.facebook.com\/montecarlolivingcom\/\" \/>\n<meta property=\"article:published_time\" content=\"2024-04-17T09:20:29+00:00\" \/>\n<meta property=\"og:image\" content=\"https:\/\/montecarloliving.com\/wp-content\/uploads\/2024\/03\/portrait-marine-wallon_vincent-ferrane--650x400.webp\" \/>\n\t<meta property=\"og:image:width\" content=\"650\" \/>\n\t<meta property=\"og:image:height\" content=\"400\" \/>\n\t<meta property=\"og:image:type\" content=\"image\/webp\" \/>\n<meta name=\"author\" content=\"Redazione\" \/>\n<meta name=\"twitter:card\" content=\"summary_large_image\" \/>\n<meta name=\"twitter:creator\" content=\"@MonteCarloLivi\" \/>\n<meta name=\"twitter:site\" content=\"@MonteCarloLivi\" \/>\n<meta name=\"twitter:label1\" content=\"Written by\" \/>\n\t<meta name=\"twitter:data1\" content=\"Redazione\" \/>\n\t<meta name=\"twitter:label2\" content=\"Est. reading time\" \/>\n\t<meta name=\"twitter:data2\" content=\"3 minutes\" \/>\n<script type=\"application\/ld+json\" class=\"yoast-schema-graph\">{\"@context\":\"https:\\\/\\\/schema.org\",\"@graph\":[{\"@type\":\"Article\",\"@id\":\"https:\\\/\\\/montecarloliving.com\\\/en\\\/events\\\/marine-wallons-exhibition-at-the-catherine-issert-gallery-in-saint-paul-de-vence-9683\\\/#article\",\"isPartOf\":{\"@id\":\"https:\\\/\\\/montecarloliving.com\\\/en\\\/events\\\/marine-wallons-exhibition-at-the-catherine-issert-gallery-in-saint-paul-de-vence-9683\\\/\"},\"author\":{\"name\":\"Redazione\",\"@id\":\"https:\\\/\\\/montecarloliving.com\\\/en\\\/#\\\/schema\\\/person\\\/7e5945d4560862b7f2d2c6831bda2819\"},\"headline\":\"Marine Wallon&#8217;s solo exhibition at the Catherine Issert gallery in Saint Paul de Vence\",\"datePublished\":\"2024-04-17T09:20:29+00:00\",\"mainEntityOfPage\":{\"@id\":\"https:\\\/\\\/montecarloliving.com\\\/en\\\/events\\\/marine-wallons-exhibition-at-the-catherine-issert-gallery-in-saint-paul-de-vence-9683\\\/\"},\"wordCount\":409,\"image\":{\"@id\":\"https:\\\/\\\/montecarloliving.com\\\/en\\\/events\\\/marine-wallons-exhibition-at-the-catherine-issert-gallery-in-saint-paul-de-vence-9683\\\/#primaryimage\"},\"thumbnailUrl\":\"https:\\\/\\\/montecarloliving.com\\\/wp-content\\\/uploads\\\/2024\\\/03\\\/portrait-marine-wallon_vincent-ferrane-.webp\",\"articleSection\":[\"Events\"],\"inLanguage\":\"en-US\"},{\"@type\":\"WebPage\",\"@id\":\"https:\\\/\\\/montecarloliving.com\\\/en\\\/events\\\/marine-wallons-exhibition-at-the-catherine-issert-gallery-in-saint-paul-de-vence-9683\\\/\",\"url\":\"https:\\\/\\\/montecarloliving.com\\\/en\\\/events\\\/marine-wallons-exhibition-at-the-catherine-issert-gallery-in-saint-paul-de-vence-9683\\\/\",\"name\":\"Marine Wallon's solo exhibition at the Catherine Issert gallery in Saint Paul de Vence\",\"isPartOf\":{\"@id\":\"https:\\\/\\\/montecarloliving.com\\\/en\\\/#website\"},\"primaryImageOfPage\":{\"@id\":\"https:\\\/\\\/montecarloliving.com\\\/en\\\/events\\\/marine-wallons-exhibition-at-the-catherine-issert-gallery-in-saint-paul-de-vence-9683\\\/#primaryimage\"},\"image\":{\"@id\":\"https:\\\/\\\/montecarloliving.com\\\/en\\\/events\\\/marine-wallons-exhibition-at-the-catherine-issert-gallery-in-saint-paul-de-vence-9683\\\/#primaryimage\"},\"thumbnailUrl\":\"https:\\\/\\\/montecarloliving.com\\\/wp-content\\\/uploads\\\/2024\\\/03\\\/portrait-marine-wallon_vincent-ferrane-.webp\",\"datePublished\":\"2024-04-17T09:20:29+00:00\",\"author\":{\"@id\":\"https:\\\/\\\/montecarloliving.com\\\/en\\\/#\\\/schema\\\/person\\\/7e5945d4560862b7f2d2c6831bda2819\"},\"description\":\"After exhibiting Marine Wallon's work in collective exhibitions in 2020 and 2021, the Catherine Issert gallery in Saint-Paul-de-Vence dedicates a solo\",\"breadcrumb\":{\"@id\":\"https:\\\/\\\/montecarloliving.com\\\/en\\\/events\\\/marine-wallons-exhibition-at-the-catherine-issert-gallery-in-saint-paul-de-vence-9683\\\/#breadcrumb\"},\"inLanguage\":\"en-US\",\"potentialAction\":[{\"@type\":\"ReadAction\",\"target\":[\"https:\\\/\\\/montecarloliving.com\\\/en\\\/events\\\/marine-wallons-exhibition-at-the-catherine-issert-gallery-in-saint-paul-de-vence-9683\\\/\"]}]},{\"@type\":\"ImageObject\",\"inLanguage\":\"en-US\",\"@id\":\"https:\\\/\\\/montecarloliving.com\\\/en\\\/events\\\/marine-wallons-exhibition-at-the-catherine-issert-gallery-in-saint-paul-de-vence-9683\\\/#primaryimage\",\"url\":\"https:\\\/\\\/montecarloliving.com\\\/wp-content\\\/uploads\\\/2024\\\/03\\\/portrait-marine-wallon_vincent-ferrane-.webp\",\"contentUrl\":\"https:\\\/\\\/montecarloliving.com\\\/wp-content\\\/uploads\\\/2024\\\/03\\\/portrait-marine-wallon_vincent-ferrane-.webp\",\"width\":1200,\"height\":630},{\"@type\":\"BreadcrumbList\",\"@id\":\"https:\\\/\\\/montecarloliving.com\\\/en\\\/events\\\/marine-wallons-exhibition-at-the-catherine-issert-gallery-in-saint-paul-de-vence-9683\\\/#breadcrumb\",\"itemListElement\":[{\"@type\":\"ListItem\",\"position\":1,\"name\":\"Home\",\"item\":\"https:\\\/\\\/montecarloliving.com\\\/en\\\/\"},{\"@type\":\"ListItem\",\"position\":2,\"name\":\"Marine Wallon&#8217;s solo exhibition at the Catherine Issert gallery in Saint Paul de Vence\"}]},{\"@type\":\"WebSite\",\"@id\":\"https:\\\/\\\/montecarloliving.com\\\/en\\\/#website\",\"url\":\"https:\\\/\\\/montecarloliving.com\\\/en\\\/\",\"name\":\"Montecarlo Living\",\"description\":\"News da Montecarlo - Principato di Monaco e Costa Azzurra\",\"potentialAction\":[{\"@type\":\"SearchAction\",\"target\":{\"@type\":\"EntryPoint\",\"urlTemplate\":\"https:\\\/\\\/montecarloliving.com\\\/en\\\/?s={search_term_string}\"},\"query-input\":{\"@type\":\"PropertyValueSpecification\",\"valueRequired\":true,\"valueName\":\"search_term_string\"}}],\"inLanguage\":\"en-US\"},{\"@type\":\"Person\",\"@id\":\"https:\\\/\\\/montecarloliving.com\\\/en\\\/#\\\/schema\\\/person\\\/7e5945d4560862b7f2d2c6831bda2819\",\"name\":\"Redazione\",\"image\":{\"@type\":\"ImageObject\",\"inLanguage\":\"en-US\",\"@id\":\"https:\\\/\\\/secure.gravatar.com\\\/avatar\\\/8b5f26557e18fe74ad8e8a57ebb2925d88af8a90cee489ff2beefb391bc9b9c7?s=96&d=mm&r=g\",\"url\":\"https:\\\/\\\/secure.gravatar.com\\\/avatar\\\/8b5f26557e18fe74ad8e8a57ebb2925d88af8a90cee489ff2beefb391bc9b9c7?s=96&d=mm&r=g\",\"contentUrl\":\"https:\\\/\\\/secure.gravatar.com\\\/avatar\\\/8b5f26557e18fe74ad8e8a57ebb2925d88af8a90cee489ff2beefb391bc9b9c7?s=96&d=mm&r=g\",\"caption\":\"Redazione\"}}]}<\/script>\n<!-- \/ Yoast SEO plugin. -->","yoast_head_json":{"title":"Marine Wallon's solo exhibition at the Catherine Issert gallery in Saint Paul de Vence","description":"After exhibiting Marine Wallon's work in collective exhibitions in 2020 and 2021, the Catherine Issert gallery in Saint-Paul-de-Vence dedicates a solo","robots":{"index":"index","follow":"follow","max-snippet":"max-snippet:-1","max-image-preview":"max-image-preview:large","max-video-preview":"max-video-preview:-1"},"canonical":"https:\/\/montecarloliving.com\/en\/events\/marine-wallons-exhibition-at-the-catherine-issert-gallery-in-saint-paul-de-vence-9683\/","og_locale":"en_US","og_title":"Marine Wallon's solo exhibition at the Catherine Issert gallery in Saint Paul de Vence","og_description":"After exhibiting Marine Wallon's work in collective exhibitions in 2020 and 2021, the Catherine Issert gallery in Saint-Paul-de-Vence dedicates a solo","og_url":"https:\/\/montecarloliving.com\/en\/events\/marine-wallons-exhibition-at-the-catherine-issert-gallery-in-saint-paul-de-vence-9683\/","og_site_name":"Montecarlo Living","article_publisher":"https:\/\/www.facebook.com\/montecarlolivingcom\/","article_published_time":"2024-04-17T09:20:29+00:00","og_image":[{"width":650,"height":400,"url":"https:\/\/montecarloliving.com\/wp-content\/uploads\/2024\/03\/portrait-marine-wallon_vincent-ferrane--650x400.webp","type":"image\/webp"}],"author":"Redazione","twitter_card":"summary_large_image","twitter_creator":"@MonteCarloLivi","twitter_site":"@MonteCarloLivi","twitter_misc":{"Written by":"Redazione","Est. reading time":"3 minutes"},"schema":{"@context":"https:\/\/schema.org","@graph":[{"@type":"Article","@id":"https:\/\/montecarloliving.com\/en\/events\/marine-wallons-exhibition-at-the-catherine-issert-gallery-in-saint-paul-de-vence-9683\/#article","isPartOf":{"@id":"https:\/\/montecarloliving.com\/en\/events\/marine-wallons-exhibition-at-the-catherine-issert-gallery-in-saint-paul-de-vence-9683\/"},"author":{"name":"Redazione","@id":"https:\/\/montecarloliving.com\/en\/#\/schema\/person\/7e5945d4560862b7f2d2c6831bda2819"},"headline":"Marine Wallon&#8217;s solo exhibition at the Catherine Issert gallery in Saint Paul de Vence","datePublished":"2024-04-17T09:20:29+00:00","mainEntityOfPage":{"@id":"https:\/\/montecarloliving.com\/en\/events\/marine-wallons-exhibition-at-the-catherine-issert-gallery-in-saint-paul-de-vence-9683\/"},"wordCount":409,"image":{"@id":"https:\/\/montecarloliving.com\/en\/events\/marine-wallons-exhibition-at-the-catherine-issert-gallery-in-saint-paul-de-vence-9683\/#primaryimage"},"thumbnailUrl":"https:\/\/montecarloliving.com\/wp-content\/uploads\/2024\/03\/portrait-marine-wallon_vincent-ferrane-.webp","articleSection":["Events"],"inLanguage":"en-US"},{"@type":"WebPage","@id":"https:\/\/montecarloliving.com\/en\/events\/marine-wallons-exhibition-at-the-catherine-issert-gallery-in-saint-paul-de-vence-9683\/","url":"https:\/\/montecarloliving.com\/en\/events\/marine-wallons-exhibition-at-the-catherine-issert-gallery-in-saint-paul-de-vence-9683\/","name":"Marine Wallon's solo exhibition at the Catherine Issert gallery in Saint Paul de Vence","isPartOf":{"@id":"https:\/\/montecarloliving.com\/en\/#website"},"primaryImageOfPage":{"@id":"https:\/\/montecarloliving.com\/en\/events\/marine-wallons-exhibition-at-the-catherine-issert-gallery-in-saint-paul-de-vence-9683\/#primaryimage"},"image":{"@id":"https:\/\/montecarloliving.com\/en\/events\/marine-wallons-exhibition-at-the-catherine-issert-gallery-in-saint-paul-de-vence-9683\/#primaryimage"},"thumbnailUrl":"https:\/\/montecarloliving.com\/wp-content\/uploads\/2024\/03\/portrait-marine-wallon_vincent-ferrane-.webp","datePublished":"2024-04-17T09:20:29+00:00","author":{"@id":"https:\/\/montecarloliving.com\/en\/#\/schema\/person\/7e5945d4560862b7f2d2c6831bda2819"},"description":"After exhibiting Marine Wallon's work in collective exhibitions in 2020 and 2021, the Catherine Issert gallery in Saint-Paul-de-Vence dedicates a solo","breadcrumb":{"@id":"https:\/\/montecarloliving.com\/en\/events\/marine-wallons-exhibition-at-the-catherine-issert-gallery-in-saint-paul-de-vence-9683\/#breadcrumb"},"inLanguage":"en-US","potentialAction":[{"@type":"ReadAction","target":["https:\/\/montecarloliving.com\/en\/events\/marine-wallons-exhibition-at-the-catherine-issert-gallery-in-saint-paul-de-vence-9683\/"]}]},{"@type":"ImageObject","inLanguage":"en-US","@id":"https:\/\/montecarloliving.com\/en\/events\/marine-wallons-exhibition-at-the-catherine-issert-gallery-in-saint-paul-de-vence-9683\/#primaryimage","url":"https:\/\/montecarloliving.com\/wp-content\/uploads\/2024\/03\/portrait-marine-wallon_vincent-ferrane-.webp","contentUrl":"https:\/\/montecarloliving.com\/wp-content\/uploads\/2024\/03\/portrait-marine-wallon_vincent-ferrane-.webp","width":1200,"height":630},{"@type":"BreadcrumbList","@id":"https:\/\/montecarloliving.com\/en\/events\/marine-wallons-exhibition-at-the-catherine-issert-gallery-in-saint-paul-de-vence-9683\/#breadcrumb","itemListElement":[{"@type":"ListItem","position":1,"name":"Home","item":"https:\/\/montecarloliving.com\/en\/"},{"@type":"ListItem","position":2,"name":"Marine Wallon&#8217;s solo exhibition at the Catherine Issert gallery in Saint Paul de Vence"}]},{"@type":"WebSite","@id":"https:\/\/montecarloliving.com\/en\/#website","url":"https:\/\/montecarloliving.com\/en\/","name":"Montecarlo Living","description":"News da Montecarlo - Principato di Monaco e Costa Azzurra","potentialAction":[{"@type":"SearchAction","target":{"@type":"EntryPoint","urlTemplate":"https:\/\/montecarloliving.com\/en\/?s={search_term_string}"},"query-input":{"@type":"PropertyValueSpecification","valueRequired":true,"valueName":"search_term_string"}}],"inLanguage":"en-US"},{"@type":"Person","@id":"https:\/\/montecarloliving.com\/en\/#\/schema\/person\/7e5945d4560862b7f2d2c6831bda2819","name":"Redazione","image":{"@type":"ImageObject","inLanguage":"en-US","@id":"https:\/\/secure.gravatar.com\/avatar\/8b5f26557e18fe74ad8e8a57ebb2925d88af8a90cee489ff2beefb391bc9b9c7?s=96&d=mm&r=g","url":"https:\/\/secure.gravatar.com\/avatar\/8b5f26557e18fe74ad8e8a57ebb2925d88af8a90cee489ff2beefb391bc9b9c7?s=96&d=mm&r=g","contentUrl":"https:\/\/secure.gravatar.com\/avatar\/8b5f26557e18fe74ad8e8a57ebb2925d88af8a90cee489ff2beefb391bc9b9c7?s=96&d=mm&r=g","caption":"Redazione"}}]}},"_links":{"self":[{"href":"https:\/\/montecarloliving.com\/en\/wp-json\/wp\/v2\/posts\/9683","targetHints":{"allow":["GET"]}}],"collection":[{"href":"https:\/\/montecarloliving.com\/en\/wp-json\/wp\/v2\/posts"}],"about":[{"href":"https:\/\/montecarloliving.com\/en\/wp-json\/wp\/v2\/types\/post"}],"author":[{"embeddable":true,"href":"https:\/\/montecarloliving.com\/en\/wp-json\/wp\/v2\/users\/1"}],"replies":[{"embeddable":true,"href":"https:\/\/montecarloliving.com\/en\/wp-json\/wp\/v2\/comments?post=9683"}],"version-history":[{"count":1,"href":"https:\/\/montecarloliving.com\/en\/wp-json\/wp\/v2\/posts\/9683\/revisions"}],"predecessor-version":[{"id":9684,"href":"https:\/\/montecarloliving.com\/en\/wp-json\/wp\/v2\/posts\/9683\/revisions\/9684"}],"wp:featuredmedia":[{"embeddable":true,"href":"https:\/\/montecarloliving.com\/en\/wp-json\/wp\/v2\/media\/9680"}],"wp:attachment":[{"href":"https:\/\/montecarloliving.com\/en\/wp-json\/wp\/v2\/media?parent=9683"}],"wp:term":[{"taxonomy":"category","embeddable":true,"href":"https:\/\/montecarloliving.com\/en\/wp-json\/wp\/v2\/categories?post=9683"},{"taxonomy":"post_tag","embeddable":true,"href":"https:\/\/montecarloliving.com\/en\/wp-json\/wp\/v2\/tags?post=9683"}],"curies":[{"name":"wp","href":"https:\/\/api.w.org\/{rel}","templated":true}]}}