{"id":9277,"date":"2024-03-21T10:01:28","date_gmt":"2024-03-21T09:01:28","guid":{"rendered":"https:\/\/montecarloliving.com\/?p=9277"},"modified":"2024-03-21T10:07:14","modified_gmt":"2024-03-21T09:07:14","slug":"prince-pierre-foundation-bartabas-conference","status":"publish","type":"post","link":"https:\/\/montecarloliving.com\/en\/events\/prince-pierre-foundation-bartabas-conference-9277\/","title":{"rendered":"Prince Pierre Foundation &#8211; Bartabas Conference"},"content":{"rendered":"<p><strong>The Prince Pierre Foundation of Monaco offers, on Monday, March 25th at 6:30 pm, at the Th\u00e9\u00e2tre des Vari\u00e9t\u00e9s, a meeting with Bartabas.<\/strong> The founder and director of the equestrian theater Zingaro is invited to discuss his creative process for live performance and writing, revealing the similarities and differences. An exceptional equestrian, choreographer, director, writer, and filmmaker, Bartabas has invented a unique form of live performance: Equestrian Theater, combining equestrian art, dance, music, and comedy. In 1984, he founded his company, the Equestrian Theater Zingaro, which settled at the Fort d&#8217;Aubervilliers in 1989 and whose creations are each time events that mark their era and triumph worldwide. For cinema, Bartabas directed Mazeppa (1993), Chamane (1995), Galop arri\u00e8re (2010), and Les chevaux voyageurs (2019).<\/p>\n<p><img loading=\"lazy\" decoding=\"async\" class=\" wp-image-9266 aligncenter\" src=\"https:\/\/montecarloliving.com\/wp-content\/uploads\/2024\/03\/Bartabas.-\u00a9-Editions-Gallimard-Francesca-Mantovani.jpg\" alt=\"\" width=\"235\" height=\"329\" srcset=\"https:\/\/montecarloliving.com\/wp-content\/uploads\/2024\/03\/Bartabas.-\u00a9-Editions-Gallimard-Francesca-Mantovani.jpg 1181w, https:\/\/montecarloliving.com\/wp-content\/uploads\/2024\/03\/Bartabas.-\u00a9-Editions-Gallimard-Francesca-Mantovani-214x300.jpg 214w, https:\/\/montecarloliving.com\/wp-content\/uploads\/2024\/03\/Bartabas.-\u00a9-Editions-Gallimard-Francesca-Mantovani-731x1024.jpg 731w, https:\/\/montecarloliving.com\/wp-content\/uploads\/2024\/03\/Bartabas.-\u00a9-Editions-Gallimard-Francesca-Mantovani-768x1076.jpg 768w, https:\/\/montecarloliving.com\/wp-content\/uploads\/2024\/03\/Bartabas.-\u00a9-Editions-Gallimard-Francesca-Mantovani-1097x1536.jpg 1097w\" sizes=\"auto, (max-width: 235px) 100vw, 235px\" \/><\/p>\n<p>After D&#8217;un cheval l&#8217;autre (Gallimard, 2020) and Les cantiques du corbeau (Gallimard, March 2022), he publishes his third narrative, Un geste vers le bas, with Gallimard in March 2024, where he recounts the singular experience of the German choreographer and dancer Pina Bausch with a Zingaro horse. Upcoming conferences: &#8220;Hors les murs&#8221;: Philippe GELUCK (writer, painter, sculptor, actor), Thursday, March 28, 7:00 pm, Palais des Acad\u00e9mies, Brussels. In Monaco: Eva JOSPIN (plastic artist), Monday, April 15, 6:30 pm, Th\u00e9\u00e2tre des Vari\u00e9t\u00e9s.<\/p>\n<p><img loading=\"lazy\" decoding=\"async\" class=\" wp-image-9269 aligncenter\" src=\"https:\/\/montecarloliving.com\/wp-content\/uploads\/2024\/03\/Couverture-livre-Bartabas.jpg\" alt=\"\" width=\"256\" height=\"375\" srcset=\"https:\/\/montecarloliving.com\/wp-content\/uploads\/2024\/03\/Couverture-livre-Bartabas.jpg 827w, https:\/\/montecarloliving.com\/wp-content\/uploads\/2024\/03\/Couverture-livre-Bartabas-205x300.jpg 205w, https:\/\/montecarloliving.com\/wp-content\/uploads\/2024\/03\/Couverture-livre-Bartabas-699x1024.jpg 699w, https:\/\/montecarloliving.com\/wp-content\/uploads\/2024\/03\/Couverture-livre-Bartabas-768x1125.jpg 768w\" sizes=\"auto, (max-width: 256px) 100vw, 256px\" \/><\/p>\n<p><em><strong>Free admission &#8211; Reservation recommended on <a href=\"http:\/\/www.fondationprincepierre.mc\/\" target=\"_new\" rel=\"noopener\">www.fondationprincepierre.mc<\/a> <\/strong><\/em><\/p>\n<p><em><strong>Information: (+377) 98 98 85 15<\/strong><\/em><\/p>\n","protected":false},"excerpt":{"rendered":"<p>The Prince Pierre Foundation of Monaco offers, on Monday, March 25th at 6:30 pm, at the Th\u00e9\u00e2tre des Vari\u00e9t\u00e9s, a meeting with Bartabas. The founder and director of the equestrian theater Zingaro is invited to discuss his creative process for live performance and writing, [&hellip;]<\/p>\n","protected":false},"author":1,"featured_media":9260,"comment_status":"closed","ping_status":"closed","sticky":false,"template":"","format":"standard","meta":{"footnotes":""},"categories":[850,861],"tags":[],"class_list":["post-9277","post","type-post","status-publish","format-standard","has-post-thumbnail","hentry","category-events","category-monaco-en"],"yoast_head":"<!-- This site is optimized with the Yoast SEO plugin v27.5 - https:\/\/yoast.com\/product\/yoast-seo-wordpress\/ -->\n<title>Prince Pierre Foundation - Bartabas Conference<\/title>\n<meta name=\"description\" content=\"The Prince Pierre Foundation of Monaco offers, on Monday, March 25th at 6:30 pm, at the Th\u00e9\u00e2tre des Vari\u00e9t\u00e9s, a meeting with Bartabas. The founder and\" \/>\n<meta name=\"robots\" content=\"index, follow, max-snippet:-1, max-image-preview:large, max-video-preview:-1\" \/>\n<link rel=\"canonical\" href=\"https:\/\/montecarloliving.com\/en\/events\/prince-pierre-foundation-bartabas-conference-9277\/\" \/>\n<meta property=\"og:locale\" content=\"en_US\" \/>\n<meta property=\"og:title\" content=\"Prince Pierre Foundation - Bartabas Conference\" \/>\n<meta property=\"og:description\" content=\"The Prince Pierre Foundation of Monaco offers, on Monday, March 25th at 6:30 pm, at the Th\u00e9\u00e2tre des Vari\u00e9t\u00e9s, a meeting with Bartabas. The founder and\" \/>\n<meta property=\"og:url\" content=\"https:\/\/montecarloliving.com\/en\/events\/prince-pierre-foundation-bartabas-conference-9277\/\" \/>\n<meta property=\"og:site_name\" content=\"Montecarlo Living\" \/>\n<meta property=\"article:publisher\" content=\"https:\/\/www.facebook.com\/montecarlolivingcom\/\" \/>\n<meta property=\"article:published_time\" content=\"2024-03-21T09:01:28+00:00\" \/>\n<meta property=\"article:modified_time\" content=\"2024-03-21T09:07:14+00:00\" \/>\n<meta property=\"og:image\" content=\"https:\/\/montecarloliving.com\/wp-content\/uploads\/2024\/03\/Bartabas-reclame-une-clarte-politique-et-le-courage-d-affronter-les-choses-650x400.jpg\" \/>\n\t<meta property=\"og:image:width\" content=\"650\" \/>\n\t<meta property=\"og:image:height\" content=\"400\" \/>\n\t<meta property=\"og:image:type\" content=\"image\/jpeg\" \/>\n<meta name=\"author\" content=\"Redazione\" \/>\n<meta name=\"twitter:card\" content=\"summary_large_image\" \/>\n<meta name=\"twitter:creator\" content=\"@MonteCarloLivi\" \/>\n<meta name=\"twitter:site\" content=\"@MonteCarloLivi\" \/>\n<meta name=\"twitter:label1\" content=\"Written by\" \/>\n\t<meta name=\"twitter:data1\" content=\"Redazione\" \/>\n\t<meta name=\"twitter:label2\" content=\"Est. reading time\" \/>\n\t<meta name=\"twitter:data2\" content=\"2 minutes\" \/>\n<script type=\"application\/ld+json\" class=\"yoast-schema-graph\">{\"@context\":\"https:\\\/\\\/schema.org\",\"@graph\":[{\"@type\":\"Article\",\"@id\":\"https:\\\/\\\/montecarloliving.com\\\/en\\\/events\\\/prince-pierre-foundation-bartabas-conference-9277\\\/#article\",\"isPartOf\":{\"@id\":\"https:\\\/\\\/montecarloliving.com\\\/en\\\/events\\\/prince-pierre-foundation-bartabas-conference-9277\\\/\"},\"author\":{\"name\":\"Redazione\",\"@id\":\"https:\\\/\\\/montecarloliving.com\\\/en\\\/#\\\/schema\\\/person\\\/7e5945d4560862b7f2d2c6831bda2819\"},\"headline\":\"Prince Pierre Foundation &#8211; Bartabas Conference\",\"datePublished\":\"2024-03-21T09:01:28+00:00\",\"dateModified\":\"2024-03-21T09:07:14+00:00\",\"mainEntityOfPage\":{\"@id\":\"https:\\\/\\\/montecarloliving.com\\\/en\\\/events\\\/prince-pierre-foundation-bartabas-conference-9277\\\/\"},\"wordCount\":217,\"image\":{\"@id\":\"https:\\\/\\\/montecarloliving.com\\\/en\\\/events\\\/prince-pierre-foundation-bartabas-conference-9277\\\/#primaryimage\"},\"thumbnailUrl\":\"https:\\\/\\\/montecarloliving.com\\\/wp-content\\\/uploads\\\/2024\\\/03\\\/Bartabas-reclame-une-clarte-politique-et-le-courage-d-affronter-les-choses.jpg\",\"articleSection\":[\"Events\",\"Monaco\"],\"inLanguage\":\"en-US\"},{\"@type\":\"WebPage\",\"@id\":\"https:\\\/\\\/montecarloliving.com\\\/en\\\/events\\\/prince-pierre-foundation-bartabas-conference-9277\\\/\",\"url\":\"https:\\\/\\\/montecarloliving.com\\\/en\\\/events\\\/prince-pierre-foundation-bartabas-conference-9277\\\/\",\"name\":\"Prince Pierre Foundation - Bartabas Conference\",\"isPartOf\":{\"@id\":\"https:\\\/\\\/montecarloliving.com\\\/en\\\/#website\"},\"primaryImageOfPage\":{\"@id\":\"https:\\\/\\\/montecarloliving.com\\\/en\\\/events\\\/prince-pierre-foundation-bartabas-conference-9277\\\/#primaryimage\"},\"image\":{\"@id\":\"https:\\\/\\\/montecarloliving.com\\\/en\\\/events\\\/prince-pierre-foundation-bartabas-conference-9277\\\/#primaryimage\"},\"thumbnailUrl\":\"https:\\\/\\\/montecarloliving.com\\\/wp-content\\\/uploads\\\/2024\\\/03\\\/Bartabas-reclame-une-clarte-politique-et-le-courage-d-affronter-les-choses.jpg\",\"datePublished\":\"2024-03-21T09:01:28+00:00\",\"dateModified\":\"2024-03-21T09:07:14+00:00\",\"author\":{\"@id\":\"https:\\\/\\\/montecarloliving.com\\\/en\\\/#\\\/schema\\\/person\\\/7e5945d4560862b7f2d2c6831bda2819\"},\"description\":\"The Prince Pierre Foundation of Monaco offers, on Monday, March 25th at 6:30 pm, at the Th\u00e9\u00e2tre des Vari\u00e9t\u00e9s, a meeting with Bartabas. The founder and\",\"breadcrumb\":{\"@id\":\"https:\\\/\\\/montecarloliving.com\\\/en\\\/events\\\/prince-pierre-foundation-bartabas-conference-9277\\\/#breadcrumb\"},\"inLanguage\":\"en-US\",\"potentialAction\":[{\"@type\":\"ReadAction\",\"target\":[\"https:\\\/\\\/montecarloliving.com\\\/en\\\/events\\\/prince-pierre-foundation-bartabas-conference-9277\\\/\"]}]},{\"@type\":\"ImageObject\",\"inLanguage\":\"en-US\",\"@id\":\"https:\\\/\\\/montecarloliving.com\\\/en\\\/events\\\/prince-pierre-foundation-bartabas-conference-9277\\\/#primaryimage\",\"url\":\"https:\\\/\\\/montecarloliving.com\\\/wp-content\\\/uploads\\\/2024\\\/03\\\/Bartabas-reclame-une-clarte-politique-et-le-courage-d-affronter-les-choses.jpg\",\"contentUrl\":\"https:\\\/\\\/montecarloliving.com\\\/wp-content\\\/uploads\\\/2024\\\/03\\\/Bartabas-reclame-une-clarte-politique-et-le-courage-d-affronter-les-choses.jpg\",\"width\":2000,\"height\":1000},{\"@type\":\"BreadcrumbList\",\"@id\":\"https:\\\/\\\/montecarloliving.com\\\/en\\\/events\\\/prince-pierre-foundation-bartabas-conference-9277\\\/#breadcrumb\",\"itemListElement\":[{\"@type\":\"ListItem\",\"position\":1,\"name\":\"Home\",\"item\":\"https:\\\/\\\/montecarloliving.com\\\/en\\\/\"},{\"@type\":\"ListItem\",\"position\":2,\"name\":\"Prince Pierre Foundation &#8211; Bartabas Conference\"}]},{\"@type\":\"WebSite\",\"@id\":\"https:\\\/\\\/montecarloliving.com\\\/en\\\/#website\",\"url\":\"https:\\\/\\\/montecarloliving.com\\\/en\\\/\",\"name\":\"Montecarlo Living\",\"description\":\"News da Montecarlo - Principato di Monaco e Costa Azzurra\",\"potentialAction\":[{\"@type\":\"SearchAction\",\"target\":{\"@type\":\"EntryPoint\",\"urlTemplate\":\"https:\\\/\\\/montecarloliving.com\\\/en\\\/?s={search_term_string}\"},\"query-input\":{\"@type\":\"PropertyValueSpecification\",\"valueRequired\":true,\"valueName\":\"search_term_string\"}}],\"inLanguage\":\"en-US\"},{\"@type\":\"Person\",\"@id\":\"https:\\\/\\\/montecarloliving.com\\\/en\\\/#\\\/schema\\\/person\\\/7e5945d4560862b7f2d2c6831bda2819\",\"name\":\"Redazione\",\"image\":{\"@type\":\"ImageObject\",\"inLanguage\":\"en-US\",\"@id\":\"https:\\\/\\\/secure.gravatar.com\\\/avatar\\\/8b5f26557e18fe74ad8e8a57ebb2925d88af8a90cee489ff2beefb391bc9b9c7?s=96&d=mm&r=g\",\"url\":\"https:\\\/\\\/secure.gravatar.com\\\/avatar\\\/8b5f26557e18fe74ad8e8a57ebb2925d88af8a90cee489ff2beefb391bc9b9c7?s=96&d=mm&r=g\",\"contentUrl\":\"https:\\\/\\\/secure.gravatar.com\\\/avatar\\\/8b5f26557e18fe74ad8e8a57ebb2925d88af8a90cee489ff2beefb391bc9b9c7?s=96&d=mm&r=g\",\"caption\":\"Redazione\"}}]}<\/script>\n<!-- \/ Yoast SEO plugin. -->","yoast_head_json":{"title":"Prince Pierre Foundation - Bartabas Conference","description":"The Prince Pierre Foundation of Monaco offers, on Monday, March 25th at 6:30 pm, at the Th\u00e9\u00e2tre des Vari\u00e9t\u00e9s, a meeting with Bartabas. The founder and","robots":{"index":"index","follow":"follow","max-snippet":"max-snippet:-1","max-image-preview":"max-image-preview:large","max-video-preview":"max-video-preview:-1"},"canonical":"https:\/\/montecarloliving.com\/en\/events\/prince-pierre-foundation-bartabas-conference-9277\/","og_locale":"en_US","og_title":"Prince Pierre Foundation - Bartabas Conference","og_description":"The Prince Pierre Foundation of Monaco offers, on Monday, March 25th at 6:30 pm, at the Th\u00e9\u00e2tre des Vari\u00e9t\u00e9s, a meeting with Bartabas. The founder and","og_url":"https:\/\/montecarloliving.com\/en\/events\/prince-pierre-foundation-bartabas-conference-9277\/","og_site_name":"Montecarlo Living","article_publisher":"https:\/\/www.facebook.com\/montecarlolivingcom\/","article_published_time":"2024-03-21T09:01:28+00:00","article_modified_time":"2024-03-21T09:07:14+00:00","og_image":[{"width":650,"height":400,"url":"https:\/\/montecarloliving.com\/wp-content\/uploads\/2024\/03\/Bartabas-reclame-une-clarte-politique-et-le-courage-d-affronter-les-choses-650x400.jpg","type":"image\/jpeg"}],"author":"Redazione","twitter_card":"summary_large_image","twitter_creator":"@MonteCarloLivi","twitter_site":"@MonteCarloLivi","twitter_misc":{"Written by":"Redazione","Est. reading time":"2 minutes"},"schema":{"@context":"https:\/\/schema.org","@graph":[{"@type":"Article","@id":"https:\/\/montecarloliving.com\/en\/events\/prince-pierre-foundation-bartabas-conference-9277\/#article","isPartOf":{"@id":"https:\/\/montecarloliving.com\/en\/events\/prince-pierre-foundation-bartabas-conference-9277\/"},"author":{"name":"Redazione","@id":"https:\/\/montecarloliving.com\/en\/#\/schema\/person\/7e5945d4560862b7f2d2c6831bda2819"},"headline":"Prince Pierre Foundation &#8211; Bartabas Conference","datePublished":"2024-03-21T09:01:28+00:00","dateModified":"2024-03-21T09:07:14+00:00","mainEntityOfPage":{"@id":"https:\/\/montecarloliving.com\/en\/events\/prince-pierre-foundation-bartabas-conference-9277\/"},"wordCount":217,"image":{"@id":"https:\/\/montecarloliving.com\/en\/events\/prince-pierre-foundation-bartabas-conference-9277\/#primaryimage"},"thumbnailUrl":"https:\/\/montecarloliving.com\/wp-content\/uploads\/2024\/03\/Bartabas-reclame-une-clarte-politique-et-le-courage-d-affronter-les-choses.jpg","articleSection":["Events","Monaco"],"inLanguage":"en-US"},{"@type":"WebPage","@id":"https:\/\/montecarloliving.com\/en\/events\/prince-pierre-foundation-bartabas-conference-9277\/","url":"https:\/\/montecarloliving.com\/en\/events\/prince-pierre-foundation-bartabas-conference-9277\/","name":"Prince Pierre Foundation - Bartabas Conference","isPartOf":{"@id":"https:\/\/montecarloliving.com\/en\/#website"},"primaryImageOfPage":{"@id":"https:\/\/montecarloliving.com\/en\/events\/prince-pierre-foundation-bartabas-conference-9277\/#primaryimage"},"image":{"@id":"https:\/\/montecarloliving.com\/en\/events\/prince-pierre-foundation-bartabas-conference-9277\/#primaryimage"},"thumbnailUrl":"https:\/\/montecarloliving.com\/wp-content\/uploads\/2024\/03\/Bartabas-reclame-une-clarte-politique-et-le-courage-d-affronter-les-choses.jpg","datePublished":"2024-03-21T09:01:28+00:00","dateModified":"2024-03-21T09:07:14+00:00","author":{"@id":"https:\/\/montecarloliving.com\/en\/#\/schema\/person\/7e5945d4560862b7f2d2c6831bda2819"},"description":"The Prince Pierre Foundation of Monaco offers, on Monday, March 25th at 6:30 pm, at the Th\u00e9\u00e2tre des Vari\u00e9t\u00e9s, a meeting with Bartabas. The founder and","breadcrumb":{"@id":"https:\/\/montecarloliving.com\/en\/events\/prince-pierre-foundation-bartabas-conference-9277\/#breadcrumb"},"inLanguage":"en-US","potentialAction":[{"@type":"ReadAction","target":["https:\/\/montecarloliving.com\/en\/events\/prince-pierre-foundation-bartabas-conference-9277\/"]}]},{"@type":"ImageObject","inLanguage":"en-US","@id":"https:\/\/montecarloliving.com\/en\/events\/prince-pierre-foundation-bartabas-conference-9277\/#primaryimage","url":"https:\/\/montecarloliving.com\/wp-content\/uploads\/2024\/03\/Bartabas-reclame-une-clarte-politique-et-le-courage-d-affronter-les-choses.jpg","contentUrl":"https:\/\/montecarloliving.com\/wp-content\/uploads\/2024\/03\/Bartabas-reclame-une-clarte-politique-et-le-courage-d-affronter-les-choses.jpg","width":2000,"height":1000},{"@type":"BreadcrumbList","@id":"https:\/\/montecarloliving.com\/en\/events\/prince-pierre-foundation-bartabas-conference-9277\/#breadcrumb","itemListElement":[{"@type":"ListItem","position":1,"name":"Home","item":"https:\/\/montecarloliving.com\/en\/"},{"@type":"ListItem","position":2,"name":"Prince Pierre Foundation &#8211; Bartabas Conference"}]},{"@type":"WebSite","@id":"https:\/\/montecarloliving.com\/en\/#website","url":"https:\/\/montecarloliving.com\/en\/","name":"Montecarlo Living","description":"News da Montecarlo - Principato di Monaco e Costa Azzurra","potentialAction":[{"@type":"SearchAction","target":{"@type":"EntryPoint","urlTemplate":"https:\/\/montecarloliving.com\/en\/?s={search_term_string}"},"query-input":{"@type":"PropertyValueSpecification","valueRequired":true,"valueName":"search_term_string"}}],"inLanguage":"en-US"},{"@type":"Person","@id":"https:\/\/montecarloliving.com\/en\/#\/schema\/person\/7e5945d4560862b7f2d2c6831bda2819","name":"Redazione","image":{"@type":"ImageObject","inLanguage":"en-US","@id":"https:\/\/secure.gravatar.com\/avatar\/8b5f26557e18fe74ad8e8a57ebb2925d88af8a90cee489ff2beefb391bc9b9c7?s=96&d=mm&r=g","url":"https:\/\/secure.gravatar.com\/avatar\/8b5f26557e18fe74ad8e8a57ebb2925d88af8a90cee489ff2beefb391bc9b9c7?s=96&d=mm&r=g","contentUrl":"https:\/\/secure.gravatar.com\/avatar\/8b5f26557e18fe74ad8e8a57ebb2925d88af8a90cee489ff2beefb391bc9b9c7?s=96&d=mm&r=g","caption":"Redazione"}}]}},"_links":{"self":[{"href":"https:\/\/montecarloliving.com\/en\/wp-json\/wp\/v2\/posts\/9277","targetHints":{"allow":["GET"]}}],"collection":[{"href":"https:\/\/montecarloliving.com\/en\/wp-json\/wp\/v2\/posts"}],"about":[{"href":"https:\/\/montecarloliving.com\/en\/wp-json\/wp\/v2\/types\/post"}],"author":[{"embeddable":true,"href":"https:\/\/montecarloliving.com\/en\/wp-json\/wp\/v2\/users\/1"}],"replies":[{"embeddable":true,"href":"https:\/\/montecarloliving.com\/en\/wp-json\/wp\/v2\/comments?post=9277"}],"version-history":[{"count":1,"href":"https:\/\/montecarloliving.com\/en\/wp-json\/wp\/v2\/posts\/9277\/revisions"}],"predecessor-version":[{"id":9279,"href":"https:\/\/montecarloliving.com\/en\/wp-json\/wp\/v2\/posts\/9277\/revisions\/9279"}],"wp:featuredmedia":[{"embeddable":true,"href":"https:\/\/montecarloliving.com\/en\/wp-json\/wp\/v2\/media\/9260"}],"wp:attachment":[{"href":"https:\/\/montecarloliving.com\/en\/wp-json\/wp\/v2\/media?parent=9277"}],"wp:term":[{"taxonomy":"category","embeddable":true,"href":"https:\/\/montecarloliving.com\/en\/wp-json\/wp\/v2\/categories?post=9277"},{"taxonomy":"post_tag","embeddable":true,"href":"https:\/\/montecarloliving.com\/en\/wp-json\/wp\/v2\/tags?post=9277"}],"curies":[{"name":"wp","href":"https:\/\/api.w.org\/{rel}","templated":true}]}}