{"id":8735,"date":"2024-03-11T11:10:27","date_gmt":"2024-03-11T10:10:27","guid":{"rendered":"https:\/\/montecarloliving.com\/?p=8735"},"modified":"2024-03-11T11:13:23","modified_gmt":"2024-03-11T10:13:23","slug":"printemps-des-arts-festival-in-monte-carlo-2024","status":"publish","type":"post","link":"https:\/\/montecarloliving.com\/en\/events\/printemps-des-arts-festival-in-monte-carlo-2024-8735\/","title":{"rendered":"Printemps des Arts Festival in Monte-Carlo 2024"},"content":{"rendered":"<p>The Printemps des Arts Festival in Monte-Carlo will open on Wednesday, March 13, at the \u00c9glise Saint-Charles in Monte-Carlo with Ockeghem&#8217;s Medieval Requiem (ca. 1410-1497), the first polyphonic example of a funeral mass with solemn and melancholic tones, an anthem to peace and serenity. For the festival&#8217;s closing on April 7, another great Flemish master&#8217;s Requiem, Pierre de La Rue (ca. 1452-1518), will be performed.<\/p>\n<p>The Printemps des Arts opens and closes this edition with two extraordinary pages of sacred music, marking the transition from the Middle Ages to the Renaissance. For the opening concert, Ockegem&#8217;s music will be accompanied by contemporary works by Berio (&#8220;Sequenze&#8221; VIIb and IXb) and Mantovani (&#8220;Rondes de printemps&#8221;) dedicated to the saxophone, played by Sandro Compagnon, a young and talented musician with international experience spanning classical to jazz. The evening will also feature the Ensemble Gilles Binchois directed by Dominique Vellard.<\/p>\n<p>On Thursday, March 14, at the Auditorium Rainier III, the Monte-Carlo Philharmonic Orchestra will perform masterpieces by Richard Strauss, including the symphonic poems &#8220;Aus Italien&#8221; and &#8220;Don Juan,&#8221; and magnificent lieder for voice and orchestra, highlighting the poetic vein and passion of the German composer. Before the concert, a &#8220;backstage immersion&#8221; will give the audience the opportunity to meet the artists in a guided tour behind the scenes. The evening concert on Friday, March 15, at One Monte is dedicated to chamber masterpieces for violin, cello, and piano by Beethoven.<\/p>\n<p>Saturday, March 16, offers a double appointment. The 6:00 PM concert at the Auditorium Rainier III is dedicated to Mahler and, in particular, two works representing his youth and maturity. The lyricism of Mahler&#8217;s &#8220;Piano Quartet&#8221; written at the age of eighteen is followed by the &#8220;Song of the Earth,&#8221; composed in the last years of his life, representing one of the highest points of his art.<\/p>\n<p>Structured into six orchestral lieder for tenor and contralto, with texts from an anthology of Chinese poems, this composition with extensive instrumentation evokes feelings of poignant melancholy. The chamber version of Reinbert De Leeuw for fifteen instruments and two voices will be performed by the Het Collectief Ensemble and soloists Lucile Richardot (mezzo-soprano) and Stefan Cifolelli (tenor). At 8:00 PM at the Th\u00e9\u00e2tre des Vari\u00e9t\u00e9s, the world premiere of the opera &#8220;L&#8217;\u00e9toffe in\u00e9puisable du r\u00eave&#8221; (&#8220;The Inexhaustible Fabric of Dreams&#8221;) by Sophie Lacaze, with libretto by Alain Carr\u00e9, will take place.<\/p>\n<p>Inspired by an Australian Aboriginal legend about the origin of the world, this score reflects on the current state of nature and its fragile balances increasingly threatened by human recklessness. The Ensemble Orchestral Contemporain directed by Bruno Mantovani will interpret the opera. On Sunday, March 17 (at 11:00 AM), the first weekend concludes with Wim Wenders&#8217; film &#8220;Il sale della terra,&#8221; dedicated to the life and art of Sebasti\u00e3o Salgado, considered one of the world&#8217;s greatest photographers.<\/p>\n<p>The festival continues with events ranging from medieval to contemporary music, passing through the classical and pre-Romantic style of Haydn, Mozart, and Beethoven to the 19th-century works of Schubert, Mendelssohn, Brahms, and reaching the 20th-century compositions of Messiaen, Boulez, and Rihm.<\/p>\n<p>Nature and animals will take center stage in the concerts by the Amazing Keystone Big Band, which will swing Saint-Sa\u00ebns&#8217; &#8220;Carnival of the Animals&#8221; (March 31), and the Ensemble Unisoni, presenting a kind of musical bestiary from the Baroque era (March 30).<\/p>\n<p>The Printemps des Arts is a celebration of music, but not only. This year, too, there will be performances and alchemies suggesting suggestive symmetries between music, other arts, and the senses. Taste will be a key player.<\/p>\n<p>The encounter between music and visual arts will be highlighted during the &#8220;musical walk&#8221; at the exhibition of the Bolognese artist Pier Paolo Calzolari at the Nouveau Mus\u00e9e National de Monaco: composers Lara Morciano, Samir Amarouch, and Eric Monatalbetti will present three world premieres each, commissioned by the festival (March 24 and April 7).<\/p>\n","protected":false},"excerpt":{"rendered":"<p>The Printemps des Arts Festival in Monte-Carlo will open on Wednesday, March 13, at the \u00c9glise Saint-Charles in Monte-Carlo with Ockeghem&#8217;s Medieval Requiem (ca. 1410-1497), the first polyphonic example of a funeral mass with solemn and melancholic tones, an anthem to peace and serenity. [&hellip;]<\/p>\n","protected":false},"author":1,"featured_media":8731,"comment_status":"closed","ping_status":"closed","sticky":false,"template":"","format":"standard","meta":{"footnotes":""},"categories":[850,861],"tags":[],"class_list":["post-8735","post","type-post","status-publish","format-standard","has-post-thumbnail","hentry","category-events","category-monaco-en"],"yoast_head":"<!-- This site is optimized with the Yoast SEO plugin v27.4 - https:\/\/yoast.com\/product\/yoast-seo-wordpress\/ -->\n<title>Printemps des Arts Festival in Monte-Carlo 2024<\/title>\n<meta name=\"description\" content=\"The Printemps des Arts Festival in Monte-Carlo will open on Wednesday, March 13, at the \u00c9glise Saint-Charles in Monte-Carlo with Ockeghem&#039;s Medieval\" \/>\n<meta name=\"robots\" content=\"index, follow, max-snippet:-1, max-image-preview:large, max-video-preview:-1\" \/>\n<link rel=\"canonical\" href=\"https:\/\/montecarloliving.com\/en\/events\/printemps-des-arts-festival-in-monte-carlo-2024-8735\/\" \/>\n<meta property=\"og:locale\" content=\"en_US\" \/>\n<meta property=\"og:title\" content=\"Printemps des Arts Festival in Monte-Carlo 2024\" \/>\n<meta property=\"og:description\" content=\"The Printemps des Arts Festival in Monte-Carlo will open on Wednesday, March 13, at the \u00c9glise Saint-Charles in Monte-Carlo with Ockeghem&#039;s Medieval\" \/>\n<meta property=\"og:url\" content=\"https:\/\/montecarloliving.com\/en\/events\/printemps-des-arts-festival-in-monte-carlo-2024-8735\/\" \/>\n<meta property=\"og:site_name\" content=\"Montecarlo Living\" \/>\n<meta property=\"article:publisher\" content=\"https:\/\/www.facebook.com\/montecarlolivingcom\/\" \/>\n<meta property=\"article:published_time\" content=\"2024-03-11T10:10:27+00:00\" \/>\n<meta property=\"article:modified_time\" content=\"2024-03-11T10:13:23+00:00\" \/>\n<meta property=\"og:image\" content=\"https:\/\/montecarloliving.com\/wp-content\/uploads\/2024\/03\/E_507cfbf374-650x400.jpeg\" \/>\n\t<meta property=\"og:image:width\" content=\"650\" \/>\n\t<meta property=\"og:image:height\" content=\"400\" \/>\n\t<meta property=\"og:image:type\" content=\"image\/jpeg\" \/>\n<meta name=\"author\" content=\"Redazione\" \/>\n<meta name=\"twitter:card\" content=\"summary_large_image\" \/>\n<meta name=\"twitter:creator\" content=\"@MonteCarloLivi\" \/>\n<meta name=\"twitter:site\" content=\"@MonteCarloLivi\" \/>\n<meta name=\"twitter:label1\" content=\"Written by\" \/>\n\t<meta name=\"twitter:data1\" content=\"Redazione\" \/>\n\t<meta name=\"twitter:label2\" content=\"Est. reading time\" \/>\n\t<meta name=\"twitter:data2\" content=\"4 minutes\" \/>\n<script type=\"application\/ld+json\" class=\"yoast-schema-graph\">{\"@context\":\"https:\\\/\\\/schema.org\",\"@graph\":[{\"@type\":\"Article\",\"@id\":\"https:\\\/\\\/montecarloliving.com\\\/en\\\/events\\\/printemps-des-arts-festival-in-monte-carlo-2024-8735\\\/#article\",\"isPartOf\":{\"@id\":\"https:\\\/\\\/montecarloliving.com\\\/en\\\/events\\\/printemps-des-arts-festival-in-monte-carlo-2024-8735\\\/\"},\"author\":{\"name\":\"Redazione\",\"@id\":\"https:\\\/\\\/montecarloliving.com\\\/en\\\/#\\\/schema\\\/person\\\/7e5945d4560862b7f2d2c6831bda2819\"},\"headline\":\"Printemps des Arts Festival in Monte-Carlo 2024\",\"datePublished\":\"2024-03-11T10:10:27+00:00\",\"dateModified\":\"2024-03-11T10:13:23+00:00\",\"mainEntityOfPage\":{\"@id\":\"https:\\\/\\\/montecarloliving.com\\\/en\\\/events\\\/printemps-des-arts-festival-in-monte-carlo-2024-8735\\\/\"},\"wordCount\":654,\"image\":{\"@id\":\"https:\\\/\\\/montecarloliving.com\\\/en\\\/events\\\/printemps-des-arts-festival-in-monte-carlo-2024-8735\\\/#primaryimage\"},\"thumbnailUrl\":\"https:\\\/\\\/montecarloliving.com\\\/wp-content\\\/uploads\\\/2024\\\/03\\\/E_507cfbf374.jpeg\",\"articleSection\":[\"Events\",\"Monaco\"],\"inLanguage\":\"en-US\"},{\"@type\":\"WebPage\",\"@id\":\"https:\\\/\\\/montecarloliving.com\\\/en\\\/events\\\/printemps-des-arts-festival-in-monte-carlo-2024-8735\\\/\",\"url\":\"https:\\\/\\\/montecarloliving.com\\\/en\\\/events\\\/printemps-des-arts-festival-in-monte-carlo-2024-8735\\\/\",\"name\":\"Printemps des Arts Festival in Monte-Carlo 2024\",\"isPartOf\":{\"@id\":\"https:\\\/\\\/montecarloliving.com\\\/en\\\/#website\"},\"primaryImageOfPage\":{\"@id\":\"https:\\\/\\\/montecarloliving.com\\\/en\\\/events\\\/printemps-des-arts-festival-in-monte-carlo-2024-8735\\\/#primaryimage\"},\"image\":{\"@id\":\"https:\\\/\\\/montecarloliving.com\\\/en\\\/events\\\/printemps-des-arts-festival-in-monte-carlo-2024-8735\\\/#primaryimage\"},\"thumbnailUrl\":\"https:\\\/\\\/montecarloliving.com\\\/wp-content\\\/uploads\\\/2024\\\/03\\\/E_507cfbf374.jpeg\",\"datePublished\":\"2024-03-11T10:10:27+00:00\",\"dateModified\":\"2024-03-11T10:13:23+00:00\",\"author\":{\"@id\":\"https:\\\/\\\/montecarloliving.com\\\/en\\\/#\\\/schema\\\/person\\\/7e5945d4560862b7f2d2c6831bda2819\"},\"description\":\"The Printemps des Arts Festival in Monte-Carlo will open on Wednesday, March 13, at the \u00c9glise Saint-Charles in Monte-Carlo with Ockeghem's Medieval\",\"breadcrumb\":{\"@id\":\"https:\\\/\\\/montecarloliving.com\\\/en\\\/events\\\/printemps-des-arts-festival-in-monte-carlo-2024-8735\\\/#breadcrumb\"},\"inLanguage\":\"en-US\",\"potentialAction\":[{\"@type\":\"ReadAction\",\"target\":[\"https:\\\/\\\/montecarloliving.com\\\/en\\\/events\\\/printemps-des-arts-festival-in-monte-carlo-2024-8735\\\/\"]}]},{\"@type\":\"ImageObject\",\"inLanguage\":\"en-US\",\"@id\":\"https:\\\/\\\/montecarloliving.com\\\/en\\\/events\\\/printemps-des-arts-festival-in-monte-carlo-2024-8735\\\/#primaryimage\",\"url\":\"https:\\\/\\\/montecarloliving.com\\\/wp-content\\\/uploads\\\/2024\\\/03\\\/E_507cfbf374.jpeg\",\"contentUrl\":\"https:\\\/\\\/montecarloliving.com\\\/wp-content\\\/uploads\\\/2024\\\/03\\\/E_507cfbf374.jpeg\",\"width\":1024,\"height\":683},{\"@type\":\"BreadcrumbList\",\"@id\":\"https:\\\/\\\/montecarloliving.com\\\/en\\\/events\\\/printemps-des-arts-festival-in-monte-carlo-2024-8735\\\/#breadcrumb\",\"itemListElement\":[{\"@type\":\"ListItem\",\"position\":1,\"name\":\"Home\",\"item\":\"https:\\\/\\\/montecarloliving.com\\\/en\\\/\"},{\"@type\":\"ListItem\",\"position\":2,\"name\":\"Printemps des Arts Festival in Monte-Carlo 2024\"}]},{\"@type\":\"WebSite\",\"@id\":\"https:\\\/\\\/montecarloliving.com\\\/en\\\/#website\",\"url\":\"https:\\\/\\\/montecarloliving.com\\\/en\\\/\",\"name\":\"Montecarlo Living\",\"description\":\"News da Montecarlo - Principato di Monaco e Costa Azzurra\",\"potentialAction\":[{\"@type\":\"SearchAction\",\"target\":{\"@type\":\"EntryPoint\",\"urlTemplate\":\"https:\\\/\\\/montecarloliving.com\\\/en\\\/?s={search_term_string}\"},\"query-input\":{\"@type\":\"PropertyValueSpecification\",\"valueRequired\":true,\"valueName\":\"search_term_string\"}}],\"inLanguage\":\"en-US\"},{\"@type\":\"Person\",\"@id\":\"https:\\\/\\\/montecarloliving.com\\\/en\\\/#\\\/schema\\\/person\\\/7e5945d4560862b7f2d2c6831bda2819\",\"name\":\"Redazione\",\"image\":{\"@type\":\"ImageObject\",\"inLanguage\":\"en-US\",\"@id\":\"https:\\\/\\\/secure.gravatar.com\\\/avatar\\\/8b5f26557e18fe74ad8e8a57ebb2925d88af8a90cee489ff2beefb391bc9b9c7?s=96&d=mm&r=g\",\"url\":\"https:\\\/\\\/secure.gravatar.com\\\/avatar\\\/8b5f26557e18fe74ad8e8a57ebb2925d88af8a90cee489ff2beefb391bc9b9c7?s=96&d=mm&r=g\",\"contentUrl\":\"https:\\\/\\\/secure.gravatar.com\\\/avatar\\\/8b5f26557e18fe74ad8e8a57ebb2925d88af8a90cee489ff2beefb391bc9b9c7?s=96&d=mm&r=g\",\"caption\":\"Redazione\"}}]}<\/script>\n<!-- \/ Yoast SEO plugin. -->","yoast_head_json":{"title":"Printemps des Arts Festival in Monte-Carlo 2024","description":"The Printemps des Arts Festival in Monte-Carlo will open on Wednesday, March 13, at the \u00c9glise Saint-Charles in Monte-Carlo with Ockeghem's Medieval","robots":{"index":"index","follow":"follow","max-snippet":"max-snippet:-1","max-image-preview":"max-image-preview:large","max-video-preview":"max-video-preview:-1"},"canonical":"https:\/\/montecarloliving.com\/en\/events\/printemps-des-arts-festival-in-monte-carlo-2024-8735\/","og_locale":"en_US","og_title":"Printemps des Arts Festival in Monte-Carlo 2024","og_description":"The Printemps des Arts Festival in Monte-Carlo will open on Wednesday, March 13, at the \u00c9glise Saint-Charles in Monte-Carlo with Ockeghem's Medieval","og_url":"https:\/\/montecarloliving.com\/en\/events\/printemps-des-arts-festival-in-monte-carlo-2024-8735\/","og_site_name":"Montecarlo Living","article_publisher":"https:\/\/www.facebook.com\/montecarlolivingcom\/","article_published_time":"2024-03-11T10:10:27+00:00","article_modified_time":"2024-03-11T10:13:23+00:00","og_image":[{"width":650,"height":400,"url":"https:\/\/montecarloliving.com\/wp-content\/uploads\/2024\/03\/E_507cfbf374-650x400.jpeg","type":"image\/jpeg"}],"author":"Redazione","twitter_card":"summary_large_image","twitter_creator":"@MonteCarloLivi","twitter_site":"@MonteCarloLivi","twitter_misc":{"Written by":"Redazione","Est. reading time":"4 minutes"},"schema":{"@context":"https:\/\/schema.org","@graph":[{"@type":"Article","@id":"https:\/\/montecarloliving.com\/en\/events\/printemps-des-arts-festival-in-monte-carlo-2024-8735\/#article","isPartOf":{"@id":"https:\/\/montecarloliving.com\/en\/events\/printemps-des-arts-festival-in-monte-carlo-2024-8735\/"},"author":{"name":"Redazione","@id":"https:\/\/montecarloliving.com\/en\/#\/schema\/person\/7e5945d4560862b7f2d2c6831bda2819"},"headline":"Printemps des Arts Festival in Monte-Carlo 2024","datePublished":"2024-03-11T10:10:27+00:00","dateModified":"2024-03-11T10:13:23+00:00","mainEntityOfPage":{"@id":"https:\/\/montecarloliving.com\/en\/events\/printemps-des-arts-festival-in-monte-carlo-2024-8735\/"},"wordCount":654,"image":{"@id":"https:\/\/montecarloliving.com\/en\/events\/printemps-des-arts-festival-in-monte-carlo-2024-8735\/#primaryimage"},"thumbnailUrl":"https:\/\/montecarloliving.com\/wp-content\/uploads\/2024\/03\/E_507cfbf374.jpeg","articleSection":["Events","Monaco"],"inLanguage":"en-US"},{"@type":"WebPage","@id":"https:\/\/montecarloliving.com\/en\/events\/printemps-des-arts-festival-in-monte-carlo-2024-8735\/","url":"https:\/\/montecarloliving.com\/en\/events\/printemps-des-arts-festival-in-monte-carlo-2024-8735\/","name":"Printemps des Arts Festival in Monte-Carlo 2024","isPartOf":{"@id":"https:\/\/montecarloliving.com\/en\/#website"},"primaryImageOfPage":{"@id":"https:\/\/montecarloliving.com\/en\/events\/printemps-des-arts-festival-in-monte-carlo-2024-8735\/#primaryimage"},"image":{"@id":"https:\/\/montecarloliving.com\/en\/events\/printemps-des-arts-festival-in-monte-carlo-2024-8735\/#primaryimage"},"thumbnailUrl":"https:\/\/montecarloliving.com\/wp-content\/uploads\/2024\/03\/E_507cfbf374.jpeg","datePublished":"2024-03-11T10:10:27+00:00","dateModified":"2024-03-11T10:13:23+00:00","author":{"@id":"https:\/\/montecarloliving.com\/en\/#\/schema\/person\/7e5945d4560862b7f2d2c6831bda2819"},"description":"The Printemps des Arts Festival in Monte-Carlo will open on Wednesday, March 13, at the \u00c9glise Saint-Charles in Monte-Carlo with Ockeghem's Medieval","breadcrumb":{"@id":"https:\/\/montecarloliving.com\/en\/events\/printemps-des-arts-festival-in-monte-carlo-2024-8735\/#breadcrumb"},"inLanguage":"en-US","potentialAction":[{"@type":"ReadAction","target":["https:\/\/montecarloliving.com\/en\/events\/printemps-des-arts-festival-in-monte-carlo-2024-8735\/"]}]},{"@type":"ImageObject","inLanguage":"en-US","@id":"https:\/\/montecarloliving.com\/en\/events\/printemps-des-arts-festival-in-monte-carlo-2024-8735\/#primaryimage","url":"https:\/\/montecarloliving.com\/wp-content\/uploads\/2024\/03\/E_507cfbf374.jpeg","contentUrl":"https:\/\/montecarloliving.com\/wp-content\/uploads\/2024\/03\/E_507cfbf374.jpeg","width":1024,"height":683},{"@type":"BreadcrumbList","@id":"https:\/\/montecarloliving.com\/en\/events\/printemps-des-arts-festival-in-monte-carlo-2024-8735\/#breadcrumb","itemListElement":[{"@type":"ListItem","position":1,"name":"Home","item":"https:\/\/montecarloliving.com\/en\/"},{"@type":"ListItem","position":2,"name":"Printemps des Arts Festival in Monte-Carlo 2024"}]},{"@type":"WebSite","@id":"https:\/\/montecarloliving.com\/en\/#website","url":"https:\/\/montecarloliving.com\/en\/","name":"Montecarlo Living","description":"News da Montecarlo - Principato di Monaco e Costa Azzurra","potentialAction":[{"@type":"SearchAction","target":{"@type":"EntryPoint","urlTemplate":"https:\/\/montecarloliving.com\/en\/?s={search_term_string}"},"query-input":{"@type":"PropertyValueSpecification","valueRequired":true,"valueName":"search_term_string"}}],"inLanguage":"en-US"},{"@type":"Person","@id":"https:\/\/montecarloliving.com\/en\/#\/schema\/person\/7e5945d4560862b7f2d2c6831bda2819","name":"Redazione","image":{"@type":"ImageObject","inLanguage":"en-US","@id":"https:\/\/secure.gravatar.com\/avatar\/8b5f26557e18fe74ad8e8a57ebb2925d88af8a90cee489ff2beefb391bc9b9c7?s=96&d=mm&r=g","url":"https:\/\/secure.gravatar.com\/avatar\/8b5f26557e18fe74ad8e8a57ebb2925d88af8a90cee489ff2beefb391bc9b9c7?s=96&d=mm&r=g","contentUrl":"https:\/\/secure.gravatar.com\/avatar\/8b5f26557e18fe74ad8e8a57ebb2925d88af8a90cee489ff2beefb391bc9b9c7?s=96&d=mm&r=g","caption":"Redazione"}}]}},"_links":{"self":[{"href":"https:\/\/montecarloliving.com\/en\/wp-json\/wp\/v2\/posts\/8735","targetHints":{"allow":["GET"]}}],"collection":[{"href":"https:\/\/montecarloliving.com\/en\/wp-json\/wp\/v2\/posts"}],"about":[{"href":"https:\/\/montecarloliving.com\/en\/wp-json\/wp\/v2\/types\/post"}],"author":[{"embeddable":true,"href":"https:\/\/montecarloliving.com\/en\/wp-json\/wp\/v2\/users\/1"}],"replies":[{"embeddable":true,"href":"https:\/\/montecarloliving.com\/en\/wp-json\/wp\/v2\/comments?post=8735"}],"version-history":[{"count":1,"href":"https:\/\/montecarloliving.com\/en\/wp-json\/wp\/v2\/posts\/8735\/revisions"}],"predecessor-version":[{"id":8736,"href":"https:\/\/montecarloliving.com\/en\/wp-json\/wp\/v2\/posts\/8735\/revisions\/8736"}],"wp:featuredmedia":[{"embeddable":true,"href":"https:\/\/montecarloliving.com\/en\/wp-json\/wp\/v2\/media\/8731"}],"wp:attachment":[{"href":"https:\/\/montecarloliving.com\/en\/wp-json\/wp\/v2\/media?parent=8735"}],"wp:term":[{"taxonomy":"category","embeddable":true,"href":"https:\/\/montecarloliving.com\/en\/wp-json\/wp\/v2\/categories?post=8735"},{"taxonomy":"post_tag","embeddable":true,"href":"https:\/\/montecarloliving.com\/en\/wp-json\/wp\/v2\/tags?post=8735"}],"curies":[{"name":"wp","href":"https:\/\/api.w.org\/{rel}","templated":true}]}}