{"id":34232,"date":"2026-09-04T09:41:49","date_gmt":"2026-09-04T07:41:49","guid":{"rendered":"https:\/\/montecarloliving.com\/?p=34232"},"modified":"2026-09-04T09:40:07","modified_gmt":"2026-09-04T07:40:07","slug":"monte-carlo-jazz-festival-2026-20-years-of-great-music-between-jazz-soul-gospel-and-rock","status":"publish","type":"post","link":"https:\/\/montecarloliving.com\/en\/actuality\/monte-carlo-jazz-festival-2026-20-years-of-great-music-between-jazz-soul-gospel-and-rock-34232\/","title":{"rendered":"Monte-Carlo Jazz Festival 2026: 20 Years of Great Music Between Jazz, Soul, Gospel and Rock"},"content":{"rendered":"<p class=\"isSelectedEnd\"><strong>MONACO \u2013 Twenty years of music, encounters and artistic crossovers.<\/strong> The <strong>Monte-Carlo Jazz Festival 2026<\/strong> is celebrating an important milestone and will return from <strong>November 18 to 29<\/strong> to the prestigious setting of the <strong>Salle Garnier at the Op\u00e9ra de Monte-Carlo<\/strong>, with a programme spanning jazz, soul, gospel, funk, pop and progressive rock.<\/p>\n<p class=\"isSelectedEnd\">This anniversary tells the story of an event that, since 2006, has helped transform the Principality of Monaco into an international destination for outstanding live music. For its twentieth edition, the festival once again focuses on the quality of its artists and the dialogue between different musical languages, confirming a formula that has captivated audiences and music lovers over the years.<\/p>\n<h2>A special edition in memory of Jean-Ren\u00e9 Palacio<\/h2>\n<p class=\"isSelectedEnd\">The official presentation of the programme, held on <strong>September 3<\/strong>, opened with a tribute to <strong>Jean-Ren\u00e9 Palacio<\/strong>, the creator of the Monte-Carlo Jazz Festival in 2006 and a key figure in the artistic direction of Monte-Carlo Soci\u00e9t\u00e9 des Bains de Mer until his passing in 2021.<\/p>\n<p class=\"isSelectedEnd\">St\u00e9phane Valeri, Pr\u00e9sident-D\u00e9l\u00e9gu\u00e9 of Monte-Carlo Soci\u00e9t\u00e9 des Bains de Mer, paid tribute to the man who created a festival built around a clear vision from the very beginning: to make jazz an open language, capable of engaging with different cultures, generations and musical genres.<\/p>\n<p class=\"isSelectedEnd\">Today, that journey continues under the artistic direction of <strong>Alfonso Ciulla<\/strong>, together with co-programmer <strong>Reno Di Matteo<\/strong>, with the aim of preserving the festival&#8217;s original spirit: an international, curious and boundary-free artistic vision.<\/p>\n<h2>Monte-Carlo Jazz Festival 2026: the programme and artists<\/h2>\n<p class=\"isSelectedEnd\">The festival will open on <strong>November 18<\/strong> with one of its most meaningful traditions: the <strong>free concert featuring young musicians from the Acad\u00e9mie Rainier III<\/strong>. A symbolic event that places new generations at the centre of the celebration and highlights the importance of musical education.<\/p>\n<p class=\"isSelectedEnd\"><strong>November 20<\/strong> will feature two major artists from the international music scene. The stage will welcome <strong>Youn Sun Nah<\/strong>, an artist known for her intense voice and extraordinary expressive range, followed by <strong>Gr\u00e9gory Porter<\/strong>, one of the most distinctive voices in contemporary jazz and a two-time Grammy Award winner.<\/p>\n<p class=\"isSelectedEnd\">The following day, <strong>November 21<\/strong>, the Salle Garnier will host the <strong>Thanda Choir<\/strong>, a group of fifteen young South African performers embarking on their first international tour. The evening will also feature <strong>Melody Gardot<\/strong>, the American singer-songwriter admired worldwide for her elegant style and unmistakable vocal presence.<\/p>\n<h2>Jazz and cinema: a tribute to Frank Sinatra<\/h2>\n<p class=\"isSelectedEnd\">On <strong>November 22<\/strong>, the Monte-Carlo Jazz Festival will bring together music and cinema with a screening of <em>The Man with the Golden Arm<\/em>, the celebrated film directed by <strong>Otto Preminger<\/strong>.<\/p>\n<p class=\"isSelectedEnd\">Featuring <strong>Frank Sinatra<\/strong> in the role of Frankie Machine, the film represents one of the most original events on the programme and reflects the festival&#8217;s desire to expand its artistic narrative beyond the traditional concert format, exploring the relationship between jazz, images and contemporary culture.<\/p>\n<h2>Soul, emerging voices and international stars<\/h2>\n<p class=\"isSelectedEnd\"><strong>November 25<\/strong> will be dedicated to new generations and soul-inspired sounds. The stage will welcome <strong>Tyreek McDole<\/strong>, a young talent with a strong artistic identity and Caribbean roots, who has already received significant recognition despite his young age.<\/p>\n<p class=\"isSelectedEnd\">He will be followed by <strong>Selah Sue<\/strong>, one of the most acclaimed Belgian artists on the European soul-pop scene, performing with the Gallands.<\/p>\n<p class=\"isSelectedEnd\">On <strong>November 26<\/strong>, the spotlight will turn to two acts representing different musical worlds, united by a powerful creative energy. British trio <strong>GoGo Penguin<\/strong> will present their new album <em>Necessary Fictions<\/em>, while <strong>The Brand New Heavies<\/strong>, pioneers of the acid jazz movement, will bring their unmistakable blend of funk, groove and soul to Monaco.<\/p>\n<h2>Marillion take centre stage for a night of rock<\/h2>\n<p class=\"isSelectedEnd\">On <strong>November 27<\/strong>, the Monte-Carlo Jazz Festival will take a decisive turn towards rock with an evening entirely dedicated to <strong>Marillion<\/strong>.<\/p>\n<p class=\"isSelectedEnd\">The legendary British band, a landmark name in international progressive rock, will be the sole protagonist of the evening. Their presence once again demonstrates the festival&#8217;s cross-genre identity and its willingness to move beyond traditional musical boundaries.<\/p>\n<p class=\"isSelectedEnd\">Creators of songs that have become classics of British music, including <em>Kayleigh<\/em> and <em>Lavender<\/em>, Marillion will bring one of the most eagerly anticipated performances of the entire 2026 edition to the stage of the Salle Garnier.<\/p>\n<h2>Lila-May and Thomas Dutronc: new trends meet timeless classics<\/h2>\n<p class=\"isSelectedEnd\">On <strong>November 28<\/strong>, the spotlight will turn to <strong>Lila-May<\/strong>, a young French artist regarded as one of the emerging talents of the music scene and already enjoying major success across digital platforms and TikTok.<\/p>\n<p class=\"isSelectedEnd\">The second half of the evening will belong to <strong>Thomas Dutronc<\/strong>, who will pay tribute in his new show to some of the great names in music history, including <strong>Chet Baker<\/strong> and <strong>Django Reinhardt<\/strong>, while revisiting classics that helped shape the language of jazz.<\/p>\n<p class=\"isSelectedEnd\">An evening bringing together emerging trends, digital culture and musical heritage.<\/p>\n<h2>A grand finale with the Soweto Gospel Choir<\/h2>\n<p class=\"isSelectedEnd\">The <strong>Monte-Carlo Jazz Festival 2026<\/strong> will conclude on <strong>November 29<\/strong> with the return of the <strong>Soweto Gospel Choir<\/strong>.<\/p>\n<p class=\"isSelectedEnd\">The celebrated South African choir, winner of three Grammy Awards and previously acclaimed by Monaco audiences in 2013, will present its show <em>JOY<\/em>. The title perfectly captures the spirit of the performance: music, singing, dance and a powerful sense of collective celebration.<\/p>\n<p class=\"isSelectedEnd\">Through the musical traditions of South Africa, the Soweto Gospel Choir will bring messages of hope, unity and resilience to the stage, delivering an emotional and spectacular finale to the festival&#8217;s twentieth edition.<\/p>\n<h2>A festival that is also an experience<\/h2>\n<p class=\"isSelectedEnd\">The Monte-Carlo Jazz Festival is not simply a sequence of concerts. The event also places great importance on the audience experience and on the unique atmosphere of the Salle Garnier.<\/p>\n<p class=\"isSelectedEnd\">During evenings featuring two concerts, spectators will be able to gather during the interval in the elegant setting of <strong>La Rotonde<\/strong>, enjoying cocktails and special experiences created to mark the festival&#8217;s anniversary, including cappuccinos personalised with the 20th-anniversary logo.<\/p>\n<p class=\"isSelectedEnd\">These details help transform every performance into a broader experience, where music meets hospitality and the elegance that has long defined Monaco.<\/p>\n<h2>Twenty years of the Monte-Carlo Jazz Festival, with an eye on the future<\/h2>\n<p class=\"isSelectedEnd\">From <strong>2006 to 2026<\/strong>, the Monte-Carlo Jazz Festival has welcomed French and international artists, established stars and promising new talents, gradually building a distinctive identity.<\/p>\n<p class=\"isSelectedEnd\">Jazz remains at the heart of the festival, but its programme continues to embrace soul, gospel, rock, funk and new musical expressions. It is precisely this ability to evolve without losing its identity that has accompanied the festival throughout its first twenty years.<\/p>\n<p class=\"isSelectedEnd\">The 2026 edition is therefore not simply a celebration of the past, but also a statement of intent for the future: to continue telling the story of music as a place of encounter, freedom and artistic exchange.<\/p>\n<p><strong>From November 18 to 29, 2026, Monaco\u2019s Salle Garnier will once again become the stage for an international musical journey, celebrating twenty years of history and many new emotions still waiting to be written.<\/strong><\/p>\n","protected":false},"excerpt":{"rendered":"<p>MONACO \u2013 Twenty years of music, encounters and artistic crossovers. The Monte-Carlo Jazz Festival 2026 is celebrating an important milestone and will return from November 18 to 29 to the prestigious setting of the Salle Garnier at the Op\u00e9ra de Monte-Carlo, with a programme [&hellip;]<\/p>\n","protected":false},"author":1,"featured_media":34229,"comment_status":"closed","ping_status":"closed","sticky":false,"template":"","format":"standard","meta":{"footnotes":""},"categories":[846,874,850,861],"tags":[],"class_list":["post-34232","post","type-post","status-publish","format-standard","has-post-thumbnail","hentry","category-actuality","category-actuality-in-monaco","category-events","category-monaco-en"],"yoast_head":"<!-- This site is optimized with the Yoast SEO plugin v28.4 - https:\/\/yoast.com\/product\/yoast-seo-wordpress\/ -->\n<title>Monte-Carlo Jazz Festival 2026<\/title>\n<meta name=\"description\" content=\"Monte-Carlo Jazz Festival 2026: 20 Years of Great Music Between Jazz, Soul, Gospel and Rock. From November 18 to 29, a special edition\" \/>\n<meta name=\"robots\" content=\"index, follow, max-snippet:-1, max-image-preview:large, max-video-preview:-1\" \/>\n<link rel=\"canonical\" href=\"https:\/\/montecarloliving.com\/en\/actuality\/monte-carlo-jazz-festival-2026-20-years-of-great-music-between-jazz-soul-gospel-and-rock-34232\/\" \/>\n<meta property=\"og:locale\" content=\"en_US\" \/>\n<meta property=\"og:title\" content=\"Monte-Carlo Jazz Festival 2026\" \/>\n<meta property=\"og:description\" content=\"Monte-Carlo Jazz Festival 2026: 20 Years of Great Music Between Jazz, Soul, Gospel and Rock. From November 18 to 29, a special edition\" \/>\n<meta property=\"og:url\" content=\"https:\/\/montecarloliving.com\/en\/actuality\/monte-carlo-jazz-festival-2026-20-years-of-great-music-between-jazz-soul-gospel-and-rock-34232\/\" \/>\n<meta property=\"og:site_name\" content=\"Montecarlo Living\" \/>\n<meta property=\"article:publisher\" content=\"https:\/\/www.facebook.com\/montecarlolivingcom\/\" \/>\n<meta property=\"article:published_time\" content=\"2026-09-04T07:41:49+00:00\" \/>\n<meta property=\"og:image\" content=\"https:\/\/montecarloliving.com\/wp-content\/uploads\/2026\/09\/bdUDrPgE7u1Fcq4JY7y3KBleCIXFezRAkcmr5cdp-1-650x400.jpg\" \/>\n\t<meta property=\"og:image:width\" content=\"650\" \/>\n\t<meta property=\"og:image:height\" content=\"400\" \/>\n\t<meta property=\"og:image:type\" content=\"image\/jpeg\" \/>\n<meta name=\"author\" content=\"Redazione\" \/>\n<meta name=\"twitter:card\" content=\"summary_large_image\" \/>\n<meta name=\"twitter:creator\" content=\"@MonteCarloLivi\" \/>\n<meta name=\"twitter:site\" content=\"@MonteCarloLivi\" \/>\n<meta name=\"twitter:label1\" content=\"Written by\" \/>\n\t<meta name=\"twitter:data1\" content=\"Redazione\" \/>\n<script type=\"application\/ld+json\" class=\"yoast-schema-graph\">{\"@context\":\"https:\\\/\\\/schema.org\",\"@graph\":[{\"@type\":\"Article\",\"@id\":\"https:\\\/\\\/montecarloliving.com\\\/en\\\/actuality\\\/monte-carlo-jazz-festival-2026-20-years-of-great-music-between-jazz-soul-gospel-and-rock-34232\\\/#article\",\"isPartOf\":{\"@id\":\"https:\\\/\\\/montecarloliving.com\\\/en\\\/actuality\\\/monte-carlo-jazz-festival-2026-20-years-of-great-music-between-jazz-soul-gospel-and-rock-34232\\\/\"},\"author\":{\"name\":\"Redazione\",\"@id\":\"https:\\\/\\\/montecarloliving.com\\\/en\\\/#\\\/schema\\\/person\\\/7e5945d4560862b7f2d2c6831bda2819\"},\"headline\":\"Monte-Carlo Jazz Festival 2026: 20 Years of Great Music Between Jazz, Soul, Gospel and Rock\",\"datePublished\":\"2026-09-04T07:41:49+00:00\",\"mainEntityOfPage\":{\"@id\":\"https:\\\/\\\/montecarloliving.com\\\/en\\\/actuality\\\/monte-carlo-jazz-festival-2026-20-years-of-great-music-between-jazz-soul-gospel-and-rock-34232\\\/\"},\"wordCount\":1151,\"image\":{\"@id\":\"https:\\\/\\\/montecarloliving.com\\\/en\\\/actuality\\\/monte-carlo-jazz-festival-2026-20-years-of-great-music-between-jazz-soul-gospel-and-rock-34232\\\/#primaryimage\"},\"thumbnailUrl\":\"https:\\\/\\\/montecarloliving.com\\\/wp-content\\\/uploads\\\/2026\\\/09\\\/bdUDrPgE7u1Fcq4JY7y3KBleCIXFezRAkcmr5cdp-1-scaled.jpg\",\"articleSection\":[\"Actuality\",\"Actuality in Monaco\",\"Events\",\"Monaco\"],\"inLanguage\":\"en-US\"},{\"@type\":\"WebPage\",\"@id\":\"https:\\\/\\\/montecarloliving.com\\\/en\\\/actuality\\\/monte-carlo-jazz-festival-2026-20-years-of-great-music-between-jazz-soul-gospel-and-rock-34232\\\/\",\"url\":\"https:\\\/\\\/montecarloliving.com\\\/en\\\/actuality\\\/monte-carlo-jazz-festival-2026-20-years-of-great-music-between-jazz-soul-gospel-and-rock-34232\\\/\",\"name\":\"Monte-Carlo Jazz Festival 2026\",\"isPartOf\":{\"@id\":\"https:\\\/\\\/montecarloliving.com\\\/en\\\/#website\"},\"primaryImageOfPage\":{\"@id\":\"https:\\\/\\\/montecarloliving.com\\\/en\\\/actuality\\\/monte-carlo-jazz-festival-2026-20-years-of-great-music-between-jazz-soul-gospel-and-rock-34232\\\/#primaryimage\"},\"image\":{\"@id\":\"https:\\\/\\\/montecarloliving.com\\\/en\\\/actuality\\\/monte-carlo-jazz-festival-2026-20-years-of-great-music-between-jazz-soul-gospel-and-rock-34232\\\/#primaryimage\"},\"thumbnailUrl\":\"https:\\\/\\\/montecarloliving.com\\\/wp-content\\\/uploads\\\/2026\\\/09\\\/bdUDrPgE7u1Fcq4JY7y3KBleCIXFezRAkcmr5cdp-1-scaled.jpg\",\"datePublished\":\"2026-09-04T07:41:49+00:00\",\"author\":{\"@id\":\"https:\\\/\\\/montecarloliving.com\\\/en\\\/#\\\/schema\\\/person\\\/7e5945d4560862b7f2d2c6831bda2819\"},\"description\":\"Monte-Carlo Jazz Festival 2026: 20 Years of Great Music Between Jazz, Soul, Gospel and Rock. From November 18 to 29, a special edition\",\"breadcrumb\":{\"@id\":\"https:\\\/\\\/montecarloliving.com\\\/en\\\/actuality\\\/monte-carlo-jazz-festival-2026-20-years-of-great-music-between-jazz-soul-gospel-and-rock-34232\\\/#breadcrumb\"},\"inLanguage\":\"en-US\",\"potentialAction\":[{\"@type\":\"ReadAction\",\"target\":[\"https:\\\/\\\/montecarloliving.com\\\/en\\\/actuality\\\/monte-carlo-jazz-festival-2026-20-years-of-great-music-between-jazz-soul-gospel-and-rock-34232\\\/\"]}]},{\"@type\":\"ImageObject\",\"inLanguage\":\"en-US\",\"@id\":\"https:\\\/\\\/montecarloliving.com\\\/en\\\/actuality\\\/monte-carlo-jazz-festival-2026-20-years-of-great-music-between-jazz-soul-gospel-and-rock-34232\\\/#primaryimage\",\"url\":\"https:\\\/\\\/montecarloliving.com\\\/wp-content\\\/uploads\\\/2026\\\/09\\\/bdUDrPgE7u1Fcq4JY7y3KBleCIXFezRAkcmr5cdp-1-scaled.jpg\",\"contentUrl\":\"https:\\\/\\\/montecarloliving.com\\\/wp-content\\\/uploads\\\/2026\\\/09\\\/bdUDrPgE7u1Fcq4JY7y3KBleCIXFezRAkcmr5cdp-1-scaled.jpg\",\"width\":2560,\"height\":1706},{\"@type\":\"BreadcrumbList\",\"@id\":\"https:\\\/\\\/montecarloliving.com\\\/en\\\/actuality\\\/monte-carlo-jazz-festival-2026-20-years-of-great-music-between-jazz-soul-gospel-and-rock-34232\\\/#breadcrumb\",\"itemListElement\":[{\"@type\":\"ListItem\",\"position\":1,\"name\":\"Home\",\"item\":\"https:\\\/\\\/montecarloliving.com\\\/en\\\/\"},{\"@type\":\"ListItem\",\"position\":2,\"name\":\"Monte-Carlo Jazz Festival 2026: 20 Years of Great Music Between Jazz, Soul, Gospel and Rock\"}]},{\"@type\":\"WebSite\",\"@id\":\"https:\\\/\\\/montecarloliving.com\\\/en\\\/#website\",\"url\":\"https:\\\/\\\/montecarloliving.com\\\/en\\\/\",\"name\":\"Montecarlo Living\",\"description\":\"News da Montecarlo - Principato di Monaco e Costa Azzurra\",\"potentialAction\":[{\"@type\":\"SearchAction\",\"target\":{\"@type\":\"EntryPoint\",\"urlTemplate\":\"https:\\\/\\\/montecarloliving.com\\\/en\\\/?s={search_term_string}\"},\"query-input\":{\"@type\":\"PropertyValueSpecification\",\"valueRequired\":true,\"valueName\":\"search_term_string\"}}],\"inLanguage\":\"en-US\"},{\"@type\":\"Person\",\"@id\":\"https:\\\/\\\/montecarloliving.com\\\/en\\\/#\\\/schema\\\/person\\\/7e5945d4560862b7f2d2c6831bda2819\",\"name\":\"Redazione\",\"image\":{\"@type\":\"ImageObject\",\"inLanguage\":\"en-US\",\"@id\":\"https:\\\/\\\/secure.gravatar.com\\\/avatar\\\/8b5f26557e18fe74ad8e8a57ebb2925d88af8a90cee489ff2beefb391bc9b9c7?s=96&d=mm&r=g\",\"url\":\"https:\\\/\\\/secure.gravatar.com\\\/avatar\\\/8b5f26557e18fe74ad8e8a57ebb2925d88af8a90cee489ff2beefb391bc9b9c7?s=96&d=mm&r=g\",\"contentUrl\":\"https:\\\/\\\/secure.gravatar.com\\\/avatar\\\/8b5f26557e18fe74ad8e8a57ebb2925d88af8a90cee489ff2beefb391bc9b9c7?s=96&d=mm&r=g\",\"caption\":\"Redazione\"}}]}<\/script>\n<!-- \/ Yoast SEO plugin. -->","yoast_head_json":{"title":"Monte-Carlo Jazz Festival 2026","description":"Monte-Carlo Jazz Festival 2026: 20 Years of Great Music Between Jazz, Soul, Gospel and Rock. From November 18 to 29, a special edition","robots":{"index":"index","follow":"follow","max-snippet":"max-snippet:-1","max-image-preview":"max-image-preview:large","max-video-preview":"max-video-preview:-1"},"canonical":"https:\/\/montecarloliving.com\/en\/actuality\/monte-carlo-jazz-festival-2026-20-years-of-great-music-between-jazz-soul-gospel-and-rock-34232\/","og_locale":"en_US","og_title":"Monte-Carlo Jazz Festival 2026","og_description":"Monte-Carlo Jazz Festival 2026: 20 Years of Great Music Between Jazz, Soul, Gospel and Rock. From November 18 to 29, a special edition","og_url":"https:\/\/montecarloliving.com\/en\/actuality\/monte-carlo-jazz-festival-2026-20-years-of-great-music-between-jazz-soul-gospel-and-rock-34232\/","og_site_name":"Montecarlo Living","article_publisher":"https:\/\/www.facebook.com\/montecarlolivingcom\/","article_published_time":"2026-09-04T07:41:49+00:00","og_image":[{"width":650,"height":400,"url":"https:\/\/montecarloliving.com\/wp-content\/uploads\/2026\/09\/bdUDrPgE7u1Fcq4JY7y3KBleCIXFezRAkcmr5cdp-1-650x400.jpg","type":"image\/jpeg"}],"author":"Redazione","twitter_card":"summary_large_image","twitter_creator":"@MonteCarloLivi","twitter_site":"@MonteCarloLivi","twitter_misc":{"Written by":"Redazione"},"schema":{"@context":"https:\/\/schema.org","@graph":[{"@type":"Article","@id":"https:\/\/montecarloliving.com\/en\/actuality\/monte-carlo-jazz-festival-2026-20-years-of-great-music-between-jazz-soul-gospel-and-rock-34232\/#article","isPartOf":{"@id":"https:\/\/montecarloliving.com\/en\/actuality\/monte-carlo-jazz-festival-2026-20-years-of-great-music-between-jazz-soul-gospel-and-rock-34232\/"},"author":{"name":"Redazione","@id":"https:\/\/montecarloliving.com\/en\/#\/schema\/person\/7e5945d4560862b7f2d2c6831bda2819"},"headline":"Monte-Carlo Jazz Festival 2026: 20 Years of Great Music Between Jazz, Soul, Gospel and Rock","datePublished":"2026-09-04T07:41:49+00:00","mainEntityOfPage":{"@id":"https:\/\/montecarloliving.com\/en\/actuality\/monte-carlo-jazz-festival-2026-20-years-of-great-music-between-jazz-soul-gospel-and-rock-34232\/"},"wordCount":1151,"image":{"@id":"https:\/\/montecarloliving.com\/en\/actuality\/monte-carlo-jazz-festival-2026-20-years-of-great-music-between-jazz-soul-gospel-and-rock-34232\/#primaryimage"},"thumbnailUrl":"https:\/\/montecarloliving.com\/wp-content\/uploads\/2026\/09\/bdUDrPgE7u1Fcq4JY7y3KBleCIXFezRAkcmr5cdp-1-scaled.jpg","articleSection":["Actuality","Actuality in Monaco","Events","Monaco"],"inLanguage":"en-US"},{"@type":"WebPage","@id":"https:\/\/montecarloliving.com\/en\/actuality\/monte-carlo-jazz-festival-2026-20-years-of-great-music-between-jazz-soul-gospel-and-rock-34232\/","url":"https:\/\/montecarloliving.com\/en\/actuality\/monte-carlo-jazz-festival-2026-20-years-of-great-music-between-jazz-soul-gospel-and-rock-34232\/","name":"Monte-Carlo Jazz Festival 2026","isPartOf":{"@id":"https:\/\/montecarloliving.com\/en\/#website"},"primaryImageOfPage":{"@id":"https:\/\/montecarloliving.com\/en\/actuality\/monte-carlo-jazz-festival-2026-20-years-of-great-music-between-jazz-soul-gospel-and-rock-34232\/#primaryimage"},"image":{"@id":"https:\/\/montecarloliving.com\/en\/actuality\/monte-carlo-jazz-festival-2026-20-years-of-great-music-between-jazz-soul-gospel-and-rock-34232\/#primaryimage"},"thumbnailUrl":"https:\/\/montecarloliving.com\/wp-content\/uploads\/2026\/09\/bdUDrPgE7u1Fcq4JY7y3KBleCIXFezRAkcmr5cdp-1-scaled.jpg","datePublished":"2026-09-04T07:41:49+00:00","author":{"@id":"https:\/\/montecarloliving.com\/en\/#\/schema\/person\/7e5945d4560862b7f2d2c6831bda2819"},"description":"Monte-Carlo Jazz Festival 2026: 20 Years of Great Music Between Jazz, Soul, Gospel and Rock. From November 18 to 29, a special edition","breadcrumb":{"@id":"https:\/\/montecarloliving.com\/en\/actuality\/monte-carlo-jazz-festival-2026-20-years-of-great-music-between-jazz-soul-gospel-and-rock-34232\/#breadcrumb"},"inLanguage":"en-US","potentialAction":[{"@type":"ReadAction","target":["https:\/\/montecarloliving.com\/en\/actuality\/monte-carlo-jazz-festival-2026-20-years-of-great-music-between-jazz-soul-gospel-and-rock-34232\/"]}]},{"@type":"ImageObject","inLanguage":"en-US","@id":"https:\/\/montecarloliving.com\/en\/actuality\/monte-carlo-jazz-festival-2026-20-years-of-great-music-between-jazz-soul-gospel-and-rock-34232\/#primaryimage","url":"https:\/\/montecarloliving.com\/wp-content\/uploads\/2026\/09\/bdUDrPgE7u1Fcq4JY7y3KBleCIXFezRAkcmr5cdp-1-scaled.jpg","contentUrl":"https:\/\/montecarloliving.com\/wp-content\/uploads\/2026\/09\/bdUDrPgE7u1Fcq4JY7y3KBleCIXFezRAkcmr5cdp-1-scaled.jpg","width":2560,"height":1706},{"@type":"BreadcrumbList","@id":"https:\/\/montecarloliving.com\/en\/actuality\/monte-carlo-jazz-festival-2026-20-years-of-great-music-between-jazz-soul-gospel-and-rock-34232\/#breadcrumb","itemListElement":[{"@type":"ListItem","position":1,"name":"Home","item":"https:\/\/montecarloliving.com\/en\/"},{"@type":"ListItem","position":2,"name":"Monte-Carlo Jazz Festival 2026: 20 Years of Great Music Between Jazz, Soul, Gospel and Rock"}]},{"@type":"WebSite","@id":"https:\/\/montecarloliving.com\/en\/#website","url":"https:\/\/montecarloliving.com\/en\/","name":"Montecarlo Living","description":"News da Montecarlo - Principato di Monaco e Costa Azzurra","potentialAction":[{"@type":"SearchAction","target":{"@type":"EntryPoint","urlTemplate":"https:\/\/montecarloliving.com\/en\/?s={search_term_string}"},"query-input":{"@type":"PropertyValueSpecification","valueRequired":true,"valueName":"search_term_string"}}],"inLanguage":"en-US"},{"@type":"Person","@id":"https:\/\/montecarloliving.com\/en\/#\/schema\/person\/7e5945d4560862b7f2d2c6831bda2819","name":"Redazione","image":{"@type":"ImageObject","inLanguage":"en-US","@id":"https:\/\/secure.gravatar.com\/avatar\/8b5f26557e18fe74ad8e8a57ebb2925d88af8a90cee489ff2beefb391bc9b9c7?s=96&d=mm&r=g","url":"https:\/\/secure.gravatar.com\/avatar\/8b5f26557e18fe74ad8e8a57ebb2925d88af8a90cee489ff2beefb391bc9b9c7?s=96&d=mm&r=g","contentUrl":"https:\/\/secure.gravatar.com\/avatar\/8b5f26557e18fe74ad8e8a57ebb2925d88af8a90cee489ff2beefb391bc9b9c7?s=96&d=mm&r=g","caption":"Redazione"}}]}},"_links":{"self":[{"href":"https:\/\/montecarloliving.com\/en\/wp-json\/wp\/v2\/posts\/34232","targetHints":{"allow":["GET"]}}],"collection":[{"href":"https:\/\/montecarloliving.com\/en\/wp-json\/wp\/v2\/posts"}],"about":[{"href":"https:\/\/montecarloliving.com\/en\/wp-json\/wp\/v2\/types\/post"}],"author":[{"embeddable":true,"href":"https:\/\/montecarloliving.com\/en\/wp-json\/wp\/v2\/users\/1"}],"replies":[{"embeddable":true,"href":"https:\/\/montecarloliving.com\/en\/wp-json\/wp\/v2\/comments?post=34232"}],"version-history":[{"count":1,"href":"https:\/\/montecarloliving.com\/en\/wp-json\/wp\/v2\/posts\/34232\/revisions"}],"predecessor-version":[{"id":34233,"href":"https:\/\/montecarloliving.com\/en\/wp-json\/wp\/v2\/posts\/34232\/revisions\/34233"}],"wp:featuredmedia":[{"embeddable":true,"href":"https:\/\/montecarloliving.com\/en\/wp-json\/wp\/v2\/media\/34229"}],"wp:attachment":[{"href":"https:\/\/montecarloliving.com\/en\/wp-json\/wp\/v2\/media?parent=34232"}],"wp:term":[{"taxonomy":"category","embeddable":true,"href":"https:\/\/montecarloliving.com\/en\/wp-json\/wp\/v2\/categories?post=34232"},{"taxonomy":"post_tag","embeddable":true,"href":"https:\/\/montecarloliving.com\/en\/wp-json\/wp\/v2\/tags?post=34232"}],"curies":[{"name":"wp","href":"https:\/\/api.w.org\/{rel}","templated":true}]}}