{"id":34002,"date":"2026-08-31T12:45:20","date_gmt":"2026-08-31T10:45:20","guid":{"rendered":"https:\/\/montecarloliving.com\/?p=34002"},"modified":"2026-08-27T12:03:01","modified_gmt":"2026-08-27T10:03:01","slug":"festival-des-etoiles-monte-carlo-2026-international-haute-cuisine-returns-to-the-principality","status":"publish","type":"post","link":"https:\/\/montecarloliving.com\/en\/actuality\/festival-des-etoiles-monte-carlo-2026-international-haute-cuisine-returns-to-the-principality-34002\/","title":{"rendered":"Festival des \u00c9toil\u00e9s Monte-Carlo 2026: International Haute Cuisine Returns to the Principality"},"content":{"rendered":"<p class=\"PDq2pG_selectionAnchorContainer\" data-start=\"334\" data-end=\"642\">Monte-Carlo is preparing to once again take center stage in the world of international gastronomy with the <strong data-start=\"441\" data-end=\"494\">sixth edition of Festival des \u00c9toil\u00e9s Monte-Carlo<\/strong>, organized by Monte-Carlo Soci\u00e9t\u00e9 des Bains de Mer and dedicated to bringing together some of the most renowned chefs on the global culinary scene.<\/p>\n<p data-start=\"644\" data-end=\"978\">The <strong data-start=\"648\" data-end=\"664\">2026 program<\/strong> features major names in international cuisine, invited to share their kitchens and creativity with the chefs of the Resort\u2019s Michelin-starred restaurants. The result is a calendar of exclusive dinners and culinary collaborations designed to showcase different techniques, ingredients and gastronomic philosophies.<\/p>\n<h3 data-section-id=\"38fa5s\" data-start=\"980\" data-end=\"1031\">Yannick All\u00e9no and Martino Ruggieri at L\u2019Abysse<\/h3>\n<p data-start=\"1033\" data-end=\"1193\">The first major event is scheduled for <strong data-start=\"1072\" data-end=\"1104\">Saturday, September 19, 2026<\/strong>, at <strong data-start=\"1109\" data-end=\"1133\">L\u2019Abysse Monte-Carlo<\/strong>, the gastronomic restaurant at H\u00f4tel Hermitage Monte-Carlo.<\/p>\n<p data-start=\"1195\" data-end=\"1514\">For the occasion, <strong data-start=\"1213\" data-end=\"1252\">Yannick All\u00e9no and Martino Ruggieri<\/strong> will join forces for an exclusive four-hands dinner. Their different professional backgrounds will come together in a menu specially created for the event, offering guests the opportunity to experience a genuine dialogue between two culinary styles and visions.<\/p>\n<p data-start=\"1516\" data-end=\"1553\"><span class=\"contents\" data-content-reference-start=\"1516\" data-content-reference-end=\"1670\"><span class=\"\" data-state=\"closed\"><a class=\"decorated-link\" href=\"https:\/\/www.montecarlosbm.com\/fr\/activity\/labysse-monte-carlo-un-4-mains-yannick-alleno-x-martino-ruggieri?utm_source=chatgpt.com\" target=\"_blank\" rel=\"noopener\">Information and reservations for L\u2019Abysse<\/a><\/p>\n<h3 data-section-id=\"j282f2\" data-start=\"1555\" data-end=\"1606\">Alain Ducasse and Bj\u00f6rn Frantz\u00e9n at Le Louis XV<\/h3>\n<p data-start=\"1608\" data-end=\"1741\">Just a few days later, on <strong data-start=\"1634\" data-end=\"1661\">Wednesday, September 23<\/strong>, the spotlight will move to <strong data-start=\"1690\" data-end=\"1740\">Le Louis XV \u2013 Alain Ducasse \u00e0 l\u2019H\u00f4tel de Paris<\/strong>.<\/p>\n<p data-start=\"1743\" data-end=\"1924\">There, <strong data-start=\"1750\" data-end=\"1767\">Alain Ducasse<\/strong> will share the kitchen with <strong data-start=\"1796\" data-end=\"1814\">Bj\u00f6rn Frantz\u00e9n<\/strong> for another exclusive four-hands dinner bringing together two leading figures in international haute cuisine.<\/p>\n<p data-start=\"1926\" data-end=\"2098\">The event will be one of the highlights of the Festival, confirming the event\u2019s mission to create opportunities for direct exchange between internationally acclaimed chefs.<\/p>\n<p data-start=\"2100\" data-end=\"2137\"><span class=\"contents\" data-content-reference-start=\"2217\" data-content-reference-end=\"2393\"><span class=\"\" data-state=\"closed\"><a class=\"decorated-link\" href=\"https:\/\/www.montecarlosbm.com\/fr\/activity\/le-louis-xv-alain-ducasse-lhotel-de-paris-un-4-mains-alain-ducasse-x-bjorn-frantzen?utm_source=chatgpt.com\" target=\"_blank\" rel=\"noopener\">Information and reservations for Le Louis XV<\/a><\/p>\n<h3 data-section-id=\"ox95do\" data-start=\"2139\" data-end=\"2200\">Six Michelin-starred restaurants involved in the Festival<\/h3>\n<p data-start=\"2202\" data-end=\"2401\">The sixth edition brings together <strong data-start=\"2236\" data-end=\"2321\">six Michelin-starred restaurants operated by Monte-Carlo Soci\u00e9t\u00e9 des Bains de Mer<\/strong>, located across some of the Principality\u2019s most prestigious hotels and resorts.<\/p>\n<p data-start=\"2403\" data-end=\"2436\">The gastronomic journey includes:<\/p>\n<ul data-start=\"2438\" data-end=\"2784\">\n<li data-section-id=\"efnuc9\" data-start=\"2438\" data-end=\"2504\"><strong data-start=\"2440\" data-end=\"2468\">Le Blue Bay Marcel Ravin<\/strong>, at Monte-Carlo Bay Hotel &amp; Resort;<\/li>\n<li data-section-id=\"9s8l5x\" data-start=\"2505\" data-end=\"2551\"><strong data-start=\"2507\" data-end=\"2519\">Le Grill<\/strong>, at H\u00f4tel de Paris Monte-Carlo;<\/li>\n<li data-section-id=\"ptqrv9\" data-start=\"2552\" data-end=\"2617\"><strong data-start=\"2554\" data-end=\"2585\">Le Louis XV \u2013 Alain Ducasse<\/strong>, at H\u00f4tel de Paris Monte-Carlo;<\/li>\n<li data-section-id=\"1o2r6i5\" data-start=\"2618\" data-end=\"2677\"><strong data-start=\"2620\" data-end=\"2644\">L\u2019Abysse Monte-Carlo<\/strong>, at H\u00f4tel Hermitage Monte-Carlo;<\/li>\n<li data-section-id=\"1k64xp4\" data-start=\"2678\" data-end=\"2737\"><strong data-start=\"2680\" data-end=\"2704\">Pavyllon Monte-Carlo<\/strong>, at H\u00f4tel Hermitage Monte-Carlo;<\/li>\n<li data-section-id=\"353064\" data-start=\"2738\" data-end=\"2784\"><strong data-start=\"2740\" data-end=\"2761\">Elsa Marcel Ravin<\/strong>, at Monte-Carlo Beach.<\/li>\n<\/ul>\n<p data-start=\"2786\" data-end=\"2987\">The Resort\u2019s gastronomic network is one of the Festival\u2019s major strengths. Its resident chefs become the protagonists of collaborations with colleagues from different countries and culinary traditions.<\/p>\n<h3 data-section-id=\"165gep\" data-start=\"2989\" data-end=\"3036\">The Grand Gala will close the sixth edition<\/h3>\n<p data-start=\"3038\" data-end=\"3195\">The <strong data-start=\"3042\" data-end=\"3083\">Festival des \u00c9toil\u00e9s Monte-Carlo 2026<\/strong> will continue throughout the autumn before culminating in the <strong data-start=\"3146\" data-end=\"3163\">Festival Gala<\/strong>, scheduled for <strong data-start=\"3179\" data-end=\"3194\">November 14<\/strong>.<\/p>\n<p data-start=\"3197\" data-end=\"3451\">The evening will bring together three celebrated chefs: <strong data-start=\"3253\" data-end=\"3303\">Alain Ducasse, Yannick All\u00e9no and Marcel Ravin<\/strong>, who will take to the kitchen and prepare their creations for guests. The sweet finale will be entrusted to renowned pastry chef <strong data-start=\"3433\" data-end=\"3450\">C\u00e9dric Grolet<\/strong>.<\/p>\n<p data-start=\"3453\" data-end=\"3610\">The Gala promises to be the grand finale of a season devoted to haute cuisine and collaboration between some of the world\u2019s most celebrated culinary talents.<\/p>\n<h3 data-section-id=\"1koeh82\" data-start=\"3612\" data-end=\"3662\">Monte-Carlo as a destination for haute cuisine<\/h3>\n<p data-start=\"3664\" data-end=\"3845\">With its new edition, Festival des \u00c9toil\u00e9s Monte-Carlo further establishes a format centered on the meeting of chefs, culinary cultures and different interpretations of fine dining.<\/p>\n<p data-start=\"3847\" data-end=\"4136\">The <strong data-start=\"3851\" data-end=\"3873\">four-hands dinners<\/strong> remain at the heart of the event: more than simply exclusive gastronomic experiences, they offer chefs the opportunity to exchange ideas and create original menus, turning the Principality\u2019s restaurants into spaces for culinary experimentation and collaboration.<\/p>\n<p data-start=\"4138\" data-end=\"4397\" data-is-last-node=\"\" data-is-only-node=\"\">From September through November, <strong data-start=\"4171\" data-end=\"4271\">Monte-Carlo will once again position itself as a leading destination for lovers of haute cuisine<\/strong>, combining the world\u2019s greatest culinary talents with the distinctive identity of the Principality\u2019s prestigious restaurants.<\/p>\n","protected":false},"excerpt":{"rendered":"<p>Monte-Carlo is preparing to once again take center stage in the world of international gastronomy with the sixth edition of Festival des \u00c9toil\u00e9s Monte-Carlo, organized by Monte-Carlo Soci\u00e9t\u00e9 des Bains de Mer and dedicated to bringing together some of the most renowned chefs on [&hellip;]<\/p>\n","protected":false},"author":1,"featured_media":33999,"comment_status":"closed","ping_status":"closed","sticky":false,"template":"","format":"standard","meta":{"footnotes":""},"categories":[846,874,850,861],"tags":[],"class_list":["post-34002","post","type-post","status-publish","format-standard","has-post-thumbnail","hentry","category-actuality","category-actuality-in-monaco","category-events","category-monaco-en"],"yoast_head":"<!-- This site is optimized with the Yoast SEO plugin v28.3 - https:\/\/yoast.com\/product\/yoast-seo-wordpress\/ -->\n<title>Festival des \u00c9toil\u00e9s Monte-Carlo 2026<\/title>\n<meta name=\"description\" content=\"Festival des \u00c9toil\u00e9s Monte-Carlo 2026: International Haute Cuisine Returns to the Principality. Six Michelin-starred restaurants, renowned\" \/>\n<meta name=\"robots\" content=\"index, follow, max-snippet:-1, max-image-preview:large, max-video-preview:-1\" \/>\n<link rel=\"canonical\" href=\"https:\/\/montecarloliving.com\/en\/actuality\/festival-des-etoiles-monte-carlo-2026-international-haute-cuisine-returns-to-the-principality-34002\/\" \/>\n<meta property=\"og:locale\" content=\"en_US\" \/>\n<meta property=\"og:title\" content=\"Festival des \u00c9toil\u00e9s Monte-Carlo 2026\" \/>\n<meta property=\"og:description\" content=\"Festival des \u00c9toil\u00e9s Monte-Carlo 2026: International Haute Cuisine Returns to the Principality. Six Michelin-starred restaurants, renowned\" \/>\n<meta property=\"og:url\" content=\"https:\/\/montecarloliving.com\/en\/actuality\/festival-des-etoiles-monte-carlo-2026-international-haute-cuisine-returns-to-the-principality-34002\/\" \/>\n<meta property=\"og:site_name\" content=\"Montecarlo Living\" \/>\n<meta property=\"article:publisher\" content=\"https:\/\/www.facebook.com\/montecarlolivingcom\/\" \/>\n<meta property=\"article:published_time\" content=\"2026-08-31T10:45:20+00:00\" \/>\n<meta property=\"og:image\" content=\"https:\/\/montecarloliving.com\/wp-content\/uploads\/2026\/08\/Visuel-Festival-des-Etoiles-Monte-Carlo-2026-650x400.webp\" \/>\n\t<meta property=\"og:image:width\" content=\"650\" \/>\n\t<meta property=\"og:image:height\" content=\"400\" \/>\n\t<meta property=\"og:image:type\" content=\"image\/webp\" \/>\n<meta name=\"author\" content=\"Redazione\" \/>\n<meta name=\"twitter:card\" content=\"summary_large_image\" \/>\n<meta name=\"twitter:creator\" content=\"@MonteCarloLivi\" \/>\n<meta name=\"twitter:site\" content=\"@MonteCarloLivi\" \/>\n<meta name=\"twitter:label1\" content=\"Written by\" \/>\n\t<meta name=\"twitter:data1\" content=\"Redazione\" \/>\n<script type=\"application\/ld+json\" class=\"yoast-schema-graph\">{\"@context\":\"https:\\\/\\\/schema.org\",\"@graph\":[{\"@type\":\"Article\",\"@id\":\"https:\\\/\\\/montecarloliving.com\\\/en\\\/actuality\\\/festival-des-etoiles-monte-carlo-2026-international-haute-cuisine-returns-to-the-principality-34002\\\/#article\",\"isPartOf\":{\"@id\":\"https:\\\/\\\/montecarloliving.com\\\/en\\\/actuality\\\/festival-des-etoiles-monte-carlo-2026-international-haute-cuisine-returns-to-the-principality-34002\\\/\"},\"author\":{\"name\":\"Redazione\",\"@id\":\"https:\\\/\\\/montecarloliving.com\\\/en\\\/#\\\/schema\\\/person\\\/7e5945d4560862b7f2d2c6831bda2819\"},\"headline\":\"Festival des \u00c9toil\u00e9s Monte-Carlo 2026: International Haute Cuisine Returns to the Principality\",\"datePublished\":\"2026-08-31T10:45:20+00:00\",\"mainEntityOfPage\":{\"@id\":\"https:\\\/\\\/montecarloliving.com\\\/en\\\/actuality\\\/festival-des-etoiles-monte-carlo-2026-international-haute-cuisine-returns-to-the-principality-34002\\\/\"},\"wordCount\":608,\"image\":{\"@id\":\"https:\\\/\\\/montecarloliving.com\\\/en\\\/actuality\\\/festival-des-etoiles-monte-carlo-2026-international-haute-cuisine-returns-to-the-principality-34002\\\/#primaryimage\"},\"thumbnailUrl\":\"https:\\\/\\\/montecarloliving.com\\\/wp-content\\\/uploads\\\/2026\\\/08\\\/Visuel-Festival-des-Etoiles-Monte-Carlo-2026.webp\",\"articleSection\":[\"Actuality\",\"Actuality in Monaco\",\"Events\",\"Monaco\"],\"inLanguage\":\"en-US\"},{\"@type\":\"WebPage\",\"@id\":\"https:\\\/\\\/montecarloliving.com\\\/en\\\/actuality\\\/festival-des-etoiles-monte-carlo-2026-international-haute-cuisine-returns-to-the-principality-34002\\\/\",\"url\":\"https:\\\/\\\/montecarloliving.com\\\/en\\\/actuality\\\/festival-des-etoiles-monte-carlo-2026-international-haute-cuisine-returns-to-the-principality-34002\\\/\",\"name\":\"Festival des \u00c9toil\u00e9s Monte-Carlo 2026\",\"isPartOf\":{\"@id\":\"https:\\\/\\\/montecarloliving.com\\\/en\\\/#website\"},\"primaryImageOfPage\":{\"@id\":\"https:\\\/\\\/montecarloliving.com\\\/en\\\/actuality\\\/festival-des-etoiles-monte-carlo-2026-international-haute-cuisine-returns-to-the-principality-34002\\\/#primaryimage\"},\"image\":{\"@id\":\"https:\\\/\\\/montecarloliving.com\\\/en\\\/actuality\\\/festival-des-etoiles-monte-carlo-2026-international-haute-cuisine-returns-to-the-principality-34002\\\/#primaryimage\"},\"thumbnailUrl\":\"https:\\\/\\\/montecarloliving.com\\\/wp-content\\\/uploads\\\/2026\\\/08\\\/Visuel-Festival-des-Etoiles-Monte-Carlo-2026.webp\",\"datePublished\":\"2026-08-31T10:45:20+00:00\",\"author\":{\"@id\":\"https:\\\/\\\/montecarloliving.com\\\/en\\\/#\\\/schema\\\/person\\\/7e5945d4560862b7f2d2c6831bda2819\"},\"description\":\"Festival des \u00c9toil\u00e9s Monte-Carlo 2026: International Haute Cuisine Returns to the Principality. Six Michelin-starred restaurants, renowned\",\"breadcrumb\":{\"@id\":\"https:\\\/\\\/montecarloliving.com\\\/en\\\/actuality\\\/festival-des-etoiles-monte-carlo-2026-international-haute-cuisine-returns-to-the-principality-34002\\\/#breadcrumb\"},\"inLanguage\":\"en-US\",\"potentialAction\":[{\"@type\":\"ReadAction\",\"target\":[\"https:\\\/\\\/montecarloliving.com\\\/en\\\/actuality\\\/festival-des-etoiles-monte-carlo-2026-international-haute-cuisine-returns-to-the-principality-34002\\\/\"]}]},{\"@type\":\"ImageObject\",\"inLanguage\":\"en-US\",\"@id\":\"https:\\\/\\\/montecarloliving.com\\\/en\\\/actuality\\\/festival-des-etoiles-monte-carlo-2026-international-haute-cuisine-returns-to-the-principality-34002\\\/#primaryimage\",\"url\":\"https:\\\/\\\/montecarloliving.com\\\/wp-content\\\/uploads\\\/2026\\\/08\\\/Visuel-Festival-des-Etoiles-Monte-Carlo-2026.webp\",\"contentUrl\":\"https:\\\/\\\/montecarloliving.com\\\/wp-content\\\/uploads\\\/2026\\\/08\\\/Visuel-Festival-des-Etoiles-Monte-Carlo-2026.webp\",\"width\":1600,\"height\":900},{\"@type\":\"BreadcrumbList\",\"@id\":\"https:\\\/\\\/montecarloliving.com\\\/en\\\/actuality\\\/festival-des-etoiles-monte-carlo-2026-international-haute-cuisine-returns-to-the-principality-34002\\\/#breadcrumb\",\"itemListElement\":[{\"@type\":\"ListItem\",\"position\":1,\"name\":\"Home\",\"item\":\"https:\\\/\\\/montecarloliving.com\\\/en\\\/\"},{\"@type\":\"ListItem\",\"position\":2,\"name\":\"Festival des \u00c9toil\u00e9s Monte-Carlo 2026: International Haute Cuisine Returns to the Principality\"}]},{\"@type\":\"WebSite\",\"@id\":\"https:\\\/\\\/montecarloliving.com\\\/en\\\/#website\",\"url\":\"https:\\\/\\\/montecarloliving.com\\\/en\\\/\",\"name\":\"Montecarlo Living\",\"description\":\"News da Montecarlo - Principato di Monaco e Costa Azzurra\",\"potentialAction\":[{\"@type\":\"SearchAction\",\"target\":{\"@type\":\"EntryPoint\",\"urlTemplate\":\"https:\\\/\\\/montecarloliving.com\\\/en\\\/?s={search_term_string}\"},\"query-input\":{\"@type\":\"PropertyValueSpecification\",\"valueRequired\":true,\"valueName\":\"search_term_string\"}}],\"inLanguage\":\"en-US\"},{\"@type\":\"Person\",\"@id\":\"https:\\\/\\\/montecarloliving.com\\\/en\\\/#\\\/schema\\\/person\\\/7e5945d4560862b7f2d2c6831bda2819\",\"name\":\"Redazione\",\"image\":{\"@type\":\"ImageObject\",\"inLanguage\":\"en-US\",\"@id\":\"https:\\\/\\\/secure.gravatar.com\\\/avatar\\\/8b5f26557e18fe74ad8e8a57ebb2925d88af8a90cee489ff2beefb391bc9b9c7?s=96&d=mm&r=g\",\"url\":\"https:\\\/\\\/secure.gravatar.com\\\/avatar\\\/8b5f26557e18fe74ad8e8a57ebb2925d88af8a90cee489ff2beefb391bc9b9c7?s=96&d=mm&r=g\",\"contentUrl\":\"https:\\\/\\\/secure.gravatar.com\\\/avatar\\\/8b5f26557e18fe74ad8e8a57ebb2925d88af8a90cee489ff2beefb391bc9b9c7?s=96&d=mm&r=g\",\"caption\":\"Redazione\"}}]}<\/script>\n<!-- \/ Yoast SEO plugin. -->","yoast_head_json":{"title":"Festival des \u00c9toil\u00e9s Monte-Carlo 2026","description":"Festival des \u00c9toil\u00e9s Monte-Carlo 2026: International Haute Cuisine Returns to the Principality. Six Michelin-starred restaurants, renowned","robots":{"index":"index","follow":"follow","max-snippet":"max-snippet:-1","max-image-preview":"max-image-preview:large","max-video-preview":"max-video-preview:-1"},"canonical":"https:\/\/montecarloliving.com\/en\/actuality\/festival-des-etoiles-monte-carlo-2026-international-haute-cuisine-returns-to-the-principality-34002\/","og_locale":"en_US","og_title":"Festival des \u00c9toil\u00e9s Monte-Carlo 2026","og_description":"Festival des \u00c9toil\u00e9s Monte-Carlo 2026: International Haute Cuisine Returns to the Principality. Six Michelin-starred restaurants, renowned","og_url":"https:\/\/montecarloliving.com\/en\/actuality\/festival-des-etoiles-monte-carlo-2026-international-haute-cuisine-returns-to-the-principality-34002\/","og_site_name":"Montecarlo Living","article_publisher":"https:\/\/www.facebook.com\/montecarlolivingcom\/","article_published_time":"2026-08-31T10:45:20+00:00","og_image":[{"width":650,"height":400,"url":"https:\/\/montecarloliving.com\/wp-content\/uploads\/2026\/08\/Visuel-Festival-des-Etoiles-Monte-Carlo-2026-650x400.webp","type":"image\/webp"}],"author":"Redazione","twitter_card":"summary_large_image","twitter_creator":"@MonteCarloLivi","twitter_site":"@MonteCarloLivi","twitter_misc":{"Written by":"Redazione"},"schema":{"@context":"https:\/\/schema.org","@graph":[{"@type":"Article","@id":"https:\/\/montecarloliving.com\/en\/actuality\/festival-des-etoiles-monte-carlo-2026-international-haute-cuisine-returns-to-the-principality-34002\/#article","isPartOf":{"@id":"https:\/\/montecarloliving.com\/en\/actuality\/festival-des-etoiles-monte-carlo-2026-international-haute-cuisine-returns-to-the-principality-34002\/"},"author":{"name":"Redazione","@id":"https:\/\/montecarloliving.com\/en\/#\/schema\/person\/7e5945d4560862b7f2d2c6831bda2819"},"headline":"Festival des \u00c9toil\u00e9s Monte-Carlo 2026: International Haute Cuisine Returns to the Principality","datePublished":"2026-08-31T10:45:20+00:00","mainEntityOfPage":{"@id":"https:\/\/montecarloliving.com\/en\/actuality\/festival-des-etoiles-monte-carlo-2026-international-haute-cuisine-returns-to-the-principality-34002\/"},"wordCount":608,"image":{"@id":"https:\/\/montecarloliving.com\/en\/actuality\/festival-des-etoiles-monte-carlo-2026-international-haute-cuisine-returns-to-the-principality-34002\/#primaryimage"},"thumbnailUrl":"https:\/\/montecarloliving.com\/wp-content\/uploads\/2026\/08\/Visuel-Festival-des-Etoiles-Monte-Carlo-2026.webp","articleSection":["Actuality","Actuality in Monaco","Events","Monaco"],"inLanguage":"en-US"},{"@type":"WebPage","@id":"https:\/\/montecarloliving.com\/en\/actuality\/festival-des-etoiles-monte-carlo-2026-international-haute-cuisine-returns-to-the-principality-34002\/","url":"https:\/\/montecarloliving.com\/en\/actuality\/festival-des-etoiles-monte-carlo-2026-international-haute-cuisine-returns-to-the-principality-34002\/","name":"Festival des \u00c9toil\u00e9s Monte-Carlo 2026","isPartOf":{"@id":"https:\/\/montecarloliving.com\/en\/#website"},"primaryImageOfPage":{"@id":"https:\/\/montecarloliving.com\/en\/actuality\/festival-des-etoiles-monte-carlo-2026-international-haute-cuisine-returns-to-the-principality-34002\/#primaryimage"},"image":{"@id":"https:\/\/montecarloliving.com\/en\/actuality\/festival-des-etoiles-monte-carlo-2026-international-haute-cuisine-returns-to-the-principality-34002\/#primaryimage"},"thumbnailUrl":"https:\/\/montecarloliving.com\/wp-content\/uploads\/2026\/08\/Visuel-Festival-des-Etoiles-Monte-Carlo-2026.webp","datePublished":"2026-08-31T10:45:20+00:00","author":{"@id":"https:\/\/montecarloliving.com\/en\/#\/schema\/person\/7e5945d4560862b7f2d2c6831bda2819"},"description":"Festival des \u00c9toil\u00e9s Monte-Carlo 2026: International Haute Cuisine Returns to the Principality. Six Michelin-starred restaurants, renowned","breadcrumb":{"@id":"https:\/\/montecarloliving.com\/en\/actuality\/festival-des-etoiles-monte-carlo-2026-international-haute-cuisine-returns-to-the-principality-34002\/#breadcrumb"},"inLanguage":"en-US","potentialAction":[{"@type":"ReadAction","target":["https:\/\/montecarloliving.com\/en\/actuality\/festival-des-etoiles-monte-carlo-2026-international-haute-cuisine-returns-to-the-principality-34002\/"]}]},{"@type":"ImageObject","inLanguage":"en-US","@id":"https:\/\/montecarloliving.com\/en\/actuality\/festival-des-etoiles-monte-carlo-2026-international-haute-cuisine-returns-to-the-principality-34002\/#primaryimage","url":"https:\/\/montecarloliving.com\/wp-content\/uploads\/2026\/08\/Visuel-Festival-des-Etoiles-Monte-Carlo-2026.webp","contentUrl":"https:\/\/montecarloliving.com\/wp-content\/uploads\/2026\/08\/Visuel-Festival-des-Etoiles-Monte-Carlo-2026.webp","width":1600,"height":900},{"@type":"BreadcrumbList","@id":"https:\/\/montecarloliving.com\/en\/actuality\/festival-des-etoiles-monte-carlo-2026-international-haute-cuisine-returns-to-the-principality-34002\/#breadcrumb","itemListElement":[{"@type":"ListItem","position":1,"name":"Home","item":"https:\/\/montecarloliving.com\/en\/"},{"@type":"ListItem","position":2,"name":"Festival des \u00c9toil\u00e9s Monte-Carlo 2026: International Haute Cuisine Returns to the Principality"}]},{"@type":"WebSite","@id":"https:\/\/montecarloliving.com\/en\/#website","url":"https:\/\/montecarloliving.com\/en\/","name":"Montecarlo Living","description":"News da Montecarlo - Principato di Monaco e Costa Azzurra","potentialAction":[{"@type":"SearchAction","target":{"@type":"EntryPoint","urlTemplate":"https:\/\/montecarloliving.com\/en\/?s={search_term_string}"},"query-input":{"@type":"PropertyValueSpecification","valueRequired":true,"valueName":"search_term_string"}}],"inLanguage":"en-US"},{"@type":"Person","@id":"https:\/\/montecarloliving.com\/en\/#\/schema\/person\/7e5945d4560862b7f2d2c6831bda2819","name":"Redazione","image":{"@type":"ImageObject","inLanguage":"en-US","@id":"https:\/\/secure.gravatar.com\/avatar\/8b5f26557e18fe74ad8e8a57ebb2925d88af8a90cee489ff2beefb391bc9b9c7?s=96&d=mm&r=g","url":"https:\/\/secure.gravatar.com\/avatar\/8b5f26557e18fe74ad8e8a57ebb2925d88af8a90cee489ff2beefb391bc9b9c7?s=96&d=mm&r=g","contentUrl":"https:\/\/secure.gravatar.com\/avatar\/8b5f26557e18fe74ad8e8a57ebb2925d88af8a90cee489ff2beefb391bc9b9c7?s=96&d=mm&r=g","caption":"Redazione"}}]}},"_links":{"self":[{"href":"https:\/\/montecarloliving.com\/en\/wp-json\/wp\/v2\/posts\/34002","targetHints":{"allow":["GET"]}}],"collection":[{"href":"https:\/\/montecarloliving.com\/en\/wp-json\/wp\/v2\/posts"}],"about":[{"href":"https:\/\/montecarloliving.com\/en\/wp-json\/wp\/v2\/types\/post"}],"author":[{"embeddable":true,"href":"https:\/\/montecarloliving.com\/en\/wp-json\/wp\/v2\/users\/1"}],"replies":[{"embeddable":true,"href":"https:\/\/montecarloliving.com\/en\/wp-json\/wp\/v2\/comments?post=34002"}],"version-history":[{"count":1,"href":"https:\/\/montecarloliving.com\/en\/wp-json\/wp\/v2\/posts\/34002\/revisions"}],"predecessor-version":[{"id":34003,"href":"https:\/\/montecarloliving.com\/en\/wp-json\/wp\/v2\/posts\/34002\/revisions\/34003"}],"wp:featuredmedia":[{"embeddable":true,"href":"https:\/\/montecarloliving.com\/en\/wp-json\/wp\/v2\/media\/33999"}],"wp:attachment":[{"href":"https:\/\/montecarloliving.com\/en\/wp-json\/wp\/v2\/media?parent=34002"}],"wp:term":[{"taxonomy":"category","embeddable":true,"href":"https:\/\/montecarloliving.com\/en\/wp-json\/wp\/v2\/categories?post=34002"},{"taxonomy":"post_tag","embeddable":true,"href":"https:\/\/montecarloliving.com\/en\/wp-json\/wp\/v2\/tags?post=34002"}],"curies":[{"name":"wp","href":"https:\/\/api.w.org\/{rel}","templated":true}]}}