{"id":29953,"date":"2026-04-10T08:37:02","date_gmt":"2026-04-10T06:37:02","guid":{"rendered":"https:\/\/montecarloliving.com\/?p=29953"},"modified":"2026-04-07T12:53:19","modified_gmt":"2026-04-07T10:53:19","slug":"beausoleil-celebrates-nature-fete-de-foret-2026-at-parc-de-grima-and-cine-concert-at-village-charlot","status":"publish","type":"post","link":"https:\/\/montecarloliving.com\/en\/actuality\/beausoleil-celebrates-nature-fete-de-foret-2026-at-parc-de-grima-and-cine-concert-at-village-charlot-29953\/","title":{"rendered":"Beausoleil Celebrates Nature: F\u00eate de la For\u00eat 2026 at Parc de Grima and Cin\u00e9-Concert at Village Charlot"},"content":{"rendered":"<p data-start=\"440\" data-end=\"720\">The <strong data-start=\"444\" data-end=\"467\">Ville de Beausoleil<\/strong> invites families and nature enthusiasts to join the <strong data-start=\"520\" data-end=\"545\">F\u00eate de la For\u00eat 2026<\/strong> on <strong data-start=\"549\" data-end=\"571\">Saturday, April 11<\/strong>, starting at 10:00 AM at the <strong data-start=\"601\" data-end=\"625\">Parc Nature de Grima<\/strong>, a free event designed to reconnect participants with the environment and outdoor wellbeing.<\/p>\n<h3 data-section-id=\"h6liet\" data-start=\"722\" data-end=\"771\">Family-Friendly Activities at Parc de Grima<\/h3>\n<p data-start=\"773\" data-end=\"830\">The day features a variety of experiences for all ages:<\/p>\n<ul data-start=\"831\" data-end=\"1261\">\n<li data-section-id=\"1xx1vva\" data-start=\"831\" data-end=\"912\"><strong data-start=\"833\" data-end=\"877\">Tree-top adventure courses and zip lines<\/strong> to explore the forest from above<\/li>\n<li data-section-id=\"1y0stto\" data-start=\"913\" data-end=\"998\"><strong data-start=\"915\" data-end=\"952\">Nature workshops and science labs<\/strong> focused on trees, insects, and biodiversity<\/li>\n<li data-section-id=\"n1xy4m\" data-start=\"999\" data-end=\"1077\"><strong data-start=\"1001\" data-end=\"1047\">Wooden games and storytelling in the woods<\/strong> to spark creativity and fun<\/li>\n<li data-section-id=\"4ulvzl\" data-start=\"1078\" data-end=\"1155\"><strong data-start=\"1080\" data-end=\"1113\">Yoga sessions and sound baths<\/strong> for a fully immersive nature experience<\/li>\n<li data-section-id=\"gu6tqc\" data-start=\"1156\" data-end=\"1261\"><strong data-start=\"1158\" data-end=\"1202\">Interactive stands and acoustic concerts<\/strong>, combining fun and education about local flora and fauna<\/li>\n<\/ul>\n<p data-start=\"1263\" data-end=\"1332\">Free <strong data-start=\"1268\" data-end=\"1287\">shuttle service<\/strong> will be available to access Parc de Grima.<\/p>\n<h3 data-section-id=\"l41kw\" data-start=\"1334\" data-end=\"1400\">Cin\u00e9-Concert at Village Charlot: \u201cLes Fables de La Fontaine\u201d<\/h3>\n<p data-start=\"1402\" data-end=\"1711\">At 5:00 PM, the <strong data-start=\"1418\" data-end=\"1437\">Village Charlot<\/strong> will host a <strong data-start=\"1450\" data-end=\"1466\">cin\u00e9-concert<\/strong>, recommended for children aged 7 and up: <strong data-start=\"1508\" data-end=\"1539\">\u201cLes Fables de La Fontaine\u201d<\/strong>. The show combines live music, illustration, and storytelling, bringing the famous fables to life through the collaboration of musicians, a narrator, and an illustrator.<\/p>\n<p data-start=\"1713\" data-end=\"1823\"><strong data-start=\"1713\" data-end=\"1745\">Free entry with reservation:<\/strong><br data-start=\"1745\" data-end=\"1748\" \/>\ud83d\udce7 <a class=\"decorated-link cursor-pointer\" rel=\"noopener\" data-start=\"1751\" data-end=\"1798\">villagecharlot.mediatheque@villedebeausoleil.fr<\/a><br data-start=\"1798\" data-end=\"1801\" \/>\ud83d\udcde +33 4 83 32 85 32<\/p>\n<h3 data-section-id=\"1135h5\" data-start=\"1825\" data-end=\"1852\">Practical Information<\/h3>\n<ul data-start=\"1854\" data-end=\"2093\">\n<li data-section-id=\"askdln\" data-start=\"1854\" data-end=\"1892\"><strong data-start=\"1856\" data-end=\"1865\">Date:<\/strong> Saturday, April 11, 2026<\/li>\n<li data-section-id=\"sc3h7e\" data-start=\"1893\" data-end=\"1981\"><strong data-start=\"1895\" data-end=\"1904\">Time:<\/strong> from 10:00 AM at Parc de Grima; cin\u00e9-concert at 5:00 PM at Village Charlot<\/li>\n<li data-section-id=\"ajd1u8\" data-start=\"1982\" data-end=\"2052\"><strong data-start=\"1984\" data-end=\"1997\">Location:<\/strong> Parc Nature de Grima, Beausoleil and Village Charlot<\/li>\n<li data-section-id=\"3a1gv7\" data-start=\"2053\" data-end=\"2093\"><strong data-start=\"2055\" data-end=\"2066\">Access:<\/strong> free, shuttles available<\/li>\n<\/ul>\n<p data-start=\"2095\" data-end=\"2204\">For more information, visit the official website: <a class=\"decorated-link\" href=\"https:\/\/www.villedebeausoleil.fr\/\" target=\"_new\" rel=\"noopener\" data-start=\"2145\" data-end=\"2202\">villedebeausoleil.fr<\/a><\/p>\n<p data-start=\"2095\" data-end=\"2204\"><img loading=\"lazy\" decoding=\"async\" class=\"size-full wp-image-29950 aligncenter\" src=\"https:\/\/montecarloliving.com\/wp-content\/uploads\/2026\/04\/FETE-FORET-GRIMA-FLYER-HD-2026_page-0001.jpg\" alt=\"\" width=\"873\" height=\"1243\" srcset=\"https:\/\/montecarloliving.com\/wp-content\/uploads\/2026\/04\/FETE-FORET-GRIMA-FLYER-HD-2026_page-0001.jpg 873w, https:\/\/montecarloliving.com\/wp-content\/uploads\/2026\/04\/FETE-FORET-GRIMA-FLYER-HD-2026_page-0001-211x300.jpg 211w, https:\/\/montecarloliving.com\/wp-content\/uploads\/2026\/04\/FETE-FORET-GRIMA-FLYER-HD-2026_page-0001-719x1024.jpg 719w, https:\/\/montecarloliving.com\/wp-content\/uploads\/2026\/04\/FETE-FORET-GRIMA-FLYER-HD-2026_page-0001-768x1093.jpg 768w\" sizes=\"auto, (max-width: 873px) 100vw, 873px\" \/><\/p>\n","protected":false},"excerpt":{"rendered":"<p>The Ville de Beausoleil invites families and nature enthusiasts to join the F\u00eate de la For\u00eat 2026 on Saturday, April 11, starting at 10:00 AM at the Parc Nature de Grima, a free event designed to reconnect participants with the environment and outdoor wellbeing. [&hellip;]<\/p>\n","protected":false},"author":1,"featured_media":29983,"comment_status":"closed","ping_status":"closed","sticky":false,"template":"","format":"standard","meta":{"footnotes":""},"categories":[846,850],"tags":[],"class_list":["post-29953","post","type-post","status-publish","format-standard","has-post-thumbnail","hentry","category-actuality","category-events"],"yoast_head":"<!-- This site is optimized with the Yoast SEO plugin v27.5 - https:\/\/yoast.com\/product\/yoast-seo-wordpress\/ -->\n<title>Beausoleil Celebrates Nature: F\u00eate de la For\u00eat 2026<\/title>\n<meta name=\"description\" content=\"Beausoleil Celebrates Nature: F\u00eate de la For\u00eat 2026 at Parc de Grima and Cin\u00e9-Concert at Village Charlot\" \/>\n<meta name=\"robots\" content=\"index, follow, max-snippet:-1, max-image-preview:large, max-video-preview:-1\" \/>\n<link rel=\"canonical\" href=\"https:\/\/montecarloliving.com\/en\/actuality\/beausoleil-celebrates-nature-fete-de-foret-2026-at-parc-de-grima-and-cine-concert-at-village-charlot-29953\/\" \/>\n<meta property=\"og:locale\" content=\"en_US\" \/>\n<meta property=\"og:title\" content=\"Beausoleil Celebrates Nature: F\u00eate de la For\u00eat 2026\" \/>\n<meta property=\"og:description\" content=\"Beausoleil Celebrates Nature: F\u00eate de la For\u00eat 2026 at Parc de Grima and Cin\u00e9-Concert at Village Charlot\" \/>\n<meta property=\"og:url\" content=\"https:\/\/montecarloliving.com\/en\/actuality\/beausoleil-celebrates-nature-fete-de-foret-2026-at-parc-de-grima-and-cine-concert-at-village-charlot-29953\/\" \/>\n<meta property=\"og:site_name\" content=\"Montecarlo Living\" \/>\n<meta property=\"article:publisher\" content=\"https:\/\/www.facebook.com\/montecarlolivingcom\/\" \/>\n<meta property=\"article:published_time\" content=\"2026-04-10T06:37:02+00:00\" \/>\n<meta property=\"og:image\" content=\"https:\/\/montecarloliving.com\/wp-content\/uploads\/2026\/04\/forest-2320359_1280-650x400.jpg\" \/>\n\t<meta property=\"og:image:width\" content=\"650\" \/>\n\t<meta property=\"og:image:height\" content=\"400\" \/>\n\t<meta property=\"og:image:type\" content=\"image\/jpeg\" \/>\n<meta name=\"author\" content=\"Redazione\" \/>\n<meta name=\"twitter:card\" content=\"summary_large_image\" \/>\n<meta name=\"twitter:creator\" content=\"@MonteCarloLivi\" \/>\n<meta name=\"twitter:site\" content=\"@MonteCarloLivi\" \/>\n<meta name=\"twitter:label1\" content=\"Written by\" \/>\n\t<meta name=\"twitter:data1\" content=\"Redazione\" \/>\n\t<meta name=\"twitter:label2\" content=\"Est. reading time\" \/>\n\t<meta name=\"twitter:data2\" content=\"2 minutes\" \/>\n<script type=\"application\/ld+json\" class=\"yoast-schema-graph\">{\"@context\":\"https:\\\/\\\/schema.org\",\"@graph\":[{\"@type\":\"Article\",\"@id\":\"https:\\\/\\\/montecarloliving.com\\\/en\\\/actuality\\\/beausoleil-celebrates-nature-fete-de-foret-2026-at-parc-de-grima-and-cine-concert-at-village-charlot-29953\\\/#article\",\"isPartOf\":{\"@id\":\"https:\\\/\\\/montecarloliving.com\\\/en\\\/actuality\\\/beausoleil-celebrates-nature-fete-de-foret-2026-at-parc-de-grima-and-cine-concert-at-village-charlot-29953\\\/\"},\"author\":{\"name\":\"Redazione\",\"@id\":\"https:\\\/\\\/montecarloliving.com\\\/en\\\/#\\\/schema\\\/person\\\/7e5945d4560862b7f2d2c6831bda2819\"},\"headline\":\"Beausoleil Celebrates Nature: F\u00eate de la For\u00eat 2026 at Parc de Grima and Cin\u00e9-Concert at Village Charlot\",\"datePublished\":\"2026-04-10T06:37:02+00:00\",\"mainEntityOfPage\":{\"@id\":\"https:\\\/\\\/montecarloliving.com\\\/en\\\/actuality\\\/beausoleil-celebrates-nature-fete-de-foret-2026-at-parc-de-grima-and-cine-concert-at-village-charlot-29953\\\/\"},\"wordCount\":253,\"image\":{\"@id\":\"https:\\\/\\\/montecarloliving.com\\\/en\\\/actuality\\\/beausoleil-celebrates-nature-fete-de-foret-2026-at-parc-de-grima-and-cine-concert-at-village-charlot-29953\\\/#primaryimage\"},\"thumbnailUrl\":\"https:\\\/\\\/montecarloliving.com\\\/wp-content\\\/uploads\\\/2026\\\/04\\\/forest-2320359_1280.jpg\",\"articleSection\":[\"Actuality\",\"Events\"],\"inLanguage\":\"en-US\"},{\"@type\":\"WebPage\",\"@id\":\"https:\\\/\\\/montecarloliving.com\\\/en\\\/actuality\\\/beausoleil-celebrates-nature-fete-de-foret-2026-at-parc-de-grima-and-cine-concert-at-village-charlot-29953\\\/\",\"url\":\"https:\\\/\\\/montecarloliving.com\\\/en\\\/actuality\\\/beausoleil-celebrates-nature-fete-de-foret-2026-at-parc-de-grima-and-cine-concert-at-village-charlot-29953\\\/\",\"name\":\"Beausoleil Celebrates Nature: F\u00eate de la For\u00eat 2026\",\"isPartOf\":{\"@id\":\"https:\\\/\\\/montecarloliving.com\\\/en\\\/#website\"},\"primaryImageOfPage\":{\"@id\":\"https:\\\/\\\/montecarloliving.com\\\/en\\\/actuality\\\/beausoleil-celebrates-nature-fete-de-foret-2026-at-parc-de-grima-and-cine-concert-at-village-charlot-29953\\\/#primaryimage\"},\"image\":{\"@id\":\"https:\\\/\\\/montecarloliving.com\\\/en\\\/actuality\\\/beausoleil-celebrates-nature-fete-de-foret-2026-at-parc-de-grima-and-cine-concert-at-village-charlot-29953\\\/#primaryimage\"},\"thumbnailUrl\":\"https:\\\/\\\/montecarloliving.com\\\/wp-content\\\/uploads\\\/2026\\\/04\\\/forest-2320359_1280.jpg\",\"datePublished\":\"2026-04-10T06:37:02+00:00\",\"author\":{\"@id\":\"https:\\\/\\\/montecarloliving.com\\\/en\\\/#\\\/schema\\\/person\\\/7e5945d4560862b7f2d2c6831bda2819\"},\"description\":\"Beausoleil Celebrates Nature: F\u00eate de la For\u00eat 2026 at Parc de Grima and Cin\u00e9-Concert at Village Charlot\",\"breadcrumb\":{\"@id\":\"https:\\\/\\\/montecarloliving.com\\\/en\\\/actuality\\\/beausoleil-celebrates-nature-fete-de-foret-2026-at-parc-de-grima-and-cine-concert-at-village-charlot-29953\\\/#breadcrumb\"},\"inLanguage\":\"en-US\",\"potentialAction\":[{\"@type\":\"ReadAction\",\"target\":[\"https:\\\/\\\/montecarloliving.com\\\/en\\\/actuality\\\/beausoleil-celebrates-nature-fete-de-foret-2026-at-parc-de-grima-and-cine-concert-at-village-charlot-29953\\\/\"]}]},{\"@type\":\"ImageObject\",\"inLanguage\":\"en-US\",\"@id\":\"https:\\\/\\\/montecarloliving.com\\\/en\\\/actuality\\\/beausoleil-celebrates-nature-fete-de-foret-2026-at-parc-de-grima-and-cine-concert-at-village-charlot-29953\\\/#primaryimage\",\"url\":\"https:\\\/\\\/montecarloliving.com\\\/wp-content\\\/uploads\\\/2026\\\/04\\\/forest-2320359_1280.jpg\",\"contentUrl\":\"https:\\\/\\\/montecarloliving.com\\\/wp-content\\\/uploads\\\/2026\\\/04\\\/forest-2320359_1280.jpg\",\"width\":1280,\"height\":853},{\"@type\":\"BreadcrumbList\",\"@id\":\"https:\\\/\\\/montecarloliving.com\\\/en\\\/actuality\\\/beausoleil-celebrates-nature-fete-de-foret-2026-at-parc-de-grima-and-cine-concert-at-village-charlot-29953\\\/#breadcrumb\",\"itemListElement\":[{\"@type\":\"ListItem\",\"position\":1,\"name\":\"Home\",\"item\":\"https:\\\/\\\/montecarloliving.com\\\/en\\\/\"},{\"@type\":\"ListItem\",\"position\":2,\"name\":\"Beausoleil Celebrates Nature: F\u00eate de la For\u00eat 2026 at Parc de Grima and Cin\u00e9-Concert at Village Charlot\"}]},{\"@type\":\"WebSite\",\"@id\":\"https:\\\/\\\/montecarloliving.com\\\/en\\\/#website\",\"url\":\"https:\\\/\\\/montecarloliving.com\\\/en\\\/\",\"name\":\"Montecarlo Living\",\"description\":\"News da Montecarlo - Principato di Monaco e Costa Azzurra\",\"potentialAction\":[{\"@type\":\"SearchAction\",\"target\":{\"@type\":\"EntryPoint\",\"urlTemplate\":\"https:\\\/\\\/montecarloliving.com\\\/en\\\/?s={search_term_string}\"},\"query-input\":{\"@type\":\"PropertyValueSpecification\",\"valueRequired\":true,\"valueName\":\"search_term_string\"}}],\"inLanguage\":\"en-US\"},{\"@type\":\"Person\",\"@id\":\"https:\\\/\\\/montecarloliving.com\\\/en\\\/#\\\/schema\\\/person\\\/7e5945d4560862b7f2d2c6831bda2819\",\"name\":\"Redazione\",\"image\":{\"@type\":\"ImageObject\",\"inLanguage\":\"en-US\",\"@id\":\"https:\\\/\\\/secure.gravatar.com\\\/avatar\\\/8b5f26557e18fe74ad8e8a57ebb2925d88af8a90cee489ff2beefb391bc9b9c7?s=96&d=mm&r=g\",\"url\":\"https:\\\/\\\/secure.gravatar.com\\\/avatar\\\/8b5f26557e18fe74ad8e8a57ebb2925d88af8a90cee489ff2beefb391bc9b9c7?s=96&d=mm&r=g\",\"contentUrl\":\"https:\\\/\\\/secure.gravatar.com\\\/avatar\\\/8b5f26557e18fe74ad8e8a57ebb2925d88af8a90cee489ff2beefb391bc9b9c7?s=96&d=mm&r=g\",\"caption\":\"Redazione\"}}]}<\/script>\n<!-- \/ Yoast SEO plugin. -->","yoast_head_json":{"title":"Beausoleil Celebrates Nature: F\u00eate de la For\u00eat 2026","description":"Beausoleil Celebrates Nature: F\u00eate de la For\u00eat 2026 at Parc de Grima and Cin\u00e9-Concert at Village Charlot","robots":{"index":"index","follow":"follow","max-snippet":"max-snippet:-1","max-image-preview":"max-image-preview:large","max-video-preview":"max-video-preview:-1"},"canonical":"https:\/\/montecarloliving.com\/en\/actuality\/beausoleil-celebrates-nature-fete-de-foret-2026-at-parc-de-grima-and-cine-concert-at-village-charlot-29953\/","og_locale":"en_US","og_title":"Beausoleil Celebrates Nature: F\u00eate de la For\u00eat 2026","og_description":"Beausoleil Celebrates Nature: F\u00eate de la For\u00eat 2026 at Parc de Grima and Cin\u00e9-Concert at Village Charlot","og_url":"https:\/\/montecarloliving.com\/en\/actuality\/beausoleil-celebrates-nature-fete-de-foret-2026-at-parc-de-grima-and-cine-concert-at-village-charlot-29953\/","og_site_name":"Montecarlo Living","article_publisher":"https:\/\/www.facebook.com\/montecarlolivingcom\/","article_published_time":"2026-04-10T06:37:02+00:00","og_image":[{"width":650,"height":400,"url":"https:\/\/montecarloliving.com\/wp-content\/uploads\/2026\/04\/forest-2320359_1280-650x400.jpg","type":"image\/jpeg"}],"author":"Redazione","twitter_card":"summary_large_image","twitter_creator":"@MonteCarloLivi","twitter_site":"@MonteCarloLivi","twitter_misc":{"Written by":"Redazione","Est. reading time":"2 minutes"},"schema":{"@context":"https:\/\/schema.org","@graph":[{"@type":"Article","@id":"https:\/\/montecarloliving.com\/en\/actuality\/beausoleil-celebrates-nature-fete-de-foret-2026-at-parc-de-grima-and-cine-concert-at-village-charlot-29953\/#article","isPartOf":{"@id":"https:\/\/montecarloliving.com\/en\/actuality\/beausoleil-celebrates-nature-fete-de-foret-2026-at-parc-de-grima-and-cine-concert-at-village-charlot-29953\/"},"author":{"name":"Redazione","@id":"https:\/\/montecarloliving.com\/en\/#\/schema\/person\/7e5945d4560862b7f2d2c6831bda2819"},"headline":"Beausoleil Celebrates Nature: F\u00eate de la For\u00eat 2026 at Parc de Grima and Cin\u00e9-Concert at Village Charlot","datePublished":"2026-04-10T06:37:02+00:00","mainEntityOfPage":{"@id":"https:\/\/montecarloliving.com\/en\/actuality\/beausoleil-celebrates-nature-fete-de-foret-2026-at-parc-de-grima-and-cine-concert-at-village-charlot-29953\/"},"wordCount":253,"image":{"@id":"https:\/\/montecarloliving.com\/en\/actuality\/beausoleil-celebrates-nature-fete-de-foret-2026-at-parc-de-grima-and-cine-concert-at-village-charlot-29953\/#primaryimage"},"thumbnailUrl":"https:\/\/montecarloliving.com\/wp-content\/uploads\/2026\/04\/forest-2320359_1280.jpg","articleSection":["Actuality","Events"],"inLanguage":"en-US"},{"@type":"WebPage","@id":"https:\/\/montecarloliving.com\/en\/actuality\/beausoleil-celebrates-nature-fete-de-foret-2026-at-parc-de-grima-and-cine-concert-at-village-charlot-29953\/","url":"https:\/\/montecarloliving.com\/en\/actuality\/beausoleil-celebrates-nature-fete-de-foret-2026-at-parc-de-grima-and-cine-concert-at-village-charlot-29953\/","name":"Beausoleil Celebrates Nature: F\u00eate de la For\u00eat 2026","isPartOf":{"@id":"https:\/\/montecarloliving.com\/en\/#website"},"primaryImageOfPage":{"@id":"https:\/\/montecarloliving.com\/en\/actuality\/beausoleil-celebrates-nature-fete-de-foret-2026-at-parc-de-grima-and-cine-concert-at-village-charlot-29953\/#primaryimage"},"image":{"@id":"https:\/\/montecarloliving.com\/en\/actuality\/beausoleil-celebrates-nature-fete-de-foret-2026-at-parc-de-grima-and-cine-concert-at-village-charlot-29953\/#primaryimage"},"thumbnailUrl":"https:\/\/montecarloliving.com\/wp-content\/uploads\/2026\/04\/forest-2320359_1280.jpg","datePublished":"2026-04-10T06:37:02+00:00","author":{"@id":"https:\/\/montecarloliving.com\/en\/#\/schema\/person\/7e5945d4560862b7f2d2c6831bda2819"},"description":"Beausoleil Celebrates Nature: F\u00eate de la For\u00eat 2026 at Parc de Grima and Cin\u00e9-Concert at Village Charlot","breadcrumb":{"@id":"https:\/\/montecarloliving.com\/en\/actuality\/beausoleil-celebrates-nature-fete-de-foret-2026-at-parc-de-grima-and-cine-concert-at-village-charlot-29953\/#breadcrumb"},"inLanguage":"en-US","potentialAction":[{"@type":"ReadAction","target":["https:\/\/montecarloliving.com\/en\/actuality\/beausoleil-celebrates-nature-fete-de-foret-2026-at-parc-de-grima-and-cine-concert-at-village-charlot-29953\/"]}]},{"@type":"ImageObject","inLanguage":"en-US","@id":"https:\/\/montecarloliving.com\/en\/actuality\/beausoleil-celebrates-nature-fete-de-foret-2026-at-parc-de-grima-and-cine-concert-at-village-charlot-29953\/#primaryimage","url":"https:\/\/montecarloliving.com\/wp-content\/uploads\/2026\/04\/forest-2320359_1280.jpg","contentUrl":"https:\/\/montecarloliving.com\/wp-content\/uploads\/2026\/04\/forest-2320359_1280.jpg","width":1280,"height":853},{"@type":"BreadcrumbList","@id":"https:\/\/montecarloliving.com\/en\/actuality\/beausoleil-celebrates-nature-fete-de-foret-2026-at-parc-de-grima-and-cine-concert-at-village-charlot-29953\/#breadcrumb","itemListElement":[{"@type":"ListItem","position":1,"name":"Home","item":"https:\/\/montecarloliving.com\/en\/"},{"@type":"ListItem","position":2,"name":"Beausoleil Celebrates Nature: F\u00eate de la For\u00eat 2026 at Parc de Grima and Cin\u00e9-Concert at Village Charlot"}]},{"@type":"WebSite","@id":"https:\/\/montecarloliving.com\/en\/#website","url":"https:\/\/montecarloliving.com\/en\/","name":"Montecarlo Living","description":"News da Montecarlo - Principato di Monaco e Costa Azzurra","potentialAction":[{"@type":"SearchAction","target":{"@type":"EntryPoint","urlTemplate":"https:\/\/montecarloliving.com\/en\/?s={search_term_string}"},"query-input":{"@type":"PropertyValueSpecification","valueRequired":true,"valueName":"search_term_string"}}],"inLanguage":"en-US"},{"@type":"Person","@id":"https:\/\/montecarloliving.com\/en\/#\/schema\/person\/7e5945d4560862b7f2d2c6831bda2819","name":"Redazione","image":{"@type":"ImageObject","inLanguage":"en-US","@id":"https:\/\/secure.gravatar.com\/avatar\/8b5f26557e18fe74ad8e8a57ebb2925d88af8a90cee489ff2beefb391bc9b9c7?s=96&d=mm&r=g","url":"https:\/\/secure.gravatar.com\/avatar\/8b5f26557e18fe74ad8e8a57ebb2925d88af8a90cee489ff2beefb391bc9b9c7?s=96&d=mm&r=g","contentUrl":"https:\/\/secure.gravatar.com\/avatar\/8b5f26557e18fe74ad8e8a57ebb2925d88af8a90cee489ff2beefb391bc9b9c7?s=96&d=mm&r=g","caption":"Redazione"}}]}},"_links":{"self":[{"href":"https:\/\/montecarloliving.com\/en\/wp-json\/wp\/v2\/posts\/29953","targetHints":{"allow":["GET"]}}],"collection":[{"href":"https:\/\/montecarloliving.com\/en\/wp-json\/wp\/v2\/posts"}],"about":[{"href":"https:\/\/montecarloliving.com\/en\/wp-json\/wp\/v2\/types\/post"}],"author":[{"embeddable":true,"href":"https:\/\/montecarloliving.com\/en\/wp-json\/wp\/v2\/users\/1"}],"replies":[{"embeddable":true,"href":"https:\/\/montecarloliving.com\/en\/wp-json\/wp\/v2\/comments?post=29953"}],"version-history":[{"count":1,"href":"https:\/\/montecarloliving.com\/en\/wp-json\/wp\/v2\/posts\/29953\/revisions"}],"predecessor-version":[{"id":29954,"href":"https:\/\/montecarloliving.com\/en\/wp-json\/wp\/v2\/posts\/29953\/revisions\/29954"}],"wp:featuredmedia":[{"embeddable":true,"href":"https:\/\/montecarloliving.com\/en\/wp-json\/wp\/v2\/media\/29983"}],"wp:attachment":[{"href":"https:\/\/montecarloliving.com\/en\/wp-json\/wp\/v2\/media?parent=29953"}],"wp:term":[{"taxonomy":"category","embeddable":true,"href":"https:\/\/montecarloliving.com\/en\/wp-json\/wp\/v2\/categories?post=29953"},{"taxonomy":"post_tag","embeddable":true,"href":"https:\/\/montecarloliving.com\/en\/wp-json\/wp\/v2\/tags?post=29953"}],"curies":[{"name":"wp","href":"https:\/\/api.w.org\/{rel}","templated":true}]}}