{"id":25358,"date":"2025-09-30T11:44:46","date_gmt":"2025-09-30T09:44:46","guid":{"rendered":"https:\/\/montecarloliving.com\/?p=25358"},"modified":"2025-09-30T11:48:14","modified_gmt":"2025-09-30T09:48:14","slug":"october-at-the-palais-des-festivals-theatre-music-and-comedy-for-month-to-remember-in-cannes","status":"publish","type":"post","link":"https:\/\/montecarloliving.com\/en\/actuality\/october-at-the-palais-des-festivals-theatre-music-and-comedy-for-month-to-remember-in-cannes-25358\/","title":{"rendered":"October at the Palais des Festivals: theatre, music and comedy for a month to remember in Cannes"},"content":{"rendered":"<p data-start=\"328\" data-end=\"548\">The Palais des Festivals and the Th\u00e9\u00e2tre Palais St\u00e9phanie turn October into a true stage of emotions. Between the 4th and the 26th, audiences will enjoy a diverse calendar blending music, laughter and powerful theatre.<\/p>\n<p data-start=\"550\" data-end=\"772\">The month opens with the lively comedy <em data-start=\"589\" data-end=\"609\">Rupture \u00e0 domicile<\/em> and the witty, heartfelt monologue of Tom Baldetti, followed by the unmistakable voice of Mariza, heir to Portuguese fado enriched with jazz and pop influences.<\/p>\n<p data-start=\"774\" data-end=\"1149\">Next, the Orchestre National de Cannes, under the baton of Soo-Yeoul Choi, will present works from Mendelssohn to Beethoven, featuring the acclaimed young South Korean violinist Bomsori Kim. The intense and poetic energy of rapper Kery James will captivate the audience, while <em data-start=\"1051\" data-end=\"1057\">Ring<\/em> stages sixteen \u201crounds\u201d of a couple\u2019s life, between passion, conflict and reconciliation.<\/p>\n<p data-start=\"774\" data-end=\"1149\"><img loading=\"lazy\" decoding=\"async\" class=\"size-full wp-image-25355 aligncenter\" src=\"https:\/\/montecarloliving.com\/wp-content\/uploads\/2025\/09\/Screenshot_30-9-2025_114128_www.montecarlonews.it_.jpeg\" alt=\"\" width=\"472\" height=\"775\" srcset=\"https:\/\/montecarloliving.com\/wp-content\/uploads\/2025\/09\/Screenshot_30-9-2025_114128_www.montecarlonews.it_.jpeg 472w, https:\/\/montecarloliving.com\/wp-content\/uploads\/2025\/09\/Screenshot_30-9-2025_114128_www.montecarlonews.it_-183x300.jpeg 183w\" sizes=\"auto, (max-width: 472px) 100vw, 472px\" \/><\/p>\n<p data-start=\"1151\" data-end=\"1358\">The month also paves the way for the <strong data-start=\"1188\" data-end=\"1223\">Festival International des Jeux<\/strong>, with ticket sales opening on 7 October: a much-awaited event for board game, role-playing, trading card and video game enthusiasts.<\/p>\n<p data-start=\"1360\" data-end=\"1498\">October in Cannes promises a crescendo of emotions: six performances that capture, each in its own way, the magic of live entertainment.<\/p>\n<p data-start=\"1360\" data-end=\"1498\"><a href=\"https:\/\/montecarloliving.com\/wp-content\/uploads\/2025\/09\/Brochure-Saison-Culturelle-Cannes-2025-2026.pdf\">Brochure-Saison-Culturelle-Cannes-2025-2026<\/a><\/p>\n","protected":false},"excerpt":{"rendered":"<p>The Palais des Festivals and the Th\u00e9\u00e2tre Palais St\u00e9phanie turn October into a true stage of emotions. Between the 4th and the 26th, audiences will enjoy a diverse calendar blending music, laughter and powerful theatre. The month opens with the lively comedy Rupture \u00e0 [&hellip;]<\/p>\n","protected":false},"author":1,"featured_media":25363,"comment_status":"closed","ping_status":"closed","sticky":false,"template":"","format":"standard","meta":{"footnotes":""},"categories":[846,864,850],"tags":[],"class_list":["post-25358","post","type-post","status-publish","format-standard","has-post-thumbnail","hentry","category-actuality","category-cannes-en","category-events"],"yoast_head":"<!-- This site is optimized with the Yoast SEO plugin v27.4 - https:\/\/yoast.com\/product\/yoast-seo-wordpress\/ -->\n<title>October at the Palais des Festivals: theatre, music and comedy for a month to remember in Cannes<\/title>\n<meta name=\"description\" content=\"The Palais des Festivals and the Th\u00e9\u00e2tre Palais St\u00e9phanie turn October into a true stage of emotions. Between the 4th and the 26th, audiences will enjoy a October at the Palais des Festivals: theatre, music and comedy for a month to remember in Cannes\" \/>\n<meta name=\"robots\" content=\"index, follow, max-snippet:-1, max-image-preview:large, max-video-preview:-1\" \/>\n<link rel=\"canonical\" href=\"https:\/\/montecarloliving.com\/en\/actuality\/october-at-the-palais-des-festivals-theatre-music-and-comedy-for-month-to-remember-in-cannes-25358\/\" \/>\n<meta property=\"og:locale\" content=\"en_US\" \/>\n<meta property=\"og:title\" content=\"October at the Palais des Festivals: theatre, music and comedy for a month to remember in Cannes\" \/>\n<meta property=\"og:description\" content=\"The Palais des Festivals and the Th\u00e9\u00e2tre Palais St\u00e9phanie turn October into a true stage of emotions. Between the 4th and the 26th, audiences will enjoy a October at the Palais des Festivals: theatre, music and comedy for a month to remember in Cannes\" \/>\n<meta property=\"og:url\" content=\"https:\/\/montecarloliving.com\/en\/actuality\/october-at-the-palais-des-festivals-theatre-music-and-comedy-for-month-to-remember-in-cannes-25358\/\" \/>\n<meta property=\"og:site_name\" content=\"Montecarlo Living\" \/>\n<meta property=\"article:publisher\" content=\"https:\/\/www.facebook.com\/montecarlolivingcom\/\" \/>\n<meta property=\"article:published_time\" content=\"2025-09-30T09:44:46+00:00\" \/>\n<meta property=\"article:modified_time\" content=\"2025-09-30T09:48:14+00:00\" \/>\n<meta property=\"og:image\" content=\"https:\/\/montecarloliving.com\/wp-content\/uploads\/2025\/09\/palais-des-festivals-et-des-congres-de-Cannes-650x400.jpg\" \/>\n\t<meta property=\"og:image:width\" content=\"650\" \/>\n\t<meta property=\"og:image:height\" content=\"400\" \/>\n\t<meta property=\"og:image:type\" content=\"image\/jpeg\" \/>\n<meta name=\"author\" content=\"Redazione\" \/>\n<meta name=\"twitter:card\" content=\"summary_large_image\" \/>\n<meta name=\"twitter:creator\" content=\"@MonteCarloLivi\" \/>\n<meta name=\"twitter:site\" content=\"@MonteCarloLivi\" \/>\n<meta name=\"twitter:label1\" content=\"Written by\" \/>\n\t<meta name=\"twitter:data1\" content=\"Redazione\" \/>\n\t<meta name=\"twitter:label2\" content=\"Est. reading time\" \/>\n\t<meta name=\"twitter:data2\" content=\"2 minutes\" \/>\n<script type=\"application\/ld+json\" class=\"yoast-schema-graph\">{\"@context\":\"https:\\\/\\\/schema.org\",\"@graph\":[{\"@type\":\"Article\",\"@id\":\"https:\\\/\\\/montecarloliving.com\\\/en\\\/actuality\\\/october-at-the-palais-des-festivals-theatre-music-and-comedy-for-month-to-remember-in-cannes-25358\\\/#article\",\"isPartOf\":{\"@id\":\"https:\\\/\\\/montecarloliving.com\\\/en\\\/actuality\\\/october-at-the-palais-des-festivals-theatre-music-and-comedy-for-month-to-remember-in-cannes-25358\\\/\"},\"author\":{\"name\":\"Redazione\",\"@id\":\"https:\\\/\\\/montecarloliving.com\\\/en\\\/#\\\/schema\\\/person\\\/7e5945d4560862b7f2d2c6831bda2819\"},\"headline\":\"October at the Palais des Festivals: theatre, music and comedy for a month to remember in Cannes\",\"datePublished\":\"2025-09-30T09:44:46+00:00\",\"dateModified\":\"2025-09-30T09:48:14+00:00\",\"mainEntityOfPage\":{\"@id\":\"https:\\\/\\\/montecarloliving.com\\\/en\\\/actuality\\\/october-at-the-palais-des-festivals-theatre-music-and-comedy-for-month-to-remember-in-cannes-25358\\\/\"},\"wordCount\":199,\"image\":{\"@id\":\"https:\\\/\\\/montecarloliving.com\\\/en\\\/actuality\\\/october-at-the-palais-des-festivals-theatre-music-and-comedy-for-month-to-remember-in-cannes-25358\\\/#primaryimage\"},\"thumbnailUrl\":\"https:\\\/\\\/montecarloliving.com\\\/wp-content\\\/uploads\\\/2025\\\/09\\\/palais-des-festivals-et-des-congres-de-Cannes.jpg\",\"articleSection\":[\"Actuality\",\"Cannes\",\"Events\"],\"inLanguage\":\"en-US\"},{\"@type\":\"WebPage\",\"@id\":\"https:\\\/\\\/montecarloliving.com\\\/en\\\/actuality\\\/october-at-the-palais-des-festivals-theatre-music-and-comedy-for-month-to-remember-in-cannes-25358\\\/\",\"url\":\"https:\\\/\\\/montecarloliving.com\\\/en\\\/actuality\\\/october-at-the-palais-des-festivals-theatre-music-and-comedy-for-month-to-remember-in-cannes-25358\\\/\",\"name\":\"October at the Palais des Festivals: theatre, music and comedy for a month to remember in Cannes\",\"isPartOf\":{\"@id\":\"https:\\\/\\\/montecarloliving.com\\\/en\\\/#website\"},\"primaryImageOfPage\":{\"@id\":\"https:\\\/\\\/montecarloliving.com\\\/en\\\/actuality\\\/october-at-the-palais-des-festivals-theatre-music-and-comedy-for-month-to-remember-in-cannes-25358\\\/#primaryimage\"},\"image\":{\"@id\":\"https:\\\/\\\/montecarloliving.com\\\/en\\\/actuality\\\/october-at-the-palais-des-festivals-theatre-music-and-comedy-for-month-to-remember-in-cannes-25358\\\/#primaryimage\"},\"thumbnailUrl\":\"https:\\\/\\\/montecarloliving.com\\\/wp-content\\\/uploads\\\/2025\\\/09\\\/palais-des-festivals-et-des-congres-de-Cannes.jpg\",\"datePublished\":\"2025-09-30T09:44:46+00:00\",\"dateModified\":\"2025-09-30T09:48:14+00:00\",\"author\":{\"@id\":\"https:\\\/\\\/montecarloliving.com\\\/en\\\/#\\\/schema\\\/person\\\/7e5945d4560862b7f2d2c6831bda2819\"},\"description\":\"The Palais des Festivals and the Th\u00e9\u00e2tre Palais St\u00e9phanie turn October into a true stage of emotions. Between the 4th and the 26th, audiences will enjoy a October at the Palais des Festivals: theatre, music and comedy for a month to remember in Cannes\",\"breadcrumb\":{\"@id\":\"https:\\\/\\\/montecarloliving.com\\\/en\\\/actuality\\\/october-at-the-palais-des-festivals-theatre-music-and-comedy-for-month-to-remember-in-cannes-25358\\\/#breadcrumb\"},\"inLanguage\":\"en-US\",\"potentialAction\":[{\"@type\":\"ReadAction\",\"target\":[\"https:\\\/\\\/montecarloliving.com\\\/en\\\/actuality\\\/october-at-the-palais-des-festivals-theatre-music-and-comedy-for-month-to-remember-in-cannes-25358\\\/\"]}]},{\"@type\":\"ImageObject\",\"inLanguage\":\"en-US\",\"@id\":\"https:\\\/\\\/montecarloliving.com\\\/en\\\/actuality\\\/october-at-the-palais-des-festivals-theatre-music-and-comedy-for-month-to-remember-in-cannes-25358\\\/#primaryimage\",\"url\":\"https:\\\/\\\/montecarloliving.com\\\/wp-content\\\/uploads\\\/2025\\\/09\\\/palais-des-festivals-et-des-congres-de-Cannes.jpg\",\"contentUrl\":\"https:\\\/\\\/montecarloliving.com\\\/wp-content\\\/uploads\\\/2025\\\/09\\\/palais-des-festivals-et-des-congres-de-Cannes.jpg\",\"width\":1920,\"height\":1080},{\"@type\":\"BreadcrumbList\",\"@id\":\"https:\\\/\\\/montecarloliving.com\\\/en\\\/actuality\\\/october-at-the-palais-des-festivals-theatre-music-and-comedy-for-month-to-remember-in-cannes-25358\\\/#breadcrumb\",\"itemListElement\":[{\"@type\":\"ListItem\",\"position\":1,\"name\":\"Home\",\"item\":\"https:\\\/\\\/montecarloliving.com\\\/en\\\/\"},{\"@type\":\"ListItem\",\"position\":2,\"name\":\"October at the Palais des Festivals: theatre, music and comedy for a month to remember in Cannes\"}]},{\"@type\":\"WebSite\",\"@id\":\"https:\\\/\\\/montecarloliving.com\\\/en\\\/#website\",\"url\":\"https:\\\/\\\/montecarloliving.com\\\/en\\\/\",\"name\":\"Montecarlo Living\",\"description\":\"News da Montecarlo - Principato di Monaco e Costa Azzurra\",\"potentialAction\":[{\"@type\":\"SearchAction\",\"target\":{\"@type\":\"EntryPoint\",\"urlTemplate\":\"https:\\\/\\\/montecarloliving.com\\\/en\\\/?s={search_term_string}\"},\"query-input\":{\"@type\":\"PropertyValueSpecification\",\"valueRequired\":true,\"valueName\":\"search_term_string\"}}],\"inLanguage\":\"en-US\"},{\"@type\":\"Person\",\"@id\":\"https:\\\/\\\/montecarloliving.com\\\/en\\\/#\\\/schema\\\/person\\\/7e5945d4560862b7f2d2c6831bda2819\",\"name\":\"Redazione\",\"image\":{\"@type\":\"ImageObject\",\"inLanguage\":\"en-US\",\"@id\":\"https:\\\/\\\/secure.gravatar.com\\\/avatar\\\/8b5f26557e18fe74ad8e8a57ebb2925d88af8a90cee489ff2beefb391bc9b9c7?s=96&d=mm&r=g\",\"url\":\"https:\\\/\\\/secure.gravatar.com\\\/avatar\\\/8b5f26557e18fe74ad8e8a57ebb2925d88af8a90cee489ff2beefb391bc9b9c7?s=96&d=mm&r=g\",\"contentUrl\":\"https:\\\/\\\/secure.gravatar.com\\\/avatar\\\/8b5f26557e18fe74ad8e8a57ebb2925d88af8a90cee489ff2beefb391bc9b9c7?s=96&d=mm&r=g\",\"caption\":\"Redazione\"}}]}<\/script>\n<!-- \/ Yoast SEO plugin. -->","yoast_head_json":{"title":"October at the Palais des Festivals: theatre, music and comedy for a month to remember in Cannes","description":"The Palais des Festivals and the Th\u00e9\u00e2tre Palais St\u00e9phanie turn October into a true stage of emotions. Between the 4th and the 26th, audiences will enjoy a October at the Palais des Festivals: theatre, music and comedy for a month to remember in Cannes","robots":{"index":"index","follow":"follow","max-snippet":"max-snippet:-1","max-image-preview":"max-image-preview:large","max-video-preview":"max-video-preview:-1"},"canonical":"https:\/\/montecarloliving.com\/en\/actuality\/october-at-the-palais-des-festivals-theatre-music-and-comedy-for-month-to-remember-in-cannes-25358\/","og_locale":"en_US","og_title":"October at the Palais des Festivals: theatre, music and comedy for a month to remember in Cannes","og_description":"The Palais des Festivals and the Th\u00e9\u00e2tre Palais St\u00e9phanie turn October into a true stage of emotions. Between the 4th and the 26th, audiences will enjoy a October at the Palais des Festivals: theatre, music and comedy for a month to remember in Cannes","og_url":"https:\/\/montecarloliving.com\/en\/actuality\/october-at-the-palais-des-festivals-theatre-music-and-comedy-for-month-to-remember-in-cannes-25358\/","og_site_name":"Montecarlo Living","article_publisher":"https:\/\/www.facebook.com\/montecarlolivingcom\/","article_published_time":"2025-09-30T09:44:46+00:00","article_modified_time":"2025-09-30T09:48:14+00:00","og_image":[{"width":650,"height":400,"url":"https:\/\/montecarloliving.com\/wp-content\/uploads\/2025\/09\/palais-des-festivals-et-des-congres-de-Cannes-650x400.jpg","type":"image\/jpeg"}],"author":"Redazione","twitter_card":"summary_large_image","twitter_creator":"@MonteCarloLivi","twitter_site":"@MonteCarloLivi","twitter_misc":{"Written by":"Redazione","Est. reading time":"2 minutes"},"schema":{"@context":"https:\/\/schema.org","@graph":[{"@type":"Article","@id":"https:\/\/montecarloliving.com\/en\/actuality\/october-at-the-palais-des-festivals-theatre-music-and-comedy-for-month-to-remember-in-cannes-25358\/#article","isPartOf":{"@id":"https:\/\/montecarloliving.com\/en\/actuality\/october-at-the-palais-des-festivals-theatre-music-and-comedy-for-month-to-remember-in-cannes-25358\/"},"author":{"name":"Redazione","@id":"https:\/\/montecarloliving.com\/en\/#\/schema\/person\/7e5945d4560862b7f2d2c6831bda2819"},"headline":"October at the Palais des Festivals: theatre, music and comedy for a month to remember in Cannes","datePublished":"2025-09-30T09:44:46+00:00","dateModified":"2025-09-30T09:48:14+00:00","mainEntityOfPage":{"@id":"https:\/\/montecarloliving.com\/en\/actuality\/october-at-the-palais-des-festivals-theatre-music-and-comedy-for-month-to-remember-in-cannes-25358\/"},"wordCount":199,"image":{"@id":"https:\/\/montecarloliving.com\/en\/actuality\/october-at-the-palais-des-festivals-theatre-music-and-comedy-for-month-to-remember-in-cannes-25358\/#primaryimage"},"thumbnailUrl":"https:\/\/montecarloliving.com\/wp-content\/uploads\/2025\/09\/palais-des-festivals-et-des-congres-de-Cannes.jpg","articleSection":["Actuality","Cannes","Events"],"inLanguage":"en-US"},{"@type":"WebPage","@id":"https:\/\/montecarloliving.com\/en\/actuality\/october-at-the-palais-des-festivals-theatre-music-and-comedy-for-month-to-remember-in-cannes-25358\/","url":"https:\/\/montecarloliving.com\/en\/actuality\/october-at-the-palais-des-festivals-theatre-music-and-comedy-for-month-to-remember-in-cannes-25358\/","name":"October at the Palais des Festivals: theatre, music and comedy for a month to remember in Cannes","isPartOf":{"@id":"https:\/\/montecarloliving.com\/en\/#website"},"primaryImageOfPage":{"@id":"https:\/\/montecarloliving.com\/en\/actuality\/october-at-the-palais-des-festivals-theatre-music-and-comedy-for-month-to-remember-in-cannes-25358\/#primaryimage"},"image":{"@id":"https:\/\/montecarloliving.com\/en\/actuality\/october-at-the-palais-des-festivals-theatre-music-and-comedy-for-month-to-remember-in-cannes-25358\/#primaryimage"},"thumbnailUrl":"https:\/\/montecarloliving.com\/wp-content\/uploads\/2025\/09\/palais-des-festivals-et-des-congres-de-Cannes.jpg","datePublished":"2025-09-30T09:44:46+00:00","dateModified":"2025-09-30T09:48:14+00:00","author":{"@id":"https:\/\/montecarloliving.com\/en\/#\/schema\/person\/7e5945d4560862b7f2d2c6831bda2819"},"description":"The Palais des Festivals and the Th\u00e9\u00e2tre Palais St\u00e9phanie turn October into a true stage of emotions. Between the 4th and the 26th, audiences will enjoy a October at the Palais des Festivals: theatre, music and comedy for a month to remember in Cannes","breadcrumb":{"@id":"https:\/\/montecarloliving.com\/en\/actuality\/october-at-the-palais-des-festivals-theatre-music-and-comedy-for-month-to-remember-in-cannes-25358\/#breadcrumb"},"inLanguage":"en-US","potentialAction":[{"@type":"ReadAction","target":["https:\/\/montecarloliving.com\/en\/actuality\/october-at-the-palais-des-festivals-theatre-music-and-comedy-for-month-to-remember-in-cannes-25358\/"]}]},{"@type":"ImageObject","inLanguage":"en-US","@id":"https:\/\/montecarloliving.com\/en\/actuality\/october-at-the-palais-des-festivals-theatre-music-and-comedy-for-month-to-remember-in-cannes-25358\/#primaryimage","url":"https:\/\/montecarloliving.com\/wp-content\/uploads\/2025\/09\/palais-des-festivals-et-des-congres-de-Cannes.jpg","contentUrl":"https:\/\/montecarloliving.com\/wp-content\/uploads\/2025\/09\/palais-des-festivals-et-des-congres-de-Cannes.jpg","width":1920,"height":1080},{"@type":"BreadcrumbList","@id":"https:\/\/montecarloliving.com\/en\/actuality\/october-at-the-palais-des-festivals-theatre-music-and-comedy-for-month-to-remember-in-cannes-25358\/#breadcrumb","itemListElement":[{"@type":"ListItem","position":1,"name":"Home","item":"https:\/\/montecarloliving.com\/en\/"},{"@type":"ListItem","position":2,"name":"October at the Palais des Festivals: theatre, music and comedy for a month to remember in Cannes"}]},{"@type":"WebSite","@id":"https:\/\/montecarloliving.com\/en\/#website","url":"https:\/\/montecarloliving.com\/en\/","name":"Montecarlo Living","description":"News da Montecarlo - Principato di Monaco e Costa Azzurra","potentialAction":[{"@type":"SearchAction","target":{"@type":"EntryPoint","urlTemplate":"https:\/\/montecarloliving.com\/en\/?s={search_term_string}"},"query-input":{"@type":"PropertyValueSpecification","valueRequired":true,"valueName":"search_term_string"}}],"inLanguage":"en-US"},{"@type":"Person","@id":"https:\/\/montecarloliving.com\/en\/#\/schema\/person\/7e5945d4560862b7f2d2c6831bda2819","name":"Redazione","image":{"@type":"ImageObject","inLanguage":"en-US","@id":"https:\/\/secure.gravatar.com\/avatar\/8b5f26557e18fe74ad8e8a57ebb2925d88af8a90cee489ff2beefb391bc9b9c7?s=96&d=mm&r=g","url":"https:\/\/secure.gravatar.com\/avatar\/8b5f26557e18fe74ad8e8a57ebb2925d88af8a90cee489ff2beefb391bc9b9c7?s=96&d=mm&r=g","contentUrl":"https:\/\/secure.gravatar.com\/avatar\/8b5f26557e18fe74ad8e8a57ebb2925d88af8a90cee489ff2beefb391bc9b9c7?s=96&d=mm&r=g","caption":"Redazione"}}]}},"_links":{"self":[{"href":"https:\/\/montecarloliving.com\/en\/wp-json\/wp\/v2\/posts\/25358","targetHints":{"allow":["GET"]}}],"collection":[{"href":"https:\/\/montecarloliving.com\/en\/wp-json\/wp\/v2\/posts"}],"about":[{"href":"https:\/\/montecarloliving.com\/en\/wp-json\/wp\/v2\/types\/post"}],"author":[{"embeddable":true,"href":"https:\/\/montecarloliving.com\/en\/wp-json\/wp\/v2\/users\/1"}],"replies":[{"embeddable":true,"href":"https:\/\/montecarloliving.com\/en\/wp-json\/wp\/v2\/comments?post=25358"}],"version-history":[{"count":1,"href":"https:\/\/montecarloliving.com\/en\/wp-json\/wp\/v2\/posts\/25358\/revisions"}],"predecessor-version":[{"id":25359,"href":"https:\/\/montecarloliving.com\/en\/wp-json\/wp\/v2\/posts\/25358\/revisions\/25359"}],"wp:featuredmedia":[{"embeddable":true,"href":"https:\/\/montecarloliving.com\/en\/wp-json\/wp\/v2\/media\/25363"}],"wp:attachment":[{"href":"https:\/\/montecarloliving.com\/en\/wp-json\/wp\/v2\/media?parent=25358"}],"wp:term":[{"taxonomy":"category","embeddable":true,"href":"https:\/\/montecarloliving.com\/en\/wp-json\/wp\/v2\/categories?post=25358"},{"taxonomy":"post_tag","embeddable":true,"href":"https:\/\/montecarloliving.com\/en\/wp-json\/wp\/v2\/tags?post=25358"}],"curies":[{"name":"wp","href":"https:\/\/api.w.org\/{rel}","templated":true}]}}