{"id":20885,"date":"2025-04-15T08:50:59","date_gmt":"2025-04-15T06:50:59","guid":{"rendered":"https:\/\/montecarloliving.com\/?p=20885"},"modified":"2025-04-14T11:55:49","modified_gmt":"2025-04-14T09:55:49","slug":"helene-mukhtar-at-galerie-des-dominicains-in-nice","status":"publish","type":"post","link":"https:\/\/montecarloliving.com\/en\/actuality\/helene-mukhtar-at-galerie-des-dominicains-in-nice-20885\/","title":{"rendered":"H\u00e9l\u00e8ne Mukhtar at Galerie des Dominicains in Nice"},"content":{"rendered":"<p class=\"\" data-start=\"161\" data-end=\"421\">Silvia Assin recently visited the latest exhibition by H\u00e9l\u00e8ne Mukhtar, currently on view at Galerie des Dominicains, in the heart of Vieux Nice on Rue Saint Fran\u00e7ois de Paule. The show makes an immediate impression with its vibrant energy and visual intensity.<\/p>\n<p class=\"\" data-start=\"423\" data-end=\"767\">Well-known to the local audience for her participation in the Ovni Festival\u2014presented by Galerie Depardieu\u2014Mukhtar returns with an even bolder offering: an unexpected fusion of painting and video sculpture. The result is a fresh expressive language that bridges traditional forms and contemporary technology, offering a multisensory experience.<\/p>\n<p class=\"\" data-start=\"769\" data-end=\"1116\">Upon entering the gallery, viewers are greeted by brightly colored acrylic canvases and three large screens displaying video artworks. A consistent visual identity ties the works together: a vivid color palette, strong graphic lines, and sharp irony that\u2019s evident in titles like <em data-start=\"1049\" data-end=\"1080\">Conversation with a Black Cat<\/em> and <em data-start=\"1085\" data-end=\"1115\">How to Persuade a Purple Dog<\/em>.<\/p>\n<p data-start=\"769\" data-end=\"1116\"><img loading=\"lazy\" decoding=\"async\" class=\"size-full wp-image-20881 aligncenter\" src=\"https:\/\/montecarloliving.com\/wp-content\/uploads\/2025\/04\/Mukhtar_affiche.jpg\" alt=\"\" width=\"410\" height=\"580\" srcset=\"https:\/\/montecarloliving.com\/wp-content\/uploads\/2025\/04\/Mukhtar_affiche.jpg 410w, https:\/\/montecarloliving.com\/wp-content\/uploads\/2025\/04\/Mukhtar_affiche-212x300.jpg 212w\" sizes=\"auto, (max-width: 410px) 100vw, 410px\" \/><\/p>\n<p class=\"\" data-start=\"1118\" data-end=\"1429\">Mukhtar herself seems to embody the spirit of her art\u2014dynamic, with a short haircut and animated gestures, she could have stepped out of one of her own animated worlds. Born in Nice, she began her creative career with L\u2019Or\u00e9al in the United States before returning to her artistic roots at her studio in Sanremo.<\/p>\n<p class=\"\" data-start=\"1431\" data-end=\"1593\">In recent years, her voice has stood out in the world of contemporary video art, establishing a recognizable style defined by movement, humor, and media blending.<\/p>\n<p class=\"\" data-start=\"1595\" data-end=\"1813\">At the opening, a particularly striking piece was a slim blue plexiglass sculpture with a video on triathlon projected within. This artwork perfectly encapsulates the hybrid nature and kinetic energy of the exhibition.<\/p>\n<p class=\"\" data-start=\"1815\" data-end=\"1968\">Mukhtar\u2019s show is an invitation to experience art through a new lens, in a universe where painting and video coexist, challenge, and enhance one another.<\/p>\n","protected":false},"excerpt":{"rendered":"<p>Silvia Assin recently visited the latest exhibition by H\u00e9l\u00e8ne Mukhtar, currently on view at Galerie des Dominicains, in the heart of Vieux Nice on Rue Saint Fran\u00e7ois de Paule. The show makes an immediate impression with its vibrant energy and visual intensity. Well-known to [&hellip;]<\/p>\n","protected":false},"author":1,"featured_media":20878,"comment_status":"closed","ping_status":"closed","sticky":false,"template":"","format":"standard","meta":{"footnotes":""},"categories":[846,850,862],"tags":[],"class_list":["post-20885","post","type-post","status-publish","format-standard","has-post-thumbnail","hentry","category-actuality","category-events","category-nice"],"yoast_head":"<!-- This site is optimized with the Yoast SEO plugin v27.5 - https:\/\/yoast.com\/product\/yoast-seo-wordpress\/ -->\n<title>H\u00e9l\u00e8ne Mukhtar at Galerie des Dominicains in Nice<\/title>\n<meta name=\"description\" content=\"Silvia Assin recently visited the latest exhibition by H\u00e9l\u00e8ne Mukhtar, currently on view at Galerie des Dominicains, in the heart of Vieux Nice on Rue H\u00e9l\u00e8ne Mukhtar at Galerie des Dominicains in Nice\" \/>\n<meta name=\"robots\" content=\"index, follow, max-snippet:-1, max-image-preview:large, max-video-preview:-1\" \/>\n<link rel=\"canonical\" href=\"https:\/\/montecarloliving.com\/en\/actuality\/helene-mukhtar-at-galerie-des-dominicains-in-nice-20885\/\" \/>\n<meta property=\"og:locale\" content=\"en_US\" \/>\n<meta property=\"og:title\" content=\"H\u00e9l\u00e8ne Mukhtar at Galerie des Dominicains in Nice\" \/>\n<meta property=\"og:description\" content=\"Silvia Assin recently visited the latest exhibition by H\u00e9l\u00e8ne Mukhtar, currently on view at Galerie des Dominicains, in the heart of Vieux Nice on Rue H\u00e9l\u00e8ne Mukhtar at Galerie des Dominicains in Nice\" \/>\n<meta property=\"og:url\" content=\"https:\/\/montecarloliving.com\/en\/actuality\/helene-mukhtar-at-galerie-des-dominicains-in-nice-20885\/\" \/>\n<meta property=\"og:site_name\" content=\"Montecarlo Living\" \/>\n<meta property=\"article:publisher\" content=\"https:\/\/www.facebook.com\/montecarlolivingcom\/\" \/>\n<meta property=\"article:published_time\" content=\"2025-04-15T06:50:59+00:00\" \/>\n<meta property=\"og:image\" content=\"https:\/\/montecarloliving.com\/wp-content\/uploads\/2025\/04\/5756-a18563366516bc1069b791b79f1837ea-650x400.jpg\" \/>\n\t<meta property=\"og:image:width\" content=\"650\" \/>\n\t<meta property=\"og:image:height\" content=\"400\" \/>\n\t<meta property=\"og:image:type\" content=\"image\/jpeg\" \/>\n<meta name=\"author\" content=\"Redazione\" \/>\n<meta name=\"twitter:card\" content=\"summary_large_image\" \/>\n<meta name=\"twitter:creator\" content=\"@MonteCarloLivi\" \/>\n<meta name=\"twitter:site\" content=\"@MonteCarloLivi\" \/>\n<meta name=\"twitter:label1\" content=\"Written by\" \/>\n\t<meta name=\"twitter:data1\" content=\"Redazione\" \/>\n\t<meta name=\"twitter:label2\" content=\"Est. reading time\" \/>\n\t<meta name=\"twitter:data2\" content=\"2 minutes\" \/>\n<script type=\"application\/ld+json\" class=\"yoast-schema-graph\">{\"@context\":\"https:\\\/\\\/schema.org\",\"@graph\":[{\"@type\":\"Article\",\"@id\":\"https:\\\/\\\/montecarloliving.com\\\/en\\\/actuality\\\/helene-mukhtar-at-galerie-des-dominicains-in-nice-20885\\\/#article\",\"isPartOf\":{\"@id\":\"https:\\\/\\\/montecarloliving.com\\\/en\\\/actuality\\\/helene-mukhtar-at-galerie-des-dominicains-in-nice-20885\\\/\"},\"author\":{\"name\":\"Redazione\",\"@id\":\"https:\\\/\\\/montecarloliving.com\\\/en\\\/#\\\/schema\\\/person\\\/7e5945d4560862b7f2d2c6831bda2819\"},\"headline\":\"H\u00e9l\u00e8ne Mukhtar at Galerie des Dominicains in Nice\",\"datePublished\":\"2025-04-15T06:50:59+00:00\",\"mainEntityOfPage\":{\"@id\":\"https:\\\/\\\/montecarloliving.com\\\/en\\\/actuality\\\/helene-mukhtar-at-galerie-des-dominicains-in-nice-20885\\\/\"},\"wordCount\":301,\"image\":{\"@id\":\"https:\\\/\\\/montecarloliving.com\\\/en\\\/actuality\\\/helene-mukhtar-at-galerie-des-dominicains-in-nice-20885\\\/#primaryimage\"},\"thumbnailUrl\":\"https:\\\/\\\/montecarloliving.com\\\/wp-content\\\/uploads\\\/2025\\\/04\\\/5756-a18563366516bc1069b791b79f1837ea.jpg\",\"articleSection\":[\"Actuality\",\"Events\",\"Nice\"],\"inLanguage\":\"en-US\"},{\"@type\":\"WebPage\",\"@id\":\"https:\\\/\\\/montecarloliving.com\\\/en\\\/actuality\\\/helene-mukhtar-at-galerie-des-dominicains-in-nice-20885\\\/\",\"url\":\"https:\\\/\\\/montecarloliving.com\\\/en\\\/actuality\\\/helene-mukhtar-at-galerie-des-dominicains-in-nice-20885\\\/\",\"name\":\"H\u00e9l\u00e8ne Mukhtar at Galerie des Dominicains in Nice\",\"isPartOf\":{\"@id\":\"https:\\\/\\\/montecarloliving.com\\\/en\\\/#website\"},\"primaryImageOfPage\":{\"@id\":\"https:\\\/\\\/montecarloliving.com\\\/en\\\/actuality\\\/helene-mukhtar-at-galerie-des-dominicains-in-nice-20885\\\/#primaryimage\"},\"image\":{\"@id\":\"https:\\\/\\\/montecarloliving.com\\\/en\\\/actuality\\\/helene-mukhtar-at-galerie-des-dominicains-in-nice-20885\\\/#primaryimage\"},\"thumbnailUrl\":\"https:\\\/\\\/montecarloliving.com\\\/wp-content\\\/uploads\\\/2025\\\/04\\\/5756-a18563366516bc1069b791b79f1837ea.jpg\",\"datePublished\":\"2025-04-15T06:50:59+00:00\",\"author\":{\"@id\":\"https:\\\/\\\/montecarloliving.com\\\/en\\\/#\\\/schema\\\/person\\\/7e5945d4560862b7f2d2c6831bda2819\"},\"description\":\"Silvia Assin recently visited the latest exhibition by H\u00e9l\u00e8ne Mukhtar, currently on view at Galerie des Dominicains, in the heart of Vieux Nice on Rue H\u00e9l\u00e8ne Mukhtar at Galerie des Dominicains in Nice\",\"breadcrumb\":{\"@id\":\"https:\\\/\\\/montecarloliving.com\\\/en\\\/actuality\\\/helene-mukhtar-at-galerie-des-dominicains-in-nice-20885\\\/#breadcrumb\"},\"inLanguage\":\"en-US\",\"potentialAction\":[{\"@type\":\"ReadAction\",\"target\":[\"https:\\\/\\\/montecarloliving.com\\\/en\\\/actuality\\\/helene-mukhtar-at-galerie-des-dominicains-in-nice-20885\\\/\"]}]},{\"@type\":\"ImageObject\",\"inLanguage\":\"en-US\",\"@id\":\"https:\\\/\\\/montecarloliving.com\\\/en\\\/actuality\\\/helene-mukhtar-at-galerie-des-dominicains-in-nice-20885\\\/#primaryimage\",\"url\":\"https:\\\/\\\/montecarloliving.com\\\/wp-content\\\/uploads\\\/2025\\\/04\\\/5756-a18563366516bc1069b791b79f1837ea.jpg\",\"contentUrl\":\"https:\\\/\\\/montecarloliving.com\\\/wp-content\\\/uploads\\\/2025\\\/04\\\/5756-a18563366516bc1069b791b79f1837ea.jpg\",\"width\":1920,\"height\":1080},{\"@type\":\"BreadcrumbList\",\"@id\":\"https:\\\/\\\/montecarloliving.com\\\/en\\\/actuality\\\/helene-mukhtar-at-galerie-des-dominicains-in-nice-20885\\\/#breadcrumb\",\"itemListElement\":[{\"@type\":\"ListItem\",\"position\":1,\"name\":\"Home\",\"item\":\"https:\\\/\\\/montecarloliving.com\\\/en\\\/\"},{\"@type\":\"ListItem\",\"position\":2,\"name\":\"H\u00e9l\u00e8ne Mukhtar at Galerie des Dominicains in Nice\"}]},{\"@type\":\"WebSite\",\"@id\":\"https:\\\/\\\/montecarloliving.com\\\/en\\\/#website\",\"url\":\"https:\\\/\\\/montecarloliving.com\\\/en\\\/\",\"name\":\"Montecarlo Living\",\"description\":\"News da Montecarlo - Principato di Monaco e Costa Azzurra\",\"potentialAction\":[{\"@type\":\"SearchAction\",\"target\":{\"@type\":\"EntryPoint\",\"urlTemplate\":\"https:\\\/\\\/montecarloliving.com\\\/en\\\/?s={search_term_string}\"},\"query-input\":{\"@type\":\"PropertyValueSpecification\",\"valueRequired\":true,\"valueName\":\"search_term_string\"}}],\"inLanguage\":\"en-US\"},{\"@type\":\"Person\",\"@id\":\"https:\\\/\\\/montecarloliving.com\\\/en\\\/#\\\/schema\\\/person\\\/7e5945d4560862b7f2d2c6831bda2819\",\"name\":\"Redazione\",\"image\":{\"@type\":\"ImageObject\",\"inLanguage\":\"en-US\",\"@id\":\"https:\\\/\\\/secure.gravatar.com\\\/avatar\\\/8b5f26557e18fe74ad8e8a57ebb2925d88af8a90cee489ff2beefb391bc9b9c7?s=96&d=mm&r=g\",\"url\":\"https:\\\/\\\/secure.gravatar.com\\\/avatar\\\/8b5f26557e18fe74ad8e8a57ebb2925d88af8a90cee489ff2beefb391bc9b9c7?s=96&d=mm&r=g\",\"contentUrl\":\"https:\\\/\\\/secure.gravatar.com\\\/avatar\\\/8b5f26557e18fe74ad8e8a57ebb2925d88af8a90cee489ff2beefb391bc9b9c7?s=96&d=mm&r=g\",\"caption\":\"Redazione\"}}]}<\/script>\n<!-- \/ Yoast SEO plugin. -->","yoast_head_json":{"title":"H\u00e9l\u00e8ne Mukhtar at Galerie des Dominicains in Nice","description":"Silvia Assin recently visited the latest exhibition by H\u00e9l\u00e8ne Mukhtar, currently on view at Galerie des Dominicains, in the heart of Vieux Nice on Rue H\u00e9l\u00e8ne Mukhtar at Galerie des Dominicains in Nice","robots":{"index":"index","follow":"follow","max-snippet":"max-snippet:-1","max-image-preview":"max-image-preview:large","max-video-preview":"max-video-preview:-1"},"canonical":"https:\/\/montecarloliving.com\/en\/actuality\/helene-mukhtar-at-galerie-des-dominicains-in-nice-20885\/","og_locale":"en_US","og_title":"H\u00e9l\u00e8ne Mukhtar at Galerie des Dominicains in Nice","og_description":"Silvia Assin recently visited the latest exhibition by H\u00e9l\u00e8ne Mukhtar, currently on view at Galerie des Dominicains, in the heart of Vieux Nice on Rue H\u00e9l\u00e8ne Mukhtar at Galerie des Dominicains in Nice","og_url":"https:\/\/montecarloliving.com\/en\/actuality\/helene-mukhtar-at-galerie-des-dominicains-in-nice-20885\/","og_site_name":"Montecarlo Living","article_publisher":"https:\/\/www.facebook.com\/montecarlolivingcom\/","article_published_time":"2025-04-15T06:50:59+00:00","og_image":[{"width":650,"height":400,"url":"https:\/\/montecarloliving.com\/wp-content\/uploads\/2025\/04\/5756-a18563366516bc1069b791b79f1837ea-650x400.jpg","type":"image\/jpeg"}],"author":"Redazione","twitter_card":"summary_large_image","twitter_creator":"@MonteCarloLivi","twitter_site":"@MonteCarloLivi","twitter_misc":{"Written by":"Redazione","Est. reading time":"2 minutes"},"schema":{"@context":"https:\/\/schema.org","@graph":[{"@type":"Article","@id":"https:\/\/montecarloliving.com\/en\/actuality\/helene-mukhtar-at-galerie-des-dominicains-in-nice-20885\/#article","isPartOf":{"@id":"https:\/\/montecarloliving.com\/en\/actuality\/helene-mukhtar-at-galerie-des-dominicains-in-nice-20885\/"},"author":{"name":"Redazione","@id":"https:\/\/montecarloliving.com\/en\/#\/schema\/person\/7e5945d4560862b7f2d2c6831bda2819"},"headline":"H\u00e9l\u00e8ne Mukhtar at Galerie des Dominicains in Nice","datePublished":"2025-04-15T06:50:59+00:00","mainEntityOfPage":{"@id":"https:\/\/montecarloliving.com\/en\/actuality\/helene-mukhtar-at-galerie-des-dominicains-in-nice-20885\/"},"wordCount":301,"image":{"@id":"https:\/\/montecarloliving.com\/en\/actuality\/helene-mukhtar-at-galerie-des-dominicains-in-nice-20885\/#primaryimage"},"thumbnailUrl":"https:\/\/montecarloliving.com\/wp-content\/uploads\/2025\/04\/5756-a18563366516bc1069b791b79f1837ea.jpg","articleSection":["Actuality","Events","Nice"],"inLanguage":"en-US"},{"@type":"WebPage","@id":"https:\/\/montecarloliving.com\/en\/actuality\/helene-mukhtar-at-galerie-des-dominicains-in-nice-20885\/","url":"https:\/\/montecarloliving.com\/en\/actuality\/helene-mukhtar-at-galerie-des-dominicains-in-nice-20885\/","name":"H\u00e9l\u00e8ne Mukhtar at Galerie des Dominicains in Nice","isPartOf":{"@id":"https:\/\/montecarloliving.com\/en\/#website"},"primaryImageOfPage":{"@id":"https:\/\/montecarloliving.com\/en\/actuality\/helene-mukhtar-at-galerie-des-dominicains-in-nice-20885\/#primaryimage"},"image":{"@id":"https:\/\/montecarloliving.com\/en\/actuality\/helene-mukhtar-at-galerie-des-dominicains-in-nice-20885\/#primaryimage"},"thumbnailUrl":"https:\/\/montecarloliving.com\/wp-content\/uploads\/2025\/04\/5756-a18563366516bc1069b791b79f1837ea.jpg","datePublished":"2025-04-15T06:50:59+00:00","author":{"@id":"https:\/\/montecarloliving.com\/en\/#\/schema\/person\/7e5945d4560862b7f2d2c6831bda2819"},"description":"Silvia Assin recently visited the latest exhibition by H\u00e9l\u00e8ne Mukhtar, currently on view at Galerie des Dominicains, in the heart of Vieux Nice on Rue H\u00e9l\u00e8ne Mukhtar at Galerie des Dominicains in Nice","breadcrumb":{"@id":"https:\/\/montecarloliving.com\/en\/actuality\/helene-mukhtar-at-galerie-des-dominicains-in-nice-20885\/#breadcrumb"},"inLanguage":"en-US","potentialAction":[{"@type":"ReadAction","target":["https:\/\/montecarloliving.com\/en\/actuality\/helene-mukhtar-at-galerie-des-dominicains-in-nice-20885\/"]}]},{"@type":"ImageObject","inLanguage":"en-US","@id":"https:\/\/montecarloliving.com\/en\/actuality\/helene-mukhtar-at-galerie-des-dominicains-in-nice-20885\/#primaryimage","url":"https:\/\/montecarloliving.com\/wp-content\/uploads\/2025\/04\/5756-a18563366516bc1069b791b79f1837ea.jpg","contentUrl":"https:\/\/montecarloliving.com\/wp-content\/uploads\/2025\/04\/5756-a18563366516bc1069b791b79f1837ea.jpg","width":1920,"height":1080},{"@type":"BreadcrumbList","@id":"https:\/\/montecarloliving.com\/en\/actuality\/helene-mukhtar-at-galerie-des-dominicains-in-nice-20885\/#breadcrumb","itemListElement":[{"@type":"ListItem","position":1,"name":"Home","item":"https:\/\/montecarloliving.com\/en\/"},{"@type":"ListItem","position":2,"name":"H\u00e9l\u00e8ne Mukhtar at Galerie des Dominicains in Nice"}]},{"@type":"WebSite","@id":"https:\/\/montecarloliving.com\/en\/#website","url":"https:\/\/montecarloliving.com\/en\/","name":"Montecarlo Living","description":"News da Montecarlo - Principato di Monaco e Costa Azzurra","potentialAction":[{"@type":"SearchAction","target":{"@type":"EntryPoint","urlTemplate":"https:\/\/montecarloliving.com\/en\/?s={search_term_string}"},"query-input":{"@type":"PropertyValueSpecification","valueRequired":true,"valueName":"search_term_string"}}],"inLanguage":"en-US"},{"@type":"Person","@id":"https:\/\/montecarloliving.com\/en\/#\/schema\/person\/7e5945d4560862b7f2d2c6831bda2819","name":"Redazione","image":{"@type":"ImageObject","inLanguage":"en-US","@id":"https:\/\/secure.gravatar.com\/avatar\/8b5f26557e18fe74ad8e8a57ebb2925d88af8a90cee489ff2beefb391bc9b9c7?s=96&d=mm&r=g","url":"https:\/\/secure.gravatar.com\/avatar\/8b5f26557e18fe74ad8e8a57ebb2925d88af8a90cee489ff2beefb391bc9b9c7?s=96&d=mm&r=g","contentUrl":"https:\/\/secure.gravatar.com\/avatar\/8b5f26557e18fe74ad8e8a57ebb2925d88af8a90cee489ff2beefb391bc9b9c7?s=96&d=mm&r=g","caption":"Redazione"}}]}},"_links":{"self":[{"href":"https:\/\/montecarloliving.com\/en\/wp-json\/wp\/v2\/posts\/20885","targetHints":{"allow":["GET"]}}],"collection":[{"href":"https:\/\/montecarloliving.com\/en\/wp-json\/wp\/v2\/posts"}],"about":[{"href":"https:\/\/montecarloliving.com\/en\/wp-json\/wp\/v2\/types\/post"}],"author":[{"embeddable":true,"href":"https:\/\/montecarloliving.com\/en\/wp-json\/wp\/v2\/users\/1"}],"replies":[{"embeddable":true,"href":"https:\/\/montecarloliving.com\/en\/wp-json\/wp\/v2\/comments?post=20885"}],"version-history":[{"count":1,"href":"https:\/\/montecarloliving.com\/en\/wp-json\/wp\/v2\/posts\/20885\/revisions"}],"predecessor-version":[{"id":20886,"href":"https:\/\/montecarloliving.com\/en\/wp-json\/wp\/v2\/posts\/20885\/revisions\/20886"}],"wp:featuredmedia":[{"embeddable":true,"href":"https:\/\/montecarloliving.com\/en\/wp-json\/wp\/v2\/media\/20878"}],"wp:attachment":[{"href":"https:\/\/montecarloliving.com\/en\/wp-json\/wp\/v2\/media?parent=20885"}],"wp:term":[{"taxonomy":"category","embeddable":true,"href":"https:\/\/montecarloliving.com\/en\/wp-json\/wp\/v2\/categories?post=20885"},{"taxonomy":"post_tag","embeddable":true,"href":"https:\/\/montecarloliving.com\/en\/wp-json\/wp\/v2\/tags?post=20885"}],"curies":[{"name":"wp","href":"https:\/\/api.w.org\/{rel}","templated":true}]}}