{"id":20665,"date":"2025-04-07T10:17:37","date_gmt":"2025-04-07T08:17:37","guid":{"rendered":"https:\/\/montecarloliving.com\/?p=20665"},"modified":"2025-04-07T10:19:44","modified_gmt":"2025-04-07T08:19:44","slug":"what-to-do-in-antibes-in-april-all-scheduled-events","status":"publish","type":"post","link":"https:\/\/montecarloliving.com\/en\/actuality\/what-to-do-in-antibes-in-april-all-scheduled-events-20665\/","title":{"rendered":"What to Do in Antibes in April: All Scheduled Events"},"content":{"rendered":"<p class=\"\" data-start=\"14\" data-end=\"95\"><span class=\"relative -mx-px my-[-0.2rem] rounded-sm px-px py-[0.2rem]\">In April, the vibrant cultural scene of Antibes \u2013 Juan-les-Pins continues to amaze with a rich program of events, exhibitions, performances, and initiatives for all tastes. Here is an overview of the month&#8217;s must-see events.\u200b<\/p>\n<p class=\"\" data-start=\"97\" data-end=\"125\"><strong data-start=\"97\" data-end=\"125\">\ud83c\udfa8 53rd Antibes Art Fair<\/strong><\/p>\n<ul data-start=\"127\" data-end=\"319\">\n<li class=\"\" data-start=\"127\" data-end=\"224\">\n<p class=\"\" data-start=\"129\" data-end=\"224\"><strong data-start=\"129\" data-end=\"142\">Location:<\/strong> <span class=\"relative -mx-px my-[-0.2rem] rounded-sm px-px py-[0.2rem]\">Esplanade du Pr\u00e9 des P\u00eacheurs \u2013 Antibes\u200b<\/p>\n<\/li>\n<li class=\"\" data-start=\"225\" data-end=\"319\">\n<p class=\"\" data-start=\"227\" data-end=\"319\"><strong data-start=\"227\" data-end=\"237\">Dates:<\/strong> <span class=\"relative -mx-px my-[-0.2rem] rounded-sm px-px py-[0.2rem]\">April 12\u201321\u200b<span class=\"ms-1 inline-flex max-w-full items-center relative top-[-0.094rem]\"><a class=\"flex h-6 overflow-hidden rounded-xl px-2.5 text-[0.5625em] font-medium text-token-text-secondary! bg-[#F4F4F4]! dark:bg-[#303030]!\" href=\"https:\/\/globexfrance.com\/whats-happening-in-antibes-march-and-april-2025\/?utm_source=chatgpt.com\" target=\"_blank\" rel=\"noopener\"><span class=\"relative bottom-0 left-0 flex h-full w-full items-center\"><span class=\"flex h-4 w-full items-center justify-between overflow-hidden\"><span class=\"max-w-full grow truncate overflow-hidden text-center\">Globex<\/a><\/p>\n<\/li>\n<\/ul>\n<p class=\"\" data-start=\"321\" data-end=\"518\"><span class=\"relative -mx-px my-[-0.2rem] rounded-sm px-px py-[0.2rem]\">Collectors, art enthusiasts, and interior designers gather in Antibes for one of the most anticipated events of the year. <span class=\"relative -mx-px my-[-0.2rem] rounded-sm px-px py-[0.2rem]\">A refined exhibition of French and international artworks, antique furniture, jewelry, lamps, rare and collectible items. <span class=\"relative -mx-px my-[-0.2rem] rounded-sm px-px py-[0.2rem]\">Not to be missed is the Antibes Design &amp; Crafts space, dedicated to the talent of artisans and the fusion of art and savoir-faire. \u200b<\/p>\n<p class=\"\" data-start=\"520\" data-end=\"549\"><strong data-start=\"520\" data-end=\"549\">\ud83c\udfba Marching Band Festival<\/strong><\/p>\n<ul data-start=\"551\" data-end=\"751\">\n<li class=\"\" data-start=\"551\" data-end=\"652\">\n<p class=\"\" data-start=\"553\" data-end=\"652\"><strong data-start=\"553\" data-end=\"566\">Location:<\/strong> <span class=\"relative -mx-px my-[-0.2rem] rounded-sm px-px py-[0.2rem]\">Antibes &amp; Juan-les-Pins\u200b<\/p>\n<\/li>\n<li class=\"\" data-start=\"653\" data-end=\"751\">\n<p class=\"\" data-start=\"655\" data-end=\"751\"><strong data-start=\"655\" data-end=\"665\">Dates:<\/strong> <span class=\"relative -mx-px my-[-0.2rem] rounded-sm px-px py-[0.2rem]\">April 19\u201321\u200b<span class=\"ms-1 inline-flex max-w-full items-center relative top-[-0.094rem]\"><a class=\"flex h-6 overflow-hidden rounded-xl px-2.5 text-[0.5625em] font-medium text-token-text-secondary! bg-[#F4F4F4]! dark:bg-[#303030]!\" href=\"https:\/\/www.france-voyage.com\/events\/antibes-commune-22442.htm?utm_source=chatgpt.com\" target=\"_blank\" rel=\"noopener\"><span class=\"relative bottom-0 left-0 flex h-full w-full items-center\"><span class=\"flex h-4 w-full items-center justify-between absolute\"><span class=\"max-w-full grow truncate overflow-hidden text-center\">SeeAntibes.com<span class=\"ms-1 -me-1 flex h-full items-center rounded-full px-1 text-[#8F8F8F]\">+2<span class=\"flex h-4 w-full items-center justify-between\"><span class=\"max-w-full grow truncate overflow-hidden text-center\">France-Voyage.com<span class=\"ms-1 -me-1 flex h-full items-center rounded-full px-1 text-[#8F8F8F]\">+2<span class=\"flex h-4 w-full items-center justify-between absolute\"><span class=\"max-w-full grow truncate overflow-hidden text-center\">Globex<span class=\"ms-1 -me-1 flex h-full items-center rounded-full px-1 text-[#8F8F8F]\">+2<\/a><\/p>\n<\/li>\n<\/ul>\n<p class=\"\" data-start=\"753\" data-end=\"878\"><span class=\"relative -mx-px my-[-0.2rem] rounded-sm px-px py-[0.2rem]\">Easter marks the official start of the season with the 4th edition of the Marching Band Festival: seven itinerant musical groups will animate the city&#8217;s streets for three days, creating a festive and engaging atmosphere with parades and open-air concerts. \u200b<span class=\"ms-1 inline-flex max-w-full items-center relative top-[-0.094rem]\"><a class=\"flex h-6 overflow-hidden rounded-xl px-2.5 text-[0.5625em] font-medium text-token-text-secondary! bg-[#F4F4F4]! dark:bg-[#303030]!\" href=\"https:\/\/provence-alpes-cotedazur.com\/que-faire\/sortir\/toutes-les-sorties\/marching-band-festival-antibes-fr-4709288\/?utm_source=chatgpt.com\" target=\"_blank\" rel=\"noopener\"><span class=\"relative bottom-0 left-0 flex h-full w-full items-center\"><span class=\"flex h-4 w-full items-center justify-between overflow-hidden\"><span class=\"max-w-full grow truncate overflow-hidden text-center\">Provence-Alpes-C\u00f4te d&#8217;Azur Tourisme<\/a><\/p>\n<p class=\"\" data-start=\"880\" data-end=\"921\"><strong data-start=\"880\" data-end=\"921\">\ud83c\udfbc Classic\u2019Antibes \u2013 Symphony Evening<\/strong><\/p>\n<ul data-start=\"923\" data-end=\"1122\">\n<li class=\"\" data-start=\"923\" data-end=\"1024\">\n<p class=\"\" data-start=\"925\" data-end=\"1024\"><strong data-start=\"925\" data-end=\"938\">Location:<\/strong> <span class=\"relative -mx-px my-[-0.2rem] rounded-sm px-px py-[0.2rem]\">Auditorium Hector Berlioz \u2013 Antibes\u200b<\/p>\n<\/li>\n<li class=\"\" data-start=\"1025\" data-end=\"1122\">\n<p class=\"\" data-start=\"1027\" data-end=\"1122\"><strong data-start=\"1027\" data-end=\"1036\">Date:<\/strong> <span class=\"relative -mx-px my-[-0.2rem] rounded-sm px-px py-[0.2rem]\">April 26 \u2013 8:00 PM\u200b<span class=\"ms-1 inline-flex max-w-full items-center relative top-[-0.094rem]\"><a class=\"flex h-6 overflow-hidden rounded-xl px-2.5 text-[0.5625em] font-medium text-token-text-secondary! bg-[#F4F4F4]! dark:bg-[#303030]!\" href=\"https:\/\/www.france-voyage.com\/events\/antibes-commune-22442.htm?utm_source=chatgpt.com\" target=\"_blank\" rel=\"noopener\"><span class=\"relative bottom-0 left-0 flex h-full w-full items-center\"><span class=\"flex h-4 w-full items-center justify-between\"><span class=\"max-w-full grow truncate overflow-hidden text-center\">France-Voyage.com<span class=\"ms-1 -me-1 flex h-full items-center rounded-full px-1 text-[#8F8F8F]\">+1<span class=\"flex h-4 w-full items-center justify-between absolute\"><span class=\"max-w-full grow truncate overflow-hidden text-center\">Globex<span class=\"ms-1 -me-1 flex h-full items-center rounded-full px-1 text-[#8F8F8F]\">+1<\/a><\/p>\n<\/li>\n<\/ul>\n<p class=\"\" data-start=\"1124\" data-end=\"1209\"><span class=\"relative -mx-px my-[-0.2rem] rounded-sm px-px py-[0.2rem]\">An exceptional evening for classical music lovers:\u200b<\/p>\n<ul data-start=\"1211\" data-end=\"1412\">\n<li class=\"\" data-start=\"1211\" data-end=\"1321\">\n<p class=\"\" data-start=\"1213\" data-end=\"1321\"><strong data-start=\"1213\" data-end=\"1231\">Couleur Cuivre<\/strong><br data-start=\"1231\" data-end=\"1234\" \/><span class=\"relative -mx-px my-[-0.2rem] rounded-sm px-px py-[0.2rem]\">with the Orchestre National de Cannes, conducted by Sora Elisabeth Lee\u200b<\/p>\n<\/li>\n<li class=\"\" data-start=\"1322\" data-end=\"1412\">\n<p class=\"\" data-start=\"1324\" data-end=\"1412\">\ud83c\udfba <span class=\"relative -mx-px my-[-0.2rem] rounded-sm px-px py-[0.2rem]\">Trumpet soloist: Andre\u00ef Kavalinski\u200b<\/p>\n<\/li>\n<\/ul>\n<p class=\"\" data-start=\"1414\" data-end=\"1459\"><strong data-start=\"1414\" data-end=\"1459\">\ud83c\udfad Theater: Stories, Emotions, and Comedy<\/strong><\/p>\n<p class=\"\" data-start=\"1461\" data-end=\"1484\"><strong data-start=\"1461\" data-end=\"1484\">Th\u00e9\u00e2tre le Tribunal<\/strong><\/p>\n<ul data-start=\"1486\" data-end=\"2038\">\n<li class=\"\" data-start=\"1486\" data-end=\"2038\">\n<p class=\"\" data-start=\"1488\" data-end=\"1587\"><strong data-start=\"1488\" data-end=\"1501\">Location:<\/strong> <span class=\"relative -mx-px my-[-0.2rem] rounded-sm px-px py-[0.2rem]\">5 place Amiral Barnaud \u2013 Antibes\u200b<\/p>\n<ul data-start=\"1591\" data-end=\"2038\">\n<li class=\"\" data-start=\"1591\" data-end=\"1678\">\n<p class=\"\" data-start=\"1593\" data-end=\"1678\"><span class=\"relative -mx-px my-[-0.2rem] rounded-sm px-px py-[0.2rem]\">April 10\u201312 at 8:30 PM \u2013 <em data-start=\"25\" data-end=\"42\" data-is-last-node=\"\">Le plan parfait<\/em>\u200b<\/p>\n<\/li>\n<li class=\"\" data-start=\"1681\" data-end=\"1768\">\n<p class=\"\" data-start=\"1683\" data-end=\"1768\"><span class=\"relative -mx-px my-[-0.2rem] rounded-sm px-px py-[0.2rem]\">April 13 at 3:00 PM \u2013 <em data-start=\"22\" data-end=\"56\" data-is-last-node=\"\">Les 3 dr\u00f4les de femmes en escale<\/em>\u200b<\/p>\n<\/li>\n<li class=\"\" data-start=\"1771\" data-end=\"1858\">\n<p class=\"\" data-start=\"1773\" data-end=\"1858\"><span class=\"relative -mx-px my-[-0.2rem] rounded-sm px-px py-[0.2rem]\">April 17\u201319 at 8:30 PM \u2013 <em data-start=\"25\" data-end=\"42\" data-is-last-node=\"\">Ils exag\u00e8rent !<\/em>\u200b<\/p>\n<\/li>\n<li class=\"\" data-start=\"1861\" data-end=\"1948\">\n<p class=\"\" data-start=\"1863\" data-end=\"1948\"><span class=\"relative -mx-px my-[-0.2rem] rounded-sm px-px py-[0.2rem]\">April 19 at 3:00 PM \u2013 <em data-start=\"22\" data-end=\"34\">Toque chef<\/em> (children&#8217;s show)\u200b<\/p>\n<\/li>\n<li class=\"\" data-start=\"1951\" data-end=\"2038\">\n<p class=\"\" data-start=\"1953\" data-end=\"2038\"><span class=\"relative -mx-px my-[-0.2rem] rounded-sm px-px py-[0.2rem]\">April 24\u201326 at 8:30 PM \u2013 <em data-start=\"25\" data-end=\"51\" data-is-last-node=\"\">Julie Bigot est culott\u00e9e<\/em>\u200b<\/p>\n<\/li>\n<\/ul>\n<\/li>\n<\/ul>\n<p class=\"\" data-start=\"2040\" data-end=\"2059\"><strong data-start=\"2040\" data-end=\"2059\">Th\u00e9\u00e2tre Antib\u00e9a<\/strong><\/p>\n<ul data-start=\"2061\" data-end=\"2927\">\n<li class=\"\" data-start=\"2061\" data-end=\"2927\">\n<p class=\"\" data-start=\"2063\" data-end=\"2162\"><strong data-start=\"2063\" data-end=\"2076\">Location:<\/strong> <span class=\"relative -mx-px my-[-0.2rem] rounded-sm px-px py-[0.2rem]\">15 rue Georges Cl\u00e9menceau \u2013 Antibes\u200b<\/p>\n<ul data-start=\"2166\" data-end=\"2927\">\n<li class=\"\" data-start=\"2166\" data-end=\"2264\">\n<p class=\"\" data-start=\"2168\" data-end=\"2264\"><em data-start=\"2168\" data-end=\"2176\">D\u00e9mons<\/em> \u2013 <span class=\"relative -mx-px my-[-0.2rem] rounded-sm px-px py-[0.2rem]\">April 11, 12, 18, 19 at 8:30 PM | April 6, 13, 20 at 4:00 PM\u200b<\/p>\n<\/li>\n<li class=\"\" data-start=\"2267\" data-end=\"2387\">\n<p class=\"\" data-start=\"2269\" data-end=\"2387\"><em data-start=\"2269\" data-end=\"2299\">Stage \u201cAutour d\u2019Oscar Wilde\u201d<\/em> \u2013 <span class=\"relative -mx-px my-[-0.2rem] rounded-sm px-px py-[0.2rem]\">April 7, 8, 10, 11 at 10:00 AM\u200b<\/p>\n<\/li>\n<li class=\"\" data-start=\"2390\" data-end=\"2477\">\n<p class=\"\" data-start=\"2392\" data-end=\"2477\"><span class=\"relative -mx-px my-[-0.2rem] rounded-sm px-px py-[0.2rem]\">April 8 at 3:00 PM \u2013 <em data-start=\"21\" data-end=\"35\">Qui-est-ce ?<\/em> (children)\u200b<\/p>\n<\/li>\n<li class=\"\" data-start=\"2480\" data-end=\"2567\">\n<p class=\"\" data-start=\"2482\" data-end=\"2567\"><span class=\"relative -mx-px my-[-0.2rem] rounded-sm px-px py-[0.2rem]\">April 10 at 8:30 PM \u2013 <em data-start=\"22\" data-end=\"41\" data-is-last-node=\"\">\u00c9criture en sc\u00e8ne<\/em>\u200b<\/p>\n<\/li>\n<li class=\"\" data-start=\"2570\" data-end=\"2657\">\n<p class=\"\" data-start=\"2572\" data-end=\"2657\"><span class=\"relative -mx-px my-[-0.2rem] rounded-sm px-px py-[0.2rem]\">April 15 at 3:00 PM \u2013 <em data-start=\"22\" data-end=\"42\">Le roman de Renart<\/em> (families)\u200b<\/p>\n<\/li>\n<li class=\"\" data-start=\"2660\" data-end=\"2747\">\n<p class=\"\" data-start=\"2662\" data-end=\"2747\"><span class=\"relative -mx-px my-[-0.2rem] rounded-sm px-px py-[0.2rem]\">April 25\u201326 at 8:30 PM \u2013 <em data-start=\"25\" data-end=\"53\" data-is-last-node=\"\">Et la d\u00e9mocratie, bordel !<\/em>\u200b<\/p>\n<\/li>\n<li class=\"\" data-start=\"2750\" data-end=\"2837\">\n<p class=\"\" data-start=\"2752\" data-end=\"2837\"><span class=\"relative -mx-px my-[-0.2rem] rounded-sm px-px py-[0.2rem]\">April 27 at 4:00 PM \u2013 <em data-start=\"22\" data-end=\"43\" data-is-last-node=\"\">Repeat performances<\/em>\u200b<\/p>\n<\/li>\n<li class=\"\" data-start=\"2840\" data-end=\"2927\">\n<p class=\"\" data-start=\"2842\" data-end=\"2927\"><span class=\"relative -mx-px my-[-0.2rem] rounded-sm px-px py-[0.2rem]\">April 27 at 8:30 PM \u2013 <em data-start=\"22\" data-end=\"47\" data-is-last-node=\"\">Improvisation th\u00e9\u00e2trale<\/em>\u200b<\/p>\n<\/li>\n<\/ul>\n<\/li>\n<\/ul>\n<p class=\"\" data-start=\"2929\" data-end=\"2956\"><strong data-start=\"2929\" data-end=\"2956\">\ud83d\uddbc\ufe0f Ongoing Exhibitions<\/strong><\/p>\n<ul data-start=\"2958\" data-end=\"3655\">\n<li class=\"\" data-start=\"2958\" data-end=\"3066\">\n<p class=\"\" data-start=\"2960\" data-end=\"3066\"><strong data-start=\"2960\" data-end=\"2978\">Galerie Seguin<\/strong> \u2013 <span class=\"relative -mx-px my-[-0.2rem] rounded-sm px-px py-[0.2rem]\"><em data-start=\"0\" data-end=\"11\" data-is-only-node=\"\">&#8220;Regards&#8221;<\/em> \u2013 April 7 \u2013 May 31\u200b<\/p>\n<\/li>\n<li class=\"\" data-start=\"3067\" data-end=\"3185\">\n<p class=\"\" data-start=\"3069\" data-end=\"3185\"><strong data-start=\"3069\" data-end=\"3097\">Casemates de la cr\u00e9ation<\/strong> \u2013 <span class=\"relative -mx-px my-[-0.2rem] rounded-sm px-px py-[0.2rem]\"><em data-start=\"0\" data-end=\"16\" data-is-only-node=\"\">G\u00e9n\u00e9ration mer<\/em> \u2013 until April 12\u200b<\/p>\n<\/li>\n<li class=\"\" data-start=\"3186\" data-end=\"3292\">\n<p class=\"\" data-start=\"3188\" data-end=\"3292\"><strong data-start=\"3188\" data-end=\"3204\">Transartcaf\u00e9<\/strong> \u2013 <span class=\"relative -mx-px my-[-0.2rem] rounded-sm px-px py-[0.2rem]\">until April 12\u200b<\/p>\n<\/li>\n<li class=\"\" data-start=\"3293\" data-end=\"3401\">\n<p class=\"\" data-start=\"3295\" data-end=\"3401\"><strong data-start=\"3295\" data-end=\"3313\">D\u00e9cors color\u00e9s<\/strong> \u2013 <span class=\"relative -mx-px my-[-0.2rem] rounded-sm px-px py-[0.2rem]\">until April 30 \u2013 Mus\u00e9e d\u2019Arch\u00e9ologie\u200b<\/p>\n<\/li>\n<li class=\"\" data-start=\"3402\" data-end=\"3524\">\n<p class=\"\" data-start=\"3404\" data-end=\"3524\"><strong data-start=\"3404\" data-end=\"3436\">Xavier. Chemins buissonniers<\/strong> \u2013 <span class=\"relative -mx-px my-[-0.2rem] rounded-sm px-px py-[0.2rem]\">until June 29 \u2013 Mus\u00e9e Picasso\u200b<\/p>\n<\/li>\n<li class=\"\" data-start=\"3525\" data-end=\"3655\">\n<p class=\"\" data-start=\"3527\" data-end=\"3655\"><strong data-start=\"3527\" data-end=\"3567\">Leurs majest\u00e9s : homard et langouste<\/strong> \u2013 <span class=\"relative -mx-px my-[-0.2rem] rounded-sm px-px py-[0.2rem]\">until January 31, 2026 \u2013 Mus\u00e9e de la Carte Postale\u200b<\/p>\n<\/li>\n<\/ul>\n<p class=\"\" data-start=\"3657\" data-end=\"3676\"><strong data-start=\"3657\" data-end=\"3676\">\ud83e\udded Guided Tours<\/strong><\/p>\n<ul data-start=\"3678\" data-end=\"4031\">\n<li class=\"\" data-start=\"3678\" data-end=\"3800\">\n<p class=\"\" data-start=\"3680\" data-end=\"3800\"><em data-start=\"3680\" data-end=\"3698\">Le Vieil Antibes<\/em> (in French)<br data-start=\"3710\" data-end=\"3713\" \/><span class=\"relative -mx-px my-[-0.2rem] rounded-sm px-px py-[0.2rem]\">April 8 at 10:00 AM | April 16, 25, 30 at 2:30 PM\u200b<\/p>\n<\/li>\n<li class=\"\" data-start=\"3801\" data-end=\"3924\">\n<p class=\"\" data-start=\"3803\" data-end=\"3924\"><em data-start=\"3803\" data-end=\"3821\">Le Vieil Antibes<\/em> (in English)<br data-start=\"3834\" data-end=\"3837\" \/><span class=\"relative -mx-px my-[-0.2rem] rounded-sm px-px py-[0.2rem]\">on request\u200b<span class=\"ms-1 inline-flex max-w-full items-center relative top-[-0.094rem]\"><a class=\"flex h-6 overflow-hidden rounded-xl px-2.5 text-[0.5625em] font-medium text-token-text-secondary! bg-[#F4F4F4]! dark:bg-[#303030]!\" href=\"https:\/\/www.antibes-juanlespins.com\/information\/agenda?utm_source=chatgpt.com\" target=\"_blank\" rel=\"noopener\"><span class=\"relative bottom-0 left-0 flex h-full w-full items-center\"><span class=\"flex h-4 w-full items-center justify-between absolute\"><span class=\"max-w-full grow truncate overflow-hidden text-center\">C\u00f4te d\u2019Azur France \/ French Riviera<span class=\"ms-1 -me-1 flex h-full items-center rounded-full px-1 text-[#8F8F8F]\">+3<span class=\"flex h-4 w-full items-center justify-between\"><span class=\"max-w-full grow truncate overflow-hidden text-center\">Antibes Juan-les-Pins : Site Internet<span class=\"ms-1 -me-1 flex h-full items-center rounded-full px-1 text-[#8F8F8F]\">+3<span class=\"flex h-4 w-full items-center justify-between absolute\"><span class=\"max-w-full grow truncate overflow-hidden text-center\">fan2025.org<span class=\"ms-1 -me-1 flex h-full items-center rounded-full px-1 text-[#8F8F8F]\">+3<\/a><\/p>\n<\/li>\n<li class=\"\" data-start=\"3925\" data-end=\"4031\">\n<p class=\"\" data-start=\"3927\" data-end=\"4031\"><em data-start=\"3927\" data-end=\"3941\">Coastal Path<\/em><br data-start=\"3941\" data-end=\"3944\" \/><span class=\"relative -mx-px my-[-0.2rem] rounded-sm px-px py-[0.2rem]\">April 11 &amp; 18 at 9:30 AM\u200b<\/p>\n<\/li>\n<\/ul>\n<p class=\"\" data-start=\"4033\" data-end=\"4070\"><strong data-start=\"4033\" data-end=\"4070\">\ud83d\udccc Special Events and Initiatives<\/strong><\/p>\n<ul data-start=\"4072\" data-end=\"4762\">\n<li class=\"\" data-start=\"4072\" data-end=\"4184\">\n<p class=\"\" data-start=\"4074\" data-end=\"4184\"><em data-start=\"4074\" data-end=\"4096\">Repair Caf\u00e9 Workshop<\/em> \u2013 <span class=\"relative -mx-px my-[-0.2rem] rounded-sm px-px py-[0.2rem]\">April 12 &amp; 26 from 2:00 PM to 5:00 PM \u2013 Espace Croix Rouge\u200b<\/p>\n<\/li>\n<li class=\"\" data-start=\"4185\" data-end=\"4290\">\n<p class=\"\" data-start=\"4187\" data-end=\"4290\"><em data-start=\"4187\" data-end=\"4202\">Tremplin Jazz<\/em> \u2013 <span class=\"relative -mx-px my-[-0.2rem] rounded-sm px-px py-[0.2rem]\">12th edition \u2013 Registrations by April 19\u200b<\/p>\n<\/li>\n<li class=\"\" data-start=\"4291\" data-end=\"4404\">\n<p class=\"\" data-start=\"4293\" data-end=\"4404\"><em data-start=\"4293\" data-end=\"4316\">Vauban Sport Sessions<\/em> \u2013 <span class=\"relative -mx-px my-[-0.2rem] rounded-sm px-px py-[0.2rem]\">until June 26 \u2013 Esplanade de la Gravette\u200b<\/p>\n<\/li>\n<li class=\"\" data-start=\"4405\" data-end=\"4521\">\n<p class=\"\" data-start=\"4407\" data-end=\"4521\"><em data-start=\"4407\" data-end=\"4433\">Mini Mimosa Kids Fun Run<\/em> \u2013 <span class=\"relative -mx-px my-[-0.2rem] rounded-sm px-px py-[0.2rem]\">April 27 from 9:00 AM to 12:00 PM \u2013 Stade du Fort Carr\u00e9\u200b<\/p>\n<\/li>\n<li class=\"\" data-start=\"4522\" data-end=\"4641\">\n<p class=\"\" data-start=\"4524\" data-end=\"4641\"><em data-start=\"4524\" data-end=\"4553\">Les Dimanches de la Garoupe<\/em> \u2013 <span class=\"relative -mx-px my-[-0.2rem] rounded-sm px-px py-[0.2rem]\">April 27 from 10:00 AM to 4:00 PM \u2013 Sanctuaire de la Garoupe\u200b<\/p>\n<\/li>\n<li class=\"\" data-start=\"4642\" data-end=\"4762\">\n<p class=\"\" data-start=\"4644\" data-end=\"4762\"><em data-start=\"4644\" data-end=\"4674\">Floralies 2025 Photo Contest<\/em> \u2013 <span class=\"relative -mx-px my-[-0.2rem] rounded-sm px-px py-[0.2rem]\">until May 1\u200b<\/p>\n<\/li>\n<\/ul>\n","protected":false},"excerpt":{"rendered":"<p>In April, the vibrant cultural scene of Antibes \u2013 Juan-les-Pins continues to amaze with a rich program of events, exhibitions, performances, and initiatives for all tastes. Here is an overview of the month&#8217;s must-see events.\u200b \ud83c\udfa8 53rd Antibes Art Fair Location: Esplanade du Pr\u00e9 [&hellip;]<\/p>\n","protected":false},"author":1,"featured_media":12283,"comment_status":"closed","ping_status":"closed","sticky":false,"template":"","format":"standard","meta":{"footnotes":""},"categories":[846,865,850],"tags":[],"class_list":["post-20665","post","type-post","status-publish","format-standard","has-post-thumbnail","hentry","category-actuality","category-antibes-en","category-events"],"yoast_head":"<!-- This site is optimized with the Yoast SEO plugin v27.5 - https:\/\/yoast.com\/product\/yoast-seo-wordpress\/ -->\n<title>What to Do in Antibes in April: All Scheduled Events<\/title>\n<meta name=\"description\" content=\"In April, the vibrant cultural scene of Antibes \u2013 Juan-les-Pins continues to amaze with a rich program of events, exhibitions, performances, and What to Do in Antibes in April: All Scheduled Events\" \/>\n<meta name=\"robots\" content=\"index, follow, max-snippet:-1, max-image-preview:large, max-video-preview:-1\" \/>\n<link rel=\"canonical\" href=\"https:\/\/montecarloliving.com\/en\/actuality\/what-to-do-in-antibes-in-april-all-scheduled-events-20665\/\" \/>\n<meta property=\"og:locale\" content=\"en_US\" \/>\n<meta property=\"og:title\" content=\"What to Do in Antibes in April: All Scheduled Events\" \/>\n<meta property=\"og:description\" content=\"In April, the vibrant cultural scene of Antibes \u2013 Juan-les-Pins continues to amaze with a rich program of events, exhibitions, performances, and What to Do in Antibes in April: All Scheduled Events\" \/>\n<meta property=\"og:url\" content=\"https:\/\/montecarloliving.com\/en\/actuality\/what-to-do-in-antibes-in-april-all-scheduled-events-20665\/\" \/>\n<meta property=\"og:site_name\" content=\"Montecarlo Living\" \/>\n<meta property=\"article:publisher\" content=\"https:\/\/www.facebook.com\/montecarlolivingcom\/\" \/>\n<meta property=\"article:published_time\" content=\"2025-04-07T08:17:37+00:00\" \/>\n<meta property=\"article:modified_time\" content=\"2025-04-07T08:19:44+00:00\" \/>\n<meta property=\"og:image\" content=\"https:\/\/montecarloliving.com\/wp-content\/uploads\/2024\/06\/antibes-650x400.webp\" \/>\n\t<meta property=\"og:image:width\" content=\"650\" \/>\n\t<meta property=\"og:image:height\" content=\"400\" \/>\n\t<meta property=\"og:image:type\" content=\"image\/webp\" \/>\n<meta name=\"author\" content=\"Redazione\" \/>\n<meta name=\"twitter:card\" content=\"summary_large_image\" \/>\n<meta name=\"twitter:creator\" content=\"@MonteCarloLivi\" \/>\n<meta name=\"twitter:site\" content=\"@MonteCarloLivi\" \/>\n<meta name=\"twitter:label1\" content=\"Written by\" \/>\n\t<meta name=\"twitter:data1\" content=\"Redazione\" \/>\n<script type=\"application\/ld+json\" class=\"yoast-schema-graph\">{\"@context\":\"https:\\\/\\\/schema.org\",\"@graph\":[{\"@type\":\"Article\",\"@id\":\"https:\\\/\\\/montecarloliving.com\\\/en\\\/actuality\\\/what-to-do-in-antibes-in-april-all-scheduled-events-20665\\\/#article\",\"isPartOf\":{\"@id\":\"https:\\\/\\\/montecarloliving.com\\\/en\\\/actuality\\\/what-to-do-in-antibes-in-april-all-scheduled-events-20665\\\/\"},\"author\":{\"name\":\"Redazione\",\"@id\":\"https:\\\/\\\/montecarloliving.com\\\/en\\\/#\\\/schema\\\/person\\\/7e5945d4560862b7f2d2c6831bda2819\"},\"headline\":\"What to Do in Antibes in April: All Scheduled Events\",\"datePublished\":\"2025-04-07T08:17:37+00:00\",\"dateModified\":\"2025-04-07T08:19:44+00:00\",\"mainEntityOfPage\":{\"@id\":\"https:\\\/\\\/montecarloliving.com\\\/en\\\/actuality\\\/what-to-do-in-antibes-in-april-all-scheduled-events-20665\\\/\"},\"wordCount\":493,\"image\":{\"@id\":\"https:\\\/\\\/montecarloliving.com\\\/en\\\/actuality\\\/what-to-do-in-antibes-in-april-all-scheduled-events-20665\\\/#primaryimage\"},\"thumbnailUrl\":\"https:\\\/\\\/montecarloliving.com\\\/wp-content\\\/uploads\\\/2024\\\/06\\\/antibes.webp\",\"articleSection\":[\"Actuality\",\"Antibes\",\"Events\"],\"inLanguage\":\"en-US\"},{\"@type\":\"WebPage\",\"@id\":\"https:\\\/\\\/montecarloliving.com\\\/en\\\/actuality\\\/what-to-do-in-antibes-in-april-all-scheduled-events-20665\\\/\",\"url\":\"https:\\\/\\\/montecarloliving.com\\\/en\\\/actuality\\\/what-to-do-in-antibes-in-april-all-scheduled-events-20665\\\/\",\"name\":\"What to Do in Antibes in April: All Scheduled Events\",\"isPartOf\":{\"@id\":\"https:\\\/\\\/montecarloliving.com\\\/en\\\/#website\"},\"primaryImageOfPage\":{\"@id\":\"https:\\\/\\\/montecarloliving.com\\\/en\\\/actuality\\\/what-to-do-in-antibes-in-april-all-scheduled-events-20665\\\/#primaryimage\"},\"image\":{\"@id\":\"https:\\\/\\\/montecarloliving.com\\\/en\\\/actuality\\\/what-to-do-in-antibes-in-april-all-scheduled-events-20665\\\/#primaryimage\"},\"thumbnailUrl\":\"https:\\\/\\\/montecarloliving.com\\\/wp-content\\\/uploads\\\/2024\\\/06\\\/antibes.webp\",\"datePublished\":\"2025-04-07T08:17:37+00:00\",\"dateModified\":\"2025-04-07T08:19:44+00:00\",\"author\":{\"@id\":\"https:\\\/\\\/montecarloliving.com\\\/en\\\/#\\\/schema\\\/person\\\/7e5945d4560862b7f2d2c6831bda2819\"},\"description\":\"In April, the vibrant cultural scene of Antibes \u2013 Juan-les-Pins continues to amaze with a rich program of events, exhibitions, performances, and What to Do in Antibes in April: All Scheduled Events\",\"breadcrumb\":{\"@id\":\"https:\\\/\\\/montecarloliving.com\\\/en\\\/actuality\\\/what-to-do-in-antibes-in-april-all-scheduled-events-20665\\\/#breadcrumb\"},\"inLanguage\":\"en-US\",\"potentialAction\":[{\"@type\":\"ReadAction\",\"target\":[\"https:\\\/\\\/montecarloliving.com\\\/en\\\/actuality\\\/what-to-do-in-antibes-in-april-all-scheduled-events-20665\\\/\"]}]},{\"@type\":\"ImageObject\",\"inLanguage\":\"en-US\",\"@id\":\"https:\\\/\\\/montecarloliving.com\\\/en\\\/actuality\\\/what-to-do-in-antibes-in-april-all-scheduled-events-20665\\\/#primaryimage\",\"url\":\"https:\\\/\\\/montecarloliving.com\\\/wp-content\\\/uploads\\\/2024\\\/06\\\/antibes.webp\",\"contentUrl\":\"https:\\\/\\\/montecarloliving.com\\\/wp-content\\\/uploads\\\/2024\\\/06\\\/antibes.webp\",\"width\":1335,\"height\":889},{\"@type\":\"BreadcrumbList\",\"@id\":\"https:\\\/\\\/montecarloliving.com\\\/en\\\/actuality\\\/what-to-do-in-antibes-in-april-all-scheduled-events-20665\\\/#breadcrumb\",\"itemListElement\":[{\"@type\":\"ListItem\",\"position\":1,\"name\":\"Home\",\"item\":\"https:\\\/\\\/montecarloliving.com\\\/en\\\/\"},{\"@type\":\"ListItem\",\"position\":2,\"name\":\"What to Do in Antibes in April: All Scheduled Events\"}]},{\"@type\":\"WebSite\",\"@id\":\"https:\\\/\\\/montecarloliving.com\\\/en\\\/#website\",\"url\":\"https:\\\/\\\/montecarloliving.com\\\/en\\\/\",\"name\":\"Montecarlo Living\",\"description\":\"News da Montecarlo - Principato di Monaco e Costa Azzurra\",\"potentialAction\":[{\"@type\":\"SearchAction\",\"target\":{\"@type\":\"EntryPoint\",\"urlTemplate\":\"https:\\\/\\\/montecarloliving.com\\\/en\\\/?s={search_term_string}\"},\"query-input\":{\"@type\":\"PropertyValueSpecification\",\"valueRequired\":true,\"valueName\":\"search_term_string\"}}],\"inLanguage\":\"en-US\"},{\"@type\":\"Person\",\"@id\":\"https:\\\/\\\/montecarloliving.com\\\/en\\\/#\\\/schema\\\/person\\\/7e5945d4560862b7f2d2c6831bda2819\",\"name\":\"Redazione\",\"image\":{\"@type\":\"ImageObject\",\"inLanguage\":\"en-US\",\"@id\":\"https:\\\/\\\/secure.gravatar.com\\\/avatar\\\/8b5f26557e18fe74ad8e8a57ebb2925d88af8a90cee489ff2beefb391bc9b9c7?s=96&d=mm&r=g\",\"url\":\"https:\\\/\\\/secure.gravatar.com\\\/avatar\\\/8b5f26557e18fe74ad8e8a57ebb2925d88af8a90cee489ff2beefb391bc9b9c7?s=96&d=mm&r=g\",\"contentUrl\":\"https:\\\/\\\/secure.gravatar.com\\\/avatar\\\/8b5f26557e18fe74ad8e8a57ebb2925d88af8a90cee489ff2beefb391bc9b9c7?s=96&d=mm&r=g\",\"caption\":\"Redazione\"}}]}<\/script>\n<!-- \/ Yoast SEO plugin. -->","yoast_head_json":{"title":"What to Do in Antibes in April: All Scheduled Events","description":"In April, the vibrant cultural scene of Antibes \u2013 Juan-les-Pins continues to amaze with a rich program of events, exhibitions, performances, and What to Do in Antibes in April: All Scheduled Events","robots":{"index":"index","follow":"follow","max-snippet":"max-snippet:-1","max-image-preview":"max-image-preview:large","max-video-preview":"max-video-preview:-1"},"canonical":"https:\/\/montecarloliving.com\/en\/actuality\/what-to-do-in-antibes-in-april-all-scheduled-events-20665\/","og_locale":"en_US","og_title":"What to Do in Antibes in April: All Scheduled Events","og_description":"In April, the vibrant cultural scene of Antibes \u2013 Juan-les-Pins continues to amaze with a rich program of events, exhibitions, performances, and What to Do in Antibes in April: All Scheduled Events","og_url":"https:\/\/montecarloliving.com\/en\/actuality\/what-to-do-in-antibes-in-april-all-scheduled-events-20665\/","og_site_name":"Montecarlo Living","article_publisher":"https:\/\/www.facebook.com\/montecarlolivingcom\/","article_published_time":"2025-04-07T08:17:37+00:00","article_modified_time":"2025-04-07T08:19:44+00:00","og_image":[{"width":650,"height":400,"url":"https:\/\/montecarloliving.com\/wp-content\/uploads\/2024\/06\/antibes-650x400.webp","type":"image\/webp"}],"author":"Redazione","twitter_card":"summary_large_image","twitter_creator":"@MonteCarloLivi","twitter_site":"@MonteCarloLivi","twitter_misc":{"Written by":"Redazione"},"schema":{"@context":"https:\/\/schema.org","@graph":[{"@type":"Article","@id":"https:\/\/montecarloliving.com\/en\/actuality\/what-to-do-in-antibes-in-april-all-scheduled-events-20665\/#article","isPartOf":{"@id":"https:\/\/montecarloliving.com\/en\/actuality\/what-to-do-in-antibes-in-april-all-scheduled-events-20665\/"},"author":{"name":"Redazione","@id":"https:\/\/montecarloliving.com\/en\/#\/schema\/person\/7e5945d4560862b7f2d2c6831bda2819"},"headline":"What to Do in Antibes in April: All Scheduled Events","datePublished":"2025-04-07T08:17:37+00:00","dateModified":"2025-04-07T08:19:44+00:00","mainEntityOfPage":{"@id":"https:\/\/montecarloliving.com\/en\/actuality\/what-to-do-in-antibes-in-april-all-scheduled-events-20665\/"},"wordCount":493,"image":{"@id":"https:\/\/montecarloliving.com\/en\/actuality\/what-to-do-in-antibes-in-april-all-scheduled-events-20665\/#primaryimage"},"thumbnailUrl":"https:\/\/montecarloliving.com\/wp-content\/uploads\/2024\/06\/antibes.webp","articleSection":["Actuality","Antibes","Events"],"inLanguage":"en-US"},{"@type":"WebPage","@id":"https:\/\/montecarloliving.com\/en\/actuality\/what-to-do-in-antibes-in-april-all-scheduled-events-20665\/","url":"https:\/\/montecarloliving.com\/en\/actuality\/what-to-do-in-antibes-in-april-all-scheduled-events-20665\/","name":"What to Do in Antibes in April: All Scheduled Events","isPartOf":{"@id":"https:\/\/montecarloliving.com\/en\/#website"},"primaryImageOfPage":{"@id":"https:\/\/montecarloliving.com\/en\/actuality\/what-to-do-in-antibes-in-april-all-scheduled-events-20665\/#primaryimage"},"image":{"@id":"https:\/\/montecarloliving.com\/en\/actuality\/what-to-do-in-antibes-in-april-all-scheduled-events-20665\/#primaryimage"},"thumbnailUrl":"https:\/\/montecarloliving.com\/wp-content\/uploads\/2024\/06\/antibes.webp","datePublished":"2025-04-07T08:17:37+00:00","dateModified":"2025-04-07T08:19:44+00:00","author":{"@id":"https:\/\/montecarloliving.com\/en\/#\/schema\/person\/7e5945d4560862b7f2d2c6831bda2819"},"description":"In April, the vibrant cultural scene of Antibes \u2013 Juan-les-Pins continues to amaze with a rich program of events, exhibitions, performances, and What to Do in Antibes in April: All Scheduled Events","breadcrumb":{"@id":"https:\/\/montecarloliving.com\/en\/actuality\/what-to-do-in-antibes-in-april-all-scheduled-events-20665\/#breadcrumb"},"inLanguage":"en-US","potentialAction":[{"@type":"ReadAction","target":["https:\/\/montecarloliving.com\/en\/actuality\/what-to-do-in-antibes-in-april-all-scheduled-events-20665\/"]}]},{"@type":"ImageObject","inLanguage":"en-US","@id":"https:\/\/montecarloliving.com\/en\/actuality\/what-to-do-in-antibes-in-april-all-scheduled-events-20665\/#primaryimage","url":"https:\/\/montecarloliving.com\/wp-content\/uploads\/2024\/06\/antibes.webp","contentUrl":"https:\/\/montecarloliving.com\/wp-content\/uploads\/2024\/06\/antibes.webp","width":1335,"height":889},{"@type":"BreadcrumbList","@id":"https:\/\/montecarloliving.com\/en\/actuality\/what-to-do-in-antibes-in-april-all-scheduled-events-20665\/#breadcrumb","itemListElement":[{"@type":"ListItem","position":1,"name":"Home","item":"https:\/\/montecarloliving.com\/en\/"},{"@type":"ListItem","position":2,"name":"What to Do in Antibes in April: All Scheduled Events"}]},{"@type":"WebSite","@id":"https:\/\/montecarloliving.com\/en\/#website","url":"https:\/\/montecarloliving.com\/en\/","name":"Montecarlo Living","description":"News da Montecarlo - Principato di Monaco e Costa Azzurra","potentialAction":[{"@type":"SearchAction","target":{"@type":"EntryPoint","urlTemplate":"https:\/\/montecarloliving.com\/en\/?s={search_term_string}"},"query-input":{"@type":"PropertyValueSpecification","valueRequired":true,"valueName":"search_term_string"}}],"inLanguage":"en-US"},{"@type":"Person","@id":"https:\/\/montecarloliving.com\/en\/#\/schema\/person\/7e5945d4560862b7f2d2c6831bda2819","name":"Redazione","image":{"@type":"ImageObject","inLanguage":"en-US","@id":"https:\/\/secure.gravatar.com\/avatar\/8b5f26557e18fe74ad8e8a57ebb2925d88af8a90cee489ff2beefb391bc9b9c7?s=96&d=mm&r=g","url":"https:\/\/secure.gravatar.com\/avatar\/8b5f26557e18fe74ad8e8a57ebb2925d88af8a90cee489ff2beefb391bc9b9c7?s=96&d=mm&r=g","contentUrl":"https:\/\/secure.gravatar.com\/avatar\/8b5f26557e18fe74ad8e8a57ebb2925d88af8a90cee489ff2beefb391bc9b9c7?s=96&d=mm&r=g","caption":"Redazione"}}]}},"_links":{"self":[{"href":"https:\/\/montecarloliving.com\/en\/wp-json\/wp\/v2\/posts\/20665","targetHints":{"allow":["GET"]}}],"collection":[{"href":"https:\/\/montecarloliving.com\/en\/wp-json\/wp\/v2\/posts"}],"about":[{"href":"https:\/\/montecarloliving.com\/en\/wp-json\/wp\/v2\/types\/post"}],"author":[{"embeddable":true,"href":"https:\/\/montecarloliving.com\/en\/wp-json\/wp\/v2\/users\/1"}],"replies":[{"embeddable":true,"href":"https:\/\/montecarloliving.com\/en\/wp-json\/wp\/v2\/comments?post=20665"}],"version-history":[{"count":1,"href":"https:\/\/montecarloliving.com\/en\/wp-json\/wp\/v2\/posts\/20665\/revisions"}],"predecessor-version":[{"id":20666,"href":"https:\/\/montecarloliving.com\/en\/wp-json\/wp\/v2\/posts\/20665\/revisions\/20666"}],"wp:featuredmedia":[{"embeddable":true,"href":"https:\/\/montecarloliving.com\/en\/wp-json\/wp\/v2\/media\/12283"}],"wp:attachment":[{"href":"https:\/\/montecarloliving.com\/en\/wp-json\/wp\/v2\/media?parent=20665"}],"wp:term":[{"taxonomy":"category","embeddable":true,"href":"https:\/\/montecarloliving.com\/en\/wp-json\/wp\/v2\/categories?post=20665"},{"taxonomy":"post_tag","embeddable":true,"href":"https:\/\/montecarloliving.com\/en\/wp-json\/wp\/v2\/tags?post=20665"}],"curies":[{"name":"wp","href":"https:\/\/api.w.org\/{rel}","templated":true}]}}