{"id":14078,"date":"2024-09-09T12:47:34","date_gmt":"2024-09-09T10:47:34","guid":{"rendered":"https:\/\/montecarloliving.com\/?p=14078"},"modified":"2024-09-09T12:53:42","modified_gmt":"2024-09-09T10:53:42","slug":"what-to-do-in-september-in-antibes","status":"publish","type":"post","link":"https:\/\/montecarloliving.com\/en\/events\/what-to-do-in-september-in-antibes-14078\/","title":{"rendered":"What to do in September in Antibes"},"content":{"rendered":"<p><strong>33rd Festival of Sacred Art \u2013 From September 7 to 22, 2024<\/strong><br \/>\nFor 33 years, the Association of the Festival of Sacred Art of Antibes has been organizing an annual sacred art festival, praised for the quality of its programming and organization. Recognized as one of the most important international events of its kind, the festival was the first to receive the &#8220;C\u00f4te d&#8217;Azur France Tourisme&#8221; label. While concerts are mainly held in the Antibes Cathedral, the festival also extends to other historic locations in the city, such as Notre-Dame de la Garoupe, Saint-Bernardin, and the Saint-Jean Chapel, showcasing the city&#8217;s rich heritage and the exceptional acoustics of these buildings.<\/p>\n<p><strong>Antibes day by day<\/strong><\/p>\n<ul>\n<li>From September 7 to 22, 2024 \u2013 33rd Festival of Sacred Art \u2013 Various locations, 8:00 PM<\/li>\n<li>Monday, September 9, 2024 \u2013 Open House and Showcase Adama \u2013 Les Semboules Antibes, from 4:00 PM to 7:15 PM<\/li>\n<li>Monday, September 9, 2024 \u2013 La Guinguette de la Garoupe \u2013 Plateau de la Garoupe, 6:00 PM<\/li>\n<li>From September 12 to 14, 2024 \u2013 Classe Moyenne \u2013 Th\u00e9\u00e2tre Le Tribunal, 8:30 PM<\/li>\n<li>September 14 and 15, 2024 \u2013 National Table Tennis Tournament of Antibes \u2013 Azurarena Antibes<\/li>\n<li>Saturday, September 14, 2024 \u2013 F\u00eate des vendanges du Safranier \u2013 Place du Safranier, 6:00 PM<\/li>\n<li>Sunday, September 15, 2024 \u2013 12th &#8220;Bio et Local, c&#8217;est l&#8217;id\u00e9al&#8221; fair \u2013 Lyc\u00e9e Vert d&#8217;Azur, 9:30 AM<\/li>\n<li>From September 19 to 21, 2024 \u2013 Singuli\u00e8re \u2013 Th\u00e9\u00e2tre Le Tribunal, 8:30 PM<\/li>\n<li>From September 20 to 22 and 27 to 29, 2024 \u2013 L&#8217;Illiade&#8230;L&#8217;Assaut \u2013 Th\u00e9\u00e2tre Antib\u00e9a, 8:30 PM<\/li>\n<li>Saturday, September 21, 2024 \u2013 1st Kids Trail des Semboules \u2013 Parc de loisirs des Semboules, 8:30 PM<\/li>\n<li>Saturday, September 21, 2024 \u2013 Heritage Day \u2013 Guided tour \u2013 Antibes Cot\u00e9 Mer, 10:00 AM<\/li>\n<li>From September 26 to 28, 2024 \u2013 Le Grand D\u00e9part \u2013 Th\u00e9\u00e2tre Le Tribunal, 8:30 PM<\/li>\n<li>From September 27 to 29, 2024 \u2013 2nd International Trompettissimo Festival \u2013 Music Conservatory, 10:00 AM<\/li>\n<li>From September 27 to 29, 2024 \u2013 Grande Braderie of Juan-les-Pins \u2013 Juan-les-Pins Bay, from 10:00 AM<\/li>\n<li>From September 27 to 29, 2024 \u2013 3rd Creative Hobbies Fair around Threads \u2013 Espaces Fort Carr\u00e9, 10:00 AM<\/li>\n<li>Sunday, September 29, 2024 \u2013 Improvisation \u2013 Th\u00e9\u00e2tre Antib\u00e9a, 8:30 PM<\/li>\n<\/ul>\n<p><strong>Exhibitions<\/strong><\/p>\n<ul>\n<li>Until September 27, 2024 \u2013 Le partage du sensible \u2013 Hartung-Bergman Foundation<\/li>\n<li>Until September 27, 2024 \u2013 Regards crois\u00e9s sur le Cap d\u2019Antibes \u2013 Antibes Lacan Tourist Office<\/li>\n<li>Until September 29, 2024 \u2013 Sportifs!! \u2013 Claude Serre \u2013 Mus\u00e9e Peynet et du dessin humoristique<\/li>\n<li>Until October 5, 2024 \u2013 Geste C\u00e9leste Exhibition by Nicolas Lavarenne \u2013 Ramparts and old Antibes<\/li>\n<li>Until October 27, 2024 \u2013 Joan Mir\u00f3 Exhibition: Masterpieces from the Nahmad Collection \u2013 Picasso Museum<\/li>\n<\/ul>\n<p><strong>Guided tours<\/strong><\/p>\n<ul>\n<li>Guided tour of old Antibes in French \u2013 Every Tuesday at 10:00 AM<\/li>\n<li>Guided tour of Juan-les-Pins: Belle Epoque to the Roaring Twenties \u2013 Thursday, September 5, and Friday, September 20, 2024 \u2013 10:00 AM<\/li>\n<li>Guided tour of Antibes Street Art: Friday, September 13 at 10:00 AM<\/li>\n<li>Nature Walk on the Coastal Path \u2013 Friday, September 27 at 9:30 AM<\/li>\n<\/ul>\n","protected":false},"excerpt":{"rendered":"<p>33rd Festival of Sacred Art \u2013 From September 7 to 22, 2024 For 33 years, the Association of the Festival of Sacred Art of Antibes has been organizing an annual sacred art festival, praised for the quality of its programming and organization. Recognized as [&hellip;]<\/p>\n","protected":false},"author":1,"featured_media":8656,"comment_status":"closed","ping_status":"closed","sticky":false,"template":"","format":"standard","meta":{"footnotes":""},"categories":[865,850],"tags":[],"class_list":["post-14078","post","type-post","status-publish","format-standard","has-post-thumbnail","hentry","category-antibes-en","category-events"],"yoast_head":"<!-- This site is optimized with the Yoast SEO plugin v27.4 - https:\/\/yoast.com\/product\/yoast-seo-wordpress\/ -->\n<title>What to do in September in Antibes<\/title>\n<meta name=\"description\" content=\"33rd Festival of Sacred Art \u2013 From September 7 to 22, 2024 For 33 years, the Association of the Festival of Sacred Art of Antibes has been organizing an\" \/>\n<meta name=\"robots\" content=\"index, follow, max-snippet:-1, max-image-preview:large, max-video-preview:-1\" \/>\n<link rel=\"canonical\" href=\"https:\/\/montecarloliving.com\/en\/events\/what-to-do-in-september-in-antibes-14078\/\" \/>\n<meta property=\"og:locale\" content=\"en_US\" \/>\n<meta property=\"og:title\" content=\"What to do in September in Antibes\" \/>\n<meta property=\"og:description\" content=\"33rd Festival of Sacred Art \u2013 From September 7 to 22, 2024 For 33 years, the Association of the Festival of Sacred Art of Antibes has been organizing an\" \/>\n<meta property=\"og:url\" content=\"https:\/\/montecarloliving.com\/en\/events\/what-to-do-in-september-in-antibes-14078\/\" \/>\n<meta property=\"og:site_name\" content=\"Montecarlo Living\" \/>\n<meta property=\"article:publisher\" content=\"https:\/\/www.facebook.com\/montecarlolivingcom\/\" \/>\n<meta property=\"article:published_time\" content=\"2024-09-09T10:47:34+00:00\" \/>\n<meta property=\"article:modified_time\" content=\"2024-09-09T10:53:42+00:00\" \/>\n<meta property=\"og:image\" content=\"https:\/\/montecarloliving.com\/wp-content\/uploads\/2024\/03\/antibes-hd-1-650x400.jpg\" \/>\n\t<meta property=\"og:image:width\" content=\"650\" \/>\n\t<meta property=\"og:image:height\" content=\"400\" \/>\n\t<meta property=\"og:image:type\" content=\"image\/jpeg\" \/>\n<meta name=\"author\" content=\"Redazione\" \/>\n<meta name=\"twitter:card\" content=\"summary_large_image\" \/>\n<meta name=\"twitter:creator\" content=\"@MonteCarloLivi\" \/>\n<meta name=\"twitter:site\" content=\"@MonteCarloLivi\" \/>\n<meta name=\"twitter:label1\" content=\"Written by\" \/>\n\t<meta name=\"twitter:data1\" content=\"Redazione\" \/>\n\t<meta name=\"twitter:label2\" content=\"Est. reading time\" \/>\n\t<meta name=\"twitter:data2\" content=\"3 minutes\" \/>\n<script type=\"application\/ld+json\" class=\"yoast-schema-graph\">{\"@context\":\"https:\\\/\\\/schema.org\",\"@graph\":[{\"@type\":\"Article\",\"@id\":\"https:\\\/\\\/montecarloliving.com\\\/en\\\/events\\\/what-to-do-in-september-in-antibes-14078\\\/#article\",\"isPartOf\":{\"@id\":\"https:\\\/\\\/montecarloliving.com\\\/en\\\/events\\\/what-to-do-in-september-in-antibes-14078\\\/\"},\"author\":{\"name\":\"Redazione\",\"@id\":\"https:\\\/\\\/montecarloliving.com\\\/en\\\/#\\\/schema\\\/person\\\/7e5945d4560862b7f2d2c6831bda2819\"},\"headline\":\"What to do in September in Antibes\",\"datePublished\":\"2024-09-09T10:47:34+00:00\",\"dateModified\":\"2024-09-09T10:53:42+00:00\",\"mainEntityOfPage\":{\"@id\":\"https:\\\/\\\/montecarloliving.com\\\/en\\\/events\\\/what-to-do-in-september-in-antibes-14078\\\/\"},\"wordCount\":416,\"image\":{\"@id\":\"https:\\\/\\\/montecarloliving.com\\\/en\\\/events\\\/what-to-do-in-september-in-antibes-14078\\\/#primaryimage\"},\"thumbnailUrl\":\"https:\\\/\\\/montecarloliving.com\\\/wp-content\\\/uploads\\\/2024\\\/03\\\/antibes-hd-1.jpg\",\"articleSection\":[\"Antibes\",\"Events\"],\"inLanguage\":\"en-US\"},{\"@type\":\"WebPage\",\"@id\":\"https:\\\/\\\/montecarloliving.com\\\/en\\\/events\\\/what-to-do-in-september-in-antibes-14078\\\/\",\"url\":\"https:\\\/\\\/montecarloliving.com\\\/en\\\/events\\\/what-to-do-in-september-in-antibes-14078\\\/\",\"name\":\"What to do in September in Antibes\",\"isPartOf\":{\"@id\":\"https:\\\/\\\/montecarloliving.com\\\/en\\\/#website\"},\"primaryImageOfPage\":{\"@id\":\"https:\\\/\\\/montecarloliving.com\\\/en\\\/events\\\/what-to-do-in-september-in-antibes-14078\\\/#primaryimage\"},\"image\":{\"@id\":\"https:\\\/\\\/montecarloliving.com\\\/en\\\/events\\\/what-to-do-in-september-in-antibes-14078\\\/#primaryimage\"},\"thumbnailUrl\":\"https:\\\/\\\/montecarloliving.com\\\/wp-content\\\/uploads\\\/2024\\\/03\\\/antibes-hd-1.jpg\",\"datePublished\":\"2024-09-09T10:47:34+00:00\",\"dateModified\":\"2024-09-09T10:53:42+00:00\",\"author\":{\"@id\":\"https:\\\/\\\/montecarloliving.com\\\/en\\\/#\\\/schema\\\/person\\\/7e5945d4560862b7f2d2c6831bda2819\"},\"description\":\"33rd Festival of Sacred Art \u2013 From September 7 to 22, 2024 For 33 years, the Association of the Festival of Sacred Art of Antibes has been organizing an\",\"breadcrumb\":{\"@id\":\"https:\\\/\\\/montecarloliving.com\\\/en\\\/events\\\/what-to-do-in-september-in-antibes-14078\\\/#breadcrumb\"},\"inLanguage\":\"en-US\",\"potentialAction\":[{\"@type\":\"ReadAction\",\"target\":[\"https:\\\/\\\/montecarloliving.com\\\/en\\\/events\\\/what-to-do-in-september-in-antibes-14078\\\/\"]}]},{\"@type\":\"ImageObject\",\"inLanguage\":\"en-US\",\"@id\":\"https:\\\/\\\/montecarloliving.com\\\/en\\\/events\\\/what-to-do-in-september-in-antibes-14078\\\/#primaryimage\",\"url\":\"https:\\\/\\\/montecarloliving.com\\\/wp-content\\\/uploads\\\/2024\\\/03\\\/antibes-hd-1.jpg\",\"contentUrl\":\"https:\\\/\\\/montecarloliving.com\\\/wp-content\\\/uploads\\\/2024\\\/03\\\/antibes-hd-1.jpg\",\"width\":1600,\"height\":1067,\"caption\":\"P\u00e2ques 2024 \u00e0 Antibes.\"},{\"@type\":\"BreadcrumbList\",\"@id\":\"https:\\\/\\\/montecarloliving.com\\\/en\\\/events\\\/what-to-do-in-september-in-antibes-14078\\\/#breadcrumb\",\"itemListElement\":[{\"@type\":\"ListItem\",\"position\":1,\"name\":\"Home\",\"item\":\"https:\\\/\\\/montecarloliving.com\\\/en\\\/\"},{\"@type\":\"ListItem\",\"position\":2,\"name\":\"What to do in September in Antibes\"}]},{\"@type\":\"WebSite\",\"@id\":\"https:\\\/\\\/montecarloliving.com\\\/en\\\/#website\",\"url\":\"https:\\\/\\\/montecarloliving.com\\\/en\\\/\",\"name\":\"Montecarlo Living\",\"description\":\"News da Montecarlo - Principato di Monaco e Costa Azzurra\",\"potentialAction\":[{\"@type\":\"SearchAction\",\"target\":{\"@type\":\"EntryPoint\",\"urlTemplate\":\"https:\\\/\\\/montecarloliving.com\\\/en\\\/?s={search_term_string}\"},\"query-input\":{\"@type\":\"PropertyValueSpecification\",\"valueRequired\":true,\"valueName\":\"search_term_string\"}}],\"inLanguage\":\"en-US\"},{\"@type\":\"Person\",\"@id\":\"https:\\\/\\\/montecarloliving.com\\\/en\\\/#\\\/schema\\\/person\\\/7e5945d4560862b7f2d2c6831bda2819\",\"name\":\"Redazione\",\"image\":{\"@type\":\"ImageObject\",\"inLanguage\":\"en-US\",\"@id\":\"https:\\\/\\\/secure.gravatar.com\\\/avatar\\\/8b5f26557e18fe74ad8e8a57ebb2925d88af8a90cee489ff2beefb391bc9b9c7?s=96&d=mm&r=g\",\"url\":\"https:\\\/\\\/secure.gravatar.com\\\/avatar\\\/8b5f26557e18fe74ad8e8a57ebb2925d88af8a90cee489ff2beefb391bc9b9c7?s=96&d=mm&r=g\",\"contentUrl\":\"https:\\\/\\\/secure.gravatar.com\\\/avatar\\\/8b5f26557e18fe74ad8e8a57ebb2925d88af8a90cee489ff2beefb391bc9b9c7?s=96&d=mm&r=g\",\"caption\":\"Redazione\"}}]}<\/script>\n<!-- \/ Yoast SEO plugin. -->","yoast_head_json":{"title":"What to do in September in Antibes","description":"33rd Festival of Sacred Art \u2013 From September 7 to 22, 2024 For 33 years, the Association of the Festival of Sacred Art of Antibes has been organizing an","robots":{"index":"index","follow":"follow","max-snippet":"max-snippet:-1","max-image-preview":"max-image-preview:large","max-video-preview":"max-video-preview:-1"},"canonical":"https:\/\/montecarloliving.com\/en\/events\/what-to-do-in-september-in-antibes-14078\/","og_locale":"en_US","og_title":"What to do in September in Antibes","og_description":"33rd Festival of Sacred Art \u2013 From September 7 to 22, 2024 For 33 years, the Association of the Festival of Sacred Art of Antibes has been organizing an","og_url":"https:\/\/montecarloliving.com\/en\/events\/what-to-do-in-september-in-antibes-14078\/","og_site_name":"Montecarlo Living","article_publisher":"https:\/\/www.facebook.com\/montecarlolivingcom\/","article_published_time":"2024-09-09T10:47:34+00:00","article_modified_time":"2024-09-09T10:53:42+00:00","og_image":[{"width":650,"height":400,"url":"https:\/\/montecarloliving.com\/wp-content\/uploads\/2024\/03\/antibes-hd-1-650x400.jpg","type":"image\/jpeg"}],"author":"Redazione","twitter_card":"summary_large_image","twitter_creator":"@MonteCarloLivi","twitter_site":"@MonteCarloLivi","twitter_misc":{"Written by":"Redazione","Est. reading time":"3 minutes"},"schema":{"@context":"https:\/\/schema.org","@graph":[{"@type":"Article","@id":"https:\/\/montecarloliving.com\/en\/events\/what-to-do-in-september-in-antibes-14078\/#article","isPartOf":{"@id":"https:\/\/montecarloliving.com\/en\/events\/what-to-do-in-september-in-antibes-14078\/"},"author":{"name":"Redazione","@id":"https:\/\/montecarloliving.com\/en\/#\/schema\/person\/7e5945d4560862b7f2d2c6831bda2819"},"headline":"What to do in September in Antibes","datePublished":"2024-09-09T10:47:34+00:00","dateModified":"2024-09-09T10:53:42+00:00","mainEntityOfPage":{"@id":"https:\/\/montecarloliving.com\/en\/events\/what-to-do-in-september-in-antibes-14078\/"},"wordCount":416,"image":{"@id":"https:\/\/montecarloliving.com\/en\/events\/what-to-do-in-september-in-antibes-14078\/#primaryimage"},"thumbnailUrl":"https:\/\/montecarloliving.com\/wp-content\/uploads\/2024\/03\/antibes-hd-1.jpg","articleSection":["Antibes","Events"],"inLanguage":"en-US"},{"@type":"WebPage","@id":"https:\/\/montecarloliving.com\/en\/events\/what-to-do-in-september-in-antibes-14078\/","url":"https:\/\/montecarloliving.com\/en\/events\/what-to-do-in-september-in-antibes-14078\/","name":"What to do in September in Antibes","isPartOf":{"@id":"https:\/\/montecarloliving.com\/en\/#website"},"primaryImageOfPage":{"@id":"https:\/\/montecarloliving.com\/en\/events\/what-to-do-in-september-in-antibes-14078\/#primaryimage"},"image":{"@id":"https:\/\/montecarloliving.com\/en\/events\/what-to-do-in-september-in-antibes-14078\/#primaryimage"},"thumbnailUrl":"https:\/\/montecarloliving.com\/wp-content\/uploads\/2024\/03\/antibes-hd-1.jpg","datePublished":"2024-09-09T10:47:34+00:00","dateModified":"2024-09-09T10:53:42+00:00","author":{"@id":"https:\/\/montecarloliving.com\/en\/#\/schema\/person\/7e5945d4560862b7f2d2c6831bda2819"},"description":"33rd Festival of Sacred Art \u2013 From September 7 to 22, 2024 For 33 years, the Association of the Festival of Sacred Art of Antibes has been organizing an","breadcrumb":{"@id":"https:\/\/montecarloliving.com\/en\/events\/what-to-do-in-september-in-antibes-14078\/#breadcrumb"},"inLanguage":"en-US","potentialAction":[{"@type":"ReadAction","target":["https:\/\/montecarloliving.com\/en\/events\/what-to-do-in-september-in-antibes-14078\/"]}]},{"@type":"ImageObject","inLanguage":"en-US","@id":"https:\/\/montecarloliving.com\/en\/events\/what-to-do-in-september-in-antibes-14078\/#primaryimage","url":"https:\/\/montecarloliving.com\/wp-content\/uploads\/2024\/03\/antibes-hd-1.jpg","contentUrl":"https:\/\/montecarloliving.com\/wp-content\/uploads\/2024\/03\/antibes-hd-1.jpg","width":1600,"height":1067,"caption":"P\u00e2ques 2024 \u00e0 Antibes."},{"@type":"BreadcrumbList","@id":"https:\/\/montecarloliving.com\/en\/events\/what-to-do-in-september-in-antibes-14078\/#breadcrumb","itemListElement":[{"@type":"ListItem","position":1,"name":"Home","item":"https:\/\/montecarloliving.com\/en\/"},{"@type":"ListItem","position":2,"name":"What to do in September in Antibes"}]},{"@type":"WebSite","@id":"https:\/\/montecarloliving.com\/en\/#website","url":"https:\/\/montecarloliving.com\/en\/","name":"Montecarlo Living","description":"News da Montecarlo - Principato di Monaco e Costa Azzurra","potentialAction":[{"@type":"SearchAction","target":{"@type":"EntryPoint","urlTemplate":"https:\/\/montecarloliving.com\/en\/?s={search_term_string}"},"query-input":{"@type":"PropertyValueSpecification","valueRequired":true,"valueName":"search_term_string"}}],"inLanguage":"en-US"},{"@type":"Person","@id":"https:\/\/montecarloliving.com\/en\/#\/schema\/person\/7e5945d4560862b7f2d2c6831bda2819","name":"Redazione","image":{"@type":"ImageObject","inLanguage":"en-US","@id":"https:\/\/secure.gravatar.com\/avatar\/8b5f26557e18fe74ad8e8a57ebb2925d88af8a90cee489ff2beefb391bc9b9c7?s=96&d=mm&r=g","url":"https:\/\/secure.gravatar.com\/avatar\/8b5f26557e18fe74ad8e8a57ebb2925d88af8a90cee489ff2beefb391bc9b9c7?s=96&d=mm&r=g","contentUrl":"https:\/\/secure.gravatar.com\/avatar\/8b5f26557e18fe74ad8e8a57ebb2925d88af8a90cee489ff2beefb391bc9b9c7?s=96&d=mm&r=g","caption":"Redazione"}}]}},"_links":{"self":[{"href":"https:\/\/montecarloliving.com\/en\/wp-json\/wp\/v2\/posts\/14078","targetHints":{"allow":["GET"]}}],"collection":[{"href":"https:\/\/montecarloliving.com\/en\/wp-json\/wp\/v2\/posts"}],"about":[{"href":"https:\/\/montecarloliving.com\/en\/wp-json\/wp\/v2\/types\/post"}],"author":[{"embeddable":true,"href":"https:\/\/montecarloliving.com\/en\/wp-json\/wp\/v2\/users\/1"}],"replies":[{"embeddable":true,"href":"https:\/\/montecarloliving.com\/en\/wp-json\/wp\/v2\/comments?post=14078"}],"version-history":[{"count":1,"href":"https:\/\/montecarloliving.com\/en\/wp-json\/wp\/v2\/posts\/14078\/revisions"}],"predecessor-version":[{"id":14079,"href":"https:\/\/montecarloliving.com\/en\/wp-json\/wp\/v2\/posts\/14078\/revisions\/14079"}],"wp:featuredmedia":[{"embeddable":true,"href":"https:\/\/montecarloliving.com\/en\/wp-json\/wp\/v2\/media\/8656"}],"wp:attachment":[{"href":"https:\/\/montecarloliving.com\/en\/wp-json\/wp\/v2\/media?parent=14078"}],"wp:term":[{"taxonomy":"category","embeddable":true,"href":"https:\/\/montecarloliving.com\/en\/wp-json\/wp\/v2\/categories?post=14078"},{"taxonomy":"post_tag","embeddable":true,"href":"https:\/\/montecarloliving.com\/en\/wp-json\/wp\/v2\/tags?post=14078"}],"curies":[{"name":"wp","href":"https:\/\/api.w.org\/{rel}","templated":true}]}}