{"id":12222,"date":"2024-06-24T11:27:07","date_gmt":"2024-06-24T09:27:07","guid":{"rendered":"https:\/\/montecarloliving.com\/?p=12222"},"modified":"2024-06-24T11:30:50","modified_gmt":"2024-06-24T09:30:50","slug":"ete-cap-summer-at-cap-3000","status":"publish","type":"post","link":"https:\/\/montecarloliving.com\/en\/cannes-en\/ete-cap-summer-at-cap-3000-12222\/","title":{"rendered":"&#8220;Un \u00e9t\u00e9 \u00e0 Cap&#8221; &#8211; Summer at Cap 3000"},"content":{"rendered":"<p>From June 25 to August 31, 2024, the fourth edition of &#8220;Summer at CAP&#8221; at CAP3000 in Saint Laurent du Var will offer a wide range of activities, including outdoor cinema, strolls, concerts, and beach sports, to satisfy all visitors.<\/p>\n<h4>Musical Entertainment<\/h4>\n<p>From July 18 to August 22, the restaurants on the south terrace of CAP3000 will host musical evenings every Thursday from 7:30 PM to 10:00 PM. The Karma Event and XY groups will enliven the evenings with acoustic creations and covers. Additionally, CAP3000 is partnering with the Juan-Les-Pins Jazz Festival for the second consecutive year, which will come to CAP3000 on June 29 with a group of 5 musicians.<\/p>\n<h4>The Fourth Edition of &#8220;Outdoor Cinema&#8221;<\/h4>\n<p>From July 17 to August 21, CAP3000 will provide 200 deck chairs on the Promenade Cousteau for six free outdoor screenings. Every Wednesday evening at 8:30 PM, a selection of films voted by the CapLovers community will be shown, suitable for all ages. Sweet and savory menus from partner restaurants will be available. Free tickets will be available seven days before each film. The screening of \u201cOcean\u2019s Eleven\u201d will be in the original version with subtitles.<\/p>\n<p><strong>Screening Schedule:<\/strong><\/p>\n<ul>\n<li>July 17: Back to the Future (in collaboration with Tommy Hilfiger)<\/li>\n<li>July 24: Shrek<\/li>\n<li>July 31: The Big Blue<\/li>\n<li>August 7: What\u2019s in a Name?<\/li>\n<li>August 14: Ocean&#8217;s Eleven (OV)<\/li>\n<li>August 21: Madagascar<\/li>\n<\/ul>\n<h4>Beach Sport Festival: The Third Season<\/h4>\n<p>From June 26 to July 14, the Beach Sport Festival will return for its third edition on the beaches in front of CAP3000. For three weeks, there will be international sports competitions and beach sports initiations for kids and families. The concerts will culminate with a performance by singer GIMS on July 9.<\/p>\n<p><strong>Sports Program:<\/strong><\/p>\n<ul>\n<li><strong>June 26:<\/strong> More than 600 students from Saint-Laurent-du-Var schools will participate in free sessions of six beach sports disciplines.<\/li>\n<li><strong>June 28 and 29:<\/strong> World Sand Wrestling Championship with Stade Laurentin Lutte and the French Wrestling Federation.<\/li>\n<li><strong>July 3:<\/strong> Beach tennis tournament with initiations offered by Tennis Club des Vespins and the Attrap&#8217; la Balle association of Jo-Wilfried Tsonga.<\/li>\n<li><strong>July 5, 6, and 7:<\/strong> French Beach Volleyball Championship finals with the French Volleyball Federation.<\/li>\n<li><strong>July 12:<\/strong> Free American football initiations and demonstrations by the American Football Committee 06.<\/li>\n<li><strong>July 13:<\/strong> Beach rugby tournament with Stade Laurentin Rugby and the South PACA Rugby League.<\/li>\n<\/ul>\n<h4>Exceptional Concerts<\/h4>\n<p>On June 25 at 8:00 PM, KISS FM Live will kick off the Festival with artists such as Pierre Garnier, Keen&#8217;V, Celestal, and Devon Graves. On July 2 at 9:00 PM, a charity concert Beach Party 80 will feature artists like Mario from \u00c9mile et Images, Plastic Bertrand, and Zouk Machine. Finally, on July 9 at 9:30 PM, GIMS will perform a charity concert on Cousteau beach, with all proceeds going to the Attrap\u2019 La Balle association, founded by Jo-Wilfried Tsonga.<\/p>\n","protected":false},"excerpt":{"rendered":"<p>From June 25 to August 31, 2024, the fourth edition of &#8220;Summer at CAP&#8221; at CAP3000 in Saint Laurent du Var will offer a wide range of activities, including outdoor cinema, strolls, concerts, and beach sports, to satisfy all visitors. Musical Entertainment From July [&hellip;]<\/p>\n","protected":false},"author":1,"featured_media":12219,"comment_status":"closed","ping_status":"closed","sticky":false,"template":"","format":"standard","meta":{"footnotes":""},"categories":[864,862],"tags":[],"class_list":["post-12222","post","type-post","status-publish","format-standard","has-post-thumbnail","hentry","category-cannes-en","category-nice"],"yoast_head":"<!-- This site is optimized with the Yoast SEO plugin v27.4 - https:\/\/yoast.com\/product\/yoast-seo-wordpress\/ -->\n<title>&quot;Un \u00e9t\u00e9 \u00e0 Cap&quot; - Summer at Cap 3000<\/title>\n<meta name=\"description\" content=\"From June 25 to August 31, 2024, the fourth edition of &quot;Summer at CAP&quot; at CAP3000 in Saint Laurent du Var will offer a wide range of activities, including\" \/>\n<meta name=\"robots\" content=\"index, follow, max-snippet:-1, max-image-preview:large, max-video-preview:-1\" \/>\n<link rel=\"canonical\" href=\"https:\/\/montecarloliving.com\/en\/cannes-en\/ete-cap-summer-at-cap-3000-12222\/\" \/>\n<meta property=\"og:locale\" content=\"en_US\" \/>\n<meta property=\"og:title\" content=\"&quot;Un \u00e9t\u00e9 \u00e0 Cap&quot; - Summer at Cap 3000\" \/>\n<meta property=\"og:description\" content=\"From June 25 to August 31, 2024, the fourth edition of &quot;Summer at CAP&quot; at CAP3000 in Saint Laurent du Var will offer a wide range of activities, including\" \/>\n<meta property=\"og:url\" content=\"https:\/\/montecarloliving.com\/en\/cannes-en\/ete-cap-summer-at-cap-3000-12222\/\" \/>\n<meta property=\"og:site_name\" content=\"Montecarlo Living\" \/>\n<meta property=\"article:publisher\" content=\"https:\/\/www.facebook.com\/montecarlolivingcom\/\" \/>\n<meta property=\"article:published_time\" content=\"2024-06-24T09:27:07+00:00\" \/>\n<meta property=\"article:modified_time\" content=\"2024-06-24T09:30:50+00:00\" \/>\n<meta property=\"og:image\" content=\"https:\/\/montecarloliving.com\/wp-content\/uploads\/2024\/06\/davidmarcel-cap3000-1920x1440-1-650x400.jpg\" \/>\n\t<meta property=\"og:image:width\" content=\"650\" \/>\n\t<meta property=\"og:image:height\" content=\"400\" \/>\n\t<meta property=\"og:image:type\" content=\"image\/jpeg\" \/>\n<meta name=\"author\" content=\"Redazione\" \/>\n<meta name=\"twitter:card\" content=\"summary_large_image\" \/>\n<meta name=\"twitter:creator\" content=\"@MonteCarloLivi\" \/>\n<meta name=\"twitter:site\" content=\"@MonteCarloLivi\" \/>\n<meta name=\"twitter:label1\" content=\"Written by\" \/>\n\t<meta name=\"twitter:data1\" content=\"Redazione\" \/>\n\t<meta name=\"twitter:label2\" content=\"Est. reading time\" \/>\n\t<meta name=\"twitter:data2\" content=\"3 minutes\" \/>\n<script type=\"application\/ld+json\" class=\"yoast-schema-graph\">{\"@context\":\"https:\\\/\\\/schema.org\",\"@graph\":[{\"@type\":\"Article\",\"@id\":\"https:\\\/\\\/montecarloliving.com\\\/en\\\/cannes-en\\\/ete-cap-summer-at-cap-3000-12222\\\/#article\",\"isPartOf\":{\"@id\":\"https:\\\/\\\/montecarloliving.com\\\/en\\\/cannes-en\\\/ete-cap-summer-at-cap-3000-12222\\\/\"},\"author\":{\"name\":\"Redazione\",\"@id\":\"https:\\\/\\\/montecarloliving.com\\\/en\\\/#\\\/schema\\\/person\\\/7e5945d4560862b7f2d2c6831bda2819\"},\"headline\":\"&#8220;Un \u00e9t\u00e9 \u00e0 Cap&#8221; &#8211; Summer at Cap 3000\",\"datePublished\":\"2024-06-24T09:27:07+00:00\",\"dateModified\":\"2024-06-24T09:30:50+00:00\",\"mainEntityOfPage\":{\"@id\":\"https:\\\/\\\/montecarloliving.com\\\/en\\\/cannes-en\\\/ete-cap-summer-at-cap-3000-12222\\\/\"},\"wordCount\":445,\"image\":{\"@id\":\"https:\\\/\\\/montecarloliving.com\\\/en\\\/cannes-en\\\/ete-cap-summer-at-cap-3000-12222\\\/#primaryimage\"},\"thumbnailUrl\":\"https:\\\/\\\/montecarloliving.com\\\/wp-content\\\/uploads\\\/2024\\\/06\\\/davidmarcel-cap3000-1920x1440-1.jpg\",\"articleSection\":[\"Cannes\",\"Nice\"],\"inLanguage\":\"en-US\"},{\"@type\":\"WebPage\",\"@id\":\"https:\\\/\\\/montecarloliving.com\\\/en\\\/cannes-en\\\/ete-cap-summer-at-cap-3000-12222\\\/\",\"url\":\"https:\\\/\\\/montecarloliving.com\\\/en\\\/cannes-en\\\/ete-cap-summer-at-cap-3000-12222\\\/\",\"name\":\"\\\"Un \u00e9t\u00e9 \u00e0 Cap\\\" - Summer at Cap 3000\",\"isPartOf\":{\"@id\":\"https:\\\/\\\/montecarloliving.com\\\/en\\\/#website\"},\"primaryImageOfPage\":{\"@id\":\"https:\\\/\\\/montecarloliving.com\\\/en\\\/cannes-en\\\/ete-cap-summer-at-cap-3000-12222\\\/#primaryimage\"},\"image\":{\"@id\":\"https:\\\/\\\/montecarloliving.com\\\/en\\\/cannes-en\\\/ete-cap-summer-at-cap-3000-12222\\\/#primaryimage\"},\"thumbnailUrl\":\"https:\\\/\\\/montecarloliving.com\\\/wp-content\\\/uploads\\\/2024\\\/06\\\/davidmarcel-cap3000-1920x1440-1.jpg\",\"datePublished\":\"2024-06-24T09:27:07+00:00\",\"dateModified\":\"2024-06-24T09:30:50+00:00\",\"author\":{\"@id\":\"https:\\\/\\\/montecarloliving.com\\\/en\\\/#\\\/schema\\\/person\\\/7e5945d4560862b7f2d2c6831bda2819\"},\"description\":\"From June 25 to August 31, 2024, the fourth edition of \\\"Summer at CAP\\\" at CAP3000 in Saint Laurent du Var will offer a wide range of activities, including\",\"breadcrumb\":{\"@id\":\"https:\\\/\\\/montecarloliving.com\\\/en\\\/cannes-en\\\/ete-cap-summer-at-cap-3000-12222\\\/#breadcrumb\"},\"inLanguage\":\"en-US\",\"potentialAction\":[{\"@type\":\"ReadAction\",\"target\":[\"https:\\\/\\\/montecarloliving.com\\\/en\\\/cannes-en\\\/ete-cap-summer-at-cap-3000-12222\\\/\"]}]},{\"@type\":\"ImageObject\",\"inLanguage\":\"en-US\",\"@id\":\"https:\\\/\\\/montecarloliving.com\\\/en\\\/cannes-en\\\/ete-cap-summer-at-cap-3000-12222\\\/#primaryimage\",\"url\":\"https:\\\/\\\/montecarloliving.com\\\/wp-content\\\/uploads\\\/2024\\\/06\\\/davidmarcel-cap3000-1920x1440-1.jpg\",\"contentUrl\":\"https:\\\/\\\/montecarloliving.com\\\/wp-content\\\/uploads\\\/2024\\\/06\\\/davidmarcel-cap3000-1920x1440-1.jpg\",\"width\":1920,\"height\":1440},{\"@type\":\"BreadcrumbList\",\"@id\":\"https:\\\/\\\/montecarloliving.com\\\/en\\\/cannes-en\\\/ete-cap-summer-at-cap-3000-12222\\\/#breadcrumb\",\"itemListElement\":[{\"@type\":\"ListItem\",\"position\":1,\"name\":\"Home\",\"item\":\"https:\\\/\\\/montecarloliving.com\\\/en\\\/\"},{\"@type\":\"ListItem\",\"position\":2,\"name\":\"&#8220;Un \u00e9t\u00e9 \u00e0 Cap&#8221; &#8211; Summer at Cap 3000\"}]},{\"@type\":\"WebSite\",\"@id\":\"https:\\\/\\\/montecarloliving.com\\\/en\\\/#website\",\"url\":\"https:\\\/\\\/montecarloliving.com\\\/en\\\/\",\"name\":\"Montecarlo Living\",\"description\":\"News da Montecarlo - Principato di Monaco e Costa Azzurra\",\"potentialAction\":[{\"@type\":\"SearchAction\",\"target\":{\"@type\":\"EntryPoint\",\"urlTemplate\":\"https:\\\/\\\/montecarloliving.com\\\/en\\\/?s={search_term_string}\"},\"query-input\":{\"@type\":\"PropertyValueSpecification\",\"valueRequired\":true,\"valueName\":\"search_term_string\"}}],\"inLanguage\":\"en-US\"},{\"@type\":\"Person\",\"@id\":\"https:\\\/\\\/montecarloliving.com\\\/en\\\/#\\\/schema\\\/person\\\/7e5945d4560862b7f2d2c6831bda2819\",\"name\":\"Redazione\",\"image\":{\"@type\":\"ImageObject\",\"inLanguage\":\"en-US\",\"@id\":\"https:\\\/\\\/secure.gravatar.com\\\/avatar\\\/8b5f26557e18fe74ad8e8a57ebb2925d88af8a90cee489ff2beefb391bc9b9c7?s=96&d=mm&r=g\",\"url\":\"https:\\\/\\\/secure.gravatar.com\\\/avatar\\\/8b5f26557e18fe74ad8e8a57ebb2925d88af8a90cee489ff2beefb391bc9b9c7?s=96&d=mm&r=g\",\"contentUrl\":\"https:\\\/\\\/secure.gravatar.com\\\/avatar\\\/8b5f26557e18fe74ad8e8a57ebb2925d88af8a90cee489ff2beefb391bc9b9c7?s=96&d=mm&r=g\",\"caption\":\"Redazione\"}}]}<\/script>\n<!-- \/ Yoast SEO plugin. -->","yoast_head_json":{"title":"\"Un \u00e9t\u00e9 \u00e0 Cap\" - Summer at Cap 3000","description":"From June 25 to August 31, 2024, the fourth edition of \"Summer at CAP\" at CAP3000 in Saint Laurent du Var will offer a wide range of activities, including","robots":{"index":"index","follow":"follow","max-snippet":"max-snippet:-1","max-image-preview":"max-image-preview:large","max-video-preview":"max-video-preview:-1"},"canonical":"https:\/\/montecarloliving.com\/en\/cannes-en\/ete-cap-summer-at-cap-3000-12222\/","og_locale":"en_US","og_title":"\"Un \u00e9t\u00e9 \u00e0 Cap\" - Summer at Cap 3000","og_description":"From June 25 to August 31, 2024, the fourth edition of \"Summer at CAP\" at CAP3000 in Saint Laurent du Var will offer a wide range of activities, including","og_url":"https:\/\/montecarloliving.com\/en\/cannes-en\/ete-cap-summer-at-cap-3000-12222\/","og_site_name":"Montecarlo Living","article_publisher":"https:\/\/www.facebook.com\/montecarlolivingcom\/","article_published_time":"2024-06-24T09:27:07+00:00","article_modified_time":"2024-06-24T09:30:50+00:00","og_image":[{"width":650,"height":400,"url":"https:\/\/montecarloliving.com\/wp-content\/uploads\/2024\/06\/davidmarcel-cap3000-1920x1440-1-650x400.jpg","type":"image\/jpeg"}],"author":"Redazione","twitter_card":"summary_large_image","twitter_creator":"@MonteCarloLivi","twitter_site":"@MonteCarloLivi","twitter_misc":{"Written by":"Redazione","Est. reading time":"3 minutes"},"schema":{"@context":"https:\/\/schema.org","@graph":[{"@type":"Article","@id":"https:\/\/montecarloliving.com\/en\/cannes-en\/ete-cap-summer-at-cap-3000-12222\/#article","isPartOf":{"@id":"https:\/\/montecarloliving.com\/en\/cannes-en\/ete-cap-summer-at-cap-3000-12222\/"},"author":{"name":"Redazione","@id":"https:\/\/montecarloliving.com\/en\/#\/schema\/person\/7e5945d4560862b7f2d2c6831bda2819"},"headline":"&#8220;Un \u00e9t\u00e9 \u00e0 Cap&#8221; &#8211; Summer at Cap 3000","datePublished":"2024-06-24T09:27:07+00:00","dateModified":"2024-06-24T09:30:50+00:00","mainEntityOfPage":{"@id":"https:\/\/montecarloliving.com\/en\/cannes-en\/ete-cap-summer-at-cap-3000-12222\/"},"wordCount":445,"image":{"@id":"https:\/\/montecarloliving.com\/en\/cannes-en\/ete-cap-summer-at-cap-3000-12222\/#primaryimage"},"thumbnailUrl":"https:\/\/montecarloliving.com\/wp-content\/uploads\/2024\/06\/davidmarcel-cap3000-1920x1440-1.jpg","articleSection":["Cannes","Nice"],"inLanguage":"en-US"},{"@type":"WebPage","@id":"https:\/\/montecarloliving.com\/en\/cannes-en\/ete-cap-summer-at-cap-3000-12222\/","url":"https:\/\/montecarloliving.com\/en\/cannes-en\/ete-cap-summer-at-cap-3000-12222\/","name":"\"Un \u00e9t\u00e9 \u00e0 Cap\" - Summer at Cap 3000","isPartOf":{"@id":"https:\/\/montecarloliving.com\/en\/#website"},"primaryImageOfPage":{"@id":"https:\/\/montecarloliving.com\/en\/cannes-en\/ete-cap-summer-at-cap-3000-12222\/#primaryimage"},"image":{"@id":"https:\/\/montecarloliving.com\/en\/cannes-en\/ete-cap-summer-at-cap-3000-12222\/#primaryimage"},"thumbnailUrl":"https:\/\/montecarloliving.com\/wp-content\/uploads\/2024\/06\/davidmarcel-cap3000-1920x1440-1.jpg","datePublished":"2024-06-24T09:27:07+00:00","dateModified":"2024-06-24T09:30:50+00:00","author":{"@id":"https:\/\/montecarloliving.com\/en\/#\/schema\/person\/7e5945d4560862b7f2d2c6831bda2819"},"description":"From June 25 to August 31, 2024, the fourth edition of \"Summer at CAP\" at CAP3000 in Saint Laurent du Var will offer a wide range of activities, including","breadcrumb":{"@id":"https:\/\/montecarloliving.com\/en\/cannes-en\/ete-cap-summer-at-cap-3000-12222\/#breadcrumb"},"inLanguage":"en-US","potentialAction":[{"@type":"ReadAction","target":["https:\/\/montecarloliving.com\/en\/cannes-en\/ete-cap-summer-at-cap-3000-12222\/"]}]},{"@type":"ImageObject","inLanguage":"en-US","@id":"https:\/\/montecarloliving.com\/en\/cannes-en\/ete-cap-summer-at-cap-3000-12222\/#primaryimage","url":"https:\/\/montecarloliving.com\/wp-content\/uploads\/2024\/06\/davidmarcel-cap3000-1920x1440-1.jpg","contentUrl":"https:\/\/montecarloliving.com\/wp-content\/uploads\/2024\/06\/davidmarcel-cap3000-1920x1440-1.jpg","width":1920,"height":1440},{"@type":"BreadcrumbList","@id":"https:\/\/montecarloliving.com\/en\/cannes-en\/ete-cap-summer-at-cap-3000-12222\/#breadcrumb","itemListElement":[{"@type":"ListItem","position":1,"name":"Home","item":"https:\/\/montecarloliving.com\/en\/"},{"@type":"ListItem","position":2,"name":"&#8220;Un \u00e9t\u00e9 \u00e0 Cap&#8221; &#8211; Summer at Cap 3000"}]},{"@type":"WebSite","@id":"https:\/\/montecarloliving.com\/en\/#website","url":"https:\/\/montecarloliving.com\/en\/","name":"Montecarlo Living","description":"News da Montecarlo - Principato di Monaco e Costa Azzurra","potentialAction":[{"@type":"SearchAction","target":{"@type":"EntryPoint","urlTemplate":"https:\/\/montecarloliving.com\/en\/?s={search_term_string}"},"query-input":{"@type":"PropertyValueSpecification","valueRequired":true,"valueName":"search_term_string"}}],"inLanguage":"en-US"},{"@type":"Person","@id":"https:\/\/montecarloliving.com\/en\/#\/schema\/person\/7e5945d4560862b7f2d2c6831bda2819","name":"Redazione","image":{"@type":"ImageObject","inLanguage":"en-US","@id":"https:\/\/secure.gravatar.com\/avatar\/8b5f26557e18fe74ad8e8a57ebb2925d88af8a90cee489ff2beefb391bc9b9c7?s=96&d=mm&r=g","url":"https:\/\/secure.gravatar.com\/avatar\/8b5f26557e18fe74ad8e8a57ebb2925d88af8a90cee489ff2beefb391bc9b9c7?s=96&d=mm&r=g","contentUrl":"https:\/\/secure.gravatar.com\/avatar\/8b5f26557e18fe74ad8e8a57ebb2925d88af8a90cee489ff2beefb391bc9b9c7?s=96&d=mm&r=g","caption":"Redazione"}}]}},"_links":{"self":[{"href":"https:\/\/montecarloliving.com\/en\/wp-json\/wp\/v2\/posts\/12222","targetHints":{"allow":["GET"]}}],"collection":[{"href":"https:\/\/montecarloliving.com\/en\/wp-json\/wp\/v2\/posts"}],"about":[{"href":"https:\/\/montecarloliving.com\/en\/wp-json\/wp\/v2\/types\/post"}],"author":[{"embeddable":true,"href":"https:\/\/montecarloliving.com\/en\/wp-json\/wp\/v2\/users\/1"}],"replies":[{"embeddable":true,"href":"https:\/\/montecarloliving.com\/en\/wp-json\/wp\/v2\/comments?post=12222"}],"version-history":[{"count":1,"href":"https:\/\/montecarloliving.com\/en\/wp-json\/wp\/v2\/posts\/12222\/revisions"}],"predecessor-version":[{"id":12223,"href":"https:\/\/montecarloliving.com\/en\/wp-json\/wp\/v2\/posts\/12222\/revisions\/12223"}],"wp:featuredmedia":[{"embeddable":true,"href":"https:\/\/montecarloliving.com\/en\/wp-json\/wp\/v2\/media\/12219"}],"wp:attachment":[{"href":"https:\/\/montecarloliving.com\/en\/wp-json\/wp\/v2\/media?parent=12222"}],"wp:term":[{"taxonomy":"category","embeddable":true,"href":"https:\/\/montecarloliving.com\/en\/wp-json\/wp\/v2\/categories?post=12222"},{"taxonomy":"post_tag","embeddable":true,"href":"https:\/\/montecarloliving.com\/en\/wp-json\/wp\/v2\/tags?post=12222"}],"curies":[{"name":"wp","href":"https:\/\/api.w.org\/{rel}","templated":true}]}}