{"id":11178,"date":"2024-05-20T13:27:52","date_gmt":"2024-05-20T11:27:52","guid":{"rendered":"https:\/\/montecarloliving.com\/?p=11178"},"modified":"2024-05-20T13:31:44","modified_gmt":"2024-05-20T11:31:44","slug":"nice-jazz-fest-2024","status":"publish","type":"post","link":"https:\/\/montecarloliving.com\/en\/events\/nice-jazz-fest-2024-11178\/","title":{"rendered":"Nice Jazz Fest 2024"},"content":{"rendered":"<p>The official program of the <strong>Nice Jazz Fest<\/strong> has been announced! This year it will take place from August 20th to 23rd, 2024, and will feature 24 groups over four consecutive evenings.<\/p>\n<p>On stage will be jazz greats like Kenny Garrett, Monty Alexander, and Jon Cleary, performing on the iconic stages of Th\u00e9\u00e2tre de Verdure and Mass\u00e9na. Also featured are exciting newcomers: Leon Phal, Arnaud Dolmen &amp; le Vitygroove, and Stella Cole, alongside international artists such as Phoenix, Nas, Reji Snow, and Meute.<\/p>\n<p>The aim is to position the Nice Jazz Fest among Europe&#8217;s most important festivals by blending the best of jazz with current musical trends. Here is this year&#8217;s program:<\/p>\n<p><strong>Tuesday, August 20th, 2024 Sc\u00e8ne Mass\u00e9na<\/strong><\/p>\n<p>8:00 PM &#8211; Yannis &amp; The Yaw 9:15 PM &#8211; Dabeull 11:00 PM &#8211; Nas<\/p>\n<p>Sc\u00e8ne Th\u00e9\u00e2tre de Verdure<\/p>\n<p>7:30 PM &#8211; Louis Matute 8:45 PM &#8211; Thee Sacred Souls 10:30 PM &#8211; Mulatu Astatke<\/p>\n<p><strong>Wednesday, August 21st, 2024 Sc\u00e8ne Mass\u00e9na<\/strong><\/p>\n<p>8:00 PM &#8211; Jungle 9:15 PM &#8211; Jordan Rakei 11:00 PM &#8211; Comah Lay<\/p>\n<p>Sc\u00e8ne Th\u00e9\u00e2tre de Verdure<\/p>\n<p>7:30 PM &#8211; Stella Cole 8:45 PM &#8211; Alfredo Rodriguez 9:30 PM &#8211; Kenny Garrett<\/p>\n<p><strong>Thursday, August 22nd, 2024 Sc\u00e8ne Mass\u00e9na<\/strong><\/p>\n<p>8:00 PM &#8211; Julien Granel 9:15 PM &#8211; Sampha 11:00 PM &#8211; Phoenix<\/p>\n<p>Sc\u00e8ne Th\u00e9\u00e2tre de Verdure<\/p>\n<p>7:30 PM &#8211; Arnaud Dolmen &amp; Le Vitygroove 8:45 PM &#8211; Theo Croker 10:30 PM &#8211; Monty Alexander<\/p>\n<p><strong>Friday, August 23rd, 2024 Sc\u00e8ne Mass\u00e9na<\/strong><\/p>\n<p>8:00 PM &#8211; Rejjie Snow 9:15 PM &#8211; Meute 11:00 PM &#8211; Yam\u00ea<\/p>\n<p>Sc\u00e8ne Th\u00e9\u00e2tre de Verdure<\/p>\n<p>7:30 PM &#8211; Kareen Guiock Thuram 8:45 PM &#8211; Leon Phal 10:30 PM &#8211; Jon Cleary<\/p>\n","protected":false},"excerpt":{"rendered":"<p>The official program of the Nice Jazz Fest has been announced! This year it will take place from August 20th to 23rd, 2024, and will feature 24 groups over four consecutive evenings. On stage will be jazz greats like Kenny Garrett, Monty Alexander, and [&hellip;]<\/p>\n","protected":false},"author":1,"featured_media":11176,"comment_status":"closed","ping_status":"closed","sticky":false,"template":"","format":"standard","meta":{"footnotes":""},"categories":[850,862],"tags":[],"class_list":["post-11178","post","type-post","status-publish","format-standard","has-post-thumbnail","hentry","category-events","category-nice"],"yoast_head":"<!-- This site is optimized with the Yoast SEO plugin v27.4 - https:\/\/yoast.com\/product\/yoast-seo-wordpress\/ -->\n<title>Nice Jazz Fest 2024<\/title>\n<meta name=\"description\" content=\"The official program of the Nice Jazz Fest has been announced! This year it will take place from August 20th to 23rd, 2024, and will feature 24 groups\" \/>\n<meta name=\"robots\" content=\"index, follow, max-snippet:-1, max-image-preview:large, max-video-preview:-1\" \/>\n<link rel=\"canonical\" href=\"https:\/\/montecarloliving.com\/en\/events\/nice-jazz-fest-2024-11178\/\" \/>\n<meta property=\"og:locale\" content=\"en_US\" \/>\n<meta property=\"og:title\" content=\"Nice Jazz Fest 2024\" \/>\n<meta property=\"og:description\" content=\"The official program of the Nice Jazz Fest has been announced! This year it will take place from August 20th to 23rd, 2024, and will feature 24 groups\" \/>\n<meta property=\"og:url\" content=\"https:\/\/montecarloliving.com\/en\/events\/nice-jazz-fest-2024-11178\/\" \/>\n<meta property=\"og:site_name\" content=\"Montecarlo Living\" \/>\n<meta property=\"article:publisher\" content=\"https:\/\/www.facebook.com\/montecarlolivingcom\/\" \/>\n<meta property=\"article:published_time\" content=\"2024-05-20T11:27:52+00:00\" \/>\n<meta property=\"article:modified_time\" content=\"2024-05-20T11:31:44+00:00\" \/>\n<meta property=\"og:image\" content=\"https:\/\/montecarloliving.com\/wp-content\/uploads\/2024\/05\/thumb_4149_photo_big1200-650x400.jpeg\" \/>\n\t<meta property=\"og:image:width\" content=\"650\" \/>\n\t<meta property=\"og:image:height\" content=\"400\" \/>\n\t<meta property=\"og:image:type\" content=\"image\/jpeg\" \/>\n<meta name=\"author\" content=\"Redazione\" \/>\n<meta name=\"twitter:card\" content=\"summary_large_image\" \/>\n<meta name=\"twitter:creator\" content=\"@MonteCarloLivi\" \/>\n<meta name=\"twitter:site\" content=\"@MonteCarloLivi\" \/>\n<meta name=\"twitter:label1\" content=\"Written by\" \/>\n\t<meta name=\"twitter:data1\" content=\"Redazione\" \/>\n\t<meta name=\"twitter:label2\" content=\"Est. reading time\" \/>\n\t<meta name=\"twitter:data2\" content=\"2 minutes\" \/>\n<script type=\"application\/ld+json\" class=\"yoast-schema-graph\">{\"@context\":\"https:\\\/\\\/schema.org\",\"@graph\":[{\"@type\":\"Article\",\"@id\":\"https:\\\/\\\/montecarloliving.com\\\/en\\\/events\\\/nice-jazz-fest-2024-11178\\\/#article\",\"isPartOf\":{\"@id\":\"https:\\\/\\\/montecarloliving.com\\\/en\\\/events\\\/nice-jazz-fest-2024-11178\\\/\"},\"author\":{\"name\":\"Redazione\",\"@id\":\"https:\\\/\\\/montecarloliving.com\\\/en\\\/#\\\/schema\\\/person\\\/7e5945d4560862b7f2d2c6831bda2819\"},\"headline\":\"Nice Jazz Fest 2024\",\"datePublished\":\"2024-05-20T11:27:52+00:00\",\"dateModified\":\"2024-05-20T11:31:44+00:00\",\"mainEntityOfPage\":{\"@id\":\"https:\\\/\\\/montecarloliving.com\\\/en\\\/events\\\/nice-jazz-fest-2024-11178\\\/\"},\"wordCount\":265,\"image\":{\"@id\":\"https:\\\/\\\/montecarloliving.com\\\/en\\\/events\\\/nice-jazz-fest-2024-11178\\\/#primaryimage\"},\"thumbnailUrl\":\"https:\\\/\\\/montecarloliving.com\\\/wp-content\\\/uploads\\\/2024\\\/05\\\/thumb_4149_photo_big1200.jpeg\",\"articleSection\":[\"Events\",\"Nice\"],\"inLanguage\":\"en-US\"},{\"@type\":\"WebPage\",\"@id\":\"https:\\\/\\\/montecarloliving.com\\\/en\\\/events\\\/nice-jazz-fest-2024-11178\\\/\",\"url\":\"https:\\\/\\\/montecarloliving.com\\\/en\\\/events\\\/nice-jazz-fest-2024-11178\\\/\",\"name\":\"Nice Jazz Fest 2024\",\"isPartOf\":{\"@id\":\"https:\\\/\\\/montecarloliving.com\\\/en\\\/#website\"},\"primaryImageOfPage\":{\"@id\":\"https:\\\/\\\/montecarloliving.com\\\/en\\\/events\\\/nice-jazz-fest-2024-11178\\\/#primaryimage\"},\"image\":{\"@id\":\"https:\\\/\\\/montecarloliving.com\\\/en\\\/events\\\/nice-jazz-fest-2024-11178\\\/#primaryimage\"},\"thumbnailUrl\":\"https:\\\/\\\/montecarloliving.com\\\/wp-content\\\/uploads\\\/2024\\\/05\\\/thumb_4149_photo_big1200.jpeg\",\"datePublished\":\"2024-05-20T11:27:52+00:00\",\"dateModified\":\"2024-05-20T11:31:44+00:00\",\"author\":{\"@id\":\"https:\\\/\\\/montecarloliving.com\\\/en\\\/#\\\/schema\\\/person\\\/7e5945d4560862b7f2d2c6831bda2819\"},\"description\":\"The official program of the Nice Jazz Fest has been announced! This year it will take place from August 20th to 23rd, 2024, and will feature 24 groups\",\"breadcrumb\":{\"@id\":\"https:\\\/\\\/montecarloliving.com\\\/en\\\/events\\\/nice-jazz-fest-2024-11178\\\/#breadcrumb\"},\"inLanguage\":\"en-US\",\"potentialAction\":[{\"@type\":\"ReadAction\",\"target\":[\"https:\\\/\\\/montecarloliving.com\\\/en\\\/events\\\/nice-jazz-fest-2024-11178\\\/\"]}]},{\"@type\":\"ImageObject\",\"inLanguage\":\"en-US\",\"@id\":\"https:\\\/\\\/montecarloliving.com\\\/en\\\/events\\\/nice-jazz-fest-2024-11178\\\/#primaryimage\",\"url\":\"https:\\\/\\\/montecarloliving.com\\\/wp-content\\\/uploads\\\/2024\\\/05\\\/thumb_4149_photo_big1200.jpeg\",\"contentUrl\":\"https:\\\/\\\/montecarloliving.com\\\/wp-content\\\/uploads\\\/2024\\\/05\\\/thumb_4149_photo_big1200.jpeg\",\"width\":1199,\"height\":799},{\"@type\":\"BreadcrumbList\",\"@id\":\"https:\\\/\\\/montecarloliving.com\\\/en\\\/events\\\/nice-jazz-fest-2024-11178\\\/#breadcrumb\",\"itemListElement\":[{\"@type\":\"ListItem\",\"position\":1,\"name\":\"Home\",\"item\":\"https:\\\/\\\/montecarloliving.com\\\/en\\\/\"},{\"@type\":\"ListItem\",\"position\":2,\"name\":\"Nice Jazz Fest 2024\"}]},{\"@type\":\"WebSite\",\"@id\":\"https:\\\/\\\/montecarloliving.com\\\/en\\\/#website\",\"url\":\"https:\\\/\\\/montecarloliving.com\\\/en\\\/\",\"name\":\"Montecarlo Living\",\"description\":\"News da Montecarlo - Principato di Monaco e Costa Azzurra\",\"potentialAction\":[{\"@type\":\"SearchAction\",\"target\":{\"@type\":\"EntryPoint\",\"urlTemplate\":\"https:\\\/\\\/montecarloliving.com\\\/en\\\/?s={search_term_string}\"},\"query-input\":{\"@type\":\"PropertyValueSpecification\",\"valueRequired\":true,\"valueName\":\"search_term_string\"}}],\"inLanguage\":\"en-US\"},{\"@type\":\"Person\",\"@id\":\"https:\\\/\\\/montecarloliving.com\\\/en\\\/#\\\/schema\\\/person\\\/7e5945d4560862b7f2d2c6831bda2819\",\"name\":\"Redazione\",\"image\":{\"@type\":\"ImageObject\",\"inLanguage\":\"en-US\",\"@id\":\"https:\\\/\\\/secure.gravatar.com\\\/avatar\\\/8b5f26557e18fe74ad8e8a57ebb2925d88af8a90cee489ff2beefb391bc9b9c7?s=96&d=mm&r=g\",\"url\":\"https:\\\/\\\/secure.gravatar.com\\\/avatar\\\/8b5f26557e18fe74ad8e8a57ebb2925d88af8a90cee489ff2beefb391bc9b9c7?s=96&d=mm&r=g\",\"contentUrl\":\"https:\\\/\\\/secure.gravatar.com\\\/avatar\\\/8b5f26557e18fe74ad8e8a57ebb2925d88af8a90cee489ff2beefb391bc9b9c7?s=96&d=mm&r=g\",\"caption\":\"Redazione\"}}]}<\/script>\n<!-- \/ Yoast SEO plugin. -->","yoast_head_json":{"title":"Nice Jazz Fest 2024","description":"The official program of the Nice Jazz Fest has been announced! This year it will take place from August 20th to 23rd, 2024, and will feature 24 groups","robots":{"index":"index","follow":"follow","max-snippet":"max-snippet:-1","max-image-preview":"max-image-preview:large","max-video-preview":"max-video-preview:-1"},"canonical":"https:\/\/montecarloliving.com\/en\/events\/nice-jazz-fest-2024-11178\/","og_locale":"en_US","og_title":"Nice Jazz Fest 2024","og_description":"The official program of the Nice Jazz Fest has been announced! This year it will take place from August 20th to 23rd, 2024, and will feature 24 groups","og_url":"https:\/\/montecarloliving.com\/en\/events\/nice-jazz-fest-2024-11178\/","og_site_name":"Montecarlo Living","article_publisher":"https:\/\/www.facebook.com\/montecarlolivingcom\/","article_published_time":"2024-05-20T11:27:52+00:00","article_modified_time":"2024-05-20T11:31:44+00:00","og_image":[{"width":650,"height":400,"url":"https:\/\/montecarloliving.com\/wp-content\/uploads\/2024\/05\/thumb_4149_photo_big1200-650x400.jpeg","type":"image\/jpeg"}],"author":"Redazione","twitter_card":"summary_large_image","twitter_creator":"@MonteCarloLivi","twitter_site":"@MonteCarloLivi","twitter_misc":{"Written by":"Redazione","Est. reading time":"2 minutes"},"schema":{"@context":"https:\/\/schema.org","@graph":[{"@type":"Article","@id":"https:\/\/montecarloliving.com\/en\/events\/nice-jazz-fest-2024-11178\/#article","isPartOf":{"@id":"https:\/\/montecarloliving.com\/en\/events\/nice-jazz-fest-2024-11178\/"},"author":{"name":"Redazione","@id":"https:\/\/montecarloliving.com\/en\/#\/schema\/person\/7e5945d4560862b7f2d2c6831bda2819"},"headline":"Nice Jazz Fest 2024","datePublished":"2024-05-20T11:27:52+00:00","dateModified":"2024-05-20T11:31:44+00:00","mainEntityOfPage":{"@id":"https:\/\/montecarloliving.com\/en\/events\/nice-jazz-fest-2024-11178\/"},"wordCount":265,"image":{"@id":"https:\/\/montecarloliving.com\/en\/events\/nice-jazz-fest-2024-11178\/#primaryimage"},"thumbnailUrl":"https:\/\/montecarloliving.com\/wp-content\/uploads\/2024\/05\/thumb_4149_photo_big1200.jpeg","articleSection":["Events","Nice"],"inLanguage":"en-US"},{"@type":"WebPage","@id":"https:\/\/montecarloliving.com\/en\/events\/nice-jazz-fest-2024-11178\/","url":"https:\/\/montecarloliving.com\/en\/events\/nice-jazz-fest-2024-11178\/","name":"Nice Jazz Fest 2024","isPartOf":{"@id":"https:\/\/montecarloliving.com\/en\/#website"},"primaryImageOfPage":{"@id":"https:\/\/montecarloliving.com\/en\/events\/nice-jazz-fest-2024-11178\/#primaryimage"},"image":{"@id":"https:\/\/montecarloliving.com\/en\/events\/nice-jazz-fest-2024-11178\/#primaryimage"},"thumbnailUrl":"https:\/\/montecarloliving.com\/wp-content\/uploads\/2024\/05\/thumb_4149_photo_big1200.jpeg","datePublished":"2024-05-20T11:27:52+00:00","dateModified":"2024-05-20T11:31:44+00:00","author":{"@id":"https:\/\/montecarloliving.com\/en\/#\/schema\/person\/7e5945d4560862b7f2d2c6831bda2819"},"description":"The official program of the Nice Jazz Fest has been announced! This year it will take place from August 20th to 23rd, 2024, and will feature 24 groups","breadcrumb":{"@id":"https:\/\/montecarloliving.com\/en\/events\/nice-jazz-fest-2024-11178\/#breadcrumb"},"inLanguage":"en-US","potentialAction":[{"@type":"ReadAction","target":["https:\/\/montecarloliving.com\/en\/events\/nice-jazz-fest-2024-11178\/"]}]},{"@type":"ImageObject","inLanguage":"en-US","@id":"https:\/\/montecarloliving.com\/en\/events\/nice-jazz-fest-2024-11178\/#primaryimage","url":"https:\/\/montecarloliving.com\/wp-content\/uploads\/2024\/05\/thumb_4149_photo_big1200.jpeg","contentUrl":"https:\/\/montecarloliving.com\/wp-content\/uploads\/2024\/05\/thumb_4149_photo_big1200.jpeg","width":1199,"height":799},{"@type":"BreadcrumbList","@id":"https:\/\/montecarloliving.com\/en\/events\/nice-jazz-fest-2024-11178\/#breadcrumb","itemListElement":[{"@type":"ListItem","position":1,"name":"Home","item":"https:\/\/montecarloliving.com\/en\/"},{"@type":"ListItem","position":2,"name":"Nice Jazz Fest 2024"}]},{"@type":"WebSite","@id":"https:\/\/montecarloliving.com\/en\/#website","url":"https:\/\/montecarloliving.com\/en\/","name":"Montecarlo Living","description":"News da Montecarlo - Principato di Monaco e Costa Azzurra","potentialAction":[{"@type":"SearchAction","target":{"@type":"EntryPoint","urlTemplate":"https:\/\/montecarloliving.com\/en\/?s={search_term_string}"},"query-input":{"@type":"PropertyValueSpecification","valueRequired":true,"valueName":"search_term_string"}}],"inLanguage":"en-US"},{"@type":"Person","@id":"https:\/\/montecarloliving.com\/en\/#\/schema\/person\/7e5945d4560862b7f2d2c6831bda2819","name":"Redazione","image":{"@type":"ImageObject","inLanguage":"en-US","@id":"https:\/\/secure.gravatar.com\/avatar\/8b5f26557e18fe74ad8e8a57ebb2925d88af8a90cee489ff2beefb391bc9b9c7?s=96&d=mm&r=g","url":"https:\/\/secure.gravatar.com\/avatar\/8b5f26557e18fe74ad8e8a57ebb2925d88af8a90cee489ff2beefb391bc9b9c7?s=96&d=mm&r=g","contentUrl":"https:\/\/secure.gravatar.com\/avatar\/8b5f26557e18fe74ad8e8a57ebb2925d88af8a90cee489ff2beefb391bc9b9c7?s=96&d=mm&r=g","caption":"Redazione"}}]}},"_links":{"self":[{"href":"https:\/\/montecarloliving.com\/en\/wp-json\/wp\/v2\/posts\/11178","targetHints":{"allow":["GET"]}}],"collection":[{"href":"https:\/\/montecarloliving.com\/en\/wp-json\/wp\/v2\/posts"}],"about":[{"href":"https:\/\/montecarloliving.com\/en\/wp-json\/wp\/v2\/types\/post"}],"author":[{"embeddable":true,"href":"https:\/\/montecarloliving.com\/en\/wp-json\/wp\/v2\/users\/1"}],"replies":[{"embeddable":true,"href":"https:\/\/montecarloliving.com\/en\/wp-json\/wp\/v2\/comments?post=11178"}],"version-history":[{"count":1,"href":"https:\/\/montecarloliving.com\/en\/wp-json\/wp\/v2\/posts\/11178\/revisions"}],"predecessor-version":[{"id":11179,"href":"https:\/\/montecarloliving.com\/en\/wp-json\/wp\/v2\/posts\/11178\/revisions\/11179"}],"wp:featuredmedia":[{"embeddable":true,"href":"https:\/\/montecarloliving.com\/en\/wp-json\/wp\/v2\/media\/11176"}],"wp:attachment":[{"href":"https:\/\/montecarloliving.com\/en\/wp-json\/wp\/v2\/media?parent=11178"}],"wp:term":[{"taxonomy":"category","embeddable":true,"href":"https:\/\/montecarloliving.com\/en\/wp-json\/wp\/v2\/categories?post=11178"},{"taxonomy":"post_tag","embeddable":true,"href":"https:\/\/montecarloliving.com\/en\/wp-json\/wp\/v2\/tags?post=11178"}],"curies":[{"name":"wp","href":"https:\/\/api.w.org\/{rel}","templated":true}]}}